{"id":15239,"date":"2024-12-09T13:58:01","date_gmt":"2024-12-09T11:58:01","guid":{"rendered":"https:\/\/kuzeyinsesi.org\/index.php\/2024\/12\/09\/tc-disisleri-bakani-fidan-doha-forum-2024te-basin-toplantisi-duzenledi-milyonlarca-suriyeli-artik-ulkelerine-geri-donebilir\/"},"modified":"2024-12-09T13:58:01","modified_gmt":"2024-12-09T11:58:01","slug":"tc-disisleri-bakani-fidan-doha-forum-2024te-basin-toplantisi-duzenledi-milyonlarca-suriyeli-artik-ulkelerine-geri-donebilir","status":"publish","type":"post","link":"https:\/\/kuzeyinsesi.org\/index.php\/2024\/12\/09\/tc-disisleri-bakani-fidan-doha-forum-2024te-basin-toplantisi-duzenledi-milyonlarca-suriyeli-artik-ulkelerine-geri-donebilir\/","title":{"rendered":"TC D\u0131\u015fi\u015fleri Bakan\u0131 Fidan, Doha Forum 2024\u2019te bas\u0131n toplant\u0131s\u0131 d\u00fczenledi: \u201cMilyonlarca Suriyeli, art\u0131k \u00fclkelerine geri d\u00f6nebilir\u201d"},"content":{"rendered":"<div>\n<div class=\"mariselle-image-container none\">\n                                            <\/div>\n<p>T\u00fcrkiye Cumhuriyeti D\u0131\u015fi\u015fleri Bakan\u0131 Hakan Fidan, bu sabah itibar\u0131yla Suriye\u2019nin yeni bir a\u015famaya ula\u015ft\u0131\u011f\u0131n\u0131 belirterek, \u201cT\u00fcrkiye, Suriye\u2019nin milli birli\u011fine, istikrar\u0131na, egemenli\u011fine ve toprak b\u00fct\u00fcnl\u00fc\u011f\u00fcne \u00e7ok b\u00fcy\u00fck bir \u00f6nem atfediyor, ayn\u0131 zamanda Suriye halk\u0131n\u0131n da refah\u0131n\u0131 \u00f6nemsiyor. Bu anlamda \u00fclkelerini terk etmek durumunda olan milyonlarca Suriyeli, art\u0131k \u00fclkelerine geri d\u00f6nebilirler.\u201d dedi.<\/p>\n<p>Fidan, Katar\u2019\u0131n ba\u015fkenti Doha\u2019da d\u00fczenlenen, Anadolu Ajans\u0131n\u0131n (AA) Global \u0130leti\u015fim Orta\u011f\u0131 oldu\u011fu Doha Forum 2024\u2019te Suriye\u2019deki geli\u015fmelere ili\u015fkin bas\u0131n toplant\u0131s\u0131nda konu\u015ftu.<\/p>\n<p>Bakan Fidan, bu sabah itibar\u0131yla Suriye\u2019nin yeni bir a\u015famaya ula\u015ft\u0131\u011f\u0131n\u0131 belirterek, \u201cSuriye halk\u0131, \u00fclkelerinin gelece\u011fini yeniden \u015fekillendirecek. Bug\u00fcn \u00fcmidimiz var. Suriye halk\u0131, bunu tek ba\u015f\u0131na ba\u015faramaz, uluslararas\u0131 toplumun Suriye halk\u0131n\u0131 desteklemesi gerekiyor.\u201d \u015feklinde konu\u015ftu.<\/p>\n<p>\u201cT\u00fcrkiye, Suriye\u2019nin milli birli\u011fine, istikrar\u0131na, egemenli\u011fine ve toprak b\u00fct\u00fcnl\u00fc\u011f\u00fcne \u00e7ok b\u00fcy\u00fck bir \u00f6nem atfediyor, ayn\u0131 zamanda Suriye halk\u0131n\u0131n da refah\u0131n\u0131 \u00f6nemsiyor. Bu anlamda \u00fclkelerini terk etmek durumunda olan milyonlarca Suriyeli, art\u0131k \u00fclkelerine geri d\u00f6nebilirler.\u201d diyen Fidan, yeni idarenin d\u00fczenli \u015fekilde kurgulanmas\u0131, kapsay\u0131c\u0131l\u0131k ilkesinden hi\u00e7bir zaman taviz verilmemesi gerekti\u011fini, art\u0131k birlik ve \u00fclkeyi yeniden in\u015fa etmenin zaman\u0131 oldu\u011funu vurgulad\u0131.<\/p>\n<p>Fidan, \u015f\u00f6yle devam etti:<\/p>\n<p>\u201cBug\u00fcn b\u00f6lgede ve b\u00f6lge d\u0131\u015f\u0131nda b\u00fct\u00fcn akt\u00f6rlerin dikkatli ve sakin bir bi\u00e7imde hareket etmeleri \u00e7a\u011fr\u0131s\u0131nda bulunuyoruz ve b\u00f6lgeyi daha fazla istikrars\u0131zl\u0131\u011fa g\u00f6t\u00fcrmemek gerekiyor.<\/p>\n<p>Suriye\u2019nin toprak b\u00fct\u00fcnl\u00fc\u011f\u00fc ve refah\u0131 korunmal\u0131. Bu ge\u00e7i\u015f d\u00f6neminde \u00e7ok dikkatli olmal\u0131y\u0131z, farkl\u0131 gruplarla ileti\u015fim halindeyiz. Ter\u00f6r \u00f6rg\u00fctlerinin, \u00f6zellikle DEA\u015e ve PKK\u2019n\u0131n bu durumdan bir avantaj sa\u011flamamas\u0131 i\u00e7in elimizden geleni yap\u0131yoruz. T\u00fcrkiye, ter\u00f6rizmle m\u00fccadele konusunda t\u00fcm ad\u0131mlar\u0131 atacakt\u0131r.<\/p>\n<p>B\u00fct\u00fcn az\u0131nl\u0131klar, Hristiyanlar, K\u00fcrtler, M\u00fcsl\u00fcman olmayanlar, adil bir muameleye tabi tutulmal\u0131 ve kimyasal silahlar ve ilgili materyallerle ilgili envanterin mutlaka g\u00fcven alt\u0131na al\u0131nmas\u0131 gerekiyor. Yeni h\u00fck\u00fcmet, b\u00fct\u00fcn taraflar\u0131 kapsay\u0131c\u0131 bir \u015fekilde davranmal\u0131 ve b\u00fct\u00fcn muhalif g\u00fc\u00e7ler \u015fu anda birle\u015fmeli.<\/p>\n<p>Devlet kurumlar\u0131 korunmal\u0131 ve do\u011fru \u00e7al\u0131\u015fmalar\u0131 sa\u011flanmal\u0131. B\u00fct\u00fcn bu anlay\u0131\u015fla biz, Suriye\u2019de bar\u0131\u015f ve g\u00fcvenli\u011fin tesisi i\u00e7in elimizden geleni yapaca\u011f\u0131z.\u201d<\/p>\n<p>\u2013 \u201cEsed, muhtemelen Suriye d\u0131\u015f\u0131nda\u201d<\/p>\n<p>Be\u015f\u015far Esed\u2019in yerinin bilinip bilinmedi\u011fine ili\u015fkin soruya Fidan, \u201cBu konuda herhangi bir yorumda bulunamam, nerede oldu\u011funu da bilmiyoruz. Muhtemelen Suriye d\u0131\u015f\u0131ndad\u0131r.\u201d yan\u0131t\u0131n\u0131 verdi.<\/p>\n<p>Suriye\u2019nin yeniden in\u015fa s\u00fcrecine ili\u015fkin Fidan, \u201cT\u00fcrkiye, kom\u015fu \u00fclkelerle birlikte Suriye\u2019nin yeniden in\u015fa edilmesi i\u00e7in tabii ki mevcut idareyle birlikte \u00e7al\u0131\u015fabilmeniz son derece \u00f6nemli, elimizdeki her t\u00fcr kapasiteyi ve her t\u00fcr imkan\u0131 kullanarak ekonomik sorunlar\u0131na ve di\u011fer sorunlar\u0131na \u00e7\u00f6z\u00fcm bulabilmek i\u00e7in yeni idareyle birlikte \u00e7al\u0131\u015fmaya devam edecek.\u201d diye konu\u015ftu.<\/p>\n<p>Fidan, Suriye\u2019deki farkl\u0131 yap\u0131lanmalar ve aralar\u0131ndaki koordinasyona dair, muhalif g\u00fc\u00e7lerin farkl\u0131 gruplardan olu\u015ftu\u011funu ancak aralar\u0131nda bir koordinasyon mekanizmas\u0131n\u0131n bulundu\u011funu belirterek, bu mekanizman\u0131n ilerleyen g\u00fcnlerde daha da iyile\u015fece\u011fini \u00e7\u00fcnk\u00fc \u015fu anda ellerinde ba\u015farmalar\u0131 gereken \u00e7ok daha b\u00fcy\u00fck bir i\u015fin oldu\u011funu ifade etti.<\/p>\n<p>Bu gruplar\u0131n bir araya gelebileceklerini ve birlikte d\u00fczenli bi\u00e7imde \u00e7al\u0131\u015fmaya ba\u015flayabileceklerini \u00fcmit ettiklerini dile getiren Fidan, b\u00f6ylece bu s\u00fcre\u00e7te Suriye i\u00e7indeki t\u00fcm taraflar\u0131n dahil oldu\u011fu iyi bir ge\u00e7i\u015f d\u00f6nemini tesis edebileceklerini dile getirdi.<\/p>\n<p>Fidan, ter\u00f6rizmle ilgili DEA\u015e ve di\u011fer ter\u00f6r \u00f6rg\u00fctleri konusunda ayn\u0131 derecede endi\u015felendiklerini ifade ederek, \u201cBu durumdan faydalanmalar\u0131n\u0131 ya da bunu k\u00f6t\u00fcye kullanmalar\u0131n\u0131 istemiyoruz. DEA\u015e ve PKK\u2019n\u0131n bu s\u00fcreci k\u00f6t\u00fcye kullanmamas\u0131ndan emin olmak i\u00e7in \u00e7ok dikkatli hareket ediyoruz. Amerikal\u0131 dostlar\u0131m\u0131zla temas halindeyiz. Bizim bu konuda ne kadar hassas oldu\u011fumuzu biliyorlar, \u00f6zellikle YPG\/PKK konusunda ve T\u00fcrkiye\u2019ye bu gruplardan gelecek her tehdide cevap verece\u011fimizi, bir reaksiyon g\u00f6sterece\u011fimizi biliyorlar. Amerika\u2019daki yeni idarenin, yeni h\u00fck\u00fcmetle tabii ki bu konuyla ilgili olarak baz\u0131 temaslar halinde olaca\u011f\u0131m\u0131z\u0131 ifade etmek istiyorum.\u201d diye konu\u015ftu.<\/p>\n<\/p><\/div>\n<p><script async\n                    defer\n                    crossorigin=\"anonymous\"\n                    src=\"https:\/\/connect.facebook.net\/tr_TR\/sdk.js#xfbml=1&#038;version=v3.3\"\n            ><\/script><\/p>\n","protected":false},"excerpt":{"rendered":"<p>T\u00fcrkiye Cumhuriyeti D\u0131\u015fi\u015fleri Bakan\u0131 Hakan Fidan, bu sabah itibar\u0131yla Suriye\u2019nin yeni bir a\u015famaya ula\u015ft\u0131\u011f\u0131n\u0131 belirterek, \u201cT\u00fcrkiye, Suriye\u2019nin milli birli\u011fine, istikrar\u0131na, egemenli\u011fine ve toprak b\u00fct\u00fcnl\u00fc\u011f\u00fcne \u00e7ok b\u00fcy\u00fck bir \u00f6nem atfediyor, ayn\u0131 zamanda Suriye halk\u0131n\u0131n da refah\u0131n\u0131 \u00f6nemsiyor. Bu anlamda \u00fclkelerini terk etmek durumunda olan milyonlarca Suriyeli, art\u0131k \u00fclkelerine geri d\u00f6nebilirler.\u201d dedi. Fidan, Katar\u2019\u0131n ba\u015fkenti Doha\u2019da d\u00fczenlenen, [&hellip;]<\/p>\n","protected":false},"author":1,"featured_media":15240,"comment_status":"open","ping_status":"open","sticky":false,"template":"","format":"standard","meta":{"jnews-multi-image_gallery":[],"jnews_single_post":[],"jnews_primary_category":[],"jnews_social_meta":[],"jnews_override_counter":[],"footnotes":""},"categories":[5],"tags":[],"class_list":["post-15239","post","type-post","status-publish","format-standard","has-post-thumbnail","hentry","category-turkiye"],"yoast_head":"<!-- This site is optimized with the Yoast SEO plugin v27.4 - https:\/\/yoast.com\/product\/yoast-seo-wordpress\/ -->\n<title>TC D\u0131\u015fi\u015fleri Bakan\u0131 Fidan, Doha Forum 2024\u2019te bas\u0131n toplant\u0131s\u0131 d\u00fczenledi: \u201cMilyonlarca Suriyeli, art\u0131k \u00fclkelerine geri d\u00f6nebilir\u201d - Kuzeyin Sesi<\/title>\n<meta name=\"robots\" content=\"index, follow, max-snippet:-1, max-image-preview:large, max-video-preview:-1\" \/>\n<link rel=\"canonical\" href=\"https:\/\/kuzeyinsesi.org\/index.php\/2024\/12\/09\/tc-disisleri-bakani-fidan-doha-forum-2024te-basin-toplantisi-duzenledi-milyonlarca-suriyeli-artik-ulkelerine-geri-donebilir\/\" \/>\n<meta property=\"og:locale\" content=\"tr_TR\" \/>\n<meta property=\"og:type\" content=\"article\" \/>\n<meta property=\"og:title\" content=\"TC D\u0131\u015fi\u015fleri Bakan\u0131 Fidan, Doha Forum 2024\u2019te bas\u0131n toplant\u0131s\u0131 d\u00fczenledi: \u201cMilyonlarca Suriyeli, art\u0131k \u00fclkelerine geri d\u00f6nebilir\u201d - Kuzeyin Sesi\" \/>\n<meta property=\"og:description\" content=\"T\u00fcrkiye Cumhuriyeti D\u0131\u015fi\u015fleri Bakan\u0131 Hakan Fidan, bu sabah itibar\u0131yla Suriye\u2019nin yeni bir a\u015famaya ula\u015ft\u0131\u011f\u0131n\u0131 belirterek, \u201cT\u00fcrkiye, Suriye\u2019nin milli birli\u011fine, istikrar\u0131na, egemenli\u011fine ve toprak b\u00fct\u00fcnl\u00fc\u011f\u00fcne \u00e7ok b\u00fcy\u00fck bir \u00f6nem atfediyor, ayn\u0131 zamanda Suriye halk\u0131n\u0131n da refah\u0131n\u0131 \u00f6nemsiyor. Bu anlamda \u00fclkelerini terk etmek durumunda olan milyonlarca Suriyeli, art\u0131k \u00fclkelerine geri d\u00f6nebilirler.\u201d dedi. Fidan, Katar\u2019\u0131n ba\u015fkenti Doha\u2019da d\u00fczenlenen, [&hellip;]\" \/>\n<meta property=\"og:url\" content=\"https:\/\/kuzeyinsesi.org\/index.php\/2024\/12\/09\/tc-disisleri-bakani-fidan-doha-forum-2024te-basin-toplantisi-duzenledi-milyonlarca-suriyeli-artik-ulkelerine-geri-donebilir\/\" \/>\n<meta property=\"og:site_name\" content=\"Kuzeyin Sesi\" \/>\n<meta property=\"article:publisher\" content=\"https:\/\/www.facebook.com\/kuzeyinsesii\" \/>\n<meta property=\"article:published_time\" content=\"2024-12-09T11:58:01+00:00\" \/>\n<meta property=\"og:image\" content=\"https:\/\/brtk.net\/wp-content\/uploads\/2024\/11\/22\/hakan-fidan-aa-2108073-1.jpg?ver=287475573e2a8671181ddffaa8635653\" \/>\n<meta name=\"author\" content=\"Kuzeyin Sesi\" \/>\n<meta name=\"twitter:card\" content=\"summary_large_image\" \/>\n<meta name=\"twitter:creator\" content=\"@kuzeyinsesii\" \/>\n<meta name=\"twitter:site\" content=\"@kuzeyinsesii\" \/>\n<meta name=\"twitter:label1\" content=\"Yazan:\" \/>\n\t<meta name=\"twitter:data1\" content=\"Kuzeyin Sesi\" \/>\n\t<meta name=\"twitter:label2\" content=\"Tahmini okuma s\u00fcresi\" \/>\n\t<meta name=\"twitter:data2\" content=\"4 dakika\" \/>\n<script type=\"application\/ld+json\" class=\"yoast-schema-graph\">{\"@context\":\"https:\\\/\\\/schema.org\",\"@graph\":[{\"@type\":\"Article\",\"@id\":\"https:\\\/\\\/kuzeyinsesi.org\\\/index.php\\\/2024\\\/12\\\/09\\\/tc-disisleri-bakani-fidan-doha-forum-2024te-basin-toplantisi-duzenledi-milyonlarca-suriyeli-artik-ulkelerine-geri-donebilir\\\/#article\",\"isPartOf\":{\"@id\":\"https:\\\/\\\/kuzeyinsesi.org\\\/index.php\\\/2024\\\/12\\\/09\\\/tc-disisleri-bakani-fidan-doha-forum-2024te-basin-toplantisi-duzenledi-milyonlarca-suriyeli-artik-ulkelerine-geri-donebilir\\\/\"},\"author\":{\"name\":\"Kuzeyin Sesi\",\"@id\":\"https:\\\/\\\/kuzeyinsesi.org\\\/#\\\/schema\\\/person\\\/9f859689cdf01485597712386e37f5aa\"},\"headline\":\"TC D\u0131\u015fi\u015fleri Bakan\u0131 Fidan, Doha Forum 2024\u2019te bas\u0131n toplant\u0131s\u0131 d\u00fczenledi: \u201cMilyonlarca Suriyeli, art\u0131k \u00fclkelerine geri d\u00f6nebilir\u201d\",\"datePublished\":\"2024-12-09T11:58:01+00:00\",\"mainEntityOfPage\":{\"@id\":\"https:\\\/\\\/kuzeyinsesi.org\\\/index.php\\\/2024\\\/12\\\/09\\\/tc-disisleri-bakani-fidan-doha-forum-2024te-basin-toplantisi-duzenledi-milyonlarca-suriyeli-artik-ulkelerine-geri-donebilir\\\/\"},\"wordCount\":778,\"commentCount\":0,\"image\":{\"@id\":\"https:\\\/\\\/kuzeyinsesi.org\\\/index.php\\\/2024\\\/12\\\/09\\\/tc-disisleri-bakani-fidan-doha-forum-2024te-basin-toplantisi-duzenledi-milyonlarca-suriyeli-artik-ulkelerine-geri-donebilir\\\/#primaryimage\"},\"thumbnailUrl\":\"https:\\\/\\\/kuzeyinsesi.org\\\/wp-content\\\/uploads\\\/2024\\\/12\\\/hakan-fidan-aa-2108073-1.jpg\",\"articleSection\":[\"T\u00fcrkiye\"],\"inLanguage\":\"tr\",\"potentialAction\":[{\"@type\":\"CommentAction\",\"name\":\"Comment\",\"target\":[\"https:\\\/\\\/kuzeyinsesi.org\\\/index.php\\\/2024\\\/12\\\/09\\\/tc-disisleri-bakani-fidan-doha-forum-2024te-basin-toplantisi-duzenledi-milyonlarca-suriyeli-artik-ulkelerine-geri-donebilir\\\/#respond\"]}]},{\"@type\":\"WebPage\",\"@id\":\"https:\\\/\\\/kuzeyinsesi.org\\\/index.php\\\/2024\\\/12\\\/09\\\/tc-disisleri-bakani-fidan-doha-forum-2024te-basin-toplantisi-duzenledi-milyonlarca-suriyeli-artik-ulkelerine-geri-donebilir\\\/\",\"url\":\"https:\\\/\\\/kuzeyinsesi.org\\\/index.php\\\/2024\\\/12\\\/09\\\/tc-disisleri-bakani-fidan-doha-forum-2024te-basin-toplantisi-duzenledi-milyonlarca-suriyeli-artik-ulkelerine-geri-donebilir\\\/\",\"name\":\"TC D\u0131\u015fi\u015fleri Bakan\u0131 Fidan, Doha Forum 2024\u2019te bas\u0131n toplant\u0131s\u0131 d\u00fczenledi: \u201cMilyonlarca Suriyeli, art\u0131k \u00fclkelerine geri d\u00f6nebilir\u201d - Kuzeyin Sesi\",\"isPartOf\":{\"@id\":\"https:\\\/\\\/kuzeyinsesi.org\\\/#website\"},\"primaryImageOfPage\":{\"@id\":\"https:\\\/\\\/kuzeyinsesi.org\\\/index.php\\\/2024\\\/12\\\/09\\\/tc-disisleri-bakani-fidan-doha-forum-2024te-basin-toplantisi-duzenledi-milyonlarca-suriyeli-artik-ulkelerine-geri-donebilir\\\/#primaryimage\"},\"image\":{\"@id\":\"https:\\\/\\\/kuzeyinsesi.org\\\/index.php\\\/2024\\\/12\\\/09\\\/tc-disisleri-bakani-fidan-doha-forum-2024te-basin-toplantisi-duzenledi-milyonlarca-suriyeli-artik-ulkelerine-geri-donebilir\\\/#primaryimage\"},\"thumbnailUrl\":\"https:\\\/\\\/kuzeyinsesi.org\\\/wp-content\\\/uploads\\\/2024\\\/12\\\/hakan-fidan-aa-2108073-1.jpg\",\"datePublished\":\"2024-12-09T11:58:01+00:00\",\"author\":{\"@id\":\"https:\\\/\\\/kuzeyinsesi.org\\\/#\\\/schema\\\/person\\\/9f859689cdf01485597712386e37f5aa\"},\"breadcrumb\":{\"@id\":\"https:\\\/\\\/kuzeyinsesi.org\\\/index.php\\\/2024\\\/12\\\/09\\\/tc-disisleri-bakani-fidan-doha-forum-2024te-basin-toplantisi-duzenledi-milyonlarca-suriyeli-artik-ulkelerine-geri-donebilir\\\/#breadcrumb\"},\"inLanguage\":\"tr\",\"potentialAction\":[{\"@type\":\"ReadAction\",\"target\":[\"https:\\\/\\\/kuzeyinsesi.org\\\/index.php\\\/2024\\\/12\\\/09\\\/tc-disisleri-bakani-fidan-doha-forum-2024te-basin-toplantisi-duzenledi-milyonlarca-suriyeli-artik-ulkelerine-geri-donebilir\\\/\"]}]},{\"@type\":\"ImageObject\",\"inLanguage\":\"tr\",\"@id\":\"https:\\\/\\\/kuzeyinsesi.org\\\/index.php\\\/2024\\\/12\\\/09\\\/tc-disisleri-bakani-fidan-doha-forum-2024te-basin-toplantisi-duzenledi-milyonlarca-suriyeli-artik-ulkelerine-geri-donebilir\\\/#primaryimage\",\"url\":\"https:\\\/\\\/kuzeyinsesi.org\\\/wp-content\\\/uploads\\\/2024\\\/12\\\/hakan-fidan-aa-2108073-1.jpg\",\"contentUrl\":\"https:\\\/\\\/kuzeyinsesi.org\\\/wp-content\\\/uploads\\\/2024\\\/12\\\/hakan-fidan-aa-2108073-1.jpg\",\"width\":1280,\"height\":720},{\"@type\":\"BreadcrumbList\",\"@id\":\"https:\\\/\\\/kuzeyinsesi.org\\\/index.php\\\/2024\\\/12\\\/09\\\/tc-disisleri-bakani-fidan-doha-forum-2024te-basin-toplantisi-duzenledi-milyonlarca-suriyeli-artik-ulkelerine-geri-donebilir\\\/#breadcrumb\",\"itemListElement\":[{\"@type\":\"ListItem\",\"position\":1,\"name\":\"Anasayfa\",\"item\":\"https:\\\/\\\/kuzeyinsesi.org\\\/\"},{\"@type\":\"ListItem\",\"position\":2,\"name\":\"TC D\u0131\u015fi\u015fleri Bakan\u0131 Fidan, Doha Forum 2024\u2019te bas\u0131n toplant\u0131s\u0131 d\u00fczenledi: \u201cMilyonlarca Suriyeli, art\u0131k \u00fclkelerine geri d\u00f6nebilir\u201d\"}]},{\"@type\":\"WebSite\",\"@id\":\"https:\\\/\\\/kuzeyinsesi.org\\\/#website\",\"url\":\"https:\\\/\\\/kuzeyinsesi.org\\\/\",\"name\":\"Kuzeyin Sesi\",\"description\":\"Do\u011fru Haberin Adresi\",\"potentialAction\":[{\"@type\":\"SearchAction\",\"target\":{\"@type\":\"EntryPoint\",\"urlTemplate\":\"https:\\\/\\\/kuzeyinsesi.org\\\/?s={search_term_string}\"},\"query-input\":{\"@type\":\"PropertyValueSpecification\",\"valueRequired\":true,\"valueName\":\"search_term_string\"}}],\"inLanguage\":\"tr\"},{\"@type\":\"Person\",\"@id\":\"https:\\\/\\\/kuzeyinsesi.org\\\/#\\\/schema\\\/person\\\/9f859689cdf01485597712386e37f5aa\",\"name\":\"Kuzeyin Sesi\",\"image\":{\"@type\":\"ImageObject\",\"inLanguage\":\"tr\",\"@id\":\"https:\\\/\\\/secure.gravatar.com\\\/avatar\\\/bab33852abfd8b282518d6ed81826833d77c3c882d9ab608add591ccace47a44?s=96&d=mm&r=g\",\"url\":\"https:\\\/\\\/secure.gravatar.com\\\/avatar\\\/bab33852abfd8b282518d6ed81826833d77c3c882d9ab608add591ccace47a44?s=96&d=mm&r=g\",\"contentUrl\":\"https:\\\/\\\/secure.gravatar.com\\\/avatar\\\/bab33852abfd8b282518d6ed81826833d77c3c882d9ab608add591ccace47a44?s=96&d=mm&r=g\",\"caption\":\"Kuzeyin Sesi\"},\"sameAs\":[\"https:\\\/\\\/kuzeyinsesi.org\"],\"url\":\"https:\\\/\\\/kuzeyinsesi.org\\\/index.php\\\/author\\\/guven\\\/\"}]}<\/script>\n<!-- \/ Yoast SEO plugin. -->","yoast_head_json":{"title":"TC D\u0131\u015fi\u015fleri Bakan\u0131 Fidan, Doha Forum 2024\u2019te bas\u0131n toplant\u0131s\u0131 d\u00fczenledi: \u201cMilyonlarca Suriyeli, art\u0131k \u00fclkelerine geri d\u00f6nebilir\u201d - Kuzeyin Sesi","robots":{"index":"index","follow":"follow","max-snippet":"max-snippet:-1","max-image-preview":"max-image-preview:large","max-video-preview":"max-video-preview:-1"},"canonical":"https:\/\/kuzeyinsesi.org\/index.php\/2024\/12\/09\/tc-disisleri-bakani-fidan-doha-forum-2024te-basin-toplantisi-duzenledi-milyonlarca-suriyeli-artik-ulkelerine-geri-donebilir\/","og_locale":"tr_TR","og_type":"article","og_title":"TC D\u0131\u015fi\u015fleri Bakan\u0131 Fidan, Doha Forum 2024\u2019te bas\u0131n toplant\u0131s\u0131 d\u00fczenledi: \u201cMilyonlarca Suriyeli, art\u0131k \u00fclkelerine geri d\u00f6nebilir\u201d - Kuzeyin Sesi","og_description":"T\u00fcrkiye Cumhuriyeti D\u0131\u015fi\u015fleri Bakan\u0131 Hakan Fidan, bu sabah itibar\u0131yla Suriye\u2019nin yeni bir a\u015famaya ula\u015ft\u0131\u011f\u0131n\u0131 belirterek, \u201cT\u00fcrkiye, Suriye\u2019nin milli birli\u011fine, istikrar\u0131na, egemenli\u011fine ve toprak b\u00fct\u00fcnl\u00fc\u011f\u00fcne \u00e7ok b\u00fcy\u00fck bir \u00f6nem atfediyor, ayn\u0131 zamanda Suriye halk\u0131n\u0131n da refah\u0131n\u0131 \u00f6nemsiyor. Bu anlamda \u00fclkelerini terk etmek durumunda olan milyonlarca Suriyeli, art\u0131k \u00fclkelerine geri d\u00f6nebilirler.\u201d dedi. Fidan, Katar\u2019\u0131n ba\u015fkenti Doha\u2019da d\u00fczenlenen, [&hellip;]","og_url":"https:\/\/kuzeyinsesi.org\/index.php\/2024\/12\/09\/tc-disisleri-bakani-fidan-doha-forum-2024te-basin-toplantisi-duzenledi-milyonlarca-suriyeli-artik-ulkelerine-geri-donebilir\/","og_site_name":"Kuzeyin Sesi","article_publisher":"https:\/\/www.facebook.com\/kuzeyinsesii","article_published_time":"2024-12-09T11:58:01+00:00","og_image":[{"url":"https:\/\/brtk.net\/wp-content\/uploads\/2024\/11\/22\/hakan-fidan-aa-2108073-1.jpg?ver=287475573e2a8671181ddffaa8635653","type":"","width":"","height":""}],"author":"Kuzeyin Sesi","twitter_card":"summary_large_image","twitter_creator":"@kuzeyinsesii","twitter_site":"@kuzeyinsesii","twitter_misc":{"Yazan:":"Kuzeyin Sesi","Tahmini okuma s\u00fcresi":"4 dakika"},"schema":{"@context":"https:\/\/schema.org","@graph":[{"@type":"Article","@id":"https:\/\/kuzeyinsesi.org\/index.php\/2024\/12\/09\/tc-disisleri-bakani-fidan-doha-forum-2024te-basin-toplantisi-duzenledi-milyonlarca-suriyeli-artik-ulkelerine-geri-donebilir\/#article","isPartOf":{"@id":"https:\/\/kuzeyinsesi.org\/index.php\/2024\/12\/09\/tc-disisleri-bakani-fidan-doha-forum-2024te-basin-toplantisi-duzenledi-milyonlarca-suriyeli-artik-ulkelerine-geri-donebilir\/"},"author":{"name":"Kuzeyin Sesi","@id":"https:\/\/kuzeyinsesi.org\/#\/schema\/person\/9f859689cdf01485597712386e37f5aa"},"headline":"TC D\u0131\u015fi\u015fleri Bakan\u0131 Fidan, Doha Forum 2024\u2019te bas\u0131n toplant\u0131s\u0131 d\u00fczenledi: \u201cMilyonlarca Suriyeli, art\u0131k \u00fclkelerine geri d\u00f6nebilir\u201d","datePublished":"2024-12-09T11:58:01+00:00","mainEntityOfPage":{"@id":"https:\/\/kuzeyinsesi.org\/index.php\/2024\/12\/09\/tc-disisleri-bakani-fidan-doha-forum-2024te-basin-toplantisi-duzenledi-milyonlarca-suriyeli-artik-ulkelerine-geri-donebilir\/"},"wordCount":778,"commentCount":0,"image":{"@id":"https:\/\/kuzeyinsesi.org\/index.php\/2024\/12\/09\/tc-disisleri-bakani-fidan-doha-forum-2024te-basin-toplantisi-duzenledi-milyonlarca-suriyeli-artik-ulkelerine-geri-donebilir\/#primaryimage"},"thumbnailUrl":"https:\/\/kuzeyinsesi.org\/wp-content\/uploads\/2024\/12\/hakan-fidan-aa-2108073-1.jpg","articleSection":["T\u00fcrkiye"],"inLanguage":"tr","potentialAction":[{"@type":"CommentAction","name":"Comment","target":["https:\/\/kuzeyinsesi.org\/index.php\/2024\/12\/09\/tc-disisleri-bakani-fidan-doha-forum-2024te-basin-toplantisi-duzenledi-milyonlarca-suriyeli-artik-ulkelerine-geri-donebilir\/#respond"]}]},{"@type":"WebPage","@id":"https:\/\/kuzeyinsesi.org\/index.php\/2024\/12\/09\/tc-disisleri-bakani-fidan-doha-forum-2024te-basin-toplantisi-duzenledi-milyonlarca-suriyeli-artik-ulkelerine-geri-donebilir\/","url":"https:\/\/kuzeyinsesi.org\/index.php\/2024\/12\/09\/tc-disisleri-bakani-fidan-doha-forum-2024te-basin-toplantisi-duzenledi-milyonlarca-suriyeli-artik-ulkelerine-geri-donebilir\/","name":"TC D\u0131\u015fi\u015fleri Bakan\u0131 Fidan, Doha Forum 2024\u2019te bas\u0131n toplant\u0131s\u0131 d\u00fczenledi: \u201cMilyonlarca Suriyeli, art\u0131k \u00fclkelerine geri d\u00f6nebilir\u201d - Kuzeyin Sesi","isPartOf":{"@id":"https:\/\/kuzeyinsesi.org\/#website"},"primaryImageOfPage":{"@id":"https:\/\/kuzeyinsesi.org\/index.php\/2024\/12\/09\/tc-disisleri-bakani-fidan-doha-forum-2024te-basin-toplantisi-duzenledi-milyonlarca-suriyeli-artik-ulkelerine-geri-donebilir\/#primaryimage"},"image":{"@id":"https:\/\/kuzeyinsesi.org\/index.php\/2024\/12\/09\/tc-disisleri-bakani-fidan-doha-forum-2024te-basin-toplantisi-duzenledi-milyonlarca-suriyeli-artik-ulkelerine-geri-donebilir\/#primaryimage"},"thumbnailUrl":"https:\/\/kuzeyinsesi.org\/wp-content\/uploads\/2024\/12\/hakan-fidan-aa-2108073-1.jpg","datePublished":"2024-12-09T11:58:01+00:00","author":{"@id":"https:\/\/kuzeyinsesi.org\/#\/schema\/person\/9f859689cdf01485597712386e37f5aa"},"breadcrumb":{"@id":"https:\/\/kuzeyinsesi.org\/index.php\/2024\/12\/09\/tc-disisleri-bakani-fidan-doha-forum-2024te-basin-toplantisi-duzenledi-milyonlarca-suriyeli-artik-ulkelerine-geri-donebilir\/#breadcrumb"},"inLanguage":"tr","potentialAction":[{"@type":"ReadAction","target":["https:\/\/kuzeyinsesi.org\/index.php\/2024\/12\/09\/tc-disisleri-bakani-fidan-doha-forum-2024te-basin-toplantisi-duzenledi-milyonlarca-suriyeli-artik-ulkelerine-geri-donebilir\/"]}]},{"@type":"ImageObject","inLanguage":"tr","@id":"https:\/\/kuzeyinsesi.org\/index.php\/2024\/12\/09\/tc-disisleri-bakani-fidan-doha-forum-2024te-basin-toplantisi-duzenledi-milyonlarca-suriyeli-artik-ulkelerine-geri-donebilir\/#primaryimage","url":"https:\/\/kuzeyinsesi.org\/wp-content\/uploads\/2024\/12\/hakan-fidan-aa-2108073-1.jpg","contentUrl":"https:\/\/kuzeyinsesi.org\/wp-content\/uploads\/2024\/12\/hakan-fidan-aa-2108073-1.jpg","width":1280,"height":720},{"@type":"BreadcrumbList","@id":"https:\/\/kuzeyinsesi.org\/index.php\/2024\/12\/09\/tc-disisleri-bakani-fidan-doha-forum-2024te-basin-toplantisi-duzenledi-milyonlarca-suriyeli-artik-ulkelerine-geri-donebilir\/#breadcrumb","itemListElement":[{"@type":"ListItem","position":1,"name":"Anasayfa","item":"https:\/\/kuzeyinsesi.org\/"},{"@type":"ListItem","position":2,"name":"TC D\u0131\u015fi\u015fleri Bakan\u0131 Fidan, Doha Forum 2024\u2019te bas\u0131n toplant\u0131s\u0131 d\u00fczenledi: \u201cMilyonlarca Suriyeli, art\u0131k \u00fclkelerine geri d\u00f6nebilir\u201d"}]},{"@type":"WebSite","@id":"https:\/\/kuzeyinsesi.org\/#website","url":"https:\/\/kuzeyinsesi.org\/","name":"Kuzeyin Sesi","description":"Do\u011fru Haberin Adresi","potentialAction":[{"@type":"SearchAction","target":{"@type":"EntryPoint","urlTemplate":"https:\/\/kuzeyinsesi.org\/?s={search_term_string}"},"query-input":{"@type":"PropertyValueSpecification","valueRequired":true,"valueName":"search_term_string"}}],"inLanguage":"tr"},{"@type":"Person","@id":"https:\/\/kuzeyinsesi.org\/#\/schema\/person\/9f859689cdf01485597712386e37f5aa","name":"Kuzeyin Sesi","image":{"@type":"ImageObject","inLanguage":"tr","@id":"https:\/\/secure.gravatar.com\/avatar\/bab33852abfd8b282518d6ed81826833d77c3c882d9ab608add591ccace47a44?s=96&d=mm&r=g","url":"https:\/\/secure.gravatar.com\/avatar\/bab33852abfd8b282518d6ed81826833d77c3c882d9ab608add591ccace47a44?s=96&d=mm&r=g","contentUrl":"https:\/\/secure.gravatar.com\/avatar\/bab33852abfd8b282518d6ed81826833d77c3c882d9ab608add591ccace47a44?s=96&d=mm&r=g","caption":"Kuzeyin Sesi"},"sameAs":["https:\/\/kuzeyinsesi.org"],"url":"https:\/\/kuzeyinsesi.org\/index.php\/author\/guven\/"}]}},"_links":{"self":[{"href":"https:\/\/kuzeyinsesi.org\/index.php\/wp-json\/wp\/v2\/posts\/15239","targetHints":{"allow":["GET"]}}],"collection":[{"href":"https:\/\/kuzeyinsesi.org\/index.php\/wp-json\/wp\/v2\/posts"}],"about":[{"href":"https:\/\/kuzeyinsesi.org\/index.php\/wp-json\/wp\/v2\/types\/post"}],"author":[{"embeddable":true,"href":"https:\/\/kuzeyinsesi.org\/index.php\/wp-json\/wp\/v2\/users\/1"}],"replies":[{"embeddable":true,"href":"https:\/\/kuzeyinsesi.org\/index.php\/wp-json\/wp\/v2\/comments?post=15239"}],"version-history":[{"count":0,"href":"https:\/\/kuzeyinsesi.org\/index.php\/wp-json\/wp\/v2\/posts\/15239\/revisions"}],"wp:featuredmedia":[{"embeddable":true,"href":"https:\/\/kuzeyinsesi.org\/index.php\/wp-json\/wp\/v2\/media\/15240"}],"wp:attachment":[{"href":"https:\/\/kuzeyinsesi.org\/index.php\/wp-json\/wp\/v2\/media?parent=15239"}],"wp:term":[{"taxonomy":"category","embeddable":true,"href":"https:\/\/kuzeyinsesi.org\/index.php\/wp-json\/wp\/v2\/categories?post=15239"},{"taxonomy":"post_tag","embeddable":true,"href":"https:\/\/kuzeyinsesi.org\/index.php\/wp-json\/wp\/v2\/tags?post=15239"}],"curies":[{"name":"wp","href":"https:\/\/api.w.org\/{rel}","templated":true}]}}