{"id":15233,"date":"2024-12-09T13:46:56","date_gmt":"2024-12-09T11:46:56","guid":{"rendered":"https:\/\/kuzeyinsesi.org\/index.php\/2024\/12\/09\/ispartada-askeri-helikopter-dustu-6-personel-sehit-oldu\/"},"modified":"2024-12-09T13:46:56","modified_gmt":"2024-12-09T11:46:56","slug":"ispartada-askeri-helikopter-dustu-6-personel-sehit-oldu","status":"publish","type":"post","link":"https:\/\/kuzeyinsesi.org\/index.php\/2024\/12\/09\/ispartada-askeri-helikopter-dustu-6-personel-sehit-oldu\/","title":{"rendered":"Isparta\u2019da askeri helikopter d\u00fc\u015ft\u00fc: 6 personel \u015fehit oldu"},"content":{"rendered":"<div>\n<div class=\"mariselle-image-container center\">\n                                            <\/div>\n<p>\nIsparta\u2019da Ke\u00e7iborlu il\u00e7esinde bir askeri helikopterin d\u00fc\u015fmesi sonucu 6 askerin \u015fehit oldu\u011fu bildirdi.<\/p>\n<p>TC Milli Savunma Bakanl\u0131\u011f\u0131 (MSB), Isparta\u2019da e\u011fitim u\u00e7u\u015fu yapan UH-1 tipi helikopterin kaza k\u0131r\u0131ma u\u011framas\u0131 sonucu 6 personelin \u015fehit oldu\u011funu bildirdi.<\/p>\n<p>MSB,  ilk yapt\u0131\u011f\u0131 a\u00e7\u0131klamada, Isparta\u2019daki helikopterin kazas\u0131nda 5 personelin \u015fehit oldu\u011funu, 1 personelin ise a\u011f\u0131r yaraland\u0131\u011f\u0131n\u0131 bildirmi\u015fti. Ard\u0131ndan kazada a\u011f\u0131r yaral\u0131 olarak hastaneye sevk edilen personelin kurtar\u0131lamayarak \u015fehit oldu\u011fu bilgisi payla\u015f\u0131ld\u0131.<\/p>\n<p>MSB a\u00e7\u0131klamas\u0131nda, \u201c\u015eehitlerimize Allah\u2019tan rahmet, ailelerine ve T\u00fcrk Silahl\u0131 Kuvvetlerimize ba\u015fsa\u011fl\u0131\u011f\u0131 diliyoruz.\u201d denildi.<\/p>\n<p>Isparta Valisi Abdullah Erin ise, yapt\u0131\u011f\u0131 a\u00e7\u0131klamada, helikopterin e\u011fitim u\u00e7u\u015fu s\u0131ras\u0131nda d\u00fc\u015ft\u00fc\u011f\u00fcn\u00fc belirterek, \u201cKe\u00e7iborlu\u2019da Kara Havac\u0131l\u0131k Okulu var, orada d\u00fczenli olarak e\u011fitim u\u00e7u\u015flar\u0131 ger\u00e7ekle\u015ftiriliyor. E\u011fitim u\u00e7u\u015fu s\u0131ras\u0131nda iki helikopterin temas\u0131 sonucu birisi d\u00fc\u015ft\u00fc.\u201d dedi.<\/p>\n<p>Vali Erin, olay yerinde olduklar\u0131n\u0131 ve inceleme \u00e7al\u0131\u015fmalar\u0131n\u0131 s\u00fcrd\u00fcrd\u00fcklerini ifade etti.<\/p>\n<\/p><\/div>\n<p><script async\n                    defer\n                    crossorigin=\"anonymous\"\n                    src=\"https:\/\/connect.facebook.net\/tr_TR\/sdk.js#xfbml=1&#038;version=v3.3\"\n            ><\/script><\/p>\n","protected":false},"excerpt":{"rendered":"<p>Isparta\u2019da Ke\u00e7iborlu il\u00e7esinde bir askeri helikopterin d\u00fc\u015fmesi sonucu 6 askerin \u015fehit oldu\u011fu bildirdi. TC Milli Savunma Bakanl\u0131\u011f\u0131 (MSB), Isparta\u2019da e\u011fitim u\u00e7u\u015fu yapan UH-1 tipi helikopterin kaza k\u0131r\u0131ma u\u011framas\u0131 sonucu 6 personelin \u015fehit oldu\u011funu bildirdi. MSB, ilk yapt\u0131\u011f\u0131 a\u00e7\u0131klamada, Isparta\u2019daki helikopterin kazas\u0131nda 5 personelin \u015fehit oldu\u011funu, 1 personelin ise a\u011f\u0131r yaraland\u0131\u011f\u0131n\u0131 bildirmi\u015fti. Ard\u0131ndan kazada a\u011f\u0131r yaral\u0131 [&hellip;]<\/p>\n","protected":false},"author":1,"featured_media":15234,"comment_status":"open","ping_status":"open","sticky":false,"template":"","format":"standard","meta":{"jnews-multi-image_gallery":[],"jnews_single_post":[],"jnews_primary_category":[],"jnews_social_meta":[],"jnews_override_counter":[],"footnotes":""},"categories":[5],"tags":[],"class_list":["post-15233","post","type-post","status-publish","format-standard","has-post-thumbnail","hentry","category-turkiye"],"yoast_head":"<!-- This site is optimized with the Yoast SEO plugin v27.4 - https:\/\/yoast.com\/product\/yoast-seo-wordpress\/ -->\n<title>Isparta\u2019da askeri helikopter d\u00fc\u015ft\u00fc: 6 personel \u015fehit oldu - Kuzeyin Sesi<\/title>\n<meta name=\"robots\" content=\"index, follow, max-snippet:-1, max-image-preview:large, max-video-preview:-1\" \/>\n<link rel=\"canonical\" href=\"https:\/\/kuzeyinsesi.org\/index.php\/2024\/12\/09\/ispartada-askeri-helikopter-dustu-6-personel-sehit-oldu\/\" \/>\n<meta property=\"og:locale\" content=\"tr_TR\" \/>\n<meta property=\"og:type\" content=\"article\" \/>\n<meta property=\"og:title\" content=\"Isparta\u2019da askeri helikopter d\u00fc\u015ft\u00fc: 6 personel \u015fehit oldu - Kuzeyin Sesi\" \/>\n<meta property=\"og:description\" content=\"Isparta\u2019da Ke\u00e7iborlu il\u00e7esinde bir askeri helikopterin d\u00fc\u015fmesi sonucu 6 askerin \u015fehit oldu\u011fu bildirdi. TC Milli Savunma Bakanl\u0131\u011f\u0131 (MSB), Isparta\u2019da e\u011fitim u\u00e7u\u015fu yapan UH-1 tipi helikopterin kaza k\u0131r\u0131ma u\u011framas\u0131 sonucu 6 personelin \u015fehit oldu\u011funu bildirdi. MSB, ilk yapt\u0131\u011f\u0131 a\u00e7\u0131klamada, Isparta\u2019daki helikopterin kazas\u0131nda 5 personelin \u015fehit oldu\u011funu, 1 personelin ise a\u011f\u0131r yaraland\u0131\u011f\u0131n\u0131 bildirmi\u015fti. Ard\u0131ndan kazada a\u011f\u0131r yaral\u0131 [&hellip;]\" \/>\n<meta property=\"og:url\" content=\"https:\/\/kuzeyinsesi.org\/index.php\/2024\/12\/09\/ispartada-askeri-helikopter-dustu-6-personel-sehit-oldu\/\" \/>\n<meta property=\"og:site_name\" content=\"Kuzeyin Sesi\" \/>\n<meta property=\"article:publisher\" content=\"https:\/\/www.facebook.com\/kuzeyinsesii\" \/>\n<meta property=\"article:published_time\" content=\"2024-12-09T11:46:56+00:00\" \/>\n<meta property=\"og:image\" content=\"https:\/\/brtk.net\/wp-content\/uploads\/2024\/12\/09\/asldksa.jpg?ver=768dc4420e124702efdab566a5d0b25a\" \/>\n<meta name=\"author\" content=\"Kuzeyin Sesi\" \/>\n<meta name=\"twitter:card\" content=\"summary_large_image\" \/>\n<meta name=\"twitter:creator\" content=\"@kuzeyinsesii\" \/>\n<meta name=\"twitter:site\" content=\"@kuzeyinsesii\" \/>\n<meta name=\"twitter:label1\" content=\"Yazan:\" \/>\n\t<meta name=\"twitter:data1\" content=\"Kuzeyin Sesi\" \/>\n\t<meta name=\"twitter:label2\" content=\"Tahmini okuma s\u00fcresi\" \/>\n\t<meta name=\"twitter:data2\" content=\"1 dakika\" \/>\n<script type=\"application\/ld+json\" class=\"yoast-schema-graph\">{\"@context\":\"https:\\\/\\\/schema.org\",\"@graph\":[{\"@type\":\"Article\",\"@id\":\"https:\\\/\\\/kuzeyinsesi.org\\\/index.php\\\/2024\\\/12\\\/09\\\/ispartada-askeri-helikopter-dustu-6-personel-sehit-oldu\\\/#article\",\"isPartOf\":{\"@id\":\"https:\\\/\\\/kuzeyinsesi.org\\\/index.php\\\/2024\\\/12\\\/09\\\/ispartada-askeri-helikopter-dustu-6-personel-sehit-oldu\\\/\"},\"author\":{\"name\":\"Kuzeyin Sesi\",\"@id\":\"https:\\\/\\\/kuzeyinsesi.org\\\/#\\\/schema\\\/person\\\/9f859689cdf01485597712386e37f5aa\"},\"headline\":\"Isparta\u2019da askeri helikopter d\u00fc\u015ft\u00fc: 6 personel \u015fehit oldu\",\"datePublished\":\"2024-12-09T11:46:56+00:00\",\"mainEntityOfPage\":{\"@id\":\"https:\\\/\\\/kuzeyinsesi.org\\\/index.php\\\/2024\\\/12\\\/09\\\/ispartada-askeri-helikopter-dustu-6-personel-sehit-oldu\\\/\"},\"wordCount\":189,\"commentCount\":0,\"image\":{\"@id\":\"https:\\\/\\\/kuzeyinsesi.org\\\/index.php\\\/2024\\\/12\\\/09\\\/ispartada-askeri-helikopter-dustu-6-personel-sehit-oldu\\\/#primaryimage\"},\"thumbnailUrl\":\"https:\\\/\\\/kuzeyinsesi.org\\\/wp-content\\\/uploads\\\/2024\\\/12\\\/asldksa.jpg\",\"articleSection\":[\"T\u00fcrkiye\"],\"inLanguage\":\"tr\",\"potentialAction\":[{\"@type\":\"CommentAction\",\"name\":\"Comment\",\"target\":[\"https:\\\/\\\/kuzeyinsesi.org\\\/index.php\\\/2024\\\/12\\\/09\\\/ispartada-askeri-helikopter-dustu-6-personel-sehit-oldu\\\/#respond\"]}]},{\"@type\":\"WebPage\",\"@id\":\"https:\\\/\\\/kuzeyinsesi.org\\\/index.php\\\/2024\\\/12\\\/09\\\/ispartada-askeri-helikopter-dustu-6-personel-sehit-oldu\\\/\",\"url\":\"https:\\\/\\\/kuzeyinsesi.org\\\/index.php\\\/2024\\\/12\\\/09\\\/ispartada-askeri-helikopter-dustu-6-personel-sehit-oldu\\\/\",\"name\":\"Isparta\u2019da askeri helikopter d\u00fc\u015ft\u00fc: 6 personel \u015fehit oldu - Kuzeyin Sesi\",\"isPartOf\":{\"@id\":\"https:\\\/\\\/kuzeyinsesi.org\\\/#website\"},\"primaryImageOfPage\":{\"@id\":\"https:\\\/\\\/kuzeyinsesi.org\\\/index.php\\\/2024\\\/12\\\/09\\\/ispartada-askeri-helikopter-dustu-6-personel-sehit-oldu\\\/#primaryimage\"},\"image\":{\"@id\":\"https:\\\/\\\/kuzeyinsesi.org\\\/index.php\\\/2024\\\/12\\\/09\\\/ispartada-askeri-helikopter-dustu-6-personel-sehit-oldu\\\/#primaryimage\"},\"thumbnailUrl\":\"https:\\\/\\\/kuzeyinsesi.org\\\/wp-content\\\/uploads\\\/2024\\\/12\\\/asldksa.jpg\",\"datePublished\":\"2024-12-09T11:46:56+00:00\",\"author\":{\"@id\":\"https:\\\/\\\/kuzeyinsesi.org\\\/#\\\/schema\\\/person\\\/9f859689cdf01485597712386e37f5aa\"},\"breadcrumb\":{\"@id\":\"https:\\\/\\\/kuzeyinsesi.org\\\/index.php\\\/2024\\\/12\\\/09\\\/ispartada-askeri-helikopter-dustu-6-personel-sehit-oldu\\\/#breadcrumb\"},\"inLanguage\":\"tr\",\"potentialAction\":[{\"@type\":\"ReadAction\",\"target\":[\"https:\\\/\\\/kuzeyinsesi.org\\\/index.php\\\/2024\\\/12\\\/09\\\/ispartada-askeri-helikopter-dustu-6-personel-sehit-oldu\\\/\"]}]},{\"@type\":\"ImageObject\",\"inLanguage\":\"tr\",\"@id\":\"https:\\\/\\\/kuzeyinsesi.org\\\/index.php\\\/2024\\\/12\\\/09\\\/ispartada-askeri-helikopter-dustu-6-personel-sehit-oldu\\\/#primaryimage\",\"url\":\"https:\\\/\\\/kuzeyinsesi.org\\\/wp-content\\\/uploads\\\/2024\\\/12\\\/asldksa.jpg\",\"contentUrl\":\"https:\\\/\\\/kuzeyinsesi.org\\\/wp-content\\\/uploads\\\/2024\\\/12\\\/asldksa.jpg\",\"width\":864,\"height\":486},{\"@type\":\"BreadcrumbList\",\"@id\":\"https:\\\/\\\/kuzeyinsesi.org\\\/index.php\\\/2024\\\/12\\\/09\\\/ispartada-askeri-helikopter-dustu-6-personel-sehit-oldu\\\/#breadcrumb\",\"itemListElement\":[{\"@type\":\"ListItem\",\"position\":1,\"name\":\"Anasayfa\",\"item\":\"https:\\\/\\\/kuzeyinsesi.org\\\/\"},{\"@type\":\"ListItem\",\"position\":2,\"name\":\"Isparta\u2019da askeri helikopter d\u00fc\u015ft\u00fc: 6 personel \u015fehit oldu\"}]},{\"@type\":\"WebSite\",\"@id\":\"https:\\\/\\\/kuzeyinsesi.org\\\/#website\",\"url\":\"https:\\\/\\\/kuzeyinsesi.org\\\/\",\"name\":\"Kuzeyin Sesi\",\"description\":\"Do\u011fru Haberin Adresi\",\"potentialAction\":[{\"@type\":\"SearchAction\",\"target\":{\"@type\":\"EntryPoint\",\"urlTemplate\":\"https:\\\/\\\/kuzeyinsesi.org\\\/?s={search_term_string}\"},\"query-input\":{\"@type\":\"PropertyValueSpecification\",\"valueRequired\":true,\"valueName\":\"search_term_string\"}}],\"inLanguage\":\"tr\"},{\"@type\":\"Person\",\"@id\":\"https:\\\/\\\/kuzeyinsesi.org\\\/#\\\/schema\\\/person\\\/9f859689cdf01485597712386e37f5aa\",\"name\":\"Kuzeyin Sesi\",\"image\":{\"@type\":\"ImageObject\",\"inLanguage\":\"tr\",\"@id\":\"https:\\\/\\\/secure.gravatar.com\\\/avatar\\\/bab33852abfd8b282518d6ed81826833d77c3c882d9ab608add591ccace47a44?s=96&d=mm&r=g\",\"url\":\"https:\\\/\\\/secure.gravatar.com\\\/avatar\\\/bab33852abfd8b282518d6ed81826833d77c3c882d9ab608add591ccace47a44?s=96&d=mm&r=g\",\"contentUrl\":\"https:\\\/\\\/secure.gravatar.com\\\/avatar\\\/bab33852abfd8b282518d6ed81826833d77c3c882d9ab608add591ccace47a44?s=96&d=mm&r=g\",\"caption\":\"Kuzeyin Sesi\"},\"sameAs\":[\"https:\\\/\\\/kuzeyinsesi.org\"],\"url\":\"https:\\\/\\\/kuzeyinsesi.org\\\/index.php\\\/author\\\/guven\\\/\"}]}<\/script>\n<!-- \/ Yoast SEO plugin. -->","yoast_head_json":{"title":"Isparta\u2019da askeri helikopter d\u00fc\u015ft\u00fc: 6 personel \u015fehit oldu - Kuzeyin Sesi","robots":{"index":"index","follow":"follow","max-snippet":"max-snippet:-1","max-image-preview":"max-image-preview:large","max-video-preview":"max-video-preview:-1"},"canonical":"https:\/\/kuzeyinsesi.org\/index.php\/2024\/12\/09\/ispartada-askeri-helikopter-dustu-6-personel-sehit-oldu\/","og_locale":"tr_TR","og_type":"article","og_title":"Isparta\u2019da askeri helikopter d\u00fc\u015ft\u00fc: 6 personel \u015fehit oldu - Kuzeyin Sesi","og_description":"Isparta\u2019da Ke\u00e7iborlu il\u00e7esinde bir askeri helikopterin d\u00fc\u015fmesi sonucu 6 askerin \u015fehit oldu\u011fu bildirdi. TC Milli Savunma Bakanl\u0131\u011f\u0131 (MSB), Isparta\u2019da e\u011fitim u\u00e7u\u015fu yapan UH-1 tipi helikopterin kaza k\u0131r\u0131ma u\u011framas\u0131 sonucu 6 personelin \u015fehit oldu\u011funu bildirdi. MSB, ilk yapt\u0131\u011f\u0131 a\u00e7\u0131klamada, Isparta\u2019daki helikopterin kazas\u0131nda 5 personelin \u015fehit oldu\u011funu, 1 personelin ise a\u011f\u0131r yaraland\u0131\u011f\u0131n\u0131 bildirmi\u015fti. Ard\u0131ndan kazada a\u011f\u0131r yaral\u0131 [&hellip;]","og_url":"https:\/\/kuzeyinsesi.org\/index.php\/2024\/12\/09\/ispartada-askeri-helikopter-dustu-6-personel-sehit-oldu\/","og_site_name":"Kuzeyin Sesi","article_publisher":"https:\/\/www.facebook.com\/kuzeyinsesii","article_published_time":"2024-12-09T11:46:56+00:00","og_image":[{"url":"https:\/\/brtk.net\/wp-content\/uploads\/2024\/12\/09\/asldksa.jpg?ver=768dc4420e124702efdab566a5d0b25a","type":"","width":"","height":""}],"author":"Kuzeyin Sesi","twitter_card":"summary_large_image","twitter_creator":"@kuzeyinsesii","twitter_site":"@kuzeyinsesii","twitter_misc":{"Yazan:":"Kuzeyin Sesi","Tahmini okuma s\u00fcresi":"1 dakika"},"schema":{"@context":"https:\/\/schema.org","@graph":[{"@type":"Article","@id":"https:\/\/kuzeyinsesi.org\/index.php\/2024\/12\/09\/ispartada-askeri-helikopter-dustu-6-personel-sehit-oldu\/#article","isPartOf":{"@id":"https:\/\/kuzeyinsesi.org\/index.php\/2024\/12\/09\/ispartada-askeri-helikopter-dustu-6-personel-sehit-oldu\/"},"author":{"name":"Kuzeyin Sesi","@id":"https:\/\/kuzeyinsesi.org\/#\/schema\/person\/9f859689cdf01485597712386e37f5aa"},"headline":"Isparta\u2019da askeri helikopter d\u00fc\u015ft\u00fc: 6 personel \u015fehit oldu","datePublished":"2024-12-09T11:46:56+00:00","mainEntityOfPage":{"@id":"https:\/\/kuzeyinsesi.org\/index.php\/2024\/12\/09\/ispartada-askeri-helikopter-dustu-6-personel-sehit-oldu\/"},"wordCount":189,"commentCount":0,"image":{"@id":"https:\/\/kuzeyinsesi.org\/index.php\/2024\/12\/09\/ispartada-askeri-helikopter-dustu-6-personel-sehit-oldu\/#primaryimage"},"thumbnailUrl":"https:\/\/kuzeyinsesi.org\/wp-content\/uploads\/2024\/12\/asldksa.jpg","articleSection":["T\u00fcrkiye"],"inLanguage":"tr","potentialAction":[{"@type":"CommentAction","name":"Comment","target":["https:\/\/kuzeyinsesi.org\/index.php\/2024\/12\/09\/ispartada-askeri-helikopter-dustu-6-personel-sehit-oldu\/#respond"]}]},{"@type":"WebPage","@id":"https:\/\/kuzeyinsesi.org\/index.php\/2024\/12\/09\/ispartada-askeri-helikopter-dustu-6-personel-sehit-oldu\/","url":"https:\/\/kuzeyinsesi.org\/index.php\/2024\/12\/09\/ispartada-askeri-helikopter-dustu-6-personel-sehit-oldu\/","name":"Isparta\u2019da askeri helikopter d\u00fc\u015ft\u00fc: 6 personel \u015fehit oldu - Kuzeyin Sesi","isPartOf":{"@id":"https:\/\/kuzeyinsesi.org\/#website"},"primaryImageOfPage":{"@id":"https:\/\/kuzeyinsesi.org\/index.php\/2024\/12\/09\/ispartada-askeri-helikopter-dustu-6-personel-sehit-oldu\/#primaryimage"},"image":{"@id":"https:\/\/kuzeyinsesi.org\/index.php\/2024\/12\/09\/ispartada-askeri-helikopter-dustu-6-personel-sehit-oldu\/#primaryimage"},"thumbnailUrl":"https:\/\/kuzeyinsesi.org\/wp-content\/uploads\/2024\/12\/asldksa.jpg","datePublished":"2024-12-09T11:46:56+00:00","author":{"@id":"https:\/\/kuzeyinsesi.org\/#\/schema\/person\/9f859689cdf01485597712386e37f5aa"},"breadcrumb":{"@id":"https:\/\/kuzeyinsesi.org\/index.php\/2024\/12\/09\/ispartada-askeri-helikopter-dustu-6-personel-sehit-oldu\/#breadcrumb"},"inLanguage":"tr","potentialAction":[{"@type":"ReadAction","target":["https:\/\/kuzeyinsesi.org\/index.php\/2024\/12\/09\/ispartada-askeri-helikopter-dustu-6-personel-sehit-oldu\/"]}]},{"@type":"ImageObject","inLanguage":"tr","@id":"https:\/\/kuzeyinsesi.org\/index.php\/2024\/12\/09\/ispartada-askeri-helikopter-dustu-6-personel-sehit-oldu\/#primaryimage","url":"https:\/\/kuzeyinsesi.org\/wp-content\/uploads\/2024\/12\/asldksa.jpg","contentUrl":"https:\/\/kuzeyinsesi.org\/wp-content\/uploads\/2024\/12\/asldksa.jpg","width":864,"height":486},{"@type":"BreadcrumbList","@id":"https:\/\/kuzeyinsesi.org\/index.php\/2024\/12\/09\/ispartada-askeri-helikopter-dustu-6-personel-sehit-oldu\/#breadcrumb","itemListElement":[{"@type":"ListItem","position":1,"name":"Anasayfa","item":"https:\/\/kuzeyinsesi.org\/"},{"@type":"ListItem","position":2,"name":"Isparta\u2019da askeri helikopter d\u00fc\u015ft\u00fc: 6 personel \u015fehit oldu"}]},{"@type":"WebSite","@id":"https:\/\/kuzeyinsesi.org\/#website","url":"https:\/\/kuzeyinsesi.org\/","name":"Kuzeyin Sesi","description":"Do\u011fru Haberin Adresi","potentialAction":[{"@type":"SearchAction","target":{"@type":"EntryPoint","urlTemplate":"https:\/\/kuzeyinsesi.org\/?s={search_term_string}"},"query-input":{"@type":"PropertyValueSpecification","valueRequired":true,"valueName":"search_term_string"}}],"inLanguage":"tr"},{"@type":"Person","@id":"https:\/\/kuzeyinsesi.org\/#\/schema\/person\/9f859689cdf01485597712386e37f5aa","name":"Kuzeyin Sesi","image":{"@type":"ImageObject","inLanguage":"tr","@id":"https:\/\/secure.gravatar.com\/avatar\/bab33852abfd8b282518d6ed81826833d77c3c882d9ab608add591ccace47a44?s=96&d=mm&r=g","url":"https:\/\/secure.gravatar.com\/avatar\/bab33852abfd8b282518d6ed81826833d77c3c882d9ab608add591ccace47a44?s=96&d=mm&r=g","contentUrl":"https:\/\/secure.gravatar.com\/avatar\/bab33852abfd8b282518d6ed81826833d77c3c882d9ab608add591ccace47a44?s=96&d=mm&r=g","caption":"Kuzeyin Sesi"},"sameAs":["https:\/\/kuzeyinsesi.org"],"url":"https:\/\/kuzeyinsesi.org\/index.php\/author\/guven\/"}]}},"_links":{"self":[{"href":"https:\/\/kuzeyinsesi.org\/index.php\/wp-json\/wp\/v2\/posts\/15233","targetHints":{"allow":["GET"]}}],"collection":[{"href":"https:\/\/kuzeyinsesi.org\/index.php\/wp-json\/wp\/v2\/posts"}],"about":[{"href":"https:\/\/kuzeyinsesi.org\/index.php\/wp-json\/wp\/v2\/types\/post"}],"author":[{"embeddable":true,"href":"https:\/\/kuzeyinsesi.org\/index.php\/wp-json\/wp\/v2\/users\/1"}],"replies":[{"embeddable":true,"href":"https:\/\/kuzeyinsesi.org\/index.php\/wp-json\/wp\/v2\/comments?post=15233"}],"version-history":[{"count":0,"href":"https:\/\/kuzeyinsesi.org\/index.php\/wp-json\/wp\/v2\/posts\/15233\/revisions"}],"wp:featuredmedia":[{"embeddable":true,"href":"https:\/\/kuzeyinsesi.org\/index.php\/wp-json\/wp\/v2\/media\/15234"}],"wp:attachment":[{"href":"https:\/\/kuzeyinsesi.org\/index.php\/wp-json\/wp\/v2\/media?parent=15233"}],"wp:term":[{"taxonomy":"category","embeddable":true,"href":"https:\/\/kuzeyinsesi.org\/index.php\/wp-json\/wp\/v2\/categories?post=15233"},{"taxonomy":"post_tag","embeddable":true,"href":"https:\/\/kuzeyinsesi.org\/index.php\/wp-json\/wp\/v2\/tags?post=15233"}],"curies":[{"name":"wp","href":"https:\/\/api.w.org\/{rel}","templated":true}]}}