{"id":15223,"date":"2024-12-09T12:37:53","date_gmt":"2024-12-09T10:37:53","guid":{"rendered":"https:\/\/kuzeyinsesi.org\/index.php\/2024\/12\/09\/cumhurbaskanligi-senfoni-orkestrasindan-aralik-konseri\/"},"modified":"2024-12-09T12:37:53","modified_gmt":"2024-12-09T10:37:53","slug":"cumhurbaskanligi-senfoni-orkestrasindan-aralik-konseri","status":"publish","type":"post","link":"https:\/\/kuzeyinsesi.org\/index.php\/2024\/12\/09\/cumhurbaskanligi-senfoni-orkestrasindan-aralik-konseri\/","title":{"rendered":"Cumhurba\u015fkanl\u0131\u011f\u0131 Senfoni Orkestras\u0131\u2019ndan Aral\u0131k konseri\u2026"},"content":{"rendered":"<div>\n<div class=\"mariselle-image-container center\">\n                                            <\/div>\n<p>Cumhurba\u015fkanl\u0131\u011f\u0131 Senfoni Orkestras\u0131\u2019n\u0131n (CSO) 13 Aral\u0131k Cuma, saat 20.00\u2019de ger\u00e7ekle\u015fecek Aral\u0131k Konserinde izleyicilerle bulu\u015faca\u011f\u0131 bildirildi. <\/p>\n<p>KKTC Turkcell\u2019in ileti\u015fim sponsorlu\u011funda YD\u00dc AKKM\u2019de yer alacak konser, \u015fef Murat Menket y\u00f6netiminde ve \u00fccretsiz olarak halka sunulacak.<\/p>\n<\/p><\/div>\n<p><script async\n                    defer\n                    crossorigin=\"anonymous\"\n                    src=\"https:\/\/connect.facebook.net\/tr_TR\/sdk.js#xfbml=1&#038;version=v3.3\"\n            ><\/script><\/p>\n","protected":false},"excerpt":{"rendered":"<p>Cumhurba\u015fkanl\u0131\u011f\u0131 Senfoni Orkestras\u0131\u2019n\u0131n (CSO) 13 Aral\u0131k Cuma, saat 20.00\u2019de ger\u00e7ekle\u015fecek Aral\u0131k Konserinde izleyicilerle bulu\u015faca\u011f\u0131 bildirildi. KKTC Turkcell\u2019in ileti\u015fim sponsorlu\u011funda YD\u00dc AKKM\u2019de yer alacak konser, \u015fef Murat Menket y\u00f6netiminde ve \u00fccretsiz olarak halka sunulacak.<\/p>\n","protected":false},"author":1,"featured_media":15224,"comment_status":"open","ping_status":"open","sticky":false,"template":"","format":"standard","meta":{"jnews-multi-image_gallery":[],"jnews_single_post":[],"jnews_primary_category":[],"jnews_social_meta":[],"jnews_override_counter":[],"footnotes":""},"categories":[6],"tags":[],"class_list":["post-15223","post","type-post","status-publish","format-standard","has-post-thumbnail","hentry","category-yasam"],"yoast_head":"<!-- This site is optimized with the Yoast SEO plugin v27.4 - https:\/\/yoast.com\/product\/yoast-seo-wordpress\/ -->\n<title>Cumhurba\u015fkanl\u0131\u011f\u0131 Senfoni Orkestras\u0131\u2019ndan Aral\u0131k konseri\u2026 - Kuzeyin Sesi<\/title>\n<meta name=\"robots\" content=\"index, follow, max-snippet:-1, max-image-preview:large, max-video-preview:-1\" \/>\n<link rel=\"canonical\" href=\"https:\/\/kuzeyinsesi.org\/index.php\/2024\/12\/09\/cumhurbaskanligi-senfoni-orkestrasindan-aralik-konseri\/\" \/>\n<meta property=\"og:locale\" content=\"tr_TR\" \/>\n<meta property=\"og:type\" content=\"article\" \/>\n<meta property=\"og:title\" content=\"Cumhurba\u015fkanl\u0131\u011f\u0131 Senfoni Orkestras\u0131\u2019ndan Aral\u0131k konseri\u2026 - Kuzeyin Sesi\" \/>\n<meta property=\"og:description\" content=\"Cumhurba\u015fkanl\u0131\u011f\u0131 Senfoni Orkestras\u0131\u2019n\u0131n (CSO) 13 Aral\u0131k Cuma, saat 20.00\u2019de ger\u00e7ekle\u015fecek Aral\u0131k Konserinde izleyicilerle bulu\u015faca\u011f\u0131 bildirildi. KKTC Turkcell\u2019in ileti\u015fim sponsorlu\u011funda YD\u00dc AKKM\u2019de yer alacak konser, \u015fef Murat Menket y\u00f6netiminde ve \u00fccretsiz olarak halka sunulacak.\" \/>\n<meta property=\"og:url\" content=\"https:\/\/kuzeyinsesi.org\/index.php\/2024\/12\/09\/cumhurbaskanligi-senfoni-orkestrasindan-aralik-konseri\/\" \/>\n<meta property=\"og:site_name\" content=\"Kuzeyin Sesi\" \/>\n<meta property=\"article:publisher\" content=\"https:\/\/www.facebook.com\/kuzeyinsesii\" \/>\n<meta property=\"article:published_time\" content=\"2024-12-09T10:37:53+00:00\" \/>\n<meta property=\"og:image\" content=\"https:\/\/brtk.net\/wp-content\/uploads\/2024\/12\/09\/32323232.jpg?ver=62d44a003041c2abf4464df985719e85\" \/>\n<meta name=\"author\" content=\"Kuzeyin Sesi\" \/>\n<meta name=\"twitter:card\" content=\"summary_large_image\" \/>\n<meta name=\"twitter:creator\" content=\"@kuzeyinsesii\" \/>\n<meta name=\"twitter:site\" content=\"@kuzeyinsesii\" \/>\n<meta name=\"twitter:label1\" content=\"Yazan:\" \/>\n\t<meta name=\"twitter:data1\" content=\"Kuzeyin Sesi\" \/>\n<script type=\"application\/ld+json\" class=\"yoast-schema-graph\">{\"@context\":\"https:\\\/\\\/schema.org\",\"@graph\":[{\"@type\":\"Article\",\"@id\":\"https:\\\/\\\/kuzeyinsesi.org\\\/index.php\\\/2024\\\/12\\\/09\\\/cumhurbaskanligi-senfoni-orkestrasindan-aralik-konseri\\\/#article\",\"isPartOf\":{\"@id\":\"https:\\\/\\\/kuzeyinsesi.org\\\/index.php\\\/2024\\\/12\\\/09\\\/cumhurbaskanligi-senfoni-orkestrasindan-aralik-konseri\\\/\"},\"author\":{\"name\":\"Kuzeyin Sesi\",\"@id\":\"https:\\\/\\\/kuzeyinsesi.org\\\/#\\\/schema\\\/person\\\/9f859689cdf01485597712386e37f5aa\"},\"headline\":\"Cumhurba\u015fkanl\u0131\u011f\u0131 Senfoni Orkestras\u0131\u2019ndan Aral\u0131k konseri\u2026\",\"datePublished\":\"2024-12-09T10:37:53+00:00\",\"mainEntityOfPage\":{\"@id\":\"https:\\\/\\\/kuzeyinsesi.org\\\/index.php\\\/2024\\\/12\\\/09\\\/cumhurbaskanligi-senfoni-orkestrasindan-aralik-konseri\\\/\"},\"wordCount\":53,\"commentCount\":0,\"image\":{\"@id\":\"https:\\\/\\\/kuzeyinsesi.org\\\/index.php\\\/2024\\\/12\\\/09\\\/cumhurbaskanligi-senfoni-orkestrasindan-aralik-konseri\\\/#primaryimage\"},\"thumbnailUrl\":\"https:\\\/\\\/kuzeyinsesi.org\\\/wp-content\\\/uploads\\\/2024\\\/12\\\/32323232.jpg\",\"articleSection\":[\"Ya\u015fam\"],\"inLanguage\":\"tr\",\"potentialAction\":[{\"@type\":\"CommentAction\",\"name\":\"Comment\",\"target\":[\"https:\\\/\\\/kuzeyinsesi.org\\\/index.php\\\/2024\\\/12\\\/09\\\/cumhurbaskanligi-senfoni-orkestrasindan-aralik-konseri\\\/#respond\"]}]},{\"@type\":\"WebPage\",\"@id\":\"https:\\\/\\\/kuzeyinsesi.org\\\/index.php\\\/2024\\\/12\\\/09\\\/cumhurbaskanligi-senfoni-orkestrasindan-aralik-konseri\\\/\",\"url\":\"https:\\\/\\\/kuzeyinsesi.org\\\/index.php\\\/2024\\\/12\\\/09\\\/cumhurbaskanligi-senfoni-orkestrasindan-aralik-konseri\\\/\",\"name\":\"Cumhurba\u015fkanl\u0131\u011f\u0131 Senfoni Orkestras\u0131\u2019ndan Aral\u0131k konseri\u2026 - Kuzeyin Sesi\",\"isPartOf\":{\"@id\":\"https:\\\/\\\/kuzeyinsesi.org\\\/#website\"},\"primaryImageOfPage\":{\"@id\":\"https:\\\/\\\/kuzeyinsesi.org\\\/index.php\\\/2024\\\/12\\\/09\\\/cumhurbaskanligi-senfoni-orkestrasindan-aralik-konseri\\\/#primaryimage\"},\"image\":{\"@id\":\"https:\\\/\\\/kuzeyinsesi.org\\\/index.php\\\/2024\\\/12\\\/09\\\/cumhurbaskanligi-senfoni-orkestrasindan-aralik-konseri\\\/#primaryimage\"},\"thumbnailUrl\":\"https:\\\/\\\/kuzeyinsesi.org\\\/wp-content\\\/uploads\\\/2024\\\/12\\\/32323232.jpg\",\"datePublished\":\"2024-12-09T10:37:53+00:00\",\"author\":{\"@id\":\"https:\\\/\\\/kuzeyinsesi.org\\\/#\\\/schema\\\/person\\\/9f859689cdf01485597712386e37f5aa\"},\"breadcrumb\":{\"@id\":\"https:\\\/\\\/kuzeyinsesi.org\\\/index.php\\\/2024\\\/12\\\/09\\\/cumhurbaskanligi-senfoni-orkestrasindan-aralik-konseri\\\/#breadcrumb\"},\"inLanguage\":\"tr\",\"potentialAction\":[{\"@type\":\"ReadAction\",\"target\":[\"https:\\\/\\\/kuzeyinsesi.org\\\/index.php\\\/2024\\\/12\\\/09\\\/cumhurbaskanligi-senfoni-orkestrasindan-aralik-konseri\\\/\"]}]},{\"@type\":\"ImageObject\",\"inLanguage\":\"tr\",\"@id\":\"https:\\\/\\\/kuzeyinsesi.org\\\/index.php\\\/2024\\\/12\\\/09\\\/cumhurbaskanligi-senfoni-orkestrasindan-aralik-konseri\\\/#primaryimage\",\"url\":\"https:\\\/\\\/kuzeyinsesi.org\\\/wp-content\\\/uploads\\\/2024\\\/12\\\/32323232.jpg\",\"contentUrl\":\"https:\\\/\\\/kuzeyinsesi.org\\\/wp-content\\\/uploads\\\/2024\\\/12\\\/32323232.jpg\",\"width\":620,\"height\":350},{\"@type\":\"BreadcrumbList\",\"@id\":\"https:\\\/\\\/kuzeyinsesi.org\\\/index.php\\\/2024\\\/12\\\/09\\\/cumhurbaskanligi-senfoni-orkestrasindan-aralik-konseri\\\/#breadcrumb\",\"itemListElement\":[{\"@type\":\"ListItem\",\"position\":1,\"name\":\"Anasayfa\",\"item\":\"https:\\\/\\\/kuzeyinsesi.org\\\/\"},{\"@type\":\"ListItem\",\"position\":2,\"name\":\"Cumhurba\u015fkanl\u0131\u011f\u0131 Senfoni Orkestras\u0131\u2019ndan Aral\u0131k konseri\u2026\"}]},{\"@type\":\"WebSite\",\"@id\":\"https:\\\/\\\/kuzeyinsesi.org\\\/#website\",\"url\":\"https:\\\/\\\/kuzeyinsesi.org\\\/\",\"name\":\"Kuzeyin Sesi\",\"description\":\"Do\u011fru Haberin Adresi\",\"potentialAction\":[{\"@type\":\"SearchAction\",\"target\":{\"@type\":\"EntryPoint\",\"urlTemplate\":\"https:\\\/\\\/kuzeyinsesi.org\\\/?s={search_term_string}\"},\"query-input\":{\"@type\":\"PropertyValueSpecification\",\"valueRequired\":true,\"valueName\":\"search_term_string\"}}],\"inLanguage\":\"tr\"},{\"@type\":\"Person\",\"@id\":\"https:\\\/\\\/kuzeyinsesi.org\\\/#\\\/schema\\\/person\\\/9f859689cdf01485597712386e37f5aa\",\"name\":\"Kuzeyin Sesi\",\"image\":{\"@type\":\"ImageObject\",\"inLanguage\":\"tr\",\"@id\":\"https:\\\/\\\/secure.gravatar.com\\\/avatar\\\/bab33852abfd8b282518d6ed81826833d77c3c882d9ab608add591ccace47a44?s=96&d=mm&r=g\",\"url\":\"https:\\\/\\\/secure.gravatar.com\\\/avatar\\\/bab33852abfd8b282518d6ed81826833d77c3c882d9ab608add591ccace47a44?s=96&d=mm&r=g\",\"contentUrl\":\"https:\\\/\\\/secure.gravatar.com\\\/avatar\\\/bab33852abfd8b282518d6ed81826833d77c3c882d9ab608add591ccace47a44?s=96&d=mm&r=g\",\"caption\":\"Kuzeyin Sesi\"},\"sameAs\":[\"https:\\\/\\\/kuzeyinsesi.org\"],\"url\":\"https:\\\/\\\/kuzeyinsesi.org\\\/index.php\\\/author\\\/guven\\\/\"}]}<\/script>\n<!-- \/ Yoast SEO plugin. -->","yoast_head_json":{"title":"Cumhurba\u015fkanl\u0131\u011f\u0131 Senfoni Orkestras\u0131\u2019ndan Aral\u0131k konseri\u2026 - Kuzeyin Sesi","robots":{"index":"index","follow":"follow","max-snippet":"max-snippet:-1","max-image-preview":"max-image-preview:large","max-video-preview":"max-video-preview:-1"},"canonical":"https:\/\/kuzeyinsesi.org\/index.php\/2024\/12\/09\/cumhurbaskanligi-senfoni-orkestrasindan-aralik-konseri\/","og_locale":"tr_TR","og_type":"article","og_title":"Cumhurba\u015fkanl\u0131\u011f\u0131 Senfoni Orkestras\u0131\u2019ndan Aral\u0131k konseri\u2026 - Kuzeyin Sesi","og_description":"Cumhurba\u015fkanl\u0131\u011f\u0131 Senfoni Orkestras\u0131\u2019n\u0131n (CSO) 13 Aral\u0131k Cuma, saat 20.00\u2019de ger\u00e7ekle\u015fecek Aral\u0131k Konserinde izleyicilerle bulu\u015faca\u011f\u0131 bildirildi. KKTC Turkcell\u2019in ileti\u015fim sponsorlu\u011funda YD\u00dc AKKM\u2019de yer alacak konser, \u015fef Murat Menket y\u00f6netiminde ve \u00fccretsiz olarak halka sunulacak.","og_url":"https:\/\/kuzeyinsesi.org\/index.php\/2024\/12\/09\/cumhurbaskanligi-senfoni-orkestrasindan-aralik-konseri\/","og_site_name":"Kuzeyin Sesi","article_publisher":"https:\/\/www.facebook.com\/kuzeyinsesii","article_published_time":"2024-12-09T10:37:53+00:00","og_image":[{"url":"https:\/\/brtk.net\/wp-content\/uploads\/2024\/12\/09\/32323232.jpg?ver=62d44a003041c2abf4464df985719e85","type":"","width":"","height":""}],"author":"Kuzeyin Sesi","twitter_card":"summary_large_image","twitter_creator":"@kuzeyinsesii","twitter_site":"@kuzeyinsesii","twitter_misc":{"Yazan:":"Kuzeyin Sesi"},"schema":{"@context":"https:\/\/schema.org","@graph":[{"@type":"Article","@id":"https:\/\/kuzeyinsesi.org\/index.php\/2024\/12\/09\/cumhurbaskanligi-senfoni-orkestrasindan-aralik-konseri\/#article","isPartOf":{"@id":"https:\/\/kuzeyinsesi.org\/index.php\/2024\/12\/09\/cumhurbaskanligi-senfoni-orkestrasindan-aralik-konseri\/"},"author":{"name":"Kuzeyin Sesi","@id":"https:\/\/kuzeyinsesi.org\/#\/schema\/person\/9f859689cdf01485597712386e37f5aa"},"headline":"Cumhurba\u015fkanl\u0131\u011f\u0131 Senfoni Orkestras\u0131\u2019ndan Aral\u0131k konseri\u2026","datePublished":"2024-12-09T10:37:53+00:00","mainEntityOfPage":{"@id":"https:\/\/kuzeyinsesi.org\/index.php\/2024\/12\/09\/cumhurbaskanligi-senfoni-orkestrasindan-aralik-konseri\/"},"wordCount":53,"commentCount":0,"image":{"@id":"https:\/\/kuzeyinsesi.org\/index.php\/2024\/12\/09\/cumhurbaskanligi-senfoni-orkestrasindan-aralik-konseri\/#primaryimage"},"thumbnailUrl":"https:\/\/kuzeyinsesi.org\/wp-content\/uploads\/2024\/12\/32323232.jpg","articleSection":["Ya\u015fam"],"inLanguage":"tr","potentialAction":[{"@type":"CommentAction","name":"Comment","target":["https:\/\/kuzeyinsesi.org\/index.php\/2024\/12\/09\/cumhurbaskanligi-senfoni-orkestrasindan-aralik-konseri\/#respond"]}]},{"@type":"WebPage","@id":"https:\/\/kuzeyinsesi.org\/index.php\/2024\/12\/09\/cumhurbaskanligi-senfoni-orkestrasindan-aralik-konseri\/","url":"https:\/\/kuzeyinsesi.org\/index.php\/2024\/12\/09\/cumhurbaskanligi-senfoni-orkestrasindan-aralik-konseri\/","name":"Cumhurba\u015fkanl\u0131\u011f\u0131 Senfoni Orkestras\u0131\u2019ndan Aral\u0131k konseri\u2026 - Kuzeyin Sesi","isPartOf":{"@id":"https:\/\/kuzeyinsesi.org\/#website"},"primaryImageOfPage":{"@id":"https:\/\/kuzeyinsesi.org\/index.php\/2024\/12\/09\/cumhurbaskanligi-senfoni-orkestrasindan-aralik-konseri\/#primaryimage"},"image":{"@id":"https:\/\/kuzeyinsesi.org\/index.php\/2024\/12\/09\/cumhurbaskanligi-senfoni-orkestrasindan-aralik-konseri\/#primaryimage"},"thumbnailUrl":"https:\/\/kuzeyinsesi.org\/wp-content\/uploads\/2024\/12\/32323232.jpg","datePublished":"2024-12-09T10:37:53+00:00","author":{"@id":"https:\/\/kuzeyinsesi.org\/#\/schema\/person\/9f859689cdf01485597712386e37f5aa"},"breadcrumb":{"@id":"https:\/\/kuzeyinsesi.org\/index.php\/2024\/12\/09\/cumhurbaskanligi-senfoni-orkestrasindan-aralik-konseri\/#breadcrumb"},"inLanguage":"tr","potentialAction":[{"@type":"ReadAction","target":["https:\/\/kuzeyinsesi.org\/index.php\/2024\/12\/09\/cumhurbaskanligi-senfoni-orkestrasindan-aralik-konseri\/"]}]},{"@type":"ImageObject","inLanguage":"tr","@id":"https:\/\/kuzeyinsesi.org\/index.php\/2024\/12\/09\/cumhurbaskanligi-senfoni-orkestrasindan-aralik-konseri\/#primaryimage","url":"https:\/\/kuzeyinsesi.org\/wp-content\/uploads\/2024\/12\/32323232.jpg","contentUrl":"https:\/\/kuzeyinsesi.org\/wp-content\/uploads\/2024\/12\/32323232.jpg","width":620,"height":350},{"@type":"BreadcrumbList","@id":"https:\/\/kuzeyinsesi.org\/index.php\/2024\/12\/09\/cumhurbaskanligi-senfoni-orkestrasindan-aralik-konseri\/#breadcrumb","itemListElement":[{"@type":"ListItem","position":1,"name":"Anasayfa","item":"https:\/\/kuzeyinsesi.org\/"},{"@type":"ListItem","position":2,"name":"Cumhurba\u015fkanl\u0131\u011f\u0131 Senfoni Orkestras\u0131\u2019ndan Aral\u0131k konseri\u2026"}]},{"@type":"WebSite","@id":"https:\/\/kuzeyinsesi.org\/#website","url":"https:\/\/kuzeyinsesi.org\/","name":"Kuzeyin Sesi","description":"Do\u011fru Haberin Adresi","potentialAction":[{"@type":"SearchAction","target":{"@type":"EntryPoint","urlTemplate":"https:\/\/kuzeyinsesi.org\/?s={search_term_string}"},"query-input":{"@type":"PropertyValueSpecification","valueRequired":true,"valueName":"search_term_string"}}],"inLanguage":"tr"},{"@type":"Person","@id":"https:\/\/kuzeyinsesi.org\/#\/schema\/person\/9f859689cdf01485597712386e37f5aa","name":"Kuzeyin Sesi","image":{"@type":"ImageObject","inLanguage":"tr","@id":"https:\/\/secure.gravatar.com\/avatar\/bab33852abfd8b282518d6ed81826833d77c3c882d9ab608add591ccace47a44?s=96&d=mm&r=g","url":"https:\/\/secure.gravatar.com\/avatar\/bab33852abfd8b282518d6ed81826833d77c3c882d9ab608add591ccace47a44?s=96&d=mm&r=g","contentUrl":"https:\/\/secure.gravatar.com\/avatar\/bab33852abfd8b282518d6ed81826833d77c3c882d9ab608add591ccace47a44?s=96&d=mm&r=g","caption":"Kuzeyin Sesi"},"sameAs":["https:\/\/kuzeyinsesi.org"],"url":"https:\/\/kuzeyinsesi.org\/index.php\/author\/guven\/"}]}},"_links":{"self":[{"href":"https:\/\/kuzeyinsesi.org\/index.php\/wp-json\/wp\/v2\/posts\/15223","targetHints":{"allow":["GET"]}}],"collection":[{"href":"https:\/\/kuzeyinsesi.org\/index.php\/wp-json\/wp\/v2\/posts"}],"about":[{"href":"https:\/\/kuzeyinsesi.org\/index.php\/wp-json\/wp\/v2\/types\/post"}],"author":[{"embeddable":true,"href":"https:\/\/kuzeyinsesi.org\/index.php\/wp-json\/wp\/v2\/users\/1"}],"replies":[{"embeddable":true,"href":"https:\/\/kuzeyinsesi.org\/index.php\/wp-json\/wp\/v2\/comments?post=15223"}],"version-history":[{"count":0,"href":"https:\/\/kuzeyinsesi.org\/index.php\/wp-json\/wp\/v2\/posts\/15223\/revisions"}],"wp:featuredmedia":[{"embeddable":true,"href":"https:\/\/kuzeyinsesi.org\/index.php\/wp-json\/wp\/v2\/media\/15224"}],"wp:attachment":[{"href":"https:\/\/kuzeyinsesi.org\/index.php\/wp-json\/wp\/v2\/media?parent=15223"}],"wp:term":[{"taxonomy":"category","embeddable":true,"href":"https:\/\/kuzeyinsesi.org\/index.php\/wp-json\/wp\/v2\/categories?post=15223"},{"taxonomy":"post_tag","embeddable":true,"href":"https:\/\/kuzeyinsesi.org\/index.php\/wp-json\/wp\/v2\/tags?post=15223"}],"curies":[{"name":"wp","href":"https:\/\/api.w.org\/{rel}","templated":true}]}}