{"id":15221,"date":"2024-12-09T11:35:24","date_gmt":"2024-12-09T09:35:24","guid":{"rendered":"https:\/\/kuzeyinsesi.org\/index.php\/2024\/12\/09\/mevlanayi-anma-etkinlikleri-basliyor\/"},"modified":"2024-12-09T11:35:24","modified_gmt":"2024-12-09T09:35:24","slug":"mevlanayi-anma-etkinlikleri-basliyor","status":"publish","type":"post","link":"https:\/\/kuzeyinsesi.org\/index.php\/2024\/12\/09\/mevlanayi-anma-etkinlikleri-basliyor\/","title":{"rendered":"Mevl\u00e2n\u00e2\u2019y\u0131 anma etkinlikleri ba\u015fl\u0131yor"},"content":{"rendered":"<div>\n<div class=\"mariselle-image-container center\">\n                                            <\/div>\n<p>Mevl\u00e2n\u00e2 Cel\u00e2ledd\u00een-i R\u00fbm\u00ee\u2019nin sevgi, ho\u015fg\u00f6r\u00fc ve karde\u015flik mesajlar\u0131 ve vuslata eri\u015finin 751. y\u0131l d\u00f6n\u00fcm\u00fcnde Kuzey K\u0131br\u0131s T\u00fcrk Cumhuriyeti\u2019nde de etkinliklerle an\u0131lacak.<\/p>\n<p>Lefko\u015fa Yunus Emre Enstit\u00fcs\u00fc M\u00fcd\u00fcr\u00fc Abdullah Akta\u015f\u2019\u0131n verdi\u011fi bilgiye g\u00f6re, T\u00fcrkiye Cumhuriyeti K\u00fclt\u00fcr ve Turizm Bakanl\u0131\u011f\u0131 G\u00fczel Sanatlar Genel M\u00fcd\u00fcrl\u00fc\u011f\u00fc sanat\u00e7\u0131lar\u0131n\u0131n kat\u0131l\u0131mlar\u0131yla Lefko\u015fa Yunus Emre Enstit\u00fcs\u00fc \u00f6nc\u00fcl\u00fc\u011f\u00fcnde, Uluslararas\u0131 Final \u00dcniversitesi\u2019nin destekleriyle ger\u00e7ekle\u015ftirilecek etkinlikler, sanat ve maneviyat dolu bir programla kat\u0131l\u0131mc\u0131lar\u0131 a\u011f\u0131rlayacak.<\/p>\n<p>Anma etkinliklerine, yar\u0131n saat 19.00\u2019da Lefko\u015fa Mevlevihanesinde icra edilecek tasavvuf m\u00fczi\u011fi dinletisi ve sema g\u00f6sterisinin yer alaca\u011f\u0131 a\u00e7\u0131l\u0131\u015f program\u0131yla ba\u015flanacak.<\/p>\n<p>Hafta boyunca devam edecek etkinliklerde farkl\u0131 \u015fehirlerde ve mek\u00e2nlarda Mevl\u00e2n\u00e2\u2019n\u0131n sevgi ve ho\u015fg\u00f6r\u00fc mesajlar\u0131n\u0131 yeniden hat\u0131rlatacak programlar yer alacak.<\/p>\n<p>Bu kapsamda 12 Aral\u0131k Per\u015fembe g\u00fcn\u00fc saat 15.00\u2019te Girne\u2019de Uluslararas\u0131 Final \u00dcniversitesinde, 13 Aral\u0131k Cuma g\u00fcn\u00fc saat 19.00\u2019da Gazima\u011fusa\u2019da Ada Kent \u00dcniversitesinde, 16 Aral\u0131k Pazartesi g\u00fcn\u00fc saat 19.00\u2019da Lefke Avrupa \u00dcniversitesi Hukuk Fak\u00fcltesi Konferans Salonunda tasavvuf m\u00fczi\u011fi dinletileri ve sema g\u00f6sterileri ger\u00e7ekle\u015ftirilecek.<\/p>\n<p>Program, 17 Aral\u0131k Sal\u0131 g\u00fcn\u00fc saat 19.00\u2019da Lefko\u015fa Mevlevihanesinde d\u00fczenlenecek \u015eeb-i Ar\u00fbs t\u00f6reniyle sona erecek.<\/p>\n<p>Etkinliklere t\u00fcm halk\u0131n davetli oldu\u011fu belirtilen a\u00e7\u0131klamada, programla ilgili detayl\u0131 bilgi almak isteyenler enstit\u00fcn\u00fcn 227 31 79 numaral\u0131 telefonunu arayabilir.<\/p>\n<\/p><\/div>\n<p><script async\n                    defer\n                    crossorigin=\"anonymous\"\n                    src=\"https:\/\/connect.facebook.net\/tr_TR\/sdk.js#xfbml=1&#038;version=v3.3\"\n            ><\/script><\/p>\n","protected":false},"excerpt":{"rendered":"<p>Mevl\u00e2n\u00e2 Cel\u00e2ledd\u00een-i R\u00fbm\u00ee\u2019nin sevgi, ho\u015fg\u00f6r\u00fc ve karde\u015flik mesajlar\u0131 ve vuslata eri\u015finin 751. y\u0131l d\u00f6n\u00fcm\u00fcnde Kuzey K\u0131br\u0131s T\u00fcrk Cumhuriyeti\u2019nde de etkinliklerle an\u0131lacak. Lefko\u015fa Yunus Emre Enstit\u00fcs\u00fc M\u00fcd\u00fcr\u00fc Abdullah Akta\u015f\u2019\u0131n verdi\u011fi bilgiye g\u00f6re, T\u00fcrkiye Cumhuriyeti K\u00fclt\u00fcr ve Turizm Bakanl\u0131\u011f\u0131 G\u00fczel Sanatlar Genel M\u00fcd\u00fcrl\u00fc\u011f\u00fc sanat\u00e7\u0131lar\u0131n\u0131n kat\u0131l\u0131mlar\u0131yla Lefko\u015fa Yunus Emre Enstit\u00fcs\u00fc \u00f6nc\u00fcl\u00fc\u011f\u00fcnde, Uluslararas\u0131 Final \u00dcniversitesi\u2019nin destekleriyle ger\u00e7ekle\u015ftirilecek etkinlikler, sanat [&hellip;]<\/p>\n","protected":false},"author":1,"featured_media":15222,"comment_status":"open","ping_status":"open","sticky":false,"template":"","format":"standard","meta":{"jnews-multi-image_gallery":[],"jnews_single_post":[],"jnews_primary_category":[],"jnews_social_meta":[],"jnews_override_counter":[],"footnotes":""},"categories":[6],"tags":[],"class_list":["post-15221","post","type-post","status-publish","format-standard","has-post-thumbnail","hentry","category-yasam"],"yoast_head":"<!-- This site is optimized with the Yoast SEO plugin v27.4 - https:\/\/yoast.com\/product\/yoast-seo-wordpress\/ -->\n<title>Mevl\u00e2n\u00e2\u2019y\u0131 anma etkinlikleri ba\u015fl\u0131yor - Kuzeyin Sesi<\/title>\n<meta name=\"robots\" content=\"index, follow, max-snippet:-1, max-image-preview:large, max-video-preview:-1\" \/>\n<link rel=\"canonical\" href=\"https:\/\/kuzeyinsesi.org\/index.php\/2024\/12\/09\/mevlanayi-anma-etkinlikleri-basliyor\/\" \/>\n<meta property=\"og:locale\" content=\"tr_TR\" \/>\n<meta property=\"og:type\" content=\"article\" \/>\n<meta property=\"og:title\" content=\"Mevl\u00e2n\u00e2\u2019y\u0131 anma etkinlikleri ba\u015fl\u0131yor - Kuzeyin Sesi\" \/>\n<meta property=\"og:description\" content=\"Mevl\u00e2n\u00e2 Cel\u00e2ledd\u00een-i R\u00fbm\u00ee\u2019nin sevgi, ho\u015fg\u00f6r\u00fc ve karde\u015flik mesajlar\u0131 ve vuslata eri\u015finin 751. y\u0131l d\u00f6n\u00fcm\u00fcnde Kuzey K\u0131br\u0131s T\u00fcrk Cumhuriyeti\u2019nde de etkinliklerle an\u0131lacak. Lefko\u015fa Yunus Emre Enstit\u00fcs\u00fc M\u00fcd\u00fcr\u00fc Abdullah Akta\u015f\u2019\u0131n verdi\u011fi bilgiye g\u00f6re, T\u00fcrkiye Cumhuriyeti K\u00fclt\u00fcr ve Turizm Bakanl\u0131\u011f\u0131 G\u00fczel Sanatlar Genel M\u00fcd\u00fcrl\u00fc\u011f\u00fc sanat\u00e7\u0131lar\u0131n\u0131n kat\u0131l\u0131mlar\u0131yla Lefko\u015fa Yunus Emre Enstit\u00fcs\u00fc \u00f6nc\u00fcl\u00fc\u011f\u00fcnde, Uluslararas\u0131 Final \u00dcniversitesi\u2019nin destekleriyle ger\u00e7ekle\u015ftirilecek etkinlikler, sanat [&hellip;]\" \/>\n<meta property=\"og:url\" content=\"https:\/\/kuzeyinsesi.org\/index.php\/2024\/12\/09\/mevlanayi-anma-etkinlikleri-basliyor\/\" \/>\n<meta property=\"og:site_name\" content=\"Kuzeyin Sesi\" \/>\n<meta property=\"article:publisher\" content=\"https:\/\/www.facebook.com\/kuzeyinsesii\" \/>\n<meta property=\"article:published_time\" content=\"2024-12-09T09:35:24+00:00\" \/>\n<meta property=\"og:image\" content=\"https:\/\/brtk.net\/wp-content\/uploads\/2024\/12\/09\/mevlana.jpg?ver=3c74bec85b16a0ea3ba9bc4a1d8d09c3\" \/>\n<meta name=\"author\" content=\"Kuzeyin Sesi\" \/>\n<meta name=\"twitter:card\" content=\"summary_large_image\" \/>\n<meta name=\"twitter:creator\" content=\"@kuzeyinsesii\" \/>\n<meta name=\"twitter:site\" content=\"@kuzeyinsesii\" \/>\n<meta name=\"twitter:label1\" content=\"Yazan:\" \/>\n\t<meta name=\"twitter:data1\" content=\"Kuzeyin Sesi\" \/>\n\t<meta name=\"twitter:label2\" content=\"Tahmini okuma s\u00fcresi\" \/>\n\t<meta name=\"twitter:data2\" content=\"1 dakika\" \/>\n<script type=\"application\/ld+json\" class=\"yoast-schema-graph\">{\"@context\":\"https:\\\/\\\/schema.org\",\"@graph\":[{\"@type\":\"Article\",\"@id\":\"https:\\\/\\\/kuzeyinsesi.org\\\/index.php\\\/2024\\\/12\\\/09\\\/mevlanayi-anma-etkinlikleri-basliyor\\\/#article\",\"isPartOf\":{\"@id\":\"https:\\\/\\\/kuzeyinsesi.org\\\/index.php\\\/2024\\\/12\\\/09\\\/mevlanayi-anma-etkinlikleri-basliyor\\\/\"},\"author\":{\"name\":\"Kuzeyin Sesi\",\"@id\":\"https:\\\/\\\/kuzeyinsesi.org\\\/#\\\/schema\\\/person\\\/9f859689cdf01485597712386e37f5aa\"},\"headline\":\"Mevl\u00e2n\u00e2\u2019y\u0131 anma etkinlikleri ba\u015fl\u0131yor\",\"datePublished\":\"2024-12-09T09:35:24+00:00\",\"mainEntityOfPage\":{\"@id\":\"https:\\\/\\\/kuzeyinsesi.org\\\/index.php\\\/2024\\\/12\\\/09\\\/mevlanayi-anma-etkinlikleri-basliyor\\\/\"},\"wordCount\":270,\"commentCount\":0,\"image\":{\"@id\":\"https:\\\/\\\/kuzeyinsesi.org\\\/index.php\\\/2024\\\/12\\\/09\\\/mevlanayi-anma-etkinlikleri-basliyor\\\/#primaryimage\"},\"thumbnailUrl\":\"https:\\\/\\\/kuzeyinsesi.org\\\/wp-content\\\/uploads\\\/2024\\\/12\\\/mevlana.jpg\",\"articleSection\":[\"Ya\u015fam\"],\"inLanguage\":\"tr\",\"potentialAction\":[{\"@type\":\"CommentAction\",\"name\":\"Comment\",\"target\":[\"https:\\\/\\\/kuzeyinsesi.org\\\/index.php\\\/2024\\\/12\\\/09\\\/mevlanayi-anma-etkinlikleri-basliyor\\\/#respond\"]}]},{\"@type\":\"WebPage\",\"@id\":\"https:\\\/\\\/kuzeyinsesi.org\\\/index.php\\\/2024\\\/12\\\/09\\\/mevlanayi-anma-etkinlikleri-basliyor\\\/\",\"url\":\"https:\\\/\\\/kuzeyinsesi.org\\\/index.php\\\/2024\\\/12\\\/09\\\/mevlanayi-anma-etkinlikleri-basliyor\\\/\",\"name\":\"Mevl\u00e2n\u00e2\u2019y\u0131 anma etkinlikleri ba\u015fl\u0131yor - Kuzeyin Sesi\",\"isPartOf\":{\"@id\":\"https:\\\/\\\/kuzeyinsesi.org\\\/#website\"},\"primaryImageOfPage\":{\"@id\":\"https:\\\/\\\/kuzeyinsesi.org\\\/index.php\\\/2024\\\/12\\\/09\\\/mevlanayi-anma-etkinlikleri-basliyor\\\/#primaryimage\"},\"image\":{\"@id\":\"https:\\\/\\\/kuzeyinsesi.org\\\/index.php\\\/2024\\\/12\\\/09\\\/mevlanayi-anma-etkinlikleri-basliyor\\\/#primaryimage\"},\"thumbnailUrl\":\"https:\\\/\\\/kuzeyinsesi.org\\\/wp-content\\\/uploads\\\/2024\\\/12\\\/mevlana.jpg\",\"datePublished\":\"2024-12-09T09:35:24+00:00\",\"author\":{\"@id\":\"https:\\\/\\\/kuzeyinsesi.org\\\/#\\\/schema\\\/person\\\/9f859689cdf01485597712386e37f5aa\"},\"breadcrumb\":{\"@id\":\"https:\\\/\\\/kuzeyinsesi.org\\\/index.php\\\/2024\\\/12\\\/09\\\/mevlanayi-anma-etkinlikleri-basliyor\\\/#breadcrumb\"},\"inLanguage\":\"tr\",\"potentialAction\":[{\"@type\":\"ReadAction\",\"target\":[\"https:\\\/\\\/kuzeyinsesi.org\\\/index.php\\\/2024\\\/12\\\/09\\\/mevlanayi-anma-etkinlikleri-basliyor\\\/\"]}]},{\"@type\":\"ImageObject\",\"inLanguage\":\"tr\",\"@id\":\"https:\\\/\\\/kuzeyinsesi.org\\\/index.php\\\/2024\\\/12\\\/09\\\/mevlanayi-anma-etkinlikleri-basliyor\\\/#primaryimage\",\"url\":\"https:\\\/\\\/kuzeyinsesi.org\\\/wp-content\\\/uploads\\\/2024\\\/12\\\/mevlana.jpg\",\"contentUrl\":\"https:\\\/\\\/kuzeyinsesi.org\\\/wp-content\\\/uploads\\\/2024\\\/12\\\/mevlana.jpg\",\"width\":620,\"height\":350},{\"@type\":\"BreadcrumbList\",\"@id\":\"https:\\\/\\\/kuzeyinsesi.org\\\/index.php\\\/2024\\\/12\\\/09\\\/mevlanayi-anma-etkinlikleri-basliyor\\\/#breadcrumb\",\"itemListElement\":[{\"@type\":\"ListItem\",\"position\":1,\"name\":\"Anasayfa\",\"item\":\"https:\\\/\\\/kuzeyinsesi.org\\\/\"},{\"@type\":\"ListItem\",\"position\":2,\"name\":\"Mevl\u00e2n\u00e2\u2019y\u0131 anma etkinlikleri ba\u015fl\u0131yor\"}]},{\"@type\":\"WebSite\",\"@id\":\"https:\\\/\\\/kuzeyinsesi.org\\\/#website\",\"url\":\"https:\\\/\\\/kuzeyinsesi.org\\\/\",\"name\":\"Kuzeyin Sesi\",\"description\":\"Do\u011fru Haberin Adresi\",\"potentialAction\":[{\"@type\":\"SearchAction\",\"target\":{\"@type\":\"EntryPoint\",\"urlTemplate\":\"https:\\\/\\\/kuzeyinsesi.org\\\/?s={search_term_string}\"},\"query-input\":{\"@type\":\"PropertyValueSpecification\",\"valueRequired\":true,\"valueName\":\"search_term_string\"}}],\"inLanguage\":\"tr\"},{\"@type\":\"Person\",\"@id\":\"https:\\\/\\\/kuzeyinsesi.org\\\/#\\\/schema\\\/person\\\/9f859689cdf01485597712386e37f5aa\",\"name\":\"Kuzeyin Sesi\",\"image\":{\"@type\":\"ImageObject\",\"inLanguage\":\"tr\",\"@id\":\"https:\\\/\\\/secure.gravatar.com\\\/avatar\\\/bab33852abfd8b282518d6ed81826833d77c3c882d9ab608add591ccace47a44?s=96&d=mm&r=g\",\"url\":\"https:\\\/\\\/secure.gravatar.com\\\/avatar\\\/bab33852abfd8b282518d6ed81826833d77c3c882d9ab608add591ccace47a44?s=96&d=mm&r=g\",\"contentUrl\":\"https:\\\/\\\/secure.gravatar.com\\\/avatar\\\/bab33852abfd8b282518d6ed81826833d77c3c882d9ab608add591ccace47a44?s=96&d=mm&r=g\",\"caption\":\"Kuzeyin Sesi\"},\"sameAs\":[\"https:\\\/\\\/kuzeyinsesi.org\"],\"url\":\"https:\\\/\\\/kuzeyinsesi.org\\\/index.php\\\/author\\\/guven\\\/\"}]}<\/script>\n<!-- \/ Yoast SEO plugin. -->","yoast_head_json":{"title":"Mevl\u00e2n\u00e2\u2019y\u0131 anma etkinlikleri ba\u015fl\u0131yor - Kuzeyin Sesi","robots":{"index":"index","follow":"follow","max-snippet":"max-snippet:-1","max-image-preview":"max-image-preview:large","max-video-preview":"max-video-preview:-1"},"canonical":"https:\/\/kuzeyinsesi.org\/index.php\/2024\/12\/09\/mevlanayi-anma-etkinlikleri-basliyor\/","og_locale":"tr_TR","og_type":"article","og_title":"Mevl\u00e2n\u00e2\u2019y\u0131 anma etkinlikleri ba\u015fl\u0131yor - Kuzeyin Sesi","og_description":"Mevl\u00e2n\u00e2 Cel\u00e2ledd\u00een-i R\u00fbm\u00ee\u2019nin sevgi, ho\u015fg\u00f6r\u00fc ve karde\u015flik mesajlar\u0131 ve vuslata eri\u015finin 751. y\u0131l d\u00f6n\u00fcm\u00fcnde Kuzey K\u0131br\u0131s T\u00fcrk Cumhuriyeti\u2019nde de etkinliklerle an\u0131lacak. Lefko\u015fa Yunus Emre Enstit\u00fcs\u00fc M\u00fcd\u00fcr\u00fc Abdullah Akta\u015f\u2019\u0131n verdi\u011fi bilgiye g\u00f6re, T\u00fcrkiye Cumhuriyeti K\u00fclt\u00fcr ve Turizm Bakanl\u0131\u011f\u0131 G\u00fczel Sanatlar Genel M\u00fcd\u00fcrl\u00fc\u011f\u00fc sanat\u00e7\u0131lar\u0131n\u0131n kat\u0131l\u0131mlar\u0131yla Lefko\u015fa Yunus Emre Enstit\u00fcs\u00fc \u00f6nc\u00fcl\u00fc\u011f\u00fcnde, Uluslararas\u0131 Final \u00dcniversitesi\u2019nin destekleriyle ger\u00e7ekle\u015ftirilecek etkinlikler, sanat [&hellip;]","og_url":"https:\/\/kuzeyinsesi.org\/index.php\/2024\/12\/09\/mevlanayi-anma-etkinlikleri-basliyor\/","og_site_name":"Kuzeyin Sesi","article_publisher":"https:\/\/www.facebook.com\/kuzeyinsesii","article_published_time":"2024-12-09T09:35:24+00:00","og_image":[{"url":"https:\/\/brtk.net\/wp-content\/uploads\/2024\/12\/09\/mevlana.jpg?ver=3c74bec85b16a0ea3ba9bc4a1d8d09c3","type":"","width":"","height":""}],"author":"Kuzeyin Sesi","twitter_card":"summary_large_image","twitter_creator":"@kuzeyinsesii","twitter_site":"@kuzeyinsesii","twitter_misc":{"Yazan:":"Kuzeyin Sesi","Tahmini okuma s\u00fcresi":"1 dakika"},"schema":{"@context":"https:\/\/schema.org","@graph":[{"@type":"Article","@id":"https:\/\/kuzeyinsesi.org\/index.php\/2024\/12\/09\/mevlanayi-anma-etkinlikleri-basliyor\/#article","isPartOf":{"@id":"https:\/\/kuzeyinsesi.org\/index.php\/2024\/12\/09\/mevlanayi-anma-etkinlikleri-basliyor\/"},"author":{"name":"Kuzeyin Sesi","@id":"https:\/\/kuzeyinsesi.org\/#\/schema\/person\/9f859689cdf01485597712386e37f5aa"},"headline":"Mevl\u00e2n\u00e2\u2019y\u0131 anma etkinlikleri ba\u015fl\u0131yor","datePublished":"2024-12-09T09:35:24+00:00","mainEntityOfPage":{"@id":"https:\/\/kuzeyinsesi.org\/index.php\/2024\/12\/09\/mevlanayi-anma-etkinlikleri-basliyor\/"},"wordCount":270,"commentCount":0,"image":{"@id":"https:\/\/kuzeyinsesi.org\/index.php\/2024\/12\/09\/mevlanayi-anma-etkinlikleri-basliyor\/#primaryimage"},"thumbnailUrl":"https:\/\/kuzeyinsesi.org\/wp-content\/uploads\/2024\/12\/mevlana.jpg","articleSection":["Ya\u015fam"],"inLanguage":"tr","potentialAction":[{"@type":"CommentAction","name":"Comment","target":["https:\/\/kuzeyinsesi.org\/index.php\/2024\/12\/09\/mevlanayi-anma-etkinlikleri-basliyor\/#respond"]}]},{"@type":"WebPage","@id":"https:\/\/kuzeyinsesi.org\/index.php\/2024\/12\/09\/mevlanayi-anma-etkinlikleri-basliyor\/","url":"https:\/\/kuzeyinsesi.org\/index.php\/2024\/12\/09\/mevlanayi-anma-etkinlikleri-basliyor\/","name":"Mevl\u00e2n\u00e2\u2019y\u0131 anma etkinlikleri ba\u015fl\u0131yor - Kuzeyin Sesi","isPartOf":{"@id":"https:\/\/kuzeyinsesi.org\/#website"},"primaryImageOfPage":{"@id":"https:\/\/kuzeyinsesi.org\/index.php\/2024\/12\/09\/mevlanayi-anma-etkinlikleri-basliyor\/#primaryimage"},"image":{"@id":"https:\/\/kuzeyinsesi.org\/index.php\/2024\/12\/09\/mevlanayi-anma-etkinlikleri-basliyor\/#primaryimage"},"thumbnailUrl":"https:\/\/kuzeyinsesi.org\/wp-content\/uploads\/2024\/12\/mevlana.jpg","datePublished":"2024-12-09T09:35:24+00:00","author":{"@id":"https:\/\/kuzeyinsesi.org\/#\/schema\/person\/9f859689cdf01485597712386e37f5aa"},"breadcrumb":{"@id":"https:\/\/kuzeyinsesi.org\/index.php\/2024\/12\/09\/mevlanayi-anma-etkinlikleri-basliyor\/#breadcrumb"},"inLanguage":"tr","potentialAction":[{"@type":"ReadAction","target":["https:\/\/kuzeyinsesi.org\/index.php\/2024\/12\/09\/mevlanayi-anma-etkinlikleri-basliyor\/"]}]},{"@type":"ImageObject","inLanguage":"tr","@id":"https:\/\/kuzeyinsesi.org\/index.php\/2024\/12\/09\/mevlanayi-anma-etkinlikleri-basliyor\/#primaryimage","url":"https:\/\/kuzeyinsesi.org\/wp-content\/uploads\/2024\/12\/mevlana.jpg","contentUrl":"https:\/\/kuzeyinsesi.org\/wp-content\/uploads\/2024\/12\/mevlana.jpg","width":620,"height":350},{"@type":"BreadcrumbList","@id":"https:\/\/kuzeyinsesi.org\/index.php\/2024\/12\/09\/mevlanayi-anma-etkinlikleri-basliyor\/#breadcrumb","itemListElement":[{"@type":"ListItem","position":1,"name":"Anasayfa","item":"https:\/\/kuzeyinsesi.org\/"},{"@type":"ListItem","position":2,"name":"Mevl\u00e2n\u00e2\u2019y\u0131 anma etkinlikleri ba\u015fl\u0131yor"}]},{"@type":"WebSite","@id":"https:\/\/kuzeyinsesi.org\/#website","url":"https:\/\/kuzeyinsesi.org\/","name":"Kuzeyin Sesi","description":"Do\u011fru Haberin Adresi","potentialAction":[{"@type":"SearchAction","target":{"@type":"EntryPoint","urlTemplate":"https:\/\/kuzeyinsesi.org\/?s={search_term_string}"},"query-input":{"@type":"PropertyValueSpecification","valueRequired":true,"valueName":"search_term_string"}}],"inLanguage":"tr"},{"@type":"Person","@id":"https:\/\/kuzeyinsesi.org\/#\/schema\/person\/9f859689cdf01485597712386e37f5aa","name":"Kuzeyin Sesi","image":{"@type":"ImageObject","inLanguage":"tr","@id":"https:\/\/secure.gravatar.com\/avatar\/bab33852abfd8b282518d6ed81826833d77c3c882d9ab608add591ccace47a44?s=96&d=mm&r=g","url":"https:\/\/secure.gravatar.com\/avatar\/bab33852abfd8b282518d6ed81826833d77c3c882d9ab608add591ccace47a44?s=96&d=mm&r=g","contentUrl":"https:\/\/secure.gravatar.com\/avatar\/bab33852abfd8b282518d6ed81826833d77c3c882d9ab608add591ccace47a44?s=96&d=mm&r=g","caption":"Kuzeyin Sesi"},"sameAs":["https:\/\/kuzeyinsesi.org"],"url":"https:\/\/kuzeyinsesi.org\/index.php\/author\/guven\/"}]}},"_links":{"self":[{"href":"https:\/\/kuzeyinsesi.org\/index.php\/wp-json\/wp\/v2\/posts\/15221","targetHints":{"allow":["GET"]}}],"collection":[{"href":"https:\/\/kuzeyinsesi.org\/index.php\/wp-json\/wp\/v2\/posts"}],"about":[{"href":"https:\/\/kuzeyinsesi.org\/index.php\/wp-json\/wp\/v2\/types\/post"}],"author":[{"embeddable":true,"href":"https:\/\/kuzeyinsesi.org\/index.php\/wp-json\/wp\/v2\/users\/1"}],"replies":[{"embeddable":true,"href":"https:\/\/kuzeyinsesi.org\/index.php\/wp-json\/wp\/v2\/comments?post=15221"}],"version-history":[{"count":0,"href":"https:\/\/kuzeyinsesi.org\/index.php\/wp-json\/wp\/v2\/posts\/15221\/revisions"}],"wp:featuredmedia":[{"embeddable":true,"href":"https:\/\/kuzeyinsesi.org\/index.php\/wp-json\/wp\/v2\/media\/15222"}],"wp:attachment":[{"href":"https:\/\/kuzeyinsesi.org\/index.php\/wp-json\/wp\/v2\/media?parent=15221"}],"wp:term":[{"taxonomy":"category","embeddable":true,"href":"https:\/\/kuzeyinsesi.org\/index.php\/wp-json\/wp\/v2\/categories?post=15221"},{"taxonomy":"post_tag","embeddable":true,"href":"https:\/\/kuzeyinsesi.org\/index.php\/wp-json\/wp\/v2\/tags?post=15221"}],"curies":[{"name":"wp","href":"https:\/\/api.w.org\/{rel}","templated":true}]}}