{"id":1520,"date":"2024-05-06T20:42:11","date_gmt":"2024-05-06T17:42:11","guid":{"rendered":"https:\/\/kuzeyinsesi.com\/index.php\/2024\/05\/06\/filistin-kizilayi-israilin-muhtemel-kara-saldirisi-sebebiyle-binlerce-kisi-refahtan-goc-ediyor\/"},"modified":"2024-05-06T20:42:11","modified_gmt":"2024-05-06T17:42:11","slug":"filistin-kizilayi-israilin-muhtemel-kara-saldirisi-sebebiyle-binlerce-kisi-refahtan-goc-ediyor","status":"publish","type":"post","link":"https:\/\/kuzeyinsesi.org\/index.php\/2024\/05\/06\/filistin-kizilayi-israilin-muhtemel-kara-saldirisi-sebebiyle-binlerce-kisi-refahtan-goc-ediyor\/","title":{"rendered":"Filistin K\u0131z\u0131lay\u0131: \u0130srail&#039;in muhtemel kara sald\u0131r\u0131s\u0131 sebebiyle binlerce ki\u015fi Refah&#039;tan g\u00f6\u00e7 ediyor"},"content":{"rendered":"<p><\/p>\n<div>\n<p>&#13;<br \/>\n\tFilistin K\u0131z\u0131lay\u0131&#8217;n\u0131n yapt\u0131\u011f\u0131 a\u00e7\u0131klamaya g\u00f6re, binlerce Filistinli Refah&#8217;tan <a href=\"https:\/\/www.trthaber.com\/etiket\/goc\/\" target=\"_blank\" rel=\"noopener\">g\u00f6\u00e7<\/a> etmek zorunda kald\u0131.<\/p>\n<p>&#13;<br \/>\n\t\u0130srail&#8217;in Refah&#8217;\u0131n do\u011fu kesimine karadan sald\u0131r\u0131 haz\u0131rl\u0131\u011f\u0131 yapt\u0131\u011f\u0131 b\u00f6lgelerdeki Filistinlilerin g\u00f6\u00e7e zorland\u0131\u011f\u0131 kaydedilen a\u00e7\u0131klamaya g\u00f6re, <a href=\"https:\/\/www.trthaber.com\/etiket\/israil\/\" target=\"_blank\" rel=\"noopener\">\u0130srail<\/a> Refah&#8217;\u0131n do\u011fusuna hava sald\u0131r\u0131lar\u0131n\u0131 da yo\u011funla\u015ft\u0131rd\u0131.<\/p>\n<p>&#13;<br \/>\n\tFilistin K\u0131z\u0131lay\u0131, Refah&#8217;\u0131n Gazze&#8217;deki n\u00fcfusun yakla\u015f\u0131k yar\u0131s\u0131na ev sahipli\u011fi yapt\u0131\u011f\u0131n\u0131 hat\u0131rlatarak, &#8220;insani felaket&#8221; ya\u015fanabilece\u011fi uyar\u0131s\u0131nda bulundu.<\/p>\n<p>&#13;<br \/>\n\t<strong>\u0130srail&#8217;in Refah&#8217;a karadan sald\u0131r\u0131 haz\u0131rl\u0131\u011f\u0131<\/strong><\/p>\n<p>&#13;<br \/>\n\t\u0130srail ordusu sabah yapt\u0131\u011f\u0131 a\u00e7\u0131klamada, zorla yerinden edilmi\u015f Filistinlilerin s\u0131\u011f\u0131nd\u0131\u011f\u0131 Refah&#8217;\u0131n do\u011fusundaki baz\u0131 mahallelerin bo\u015falt\u0131lmas\u0131n\u0131 istemi\u015fti.<\/p>\n<p>&#13;<br \/>\n\t\u0130srail <a href=\"https:\/\/www.trthaber.com\/etiket\/ordu\/\" target=\"_blank\" rel=\"noopener\">Ordu<\/a> Radyosunun haberine g\u00f6re, Refah&#8217;\u0131n do\u011fusunda bo\u015falt\u0131lmas\u0131 istenen b\u00f6lgede yakla\u015f\u0131k 100 bin Filistinli ikamet ediyordu.<\/p>\n<p>&#13;<br \/>\n\t\u0130srail ordusunun Refah\u2019a karadan da sald\u0131r\u0131 ba\u015flataca\u011f\u0131 endi\u015fesiyle b\u00f6lgenin do\u011fusunda zorunlu g\u00f6\u00e7 ba\u015flad\u0131.<\/p>\n<\/p><\/div>\n","protected":false},"excerpt":{"rendered":"<p>&#13; Filistin K\u0131z\u0131lay\u0131&#8217;n\u0131n yapt\u0131\u011f\u0131 a\u00e7\u0131klamaya g\u00f6re, binlerce Filistinli Refah&#8217;tan g\u00f6\u00e7 etmek zorunda kald\u0131. &#13; \u0130srail&#8217;in Refah&#8217;\u0131n do\u011fu kesimine karadan sald\u0131r\u0131 haz\u0131rl\u0131\u011f\u0131 yapt\u0131\u011f\u0131 b\u00f6lgelerdeki Filistinlilerin g\u00f6\u00e7e zorland\u0131\u011f\u0131 kaydedilen a\u00e7\u0131klamaya g\u00f6re, \u0130srail Refah&#8217;\u0131n do\u011fusuna hava sald\u0131r\u0131lar\u0131n\u0131 da yo\u011funla\u015ft\u0131rd\u0131. &#13; Filistin K\u0131z\u0131lay\u0131, Refah&#8217;\u0131n Gazze&#8217;deki n\u00fcfusun yakla\u015f\u0131k yar\u0131s\u0131na ev sahipli\u011fi yapt\u0131\u011f\u0131n\u0131 hat\u0131rlatarak, &#8220;insani felaket&#8221; ya\u015fanabilece\u011fi uyar\u0131s\u0131nda bulundu. &#13; \u0130srail&#8217;in [&hellip;]<\/p>\n","protected":false},"author":1,"featured_media":1521,"comment_status":"open","ping_status":"open","sticky":false,"template":"","format":"standard","meta":{"jnews-multi-image_gallery":[],"jnews_single_post":[],"jnews_primary_category":[],"jnews_social_meta":[],"jnews_override_counter":[],"footnotes":""},"categories":[2],"tags":[],"class_list":["post-1520","post","type-post","status-publish","format-standard","has-post-thumbnail","hentry","category-dunya"],"yoast_head":"<!-- This site is optimized with the Yoast SEO plugin v27.5 - https:\/\/yoast.com\/product\/yoast-seo-wordpress\/ -->\n<title>Filistin K\u0131z\u0131lay\u0131: \u0130srail&#039;in muhtemel kara sald\u0131r\u0131s\u0131 sebebiyle binlerce ki\u015fi Refah&#039;tan g\u00f6\u00e7 ediyor - Kuzeyin Sesi<\/title>\n<meta name=\"robots\" content=\"index, follow, max-snippet:-1, max-image-preview:large, max-video-preview:-1\" \/>\n<link rel=\"canonical\" href=\"https:\/\/kuzeyinsesi.org\/index.php\/2024\/05\/06\/filistin-kizilayi-israilin-muhtemel-kara-saldirisi-sebebiyle-binlerce-kisi-refahtan-goc-ediyor\/\" \/>\n<meta property=\"og:locale\" content=\"tr_TR\" \/>\n<meta property=\"og:type\" content=\"article\" \/>\n<meta property=\"og:title\" content=\"Filistin K\u0131z\u0131lay\u0131: \u0130srail&#039;in muhtemel kara sald\u0131r\u0131s\u0131 sebebiyle binlerce ki\u015fi Refah&#039;tan g\u00f6\u00e7 ediyor - Kuzeyin Sesi\" \/>\n<meta property=\"og:description\" content=\"&#013; Filistin K\u0131z\u0131lay\u0131&#8217;n\u0131n yapt\u0131\u011f\u0131 a\u00e7\u0131klamaya g\u00f6re, binlerce Filistinli Refah&#8217;tan g\u00f6\u00e7 etmek zorunda kald\u0131. &#013; \u0130srail&#8217;in Refah&#8217;\u0131n do\u011fu kesimine karadan sald\u0131r\u0131 haz\u0131rl\u0131\u011f\u0131 yapt\u0131\u011f\u0131 b\u00f6lgelerdeki Filistinlilerin g\u00f6\u00e7e zorland\u0131\u011f\u0131 kaydedilen a\u00e7\u0131klamaya g\u00f6re, \u0130srail Refah&#8217;\u0131n do\u011fusuna hava sald\u0131r\u0131lar\u0131n\u0131 da yo\u011funla\u015ft\u0131rd\u0131. &#013; Filistin K\u0131z\u0131lay\u0131, Refah&#8217;\u0131n Gazze&#8217;deki n\u00fcfusun yakla\u015f\u0131k yar\u0131s\u0131na ev sahipli\u011fi yapt\u0131\u011f\u0131n\u0131 hat\u0131rlatarak, &#8220;insani felaket&#8221; ya\u015fanabilece\u011fi uyar\u0131s\u0131nda bulundu. &#013; \u0130srail&#8217;in [&hellip;]\" \/>\n<meta property=\"og:url\" content=\"https:\/\/kuzeyinsesi.org\/index.php\/2024\/05\/06\/filistin-kizilayi-israilin-muhtemel-kara-saldirisi-sebebiyle-binlerce-kisi-refahtan-goc-ediyor\/\" \/>\n<meta property=\"og:site_name\" content=\"Kuzeyin Sesi\" \/>\n<meta property=\"article:publisher\" content=\"https:\/\/www.facebook.com\/kuzeyinsesii\" \/>\n<meta property=\"article:published_time\" content=\"2024-05-06T17:42:11+00:00\" \/>\n<meta property=\"og:image\" content=\"https:\/\/kuzeyinsesi.org\/wp-content\/uploads\/2024\/05\/refah-aa-2191673.jpg\" \/>\n\t<meta property=\"og:image:width\" content=\"1280\" \/>\n\t<meta property=\"og:image:height\" content=\"720\" \/>\n\t<meta property=\"og:image:type\" content=\"image\/jpeg\" \/>\n<meta name=\"author\" content=\"Kuzeyin Sesi\" \/>\n<meta name=\"twitter:card\" content=\"summary_large_image\" \/>\n<meta name=\"twitter:creator\" content=\"@kuzeyinsesii\" \/>\n<meta name=\"twitter:site\" content=\"@kuzeyinsesii\" \/>\n<meta name=\"twitter:label1\" content=\"Yazan:\" \/>\n\t<meta name=\"twitter:data1\" content=\"Kuzeyin Sesi\" \/>\n\t<meta name=\"twitter:label2\" content=\"Tahmini okuma s\u00fcresi\" \/>\n\t<meta name=\"twitter:data2\" content=\"1 dakika\" \/>\n<script type=\"application\/ld+json\" class=\"yoast-schema-graph\">{\"@context\":\"https:\\\/\\\/schema.org\",\"@graph\":[{\"@type\":\"Article\",\"@id\":\"https:\\\/\\\/kuzeyinsesi.org\\\/index.php\\\/2024\\\/05\\\/06\\\/filistin-kizilayi-israilin-muhtemel-kara-saldirisi-sebebiyle-binlerce-kisi-refahtan-goc-ediyor\\\/#article\",\"isPartOf\":{\"@id\":\"https:\\\/\\\/kuzeyinsesi.org\\\/index.php\\\/2024\\\/05\\\/06\\\/filistin-kizilayi-israilin-muhtemel-kara-saldirisi-sebebiyle-binlerce-kisi-refahtan-goc-ediyor\\\/\"},\"author\":{\"name\":\"Kuzeyin Sesi\",\"@id\":\"https:\\\/\\\/kuzeyinsesi.org\\\/#\\\/schema\\\/person\\\/9f859689cdf01485597712386e37f5aa\"},\"headline\":\"Filistin K\u0131z\u0131lay\u0131: \u0130srail&#039;in muhtemel kara sald\u0131r\u0131s\u0131 sebebiyle binlerce ki\u015fi Refah&#039;tan g\u00f6\u00e7 ediyor\",\"datePublished\":\"2024-05-06T17:42:11+00:00\",\"mainEntityOfPage\":{\"@id\":\"https:\\\/\\\/kuzeyinsesi.org\\\/index.php\\\/2024\\\/05\\\/06\\\/filistin-kizilayi-israilin-muhtemel-kara-saldirisi-sebebiyle-binlerce-kisi-refahtan-goc-ediyor\\\/\"},\"wordCount\":183,\"commentCount\":0,\"image\":{\"@id\":\"https:\\\/\\\/kuzeyinsesi.org\\\/index.php\\\/2024\\\/05\\\/06\\\/filistin-kizilayi-israilin-muhtemel-kara-saldirisi-sebebiyle-binlerce-kisi-refahtan-goc-ediyor\\\/#primaryimage\"},\"thumbnailUrl\":\"https:\\\/\\\/kuzeyinsesi.org\\\/wp-content\\\/uploads\\\/2024\\\/05\\\/refah-aa-2191673.jpg\",\"articleSection\":[\"D\u00fcnya\"],\"inLanguage\":\"tr\",\"potentialAction\":[{\"@type\":\"CommentAction\",\"name\":\"Comment\",\"target\":[\"https:\\\/\\\/kuzeyinsesi.org\\\/index.php\\\/2024\\\/05\\\/06\\\/filistin-kizilayi-israilin-muhtemel-kara-saldirisi-sebebiyle-binlerce-kisi-refahtan-goc-ediyor\\\/#respond\"]}]},{\"@type\":\"WebPage\",\"@id\":\"https:\\\/\\\/kuzeyinsesi.org\\\/index.php\\\/2024\\\/05\\\/06\\\/filistin-kizilayi-israilin-muhtemel-kara-saldirisi-sebebiyle-binlerce-kisi-refahtan-goc-ediyor\\\/\",\"url\":\"https:\\\/\\\/kuzeyinsesi.org\\\/index.php\\\/2024\\\/05\\\/06\\\/filistin-kizilayi-israilin-muhtemel-kara-saldirisi-sebebiyle-binlerce-kisi-refahtan-goc-ediyor\\\/\",\"name\":\"Filistin K\u0131z\u0131lay\u0131: \u0130srail&#039;in muhtemel kara sald\u0131r\u0131s\u0131 sebebiyle binlerce ki\u015fi Refah&#039;tan g\u00f6\u00e7 ediyor - Kuzeyin Sesi\",\"isPartOf\":{\"@id\":\"https:\\\/\\\/kuzeyinsesi.org\\\/#website\"},\"primaryImageOfPage\":{\"@id\":\"https:\\\/\\\/kuzeyinsesi.org\\\/index.php\\\/2024\\\/05\\\/06\\\/filistin-kizilayi-israilin-muhtemel-kara-saldirisi-sebebiyle-binlerce-kisi-refahtan-goc-ediyor\\\/#primaryimage\"},\"image\":{\"@id\":\"https:\\\/\\\/kuzeyinsesi.org\\\/index.php\\\/2024\\\/05\\\/06\\\/filistin-kizilayi-israilin-muhtemel-kara-saldirisi-sebebiyle-binlerce-kisi-refahtan-goc-ediyor\\\/#primaryimage\"},\"thumbnailUrl\":\"https:\\\/\\\/kuzeyinsesi.org\\\/wp-content\\\/uploads\\\/2024\\\/05\\\/refah-aa-2191673.jpg\",\"datePublished\":\"2024-05-06T17:42:11+00:00\",\"author\":{\"@id\":\"https:\\\/\\\/kuzeyinsesi.org\\\/#\\\/schema\\\/person\\\/9f859689cdf01485597712386e37f5aa\"},\"breadcrumb\":{\"@id\":\"https:\\\/\\\/kuzeyinsesi.org\\\/index.php\\\/2024\\\/05\\\/06\\\/filistin-kizilayi-israilin-muhtemel-kara-saldirisi-sebebiyle-binlerce-kisi-refahtan-goc-ediyor\\\/#breadcrumb\"},\"inLanguage\":\"tr\",\"potentialAction\":[{\"@type\":\"ReadAction\",\"target\":[\"https:\\\/\\\/kuzeyinsesi.org\\\/index.php\\\/2024\\\/05\\\/06\\\/filistin-kizilayi-israilin-muhtemel-kara-saldirisi-sebebiyle-binlerce-kisi-refahtan-goc-ediyor\\\/\"]}]},{\"@type\":\"ImageObject\",\"inLanguage\":\"tr\",\"@id\":\"https:\\\/\\\/kuzeyinsesi.org\\\/index.php\\\/2024\\\/05\\\/06\\\/filistin-kizilayi-israilin-muhtemel-kara-saldirisi-sebebiyle-binlerce-kisi-refahtan-goc-ediyor\\\/#primaryimage\",\"url\":\"https:\\\/\\\/kuzeyinsesi.org\\\/wp-content\\\/uploads\\\/2024\\\/05\\\/refah-aa-2191673.jpg\",\"contentUrl\":\"https:\\\/\\\/kuzeyinsesi.org\\\/wp-content\\\/uploads\\\/2024\\\/05\\\/refah-aa-2191673.jpg\",\"width\":1280,\"height\":720},{\"@type\":\"BreadcrumbList\",\"@id\":\"https:\\\/\\\/kuzeyinsesi.org\\\/index.php\\\/2024\\\/05\\\/06\\\/filistin-kizilayi-israilin-muhtemel-kara-saldirisi-sebebiyle-binlerce-kisi-refahtan-goc-ediyor\\\/#breadcrumb\",\"itemListElement\":[{\"@type\":\"ListItem\",\"position\":1,\"name\":\"Anasayfa\",\"item\":\"https:\\\/\\\/kuzeyinsesi.org\\\/\"},{\"@type\":\"ListItem\",\"position\":2,\"name\":\"Filistin K\u0131z\u0131lay\u0131: \u0130srail&#039;in muhtemel kara sald\u0131r\u0131s\u0131 sebebiyle binlerce ki\u015fi Refah&#039;tan g\u00f6\u00e7 ediyor\"}]},{\"@type\":\"WebSite\",\"@id\":\"https:\\\/\\\/kuzeyinsesi.org\\\/#website\",\"url\":\"https:\\\/\\\/kuzeyinsesi.org\\\/\",\"name\":\"Kuzeyin Sesi\",\"description\":\"Do\u011fru Haberin Adresi\",\"potentialAction\":[{\"@type\":\"SearchAction\",\"target\":{\"@type\":\"EntryPoint\",\"urlTemplate\":\"https:\\\/\\\/kuzeyinsesi.org\\\/?s={search_term_string}\"},\"query-input\":{\"@type\":\"PropertyValueSpecification\",\"valueRequired\":true,\"valueName\":\"search_term_string\"}}],\"inLanguage\":\"tr\"},{\"@type\":\"Person\",\"@id\":\"https:\\\/\\\/kuzeyinsesi.org\\\/#\\\/schema\\\/person\\\/9f859689cdf01485597712386e37f5aa\",\"name\":\"Kuzeyin Sesi\",\"image\":{\"@type\":\"ImageObject\",\"inLanguage\":\"tr\",\"@id\":\"https:\\\/\\\/secure.gravatar.com\\\/avatar\\\/bab33852abfd8b282518d6ed81826833d77c3c882d9ab608add591ccace47a44?s=96&d=mm&r=g\",\"url\":\"https:\\\/\\\/secure.gravatar.com\\\/avatar\\\/bab33852abfd8b282518d6ed81826833d77c3c882d9ab608add591ccace47a44?s=96&d=mm&r=g\",\"contentUrl\":\"https:\\\/\\\/secure.gravatar.com\\\/avatar\\\/bab33852abfd8b282518d6ed81826833d77c3c882d9ab608add591ccace47a44?s=96&d=mm&r=g\",\"caption\":\"Kuzeyin Sesi\"},\"sameAs\":[\"https:\\\/\\\/kuzeyinsesi.org\"],\"url\":\"https:\\\/\\\/kuzeyinsesi.org\\\/index.php\\\/author\\\/guven\\\/\"}]}<\/script>\n<!-- \/ Yoast SEO plugin. -->","yoast_head_json":{"title":"Filistin K\u0131z\u0131lay\u0131: \u0130srail&#039;in muhtemel kara sald\u0131r\u0131s\u0131 sebebiyle binlerce ki\u015fi Refah&#039;tan g\u00f6\u00e7 ediyor - Kuzeyin Sesi","robots":{"index":"index","follow":"follow","max-snippet":"max-snippet:-1","max-image-preview":"max-image-preview:large","max-video-preview":"max-video-preview:-1"},"canonical":"https:\/\/kuzeyinsesi.org\/index.php\/2024\/05\/06\/filistin-kizilayi-israilin-muhtemel-kara-saldirisi-sebebiyle-binlerce-kisi-refahtan-goc-ediyor\/","og_locale":"tr_TR","og_type":"article","og_title":"Filistin K\u0131z\u0131lay\u0131: \u0130srail&#039;in muhtemel kara sald\u0131r\u0131s\u0131 sebebiyle binlerce ki\u015fi Refah&#039;tan g\u00f6\u00e7 ediyor - Kuzeyin Sesi","og_description":"&#13; Filistin K\u0131z\u0131lay\u0131&#8217;n\u0131n yapt\u0131\u011f\u0131 a\u00e7\u0131klamaya g\u00f6re, binlerce Filistinli Refah&#8217;tan g\u00f6\u00e7 etmek zorunda kald\u0131. &#13; \u0130srail&#8217;in Refah&#8217;\u0131n do\u011fu kesimine karadan sald\u0131r\u0131 haz\u0131rl\u0131\u011f\u0131 yapt\u0131\u011f\u0131 b\u00f6lgelerdeki Filistinlilerin g\u00f6\u00e7e zorland\u0131\u011f\u0131 kaydedilen a\u00e7\u0131klamaya g\u00f6re, \u0130srail Refah&#8217;\u0131n do\u011fusuna hava sald\u0131r\u0131lar\u0131n\u0131 da yo\u011funla\u015ft\u0131rd\u0131. &#13; Filistin K\u0131z\u0131lay\u0131, Refah&#8217;\u0131n Gazze&#8217;deki n\u00fcfusun yakla\u015f\u0131k yar\u0131s\u0131na ev sahipli\u011fi yapt\u0131\u011f\u0131n\u0131 hat\u0131rlatarak, &#8220;insani felaket&#8221; ya\u015fanabilece\u011fi uyar\u0131s\u0131nda bulundu. &#13; \u0130srail&#8217;in [&hellip;]","og_url":"https:\/\/kuzeyinsesi.org\/index.php\/2024\/05\/06\/filistin-kizilayi-israilin-muhtemel-kara-saldirisi-sebebiyle-binlerce-kisi-refahtan-goc-ediyor\/","og_site_name":"Kuzeyin Sesi","article_publisher":"https:\/\/www.facebook.com\/kuzeyinsesii","article_published_time":"2024-05-06T17:42:11+00:00","og_image":[{"width":1280,"height":720,"url":"https:\/\/kuzeyinsesi.org\/wp-content\/uploads\/2024\/05\/refah-aa-2191673.jpg","type":"image\/jpeg"}],"author":"Kuzeyin Sesi","twitter_card":"summary_large_image","twitter_creator":"@kuzeyinsesii","twitter_site":"@kuzeyinsesii","twitter_misc":{"Yazan:":"Kuzeyin Sesi","Tahmini okuma s\u00fcresi":"1 dakika"},"schema":{"@context":"https:\/\/schema.org","@graph":[{"@type":"Article","@id":"https:\/\/kuzeyinsesi.org\/index.php\/2024\/05\/06\/filistin-kizilayi-israilin-muhtemel-kara-saldirisi-sebebiyle-binlerce-kisi-refahtan-goc-ediyor\/#article","isPartOf":{"@id":"https:\/\/kuzeyinsesi.org\/index.php\/2024\/05\/06\/filistin-kizilayi-israilin-muhtemel-kara-saldirisi-sebebiyle-binlerce-kisi-refahtan-goc-ediyor\/"},"author":{"name":"Kuzeyin Sesi","@id":"https:\/\/kuzeyinsesi.org\/#\/schema\/person\/9f859689cdf01485597712386e37f5aa"},"headline":"Filistin K\u0131z\u0131lay\u0131: \u0130srail&#039;in muhtemel kara sald\u0131r\u0131s\u0131 sebebiyle binlerce ki\u015fi Refah&#039;tan g\u00f6\u00e7 ediyor","datePublished":"2024-05-06T17:42:11+00:00","mainEntityOfPage":{"@id":"https:\/\/kuzeyinsesi.org\/index.php\/2024\/05\/06\/filistin-kizilayi-israilin-muhtemel-kara-saldirisi-sebebiyle-binlerce-kisi-refahtan-goc-ediyor\/"},"wordCount":183,"commentCount":0,"image":{"@id":"https:\/\/kuzeyinsesi.org\/index.php\/2024\/05\/06\/filistin-kizilayi-israilin-muhtemel-kara-saldirisi-sebebiyle-binlerce-kisi-refahtan-goc-ediyor\/#primaryimage"},"thumbnailUrl":"https:\/\/kuzeyinsesi.org\/wp-content\/uploads\/2024\/05\/refah-aa-2191673.jpg","articleSection":["D\u00fcnya"],"inLanguage":"tr","potentialAction":[{"@type":"CommentAction","name":"Comment","target":["https:\/\/kuzeyinsesi.org\/index.php\/2024\/05\/06\/filistin-kizilayi-israilin-muhtemel-kara-saldirisi-sebebiyle-binlerce-kisi-refahtan-goc-ediyor\/#respond"]}]},{"@type":"WebPage","@id":"https:\/\/kuzeyinsesi.org\/index.php\/2024\/05\/06\/filistin-kizilayi-israilin-muhtemel-kara-saldirisi-sebebiyle-binlerce-kisi-refahtan-goc-ediyor\/","url":"https:\/\/kuzeyinsesi.org\/index.php\/2024\/05\/06\/filistin-kizilayi-israilin-muhtemel-kara-saldirisi-sebebiyle-binlerce-kisi-refahtan-goc-ediyor\/","name":"Filistin K\u0131z\u0131lay\u0131: \u0130srail&#039;in muhtemel kara sald\u0131r\u0131s\u0131 sebebiyle binlerce ki\u015fi Refah&#039;tan g\u00f6\u00e7 ediyor - Kuzeyin Sesi","isPartOf":{"@id":"https:\/\/kuzeyinsesi.org\/#website"},"primaryImageOfPage":{"@id":"https:\/\/kuzeyinsesi.org\/index.php\/2024\/05\/06\/filistin-kizilayi-israilin-muhtemel-kara-saldirisi-sebebiyle-binlerce-kisi-refahtan-goc-ediyor\/#primaryimage"},"image":{"@id":"https:\/\/kuzeyinsesi.org\/index.php\/2024\/05\/06\/filistin-kizilayi-israilin-muhtemel-kara-saldirisi-sebebiyle-binlerce-kisi-refahtan-goc-ediyor\/#primaryimage"},"thumbnailUrl":"https:\/\/kuzeyinsesi.org\/wp-content\/uploads\/2024\/05\/refah-aa-2191673.jpg","datePublished":"2024-05-06T17:42:11+00:00","author":{"@id":"https:\/\/kuzeyinsesi.org\/#\/schema\/person\/9f859689cdf01485597712386e37f5aa"},"breadcrumb":{"@id":"https:\/\/kuzeyinsesi.org\/index.php\/2024\/05\/06\/filistin-kizilayi-israilin-muhtemel-kara-saldirisi-sebebiyle-binlerce-kisi-refahtan-goc-ediyor\/#breadcrumb"},"inLanguage":"tr","potentialAction":[{"@type":"ReadAction","target":["https:\/\/kuzeyinsesi.org\/index.php\/2024\/05\/06\/filistin-kizilayi-israilin-muhtemel-kara-saldirisi-sebebiyle-binlerce-kisi-refahtan-goc-ediyor\/"]}]},{"@type":"ImageObject","inLanguage":"tr","@id":"https:\/\/kuzeyinsesi.org\/index.php\/2024\/05\/06\/filistin-kizilayi-israilin-muhtemel-kara-saldirisi-sebebiyle-binlerce-kisi-refahtan-goc-ediyor\/#primaryimage","url":"https:\/\/kuzeyinsesi.org\/wp-content\/uploads\/2024\/05\/refah-aa-2191673.jpg","contentUrl":"https:\/\/kuzeyinsesi.org\/wp-content\/uploads\/2024\/05\/refah-aa-2191673.jpg","width":1280,"height":720},{"@type":"BreadcrumbList","@id":"https:\/\/kuzeyinsesi.org\/index.php\/2024\/05\/06\/filistin-kizilayi-israilin-muhtemel-kara-saldirisi-sebebiyle-binlerce-kisi-refahtan-goc-ediyor\/#breadcrumb","itemListElement":[{"@type":"ListItem","position":1,"name":"Anasayfa","item":"https:\/\/kuzeyinsesi.org\/"},{"@type":"ListItem","position":2,"name":"Filistin K\u0131z\u0131lay\u0131: \u0130srail&#039;in muhtemel kara sald\u0131r\u0131s\u0131 sebebiyle binlerce ki\u015fi Refah&#039;tan g\u00f6\u00e7 ediyor"}]},{"@type":"WebSite","@id":"https:\/\/kuzeyinsesi.org\/#website","url":"https:\/\/kuzeyinsesi.org\/","name":"Kuzeyin Sesi","description":"Do\u011fru Haberin Adresi","potentialAction":[{"@type":"SearchAction","target":{"@type":"EntryPoint","urlTemplate":"https:\/\/kuzeyinsesi.org\/?s={search_term_string}"},"query-input":{"@type":"PropertyValueSpecification","valueRequired":true,"valueName":"search_term_string"}}],"inLanguage":"tr"},{"@type":"Person","@id":"https:\/\/kuzeyinsesi.org\/#\/schema\/person\/9f859689cdf01485597712386e37f5aa","name":"Kuzeyin Sesi","image":{"@type":"ImageObject","inLanguage":"tr","@id":"https:\/\/secure.gravatar.com\/avatar\/bab33852abfd8b282518d6ed81826833d77c3c882d9ab608add591ccace47a44?s=96&d=mm&r=g","url":"https:\/\/secure.gravatar.com\/avatar\/bab33852abfd8b282518d6ed81826833d77c3c882d9ab608add591ccace47a44?s=96&d=mm&r=g","contentUrl":"https:\/\/secure.gravatar.com\/avatar\/bab33852abfd8b282518d6ed81826833d77c3c882d9ab608add591ccace47a44?s=96&d=mm&r=g","caption":"Kuzeyin Sesi"},"sameAs":["https:\/\/kuzeyinsesi.org"],"url":"https:\/\/kuzeyinsesi.org\/index.php\/author\/guven\/"}]}},"_links":{"self":[{"href":"https:\/\/kuzeyinsesi.org\/index.php\/wp-json\/wp\/v2\/posts\/1520","targetHints":{"allow":["GET"]}}],"collection":[{"href":"https:\/\/kuzeyinsesi.org\/index.php\/wp-json\/wp\/v2\/posts"}],"about":[{"href":"https:\/\/kuzeyinsesi.org\/index.php\/wp-json\/wp\/v2\/types\/post"}],"author":[{"embeddable":true,"href":"https:\/\/kuzeyinsesi.org\/index.php\/wp-json\/wp\/v2\/users\/1"}],"replies":[{"embeddable":true,"href":"https:\/\/kuzeyinsesi.org\/index.php\/wp-json\/wp\/v2\/comments?post=1520"}],"version-history":[{"count":0,"href":"https:\/\/kuzeyinsesi.org\/index.php\/wp-json\/wp\/v2\/posts\/1520\/revisions"}],"wp:featuredmedia":[{"embeddable":true,"href":"https:\/\/kuzeyinsesi.org\/index.php\/wp-json\/wp\/v2\/media\/1521"}],"wp:attachment":[{"href":"https:\/\/kuzeyinsesi.org\/index.php\/wp-json\/wp\/v2\/media?parent=1520"}],"wp:term":[{"taxonomy":"category","embeddable":true,"href":"https:\/\/kuzeyinsesi.org\/index.php\/wp-json\/wp\/v2\/categories?post=1520"},{"taxonomy":"post_tag","embeddable":true,"href":"https:\/\/kuzeyinsesi.org\/index.php\/wp-json\/wp\/v2\/tags?post=1520"}],"curies":[{"name":"wp","href":"https:\/\/api.w.org\/{rel}","templated":true}]}}