{"id":15191,"date":"2024-12-08T17:36:08","date_gmt":"2024-12-08T15:36:08","guid":{"rendered":"https:\/\/kuzeyinsesi.org\/index.php\/2024\/12\/08\/geri-donusum-sokagi-projesi-final-etkinligiyle-tamamlandi\/"},"modified":"2024-12-08T17:36:08","modified_gmt":"2024-12-08T15:36:08","slug":"geri-donusum-sokagi-projesi-final-etkinligiyle-tamamlandi","status":"publish","type":"post","link":"https:\/\/kuzeyinsesi.org\/index.php\/2024\/12\/08\/geri-donusum-sokagi-projesi-final-etkinligiyle-tamamlandi\/","title":{"rendered":"Geri D\u00f6n\u00fc\u015f\u00fcm Soka\u011f\u0131 Projesi final etkinli\u011fiyle tamamland\u0131"},"content":{"rendered":"<div>\n<div class=\"mariselle-image-container none\">\n                                            <\/div>\n<p>G\u00f6nyeli-Alayk\u00f6y Belediyesi ve Inner Wheel 222. B\u00f6lge Kuzey K\u0131br\u0131s i\u015f birli\u011fiyle hayata ge\u00e7irilen \u201cGeri D\u00f6n\u00fc\u015f\u00fcm Soka\u011f\u0131\u201d projesi, G\u00f6nyeli Sosyal Aktivite Merkezi\u2019nde d\u00fczenlenen final etkinli\u011fiyle tamamland\u0131.<\/p>\n<p>G\u00f6nyeli-Alayk\u00f6y Belediyesi\u2019nden yap\u0131lan a\u00e7\u0131klamaya g\u00f6re \u00e7evre bilinci olu\u015fturmay\u0131 ve s\u00fcrd\u00fcr\u00fclebilir ya\u015fam\u0131 te\u015fvik etmeyi ama\u00e7layan proje, Yenikent Ya\u015fam Villalar\u0131\u2019nda pilot olarak uygulanm\u0131\u015ft\u0131.<\/p>\n<p>A\u00e7\u0131klamaya g\u00f6re etkinli\u011fe Cumhurba\u015fkan\u0131 Ersin Tatar, Inner Wheel 222. B\u00f6lge Kuzey K\u0131br\u0131s Ba\u015fkan\u0131 \u0130mren G\u00fcrba\u015far ve G\u00f6nyeli-Alayk\u00f6y Belediye Ba\u015fkan\u0131 H\u00fcseyin Amcao\u011flu da kat\u0131ld\u0131.<\/p>\n<p>G\u00f6nyeli-Alayk\u00f6y Belediye Ba\u015fkan\u0131 Amcao\u011flu, \u201cBu projeyi \u00f6nce b\u00f6lge geneline, ard\u0131ndan \u00fclke geneline yaymay\u0131 hedefliyoruz,\u201d diyerek \u00e7evre dostu belediyecilik anlay\u0131\u015f\u0131n\u0131 vurgulad\u0131.<\/p>\n<p>Final etkinli\u011finde, geri d\u00f6n\u00fc\u015f\u00fcm malzemeleriyle olu\u015fturulan sanat eserleri sergilendi, kamu spotunun ilk g\u00f6sterimi yap\u0131ld\u0131 ve \u00f6\u011frencilerin projeye katk\u0131lar\u0131 sunuldu. Etkinlikte ayr\u0131ca, Biyologlar Derne\u011fi\u2019nin do\u011fal ya\u015fam temal\u0131 foto\u011fraf sergisi de yer ald\u0131.<\/p>\n<\/p><\/div>\n<p><script async\n                    defer\n                    crossorigin=\"anonymous\"\n                    src=\"https:\/\/connect.facebook.net\/tr_TR\/sdk.js#xfbml=1&#038;version=v3.3\"\n            ><\/script><\/p>\n","protected":false},"excerpt":{"rendered":"<p>G\u00f6nyeli-Alayk\u00f6y Belediyesi ve Inner Wheel 222. B\u00f6lge Kuzey K\u0131br\u0131s i\u015f birli\u011fiyle hayata ge\u00e7irilen \u201cGeri D\u00f6n\u00fc\u015f\u00fcm Soka\u011f\u0131\u201d projesi, G\u00f6nyeli Sosyal Aktivite Merkezi\u2019nde d\u00fczenlenen final etkinli\u011fiyle tamamland\u0131. G\u00f6nyeli-Alayk\u00f6y Belediyesi\u2019nden yap\u0131lan a\u00e7\u0131klamaya g\u00f6re \u00e7evre bilinci olu\u015fturmay\u0131 ve s\u00fcrd\u00fcr\u00fclebilir ya\u015fam\u0131 te\u015fvik etmeyi ama\u00e7layan proje, Yenikent Ya\u015fam Villalar\u0131\u2019nda pilot olarak uygulanm\u0131\u015ft\u0131. A\u00e7\u0131klamaya g\u00f6re etkinli\u011fe Cumhurba\u015fkan\u0131 Ersin Tatar, Inner Wheel 222. [&hellip;]<\/p>\n","protected":false},"author":1,"featured_media":15192,"comment_status":"open","ping_status":"open","sticky":false,"template":"","format":"standard","meta":{"jnews-multi-image_gallery":[],"jnews_single_post":[],"jnews_primary_category":[],"jnews_social_meta":[],"jnews_override_counter":[],"footnotes":""},"categories":[6],"tags":[],"class_list":["post-15191","post","type-post","status-publish","format-standard","has-post-thumbnail","hentry","category-yasam"],"yoast_head":"<!-- This site is optimized with the Yoast SEO plugin v27.4 - https:\/\/yoast.com\/product\/yoast-seo-wordpress\/ -->\n<title>Geri D\u00f6n\u00fc\u015f\u00fcm Soka\u011f\u0131 Projesi final etkinli\u011fiyle tamamland\u0131 - Kuzeyin Sesi<\/title>\n<meta name=\"robots\" content=\"index, follow, max-snippet:-1, max-image-preview:large, max-video-preview:-1\" \/>\n<link rel=\"canonical\" href=\"https:\/\/kuzeyinsesi.org\/index.php\/2024\/12\/08\/geri-donusum-sokagi-projesi-final-etkinligiyle-tamamlandi\/\" \/>\n<meta property=\"og:locale\" content=\"tr_TR\" \/>\n<meta property=\"og:type\" content=\"article\" \/>\n<meta property=\"og:title\" content=\"Geri D\u00f6n\u00fc\u015f\u00fcm Soka\u011f\u0131 Projesi final etkinli\u011fiyle tamamland\u0131 - Kuzeyin Sesi\" \/>\n<meta property=\"og:description\" content=\"G\u00f6nyeli-Alayk\u00f6y Belediyesi ve Inner Wheel 222. B\u00f6lge Kuzey K\u0131br\u0131s i\u015f birli\u011fiyle hayata ge\u00e7irilen \u201cGeri D\u00f6n\u00fc\u015f\u00fcm Soka\u011f\u0131\u201d projesi, G\u00f6nyeli Sosyal Aktivite Merkezi\u2019nde d\u00fczenlenen final etkinli\u011fiyle tamamland\u0131. G\u00f6nyeli-Alayk\u00f6y Belediyesi\u2019nden yap\u0131lan a\u00e7\u0131klamaya g\u00f6re \u00e7evre bilinci olu\u015fturmay\u0131 ve s\u00fcrd\u00fcr\u00fclebilir ya\u015fam\u0131 te\u015fvik etmeyi ama\u00e7layan proje, Yenikent Ya\u015fam Villalar\u0131\u2019nda pilot olarak uygulanm\u0131\u015ft\u0131. A\u00e7\u0131klamaya g\u00f6re etkinli\u011fe Cumhurba\u015fkan\u0131 Ersin Tatar, Inner Wheel 222. [&hellip;]\" \/>\n<meta property=\"og:url\" content=\"https:\/\/kuzeyinsesi.org\/index.php\/2024\/12\/08\/geri-donusum-sokagi-projesi-final-etkinligiyle-tamamlandi\/\" \/>\n<meta property=\"og:site_name\" content=\"Kuzeyin Sesi\" \/>\n<meta property=\"article:publisher\" content=\"https:\/\/www.facebook.com\/kuzeyinsesii\" \/>\n<meta property=\"article:published_time\" content=\"2024-12-08T15:36:08+00:00\" \/>\n<meta property=\"og:image\" content=\"https:\/\/brtk.net\/wp-content\/uploads\/2024\/12\/08\/1733665664146GAB-Haber-97-Geri-Donusum-Sokagi-10-1.jpg?ver=345ca1ca96b6ac6e9a3870430762e95c\" \/>\n<meta name=\"author\" content=\"Kuzeyin Sesi\" \/>\n<meta name=\"twitter:card\" content=\"summary_large_image\" \/>\n<meta name=\"twitter:creator\" content=\"@kuzeyinsesii\" \/>\n<meta name=\"twitter:site\" content=\"@kuzeyinsesii\" \/>\n<meta name=\"twitter:label1\" content=\"Yazan:\" \/>\n\t<meta name=\"twitter:data1\" content=\"Kuzeyin Sesi\" \/>\n\t<meta name=\"twitter:label2\" content=\"Tahmini okuma s\u00fcresi\" \/>\n\t<meta name=\"twitter:data2\" content=\"1 dakika\" \/>\n<script type=\"application\/ld+json\" class=\"yoast-schema-graph\">{\"@context\":\"https:\\\/\\\/schema.org\",\"@graph\":[{\"@type\":\"Article\",\"@id\":\"https:\\\/\\\/kuzeyinsesi.org\\\/index.php\\\/2024\\\/12\\\/08\\\/geri-donusum-sokagi-projesi-final-etkinligiyle-tamamlandi\\\/#article\",\"isPartOf\":{\"@id\":\"https:\\\/\\\/kuzeyinsesi.org\\\/index.php\\\/2024\\\/12\\\/08\\\/geri-donusum-sokagi-projesi-final-etkinligiyle-tamamlandi\\\/\"},\"author\":{\"name\":\"Kuzeyin Sesi\",\"@id\":\"https:\\\/\\\/kuzeyinsesi.org\\\/#\\\/schema\\\/person\\\/9f859689cdf01485597712386e37f5aa\"},\"headline\":\"Geri D\u00f6n\u00fc\u015f\u00fcm Soka\u011f\u0131 Projesi final etkinli\u011fiyle tamamland\u0131\",\"datePublished\":\"2024-12-08T15:36:08+00:00\",\"mainEntityOfPage\":{\"@id\":\"https:\\\/\\\/kuzeyinsesi.org\\\/index.php\\\/2024\\\/12\\\/08\\\/geri-donusum-sokagi-projesi-final-etkinligiyle-tamamlandi\\\/\"},\"wordCount\":193,\"commentCount\":0,\"image\":{\"@id\":\"https:\\\/\\\/kuzeyinsesi.org\\\/index.php\\\/2024\\\/12\\\/08\\\/geri-donusum-sokagi-projesi-final-etkinligiyle-tamamlandi\\\/#primaryimage\"},\"thumbnailUrl\":\"https:\\\/\\\/kuzeyinsesi.org\\\/wp-content\\\/uploads\\\/2024\\\/12\\\/1733665664146GAB-Haber-97-Geri-Donusum-Sokagi-10-1.jpg\",\"articleSection\":[\"Ya\u015fam\"],\"inLanguage\":\"tr\",\"potentialAction\":[{\"@type\":\"CommentAction\",\"name\":\"Comment\",\"target\":[\"https:\\\/\\\/kuzeyinsesi.org\\\/index.php\\\/2024\\\/12\\\/08\\\/geri-donusum-sokagi-projesi-final-etkinligiyle-tamamlandi\\\/#respond\"]}]},{\"@type\":\"WebPage\",\"@id\":\"https:\\\/\\\/kuzeyinsesi.org\\\/index.php\\\/2024\\\/12\\\/08\\\/geri-donusum-sokagi-projesi-final-etkinligiyle-tamamlandi\\\/\",\"url\":\"https:\\\/\\\/kuzeyinsesi.org\\\/index.php\\\/2024\\\/12\\\/08\\\/geri-donusum-sokagi-projesi-final-etkinligiyle-tamamlandi\\\/\",\"name\":\"Geri D\u00f6n\u00fc\u015f\u00fcm Soka\u011f\u0131 Projesi final etkinli\u011fiyle tamamland\u0131 - Kuzeyin Sesi\",\"isPartOf\":{\"@id\":\"https:\\\/\\\/kuzeyinsesi.org\\\/#website\"},\"primaryImageOfPage\":{\"@id\":\"https:\\\/\\\/kuzeyinsesi.org\\\/index.php\\\/2024\\\/12\\\/08\\\/geri-donusum-sokagi-projesi-final-etkinligiyle-tamamlandi\\\/#primaryimage\"},\"image\":{\"@id\":\"https:\\\/\\\/kuzeyinsesi.org\\\/index.php\\\/2024\\\/12\\\/08\\\/geri-donusum-sokagi-projesi-final-etkinligiyle-tamamlandi\\\/#primaryimage\"},\"thumbnailUrl\":\"https:\\\/\\\/kuzeyinsesi.org\\\/wp-content\\\/uploads\\\/2024\\\/12\\\/1733665664146GAB-Haber-97-Geri-Donusum-Sokagi-10-1.jpg\",\"datePublished\":\"2024-12-08T15:36:08+00:00\",\"author\":{\"@id\":\"https:\\\/\\\/kuzeyinsesi.org\\\/#\\\/schema\\\/person\\\/9f859689cdf01485597712386e37f5aa\"},\"breadcrumb\":{\"@id\":\"https:\\\/\\\/kuzeyinsesi.org\\\/index.php\\\/2024\\\/12\\\/08\\\/geri-donusum-sokagi-projesi-final-etkinligiyle-tamamlandi\\\/#breadcrumb\"},\"inLanguage\":\"tr\",\"potentialAction\":[{\"@type\":\"ReadAction\",\"target\":[\"https:\\\/\\\/kuzeyinsesi.org\\\/index.php\\\/2024\\\/12\\\/08\\\/geri-donusum-sokagi-projesi-final-etkinligiyle-tamamlandi\\\/\"]}]},{\"@type\":\"ImageObject\",\"inLanguage\":\"tr\",\"@id\":\"https:\\\/\\\/kuzeyinsesi.org\\\/index.php\\\/2024\\\/12\\\/08\\\/geri-donusum-sokagi-projesi-final-etkinligiyle-tamamlandi\\\/#primaryimage\",\"url\":\"https:\\\/\\\/kuzeyinsesi.org\\\/wp-content\\\/uploads\\\/2024\\\/12\\\/1733665664146GAB-Haber-97-Geri-Donusum-Sokagi-10-1.jpg\",\"contentUrl\":\"https:\\\/\\\/kuzeyinsesi.org\\\/wp-content\\\/uploads\\\/2024\\\/12\\\/1733665664146GAB-Haber-97-Geri-Donusum-Sokagi-10-1.jpg\",\"width\":2064,\"height\":1376},{\"@type\":\"BreadcrumbList\",\"@id\":\"https:\\\/\\\/kuzeyinsesi.org\\\/index.php\\\/2024\\\/12\\\/08\\\/geri-donusum-sokagi-projesi-final-etkinligiyle-tamamlandi\\\/#breadcrumb\",\"itemListElement\":[{\"@type\":\"ListItem\",\"position\":1,\"name\":\"Anasayfa\",\"item\":\"https:\\\/\\\/kuzeyinsesi.org\\\/\"},{\"@type\":\"ListItem\",\"position\":2,\"name\":\"Geri D\u00f6n\u00fc\u015f\u00fcm Soka\u011f\u0131 Projesi final etkinli\u011fiyle tamamland\u0131\"}]},{\"@type\":\"WebSite\",\"@id\":\"https:\\\/\\\/kuzeyinsesi.org\\\/#website\",\"url\":\"https:\\\/\\\/kuzeyinsesi.org\\\/\",\"name\":\"Kuzeyin Sesi\",\"description\":\"Do\u011fru Haberin Adresi\",\"potentialAction\":[{\"@type\":\"SearchAction\",\"target\":{\"@type\":\"EntryPoint\",\"urlTemplate\":\"https:\\\/\\\/kuzeyinsesi.org\\\/?s={search_term_string}\"},\"query-input\":{\"@type\":\"PropertyValueSpecification\",\"valueRequired\":true,\"valueName\":\"search_term_string\"}}],\"inLanguage\":\"tr\"},{\"@type\":\"Person\",\"@id\":\"https:\\\/\\\/kuzeyinsesi.org\\\/#\\\/schema\\\/person\\\/9f859689cdf01485597712386e37f5aa\",\"name\":\"Kuzeyin Sesi\",\"image\":{\"@type\":\"ImageObject\",\"inLanguage\":\"tr\",\"@id\":\"https:\\\/\\\/secure.gravatar.com\\\/avatar\\\/bab33852abfd8b282518d6ed81826833d77c3c882d9ab608add591ccace47a44?s=96&d=mm&r=g\",\"url\":\"https:\\\/\\\/secure.gravatar.com\\\/avatar\\\/bab33852abfd8b282518d6ed81826833d77c3c882d9ab608add591ccace47a44?s=96&d=mm&r=g\",\"contentUrl\":\"https:\\\/\\\/secure.gravatar.com\\\/avatar\\\/bab33852abfd8b282518d6ed81826833d77c3c882d9ab608add591ccace47a44?s=96&d=mm&r=g\",\"caption\":\"Kuzeyin Sesi\"},\"sameAs\":[\"https:\\\/\\\/kuzeyinsesi.org\"],\"url\":\"https:\\\/\\\/kuzeyinsesi.org\\\/index.php\\\/author\\\/guven\\\/\"}]}<\/script>\n<!-- \/ Yoast SEO plugin. -->","yoast_head_json":{"title":"Geri D\u00f6n\u00fc\u015f\u00fcm Soka\u011f\u0131 Projesi final etkinli\u011fiyle tamamland\u0131 - Kuzeyin Sesi","robots":{"index":"index","follow":"follow","max-snippet":"max-snippet:-1","max-image-preview":"max-image-preview:large","max-video-preview":"max-video-preview:-1"},"canonical":"https:\/\/kuzeyinsesi.org\/index.php\/2024\/12\/08\/geri-donusum-sokagi-projesi-final-etkinligiyle-tamamlandi\/","og_locale":"tr_TR","og_type":"article","og_title":"Geri D\u00f6n\u00fc\u015f\u00fcm Soka\u011f\u0131 Projesi final etkinli\u011fiyle tamamland\u0131 - Kuzeyin Sesi","og_description":"G\u00f6nyeli-Alayk\u00f6y Belediyesi ve Inner Wheel 222. B\u00f6lge Kuzey K\u0131br\u0131s i\u015f birli\u011fiyle hayata ge\u00e7irilen \u201cGeri D\u00f6n\u00fc\u015f\u00fcm Soka\u011f\u0131\u201d projesi, G\u00f6nyeli Sosyal Aktivite Merkezi\u2019nde d\u00fczenlenen final etkinli\u011fiyle tamamland\u0131. G\u00f6nyeli-Alayk\u00f6y Belediyesi\u2019nden yap\u0131lan a\u00e7\u0131klamaya g\u00f6re \u00e7evre bilinci olu\u015fturmay\u0131 ve s\u00fcrd\u00fcr\u00fclebilir ya\u015fam\u0131 te\u015fvik etmeyi ama\u00e7layan proje, Yenikent Ya\u015fam Villalar\u0131\u2019nda pilot olarak uygulanm\u0131\u015ft\u0131. A\u00e7\u0131klamaya g\u00f6re etkinli\u011fe Cumhurba\u015fkan\u0131 Ersin Tatar, Inner Wheel 222. [&hellip;]","og_url":"https:\/\/kuzeyinsesi.org\/index.php\/2024\/12\/08\/geri-donusum-sokagi-projesi-final-etkinligiyle-tamamlandi\/","og_site_name":"Kuzeyin Sesi","article_publisher":"https:\/\/www.facebook.com\/kuzeyinsesii","article_published_time":"2024-12-08T15:36:08+00:00","og_image":[{"url":"https:\/\/brtk.net\/wp-content\/uploads\/2024\/12\/08\/1733665664146GAB-Haber-97-Geri-Donusum-Sokagi-10-1.jpg?ver=345ca1ca96b6ac6e9a3870430762e95c","type":"","width":"","height":""}],"author":"Kuzeyin Sesi","twitter_card":"summary_large_image","twitter_creator":"@kuzeyinsesii","twitter_site":"@kuzeyinsesii","twitter_misc":{"Yazan:":"Kuzeyin Sesi","Tahmini okuma s\u00fcresi":"1 dakika"},"schema":{"@context":"https:\/\/schema.org","@graph":[{"@type":"Article","@id":"https:\/\/kuzeyinsesi.org\/index.php\/2024\/12\/08\/geri-donusum-sokagi-projesi-final-etkinligiyle-tamamlandi\/#article","isPartOf":{"@id":"https:\/\/kuzeyinsesi.org\/index.php\/2024\/12\/08\/geri-donusum-sokagi-projesi-final-etkinligiyle-tamamlandi\/"},"author":{"name":"Kuzeyin Sesi","@id":"https:\/\/kuzeyinsesi.org\/#\/schema\/person\/9f859689cdf01485597712386e37f5aa"},"headline":"Geri D\u00f6n\u00fc\u015f\u00fcm Soka\u011f\u0131 Projesi final etkinli\u011fiyle tamamland\u0131","datePublished":"2024-12-08T15:36:08+00:00","mainEntityOfPage":{"@id":"https:\/\/kuzeyinsesi.org\/index.php\/2024\/12\/08\/geri-donusum-sokagi-projesi-final-etkinligiyle-tamamlandi\/"},"wordCount":193,"commentCount":0,"image":{"@id":"https:\/\/kuzeyinsesi.org\/index.php\/2024\/12\/08\/geri-donusum-sokagi-projesi-final-etkinligiyle-tamamlandi\/#primaryimage"},"thumbnailUrl":"https:\/\/kuzeyinsesi.org\/wp-content\/uploads\/2024\/12\/1733665664146GAB-Haber-97-Geri-Donusum-Sokagi-10-1.jpg","articleSection":["Ya\u015fam"],"inLanguage":"tr","potentialAction":[{"@type":"CommentAction","name":"Comment","target":["https:\/\/kuzeyinsesi.org\/index.php\/2024\/12\/08\/geri-donusum-sokagi-projesi-final-etkinligiyle-tamamlandi\/#respond"]}]},{"@type":"WebPage","@id":"https:\/\/kuzeyinsesi.org\/index.php\/2024\/12\/08\/geri-donusum-sokagi-projesi-final-etkinligiyle-tamamlandi\/","url":"https:\/\/kuzeyinsesi.org\/index.php\/2024\/12\/08\/geri-donusum-sokagi-projesi-final-etkinligiyle-tamamlandi\/","name":"Geri D\u00f6n\u00fc\u015f\u00fcm Soka\u011f\u0131 Projesi final etkinli\u011fiyle tamamland\u0131 - Kuzeyin Sesi","isPartOf":{"@id":"https:\/\/kuzeyinsesi.org\/#website"},"primaryImageOfPage":{"@id":"https:\/\/kuzeyinsesi.org\/index.php\/2024\/12\/08\/geri-donusum-sokagi-projesi-final-etkinligiyle-tamamlandi\/#primaryimage"},"image":{"@id":"https:\/\/kuzeyinsesi.org\/index.php\/2024\/12\/08\/geri-donusum-sokagi-projesi-final-etkinligiyle-tamamlandi\/#primaryimage"},"thumbnailUrl":"https:\/\/kuzeyinsesi.org\/wp-content\/uploads\/2024\/12\/1733665664146GAB-Haber-97-Geri-Donusum-Sokagi-10-1.jpg","datePublished":"2024-12-08T15:36:08+00:00","author":{"@id":"https:\/\/kuzeyinsesi.org\/#\/schema\/person\/9f859689cdf01485597712386e37f5aa"},"breadcrumb":{"@id":"https:\/\/kuzeyinsesi.org\/index.php\/2024\/12\/08\/geri-donusum-sokagi-projesi-final-etkinligiyle-tamamlandi\/#breadcrumb"},"inLanguage":"tr","potentialAction":[{"@type":"ReadAction","target":["https:\/\/kuzeyinsesi.org\/index.php\/2024\/12\/08\/geri-donusum-sokagi-projesi-final-etkinligiyle-tamamlandi\/"]}]},{"@type":"ImageObject","inLanguage":"tr","@id":"https:\/\/kuzeyinsesi.org\/index.php\/2024\/12\/08\/geri-donusum-sokagi-projesi-final-etkinligiyle-tamamlandi\/#primaryimage","url":"https:\/\/kuzeyinsesi.org\/wp-content\/uploads\/2024\/12\/1733665664146GAB-Haber-97-Geri-Donusum-Sokagi-10-1.jpg","contentUrl":"https:\/\/kuzeyinsesi.org\/wp-content\/uploads\/2024\/12\/1733665664146GAB-Haber-97-Geri-Donusum-Sokagi-10-1.jpg","width":2064,"height":1376},{"@type":"BreadcrumbList","@id":"https:\/\/kuzeyinsesi.org\/index.php\/2024\/12\/08\/geri-donusum-sokagi-projesi-final-etkinligiyle-tamamlandi\/#breadcrumb","itemListElement":[{"@type":"ListItem","position":1,"name":"Anasayfa","item":"https:\/\/kuzeyinsesi.org\/"},{"@type":"ListItem","position":2,"name":"Geri D\u00f6n\u00fc\u015f\u00fcm Soka\u011f\u0131 Projesi final etkinli\u011fiyle tamamland\u0131"}]},{"@type":"WebSite","@id":"https:\/\/kuzeyinsesi.org\/#website","url":"https:\/\/kuzeyinsesi.org\/","name":"Kuzeyin Sesi","description":"Do\u011fru Haberin Adresi","potentialAction":[{"@type":"SearchAction","target":{"@type":"EntryPoint","urlTemplate":"https:\/\/kuzeyinsesi.org\/?s={search_term_string}"},"query-input":{"@type":"PropertyValueSpecification","valueRequired":true,"valueName":"search_term_string"}}],"inLanguage":"tr"},{"@type":"Person","@id":"https:\/\/kuzeyinsesi.org\/#\/schema\/person\/9f859689cdf01485597712386e37f5aa","name":"Kuzeyin Sesi","image":{"@type":"ImageObject","inLanguage":"tr","@id":"https:\/\/secure.gravatar.com\/avatar\/bab33852abfd8b282518d6ed81826833d77c3c882d9ab608add591ccace47a44?s=96&d=mm&r=g","url":"https:\/\/secure.gravatar.com\/avatar\/bab33852abfd8b282518d6ed81826833d77c3c882d9ab608add591ccace47a44?s=96&d=mm&r=g","contentUrl":"https:\/\/secure.gravatar.com\/avatar\/bab33852abfd8b282518d6ed81826833d77c3c882d9ab608add591ccace47a44?s=96&d=mm&r=g","caption":"Kuzeyin Sesi"},"sameAs":["https:\/\/kuzeyinsesi.org"],"url":"https:\/\/kuzeyinsesi.org\/index.php\/author\/guven\/"}]}},"_links":{"self":[{"href":"https:\/\/kuzeyinsesi.org\/index.php\/wp-json\/wp\/v2\/posts\/15191","targetHints":{"allow":["GET"]}}],"collection":[{"href":"https:\/\/kuzeyinsesi.org\/index.php\/wp-json\/wp\/v2\/posts"}],"about":[{"href":"https:\/\/kuzeyinsesi.org\/index.php\/wp-json\/wp\/v2\/types\/post"}],"author":[{"embeddable":true,"href":"https:\/\/kuzeyinsesi.org\/index.php\/wp-json\/wp\/v2\/users\/1"}],"replies":[{"embeddable":true,"href":"https:\/\/kuzeyinsesi.org\/index.php\/wp-json\/wp\/v2\/comments?post=15191"}],"version-history":[{"count":0,"href":"https:\/\/kuzeyinsesi.org\/index.php\/wp-json\/wp\/v2\/posts\/15191\/revisions"}],"wp:featuredmedia":[{"embeddable":true,"href":"https:\/\/kuzeyinsesi.org\/index.php\/wp-json\/wp\/v2\/media\/15192"}],"wp:attachment":[{"href":"https:\/\/kuzeyinsesi.org\/index.php\/wp-json\/wp\/v2\/media?parent=15191"}],"wp:term":[{"taxonomy":"category","embeddable":true,"href":"https:\/\/kuzeyinsesi.org\/index.php\/wp-json\/wp\/v2\/categories?post=15191"},{"taxonomy":"post_tag","embeddable":true,"href":"https:\/\/kuzeyinsesi.org\/index.php\/wp-json\/wp\/v2\/tags?post=15191"}],"curies":[{"name":"wp","href":"https:\/\/api.w.org\/{rel}","templated":true}]}}