{"id":15189,"date":"2024-12-08T17:34:56","date_gmt":"2024-12-08T15:34:56","guid":{"rendered":"https:\/\/kuzeyinsesi.org\/index.php\/2024\/12\/08\/yonetmen-serif-goren-vefat-etti\/"},"modified":"2024-12-08T17:34:56","modified_gmt":"2024-12-08T15:34:56","slug":"yonetmen-serif-goren-vefat-etti","status":"publish","type":"post","link":"https:\/\/kuzeyinsesi.org\/index.php\/2024\/12\/08\/yonetmen-serif-goren-vefat-etti\/","title":{"rendered":"Y\u00f6netmen \u015eerif G\u00f6ren vefat etti"},"content":{"rendered":"<div>\n<div class=\"mariselle-image-container none\">\n                                            <\/div>\n<p>\u201cYol\u201d, \u201cK\u00f6pr\u00fc\u201d, \u201cKat\u0131rc\u0131lar\u201d, \u201cDerman\u201d ve \u201cAlmanya Ac\u0131 Vatan\u201d gibi eserlerin aralar\u0131nda bulundu\u011fu bir\u00e7ok filme imza atan senarist ve y\u00f6netmen \u015eerif G\u00f6ren, 80 ya\u015f\u0131nda hayat\u0131n\u0131 kaybetti.<\/p>\n<p>Evindeki merdivenlerden d\u00fc\u015ferek ba\u015f\u0131n\u0131 yere \u00e7arpan G\u00f6ren, 22 Kas\u0131m\u2019da Taksim E\u011fitim ve Ara\u015ft\u0131rma Hastanesi\u2019nde ent\u00fcbe edilmi\u015fti.<\/p>\n<p>T\u00fcrk sinemas\u0131n\u0131 \u00f6nemli \u00f6l\u00e7\u00fcde etkileyen toplumsal ger\u00e7ek\u00e7ilik ak\u0131m\u0131n\u0131n ikinci ku\u015fa\u011f\u0131n\u0131 olu\u015fturan ba\u015fl\u0131ca y\u00f6netmenlerden olan G\u00f6ren\u2019in vefat haberini, K\u00fclt\u00fcr ve Turizm Bakanl\u0131\u011f\u0131 sosyal medya hesaplar\u0131ndan yapt\u0131\u011f\u0131 payla\u015f\u0131mla duyurdu.<\/p>\n<p>K\u00fclt\u00fcr ve Turizm Bakanl\u0131\u011f\u0131 X\u2019ten yapt\u0131\u011f\u0131 a\u00e7\u0131klamada, \u201cT\u00fcrk sinemas\u0131na unutulmaz eserler kazand\u0131ran, usta y\u00f6netmen \u015eerif G\u00f6ren\u2019in vefat\u0131n\u0131 derin bir \u00fcz\u00fcnt\u00fcyle \u00f6\u011frendik. Sanat d\u00fcnyam\u0131zda b\u0131rakt\u0131\u011f\u0131 e\u015fsiz iz ve emekleri daima hat\u0131rlanacakt\u0131r. Merhuma Allah\u2019tan rahmet, ailesine, sevenlerine ve sinema camiam\u0131za ba\u015fsa\u011fl\u0131\u011f\u0131 diliyoruz.\u201d ifadelerini kulland\u0131.<\/p>\n<p>Sinema Yazarlar\u0131 Derne\u011fi (S\u0130YAD) da \u201cSinemam\u0131z\u0131n \u00e7ok de\u011ferli y\u00f6netmeni, Yol, Derman, Kat\u0131rc\u0131lar, Almanya Ac\u0131 Vatan, Sen T\u00fcrk\u00fclerini S\u00f6yle, Polizei, Kurba\u011falar, Tomruk, Y\u0131lanlar\u0131n \u00d6c\u00fc, Firar, Beyo\u011flu\u2019nun Arka Yakas\u0131 ve daha nice unutulmaz filme imza atan sevgili \u015eerif G\u00f6ren\u2019i kaybettik. Hepimizin ba\u015f\u0131 sa\u011f olsun.\u201d a\u00e7\u0131klamas\u0131n\u0131 payla\u015ft\u0131.<\/p>\n<p>Y\u00f6netme ve yap\u0131mc\u0131 Nazif Tun\u00e7 ise sosyal medya hesab\u0131ndan, \u201cBu d\u00fcnyaya gelmek, gitmek i\u00e7inmi\u015f. Gelen duram\u0131yor. Her \u015fey \u00f6l\u00fcml\u00fc. \u00c7ok az\u0131 da yetenekleriyle, eserleriyle, yapt\u0131klar\u0131yla kal\u0131rlar. Sonsuza kadar an\u0131lacaklardan biridir \u015eerif G\u00f6ren. Ne mutlu ona. Kendi de m\u00fctevaziydi, yolu da m\u00fctevaziydi. Filmleri b\u00fcy\u00fckt\u00fc kimse inkar edemez.\u201d ifadeleriyle \u00fcz\u00fcnt\u00fcs\u00fcn\u00fc dile getirdi.<\/p>\n<p>\u2013 \u015eerif G\u00f6ren hakk\u0131nda<\/p>\n<p>\u201cYol\u201d filmi ile \u201cCannes Film Festivali\u201dnde \u201cAlt\u0131n Palmiye\u201d \u00f6d\u00fcl\u00fcne lay\u0131k g\u00f6r\u00fclen G\u00f6ren, 14 Ekim 1944\u2019te Yunanistan\u2019\u0131n \u0130ske\u00e7e \u015fehrinde do\u011fdu. 1956\u2019da T\u00fcrkiye\u2019ye gelerek, \u0130stanbul Erkek Lisesi\u2019nde e\u011fitimini tamamlad\u0131.<\/p>\n<p>\u201cSen T\u00fcrk\u00fclerini S\u00f6yle\u201d, \u201cEndi\u015fe\u201d, \u201cDeprem\u201d, \u201cAmerikal\u0131\u201d, \u201cGelincik\u201d, \u201cOn Kad\u0131n\u201d, \u201cNehir\u201d, \u201cTomruk\u201d, \u201cFirar\u201d, \u201cHerhangi Bir Kad\u0131n\u201d\u0131n da aralar\u0131nda bulundu\u011fu bir\u00e7ok filme imza att\u0131 ve \u00f6d\u00fcl kazand\u0131.<\/p>\n<p>Son filmi \u201cAy B\u00fcy\u00fcrken Uyuyamam\u201d\u0131 2011 y\u0131l\u0131nda \u00e7eken G\u00f6ren\u2019in senaryosunu da yazd\u0131\u011f\u0131 bu film, kariyerinin son filmi oldu.<\/p>\n<\/p><\/div>\n<p><script async\n                    defer\n                    crossorigin=\"anonymous\"\n                    src=\"https:\/\/connect.facebook.net\/tr_TR\/sdk.js#xfbml=1&#038;version=v3.3\"\n            ><\/script><\/p>\n","protected":false},"excerpt":{"rendered":"<p>\u201cYol\u201d, \u201cK\u00f6pr\u00fc\u201d, \u201cKat\u0131rc\u0131lar\u201d, \u201cDerman\u201d ve \u201cAlmanya Ac\u0131 Vatan\u201d gibi eserlerin aralar\u0131nda bulundu\u011fu bir\u00e7ok filme imza atan senarist ve y\u00f6netmen \u015eerif G\u00f6ren, 80 ya\u015f\u0131nda hayat\u0131n\u0131 kaybetti. Evindeki merdivenlerden d\u00fc\u015ferek ba\u015f\u0131n\u0131 yere \u00e7arpan G\u00f6ren, 22 Kas\u0131m\u2019da Taksim E\u011fitim ve Ara\u015ft\u0131rma Hastanesi\u2019nde ent\u00fcbe edilmi\u015fti. T\u00fcrk sinemas\u0131n\u0131 \u00f6nemli \u00f6l\u00e7\u00fcde etkileyen toplumsal ger\u00e7ek\u00e7ilik ak\u0131m\u0131n\u0131n ikinci ku\u015fa\u011f\u0131n\u0131 olu\u015fturan ba\u015fl\u0131ca y\u00f6netmenlerden olan [&hellip;]<\/p>\n","protected":false},"author":1,"featured_media":15190,"comment_status":"open","ping_status":"open","sticky":false,"template":"","format":"standard","meta":{"jnews-multi-image_gallery":[],"jnews_single_post":[],"jnews_primary_category":[],"jnews_social_meta":[],"jnews_override_counter":[],"footnotes":""},"categories":[5],"tags":[],"class_list":["post-15189","post","type-post","status-publish","format-standard","has-post-thumbnail","hentry","category-turkiye"],"yoast_head":"<!-- This site is optimized with the Yoast SEO plugin v27.4 - https:\/\/yoast.com\/product\/yoast-seo-wordpress\/ -->\n<title>Y\u00f6netmen \u015eerif G\u00f6ren vefat etti - Kuzeyin Sesi<\/title>\n<meta name=\"robots\" content=\"index, follow, max-snippet:-1, max-image-preview:large, max-video-preview:-1\" \/>\n<link rel=\"canonical\" href=\"https:\/\/kuzeyinsesi.org\/index.php\/2024\/12\/08\/yonetmen-serif-goren-vefat-etti\/\" \/>\n<meta property=\"og:locale\" content=\"tr_TR\" \/>\n<meta property=\"og:type\" content=\"article\" \/>\n<meta property=\"og:title\" content=\"Y\u00f6netmen \u015eerif G\u00f6ren vefat etti - Kuzeyin Sesi\" \/>\n<meta property=\"og:description\" content=\"\u201cYol\u201d, \u201cK\u00f6pr\u00fc\u201d, \u201cKat\u0131rc\u0131lar\u201d, \u201cDerman\u201d ve \u201cAlmanya Ac\u0131 Vatan\u201d gibi eserlerin aralar\u0131nda bulundu\u011fu bir\u00e7ok filme imza atan senarist ve y\u00f6netmen \u015eerif G\u00f6ren, 80 ya\u015f\u0131nda hayat\u0131n\u0131 kaybetti. Evindeki merdivenlerden d\u00fc\u015ferek ba\u015f\u0131n\u0131 yere \u00e7arpan G\u00f6ren, 22 Kas\u0131m\u2019da Taksim E\u011fitim ve Ara\u015ft\u0131rma Hastanesi\u2019nde ent\u00fcbe edilmi\u015fti. T\u00fcrk sinemas\u0131n\u0131 \u00f6nemli \u00f6l\u00e7\u00fcde etkileyen toplumsal ger\u00e7ek\u00e7ilik ak\u0131m\u0131n\u0131n ikinci ku\u015fa\u011f\u0131n\u0131 olu\u015fturan ba\u015fl\u0131ca y\u00f6netmenlerden olan [&hellip;]\" \/>\n<meta property=\"og:url\" content=\"https:\/\/kuzeyinsesi.org\/index.php\/2024\/12\/08\/yonetmen-serif-goren-vefat-etti\/\" \/>\n<meta property=\"og:site_name\" content=\"Kuzeyin Sesi\" \/>\n<meta property=\"article:publisher\" content=\"https:\/\/www.facebook.com\/kuzeyinsesii\" \/>\n<meta property=\"article:published_time\" content=\"2024-12-08T15:34:56+00:00\" \/>\n<meta property=\"og:image\" content=\"https:\/\/brtk.net\/wp-content\/uploads\/2024\/12\/08\/1733661754250serif-goren.jpeg?ver=64c091eea7dbf8d46acc8b902effb01f\" \/>\n<meta name=\"author\" content=\"Kuzeyin Sesi\" \/>\n<meta name=\"twitter:card\" content=\"summary_large_image\" \/>\n<meta name=\"twitter:creator\" content=\"@kuzeyinsesii\" \/>\n<meta name=\"twitter:site\" content=\"@kuzeyinsesii\" \/>\n<meta name=\"twitter:label1\" content=\"Yazan:\" \/>\n\t<meta name=\"twitter:data1\" content=\"Kuzeyin Sesi\" \/>\n\t<meta name=\"twitter:label2\" content=\"Tahmini okuma s\u00fcresi\" \/>\n\t<meta name=\"twitter:data2\" content=\"2 dakika\" \/>\n<script type=\"application\/ld+json\" class=\"yoast-schema-graph\">{\"@context\":\"https:\\\/\\\/schema.org\",\"@graph\":[{\"@type\":\"Article\",\"@id\":\"https:\\\/\\\/kuzeyinsesi.org\\\/index.php\\\/2024\\\/12\\\/08\\\/yonetmen-serif-goren-vefat-etti\\\/#article\",\"isPartOf\":{\"@id\":\"https:\\\/\\\/kuzeyinsesi.org\\\/index.php\\\/2024\\\/12\\\/08\\\/yonetmen-serif-goren-vefat-etti\\\/\"},\"author\":{\"name\":\"Kuzeyin Sesi\",\"@id\":\"https:\\\/\\\/kuzeyinsesi.org\\\/#\\\/schema\\\/person\\\/9f859689cdf01485597712386e37f5aa\"},\"headline\":\"Y\u00f6netmen \u015eerif G\u00f6ren vefat etti\",\"datePublished\":\"2024-12-08T15:34:56+00:00\",\"mainEntityOfPage\":{\"@id\":\"https:\\\/\\\/kuzeyinsesi.org\\\/index.php\\\/2024\\\/12\\\/08\\\/yonetmen-serif-goren-vefat-etti\\\/\"},\"wordCount\":418,\"commentCount\":0,\"image\":{\"@id\":\"https:\\\/\\\/kuzeyinsesi.org\\\/index.php\\\/2024\\\/12\\\/08\\\/yonetmen-serif-goren-vefat-etti\\\/#primaryimage\"},\"thumbnailUrl\":\"https:\\\/\\\/kuzeyinsesi.org\\\/wp-content\\\/uploads\\\/2024\\\/12\\\/1733661754250serif-goren.jpeg\",\"articleSection\":[\"T\u00fcrkiye\"],\"inLanguage\":\"tr\",\"potentialAction\":[{\"@type\":\"CommentAction\",\"name\":\"Comment\",\"target\":[\"https:\\\/\\\/kuzeyinsesi.org\\\/index.php\\\/2024\\\/12\\\/08\\\/yonetmen-serif-goren-vefat-etti\\\/#respond\"]}]},{\"@type\":\"WebPage\",\"@id\":\"https:\\\/\\\/kuzeyinsesi.org\\\/index.php\\\/2024\\\/12\\\/08\\\/yonetmen-serif-goren-vefat-etti\\\/\",\"url\":\"https:\\\/\\\/kuzeyinsesi.org\\\/index.php\\\/2024\\\/12\\\/08\\\/yonetmen-serif-goren-vefat-etti\\\/\",\"name\":\"Y\u00f6netmen \u015eerif G\u00f6ren vefat etti - Kuzeyin Sesi\",\"isPartOf\":{\"@id\":\"https:\\\/\\\/kuzeyinsesi.org\\\/#website\"},\"primaryImageOfPage\":{\"@id\":\"https:\\\/\\\/kuzeyinsesi.org\\\/index.php\\\/2024\\\/12\\\/08\\\/yonetmen-serif-goren-vefat-etti\\\/#primaryimage\"},\"image\":{\"@id\":\"https:\\\/\\\/kuzeyinsesi.org\\\/index.php\\\/2024\\\/12\\\/08\\\/yonetmen-serif-goren-vefat-etti\\\/#primaryimage\"},\"thumbnailUrl\":\"https:\\\/\\\/kuzeyinsesi.org\\\/wp-content\\\/uploads\\\/2024\\\/12\\\/1733661754250serif-goren.jpeg\",\"datePublished\":\"2024-12-08T15:34:56+00:00\",\"author\":{\"@id\":\"https:\\\/\\\/kuzeyinsesi.org\\\/#\\\/schema\\\/person\\\/9f859689cdf01485597712386e37f5aa\"},\"breadcrumb\":{\"@id\":\"https:\\\/\\\/kuzeyinsesi.org\\\/index.php\\\/2024\\\/12\\\/08\\\/yonetmen-serif-goren-vefat-etti\\\/#breadcrumb\"},\"inLanguage\":\"tr\",\"potentialAction\":[{\"@type\":\"ReadAction\",\"target\":[\"https:\\\/\\\/kuzeyinsesi.org\\\/index.php\\\/2024\\\/12\\\/08\\\/yonetmen-serif-goren-vefat-etti\\\/\"]}]},{\"@type\":\"ImageObject\",\"inLanguage\":\"tr\",\"@id\":\"https:\\\/\\\/kuzeyinsesi.org\\\/index.php\\\/2024\\\/12\\\/08\\\/yonetmen-serif-goren-vefat-etti\\\/#primaryimage\",\"url\":\"https:\\\/\\\/kuzeyinsesi.org\\\/wp-content\\\/uploads\\\/2024\\\/12\\\/1733661754250serif-goren.jpeg\",\"contentUrl\":\"https:\\\/\\\/kuzeyinsesi.org\\\/wp-content\\\/uploads\\\/2024\\\/12\\\/1733661754250serif-goren.jpeg\",\"width\":860,\"height\":573},{\"@type\":\"BreadcrumbList\",\"@id\":\"https:\\\/\\\/kuzeyinsesi.org\\\/index.php\\\/2024\\\/12\\\/08\\\/yonetmen-serif-goren-vefat-etti\\\/#breadcrumb\",\"itemListElement\":[{\"@type\":\"ListItem\",\"position\":1,\"name\":\"Anasayfa\",\"item\":\"https:\\\/\\\/kuzeyinsesi.org\\\/\"},{\"@type\":\"ListItem\",\"position\":2,\"name\":\"Y\u00f6netmen \u015eerif G\u00f6ren vefat etti\"}]},{\"@type\":\"WebSite\",\"@id\":\"https:\\\/\\\/kuzeyinsesi.org\\\/#website\",\"url\":\"https:\\\/\\\/kuzeyinsesi.org\\\/\",\"name\":\"Kuzeyin Sesi\",\"description\":\"Do\u011fru Haberin Adresi\",\"potentialAction\":[{\"@type\":\"SearchAction\",\"target\":{\"@type\":\"EntryPoint\",\"urlTemplate\":\"https:\\\/\\\/kuzeyinsesi.org\\\/?s={search_term_string}\"},\"query-input\":{\"@type\":\"PropertyValueSpecification\",\"valueRequired\":true,\"valueName\":\"search_term_string\"}}],\"inLanguage\":\"tr\"},{\"@type\":\"Person\",\"@id\":\"https:\\\/\\\/kuzeyinsesi.org\\\/#\\\/schema\\\/person\\\/9f859689cdf01485597712386e37f5aa\",\"name\":\"Kuzeyin Sesi\",\"image\":{\"@type\":\"ImageObject\",\"inLanguage\":\"tr\",\"@id\":\"https:\\\/\\\/secure.gravatar.com\\\/avatar\\\/bab33852abfd8b282518d6ed81826833d77c3c882d9ab608add591ccace47a44?s=96&d=mm&r=g\",\"url\":\"https:\\\/\\\/secure.gravatar.com\\\/avatar\\\/bab33852abfd8b282518d6ed81826833d77c3c882d9ab608add591ccace47a44?s=96&d=mm&r=g\",\"contentUrl\":\"https:\\\/\\\/secure.gravatar.com\\\/avatar\\\/bab33852abfd8b282518d6ed81826833d77c3c882d9ab608add591ccace47a44?s=96&d=mm&r=g\",\"caption\":\"Kuzeyin Sesi\"},\"sameAs\":[\"https:\\\/\\\/kuzeyinsesi.org\"],\"url\":\"https:\\\/\\\/kuzeyinsesi.org\\\/index.php\\\/author\\\/guven\\\/\"}]}<\/script>\n<!-- \/ Yoast SEO plugin. -->","yoast_head_json":{"title":"Y\u00f6netmen \u015eerif G\u00f6ren vefat etti - Kuzeyin Sesi","robots":{"index":"index","follow":"follow","max-snippet":"max-snippet:-1","max-image-preview":"max-image-preview:large","max-video-preview":"max-video-preview:-1"},"canonical":"https:\/\/kuzeyinsesi.org\/index.php\/2024\/12\/08\/yonetmen-serif-goren-vefat-etti\/","og_locale":"tr_TR","og_type":"article","og_title":"Y\u00f6netmen \u015eerif G\u00f6ren vefat etti - Kuzeyin Sesi","og_description":"\u201cYol\u201d, \u201cK\u00f6pr\u00fc\u201d, \u201cKat\u0131rc\u0131lar\u201d, \u201cDerman\u201d ve \u201cAlmanya Ac\u0131 Vatan\u201d gibi eserlerin aralar\u0131nda bulundu\u011fu bir\u00e7ok filme imza atan senarist ve y\u00f6netmen \u015eerif G\u00f6ren, 80 ya\u015f\u0131nda hayat\u0131n\u0131 kaybetti. Evindeki merdivenlerden d\u00fc\u015ferek ba\u015f\u0131n\u0131 yere \u00e7arpan G\u00f6ren, 22 Kas\u0131m\u2019da Taksim E\u011fitim ve Ara\u015ft\u0131rma Hastanesi\u2019nde ent\u00fcbe edilmi\u015fti. T\u00fcrk sinemas\u0131n\u0131 \u00f6nemli \u00f6l\u00e7\u00fcde etkileyen toplumsal ger\u00e7ek\u00e7ilik ak\u0131m\u0131n\u0131n ikinci ku\u015fa\u011f\u0131n\u0131 olu\u015fturan ba\u015fl\u0131ca y\u00f6netmenlerden olan [&hellip;]","og_url":"https:\/\/kuzeyinsesi.org\/index.php\/2024\/12\/08\/yonetmen-serif-goren-vefat-etti\/","og_site_name":"Kuzeyin Sesi","article_publisher":"https:\/\/www.facebook.com\/kuzeyinsesii","article_published_time":"2024-12-08T15:34:56+00:00","og_image":[{"url":"https:\/\/brtk.net\/wp-content\/uploads\/2024\/12\/08\/1733661754250serif-goren.jpeg?ver=64c091eea7dbf8d46acc8b902effb01f","type":"","width":"","height":""}],"author":"Kuzeyin Sesi","twitter_card":"summary_large_image","twitter_creator":"@kuzeyinsesii","twitter_site":"@kuzeyinsesii","twitter_misc":{"Yazan:":"Kuzeyin Sesi","Tahmini okuma s\u00fcresi":"2 dakika"},"schema":{"@context":"https:\/\/schema.org","@graph":[{"@type":"Article","@id":"https:\/\/kuzeyinsesi.org\/index.php\/2024\/12\/08\/yonetmen-serif-goren-vefat-etti\/#article","isPartOf":{"@id":"https:\/\/kuzeyinsesi.org\/index.php\/2024\/12\/08\/yonetmen-serif-goren-vefat-etti\/"},"author":{"name":"Kuzeyin Sesi","@id":"https:\/\/kuzeyinsesi.org\/#\/schema\/person\/9f859689cdf01485597712386e37f5aa"},"headline":"Y\u00f6netmen \u015eerif G\u00f6ren vefat etti","datePublished":"2024-12-08T15:34:56+00:00","mainEntityOfPage":{"@id":"https:\/\/kuzeyinsesi.org\/index.php\/2024\/12\/08\/yonetmen-serif-goren-vefat-etti\/"},"wordCount":418,"commentCount":0,"image":{"@id":"https:\/\/kuzeyinsesi.org\/index.php\/2024\/12\/08\/yonetmen-serif-goren-vefat-etti\/#primaryimage"},"thumbnailUrl":"https:\/\/kuzeyinsesi.org\/wp-content\/uploads\/2024\/12\/1733661754250serif-goren.jpeg","articleSection":["T\u00fcrkiye"],"inLanguage":"tr","potentialAction":[{"@type":"CommentAction","name":"Comment","target":["https:\/\/kuzeyinsesi.org\/index.php\/2024\/12\/08\/yonetmen-serif-goren-vefat-etti\/#respond"]}]},{"@type":"WebPage","@id":"https:\/\/kuzeyinsesi.org\/index.php\/2024\/12\/08\/yonetmen-serif-goren-vefat-etti\/","url":"https:\/\/kuzeyinsesi.org\/index.php\/2024\/12\/08\/yonetmen-serif-goren-vefat-etti\/","name":"Y\u00f6netmen \u015eerif G\u00f6ren vefat etti - Kuzeyin Sesi","isPartOf":{"@id":"https:\/\/kuzeyinsesi.org\/#website"},"primaryImageOfPage":{"@id":"https:\/\/kuzeyinsesi.org\/index.php\/2024\/12\/08\/yonetmen-serif-goren-vefat-etti\/#primaryimage"},"image":{"@id":"https:\/\/kuzeyinsesi.org\/index.php\/2024\/12\/08\/yonetmen-serif-goren-vefat-etti\/#primaryimage"},"thumbnailUrl":"https:\/\/kuzeyinsesi.org\/wp-content\/uploads\/2024\/12\/1733661754250serif-goren.jpeg","datePublished":"2024-12-08T15:34:56+00:00","author":{"@id":"https:\/\/kuzeyinsesi.org\/#\/schema\/person\/9f859689cdf01485597712386e37f5aa"},"breadcrumb":{"@id":"https:\/\/kuzeyinsesi.org\/index.php\/2024\/12\/08\/yonetmen-serif-goren-vefat-etti\/#breadcrumb"},"inLanguage":"tr","potentialAction":[{"@type":"ReadAction","target":["https:\/\/kuzeyinsesi.org\/index.php\/2024\/12\/08\/yonetmen-serif-goren-vefat-etti\/"]}]},{"@type":"ImageObject","inLanguage":"tr","@id":"https:\/\/kuzeyinsesi.org\/index.php\/2024\/12\/08\/yonetmen-serif-goren-vefat-etti\/#primaryimage","url":"https:\/\/kuzeyinsesi.org\/wp-content\/uploads\/2024\/12\/1733661754250serif-goren.jpeg","contentUrl":"https:\/\/kuzeyinsesi.org\/wp-content\/uploads\/2024\/12\/1733661754250serif-goren.jpeg","width":860,"height":573},{"@type":"BreadcrumbList","@id":"https:\/\/kuzeyinsesi.org\/index.php\/2024\/12\/08\/yonetmen-serif-goren-vefat-etti\/#breadcrumb","itemListElement":[{"@type":"ListItem","position":1,"name":"Anasayfa","item":"https:\/\/kuzeyinsesi.org\/"},{"@type":"ListItem","position":2,"name":"Y\u00f6netmen \u015eerif G\u00f6ren vefat etti"}]},{"@type":"WebSite","@id":"https:\/\/kuzeyinsesi.org\/#website","url":"https:\/\/kuzeyinsesi.org\/","name":"Kuzeyin Sesi","description":"Do\u011fru Haberin Adresi","potentialAction":[{"@type":"SearchAction","target":{"@type":"EntryPoint","urlTemplate":"https:\/\/kuzeyinsesi.org\/?s={search_term_string}"},"query-input":{"@type":"PropertyValueSpecification","valueRequired":true,"valueName":"search_term_string"}}],"inLanguage":"tr"},{"@type":"Person","@id":"https:\/\/kuzeyinsesi.org\/#\/schema\/person\/9f859689cdf01485597712386e37f5aa","name":"Kuzeyin Sesi","image":{"@type":"ImageObject","inLanguage":"tr","@id":"https:\/\/secure.gravatar.com\/avatar\/bab33852abfd8b282518d6ed81826833d77c3c882d9ab608add591ccace47a44?s=96&d=mm&r=g","url":"https:\/\/secure.gravatar.com\/avatar\/bab33852abfd8b282518d6ed81826833d77c3c882d9ab608add591ccace47a44?s=96&d=mm&r=g","contentUrl":"https:\/\/secure.gravatar.com\/avatar\/bab33852abfd8b282518d6ed81826833d77c3c882d9ab608add591ccace47a44?s=96&d=mm&r=g","caption":"Kuzeyin Sesi"},"sameAs":["https:\/\/kuzeyinsesi.org"],"url":"https:\/\/kuzeyinsesi.org\/index.php\/author\/guven\/"}]}},"_links":{"self":[{"href":"https:\/\/kuzeyinsesi.org\/index.php\/wp-json\/wp\/v2\/posts\/15189","targetHints":{"allow":["GET"]}}],"collection":[{"href":"https:\/\/kuzeyinsesi.org\/index.php\/wp-json\/wp\/v2\/posts"}],"about":[{"href":"https:\/\/kuzeyinsesi.org\/index.php\/wp-json\/wp\/v2\/types\/post"}],"author":[{"embeddable":true,"href":"https:\/\/kuzeyinsesi.org\/index.php\/wp-json\/wp\/v2\/users\/1"}],"replies":[{"embeddable":true,"href":"https:\/\/kuzeyinsesi.org\/index.php\/wp-json\/wp\/v2\/comments?post=15189"}],"version-history":[{"count":0,"href":"https:\/\/kuzeyinsesi.org\/index.php\/wp-json\/wp\/v2\/posts\/15189\/revisions"}],"wp:featuredmedia":[{"embeddable":true,"href":"https:\/\/kuzeyinsesi.org\/index.php\/wp-json\/wp\/v2\/media\/15190"}],"wp:attachment":[{"href":"https:\/\/kuzeyinsesi.org\/index.php\/wp-json\/wp\/v2\/media?parent=15189"}],"wp:term":[{"taxonomy":"category","embeddable":true,"href":"https:\/\/kuzeyinsesi.org\/index.php\/wp-json\/wp\/v2\/categories?post=15189"},{"taxonomy":"post_tag","embeddable":true,"href":"https:\/\/kuzeyinsesi.org\/index.php\/wp-json\/wp\/v2\/tags?post=15189"}],"curies":[{"name":"wp","href":"https:\/\/api.w.org\/{rel}","templated":true}]}}