{"id":15188,"date":"2024-12-08T17:16:29","date_gmt":"2024-12-08T15:16:29","guid":{"rendered":"https:\/\/kuzeyinsesi.org\/index.php\/2024\/12\/08\/tc-cumhurbaskanligi-iletisim-baskani-fahrettin-altun-dijital-cag-donusumune-dikkat-cekti\/"},"modified":"2024-12-08T17:16:29","modified_gmt":"2024-12-08T15:16:29","slug":"tc-cumhurbaskanligi-iletisim-baskani-fahrettin-altun-dijital-cag-donusumune-dikkat-cekti","status":"publish","type":"post","link":"https:\/\/kuzeyinsesi.org\/index.php\/2024\/12\/08\/tc-cumhurbaskanligi-iletisim-baskani-fahrettin-altun-dijital-cag-donusumune-dikkat-cekti\/","title":{"rendered":"TC Cumhurba\u015fkanl\u0131\u011f\u0131 \u0130leti\u015fim Ba\u015fkan\u0131 Fahrettin Altun, dijital \u00e7a\u011f d\u00f6n\u00fc\u015f\u00fcm\u00fcne dikkat \u00e7ekti"},"content":{"rendered":"<div>\n<div class=\"mariselle-image-container center\">\n                                            <\/div>\n<p>T\u00fcrkiye Cumhuriyeti Cumhurba\u015fkanl\u0131\u011f\u0131 \u0130leti\u015fim Ba\u015fkan\u0131 Fahrettin Altun, \u201cDijital \u00c7a\u011fda Hakikat M\u00fccadelesi\u201d ba\u015fl\u0131kl\u0131 yaz\u0131s\u0131nda, dijital \u00e7a\u011f\u0131n insanl\u0131\u011fa sundu\u011fu yeni f\u0131rsatlar\u0131n yan\u0131 s\u0131ra \u00f6nemli zorluklar da bar\u0131nd\u0131rd\u0131\u011f\u0131n\u0131 ifade etti.<\/p>\n<p>Altun, \u201cDijital \u00c7a\u011fda Hakikat M\u00fccadelesi\u201d ba\u015fl\u0131kl\u0131 yaz\u0131s\u0131nda, dijital \u00e7a\u011f\u0131n insanl\u0131\u011fa sundu\u011fu yeni f\u0131rsatlar\u0131n yan\u0131 s\u0131ra \u00f6nemli zorluklar da bar\u0131nd\u0131rd\u0131\u011f\u0131n\u0131 ifade etti.<\/p>\n<p>\u0130\u00e7inde bulundu\u011fumuz \u00e7a\u011f\u0131n insanl\u0131\u011fa yeni f\u0131rsatlar sunmakla kalmay\u0131p, ciddi zorluklar\u0131 da beraberinde getirdi\u011fini vurgulayan Altun, bilgi \u00fcretimi ve dola\u015f\u0131m\u0131n\u0131n h\u0131z\u0131na yeti\u015filmesinin g\u00fc\u00e7le\u015fti\u011fi \u00e7a\u011f\u0131m\u0131zda, ileti\u015fim ekosisteminin k\u00f6kl\u00fc bir d\u00f6n\u00fc\u015f\u00fcm s\u00fcrecinden ge\u00e7ti\u011fini kaydetti.<\/p>\n<p>D\u00f6n\u00fc\u015f\u00fcm s\u00fcrecinin pozitif ilerlemeyi kapsad\u0131\u011f\u0131 kadar, ahlaki, k\u00fclt\u00fcrel ve insani s\u0131navlar\u0131 da beraberinde getirdi\u011fini belirten Altun,  teknolojinin h\u0131zla ilerledi\u011fi bu yepyeni ve zorlay\u0131c\u0131 d\u00f6nemde g\u00fcnl\u00fck hayatlar\u0131n da birer unsuru haline gelen yapay zek\u00e2 ve algoritmalar\u0131n art\u0131k sadece birer ara\u00e7 de\u011fil, ayn\u0131 zamanda g\u00fc\u00e7 dengelerini de yeniden belirleyen akt\u00f6r haline gelmi\u015f durumda oldu\u011funun alt\u0131n\u0131 \u00e7izdi.<\/p>\n<p>T\u00fcrkiye Cumhuriyeti Cumhurba\u015fkanl\u0131\u011f\u0131 \u0130leti\u015fim Ba\u015fkan\u0131 Fahrettin Altun s\u00f6zlerinin devam\u0131nda \u015funlar\u0131 kaydetti; \u201cHakikat ve yalan aras\u0131ndaki \u00e7izginin g\u00fcn be g\u00fcn daha da bulan\u0131kla\u015ft\u0131\u011f\u0131 ve insanl\u0131\u011f\u0131n \u201chakikat krizi\u201d olarak da adland\u0131r\u0131labilecek bir belirsizlikler yuma\u011f\u0131yla bo\u011fu\u015fmaya ba\u015flad\u0131\u011f\u0131 g\u00fcn\u00fcm\u00fczde, b\u00fcy\u00fck s\u0131namalarla y\u00fczle\u015fiyor ve bu sorunlar yuma\u011f\u0131n\u0131 a\u015fman\u0131n yeg\u00e2ne yolunun etkili ileti\u015fim stratejileri geli\u015ftirmek oldu\u011funu biliyoruz.<\/p>\n<p>Teknoloji ile d\u00f6n\u00fc\u015fen ileti\u015fim ekosisteminin f\u0131rsat ve tehditlerini toplum yarar\u0131 i\u00e7in etkili \u015fekilde analiz etmek ve bunlar\u0131 y\u00f6netmek \u00f6nceli\u011fimiz olmal\u0131d\u0131r. Ya\u015fanan geli\u015fmeler, toplumlar\u0131n ileti\u015fim alan\u0131ndaki al\u0131\u015fkanl\u0131klar\u0131n\u0131 de\u011fi\u015ftirmekte, dijital medya hayat\u0131m\u0131z\u0131n \u00f6nemli bir par\u00e7as\u0131 olarak \u00f6ne \u00e7\u0131kmaktad\u0131r. Bu de\u011fi\u015fimin en \u00e7arp\u0131c\u0131 y\u00f6n\u00fc ise, yapay zek\u00e2n\u0131n ileti\u015fim s\u00fcre\u00e7lerindeki etkisiyle kendini g\u00f6stermektedir.<\/p>\n<p>Yapay zek\u00e2 ara\u00e7lar\u0131 d\u00fcnyam\u0131z\u0131 ve b\u00fct\u00fcn sekt\u00f6rleri h\u0131zla d\u00f6n\u00fc\u015ft\u00fcr\u00fcyor. Bug\u00fcn yapay zek\u00e2 stratejik ileti\u015fimde ezber bozan bir g\u00fc\u00e7 olarak kar\u015f\u0131m\u0131zda durmaktad\u0131r. Veri analizi, i\u00e7erik \u00fcretimi ve kriz y\u00f6netimi gibi alanlarda sundu\u011fu imk\u00e2nlar \u00e7ok de\u011fil bundan birka\u00e7 y\u0131l kadar \u00f6nce hayal dahi edilemeyen bir h\u0131z ve etkinlik sa\u011fl\u0131yor. K\u0131sa s\u00fcre \u00f6nce yaln\u0131zca bilim kurgu filmlerinde hayal edilebilen fikirler, bug\u00fcn herkesin kolayl\u0131kla eri\u015febilece\u011fi bir noktaya geldi. Ancak ne yaz\u0131k ki teknolojinin bu pozitif y\u00f6nl\u00fc ilerleyi\u015fi do\u011fru ama\u00e7larla kullan\u0131lmad\u0131\u011f\u0131nda bir dijital silaha d\u00f6n\u00fc\u015fme potansiyeli ta\u015f\u0131yor. Deep-fake \u00fcretebilen yapay zek\u00e2, orijinal i\u00e7erikleri sahte i\u00e7eriklerden ay\u0131rt edilemez hale getirirken toplumlar\u0131n g\u00fcvenini zedelemekte, hakikat krizini derinle\u015ftirmektedir. Bu da dezenformasyon, manip\u00fclasyon ve etik ihlallerin y\u0131k\u0131c\u0131 sonu\u00e7lar\u0131n\u0131 b\u00fcy\u00fck \u00f6l\u00e7\u00fcde art\u0131rmaktad\u0131r. Algoritmalar\u0131n kontrol etti\u011fi bir d\u00fcnyada, bireylerin sadece yank\u0131 odalar\u0131na hapsolmas\u0131, toplumsal kutupla\u015fmay\u0131 k\u00f6r\u00fcklemekte ve hakikatin yerini manip\u00fclasyon almaktad\u0131r. Bu durum, yapay zek\u00e2n\u0131n etik ilkelerle y\u00f6netilmesi gerekti\u011fi ger\u00e7e\u011fini bir kez daha g\u00f6zler \u00f6n\u00fcne sermektedir. Yapay zek\u00e2n\u0131n dijital alanda kullan\u0131m\u0131 hesap verilebilirlik, \u015feffafl\u0131k ve etik gibi bir\u00e7ok hususu da g\u00fcndeme getirmektedir.<\/p>\n<p>Yak\u0131n zamanda Gazze\u2019de ya\u015fanan trajediler s\u0131ras\u0131nda yapay zek\u00e2 destekli dezenformasyonun uluslararas\u0131 kamuoyunu yan\u0131ltmak i\u00e7in nas\u0131l kullan\u0131ld\u0131\u011f\u0131na hep beraber \u015fahitlik ettik. Sosyal medyadaki dezenformasyon, algoritmalar taraf\u0131ndan h\u0131zla yay\u0131l\u0131rken do\u011fru bilgiye eri\u015fim engellendi. Bunun sonucunda, ya\u015fanan geli\u015fmeler ve insan haklar\u0131 ihlallerine ili\u015fkin ger\u00e7ek bilginin kamuoyuna ula\u015fmas\u0131 zorla\u015ft\u0131.<\/p>\n<p>Teknolojik ve dijital imk\u00e2nlar\u0131n insanl\u0131\u011fa sa\u011flad\u0131\u011f\u0131 b\u00fcy\u00fck faydalar elbette yads\u0131namaz, reddedilemez. T\u0131pk\u0131, bu imk\u00e2nlar\u0131 k\u00f6t\u00fcc\u00fcl ama\u00e7lar i\u00e7in kullananlar\u0131n varl\u0131\u011f\u0131n\u0131n da k\u00fcresel g\u00fcvenlik ve istikrar ortam\u0131na tehdit olu\u015fturdu\u011fu ger\u00e7e\u011finin yads\u0131namayaca\u011f\u0131 gibi. Bu t\u00fcr y\u0131k\u0131c\u0131 etkiler kar\u015f\u0131s\u0131nda, T\u00fcrkiye olarak stratejik ileti\u015fim mekanizmalar\u0131m\u0131zla yanl\u0131\u015f bilgilendirmeleri engellemek, hakikati savunmak ve uluslararas\u0131 kamuoyunun do\u011fru bilgiye ula\u015fmas\u0131n\u0131 sa\u011flamak i\u00e7in yo\u011fun \u00e7aba sarf ediyoruz. Dijital tehditlere y\u00f6nelik fark\u0131ndal\u0131k olu\u015fturulmas\u0131 ve medya okuryazarl\u0131\u011f\u0131n\u0131n art\u0131r\u0131lmas\u0131 g\u00fcn\u00fcm\u00fcz\u00fcn \u00e7ok \u00e7e\u015fitli riskleri ile m\u00fccadelede \u00f6nceliklerimiz aras\u0131nda yer almaktad\u0131r. Dijital alandaki \u00e7ok kapsaml\u0131 d\u00f6n\u00fc\u015f\u00fcm\u00fc y\u00f6netmek i\u00e7in k\u00fcresel i\u015f birli\u011finin \u00f6nemi her ge\u00e7en g\u00fcn daha fazla hissedilmektedir. T\u00fcrkiye olarak hakikat m\u00fccadelesinde uluslararas\u0131 i\u015f birli\u011fini destekleyen faaliyetlerimizi s\u00fcrd\u00fcr\u00fcyoruz.<\/p>\n<p>Cumhurba\u015fkan\u0131m\u0131z Say\u0131n Recep Tayyip Erdo\u011fan\u2019\u0131n T\u00fcrkiye Y\u00fczy\u0131l\u0131 Vizyonu \u00e7er\u00e7evesinde, bu d\u00f6n\u00fc\u015f\u00fcm \u00e7a\u011f\u0131nda T\u00fcrkiye olarak stratejik bir duru\u015f sergiliyoruz. Teknolojiyi insanl\u0131\u011f\u0131n hizmetine sunmay\u0131, toplumsal fayday\u0131 \u00f6ncelemeyi ve hakikati merkeze alan bir ileti\u015fim anlay\u0131\u015f\u0131n\u0131 esas alm\u0131\u015f bulunmaktay\u0131z. Bu yeni\u00e7a\u011fda stratejik ileti\u015fimi ise belirsizlikleri y\u00f6netmenin ve g\u00fcven tesis etmenin anahtar\u0131 olarak g\u00f6r\u00fcyoruz. T\u00fcrkiye olarak, ulusal ve uluslararas\u0131 d\u00fczeyde bu alanda etkin bir rol \u00fcstleniyoruz. Cumhurba\u015fkanl\u0131\u011f\u0131 \u0130leti\u015fim Ba\u015fkanl\u0131\u011f\u0131 olarak y\u00fcr\u00fctt\u00fc\u011f\u00fcm\u00fcz dezenformasyonla m\u00fccadele \u00e7abam\u0131z, uzun s\u00fcredir hakikat krizine kar\u015f\u0131 kararl\u0131l\u0131kla \u00e7al\u0131\u015fmakta ve bu \u00e7er\u00e7evede etkili \u00e7\u00f6z\u00fcmler geli\u015ftirmektedir. Kriz ileti\u015fimini, yapay zek\u00e2 destekli stratejik ileti\u015fim s\u00fcre\u00e7lerinin en hayati uygulama alanlar\u0131ndan biri olarak de\u011ferlendiriyoruz. Do\u011fru bilgiye h\u0131zla ula\u015fmak ve kamuoyunu etkili bir \u015fekilde bilgilendirmek, kriz anlar\u0131nda hayat kurtar\u0131c\u0131 bir rol oynamaktad\u0131r.<\/p>\n<p>Dijital \u00e7a\u011f\u0131n d\u00f6n\u00fc\u015f\u00fcm r\u00fczg\u00e2rlar\u0131n\u0131 yak\u0131ndan hissetti\u011fimiz bu d\u00f6nemde, 13-14 Aral\u0131k 2024 tarihinde d\u00fczenleyece\u011fimiz \u201cSTRATCOM: Uluslararas\u0131 Stratejik \u0130leti\u015fim Forumu\u201d t\u00fcm bu f\u0131rsat ve risklerin k\u00fcresel \u00f6l\u00e7ekte derinlemesine tart\u0131\u015f\u0131laca\u011f\u0131 \u00f6nc\u00fc bir platformdur. D\u00fcnyan\u0131n d\u00f6rt bir yan\u0131ndan kamu sekt\u00f6r\u00fc, medya, akademi, sivil toplum ve \u00f6zel sekt\u00f6r temsilcilerini bir araya getiren zirveForum, stratejik ileti\u015fim ekosisteminin gelece\u011fine y\u00f6n veren fikirlerin harmanland\u0131\u011f\u0131 bir merkez konumundad\u0131r. Ancak STRATCOM\u2019u sadece bir zirve Forum olarak de\u011ferlendirmek do\u011fru da de\u011fildir. \u201cSTRATCOM: Uluslararas\u0131 Stratejik \u0130leti\u015fim Forumu\u201d ayn\u0131 zamanda dijital \u00e7a\u011f\u0131n zorluklar\u0131na ve hakikat krizine kar\u015f\u0131 ortak bir iradenin in\u015fas\u0131na olanak sa\u011flayan k\u00fcresel de bir \u00e7a\u011fr\u0131d\u0131r ayn\u0131 zamanda. Bu k\u00fcresel \u00e7a\u011fr\u0131n\u0131n \u00f6nemini, yapay zek\u00e2 ve stratejik ileti\u015fimde ya\u015fanan bu devrimlerin b\u00fcy\u00fck sorumluluklar\u0131 da beraberinde getirmesiyle g\u00f6rmekteyiz. Bizler insanl\u0131\u011f\u0131n ortak gelece\u011fi i\u00e7in; hakikat, vicdan ve adalet ilkelerinden \u00f6d\u00fcn vermeyen bir anlay\u0131\u015fla hareket etmemiz gerekti\u011fi bilincindeyiz. T\u00fcrkiye, bu anlay\u0131\u015f\u0131n rehberli\u011finde sadece kendi b\u00f6lgesinde de\u011fil k\u00fcresel d\u00fczeyde de bir model olmay\u0131 s\u00fcrd\u00fcrecektir.\u201d<\/p>\n<\/p><\/div>\n<p><script async\n                    defer\n                    crossorigin=\"anonymous\"\n                    src=\"https:\/\/connect.facebook.net\/tr_TR\/sdk.js#xfbml=1&#038;version=v3.3\"\n            ><\/script><\/p>\n","protected":false},"excerpt":{"rendered":"<p>T\u00fcrkiye Cumhuriyeti Cumhurba\u015fkanl\u0131\u011f\u0131 \u0130leti\u015fim Ba\u015fkan\u0131 Fahrettin Altun, \u201cDijital \u00c7a\u011fda Hakikat M\u00fccadelesi\u201d ba\u015fl\u0131kl\u0131 yaz\u0131s\u0131nda, dijital \u00e7a\u011f\u0131n insanl\u0131\u011fa sundu\u011fu yeni f\u0131rsatlar\u0131n yan\u0131 s\u0131ra \u00f6nemli zorluklar da bar\u0131nd\u0131rd\u0131\u011f\u0131n\u0131 ifade etti. Altun, \u201cDijital \u00c7a\u011fda Hakikat M\u00fccadelesi\u201d ba\u015fl\u0131kl\u0131 yaz\u0131s\u0131nda, dijital \u00e7a\u011f\u0131n insanl\u0131\u011fa sundu\u011fu yeni f\u0131rsatlar\u0131n yan\u0131 s\u0131ra \u00f6nemli zorluklar da bar\u0131nd\u0131rd\u0131\u011f\u0131n\u0131 ifade etti. \u0130\u00e7inde bulundu\u011fumuz \u00e7a\u011f\u0131n insanl\u0131\u011fa yeni f\u0131rsatlar sunmakla [&hellip;]<\/p>\n","protected":false},"author":1,"featured_media":11131,"comment_status":"open","ping_status":"open","sticky":false,"template":"","format":"standard","meta":{"jnews-multi-image_gallery":[],"jnews_single_post":[],"jnews_primary_category":[],"jnews_social_meta":[],"jnews_override_counter":[],"footnotes":""},"categories":[5],"tags":[],"class_list":["post-15188","post","type-post","status-publish","format-standard","has-post-thumbnail","hentry","category-turkiye"],"yoast_head":"<!-- This site is optimized with the Yoast SEO plugin v27.4 - https:\/\/yoast.com\/product\/yoast-seo-wordpress\/ -->\n<title>TC Cumhurba\u015fkanl\u0131\u011f\u0131 \u0130leti\u015fim Ba\u015fkan\u0131 Fahrettin Altun, dijital \u00e7a\u011f d\u00f6n\u00fc\u015f\u00fcm\u00fcne dikkat \u00e7ekti - Kuzeyin Sesi<\/title>\n<meta name=\"robots\" content=\"index, follow, max-snippet:-1, max-image-preview:large, max-video-preview:-1\" \/>\n<link rel=\"canonical\" href=\"https:\/\/kuzeyinsesi.org\/index.php\/2024\/12\/08\/tc-cumhurbaskanligi-iletisim-baskani-fahrettin-altun-dijital-cag-donusumune-dikkat-cekti\/\" \/>\n<meta property=\"og:locale\" content=\"tr_TR\" \/>\n<meta property=\"og:type\" content=\"article\" \/>\n<meta property=\"og:title\" content=\"TC Cumhurba\u015fkanl\u0131\u011f\u0131 \u0130leti\u015fim Ba\u015fkan\u0131 Fahrettin Altun, dijital \u00e7a\u011f d\u00f6n\u00fc\u015f\u00fcm\u00fcne dikkat \u00e7ekti - Kuzeyin Sesi\" \/>\n<meta property=\"og:description\" content=\"T\u00fcrkiye Cumhuriyeti Cumhurba\u015fkanl\u0131\u011f\u0131 \u0130leti\u015fim Ba\u015fkan\u0131 Fahrettin Altun, \u201cDijital \u00c7a\u011fda Hakikat M\u00fccadelesi\u201d ba\u015fl\u0131kl\u0131 yaz\u0131s\u0131nda, dijital \u00e7a\u011f\u0131n insanl\u0131\u011fa sundu\u011fu yeni f\u0131rsatlar\u0131n yan\u0131 s\u0131ra \u00f6nemli zorluklar da bar\u0131nd\u0131rd\u0131\u011f\u0131n\u0131 ifade etti. Altun, \u201cDijital \u00c7a\u011fda Hakikat M\u00fccadelesi\u201d ba\u015fl\u0131kl\u0131 yaz\u0131s\u0131nda, dijital \u00e7a\u011f\u0131n insanl\u0131\u011fa sundu\u011fu yeni f\u0131rsatlar\u0131n yan\u0131 s\u0131ra \u00f6nemli zorluklar da bar\u0131nd\u0131rd\u0131\u011f\u0131n\u0131 ifade etti. \u0130\u00e7inde bulundu\u011fumuz \u00e7a\u011f\u0131n insanl\u0131\u011fa yeni f\u0131rsatlar sunmakla [&hellip;]\" \/>\n<meta property=\"og:url\" content=\"https:\/\/kuzeyinsesi.org\/index.php\/2024\/12\/08\/tc-cumhurbaskanligi-iletisim-baskani-fahrettin-altun-dijital-cag-donusumune-dikkat-cekti\/\" \/>\n<meta property=\"og:site_name\" content=\"Kuzeyin Sesi\" \/>\n<meta property=\"article:publisher\" content=\"https:\/\/www.facebook.com\/kuzeyinsesii\" \/>\n<meta property=\"article:published_time\" content=\"2024-12-08T15:16:29+00:00\" \/>\n<meta property=\"og:image\" content=\"https:\/\/brtk.net\/wp-content\/uploads\/2024\/10\/08\/fahrettin-altundan-dunyay-853_2-41.webp?ver=9abef72426b05988e7a3b1134564fd84\" \/>\n<meta name=\"author\" content=\"Kuzeyin Sesi\" \/>\n<meta name=\"twitter:card\" content=\"summary_large_image\" \/>\n<meta name=\"twitter:creator\" content=\"@kuzeyinsesii\" \/>\n<meta name=\"twitter:site\" content=\"@kuzeyinsesii\" \/>\n<meta name=\"twitter:label1\" content=\"Yazan:\" \/>\n\t<meta name=\"twitter:data1\" content=\"Kuzeyin Sesi\" \/>\n\t<meta name=\"twitter:label2\" content=\"Tahmini okuma s\u00fcresi\" \/>\n\t<meta name=\"twitter:data2\" content=\"6 dakika\" \/>\n<script type=\"application\/ld+json\" class=\"yoast-schema-graph\">{\"@context\":\"https:\\\/\\\/schema.org\",\"@graph\":[{\"@type\":\"Article\",\"@id\":\"https:\\\/\\\/kuzeyinsesi.org\\\/index.php\\\/2024\\\/12\\\/08\\\/tc-cumhurbaskanligi-iletisim-baskani-fahrettin-altun-dijital-cag-donusumune-dikkat-cekti\\\/#article\",\"isPartOf\":{\"@id\":\"https:\\\/\\\/kuzeyinsesi.org\\\/index.php\\\/2024\\\/12\\\/08\\\/tc-cumhurbaskanligi-iletisim-baskani-fahrettin-altun-dijital-cag-donusumune-dikkat-cekti\\\/\"},\"author\":{\"name\":\"Kuzeyin Sesi\",\"@id\":\"https:\\\/\\\/kuzeyinsesi.org\\\/#\\\/schema\\\/person\\\/9f859689cdf01485597712386e37f5aa\"},\"headline\":\"TC Cumhurba\u015fkanl\u0131\u011f\u0131 \u0130leti\u015fim Ba\u015fkan\u0131 Fahrettin Altun, dijital \u00e7a\u011f d\u00f6n\u00fc\u015f\u00fcm\u00fcne dikkat \u00e7ekti\",\"datePublished\":\"2024-12-08T15:16:29+00:00\",\"mainEntityOfPage\":{\"@id\":\"https:\\\/\\\/kuzeyinsesi.org\\\/index.php\\\/2024\\\/12\\\/08\\\/tc-cumhurbaskanligi-iletisim-baskani-fahrettin-altun-dijital-cag-donusumune-dikkat-cekti\\\/\"},\"wordCount\":1258,\"commentCount\":0,\"image\":{\"@id\":\"https:\\\/\\\/kuzeyinsesi.org\\\/index.php\\\/2024\\\/12\\\/08\\\/tc-cumhurbaskanligi-iletisim-baskani-fahrettin-altun-dijital-cag-donusumune-dikkat-cekti\\\/#primaryimage\"},\"thumbnailUrl\":\"https:\\\/\\\/kuzeyinsesi.org\\\/wp-content\\\/uploads\\\/2024\\\/10\\\/fahrettin-altundan-dunyay-853_2-41.webp.webp\",\"articleSection\":[\"T\u00fcrkiye\"],\"inLanguage\":\"tr\",\"potentialAction\":[{\"@type\":\"CommentAction\",\"name\":\"Comment\",\"target\":[\"https:\\\/\\\/kuzeyinsesi.org\\\/index.php\\\/2024\\\/12\\\/08\\\/tc-cumhurbaskanligi-iletisim-baskani-fahrettin-altun-dijital-cag-donusumune-dikkat-cekti\\\/#respond\"]}]},{\"@type\":\"WebPage\",\"@id\":\"https:\\\/\\\/kuzeyinsesi.org\\\/index.php\\\/2024\\\/12\\\/08\\\/tc-cumhurbaskanligi-iletisim-baskani-fahrettin-altun-dijital-cag-donusumune-dikkat-cekti\\\/\",\"url\":\"https:\\\/\\\/kuzeyinsesi.org\\\/index.php\\\/2024\\\/12\\\/08\\\/tc-cumhurbaskanligi-iletisim-baskani-fahrettin-altun-dijital-cag-donusumune-dikkat-cekti\\\/\",\"name\":\"TC Cumhurba\u015fkanl\u0131\u011f\u0131 \u0130leti\u015fim Ba\u015fkan\u0131 Fahrettin Altun, dijital \u00e7a\u011f d\u00f6n\u00fc\u015f\u00fcm\u00fcne dikkat \u00e7ekti - Kuzeyin Sesi\",\"isPartOf\":{\"@id\":\"https:\\\/\\\/kuzeyinsesi.org\\\/#website\"},\"primaryImageOfPage\":{\"@id\":\"https:\\\/\\\/kuzeyinsesi.org\\\/index.php\\\/2024\\\/12\\\/08\\\/tc-cumhurbaskanligi-iletisim-baskani-fahrettin-altun-dijital-cag-donusumune-dikkat-cekti\\\/#primaryimage\"},\"image\":{\"@id\":\"https:\\\/\\\/kuzeyinsesi.org\\\/index.php\\\/2024\\\/12\\\/08\\\/tc-cumhurbaskanligi-iletisim-baskani-fahrettin-altun-dijital-cag-donusumune-dikkat-cekti\\\/#primaryimage\"},\"thumbnailUrl\":\"https:\\\/\\\/kuzeyinsesi.org\\\/wp-content\\\/uploads\\\/2024\\\/10\\\/fahrettin-altundan-dunyay-853_2-41.webp.webp\",\"datePublished\":\"2024-12-08T15:16:29+00:00\",\"author\":{\"@id\":\"https:\\\/\\\/kuzeyinsesi.org\\\/#\\\/schema\\\/person\\\/9f859689cdf01485597712386e37f5aa\"},\"breadcrumb\":{\"@id\":\"https:\\\/\\\/kuzeyinsesi.org\\\/index.php\\\/2024\\\/12\\\/08\\\/tc-cumhurbaskanligi-iletisim-baskani-fahrettin-altun-dijital-cag-donusumune-dikkat-cekti\\\/#breadcrumb\"},\"inLanguage\":\"tr\",\"potentialAction\":[{\"@type\":\"ReadAction\",\"target\":[\"https:\\\/\\\/kuzeyinsesi.org\\\/index.php\\\/2024\\\/12\\\/08\\\/tc-cumhurbaskanligi-iletisim-baskani-fahrettin-altun-dijital-cag-donusumune-dikkat-cekti\\\/\"]}]},{\"@type\":\"ImageObject\",\"inLanguage\":\"tr\",\"@id\":\"https:\\\/\\\/kuzeyinsesi.org\\\/index.php\\\/2024\\\/12\\\/08\\\/tc-cumhurbaskanligi-iletisim-baskani-fahrettin-altun-dijital-cag-donusumune-dikkat-cekti\\\/#primaryimage\",\"url\":\"https:\\\/\\\/kuzeyinsesi.org\\\/wp-content\\\/uploads\\\/2024\\\/10\\\/fahrettin-altundan-dunyay-853_2-41.webp.webp\",\"contentUrl\":\"https:\\\/\\\/kuzeyinsesi.org\\\/wp-content\\\/uploads\\\/2024\\\/10\\\/fahrettin-altundan-dunyay-853_2-41.webp.webp\",\"width\":1200,\"height\":675},{\"@type\":\"BreadcrumbList\",\"@id\":\"https:\\\/\\\/kuzeyinsesi.org\\\/index.php\\\/2024\\\/12\\\/08\\\/tc-cumhurbaskanligi-iletisim-baskani-fahrettin-altun-dijital-cag-donusumune-dikkat-cekti\\\/#breadcrumb\",\"itemListElement\":[{\"@type\":\"ListItem\",\"position\":1,\"name\":\"Anasayfa\",\"item\":\"https:\\\/\\\/kuzeyinsesi.org\\\/\"},{\"@type\":\"ListItem\",\"position\":2,\"name\":\"TC Cumhurba\u015fkanl\u0131\u011f\u0131 \u0130leti\u015fim Ba\u015fkan\u0131 Fahrettin Altun, dijital \u00e7a\u011f d\u00f6n\u00fc\u015f\u00fcm\u00fcne dikkat \u00e7ekti\"}]},{\"@type\":\"WebSite\",\"@id\":\"https:\\\/\\\/kuzeyinsesi.org\\\/#website\",\"url\":\"https:\\\/\\\/kuzeyinsesi.org\\\/\",\"name\":\"Kuzeyin Sesi\",\"description\":\"Do\u011fru Haberin Adresi\",\"potentialAction\":[{\"@type\":\"SearchAction\",\"target\":{\"@type\":\"EntryPoint\",\"urlTemplate\":\"https:\\\/\\\/kuzeyinsesi.org\\\/?s={search_term_string}\"},\"query-input\":{\"@type\":\"PropertyValueSpecification\",\"valueRequired\":true,\"valueName\":\"search_term_string\"}}],\"inLanguage\":\"tr\"},{\"@type\":\"Person\",\"@id\":\"https:\\\/\\\/kuzeyinsesi.org\\\/#\\\/schema\\\/person\\\/9f859689cdf01485597712386e37f5aa\",\"name\":\"Kuzeyin Sesi\",\"image\":{\"@type\":\"ImageObject\",\"inLanguage\":\"tr\",\"@id\":\"https:\\\/\\\/secure.gravatar.com\\\/avatar\\\/bab33852abfd8b282518d6ed81826833d77c3c882d9ab608add591ccace47a44?s=96&d=mm&r=g\",\"url\":\"https:\\\/\\\/secure.gravatar.com\\\/avatar\\\/bab33852abfd8b282518d6ed81826833d77c3c882d9ab608add591ccace47a44?s=96&d=mm&r=g\",\"contentUrl\":\"https:\\\/\\\/secure.gravatar.com\\\/avatar\\\/bab33852abfd8b282518d6ed81826833d77c3c882d9ab608add591ccace47a44?s=96&d=mm&r=g\",\"caption\":\"Kuzeyin Sesi\"},\"sameAs\":[\"https:\\\/\\\/kuzeyinsesi.org\"],\"url\":\"https:\\\/\\\/kuzeyinsesi.org\\\/index.php\\\/author\\\/guven\\\/\"}]}<\/script>\n<!-- \/ Yoast SEO plugin. -->","yoast_head_json":{"title":"TC Cumhurba\u015fkanl\u0131\u011f\u0131 \u0130leti\u015fim Ba\u015fkan\u0131 Fahrettin Altun, dijital \u00e7a\u011f d\u00f6n\u00fc\u015f\u00fcm\u00fcne dikkat \u00e7ekti - Kuzeyin Sesi","robots":{"index":"index","follow":"follow","max-snippet":"max-snippet:-1","max-image-preview":"max-image-preview:large","max-video-preview":"max-video-preview:-1"},"canonical":"https:\/\/kuzeyinsesi.org\/index.php\/2024\/12\/08\/tc-cumhurbaskanligi-iletisim-baskani-fahrettin-altun-dijital-cag-donusumune-dikkat-cekti\/","og_locale":"tr_TR","og_type":"article","og_title":"TC Cumhurba\u015fkanl\u0131\u011f\u0131 \u0130leti\u015fim Ba\u015fkan\u0131 Fahrettin Altun, dijital \u00e7a\u011f d\u00f6n\u00fc\u015f\u00fcm\u00fcne dikkat \u00e7ekti - Kuzeyin Sesi","og_description":"T\u00fcrkiye Cumhuriyeti Cumhurba\u015fkanl\u0131\u011f\u0131 \u0130leti\u015fim Ba\u015fkan\u0131 Fahrettin Altun, \u201cDijital \u00c7a\u011fda Hakikat M\u00fccadelesi\u201d ba\u015fl\u0131kl\u0131 yaz\u0131s\u0131nda, dijital \u00e7a\u011f\u0131n insanl\u0131\u011fa sundu\u011fu yeni f\u0131rsatlar\u0131n yan\u0131 s\u0131ra \u00f6nemli zorluklar da bar\u0131nd\u0131rd\u0131\u011f\u0131n\u0131 ifade etti. Altun, \u201cDijital \u00c7a\u011fda Hakikat M\u00fccadelesi\u201d ba\u015fl\u0131kl\u0131 yaz\u0131s\u0131nda, dijital \u00e7a\u011f\u0131n insanl\u0131\u011fa sundu\u011fu yeni f\u0131rsatlar\u0131n yan\u0131 s\u0131ra \u00f6nemli zorluklar da bar\u0131nd\u0131rd\u0131\u011f\u0131n\u0131 ifade etti. \u0130\u00e7inde bulundu\u011fumuz \u00e7a\u011f\u0131n insanl\u0131\u011fa yeni f\u0131rsatlar sunmakla [&hellip;]","og_url":"https:\/\/kuzeyinsesi.org\/index.php\/2024\/12\/08\/tc-cumhurbaskanligi-iletisim-baskani-fahrettin-altun-dijital-cag-donusumune-dikkat-cekti\/","og_site_name":"Kuzeyin Sesi","article_publisher":"https:\/\/www.facebook.com\/kuzeyinsesii","article_published_time":"2024-12-08T15:16:29+00:00","og_image":[{"url":"https:\/\/brtk.net\/wp-content\/uploads\/2024\/10\/08\/fahrettin-altundan-dunyay-853_2-41.webp?ver=9abef72426b05988e7a3b1134564fd84","type":"","width":"","height":""}],"author":"Kuzeyin Sesi","twitter_card":"summary_large_image","twitter_creator":"@kuzeyinsesii","twitter_site":"@kuzeyinsesii","twitter_misc":{"Yazan:":"Kuzeyin Sesi","Tahmini okuma s\u00fcresi":"6 dakika"},"schema":{"@context":"https:\/\/schema.org","@graph":[{"@type":"Article","@id":"https:\/\/kuzeyinsesi.org\/index.php\/2024\/12\/08\/tc-cumhurbaskanligi-iletisim-baskani-fahrettin-altun-dijital-cag-donusumune-dikkat-cekti\/#article","isPartOf":{"@id":"https:\/\/kuzeyinsesi.org\/index.php\/2024\/12\/08\/tc-cumhurbaskanligi-iletisim-baskani-fahrettin-altun-dijital-cag-donusumune-dikkat-cekti\/"},"author":{"name":"Kuzeyin Sesi","@id":"https:\/\/kuzeyinsesi.org\/#\/schema\/person\/9f859689cdf01485597712386e37f5aa"},"headline":"TC Cumhurba\u015fkanl\u0131\u011f\u0131 \u0130leti\u015fim Ba\u015fkan\u0131 Fahrettin Altun, dijital \u00e7a\u011f d\u00f6n\u00fc\u015f\u00fcm\u00fcne dikkat \u00e7ekti","datePublished":"2024-12-08T15:16:29+00:00","mainEntityOfPage":{"@id":"https:\/\/kuzeyinsesi.org\/index.php\/2024\/12\/08\/tc-cumhurbaskanligi-iletisim-baskani-fahrettin-altun-dijital-cag-donusumune-dikkat-cekti\/"},"wordCount":1258,"commentCount":0,"image":{"@id":"https:\/\/kuzeyinsesi.org\/index.php\/2024\/12\/08\/tc-cumhurbaskanligi-iletisim-baskani-fahrettin-altun-dijital-cag-donusumune-dikkat-cekti\/#primaryimage"},"thumbnailUrl":"https:\/\/kuzeyinsesi.org\/wp-content\/uploads\/2024\/10\/fahrettin-altundan-dunyay-853_2-41.webp.webp","articleSection":["T\u00fcrkiye"],"inLanguage":"tr","potentialAction":[{"@type":"CommentAction","name":"Comment","target":["https:\/\/kuzeyinsesi.org\/index.php\/2024\/12\/08\/tc-cumhurbaskanligi-iletisim-baskani-fahrettin-altun-dijital-cag-donusumune-dikkat-cekti\/#respond"]}]},{"@type":"WebPage","@id":"https:\/\/kuzeyinsesi.org\/index.php\/2024\/12\/08\/tc-cumhurbaskanligi-iletisim-baskani-fahrettin-altun-dijital-cag-donusumune-dikkat-cekti\/","url":"https:\/\/kuzeyinsesi.org\/index.php\/2024\/12\/08\/tc-cumhurbaskanligi-iletisim-baskani-fahrettin-altun-dijital-cag-donusumune-dikkat-cekti\/","name":"TC Cumhurba\u015fkanl\u0131\u011f\u0131 \u0130leti\u015fim Ba\u015fkan\u0131 Fahrettin Altun, dijital \u00e7a\u011f d\u00f6n\u00fc\u015f\u00fcm\u00fcne dikkat \u00e7ekti - Kuzeyin Sesi","isPartOf":{"@id":"https:\/\/kuzeyinsesi.org\/#website"},"primaryImageOfPage":{"@id":"https:\/\/kuzeyinsesi.org\/index.php\/2024\/12\/08\/tc-cumhurbaskanligi-iletisim-baskani-fahrettin-altun-dijital-cag-donusumune-dikkat-cekti\/#primaryimage"},"image":{"@id":"https:\/\/kuzeyinsesi.org\/index.php\/2024\/12\/08\/tc-cumhurbaskanligi-iletisim-baskani-fahrettin-altun-dijital-cag-donusumune-dikkat-cekti\/#primaryimage"},"thumbnailUrl":"https:\/\/kuzeyinsesi.org\/wp-content\/uploads\/2024\/10\/fahrettin-altundan-dunyay-853_2-41.webp.webp","datePublished":"2024-12-08T15:16:29+00:00","author":{"@id":"https:\/\/kuzeyinsesi.org\/#\/schema\/person\/9f859689cdf01485597712386e37f5aa"},"breadcrumb":{"@id":"https:\/\/kuzeyinsesi.org\/index.php\/2024\/12\/08\/tc-cumhurbaskanligi-iletisim-baskani-fahrettin-altun-dijital-cag-donusumune-dikkat-cekti\/#breadcrumb"},"inLanguage":"tr","potentialAction":[{"@type":"ReadAction","target":["https:\/\/kuzeyinsesi.org\/index.php\/2024\/12\/08\/tc-cumhurbaskanligi-iletisim-baskani-fahrettin-altun-dijital-cag-donusumune-dikkat-cekti\/"]}]},{"@type":"ImageObject","inLanguage":"tr","@id":"https:\/\/kuzeyinsesi.org\/index.php\/2024\/12\/08\/tc-cumhurbaskanligi-iletisim-baskani-fahrettin-altun-dijital-cag-donusumune-dikkat-cekti\/#primaryimage","url":"https:\/\/kuzeyinsesi.org\/wp-content\/uploads\/2024\/10\/fahrettin-altundan-dunyay-853_2-41.webp.webp","contentUrl":"https:\/\/kuzeyinsesi.org\/wp-content\/uploads\/2024\/10\/fahrettin-altundan-dunyay-853_2-41.webp.webp","width":1200,"height":675},{"@type":"BreadcrumbList","@id":"https:\/\/kuzeyinsesi.org\/index.php\/2024\/12\/08\/tc-cumhurbaskanligi-iletisim-baskani-fahrettin-altun-dijital-cag-donusumune-dikkat-cekti\/#breadcrumb","itemListElement":[{"@type":"ListItem","position":1,"name":"Anasayfa","item":"https:\/\/kuzeyinsesi.org\/"},{"@type":"ListItem","position":2,"name":"TC Cumhurba\u015fkanl\u0131\u011f\u0131 \u0130leti\u015fim Ba\u015fkan\u0131 Fahrettin Altun, dijital \u00e7a\u011f d\u00f6n\u00fc\u015f\u00fcm\u00fcne dikkat \u00e7ekti"}]},{"@type":"WebSite","@id":"https:\/\/kuzeyinsesi.org\/#website","url":"https:\/\/kuzeyinsesi.org\/","name":"Kuzeyin Sesi","description":"Do\u011fru Haberin Adresi","potentialAction":[{"@type":"SearchAction","target":{"@type":"EntryPoint","urlTemplate":"https:\/\/kuzeyinsesi.org\/?s={search_term_string}"},"query-input":{"@type":"PropertyValueSpecification","valueRequired":true,"valueName":"search_term_string"}}],"inLanguage":"tr"},{"@type":"Person","@id":"https:\/\/kuzeyinsesi.org\/#\/schema\/person\/9f859689cdf01485597712386e37f5aa","name":"Kuzeyin Sesi","image":{"@type":"ImageObject","inLanguage":"tr","@id":"https:\/\/secure.gravatar.com\/avatar\/bab33852abfd8b282518d6ed81826833d77c3c882d9ab608add591ccace47a44?s=96&d=mm&r=g","url":"https:\/\/secure.gravatar.com\/avatar\/bab33852abfd8b282518d6ed81826833d77c3c882d9ab608add591ccace47a44?s=96&d=mm&r=g","contentUrl":"https:\/\/secure.gravatar.com\/avatar\/bab33852abfd8b282518d6ed81826833d77c3c882d9ab608add591ccace47a44?s=96&d=mm&r=g","caption":"Kuzeyin Sesi"},"sameAs":["https:\/\/kuzeyinsesi.org"],"url":"https:\/\/kuzeyinsesi.org\/index.php\/author\/guven\/"}]}},"_links":{"self":[{"href":"https:\/\/kuzeyinsesi.org\/index.php\/wp-json\/wp\/v2\/posts\/15188","targetHints":{"allow":["GET"]}}],"collection":[{"href":"https:\/\/kuzeyinsesi.org\/index.php\/wp-json\/wp\/v2\/posts"}],"about":[{"href":"https:\/\/kuzeyinsesi.org\/index.php\/wp-json\/wp\/v2\/types\/post"}],"author":[{"embeddable":true,"href":"https:\/\/kuzeyinsesi.org\/index.php\/wp-json\/wp\/v2\/users\/1"}],"replies":[{"embeddable":true,"href":"https:\/\/kuzeyinsesi.org\/index.php\/wp-json\/wp\/v2\/comments?post=15188"}],"version-history":[{"count":0,"href":"https:\/\/kuzeyinsesi.org\/index.php\/wp-json\/wp\/v2\/posts\/15188\/revisions"}],"wp:featuredmedia":[{"embeddable":true,"href":"https:\/\/kuzeyinsesi.org\/index.php\/wp-json\/wp\/v2\/media\/11131"}],"wp:attachment":[{"href":"https:\/\/kuzeyinsesi.org\/index.php\/wp-json\/wp\/v2\/media?parent=15188"}],"wp:term":[{"taxonomy":"category","embeddable":true,"href":"https:\/\/kuzeyinsesi.org\/index.php\/wp-json\/wp\/v2\/categories?post=15188"},{"taxonomy":"post_tag","embeddable":true,"href":"https:\/\/kuzeyinsesi.org\/index.php\/wp-json\/wp\/v2\/tags?post=15188"}],"curies":[{"name":"wp","href":"https:\/\/api.w.org\/{rel}","templated":true}]}}