{"id":15157,"date":"2024-12-07T19:34:07","date_gmt":"2024-12-07T17:34:07","guid":{"rendered":"https:\/\/kuzeyinsesi.org\/index.php\/2024\/12\/07\/biz-dogayiz-sergisi-girnede-aciliyor\/"},"modified":"2024-12-07T19:34:07","modified_gmt":"2024-12-07T17:34:07","slug":"biz-dogayiz-sergisi-girnede-aciliyor","status":"publish","type":"post","link":"https:\/\/kuzeyinsesi.org\/index.php\/2024\/12\/07\/biz-dogayiz-sergisi-girnede-aciliyor\/","title":{"rendered":"\u201cBiz Do\u011fay\u0131z\u201d Sergisi Girne\u2019de a\u00e7\u0131l\u0131yor"},"content":{"rendered":"<div>\n<div class=\"mariselle-image-container center\">\n                                            <\/div>\n<p>K\u0131br\u0131s Ka\u011f\u0131t Sanat\u00e7\u0131lar\u0131 Derne\u011fi\u2019nin ge\u00e7ti\u011fimiz ay Yalova Ka\u011f\u0131t M\u00fczesinde ger\u00e7ekle\u015ftirdi\u011fi \u201cBiz Do\u011fay\u0131z\u201d isimli sergisi Girne\u2019de sanatseverlerle bulu\u015fuyor.<\/p>\n<p>Sergi yar\u0131n saat 16:00\u2019da Sevda Orr Studio\u2019da a\u00e7\u0131lacak ve 15 Aral\u0131k\u2019a kadar ziyarete a\u00e7\u0131k olacak.<\/p>\n<p>Dernek\u2019ten yap\u0131lan a\u00e7\u0131klamaya g\u00f6re,  do\u011fan\u0131n, sadece g\u00f6rsel bir ilham kayna\u011f\u0131 de\u011fil, ayn\u0131 zamanda sanat\u00e7\u0131lar i\u00e7in derin bir ba\u011fl\u0131l\u0131k ve hayal g\u00fcc\u00fc kayna\u011f\u0131 oldu\u011funu vurgulanan sergide, do\u011fal malzemeler ve \u00e7evre dostu yakla\u015f\u0131mlarla \u00fcretilen eserler yer al\u0131yor.<\/p>\n<p>Sergide, Bahire Deniz, Canan Topalo\u011flu, Emel Samio\u011flu, Eser Ke\u00e7eci, Fatma \u00d6zok, Feza Sanvar, Gonca Akbudak, Han\u0131m Taghiyeva, \u0130nci Kansu, \u0130smet Tatar, Kemal B. Caymaz, Mandana Mehrnia, Mine Koruda\u011f, Necla E. K\u0131z\u0131l, \u00d6zge Y\u00fccesoy, Raif K\u0131z\u0131l, Rana \u00d6zdo\u011fa, Roya Alagheband, Sevda Zengin Orr, Sophia Hadjipappa ve T\u00fclay Pirgal\u0131o\u011flu gibi sanat\u00e7\u0131lar\u0131n eserleri sergilenecek.<\/p>\n<\/p><\/div>\n<p><script async\n                    defer\n                    crossorigin=\"anonymous\"\n                    src=\"https:\/\/connect.facebook.net\/tr_TR\/sdk.js#xfbml=1&#038;version=v3.3\"\n            ><\/script><\/p>\n","protected":false},"excerpt":{"rendered":"<p>K\u0131br\u0131s Ka\u011f\u0131t Sanat\u00e7\u0131lar\u0131 Derne\u011fi\u2019nin ge\u00e7ti\u011fimiz ay Yalova Ka\u011f\u0131t M\u00fczesinde ger\u00e7ekle\u015ftirdi\u011fi \u201cBiz Do\u011fay\u0131z\u201d isimli sergisi Girne\u2019de sanatseverlerle bulu\u015fuyor. Sergi yar\u0131n saat 16:00\u2019da Sevda Orr Studio\u2019da a\u00e7\u0131lacak ve 15 Aral\u0131k\u2019a kadar ziyarete a\u00e7\u0131k olacak. Dernek\u2019ten yap\u0131lan a\u00e7\u0131klamaya g\u00f6re, do\u011fan\u0131n, sadece g\u00f6rsel bir ilham kayna\u011f\u0131 de\u011fil, ayn\u0131 zamanda sanat\u00e7\u0131lar i\u00e7in derin bir ba\u011fl\u0131l\u0131k ve hayal g\u00fcc\u00fc kayna\u011f\u0131 oldu\u011funu [&hellip;]<\/p>\n","protected":false},"author":1,"featured_media":15158,"comment_status":"open","ping_status":"open","sticky":false,"template":"","format":"standard","meta":{"jnews-multi-image_gallery":[],"jnews_single_post":[],"jnews_primary_category":[],"jnews_social_meta":[],"jnews_override_counter":[],"footnotes":""},"categories":[6],"tags":[],"class_list":["post-15157","post","type-post","status-publish","format-standard","has-post-thumbnail","hentry","category-yasam"],"yoast_head":"<!-- This site is optimized with the Yoast SEO plugin v27.4 - https:\/\/yoast.com\/product\/yoast-seo-wordpress\/ -->\n<title>\u201cBiz Do\u011fay\u0131z\u201d Sergisi Girne\u2019de a\u00e7\u0131l\u0131yor - Kuzeyin Sesi<\/title>\n<meta name=\"robots\" content=\"index, follow, max-snippet:-1, max-image-preview:large, max-video-preview:-1\" \/>\n<link rel=\"canonical\" href=\"https:\/\/kuzeyinsesi.org\/index.php\/2024\/12\/07\/biz-dogayiz-sergisi-girnede-aciliyor\/\" \/>\n<meta property=\"og:locale\" content=\"tr_TR\" \/>\n<meta property=\"og:type\" content=\"article\" \/>\n<meta property=\"og:title\" content=\"\u201cBiz Do\u011fay\u0131z\u201d Sergisi Girne\u2019de a\u00e7\u0131l\u0131yor - Kuzeyin Sesi\" \/>\n<meta property=\"og:description\" content=\"K\u0131br\u0131s Ka\u011f\u0131t Sanat\u00e7\u0131lar\u0131 Derne\u011fi\u2019nin ge\u00e7ti\u011fimiz ay Yalova Ka\u011f\u0131t M\u00fczesinde ger\u00e7ekle\u015ftirdi\u011fi \u201cBiz Do\u011fay\u0131z\u201d isimli sergisi Girne\u2019de sanatseverlerle bulu\u015fuyor. Sergi yar\u0131n saat 16:00\u2019da Sevda Orr Studio\u2019da a\u00e7\u0131lacak ve 15 Aral\u0131k\u2019a kadar ziyarete a\u00e7\u0131k olacak. Dernek\u2019ten yap\u0131lan a\u00e7\u0131klamaya g\u00f6re, do\u011fan\u0131n, sadece g\u00f6rsel bir ilham kayna\u011f\u0131 de\u011fil, ayn\u0131 zamanda sanat\u00e7\u0131lar i\u00e7in derin bir ba\u011fl\u0131l\u0131k ve hayal g\u00fcc\u00fc kayna\u011f\u0131 oldu\u011funu [&hellip;]\" \/>\n<meta property=\"og:url\" content=\"https:\/\/kuzeyinsesi.org\/index.php\/2024\/12\/07\/biz-dogayiz-sergisi-girnede-aciliyor\/\" \/>\n<meta property=\"og:site_name\" content=\"Kuzeyin Sesi\" \/>\n<meta property=\"article:publisher\" content=\"https:\/\/www.facebook.com\/kuzeyinsesii\" \/>\n<meta property=\"article:published_time\" content=\"2024-12-07T17:34:07+00:00\" \/>\n<meta property=\"og:image\" content=\"https:\/\/brtk.net\/wp-content\/uploads\/2024\/12\/07\/1733578608509Biz-dogayiz.jpg?ver=2a8411d9e154bf1ce13127a68d39ea10\" \/>\n<meta name=\"author\" content=\"Kuzeyin Sesi\" \/>\n<meta name=\"twitter:card\" content=\"summary_large_image\" \/>\n<meta name=\"twitter:creator\" content=\"@kuzeyinsesii\" \/>\n<meta name=\"twitter:site\" content=\"@kuzeyinsesii\" \/>\n<meta name=\"twitter:label1\" content=\"Yazan:\" \/>\n\t<meta name=\"twitter:data1\" content=\"Kuzeyin Sesi\" \/>\n\t<meta name=\"twitter:label2\" content=\"Tahmini okuma s\u00fcresi\" \/>\n\t<meta name=\"twitter:data2\" content=\"1 dakika\" \/>\n<script type=\"application\/ld+json\" class=\"yoast-schema-graph\">{\"@context\":\"https:\\\/\\\/schema.org\",\"@graph\":[{\"@type\":\"Article\",\"@id\":\"https:\\\/\\\/kuzeyinsesi.org\\\/index.php\\\/2024\\\/12\\\/07\\\/biz-dogayiz-sergisi-girnede-aciliyor\\\/#article\",\"isPartOf\":{\"@id\":\"https:\\\/\\\/kuzeyinsesi.org\\\/index.php\\\/2024\\\/12\\\/07\\\/biz-dogayiz-sergisi-girnede-aciliyor\\\/\"},\"author\":{\"name\":\"Kuzeyin Sesi\",\"@id\":\"https:\\\/\\\/kuzeyinsesi.org\\\/#\\\/schema\\\/person\\\/9f859689cdf01485597712386e37f5aa\"},\"headline\":\"\u201cBiz Do\u011fay\u0131z\u201d Sergisi Girne\u2019de a\u00e7\u0131l\u0131yor\",\"datePublished\":\"2024-12-07T17:34:07+00:00\",\"mainEntityOfPage\":{\"@id\":\"https:\\\/\\\/kuzeyinsesi.org\\\/index.php\\\/2024\\\/12\\\/07\\\/biz-dogayiz-sergisi-girnede-aciliyor\\\/\"},\"wordCount\":183,\"commentCount\":0,\"image\":{\"@id\":\"https:\\\/\\\/kuzeyinsesi.org\\\/index.php\\\/2024\\\/12\\\/07\\\/biz-dogayiz-sergisi-girnede-aciliyor\\\/#primaryimage\"},\"thumbnailUrl\":\"https:\\\/\\\/kuzeyinsesi.org\\\/wp-content\\\/uploads\\\/2024\\\/12\\\/1733578608509Biz-dogayiz.jpg\",\"articleSection\":[\"Ya\u015fam\"],\"inLanguage\":\"tr\",\"potentialAction\":[{\"@type\":\"CommentAction\",\"name\":\"Comment\",\"target\":[\"https:\\\/\\\/kuzeyinsesi.org\\\/index.php\\\/2024\\\/12\\\/07\\\/biz-dogayiz-sergisi-girnede-aciliyor\\\/#respond\"]}]},{\"@type\":\"WebPage\",\"@id\":\"https:\\\/\\\/kuzeyinsesi.org\\\/index.php\\\/2024\\\/12\\\/07\\\/biz-dogayiz-sergisi-girnede-aciliyor\\\/\",\"url\":\"https:\\\/\\\/kuzeyinsesi.org\\\/index.php\\\/2024\\\/12\\\/07\\\/biz-dogayiz-sergisi-girnede-aciliyor\\\/\",\"name\":\"\u201cBiz Do\u011fay\u0131z\u201d Sergisi Girne\u2019de a\u00e7\u0131l\u0131yor - Kuzeyin Sesi\",\"isPartOf\":{\"@id\":\"https:\\\/\\\/kuzeyinsesi.org\\\/#website\"},\"primaryImageOfPage\":{\"@id\":\"https:\\\/\\\/kuzeyinsesi.org\\\/index.php\\\/2024\\\/12\\\/07\\\/biz-dogayiz-sergisi-girnede-aciliyor\\\/#primaryimage\"},\"image\":{\"@id\":\"https:\\\/\\\/kuzeyinsesi.org\\\/index.php\\\/2024\\\/12\\\/07\\\/biz-dogayiz-sergisi-girnede-aciliyor\\\/#primaryimage\"},\"thumbnailUrl\":\"https:\\\/\\\/kuzeyinsesi.org\\\/wp-content\\\/uploads\\\/2024\\\/12\\\/1733578608509Biz-dogayiz.jpg\",\"datePublished\":\"2024-12-07T17:34:07+00:00\",\"author\":{\"@id\":\"https:\\\/\\\/kuzeyinsesi.org\\\/#\\\/schema\\\/person\\\/9f859689cdf01485597712386e37f5aa\"},\"breadcrumb\":{\"@id\":\"https:\\\/\\\/kuzeyinsesi.org\\\/index.php\\\/2024\\\/12\\\/07\\\/biz-dogayiz-sergisi-girnede-aciliyor\\\/#breadcrumb\"},\"inLanguage\":\"tr\",\"potentialAction\":[{\"@type\":\"ReadAction\",\"target\":[\"https:\\\/\\\/kuzeyinsesi.org\\\/index.php\\\/2024\\\/12\\\/07\\\/biz-dogayiz-sergisi-girnede-aciliyor\\\/\"]}]},{\"@type\":\"ImageObject\",\"inLanguage\":\"tr\",\"@id\":\"https:\\\/\\\/kuzeyinsesi.org\\\/index.php\\\/2024\\\/12\\\/07\\\/biz-dogayiz-sergisi-girnede-aciliyor\\\/#primaryimage\",\"url\":\"https:\\\/\\\/kuzeyinsesi.org\\\/wp-content\\\/uploads\\\/2024\\\/12\\\/1733578608509Biz-dogayiz.jpg\",\"contentUrl\":\"https:\\\/\\\/kuzeyinsesi.org\\\/wp-content\\\/uploads\\\/2024\\\/12\\\/1733578608509Biz-dogayiz.jpg\",\"width\":501,\"height\":640},{\"@type\":\"BreadcrumbList\",\"@id\":\"https:\\\/\\\/kuzeyinsesi.org\\\/index.php\\\/2024\\\/12\\\/07\\\/biz-dogayiz-sergisi-girnede-aciliyor\\\/#breadcrumb\",\"itemListElement\":[{\"@type\":\"ListItem\",\"position\":1,\"name\":\"Anasayfa\",\"item\":\"https:\\\/\\\/kuzeyinsesi.org\\\/\"},{\"@type\":\"ListItem\",\"position\":2,\"name\":\"\u201cBiz Do\u011fay\u0131z\u201d Sergisi Girne\u2019de a\u00e7\u0131l\u0131yor\"}]},{\"@type\":\"WebSite\",\"@id\":\"https:\\\/\\\/kuzeyinsesi.org\\\/#website\",\"url\":\"https:\\\/\\\/kuzeyinsesi.org\\\/\",\"name\":\"Kuzeyin Sesi\",\"description\":\"Do\u011fru Haberin Adresi\",\"potentialAction\":[{\"@type\":\"SearchAction\",\"target\":{\"@type\":\"EntryPoint\",\"urlTemplate\":\"https:\\\/\\\/kuzeyinsesi.org\\\/?s={search_term_string}\"},\"query-input\":{\"@type\":\"PropertyValueSpecification\",\"valueRequired\":true,\"valueName\":\"search_term_string\"}}],\"inLanguage\":\"tr\"},{\"@type\":\"Person\",\"@id\":\"https:\\\/\\\/kuzeyinsesi.org\\\/#\\\/schema\\\/person\\\/9f859689cdf01485597712386e37f5aa\",\"name\":\"Kuzeyin Sesi\",\"image\":{\"@type\":\"ImageObject\",\"inLanguage\":\"tr\",\"@id\":\"https:\\\/\\\/secure.gravatar.com\\\/avatar\\\/bab33852abfd8b282518d6ed81826833d77c3c882d9ab608add591ccace47a44?s=96&d=mm&r=g\",\"url\":\"https:\\\/\\\/secure.gravatar.com\\\/avatar\\\/bab33852abfd8b282518d6ed81826833d77c3c882d9ab608add591ccace47a44?s=96&d=mm&r=g\",\"contentUrl\":\"https:\\\/\\\/secure.gravatar.com\\\/avatar\\\/bab33852abfd8b282518d6ed81826833d77c3c882d9ab608add591ccace47a44?s=96&d=mm&r=g\",\"caption\":\"Kuzeyin Sesi\"},\"sameAs\":[\"https:\\\/\\\/kuzeyinsesi.org\"],\"url\":\"https:\\\/\\\/kuzeyinsesi.org\\\/index.php\\\/author\\\/guven\\\/\"}]}<\/script>\n<!-- \/ Yoast SEO plugin. -->","yoast_head_json":{"title":"\u201cBiz Do\u011fay\u0131z\u201d Sergisi Girne\u2019de a\u00e7\u0131l\u0131yor - Kuzeyin Sesi","robots":{"index":"index","follow":"follow","max-snippet":"max-snippet:-1","max-image-preview":"max-image-preview:large","max-video-preview":"max-video-preview:-1"},"canonical":"https:\/\/kuzeyinsesi.org\/index.php\/2024\/12\/07\/biz-dogayiz-sergisi-girnede-aciliyor\/","og_locale":"tr_TR","og_type":"article","og_title":"\u201cBiz Do\u011fay\u0131z\u201d Sergisi Girne\u2019de a\u00e7\u0131l\u0131yor - Kuzeyin Sesi","og_description":"K\u0131br\u0131s Ka\u011f\u0131t Sanat\u00e7\u0131lar\u0131 Derne\u011fi\u2019nin ge\u00e7ti\u011fimiz ay Yalova Ka\u011f\u0131t M\u00fczesinde ger\u00e7ekle\u015ftirdi\u011fi \u201cBiz Do\u011fay\u0131z\u201d isimli sergisi Girne\u2019de sanatseverlerle bulu\u015fuyor. Sergi yar\u0131n saat 16:00\u2019da Sevda Orr Studio\u2019da a\u00e7\u0131lacak ve 15 Aral\u0131k\u2019a kadar ziyarete a\u00e7\u0131k olacak. Dernek\u2019ten yap\u0131lan a\u00e7\u0131klamaya g\u00f6re, do\u011fan\u0131n, sadece g\u00f6rsel bir ilham kayna\u011f\u0131 de\u011fil, ayn\u0131 zamanda sanat\u00e7\u0131lar i\u00e7in derin bir ba\u011fl\u0131l\u0131k ve hayal g\u00fcc\u00fc kayna\u011f\u0131 oldu\u011funu [&hellip;]","og_url":"https:\/\/kuzeyinsesi.org\/index.php\/2024\/12\/07\/biz-dogayiz-sergisi-girnede-aciliyor\/","og_site_name":"Kuzeyin Sesi","article_publisher":"https:\/\/www.facebook.com\/kuzeyinsesii","article_published_time":"2024-12-07T17:34:07+00:00","og_image":[{"url":"https:\/\/brtk.net\/wp-content\/uploads\/2024\/12\/07\/1733578608509Biz-dogayiz.jpg?ver=2a8411d9e154bf1ce13127a68d39ea10","type":"","width":"","height":""}],"author":"Kuzeyin Sesi","twitter_card":"summary_large_image","twitter_creator":"@kuzeyinsesii","twitter_site":"@kuzeyinsesii","twitter_misc":{"Yazan:":"Kuzeyin Sesi","Tahmini okuma s\u00fcresi":"1 dakika"},"schema":{"@context":"https:\/\/schema.org","@graph":[{"@type":"Article","@id":"https:\/\/kuzeyinsesi.org\/index.php\/2024\/12\/07\/biz-dogayiz-sergisi-girnede-aciliyor\/#article","isPartOf":{"@id":"https:\/\/kuzeyinsesi.org\/index.php\/2024\/12\/07\/biz-dogayiz-sergisi-girnede-aciliyor\/"},"author":{"name":"Kuzeyin Sesi","@id":"https:\/\/kuzeyinsesi.org\/#\/schema\/person\/9f859689cdf01485597712386e37f5aa"},"headline":"\u201cBiz Do\u011fay\u0131z\u201d Sergisi Girne\u2019de a\u00e7\u0131l\u0131yor","datePublished":"2024-12-07T17:34:07+00:00","mainEntityOfPage":{"@id":"https:\/\/kuzeyinsesi.org\/index.php\/2024\/12\/07\/biz-dogayiz-sergisi-girnede-aciliyor\/"},"wordCount":183,"commentCount":0,"image":{"@id":"https:\/\/kuzeyinsesi.org\/index.php\/2024\/12\/07\/biz-dogayiz-sergisi-girnede-aciliyor\/#primaryimage"},"thumbnailUrl":"https:\/\/kuzeyinsesi.org\/wp-content\/uploads\/2024\/12\/1733578608509Biz-dogayiz.jpg","articleSection":["Ya\u015fam"],"inLanguage":"tr","potentialAction":[{"@type":"CommentAction","name":"Comment","target":["https:\/\/kuzeyinsesi.org\/index.php\/2024\/12\/07\/biz-dogayiz-sergisi-girnede-aciliyor\/#respond"]}]},{"@type":"WebPage","@id":"https:\/\/kuzeyinsesi.org\/index.php\/2024\/12\/07\/biz-dogayiz-sergisi-girnede-aciliyor\/","url":"https:\/\/kuzeyinsesi.org\/index.php\/2024\/12\/07\/biz-dogayiz-sergisi-girnede-aciliyor\/","name":"\u201cBiz Do\u011fay\u0131z\u201d Sergisi Girne\u2019de a\u00e7\u0131l\u0131yor - Kuzeyin Sesi","isPartOf":{"@id":"https:\/\/kuzeyinsesi.org\/#website"},"primaryImageOfPage":{"@id":"https:\/\/kuzeyinsesi.org\/index.php\/2024\/12\/07\/biz-dogayiz-sergisi-girnede-aciliyor\/#primaryimage"},"image":{"@id":"https:\/\/kuzeyinsesi.org\/index.php\/2024\/12\/07\/biz-dogayiz-sergisi-girnede-aciliyor\/#primaryimage"},"thumbnailUrl":"https:\/\/kuzeyinsesi.org\/wp-content\/uploads\/2024\/12\/1733578608509Biz-dogayiz.jpg","datePublished":"2024-12-07T17:34:07+00:00","author":{"@id":"https:\/\/kuzeyinsesi.org\/#\/schema\/person\/9f859689cdf01485597712386e37f5aa"},"breadcrumb":{"@id":"https:\/\/kuzeyinsesi.org\/index.php\/2024\/12\/07\/biz-dogayiz-sergisi-girnede-aciliyor\/#breadcrumb"},"inLanguage":"tr","potentialAction":[{"@type":"ReadAction","target":["https:\/\/kuzeyinsesi.org\/index.php\/2024\/12\/07\/biz-dogayiz-sergisi-girnede-aciliyor\/"]}]},{"@type":"ImageObject","inLanguage":"tr","@id":"https:\/\/kuzeyinsesi.org\/index.php\/2024\/12\/07\/biz-dogayiz-sergisi-girnede-aciliyor\/#primaryimage","url":"https:\/\/kuzeyinsesi.org\/wp-content\/uploads\/2024\/12\/1733578608509Biz-dogayiz.jpg","contentUrl":"https:\/\/kuzeyinsesi.org\/wp-content\/uploads\/2024\/12\/1733578608509Biz-dogayiz.jpg","width":501,"height":640},{"@type":"BreadcrumbList","@id":"https:\/\/kuzeyinsesi.org\/index.php\/2024\/12\/07\/biz-dogayiz-sergisi-girnede-aciliyor\/#breadcrumb","itemListElement":[{"@type":"ListItem","position":1,"name":"Anasayfa","item":"https:\/\/kuzeyinsesi.org\/"},{"@type":"ListItem","position":2,"name":"\u201cBiz Do\u011fay\u0131z\u201d Sergisi Girne\u2019de a\u00e7\u0131l\u0131yor"}]},{"@type":"WebSite","@id":"https:\/\/kuzeyinsesi.org\/#website","url":"https:\/\/kuzeyinsesi.org\/","name":"Kuzeyin Sesi","description":"Do\u011fru Haberin Adresi","potentialAction":[{"@type":"SearchAction","target":{"@type":"EntryPoint","urlTemplate":"https:\/\/kuzeyinsesi.org\/?s={search_term_string}"},"query-input":{"@type":"PropertyValueSpecification","valueRequired":true,"valueName":"search_term_string"}}],"inLanguage":"tr"},{"@type":"Person","@id":"https:\/\/kuzeyinsesi.org\/#\/schema\/person\/9f859689cdf01485597712386e37f5aa","name":"Kuzeyin Sesi","image":{"@type":"ImageObject","inLanguage":"tr","@id":"https:\/\/secure.gravatar.com\/avatar\/bab33852abfd8b282518d6ed81826833d77c3c882d9ab608add591ccace47a44?s=96&d=mm&r=g","url":"https:\/\/secure.gravatar.com\/avatar\/bab33852abfd8b282518d6ed81826833d77c3c882d9ab608add591ccace47a44?s=96&d=mm&r=g","contentUrl":"https:\/\/secure.gravatar.com\/avatar\/bab33852abfd8b282518d6ed81826833d77c3c882d9ab608add591ccace47a44?s=96&d=mm&r=g","caption":"Kuzeyin Sesi"},"sameAs":["https:\/\/kuzeyinsesi.org"],"url":"https:\/\/kuzeyinsesi.org\/index.php\/author\/guven\/"}]}},"_links":{"self":[{"href":"https:\/\/kuzeyinsesi.org\/index.php\/wp-json\/wp\/v2\/posts\/15157","targetHints":{"allow":["GET"]}}],"collection":[{"href":"https:\/\/kuzeyinsesi.org\/index.php\/wp-json\/wp\/v2\/posts"}],"about":[{"href":"https:\/\/kuzeyinsesi.org\/index.php\/wp-json\/wp\/v2\/types\/post"}],"author":[{"embeddable":true,"href":"https:\/\/kuzeyinsesi.org\/index.php\/wp-json\/wp\/v2\/users\/1"}],"replies":[{"embeddable":true,"href":"https:\/\/kuzeyinsesi.org\/index.php\/wp-json\/wp\/v2\/comments?post=15157"}],"version-history":[{"count":0,"href":"https:\/\/kuzeyinsesi.org\/index.php\/wp-json\/wp\/v2\/posts\/15157\/revisions"}],"wp:featuredmedia":[{"embeddable":true,"href":"https:\/\/kuzeyinsesi.org\/index.php\/wp-json\/wp\/v2\/media\/15158"}],"wp:attachment":[{"href":"https:\/\/kuzeyinsesi.org\/index.php\/wp-json\/wp\/v2\/media?parent=15157"}],"wp:term":[{"taxonomy":"category","embeddable":true,"href":"https:\/\/kuzeyinsesi.org\/index.php\/wp-json\/wp\/v2\/categories?post=15157"},{"taxonomy":"post_tag","embeddable":true,"href":"https:\/\/kuzeyinsesi.org\/index.php\/wp-json\/wp\/v2\/tags?post=15157"}],"curies":[{"name":"wp","href":"https:\/\/api.w.org\/{rel}","templated":true}]}}