{"id":15139,"date":"2024-12-07T15:30:16","date_gmt":"2024-12-07T13:30:16","guid":{"rendered":"https:\/\/kuzeyinsesi.org\/index.php\/2024\/12\/07\/kktc-tc-arasinda-sanayi-yatirimlarini-kolaylastiran-anlasma-tc-resmi-gazetede-yayimlandi\/"},"modified":"2024-12-07T15:30:16","modified_gmt":"2024-12-07T13:30:16","slug":"kktc-tc-arasinda-sanayi-yatirimlarini-kolaylastiran-anlasma-tc-resmi-gazetede-yayimlandi","status":"publish","type":"post","link":"https:\/\/kuzeyinsesi.org\/index.php\/2024\/12\/07\/kktc-tc-arasinda-sanayi-yatirimlarini-kolaylastiran-anlasma-tc-resmi-gazetede-yayimlandi\/","title":{"rendered":"KKTC-TC aras\u0131nda sanayi yat\u0131r\u0131mlar\u0131n\u0131 kolayla\u015ft\u0131ran anla\u015fma TC Resmi Gazete\u2019de yay\u0131mland\u0131"},"content":{"rendered":"<div>\n<div class=\"mariselle-image-container center\">\n                                            <\/div>\n<p>T\u00fcrkiye Cumhuriyeti h\u00fck\u00fcmeti ile KKTC Cumhuriyeti h\u00fck\u00fcmeti aras\u0131nda imzalanan ve T\u00fcrkiye Cumhurba\u015fkan\u0131 Recep Tayyip Erdo\u011fan taraf\u0131ndan onaylanan milletleraras\u0131 anla\u015fma T\u00fcrkiye\u2019de Resmi Gazete\u2019de yay\u0131mland\u0131.<\/p>\n<p>Buna g\u00f6re; Kuzey K\u0131br\u0131s T\u00fcrk Cumhuriyeti\u2019nde 11 Ocak\u2019ta imzalanan \u201cT\u00fcrkiye Cumhuriyeti H\u00fck\u00fcmeti ile KKTC H\u00fck\u00fcmeti Aras\u0131nda KKTC\u2019de T\u00fcrkiye Cumhuriyeti Vatanda\u015flar\u0131 ile T\u00fcrkiye Cumhuriyeti \u0130lgili Kanunlar\u0131na G\u00f6re Kurulmu\u015f \u015eirketlerin Yapaca\u011f\u0131 Sanayi Yat\u0131r\u0131mlar\u0131n\u0131n Kolayla\u015ft\u0131r\u0131lmas\u0131 Hakk\u0131nda Anla\u015fma\u201dn\u0131n onaylanmas\u0131na ili\u015fkin karar Resmi Gazete\u2019de yay\u0131mland\u0131.<\/p>\n<p>Anla\u015fman\u0131n amac\u0131n\u0131n, KKTC\u2019de T\u00fcrkiye\u2019nin deste\u011fi ile tamamlanan Organize Sanayi B\u00f6lgelerinde, T\u00fcrk vatanda\u015flar\u0131 ile ilgili T\u00fcrk kanunlar\u0131na g\u00f6re kurulmu\u015f \u015firketlerin yapaca\u011f\u0131 sanayi yat\u0131r\u0131mlar\u0131n\u0131n kolayla\u015ft\u0131r\u0131lmas\u0131, te\u015fvik edilmesi, yat\u0131r\u0131mlara ili\u015fkin izin ve benzeri b\u00fcrokratik i\u015flemlerin azalt\u0131lmas\u0131, geli\u015ftirilmesi ve KKTC\u2019li yat\u0131r\u0131mc\u0131larla ayn\u0131 stat\u00fcde kabul edilerek ayn\u0131 kurallara tabi olmas\u0131n\u0131n sa\u011flanmas\u0131 oldu\u011fu bildirildi.<\/p>\n<\/p><\/div>\n<p><script async\n                    defer\n                    crossorigin=\"anonymous\"\n                    src=\"https:\/\/connect.facebook.net\/tr_TR\/sdk.js#xfbml=1&#038;version=v3.3\"\n            ><\/script><\/p>\n","protected":false},"excerpt":{"rendered":"<p>T\u00fcrkiye Cumhuriyeti h\u00fck\u00fcmeti ile KKTC Cumhuriyeti h\u00fck\u00fcmeti aras\u0131nda imzalanan ve T\u00fcrkiye Cumhurba\u015fkan\u0131 Recep Tayyip Erdo\u011fan taraf\u0131ndan onaylanan milletleraras\u0131 anla\u015fma T\u00fcrkiye\u2019de Resmi Gazete\u2019de yay\u0131mland\u0131. Buna g\u00f6re; Kuzey K\u0131br\u0131s T\u00fcrk Cumhuriyeti\u2019nde 11 Ocak\u2019ta imzalanan \u201cT\u00fcrkiye Cumhuriyeti H\u00fck\u00fcmeti ile KKTC H\u00fck\u00fcmeti Aras\u0131nda KKTC\u2019de T\u00fcrkiye Cumhuriyeti Vatanda\u015flar\u0131 ile T\u00fcrkiye Cumhuriyeti \u0130lgili Kanunlar\u0131na G\u00f6re Kurulmu\u015f \u015eirketlerin Yapaca\u011f\u0131 Sanayi Yat\u0131r\u0131mlar\u0131n\u0131n Kolayla\u015ft\u0131r\u0131lmas\u0131 [&hellip;]<\/p>\n","protected":false},"author":1,"featured_media":15140,"comment_status":"open","ping_status":"open","sticky":false,"template":"","format":"standard","meta":{"jnews-multi-image_gallery":[],"jnews_single_post":[],"jnews_primary_category":[],"jnews_social_meta":[],"jnews_override_counter":[],"footnotes":""},"categories":[5],"tags":[],"class_list":["post-15139","post","type-post","status-publish","format-standard","has-post-thumbnail","hentry","category-turkiye"],"yoast_head":"<!-- This site is optimized with the Yoast SEO plugin v27.4 - https:\/\/yoast.com\/product\/yoast-seo-wordpress\/ -->\n<title>KKTC-TC aras\u0131nda sanayi yat\u0131r\u0131mlar\u0131n\u0131 kolayla\u015ft\u0131ran anla\u015fma TC Resmi Gazete\u2019de yay\u0131mland\u0131 - Kuzeyin Sesi<\/title>\n<meta name=\"robots\" content=\"index, follow, max-snippet:-1, max-image-preview:large, max-video-preview:-1\" \/>\n<link rel=\"canonical\" href=\"https:\/\/kuzeyinsesi.org\/index.php\/2024\/12\/07\/kktc-tc-arasinda-sanayi-yatirimlarini-kolaylastiran-anlasma-tc-resmi-gazetede-yayimlandi\/\" \/>\n<meta property=\"og:locale\" content=\"tr_TR\" \/>\n<meta property=\"og:type\" content=\"article\" \/>\n<meta property=\"og:title\" content=\"KKTC-TC aras\u0131nda sanayi yat\u0131r\u0131mlar\u0131n\u0131 kolayla\u015ft\u0131ran anla\u015fma TC Resmi Gazete\u2019de yay\u0131mland\u0131 - Kuzeyin Sesi\" \/>\n<meta property=\"og:description\" content=\"T\u00fcrkiye Cumhuriyeti h\u00fck\u00fcmeti ile KKTC Cumhuriyeti h\u00fck\u00fcmeti aras\u0131nda imzalanan ve T\u00fcrkiye Cumhurba\u015fkan\u0131 Recep Tayyip Erdo\u011fan taraf\u0131ndan onaylanan milletleraras\u0131 anla\u015fma T\u00fcrkiye\u2019de Resmi Gazete\u2019de yay\u0131mland\u0131. Buna g\u00f6re; Kuzey K\u0131br\u0131s T\u00fcrk Cumhuriyeti\u2019nde 11 Ocak\u2019ta imzalanan \u201cT\u00fcrkiye Cumhuriyeti H\u00fck\u00fcmeti ile KKTC H\u00fck\u00fcmeti Aras\u0131nda KKTC\u2019de T\u00fcrkiye Cumhuriyeti Vatanda\u015flar\u0131 ile T\u00fcrkiye Cumhuriyeti \u0130lgili Kanunlar\u0131na G\u00f6re Kurulmu\u015f \u015eirketlerin Yapaca\u011f\u0131 Sanayi Yat\u0131r\u0131mlar\u0131n\u0131n Kolayla\u015ft\u0131r\u0131lmas\u0131 [&hellip;]\" \/>\n<meta property=\"og:url\" content=\"https:\/\/kuzeyinsesi.org\/index.php\/2024\/12\/07\/kktc-tc-arasinda-sanayi-yatirimlarini-kolaylastiran-anlasma-tc-resmi-gazetede-yayimlandi\/\" \/>\n<meta property=\"og:site_name\" content=\"Kuzeyin Sesi\" \/>\n<meta property=\"article:publisher\" content=\"https:\/\/www.facebook.com\/kuzeyinsesii\" \/>\n<meta property=\"article:published_time\" content=\"2024-12-07T13:30:16+00:00\" \/>\n<meta property=\"og:image\" content=\"https:\/\/brtk.net\/wp-content\/uploads\/2024\/09\/21\/tc-kktc-bayrak.jpg?ver=aff707d979e3bbd13c924d8f5cd05d15\" \/>\n<meta name=\"author\" content=\"Kuzeyin Sesi\" \/>\n<meta name=\"twitter:card\" content=\"summary_large_image\" \/>\n<meta name=\"twitter:creator\" content=\"@kuzeyinsesii\" \/>\n<meta name=\"twitter:site\" content=\"@kuzeyinsesii\" \/>\n<meta name=\"twitter:label1\" content=\"Yazan:\" \/>\n\t<meta name=\"twitter:data1\" content=\"Kuzeyin Sesi\" \/>\n\t<meta name=\"twitter:label2\" content=\"Tahmini okuma s\u00fcresi\" \/>\n\t<meta name=\"twitter:data2\" content=\"1 dakika\" \/>\n<script type=\"application\/ld+json\" class=\"yoast-schema-graph\">{\"@context\":\"https:\\\/\\\/schema.org\",\"@graph\":[{\"@type\":\"Article\",\"@id\":\"https:\\\/\\\/kuzeyinsesi.org\\\/index.php\\\/2024\\\/12\\\/07\\\/kktc-tc-arasinda-sanayi-yatirimlarini-kolaylastiran-anlasma-tc-resmi-gazetede-yayimlandi\\\/#article\",\"isPartOf\":{\"@id\":\"https:\\\/\\\/kuzeyinsesi.org\\\/index.php\\\/2024\\\/12\\\/07\\\/kktc-tc-arasinda-sanayi-yatirimlarini-kolaylastiran-anlasma-tc-resmi-gazetede-yayimlandi\\\/\"},\"author\":{\"name\":\"Kuzeyin Sesi\",\"@id\":\"https:\\\/\\\/kuzeyinsesi.org\\\/#\\\/schema\\\/person\\\/9f859689cdf01485597712386e37f5aa\"},\"headline\":\"KKTC-TC aras\u0131nda sanayi yat\u0131r\u0131mlar\u0131n\u0131 kolayla\u015ft\u0131ran anla\u015fma TC Resmi Gazete\u2019de yay\u0131mland\u0131\",\"datePublished\":\"2024-12-07T13:30:16+00:00\",\"mainEntityOfPage\":{\"@id\":\"https:\\\/\\\/kuzeyinsesi.org\\\/index.php\\\/2024\\\/12\\\/07\\\/kktc-tc-arasinda-sanayi-yatirimlarini-kolaylastiran-anlasma-tc-resmi-gazetede-yayimlandi\\\/\"},\"wordCount\":215,\"commentCount\":0,\"image\":{\"@id\":\"https:\\\/\\\/kuzeyinsesi.org\\\/index.php\\\/2024\\\/12\\\/07\\\/kktc-tc-arasinda-sanayi-yatirimlarini-kolaylastiran-anlasma-tc-resmi-gazetede-yayimlandi\\\/#primaryimage\"},\"thumbnailUrl\":\"https:\\\/\\\/kuzeyinsesi.org\\\/wp-content\\\/uploads\\\/2024\\\/12\\\/tc-kktc-bayrak.jpg\",\"articleSection\":[\"T\u00fcrkiye\"],\"inLanguage\":\"tr\",\"potentialAction\":[{\"@type\":\"CommentAction\",\"name\":\"Comment\",\"target\":[\"https:\\\/\\\/kuzeyinsesi.org\\\/index.php\\\/2024\\\/12\\\/07\\\/kktc-tc-arasinda-sanayi-yatirimlarini-kolaylastiran-anlasma-tc-resmi-gazetede-yayimlandi\\\/#respond\"]}]},{\"@type\":\"WebPage\",\"@id\":\"https:\\\/\\\/kuzeyinsesi.org\\\/index.php\\\/2024\\\/12\\\/07\\\/kktc-tc-arasinda-sanayi-yatirimlarini-kolaylastiran-anlasma-tc-resmi-gazetede-yayimlandi\\\/\",\"url\":\"https:\\\/\\\/kuzeyinsesi.org\\\/index.php\\\/2024\\\/12\\\/07\\\/kktc-tc-arasinda-sanayi-yatirimlarini-kolaylastiran-anlasma-tc-resmi-gazetede-yayimlandi\\\/\",\"name\":\"KKTC-TC aras\u0131nda sanayi yat\u0131r\u0131mlar\u0131n\u0131 kolayla\u015ft\u0131ran anla\u015fma TC Resmi Gazete\u2019de yay\u0131mland\u0131 - Kuzeyin Sesi\",\"isPartOf\":{\"@id\":\"https:\\\/\\\/kuzeyinsesi.org\\\/#website\"},\"primaryImageOfPage\":{\"@id\":\"https:\\\/\\\/kuzeyinsesi.org\\\/index.php\\\/2024\\\/12\\\/07\\\/kktc-tc-arasinda-sanayi-yatirimlarini-kolaylastiran-anlasma-tc-resmi-gazetede-yayimlandi\\\/#primaryimage\"},\"image\":{\"@id\":\"https:\\\/\\\/kuzeyinsesi.org\\\/index.php\\\/2024\\\/12\\\/07\\\/kktc-tc-arasinda-sanayi-yatirimlarini-kolaylastiran-anlasma-tc-resmi-gazetede-yayimlandi\\\/#primaryimage\"},\"thumbnailUrl\":\"https:\\\/\\\/kuzeyinsesi.org\\\/wp-content\\\/uploads\\\/2024\\\/12\\\/tc-kktc-bayrak.jpg\",\"datePublished\":\"2024-12-07T13:30:16+00:00\",\"author\":{\"@id\":\"https:\\\/\\\/kuzeyinsesi.org\\\/#\\\/schema\\\/person\\\/9f859689cdf01485597712386e37f5aa\"},\"breadcrumb\":{\"@id\":\"https:\\\/\\\/kuzeyinsesi.org\\\/index.php\\\/2024\\\/12\\\/07\\\/kktc-tc-arasinda-sanayi-yatirimlarini-kolaylastiran-anlasma-tc-resmi-gazetede-yayimlandi\\\/#breadcrumb\"},\"inLanguage\":\"tr\",\"potentialAction\":[{\"@type\":\"ReadAction\",\"target\":[\"https:\\\/\\\/kuzeyinsesi.org\\\/index.php\\\/2024\\\/12\\\/07\\\/kktc-tc-arasinda-sanayi-yatirimlarini-kolaylastiran-anlasma-tc-resmi-gazetede-yayimlandi\\\/\"]}]},{\"@type\":\"ImageObject\",\"inLanguage\":\"tr\",\"@id\":\"https:\\\/\\\/kuzeyinsesi.org\\\/index.php\\\/2024\\\/12\\\/07\\\/kktc-tc-arasinda-sanayi-yatirimlarini-kolaylastiran-anlasma-tc-resmi-gazetede-yayimlandi\\\/#primaryimage\",\"url\":\"https:\\\/\\\/kuzeyinsesi.org\\\/wp-content\\\/uploads\\\/2024\\\/12\\\/tc-kktc-bayrak.jpg\",\"contentUrl\":\"https:\\\/\\\/kuzeyinsesi.org\\\/wp-content\\\/uploads\\\/2024\\\/12\\\/tc-kktc-bayrak.jpg\",\"width\":933,\"height\":543},{\"@type\":\"BreadcrumbList\",\"@id\":\"https:\\\/\\\/kuzeyinsesi.org\\\/index.php\\\/2024\\\/12\\\/07\\\/kktc-tc-arasinda-sanayi-yatirimlarini-kolaylastiran-anlasma-tc-resmi-gazetede-yayimlandi\\\/#breadcrumb\",\"itemListElement\":[{\"@type\":\"ListItem\",\"position\":1,\"name\":\"Anasayfa\",\"item\":\"https:\\\/\\\/kuzeyinsesi.org\\\/\"},{\"@type\":\"ListItem\",\"position\":2,\"name\":\"KKTC-TC aras\u0131nda sanayi yat\u0131r\u0131mlar\u0131n\u0131 kolayla\u015ft\u0131ran anla\u015fma TC Resmi Gazete\u2019de yay\u0131mland\u0131\"}]},{\"@type\":\"WebSite\",\"@id\":\"https:\\\/\\\/kuzeyinsesi.org\\\/#website\",\"url\":\"https:\\\/\\\/kuzeyinsesi.org\\\/\",\"name\":\"Kuzeyin Sesi\",\"description\":\"Do\u011fru Haberin Adresi\",\"potentialAction\":[{\"@type\":\"SearchAction\",\"target\":{\"@type\":\"EntryPoint\",\"urlTemplate\":\"https:\\\/\\\/kuzeyinsesi.org\\\/?s={search_term_string}\"},\"query-input\":{\"@type\":\"PropertyValueSpecification\",\"valueRequired\":true,\"valueName\":\"search_term_string\"}}],\"inLanguage\":\"tr\"},{\"@type\":\"Person\",\"@id\":\"https:\\\/\\\/kuzeyinsesi.org\\\/#\\\/schema\\\/person\\\/9f859689cdf01485597712386e37f5aa\",\"name\":\"Kuzeyin Sesi\",\"image\":{\"@type\":\"ImageObject\",\"inLanguage\":\"tr\",\"@id\":\"https:\\\/\\\/secure.gravatar.com\\\/avatar\\\/bab33852abfd8b282518d6ed81826833d77c3c882d9ab608add591ccace47a44?s=96&d=mm&r=g\",\"url\":\"https:\\\/\\\/secure.gravatar.com\\\/avatar\\\/bab33852abfd8b282518d6ed81826833d77c3c882d9ab608add591ccace47a44?s=96&d=mm&r=g\",\"contentUrl\":\"https:\\\/\\\/secure.gravatar.com\\\/avatar\\\/bab33852abfd8b282518d6ed81826833d77c3c882d9ab608add591ccace47a44?s=96&d=mm&r=g\",\"caption\":\"Kuzeyin Sesi\"},\"sameAs\":[\"https:\\\/\\\/kuzeyinsesi.org\"],\"url\":\"https:\\\/\\\/kuzeyinsesi.org\\\/index.php\\\/author\\\/guven\\\/\"}]}<\/script>\n<!-- \/ Yoast SEO plugin. -->","yoast_head_json":{"title":"KKTC-TC aras\u0131nda sanayi yat\u0131r\u0131mlar\u0131n\u0131 kolayla\u015ft\u0131ran anla\u015fma TC Resmi Gazete\u2019de yay\u0131mland\u0131 - Kuzeyin Sesi","robots":{"index":"index","follow":"follow","max-snippet":"max-snippet:-1","max-image-preview":"max-image-preview:large","max-video-preview":"max-video-preview:-1"},"canonical":"https:\/\/kuzeyinsesi.org\/index.php\/2024\/12\/07\/kktc-tc-arasinda-sanayi-yatirimlarini-kolaylastiran-anlasma-tc-resmi-gazetede-yayimlandi\/","og_locale":"tr_TR","og_type":"article","og_title":"KKTC-TC aras\u0131nda sanayi yat\u0131r\u0131mlar\u0131n\u0131 kolayla\u015ft\u0131ran anla\u015fma TC Resmi Gazete\u2019de yay\u0131mland\u0131 - Kuzeyin Sesi","og_description":"T\u00fcrkiye Cumhuriyeti h\u00fck\u00fcmeti ile KKTC Cumhuriyeti h\u00fck\u00fcmeti aras\u0131nda imzalanan ve T\u00fcrkiye Cumhurba\u015fkan\u0131 Recep Tayyip Erdo\u011fan taraf\u0131ndan onaylanan milletleraras\u0131 anla\u015fma T\u00fcrkiye\u2019de Resmi Gazete\u2019de yay\u0131mland\u0131. Buna g\u00f6re; Kuzey K\u0131br\u0131s T\u00fcrk Cumhuriyeti\u2019nde 11 Ocak\u2019ta imzalanan \u201cT\u00fcrkiye Cumhuriyeti H\u00fck\u00fcmeti ile KKTC H\u00fck\u00fcmeti Aras\u0131nda KKTC\u2019de T\u00fcrkiye Cumhuriyeti Vatanda\u015flar\u0131 ile T\u00fcrkiye Cumhuriyeti \u0130lgili Kanunlar\u0131na G\u00f6re Kurulmu\u015f \u015eirketlerin Yapaca\u011f\u0131 Sanayi Yat\u0131r\u0131mlar\u0131n\u0131n Kolayla\u015ft\u0131r\u0131lmas\u0131 [&hellip;]","og_url":"https:\/\/kuzeyinsesi.org\/index.php\/2024\/12\/07\/kktc-tc-arasinda-sanayi-yatirimlarini-kolaylastiran-anlasma-tc-resmi-gazetede-yayimlandi\/","og_site_name":"Kuzeyin Sesi","article_publisher":"https:\/\/www.facebook.com\/kuzeyinsesii","article_published_time":"2024-12-07T13:30:16+00:00","og_image":[{"url":"https:\/\/brtk.net\/wp-content\/uploads\/2024\/09\/21\/tc-kktc-bayrak.jpg?ver=aff707d979e3bbd13c924d8f5cd05d15","type":"","width":"","height":""}],"author":"Kuzeyin Sesi","twitter_card":"summary_large_image","twitter_creator":"@kuzeyinsesii","twitter_site":"@kuzeyinsesii","twitter_misc":{"Yazan:":"Kuzeyin Sesi","Tahmini okuma s\u00fcresi":"1 dakika"},"schema":{"@context":"https:\/\/schema.org","@graph":[{"@type":"Article","@id":"https:\/\/kuzeyinsesi.org\/index.php\/2024\/12\/07\/kktc-tc-arasinda-sanayi-yatirimlarini-kolaylastiran-anlasma-tc-resmi-gazetede-yayimlandi\/#article","isPartOf":{"@id":"https:\/\/kuzeyinsesi.org\/index.php\/2024\/12\/07\/kktc-tc-arasinda-sanayi-yatirimlarini-kolaylastiran-anlasma-tc-resmi-gazetede-yayimlandi\/"},"author":{"name":"Kuzeyin Sesi","@id":"https:\/\/kuzeyinsesi.org\/#\/schema\/person\/9f859689cdf01485597712386e37f5aa"},"headline":"KKTC-TC aras\u0131nda sanayi yat\u0131r\u0131mlar\u0131n\u0131 kolayla\u015ft\u0131ran anla\u015fma TC Resmi Gazete\u2019de yay\u0131mland\u0131","datePublished":"2024-12-07T13:30:16+00:00","mainEntityOfPage":{"@id":"https:\/\/kuzeyinsesi.org\/index.php\/2024\/12\/07\/kktc-tc-arasinda-sanayi-yatirimlarini-kolaylastiran-anlasma-tc-resmi-gazetede-yayimlandi\/"},"wordCount":215,"commentCount":0,"image":{"@id":"https:\/\/kuzeyinsesi.org\/index.php\/2024\/12\/07\/kktc-tc-arasinda-sanayi-yatirimlarini-kolaylastiran-anlasma-tc-resmi-gazetede-yayimlandi\/#primaryimage"},"thumbnailUrl":"https:\/\/kuzeyinsesi.org\/wp-content\/uploads\/2024\/12\/tc-kktc-bayrak.jpg","articleSection":["T\u00fcrkiye"],"inLanguage":"tr","potentialAction":[{"@type":"CommentAction","name":"Comment","target":["https:\/\/kuzeyinsesi.org\/index.php\/2024\/12\/07\/kktc-tc-arasinda-sanayi-yatirimlarini-kolaylastiran-anlasma-tc-resmi-gazetede-yayimlandi\/#respond"]}]},{"@type":"WebPage","@id":"https:\/\/kuzeyinsesi.org\/index.php\/2024\/12\/07\/kktc-tc-arasinda-sanayi-yatirimlarini-kolaylastiran-anlasma-tc-resmi-gazetede-yayimlandi\/","url":"https:\/\/kuzeyinsesi.org\/index.php\/2024\/12\/07\/kktc-tc-arasinda-sanayi-yatirimlarini-kolaylastiran-anlasma-tc-resmi-gazetede-yayimlandi\/","name":"KKTC-TC aras\u0131nda sanayi yat\u0131r\u0131mlar\u0131n\u0131 kolayla\u015ft\u0131ran anla\u015fma TC Resmi Gazete\u2019de yay\u0131mland\u0131 - Kuzeyin Sesi","isPartOf":{"@id":"https:\/\/kuzeyinsesi.org\/#website"},"primaryImageOfPage":{"@id":"https:\/\/kuzeyinsesi.org\/index.php\/2024\/12\/07\/kktc-tc-arasinda-sanayi-yatirimlarini-kolaylastiran-anlasma-tc-resmi-gazetede-yayimlandi\/#primaryimage"},"image":{"@id":"https:\/\/kuzeyinsesi.org\/index.php\/2024\/12\/07\/kktc-tc-arasinda-sanayi-yatirimlarini-kolaylastiran-anlasma-tc-resmi-gazetede-yayimlandi\/#primaryimage"},"thumbnailUrl":"https:\/\/kuzeyinsesi.org\/wp-content\/uploads\/2024\/12\/tc-kktc-bayrak.jpg","datePublished":"2024-12-07T13:30:16+00:00","author":{"@id":"https:\/\/kuzeyinsesi.org\/#\/schema\/person\/9f859689cdf01485597712386e37f5aa"},"breadcrumb":{"@id":"https:\/\/kuzeyinsesi.org\/index.php\/2024\/12\/07\/kktc-tc-arasinda-sanayi-yatirimlarini-kolaylastiran-anlasma-tc-resmi-gazetede-yayimlandi\/#breadcrumb"},"inLanguage":"tr","potentialAction":[{"@type":"ReadAction","target":["https:\/\/kuzeyinsesi.org\/index.php\/2024\/12\/07\/kktc-tc-arasinda-sanayi-yatirimlarini-kolaylastiran-anlasma-tc-resmi-gazetede-yayimlandi\/"]}]},{"@type":"ImageObject","inLanguage":"tr","@id":"https:\/\/kuzeyinsesi.org\/index.php\/2024\/12\/07\/kktc-tc-arasinda-sanayi-yatirimlarini-kolaylastiran-anlasma-tc-resmi-gazetede-yayimlandi\/#primaryimage","url":"https:\/\/kuzeyinsesi.org\/wp-content\/uploads\/2024\/12\/tc-kktc-bayrak.jpg","contentUrl":"https:\/\/kuzeyinsesi.org\/wp-content\/uploads\/2024\/12\/tc-kktc-bayrak.jpg","width":933,"height":543},{"@type":"BreadcrumbList","@id":"https:\/\/kuzeyinsesi.org\/index.php\/2024\/12\/07\/kktc-tc-arasinda-sanayi-yatirimlarini-kolaylastiran-anlasma-tc-resmi-gazetede-yayimlandi\/#breadcrumb","itemListElement":[{"@type":"ListItem","position":1,"name":"Anasayfa","item":"https:\/\/kuzeyinsesi.org\/"},{"@type":"ListItem","position":2,"name":"KKTC-TC aras\u0131nda sanayi yat\u0131r\u0131mlar\u0131n\u0131 kolayla\u015ft\u0131ran anla\u015fma TC Resmi Gazete\u2019de yay\u0131mland\u0131"}]},{"@type":"WebSite","@id":"https:\/\/kuzeyinsesi.org\/#website","url":"https:\/\/kuzeyinsesi.org\/","name":"Kuzeyin Sesi","description":"Do\u011fru Haberin Adresi","potentialAction":[{"@type":"SearchAction","target":{"@type":"EntryPoint","urlTemplate":"https:\/\/kuzeyinsesi.org\/?s={search_term_string}"},"query-input":{"@type":"PropertyValueSpecification","valueRequired":true,"valueName":"search_term_string"}}],"inLanguage":"tr"},{"@type":"Person","@id":"https:\/\/kuzeyinsesi.org\/#\/schema\/person\/9f859689cdf01485597712386e37f5aa","name":"Kuzeyin Sesi","image":{"@type":"ImageObject","inLanguage":"tr","@id":"https:\/\/secure.gravatar.com\/avatar\/bab33852abfd8b282518d6ed81826833d77c3c882d9ab608add591ccace47a44?s=96&d=mm&r=g","url":"https:\/\/secure.gravatar.com\/avatar\/bab33852abfd8b282518d6ed81826833d77c3c882d9ab608add591ccace47a44?s=96&d=mm&r=g","contentUrl":"https:\/\/secure.gravatar.com\/avatar\/bab33852abfd8b282518d6ed81826833d77c3c882d9ab608add591ccace47a44?s=96&d=mm&r=g","caption":"Kuzeyin Sesi"},"sameAs":["https:\/\/kuzeyinsesi.org"],"url":"https:\/\/kuzeyinsesi.org\/index.php\/author\/guven\/"}]}},"_links":{"self":[{"href":"https:\/\/kuzeyinsesi.org\/index.php\/wp-json\/wp\/v2\/posts\/15139","targetHints":{"allow":["GET"]}}],"collection":[{"href":"https:\/\/kuzeyinsesi.org\/index.php\/wp-json\/wp\/v2\/posts"}],"about":[{"href":"https:\/\/kuzeyinsesi.org\/index.php\/wp-json\/wp\/v2\/types\/post"}],"author":[{"embeddable":true,"href":"https:\/\/kuzeyinsesi.org\/index.php\/wp-json\/wp\/v2\/users\/1"}],"replies":[{"embeddable":true,"href":"https:\/\/kuzeyinsesi.org\/index.php\/wp-json\/wp\/v2\/comments?post=15139"}],"version-history":[{"count":0,"href":"https:\/\/kuzeyinsesi.org\/index.php\/wp-json\/wp\/v2\/posts\/15139\/revisions"}],"wp:featuredmedia":[{"embeddable":true,"href":"https:\/\/kuzeyinsesi.org\/index.php\/wp-json\/wp\/v2\/media\/15140"}],"wp:attachment":[{"href":"https:\/\/kuzeyinsesi.org\/index.php\/wp-json\/wp\/v2\/media?parent=15139"}],"wp:term":[{"taxonomy":"category","embeddable":true,"href":"https:\/\/kuzeyinsesi.org\/index.php\/wp-json\/wp\/v2\/categories?post=15139"},{"taxonomy":"post_tag","embeddable":true,"href":"https:\/\/kuzeyinsesi.org\/index.php\/wp-json\/wp\/v2\/tags?post=15139"}],"curies":[{"name":"wp","href":"https:\/\/api.w.org\/{rel}","templated":true}]}}