{"id":15135,"date":"2024-12-07T15:23:05","date_gmt":"2024-12-07T13:23:05","guid":{"rendered":"https:\/\/kuzeyinsesi.org\/index.php\/2024\/12\/07\/kecenin-kuzey-kibrista-yeniden-dogusu-projesi-kapsaminda-kecada-markasi-doguyor\/"},"modified":"2024-12-07T15:23:05","modified_gmt":"2024-12-07T13:23:05","slug":"kecenin-kuzey-kibrista-yeniden-dogusu-projesi-kapsaminda-kecada-markasi-doguyor","status":"publish","type":"post","link":"https:\/\/kuzeyinsesi.org\/index.php\/2024\/12\/07\/kecenin-kuzey-kibrista-yeniden-dogusu-projesi-kapsaminda-kecada-markasi-doguyor\/","title":{"rendered":"\u201cKe\u00e7enin Kuzey K\u0131br\u0131s\u2019ta Yeniden Do\u011fu\u015fu\u201d projesi kapsam\u0131nda \u201cKe\u00e7ada\u201d markas\u0131 do\u011fuyor"},"content":{"rendered":"<div>\n<div class=\"mariselle-image-container center\">\n                                            <\/div>\n<p>\nCumhurba\u015fkanl\u0131\u011f\u0131 himayesinde ve Cumhurba\u015fkan\u0131 Ersin Tatar\u2019\u0131n e\u015fi Sibel Tatar\u2019\u0131n \u00f6nc\u00fcl\u00fc\u011f\u00fcnde hayata ge\u00e7irilen \u201cKe\u00e7enin Kuzey K\u0131br\u0131s\u2019ta Yeniden Do\u011fu\u015fu\u201d projesinde bir sonraki ad\u0131ma ge\u00e7iliyor.<\/p>\n<p>Proje kapsam\u0131nda, Mehmet\u00e7ik Belediyesi b\u00fcnyesinde, K\u0131br\u0131s T\u00fcrk \u0130\u015flemelerini Ara\u015ft\u0131rma ve Ya\u015fatma Derne\u011fi taraf\u0131ndan d\u00fczenlenen \u201cke\u00e7e tasar\u0131m\u201d kurslar\u0131n\u0131 tamamlayan b\u00f6lge kad\u0131nlar\u0131na bug\u00fcn d\u00fczenlenen etkinlikle sertifikalar\u0131 takdim edildi.<\/p>\n<p>Kurs boyunca \u00fcretilmeye ba\u015flanan ve geli\u015ftirilmeye devam edilecek el i\u015fi ke\u00e7e \u00fcr\u00fcnleriyle \u201cKe\u00e7ada\u201d markas\u0131n\u0131n yarat\u0131lmas\u0131 planlan\u0131yor.<\/p>\n<p>Pazartesi g\u00fcn\u00fc saat 18.00\u2019de Concorde Otel\u2019de yap\u0131lacak \u201cKe\u00e7enin Kuzey K\u0131br\u0131s\u2019ta Yeniden Do\u011fu\u015fu\u201d projesi lansman\u0131nda, proje ve \u201cKe\u00e7ada\u201d markas\u0131 tan\u0131t\u0131lacak, bug\u00fcne kadar yap\u0131lan \u00e7al\u0131\u015fmalar hakk\u0131nda bilgi verilerek, defile d\u00fczenlenecek ve \u00fcr\u00fcnler sat\u0131\u015fa sunulacak.<\/p>\n<p>Lefko\u015fa Ramona Cafe\u2019de bug\u00fcn d\u00fczenlenen sertifika takdim etkinli\u011fine Cumhurba\u015fkan\u0131 Ersin Tatar\u2019\u0131n e\u015fi  Sibel Tatar, Mehmet\u00e7ik-B\u00fcy\u00fckkonuk Belediye Ba\u015fkan\u0131 Fatma \u00c7imen Tu\u011flu, K\u0131br\u0131s T\u00fcrk \u0130\u015flemelerini Ara\u015ft\u0131rma ve Ya\u015fatma Derne\u011fi Ba\u015fkan\u0131 Dervi\u015fe \u00c7eliker, \u00f6\u011fretmenler ve kursiyerler kat\u0131ld\u0131. <\/p>\n<p>\u2013 Sibel Tatar: \u201cBu bir \u00e7evre koruma, geri d\u00f6n\u00fc\u015f\u00fcm ve kad\u0131n dayan\u0131\u015fmas\u0131 projesi\u201d<\/p>\n<p>Etkinlikte konu\u015fma yapan \u201cKe\u00e7enin Kuzey K\u0131br\u0131s\u2019ta Yeniden Do\u011fu\u015fu\u201d projesinin \u00f6nc\u00fcs\u00fc Sibel Tatar, kad\u0131n eme\u011fini desteklemek ve k\u00fclt\u00fcrel de\u011ferleri yeniden canland\u0131rmak amac\u0131yla ba\u015flat\u0131lan \u201c\u0130pek\u2019in Kuzey K\u0131br\u0131s\u2019ta Yeniden Do\u011fu\u015fu\u201d projesinin ard\u0131ndan \u201cKe\u00e7e\u2019nin Kuzey K\u0131br\u0131s\u2019ta Yeniden Do\u011fu\u015fu\u201d projesini duyuruyor olman\u0131n mutlulu\u011funu duydu\u011funu s\u00f6yledi.<\/p>\n<p>Bu yola ilk olarak K\u0131br\u0131s T\u00fcrk \u0130\u015flemelerini Ara\u015ft\u0131rma ve Ya\u015fatma Derne\u011fi\u2019ndeki \u00f6nerisiyle girdiklerini, kendisine ipek dokumac\u0131l\u0131\u011f\u0131n\u0131 yeniden canland\u0131rma fikrini dile getirdiklerinde, bu fikri sahiplenerek hayata ge\u00e7irdiklerini anlatan Sibel Tatar, projeyle \u201cKozada\u201d markas\u0131n\u0131 yaratt\u0131klar\u0131n\u0131 belirtti. Bug\u00fcne kadar Ercan Havaliman\u0131\u2019nda bulunan \u201cKozada\u201d markas\u0131n\u0131n turistler ve yerel halk taraf\u0131ndan b\u00fcy\u00fck ilgi g\u00f6rd\u00fc\u011f\u00fcn\u00fc s\u00f6yleyen Tatar, \u00fcr\u00fcnlerin art\u0131k i\u00e7 piyasada da sat\u0131\u015fa sunulaca\u011f\u0131n\u0131n m\u00fcjdesini verdi.<\/p>\n<p>\u00c7al\u0131\u015fmalar\u0131na ke\u00e7eyi merkeze alan projeyle devam ediyor olduklar\u0131n\u0131 s\u00f6yleyen Sibel Tatar, bu projenin bir \u00e7evre koruma hareketi ve geri d\u00f6n\u00fc\u015f\u00fcm projesi oldu\u011funa dikkat \u00e7ekerek, \u201cKoyun, kuzu ve ke\u00e7i y\u00fcnleri do\u011faya at\u0131l\u0131yordu. B\u00fcy\u00fck bir \u00e7evre kirlili\u011fi yarat\u0131yordu. B\u00fcy\u00fckkonuk-Mehmet\u00e7ik Belediyesi Ba\u015fkan\u0131 Fatma Han\u0131m\u2019\u0131n deste\u011fiyle bu y\u00fcnleri toplay\u0131p geri d\u00f6n\u00fc\u015f\u00fcme kazand\u0131rd\u0131k.\u201d dedi. <\/p>\n<p>Sibel Tatar, ke\u00e7enin i\u015flenmesinin zorlu\u011funa ra\u011fmen ekiplerin \u00f6zveriyle \u00e7al\u0131\u015ft\u0131\u011f\u0131n\u0131 ifade etti.<\/p>\n<p>Projelerin kad\u0131n eme\u011fi ve dayan\u0131\u015fmas\u0131 \u00fczerine kurulu oldu\u011funu vurgulayan Sibel Tatar, Dernek \u00e7at\u0131s\u0131 alt\u0131nda verilen ke\u00e7e tasar\u0131m dersleriyle, kad\u0131nlar\u0131n yeteneklerini geli\u015ftirmesine, meslek edinmesine, \u00fcretim yap\u0131lmas\u0131na ve k\u00fclt\u00fcrel miras\u0131n ya\u015fat\u0131lmas\u0131na katk\u0131da bulunuldu\u011funu s\u00f6yledi. <\/p>\n<div class=\"mariselle-image-container center\">\n                <img decoding=\"async\" width=\"2048\" height=\"1367\" class=\"lazy-image\" alt=\"\" sizes=\"(max-width: 2048px) 100vw, 2048px\" src=\"https:\/\/brtk.net\/wp-content\/uploads\/2024\/12\/07\/1733573416675Sibel-Tatar-4.jpg?ver=099025aab3cbaa39118b7c69df3f195c\" srcset=\"https:\/\/brtk.net\/wp-content\/uploads\/2024\/12\/07\/1733573416675Sibel-Tatar-4.jpg?ver=099025aab3cbaa39118b7c69df3f195c 2048w, https:\/\/brtk.net\/wp-content\/uploads\/2024\/12\/07\/1733573416675Sibel-Tatar-4-300x200.jpg?ver=25c005a93b55a90a185c39dcdfb26d03 300w, https:\/\/brtk.net\/wp-content\/uploads\/2024\/12\/07\/1733573416675Sibel-Tatar-4-1024x684.jpg?ver=25c005a93b55a90a185c39dcdfb26d03 1024w, https:\/\/brtk.net\/wp-content\/uploads\/2024\/12\/07\/1733573416675Sibel-Tatar-4-768x513.jpg?ver=25c005a93b55a90a185c39dcdfb26d03 768w, https:\/\/brtk.net\/wp-content\/uploads\/2024\/12\/07\/1733573416675Sibel-Tatar-4-1536x1025.jpg?ver=36155bdc2b219d62e9f1fbc05cf523f8 1536w\"\/>                            <\/div>\n<p>\u2013 \u201cK\u00fclt\u00fcrel de\u011ferlerimizi gelece\u011fe ta\u015f\u0131mak hepimizin g\u00f6revi\u201d<\/p>\n<p>Sibel Tatar, kad\u0131n dayan\u0131\u015fmas\u0131n\u0131n g\u00fcc\u00fcne olan inanc\u0131n\u0131 vurgulayarak, \u201cKad\u0131nlar\u0131m\u0131zla birlikte bu projeleri hayata ge\u00e7irdi\u011fimiz i\u00e7in gurur duyuyorum. K\u00fclt\u00fcrel de\u011ferlerimizi gelece\u011fe ta\u015f\u0131mak hepimizin g\u00f6revi. \u201ddedi.<br \/>Konu\u015fmas\u0131n\u0131n sonunda Sibel Tatar, herkesi pazartesi g\u00fcn\u00fc Concorde Otel\u2019de d\u00fczenlenecek lansmana davet etti. <\/p>\n<p>\u2013 Tu\u011flu: \u201cUnutulmu\u015f bir de\u011fer hayat buluyor\u201d<\/p>\n<p>Mehmet\u00e7ik-B\u00fcy\u00fckkonuk Belediye Ba\u015fkan\u0131 Fatma \u00c7imen Tu\u011flu da, Mehmet\u00e7ik Belediyesi\u2019nin geleneksel k\u00fclt\u00fcr miras\u0131n\u0131 ya\u015fatmak ve kad\u0131n eme\u011fini desteklemek ad\u0131na \u201cKe\u00e7e\u2019nin Kuzey K\u0131br\u0131s\u2019ta Yeniden Do\u011fu\u015fu\u201d projesini y\u00fcr\u00fctt\u00fc\u011f\u00fcn\u00fc kaydederek, projeye \u00f6nc\u00fcl\u00fck eden Cumhurba\u015fkan\u0131 Ersin Tatar\u2019\u0131n e\u015fi Sibel Tatar\u2019a te\u015fekk\u00fcrlerini sundu.<\/p>\n<p>Belediye Ba\u015fkan\u0131 Tu\u011flu, bu giri\u015fimin kad\u0131n eme\u011fini \u00f6ne \u00e7\u0131karan do\u011fa dostu bir \u00e7al\u0131\u015fma oldu\u011funu vurgulad\u0131.<\/p>\n<p>Tu\u011flu, ke\u00e7enin K\u0131br\u0131s T\u00fcrk k\u00fclt\u00fcr\u00fcnde yer etmi\u015f ancak zamanla unutulmu\u015f bir de\u011fer oldu\u011funu belirtti.<br \/>Proje sayesinde, koyun ve ke\u00e7i y\u00fcnlerinin do\u011fadan toplanarak y\u0131kand\u0131\u011f\u0131n\u0131, renklendirilip i\u015flenerek yeniden \u00fcr\u00fcn haline getirildi\u011fini s\u00f6yleyen Tu\u011flu, \u201cDo\u011fada at\u0131k olarak kalan bu malzemeler, kad\u0131nlar\u0131m\u0131z\u0131n eme\u011fiyle ekonomik bir de\u011fere d\u00f6n\u00fc\u015f\u00fcyor.\u201d dedi, bu d\u00f6n\u00fc\u015f\u00fcm\u00fcn \u00e7evreye ve k\u00fclt\u00fcrel mirasa sa\u011flad\u0131\u011f\u0131 katk\u0131n\u0131n alt\u0131n\u0131 \u00e7izdi.<\/p>\n<p>Tu\u011flu, proje kapsam\u0131nda belediye b\u00fcnyesinde kad\u0131nlar i\u00e7in d\u00fczenlenen kurslardan bahsederek, \u201cKad\u0131nlar\u0131m\u0131z aylarca b\u00fcy\u00fck bir \u00f6zveriyle \u00e7al\u0131\u015ft\u0131. Onlar\u0131n bu eme\u011fi sayesinde harika \u00fcr\u00fcnler ortaya \u00e7\u0131kt\u0131. T\u00fcm kursiyerlerimize ve de\u011ferli hocalar\u0131m\u0131za te\u015fekk\u00fcr ediyorum.\u201d ifadelerini kulland\u0131. <\/p>\n<p>\u2013 Kad\u0131nlara kat\u0131l\u0131m \u00e7a\u011fr\u0131s\u0131<\/p>\n<p>\u201cKad\u0131nlar\u0131m\u0131z\u0131n kendi \u00fcr\u00fcnlerini yaparak hem k\u00fclt\u00fcr\u00fcm\u00fcz\u00fc ya\u015fatmas\u0131n\u0131 hem de gelir elde etmesini sa\u011flamak istiyoruz. Bu vesileyle, t\u00fcm kad\u0131nlar\u0131m\u0131z\u0131 projeye kat\u0131lmaya davet ediyoruz.\u201d diyen Tu\u011flu, projede eme\u011fi ge\u00e7en herkese te\u015fekk\u00fcrlerini iletti.<\/p>\n<p>\u2013 \u00c7eliker: \u201cKe\u00e7e, kad\u0131nlar\u0131n eme\u011fiyle yeniden canlan\u0131yor\u201d<\/p>\n<p>K\u0131br\u0131s T\u00fcrk \u0130\u015flemelerini Ara\u015ft\u0131rma ve Ya\u015fatma Derne\u011fi Ba\u015fkan\u0131 Dervi\u015fe \u00c7eliker de, konu\u015fmas\u0131nda, ke\u00e7enin tarihine de\u011finerek, \u201cKe\u00e7e, T\u00fcrklerin g\u00f6\u00e7ebe k\u00fclt\u00fcr\u00fcnde \u00f6nemli bir unsur olmu\u015ftur. Hal\u0131lardan \u00e7ad\u0131rlara, duvar s\u00fcslemelerinden k\u0131yafetlere kadar bir\u00e7ok alanda kullan\u0131lm\u0131\u015ft\u0131r. \u0130lk tekstil \u00fcr\u00fcn\u00fc olarak bilinen ke\u00e7e, dokuma \u00f6ncesi kuma\u015f olarak de\u011ferlendirilen en eski malzemelerden biridir.\u201d dedi. <\/p>\n<p>Ke\u00e7e\u2019nin yeniden do\u011fu\u015f projesinin Cumhurba\u015fkanl\u0131\u011f\u0131 himayelerinde, Sibel Tatar\u2019\u0131n liderli\u011finde hayata ge\u00e7irildi\u011fini vurgulayan \u00c7eliker, \u201cBu proje ile ke\u00e7e k\u00fclt\u00fcr\u00fcm\u00fcze yeniden kazand\u0131r\u0131l\u0131yor. Derne\u011fimizde d\u00fczenlenen bu kursta farkl\u0131 tasar\u0131mlar olu\u015fturuldu. Islak ke\u00e7e, bask\u0131 teknikleriyle \u00e7i\u00e7ekler, aksesuarlar, \u015fapkalar ve nak\u0131\u015flar \u00fcretildi.\u201d ifadelerini kulland\u0131.<\/p>\n<p>\u00c7eliker, projeye destek verenlere te\u015fekk\u00fcr ederek, bu giri\u015fimin kad\u0131n dayan\u0131\u015fmas\u0131n\u0131n ve k\u00fclt\u00fcrel miras\u0131 ya\u015fatma \u00e7abas\u0131n\u0131n bir g\u00f6stergesi oldu\u011funu kaydetti.<\/p>\n<p>Etkinlik, kursiyerlere sertifikalar\u0131n\u0131n verilmesiyle sonland\u0131.<\/p>\n<\/p><\/div>\n<p><script async\n                    defer\n                    crossorigin=\"anonymous\"\n                    src=\"https:\/\/connect.facebook.net\/tr_TR\/sdk.js#xfbml=1&#038;version=v3.3\"\n            ><\/script><\/p>\n","protected":false},"excerpt":{"rendered":"<p>Cumhurba\u015fkanl\u0131\u011f\u0131 himayesinde ve Cumhurba\u015fkan\u0131 Ersin Tatar\u2019\u0131n e\u015fi Sibel Tatar\u2019\u0131n \u00f6nc\u00fcl\u00fc\u011f\u00fcnde hayata ge\u00e7irilen \u201cKe\u00e7enin Kuzey K\u0131br\u0131s\u2019ta Yeniden Do\u011fu\u015fu\u201d projesinde bir sonraki ad\u0131ma ge\u00e7iliyor. Proje kapsam\u0131nda, Mehmet\u00e7ik Belediyesi b\u00fcnyesinde, K\u0131br\u0131s T\u00fcrk \u0130\u015flemelerini Ara\u015ft\u0131rma ve Ya\u015fatma Derne\u011fi taraf\u0131ndan d\u00fczenlenen \u201cke\u00e7e tasar\u0131m\u201d kurslar\u0131n\u0131 tamamlayan b\u00f6lge kad\u0131nlar\u0131na bug\u00fcn d\u00fczenlenen etkinlikle sertifikalar\u0131 takdim edildi. Kurs boyunca \u00fcretilmeye ba\u015flanan ve geli\u015ftirilmeye devam [&hellip;]<\/p>\n","protected":false},"author":1,"featured_media":15136,"comment_status":"open","ping_status":"open","sticky":false,"template":"","format":"standard","meta":{"jnews-multi-image_gallery":[],"jnews_single_post":[],"jnews_primary_category":[],"jnews_social_meta":[],"jnews_override_counter":[],"footnotes":""},"categories":[6],"tags":[],"class_list":["post-15135","post","type-post","status-publish","format-standard","has-post-thumbnail","hentry","category-yasam"],"yoast_head":"<!-- This site is optimized with the Yoast SEO plugin v27.4 - https:\/\/yoast.com\/product\/yoast-seo-wordpress\/ -->\n<title>\u201cKe\u00e7enin Kuzey K\u0131br\u0131s\u2019ta Yeniden Do\u011fu\u015fu\u201d projesi kapsam\u0131nda \u201cKe\u00e7ada\u201d markas\u0131 do\u011fuyor - Kuzeyin Sesi<\/title>\n<meta name=\"robots\" content=\"index, follow, max-snippet:-1, max-image-preview:large, max-video-preview:-1\" \/>\n<link rel=\"canonical\" href=\"https:\/\/kuzeyinsesi.org\/index.php\/2024\/12\/07\/kecenin-kuzey-kibrista-yeniden-dogusu-projesi-kapsaminda-kecada-markasi-doguyor\/\" \/>\n<meta property=\"og:locale\" content=\"tr_TR\" \/>\n<meta property=\"og:type\" content=\"article\" \/>\n<meta property=\"og:title\" content=\"\u201cKe\u00e7enin Kuzey K\u0131br\u0131s\u2019ta Yeniden Do\u011fu\u015fu\u201d projesi kapsam\u0131nda \u201cKe\u00e7ada\u201d markas\u0131 do\u011fuyor - Kuzeyin Sesi\" \/>\n<meta property=\"og:description\" content=\"Cumhurba\u015fkanl\u0131\u011f\u0131 himayesinde ve Cumhurba\u015fkan\u0131 Ersin Tatar\u2019\u0131n e\u015fi Sibel Tatar\u2019\u0131n \u00f6nc\u00fcl\u00fc\u011f\u00fcnde hayata ge\u00e7irilen \u201cKe\u00e7enin Kuzey K\u0131br\u0131s\u2019ta Yeniden Do\u011fu\u015fu\u201d projesinde bir sonraki ad\u0131ma ge\u00e7iliyor. Proje kapsam\u0131nda, Mehmet\u00e7ik Belediyesi b\u00fcnyesinde, K\u0131br\u0131s T\u00fcrk \u0130\u015flemelerini Ara\u015ft\u0131rma ve Ya\u015fatma Derne\u011fi taraf\u0131ndan d\u00fczenlenen \u201cke\u00e7e tasar\u0131m\u201d kurslar\u0131n\u0131 tamamlayan b\u00f6lge kad\u0131nlar\u0131na bug\u00fcn d\u00fczenlenen etkinlikle sertifikalar\u0131 takdim edildi. Kurs boyunca \u00fcretilmeye ba\u015flanan ve geli\u015ftirilmeye devam [&hellip;]\" \/>\n<meta property=\"og:url\" content=\"https:\/\/kuzeyinsesi.org\/index.php\/2024\/12\/07\/kecenin-kuzey-kibrista-yeniden-dogusu-projesi-kapsaminda-kecada-markasi-doguyor\/\" \/>\n<meta property=\"og:site_name\" content=\"Kuzeyin Sesi\" \/>\n<meta property=\"article:publisher\" content=\"https:\/\/www.facebook.com\/kuzeyinsesii\" \/>\n<meta property=\"article:published_time\" content=\"2024-12-07T13:23:05+00:00\" \/>\n<meta property=\"og:image\" content=\"https:\/\/brtk.net\/wp-content\/uploads\/2024\/12\/07\/1733573416673Sibel-Tatar-1.jpg?ver=512f4d3ea26e8c04af13cf6d4a9b59bd\" \/>\n<meta name=\"author\" content=\"Kuzeyin Sesi\" \/>\n<meta name=\"twitter:card\" content=\"summary_large_image\" \/>\n<meta name=\"twitter:creator\" content=\"@kuzeyinsesii\" \/>\n<meta name=\"twitter:site\" content=\"@kuzeyinsesii\" \/>\n<meta name=\"twitter:label1\" content=\"Yazan:\" \/>\n\t<meta name=\"twitter:data1\" content=\"Kuzeyin Sesi\" \/>\n\t<meta name=\"twitter:label2\" content=\"Tahmini okuma s\u00fcresi\" \/>\n\t<meta name=\"twitter:data2\" content=\"6 dakika\" \/>\n<script type=\"application\/ld+json\" class=\"yoast-schema-graph\">{\"@context\":\"https:\\\/\\\/schema.org\",\"@graph\":[{\"@type\":\"Article\",\"@id\":\"https:\\\/\\\/kuzeyinsesi.org\\\/index.php\\\/2024\\\/12\\\/07\\\/kecenin-kuzey-kibrista-yeniden-dogusu-projesi-kapsaminda-kecada-markasi-doguyor\\\/#article\",\"isPartOf\":{\"@id\":\"https:\\\/\\\/kuzeyinsesi.org\\\/index.php\\\/2024\\\/12\\\/07\\\/kecenin-kuzey-kibrista-yeniden-dogusu-projesi-kapsaminda-kecada-markasi-doguyor\\\/\"},\"author\":{\"name\":\"Kuzeyin Sesi\",\"@id\":\"https:\\\/\\\/kuzeyinsesi.org\\\/#\\\/schema\\\/person\\\/9f859689cdf01485597712386e37f5aa\"},\"headline\":\"\u201cKe\u00e7enin Kuzey K\u0131br\u0131s\u2019ta Yeniden Do\u011fu\u015fu\u201d projesi kapsam\u0131nda \u201cKe\u00e7ada\u201d markas\u0131 do\u011fuyor\",\"datePublished\":\"2024-12-07T13:23:05+00:00\",\"mainEntityOfPage\":{\"@id\":\"https:\\\/\\\/kuzeyinsesi.org\\\/index.php\\\/2024\\\/12\\\/07\\\/kecenin-kuzey-kibrista-yeniden-dogusu-projesi-kapsaminda-kecada-markasi-doguyor\\\/\"},\"wordCount\":1143,\"commentCount\":0,\"image\":{\"@id\":\"https:\\\/\\\/kuzeyinsesi.org\\\/index.php\\\/2024\\\/12\\\/07\\\/kecenin-kuzey-kibrista-yeniden-dogusu-projesi-kapsaminda-kecada-markasi-doguyor\\\/#primaryimage\"},\"thumbnailUrl\":\"https:\\\/\\\/kuzeyinsesi.org\\\/wp-content\\\/uploads\\\/2024\\\/12\\\/1733573416673Sibel-Tatar-1.jpg\",\"articleSection\":[\"Ya\u015fam\"],\"inLanguage\":\"tr\",\"potentialAction\":[{\"@type\":\"CommentAction\",\"name\":\"Comment\",\"target\":[\"https:\\\/\\\/kuzeyinsesi.org\\\/index.php\\\/2024\\\/12\\\/07\\\/kecenin-kuzey-kibrista-yeniden-dogusu-projesi-kapsaminda-kecada-markasi-doguyor\\\/#respond\"]}]},{\"@type\":\"WebPage\",\"@id\":\"https:\\\/\\\/kuzeyinsesi.org\\\/index.php\\\/2024\\\/12\\\/07\\\/kecenin-kuzey-kibrista-yeniden-dogusu-projesi-kapsaminda-kecada-markasi-doguyor\\\/\",\"url\":\"https:\\\/\\\/kuzeyinsesi.org\\\/index.php\\\/2024\\\/12\\\/07\\\/kecenin-kuzey-kibrista-yeniden-dogusu-projesi-kapsaminda-kecada-markasi-doguyor\\\/\",\"name\":\"\u201cKe\u00e7enin Kuzey K\u0131br\u0131s\u2019ta Yeniden Do\u011fu\u015fu\u201d projesi kapsam\u0131nda \u201cKe\u00e7ada\u201d markas\u0131 do\u011fuyor - Kuzeyin Sesi\",\"isPartOf\":{\"@id\":\"https:\\\/\\\/kuzeyinsesi.org\\\/#website\"},\"primaryImageOfPage\":{\"@id\":\"https:\\\/\\\/kuzeyinsesi.org\\\/index.php\\\/2024\\\/12\\\/07\\\/kecenin-kuzey-kibrista-yeniden-dogusu-projesi-kapsaminda-kecada-markasi-doguyor\\\/#primaryimage\"},\"image\":{\"@id\":\"https:\\\/\\\/kuzeyinsesi.org\\\/index.php\\\/2024\\\/12\\\/07\\\/kecenin-kuzey-kibrista-yeniden-dogusu-projesi-kapsaminda-kecada-markasi-doguyor\\\/#primaryimage\"},\"thumbnailUrl\":\"https:\\\/\\\/kuzeyinsesi.org\\\/wp-content\\\/uploads\\\/2024\\\/12\\\/1733573416673Sibel-Tatar-1.jpg\",\"datePublished\":\"2024-12-07T13:23:05+00:00\",\"author\":{\"@id\":\"https:\\\/\\\/kuzeyinsesi.org\\\/#\\\/schema\\\/person\\\/9f859689cdf01485597712386e37f5aa\"},\"breadcrumb\":{\"@id\":\"https:\\\/\\\/kuzeyinsesi.org\\\/index.php\\\/2024\\\/12\\\/07\\\/kecenin-kuzey-kibrista-yeniden-dogusu-projesi-kapsaminda-kecada-markasi-doguyor\\\/#breadcrumb\"},\"inLanguage\":\"tr\",\"potentialAction\":[{\"@type\":\"ReadAction\",\"target\":[\"https:\\\/\\\/kuzeyinsesi.org\\\/index.php\\\/2024\\\/12\\\/07\\\/kecenin-kuzey-kibrista-yeniden-dogusu-projesi-kapsaminda-kecada-markasi-doguyor\\\/\"]}]},{\"@type\":\"ImageObject\",\"inLanguage\":\"tr\",\"@id\":\"https:\\\/\\\/kuzeyinsesi.org\\\/index.php\\\/2024\\\/12\\\/07\\\/kecenin-kuzey-kibrista-yeniden-dogusu-projesi-kapsaminda-kecada-markasi-doguyor\\\/#primaryimage\",\"url\":\"https:\\\/\\\/kuzeyinsesi.org\\\/wp-content\\\/uploads\\\/2024\\\/12\\\/1733573416673Sibel-Tatar-1.jpg\",\"contentUrl\":\"https:\\\/\\\/kuzeyinsesi.org\\\/wp-content\\\/uploads\\\/2024\\\/12\\\/1733573416673Sibel-Tatar-1.jpg\",\"width\":1984,\"height\":892},{\"@type\":\"BreadcrumbList\",\"@id\":\"https:\\\/\\\/kuzeyinsesi.org\\\/index.php\\\/2024\\\/12\\\/07\\\/kecenin-kuzey-kibrista-yeniden-dogusu-projesi-kapsaminda-kecada-markasi-doguyor\\\/#breadcrumb\",\"itemListElement\":[{\"@type\":\"ListItem\",\"position\":1,\"name\":\"Anasayfa\",\"item\":\"https:\\\/\\\/kuzeyinsesi.org\\\/\"},{\"@type\":\"ListItem\",\"position\":2,\"name\":\"\u201cKe\u00e7enin Kuzey K\u0131br\u0131s\u2019ta Yeniden Do\u011fu\u015fu\u201d projesi kapsam\u0131nda \u201cKe\u00e7ada\u201d markas\u0131 do\u011fuyor\"}]},{\"@type\":\"WebSite\",\"@id\":\"https:\\\/\\\/kuzeyinsesi.org\\\/#website\",\"url\":\"https:\\\/\\\/kuzeyinsesi.org\\\/\",\"name\":\"Kuzeyin Sesi\",\"description\":\"Do\u011fru Haberin Adresi\",\"potentialAction\":[{\"@type\":\"SearchAction\",\"target\":{\"@type\":\"EntryPoint\",\"urlTemplate\":\"https:\\\/\\\/kuzeyinsesi.org\\\/?s={search_term_string}\"},\"query-input\":{\"@type\":\"PropertyValueSpecification\",\"valueRequired\":true,\"valueName\":\"search_term_string\"}}],\"inLanguage\":\"tr\"},{\"@type\":\"Person\",\"@id\":\"https:\\\/\\\/kuzeyinsesi.org\\\/#\\\/schema\\\/person\\\/9f859689cdf01485597712386e37f5aa\",\"name\":\"Kuzeyin Sesi\",\"image\":{\"@type\":\"ImageObject\",\"inLanguage\":\"tr\",\"@id\":\"https:\\\/\\\/secure.gravatar.com\\\/avatar\\\/bab33852abfd8b282518d6ed81826833d77c3c882d9ab608add591ccace47a44?s=96&d=mm&r=g\",\"url\":\"https:\\\/\\\/secure.gravatar.com\\\/avatar\\\/bab33852abfd8b282518d6ed81826833d77c3c882d9ab608add591ccace47a44?s=96&d=mm&r=g\",\"contentUrl\":\"https:\\\/\\\/secure.gravatar.com\\\/avatar\\\/bab33852abfd8b282518d6ed81826833d77c3c882d9ab608add591ccace47a44?s=96&d=mm&r=g\",\"caption\":\"Kuzeyin Sesi\"},\"sameAs\":[\"https:\\\/\\\/kuzeyinsesi.org\"],\"url\":\"https:\\\/\\\/kuzeyinsesi.org\\\/index.php\\\/author\\\/guven\\\/\"}]}<\/script>\n<!-- \/ Yoast SEO plugin. -->","yoast_head_json":{"title":"\u201cKe\u00e7enin Kuzey K\u0131br\u0131s\u2019ta Yeniden Do\u011fu\u015fu\u201d projesi kapsam\u0131nda \u201cKe\u00e7ada\u201d markas\u0131 do\u011fuyor - Kuzeyin Sesi","robots":{"index":"index","follow":"follow","max-snippet":"max-snippet:-1","max-image-preview":"max-image-preview:large","max-video-preview":"max-video-preview:-1"},"canonical":"https:\/\/kuzeyinsesi.org\/index.php\/2024\/12\/07\/kecenin-kuzey-kibrista-yeniden-dogusu-projesi-kapsaminda-kecada-markasi-doguyor\/","og_locale":"tr_TR","og_type":"article","og_title":"\u201cKe\u00e7enin Kuzey K\u0131br\u0131s\u2019ta Yeniden Do\u011fu\u015fu\u201d projesi kapsam\u0131nda \u201cKe\u00e7ada\u201d markas\u0131 do\u011fuyor - Kuzeyin Sesi","og_description":"Cumhurba\u015fkanl\u0131\u011f\u0131 himayesinde ve Cumhurba\u015fkan\u0131 Ersin Tatar\u2019\u0131n e\u015fi Sibel Tatar\u2019\u0131n \u00f6nc\u00fcl\u00fc\u011f\u00fcnde hayata ge\u00e7irilen \u201cKe\u00e7enin Kuzey K\u0131br\u0131s\u2019ta Yeniden Do\u011fu\u015fu\u201d projesinde bir sonraki ad\u0131ma ge\u00e7iliyor. Proje kapsam\u0131nda, Mehmet\u00e7ik Belediyesi b\u00fcnyesinde, K\u0131br\u0131s T\u00fcrk \u0130\u015flemelerini Ara\u015ft\u0131rma ve Ya\u015fatma Derne\u011fi taraf\u0131ndan d\u00fczenlenen \u201cke\u00e7e tasar\u0131m\u201d kurslar\u0131n\u0131 tamamlayan b\u00f6lge kad\u0131nlar\u0131na bug\u00fcn d\u00fczenlenen etkinlikle sertifikalar\u0131 takdim edildi. Kurs boyunca \u00fcretilmeye ba\u015flanan ve geli\u015ftirilmeye devam [&hellip;]","og_url":"https:\/\/kuzeyinsesi.org\/index.php\/2024\/12\/07\/kecenin-kuzey-kibrista-yeniden-dogusu-projesi-kapsaminda-kecada-markasi-doguyor\/","og_site_name":"Kuzeyin Sesi","article_publisher":"https:\/\/www.facebook.com\/kuzeyinsesii","article_published_time":"2024-12-07T13:23:05+00:00","og_image":[{"url":"https:\/\/brtk.net\/wp-content\/uploads\/2024\/12\/07\/1733573416673Sibel-Tatar-1.jpg?ver=512f4d3ea26e8c04af13cf6d4a9b59bd","type":"","width":"","height":""}],"author":"Kuzeyin Sesi","twitter_card":"summary_large_image","twitter_creator":"@kuzeyinsesii","twitter_site":"@kuzeyinsesii","twitter_misc":{"Yazan:":"Kuzeyin Sesi","Tahmini okuma s\u00fcresi":"6 dakika"},"schema":{"@context":"https:\/\/schema.org","@graph":[{"@type":"Article","@id":"https:\/\/kuzeyinsesi.org\/index.php\/2024\/12\/07\/kecenin-kuzey-kibrista-yeniden-dogusu-projesi-kapsaminda-kecada-markasi-doguyor\/#article","isPartOf":{"@id":"https:\/\/kuzeyinsesi.org\/index.php\/2024\/12\/07\/kecenin-kuzey-kibrista-yeniden-dogusu-projesi-kapsaminda-kecada-markasi-doguyor\/"},"author":{"name":"Kuzeyin Sesi","@id":"https:\/\/kuzeyinsesi.org\/#\/schema\/person\/9f859689cdf01485597712386e37f5aa"},"headline":"\u201cKe\u00e7enin Kuzey K\u0131br\u0131s\u2019ta Yeniden Do\u011fu\u015fu\u201d projesi kapsam\u0131nda \u201cKe\u00e7ada\u201d markas\u0131 do\u011fuyor","datePublished":"2024-12-07T13:23:05+00:00","mainEntityOfPage":{"@id":"https:\/\/kuzeyinsesi.org\/index.php\/2024\/12\/07\/kecenin-kuzey-kibrista-yeniden-dogusu-projesi-kapsaminda-kecada-markasi-doguyor\/"},"wordCount":1143,"commentCount":0,"image":{"@id":"https:\/\/kuzeyinsesi.org\/index.php\/2024\/12\/07\/kecenin-kuzey-kibrista-yeniden-dogusu-projesi-kapsaminda-kecada-markasi-doguyor\/#primaryimage"},"thumbnailUrl":"https:\/\/kuzeyinsesi.org\/wp-content\/uploads\/2024\/12\/1733573416673Sibel-Tatar-1.jpg","articleSection":["Ya\u015fam"],"inLanguage":"tr","potentialAction":[{"@type":"CommentAction","name":"Comment","target":["https:\/\/kuzeyinsesi.org\/index.php\/2024\/12\/07\/kecenin-kuzey-kibrista-yeniden-dogusu-projesi-kapsaminda-kecada-markasi-doguyor\/#respond"]}]},{"@type":"WebPage","@id":"https:\/\/kuzeyinsesi.org\/index.php\/2024\/12\/07\/kecenin-kuzey-kibrista-yeniden-dogusu-projesi-kapsaminda-kecada-markasi-doguyor\/","url":"https:\/\/kuzeyinsesi.org\/index.php\/2024\/12\/07\/kecenin-kuzey-kibrista-yeniden-dogusu-projesi-kapsaminda-kecada-markasi-doguyor\/","name":"\u201cKe\u00e7enin Kuzey K\u0131br\u0131s\u2019ta Yeniden Do\u011fu\u015fu\u201d projesi kapsam\u0131nda \u201cKe\u00e7ada\u201d markas\u0131 do\u011fuyor - Kuzeyin Sesi","isPartOf":{"@id":"https:\/\/kuzeyinsesi.org\/#website"},"primaryImageOfPage":{"@id":"https:\/\/kuzeyinsesi.org\/index.php\/2024\/12\/07\/kecenin-kuzey-kibrista-yeniden-dogusu-projesi-kapsaminda-kecada-markasi-doguyor\/#primaryimage"},"image":{"@id":"https:\/\/kuzeyinsesi.org\/index.php\/2024\/12\/07\/kecenin-kuzey-kibrista-yeniden-dogusu-projesi-kapsaminda-kecada-markasi-doguyor\/#primaryimage"},"thumbnailUrl":"https:\/\/kuzeyinsesi.org\/wp-content\/uploads\/2024\/12\/1733573416673Sibel-Tatar-1.jpg","datePublished":"2024-12-07T13:23:05+00:00","author":{"@id":"https:\/\/kuzeyinsesi.org\/#\/schema\/person\/9f859689cdf01485597712386e37f5aa"},"breadcrumb":{"@id":"https:\/\/kuzeyinsesi.org\/index.php\/2024\/12\/07\/kecenin-kuzey-kibrista-yeniden-dogusu-projesi-kapsaminda-kecada-markasi-doguyor\/#breadcrumb"},"inLanguage":"tr","potentialAction":[{"@type":"ReadAction","target":["https:\/\/kuzeyinsesi.org\/index.php\/2024\/12\/07\/kecenin-kuzey-kibrista-yeniden-dogusu-projesi-kapsaminda-kecada-markasi-doguyor\/"]}]},{"@type":"ImageObject","inLanguage":"tr","@id":"https:\/\/kuzeyinsesi.org\/index.php\/2024\/12\/07\/kecenin-kuzey-kibrista-yeniden-dogusu-projesi-kapsaminda-kecada-markasi-doguyor\/#primaryimage","url":"https:\/\/kuzeyinsesi.org\/wp-content\/uploads\/2024\/12\/1733573416673Sibel-Tatar-1.jpg","contentUrl":"https:\/\/kuzeyinsesi.org\/wp-content\/uploads\/2024\/12\/1733573416673Sibel-Tatar-1.jpg","width":1984,"height":892},{"@type":"BreadcrumbList","@id":"https:\/\/kuzeyinsesi.org\/index.php\/2024\/12\/07\/kecenin-kuzey-kibrista-yeniden-dogusu-projesi-kapsaminda-kecada-markasi-doguyor\/#breadcrumb","itemListElement":[{"@type":"ListItem","position":1,"name":"Anasayfa","item":"https:\/\/kuzeyinsesi.org\/"},{"@type":"ListItem","position":2,"name":"\u201cKe\u00e7enin Kuzey K\u0131br\u0131s\u2019ta Yeniden Do\u011fu\u015fu\u201d projesi kapsam\u0131nda \u201cKe\u00e7ada\u201d markas\u0131 do\u011fuyor"}]},{"@type":"WebSite","@id":"https:\/\/kuzeyinsesi.org\/#website","url":"https:\/\/kuzeyinsesi.org\/","name":"Kuzeyin Sesi","description":"Do\u011fru Haberin Adresi","potentialAction":[{"@type":"SearchAction","target":{"@type":"EntryPoint","urlTemplate":"https:\/\/kuzeyinsesi.org\/?s={search_term_string}"},"query-input":{"@type":"PropertyValueSpecification","valueRequired":true,"valueName":"search_term_string"}}],"inLanguage":"tr"},{"@type":"Person","@id":"https:\/\/kuzeyinsesi.org\/#\/schema\/person\/9f859689cdf01485597712386e37f5aa","name":"Kuzeyin Sesi","image":{"@type":"ImageObject","inLanguage":"tr","@id":"https:\/\/secure.gravatar.com\/avatar\/bab33852abfd8b282518d6ed81826833d77c3c882d9ab608add591ccace47a44?s=96&d=mm&r=g","url":"https:\/\/secure.gravatar.com\/avatar\/bab33852abfd8b282518d6ed81826833d77c3c882d9ab608add591ccace47a44?s=96&d=mm&r=g","contentUrl":"https:\/\/secure.gravatar.com\/avatar\/bab33852abfd8b282518d6ed81826833d77c3c882d9ab608add591ccace47a44?s=96&d=mm&r=g","caption":"Kuzeyin Sesi"},"sameAs":["https:\/\/kuzeyinsesi.org"],"url":"https:\/\/kuzeyinsesi.org\/index.php\/author\/guven\/"}]}},"_links":{"self":[{"href":"https:\/\/kuzeyinsesi.org\/index.php\/wp-json\/wp\/v2\/posts\/15135","targetHints":{"allow":["GET"]}}],"collection":[{"href":"https:\/\/kuzeyinsesi.org\/index.php\/wp-json\/wp\/v2\/posts"}],"about":[{"href":"https:\/\/kuzeyinsesi.org\/index.php\/wp-json\/wp\/v2\/types\/post"}],"author":[{"embeddable":true,"href":"https:\/\/kuzeyinsesi.org\/index.php\/wp-json\/wp\/v2\/users\/1"}],"replies":[{"embeddable":true,"href":"https:\/\/kuzeyinsesi.org\/index.php\/wp-json\/wp\/v2\/comments?post=15135"}],"version-history":[{"count":0,"href":"https:\/\/kuzeyinsesi.org\/index.php\/wp-json\/wp\/v2\/posts\/15135\/revisions"}],"wp:featuredmedia":[{"embeddable":true,"href":"https:\/\/kuzeyinsesi.org\/index.php\/wp-json\/wp\/v2\/media\/15136"}],"wp:attachment":[{"href":"https:\/\/kuzeyinsesi.org\/index.php\/wp-json\/wp\/v2\/media?parent=15135"}],"wp:term":[{"taxonomy":"category","embeddable":true,"href":"https:\/\/kuzeyinsesi.org\/index.php\/wp-json\/wp\/v2\/categories?post=15135"},{"taxonomy":"post_tag","embeddable":true,"href":"https:\/\/kuzeyinsesi.org\/index.php\/wp-json\/wp\/v2\/tags?post=15135"}],"curies":[{"name":"wp","href":"https:\/\/api.w.org\/{rel}","templated":true}]}}