{"id":15121,"date":"2024-12-06T20:18:29","date_gmt":"2024-12-06T18:18:29","guid":{"rendered":"https:\/\/kuzeyinsesi.org\/index.php\/2024\/12\/06\/cagdas-muzik-dernegi-baskani-tunay-baku-temsilcisi-buyukelci-turganeri-ziyaret-etti\/"},"modified":"2024-12-06T20:18:29","modified_gmt":"2024-12-06T18:18:29","slug":"cagdas-muzik-dernegi-baskani-tunay-baku-temsilcisi-buyukelci-turganeri-ziyaret-etti","status":"publish","type":"post","link":"https:\/\/kuzeyinsesi.org\/index.php\/2024\/12\/06\/cagdas-muzik-dernegi-baskani-tunay-baku-temsilcisi-buyukelci-turganeri-ziyaret-etti\/","title":{"rendered":"\u00c7a\u011fda\u015f M\u00fczik Derne\u011fi Ba\u015fkan\u0131 T\u00fcnay, Bak\u00fc Temsilcisi B\u00fcy\u00fckel\u00e7i Turganer\u2019i ziyaret etti"},"content":{"rendered":"<div>\n<div class=\"mariselle-image-container center\">\n                                            <\/div>\n<p>T\u00fcrk D\u00fcnyas\u0131 K\u00fclt\u00fcr ve Sanat Hizmet \u00d6d\u00fcl\u00fc almak i\u00e7in Bak\u00fc\u2019de bulunan \u00c7a\u011fda\u015f M\u00fczik Derne\u011fi Ba\u015fkan\u0131 Ersin T\u00fcnay ile Azerbaycan K\u0131br\u0131s Dostluk Cemiyeti Ba\u015fkan\u0131 Orhan Hasano\u011flu,  KKTC Bak\u00fc Temsilcisi B\u00fcy\u00fckel\u00e7i Ufuk Turganer\u2019i ziyaret etti.<\/p>\n<p>\u00c7a\u011fda\u015f M\u00fczik Derne\u011fi\u2019nden (\u00c7MD) verilen bilgiye g\u00f6re, g\u00f6r\u00fc\u015fmede 2025 y\u0131l\u0131nda yap\u0131lacak k\u00fclt\u00fcr-sanat projeleri hakk\u0131nda g\u00f6r\u00fc\u015f al\u0131\u015fveri\u015finde bulunuldu.<\/p>\n<\/p><\/div>\n<p><script async\n                    defer\n                    crossorigin=\"anonymous\"\n                    src=\"https:\/\/connect.facebook.net\/tr_TR\/sdk.js#xfbml=1&#038;version=v3.3\"\n            ><\/script><\/p>\n","protected":false},"excerpt":{"rendered":"<p>T\u00fcrk D\u00fcnyas\u0131 K\u00fclt\u00fcr ve Sanat Hizmet \u00d6d\u00fcl\u00fc almak i\u00e7in Bak\u00fc\u2019de bulunan \u00c7a\u011fda\u015f M\u00fczik Derne\u011fi Ba\u015fkan\u0131 Ersin T\u00fcnay ile Azerbaycan K\u0131br\u0131s Dostluk Cemiyeti Ba\u015fkan\u0131 Orhan Hasano\u011flu, KKTC Bak\u00fc Temsilcisi B\u00fcy\u00fckel\u00e7i Ufuk Turganer\u2019i ziyaret etti. \u00c7a\u011fda\u015f M\u00fczik Derne\u011fi\u2019nden (\u00c7MD) verilen bilgiye g\u00f6re, g\u00f6r\u00fc\u015fmede 2025 y\u0131l\u0131nda yap\u0131lacak k\u00fclt\u00fcr-sanat projeleri hakk\u0131nda g\u00f6r\u00fc\u015f al\u0131\u015fveri\u015finde bulunuldu.<\/p>\n","protected":false},"author":1,"featured_media":15122,"comment_status":"open","ping_status":"open","sticky":false,"template":"","format":"standard","meta":{"jnews-multi-image_gallery":[],"jnews_single_post":[],"jnews_primary_category":[],"jnews_social_meta":[],"jnews_override_counter":[],"footnotes":""},"categories":[6],"tags":[],"class_list":["post-15121","post","type-post","status-publish","format-standard","has-post-thumbnail","hentry","category-yasam"],"yoast_head":"<!-- This site is optimized with the Yoast SEO plugin v27.4 - https:\/\/yoast.com\/product\/yoast-seo-wordpress\/ -->\n<title>\u00c7a\u011fda\u015f M\u00fczik Derne\u011fi Ba\u015fkan\u0131 T\u00fcnay, Bak\u00fc Temsilcisi B\u00fcy\u00fckel\u00e7i Turganer\u2019i ziyaret etti - Kuzeyin Sesi<\/title>\n<meta name=\"robots\" content=\"index, follow, max-snippet:-1, max-image-preview:large, max-video-preview:-1\" \/>\n<link rel=\"canonical\" href=\"https:\/\/kuzeyinsesi.org\/index.php\/2024\/12\/06\/cagdas-muzik-dernegi-baskani-tunay-baku-temsilcisi-buyukelci-turganeri-ziyaret-etti\/\" \/>\n<meta property=\"og:locale\" content=\"tr_TR\" \/>\n<meta property=\"og:type\" content=\"article\" \/>\n<meta property=\"og:title\" content=\"\u00c7a\u011fda\u015f M\u00fczik Derne\u011fi Ba\u015fkan\u0131 T\u00fcnay, Bak\u00fc Temsilcisi B\u00fcy\u00fckel\u00e7i Turganer\u2019i ziyaret etti - Kuzeyin Sesi\" \/>\n<meta property=\"og:description\" content=\"T\u00fcrk D\u00fcnyas\u0131 K\u00fclt\u00fcr ve Sanat Hizmet \u00d6d\u00fcl\u00fc almak i\u00e7in Bak\u00fc\u2019de bulunan \u00c7a\u011fda\u015f M\u00fczik Derne\u011fi Ba\u015fkan\u0131 Ersin T\u00fcnay ile Azerbaycan K\u0131br\u0131s Dostluk Cemiyeti Ba\u015fkan\u0131 Orhan Hasano\u011flu, KKTC Bak\u00fc Temsilcisi B\u00fcy\u00fckel\u00e7i Ufuk Turganer\u2019i ziyaret etti. \u00c7a\u011fda\u015f M\u00fczik Derne\u011fi\u2019nden (\u00c7MD) verilen bilgiye g\u00f6re, g\u00f6r\u00fc\u015fmede 2025 y\u0131l\u0131nda yap\u0131lacak k\u00fclt\u00fcr-sanat projeleri hakk\u0131nda g\u00f6r\u00fc\u015f al\u0131\u015fveri\u015finde bulunuldu.\" \/>\n<meta property=\"og:url\" content=\"https:\/\/kuzeyinsesi.org\/index.php\/2024\/12\/06\/cagdas-muzik-dernegi-baskani-tunay-baku-temsilcisi-buyukelci-turganeri-ziyaret-etti\/\" \/>\n<meta property=\"og:site_name\" content=\"Kuzeyin Sesi\" \/>\n<meta property=\"article:publisher\" content=\"https:\/\/www.facebook.com\/kuzeyinsesii\" \/>\n<meta property=\"article:published_time\" content=\"2024-12-06T18:18:29+00:00\" \/>\n<meta property=\"og:image\" content=\"https:\/\/brtk.net\/wp-content\/uploads\/2024\/12\/06\/1733499350415BAKU-CMD-TURGANER.jpg?ver=25bafba311413894cd6f42d6bf106c66\" \/>\n<meta name=\"author\" content=\"Kuzeyin Sesi\" \/>\n<meta name=\"twitter:card\" content=\"summary_large_image\" \/>\n<meta name=\"twitter:creator\" content=\"@kuzeyinsesii\" \/>\n<meta name=\"twitter:site\" content=\"@kuzeyinsesii\" \/>\n<meta name=\"twitter:label1\" content=\"Yazan:\" \/>\n\t<meta name=\"twitter:data1\" content=\"Kuzeyin Sesi\" \/>\n<script type=\"application\/ld+json\" class=\"yoast-schema-graph\">{\"@context\":\"https:\\\/\\\/schema.org\",\"@graph\":[{\"@type\":\"Article\",\"@id\":\"https:\\\/\\\/kuzeyinsesi.org\\\/index.php\\\/2024\\\/12\\\/06\\\/cagdas-muzik-dernegi-baskani-tunay-baku-temsilcisi-buyukelci-turganeri-ziyaret-etti\\\/#article\",\"isPartOf\":{\"@id\":\"https:\\\/\\\/kuzeyinsesi.org\\\/index.php\\\/2024\\\/12\\\/06\\\/cagdas-muzik-dernegi-baskani-tunay-baku-temsilcisi-buyukelci-turganeri-ziyaret-etti\\\/\"},\"author\":{\"name\":\"Kuzeyin Sesi\",\"@id\":\"https:\\\/\\\/kuzeyinsesi.org\\\/#\\\/schema\\\/person\\\/9f859689cdf01485597712386e37f5aa\"},\"headline\":\"\u00c7a\u011fda\u015f M\u00fczik Derne\u011fi Ba\u015fkan\u0131 T\u00fcnay, Bak\u00fc Temsilcisi B\u00fcy\u00fckel\u00e7i Turganer\u2019i ziyaret etti\",\"datePublished\":\"2024-12-06T18:18:29+00:00\",\"mainEntityOfPage\":{\"@id\":\"https:\\\/\\\/kuzeyinsesi.org\\\/index.php\\\/2024\\\/12\\\/06\\\/cagdas-muzik-dernegi-baskani-tunay-baku-temsilcisi-buyukelci-turganeri-ziyaret-etti\\\/\"},\"wordCount\":105,\"commentCount\":0,\"image\":{\"@id\":\"https:\\\/\\\/kuzeyinsesi.org\\\/index.php\\\/2024\\\/12\\\/06\\\/cagdas-muzik-dernegi-baskani-tunay-baku-temsilcisi-buyukelci-turganeri-ziyaret-etti\\\/#primaryimage\"},\"thumbnailUrl\":\"https:\\\/\\\/kuzeyinsesi.org\\\/wp-content\\\/uploads\\\/2024\\\/12\\\/1733499350415BAKU-CMD-TURGANER.jpg\",\"articleSection\":[\"Ya\u015fam\"],\"inLanguage\":\"tr\",\"potentialAction\":[{\"@type\":\"CommentAction\",\"name\":\"Comment\",\"target\":[\"https:\\\/\\\/kuzeyinsesi.org\\\/index.php\\\/2024\\\/12\\\/06\\\/cagdas-muzik-dernegi-baskani-tunay-baku-temsilcisi-buyukelci-turganeri-ziyaret-etti\\\/#respond\"]}]},{\"@type\":\"WebPage\",\"@id\":\"https:\\\/\\\/kuzeyinsesi.org\\\/index.php\\\/2024\\\/12\\\/06\\\/cagdas-muzik-dernegi-baskani-tunay-baku-temsilcisi-buyukelci-turganeri-ziyaret-etti\\\/\",\"url\":\"https:\\\/\\\/kuzeyinsesi.org\\\/index.php\\\/2024\\\/12\\\/06\\\/cagdas-muzik-dernegi-baskani-tunay-baku-temsilcisi-buyukelci-turganeri-ziyaret-etti\\\/\",\"name\":\"\u00c7a\u011fda\u015f M\u00fczik Derne\u011fi Ba\u015fkan\u0131 T\u00fcnay, Bak\u00fc Temsilcisi B\u00fcy\u00fckel\u00e7i Turganer\u2019i ziyaret etti - Kuzeyin Sesi\",\"isPartOf\":{\"@id\":\"https:\\\/\\\/kuzeyinsesi.org\\\/#website\"},\"primaryImageOfPage\":{\"@id\":\"https:\\\/\\\/kuzeyinsesi.org\\\/index.php\\\/2024\\\/12\\\/06\\\/cagdas-muzik-dernegi-baskani-tunay-baku-temsilcisi-buyukelci-turganeri-ziyaret-etti\\\/#primaryimage\"},\"image\":{\"@id\":\"https:\\\/\\\/kuzeyinsesi.org\\\/index.php\\\/2024\\\/12\\\/06\\\/cagdas-muzik-dernegi-baskani-tunay-baku-temsilcisi-buyukelci-turganeri-ziyaret-etti\\\/#primaryimage\"},\"thumbnailUrl\":\"https:\\\/\\\/kuzeyinsesi.org\\\/wp-content\\\/uploads\\\/2024\\\/12\\\/1733499350415BAKU-CMD-TURGANER.jpg\",\"datePublished\":\"2024-12-06T18:18:29+00:00\",\"author\":{\"@id\":\"https:\\\/\\\/kuzeyinsesi.org\\\/#\\\/schema\\\/person\\\/9f859689cdf01485597712386e37f5aa\"},\"breadcrumb\":{\"@id\":\"https:\\\/\\\/kuzeyinsesi.org\\\/index.php\\\/2024\\\/12\\\/06\\\/cagdas-muzik-dernegi-baskani-tunay-baku-temsilcisi-buyukelci-turganeri-ziyaret-etti\\\/#breadcrumb\"},\"inLanguage\":\"tr\",\"potentialAction\":[{\"@type\":\"ReadAction\",\"target\":[\"https:\\\/\\\/kuzeyinsesi.org\\\/index.php\\\/2024\\\/12\\\/06\\\/cagdas-muzik-dernegi-baskani-tunay-baku-temsilcisi-buyukelci-turganeri-ziyaret-etti\\\/\"]}]},{\"@type\":\"ImageObject\",\"inLanguage\":\"tr\",\"@id\":\"https:\\\/\\\/kuzeyinsesi.org\\\/index.php\\\/2024\\\/12\\\/06\\\/cagdas-muzik-dernegi-baskani-tunay-baku-temsilcisi-buyukelci-turganeri-ziyaret-etti\\\/#primaryimage\",\"url\":\"https:\\\/\\\/kuzeyinsesi.org\\\/wp-content\\\/uploads\\\/2024\\\/12\\\/1733499350415BAKU-CMD-TURGANER.jpg\",\"contentUrl\":\"https:\\\/\\\/kuzeyinsesi.org\\\/wp-content\\\/uploads\\\/2024\\\/12\\\/1733499350415BAKU-CMD-TURGANER.jpg\",\"width\":984,\"height\":404},{\"@type\":\"BreadcrumbList\",\"@id\":\"https:\\\/\\\/kuzeyinsesi.org\\\/index.php\\\/2024\\\/12\\\/06\\\/cagdas-muzik-dernegi-baskani-tunay-baku-temsilcisi-buyukelci-turganeri-ziyaret-etti\\\/#breadcrumb\",\"itemListElement\":[{\"@type\":\"ListItem\",\"position\":1,\"name\":\"Anasayfa\",\"item\":\"https:\\\/\\\/kuzeyinsesi.org\\\/\"},{\"@type\":\"ListItem\",\"position\":2,\"name\":\"\u00c7a\u011fda\u015f M\u00fczik Derne\u011fi Ba\u015fkan\u0131 T\u00fcnay, Bak\u00fc Temsilcisi B\u00fcy\u00fckel\u00e7i Turganer\u2019i ziyaret etti\"}]},{\"@type\":\"WebSite\",\"@id\":\"https:\\\/\\\/kuzeyinsesi.org\\\/#website\",\"url\":\"https:\\\/\\\/kuzeyinsesi.org\\\/\",\"name\":\"Kuzeyin Sesi\",\"description\":\"Do\u011fru Haberin Adresi\",\"potentialAction\":[{\"@type\":\"SearchAction\",\"target\":{\"@type\":\"EntryPoint\",\"urlTemplate\":\"https:\\\/\\\/kuzeyinsesi.org\\\/?s={search_term_string}\"},\"query-input\":{\"@type\":\"PropertyValueSpecification\",\"valueRequired\":true,\"valueName\":\"search_term_string\"}}],\"inLanguage\":\"tr\"},{\"@type\":\"Person\",\"@id\":\"https:\\\/\\\/kuzeyinsesi.org\\\/#\\\/schema\\\/person\\\/9f859689cdf01485597712386e37f5aa\",\"name\":\"Kuzeyin Sesi\",\"image\":{\"@type\":\"ImageObject\",\"inLanguage\":\"tr\",\"@id\":\"https:\\\/\\\/secure.gravatar.com\\\/avatar\\\/bab33852abfd8b282518d6ed81826833d77c3c882d9ab608add591ccace47a44?s=96&d=mm&r=g\",\"url\":\"https:\\\/\\\/secure.gravatar.com\\\/avatar\\\/bab33852abfd8b282518d6ed81826833d77c3c882d9ab608add591ccace47a44?s=96&d=mm&r=g\",\"contentUrl\":\"https:\\\/\\\/secure.gravatar.com\\\/avatar\\\/bab33852abfd8b282518d6ed81826833d77c3c882d9ab608add591ccace47a44?s=96&d=mm&r=g\",\"caption\":\"Kuzeyin Sesi\"},\"sameAs\":[\"https:\\\/\\\/kuzeyinsesi.org\"],\"url\":\"https:\\\/\\\/kuzeyinsesi.org\\\/index.php\\\/author\\\/guven\\\/\"}]}<\/script>\n<!-- \/ Yoast SEO plugin. -->","yoast_head_json":{"title":"\u00c7a\u011fda\u015f M\u00fczik Derne\u011fi Ba\u015fkan\u0131 T\u00fcnay, Bak\u00fc Temsilcisi B\u00fcy\u00fckel\u00e7i Turganer\u2019i ziyaret etti - Kuzeyin Sesi","robots":{"index":"index","follow":"follow","max-snippet":"max-snippet:-1","max-image-preview":"max-image-preview:large","max-video-preview":"max-video-preview:-1"},"canonical":"https:\/\/kuzeyinsesi.org\/index.php\/2024\/12\/06\/cagdas-muzik-dernegi-baskani-tunay-baku-temsilcisi-buyukelci-turganeri-ziyaret-etti\/","og_locale":"tr_TR","og_type":"article","og_title":"\u00c7a\u011fda\u015f M\u00fczik Derne\u011fi Ba\u015fkan\u0131 T\u00fcnay, Bak\u00fc Temsilcisi B\u00fcy\u00fckel\u00e7i Turganer\u2019i ziyaret etti - Kuzeyin Sesi","og_description":"T\u00fcrk D\u00fcnyas\u0131 K\u00fclt\u00fcr ve Sanat Hizmet \u00d6d\u00fcl\u00fc almak i\u00e7in Bak\u00fc\u2019de bulunan \u00c7a\u011fda\u015f M\u00fczik Derne\u011fi Ba\u015fkan\u0131 Ersin T\u00fcnay ile Azerbaycan K\u0131br\u0131s Dostluk Cemiyeti Ba\u015fkan\u0131 Orhan Hasano\u011flu, KKTC Bak\u00fc Temsilcisi B\u00fcy\u00fckel\u00e7i Ufuk Turganer\u2019i ziyaret etti. \u00c7a\u011fda\u015f M\u00fczik Derne\u011fi\u2019nden (\u00c7MD) verilen bilgiye g\u00f6re, g\u00f6r\u00fc\u015fmede 2025 y\u0131l\u0131nda yap\u0131lacak k\u00fclt\u00fcr-sanat projeleri hakk\u0131nda g\u00f6r\u00fc\u015f al\u0131\u015fveri\u015finde bulunuldu.","og_url":"https:\/\/kuzeyinsesi.org\/index.php\/2024\/12\/06\/cagdas-muzik-dernegi-baskani-tunay-baku-temsilcisi-buyukelci-turganeri-ziyaret-etti\/","og_site_name":"Kuzeyin Sesi","article_publisher":"https:\/\/www.facebook.com\/kuzeyinsesii","article_published_time":"2024-12-06T18:18:29+00:00","og_image":[{"url":"https:\/\/brtk.net\/wp-content\/uploads\/2024\/12\/06\/1733499350415BAKU-CMD-TURGANER.jpg?ver=25bafba311413894cd6f42d6bf106c66","type":"","width":"","height":""}],"author":"Kuzeyin Sesi","twitter_card":"summary_large_image","twitter_creator":"@kuzeyinsesii","twitter_site":"@kuzeyinsesii","twitter_misc":{"Yazan:":"Kuzeyin Sesi"},"schema":{"@context":"https:\/\/schema.org","@graph":[{"@type":"Article","@id":"https:\/\/kuzeyinsesi.org\/index.php\/2024\/12\/06\/cagdas-muzik-dernegi-baskani-tunay-baku-temsilcisi-buyukelci-turganeri-ziyaret-etti\/#article","isPartOf":{"@id":"https:\/\/kuzeyinsesi.org\/index.php\/2024\/12\/06\/cagdas-muzik-dernegi-baskani-tunay-baku-temsilcisi-buyukelci-turganeri-ziyaret-etti\/"},"author":{"name":"Kuzeyin Sesi","@id":"https:\/\/kuzeyinsesi.org\/#\/schema\/person\/9f859689cdf01485597712386e37f5aa"},"headline":"\u00c7a\u011fda\u015f M\u00fczik Derne\u011fi Ba\u015fkan\u0131 T\u00fcnay, Bak\u00fc Temsilcisi B\u00fcy\u00fckel\u00e7i Turganer\u2019i ziyaret etti","datePublished":"2024-12-06T18:18:29+00:00","mainEntityOfPage":{"@id":"https:\/\/kuzeyinsesi.org\/index.php\/2024\/12\/06\/cagdas-muzik-dernegi-baskani-tunay-baku-temsilcisi-buyukelci-turganeri-ziyaret-etti\/"},"wordCount":105,"commentCount":0,"image":{"@id":"https:\/\/kuzeyinsesi.org\/index.php\/2024\/12\/06\/cagdas-muzik-dernegi-baskani-tunay-baku-temsilcisi-buyukelci-turganeri-ziyaret-etti\/#primaryimage"},"thumbnailUrl":"https:\/\/kuzeyinsesi.org\/wp-content\/uploads\/2024\/12\/1733499350415BAKU-CMD-TURGANER.jpg","articleSection":["Ya\u015fam"],"inLanguage":"tr","potentialAction":[{"@type":"CommentAction","name":"Comment","target":["https:\/\/kuzeyinsesi.org\/index.php\/2024\/12\/06\/cagdas-muzik-dernegi-baskani-tunay-baku-temsilcisi-buyukelci-turganeri-ziyaret-etti\/#respond"]}]},{"@type":"WebPage","@id":"https:\/\/kuzeyinsesi.org\/index.php\/2024\/12\/06\/cagdas-muzik-dernegi-baskani-tunay-baku-temsilcisi-buyukelci-turganeri-ziyaret-etti\/","url":"https:\/\/kuzeyinsesi.org\/index.php\/2024\/12\/06\/cagdas-muzik-dernegi-baskani-tunay-baku-temsilcisi-buyukelci-turganeri-ziyaret-etti\/","name":"\u00c7a\u011fda\u015f M\u00fczik Derne\u011fi Ba\u015fkan\u0131 T\u00fcnay, Bak\u00fc Temsilcisi B\u00fcy\u00fckel\u00e7i Turganer\u2019i ziyaret etti - Kuzeyin Sesi","isPartOf":{"@id":"https:\/\/kuzeyinsesi.org\/#website"},"primaryImageOfPage":{"@id":"https:\/\/kuzeyinsesi.org\/index.php\/2024\/12\/06\/cagdas-muzik-dernegi-baskani-tunay-baku-temsilcisi-buyukelci-turganeri-ziyaret-etti\/#primaryimage"},"image":{"@id":"https:\/\/kuzeyinsesi.org\/index.php\/2024\/12\/06\/cagdas-muzik-dernegi-baskani-tunay-baku-temsilcisi-buyukelci-turganeri-ziyaret-etti\/#primaryimage"},"thumbnailUrl":"https:\/\/kuzeyinsesi.org\/wp-content\/uploads\/2024\/12\/1733499350415BAKU-CMD-TURGANER.jpg","datePublished":"2024-12-06T18:18:29+00:00","author":{"@id":"https:\/\/kuzeyinsesi.org\/#\/schema\/person\/9f859689cdf01485597712386e37f5aa"},"breadcrumb":{"@id":"https:\/\/kuzeyinsesi.org\/index.php\/2024\/12\/06\/cagdas-muzik-dernegi-baskani-tunay-baku-temsilcisi-buyukelci-turganeri-ziyaret-etti\/#breadcrumb"},"inLanguage":"tr","potentialAction":[{"@type":"ReadAction","target":["https:\/\/kuzeyinsesi.org\/index.php\/2024\/12\/06\/cagdas-muzik-dernegi-baskani-tunay-baku-temsilcisi-buyukelci-turganeri-ziyaret-etti\/"]}]},{"@type":"ImageObject","inLanguage":"tr","@id":"https:\/\/kuzeyinsesi.org\/index.php\/2024\/12\/06\/cagdas-muzik-dernegi-baskani-tunay-baku-temsilcisi-buyukelci-turganeri-ziyaret-etti\/#primaryimage","url":"https:\/\/kuzeyinsesi.org\/wp-content\/uploads\/2024\/12\/1733499350415BAKU-CMD-TURGANER.jpg","contentUrl":"https:\/\/kuzeyinsesi.org\/wp-content\/uploads\/2024\/12\/1733499350415BAKU-CMD-TURGANER.jpg","width":984,"height":404},{"@type":"BreadcrumbList","@id":"https:\/\/kuzeyinsesi.org\/index.php\/2024\/12\/06\/cagdas-muzik-dernegi-baskani-tunay-baku-temsilcisi-buyukelci-turganeri-ziyaret-etti\/#breadcrumb","itemListElement":[{"@type":"ListItem","position":1,"name":"Anasayfa","item":"https:\/\/kuzeyinsesi.org\/"},{"@type":"ListItem","position":2,"name":"\u00c7a\u011fda\u015f M\u00fczik Derne\u011fi Ba\u015fkan\u0131 T\u00fcnay, Bak\u00fc Temsilcisi B\u00fcy\u00fckel\u00e7i Turganer\u2019i ziyaret etti"}]},{"@type":"WebSite","@id":"https:\/\/kuzeyinsesi.org\/#website","url":"https:\/\/kuzeyinsesi.org\/","name":"Kuzeyin Sesi","description":"Do\u011fru Haberin Adresi","potentialAction":[{"@type":"SearchAction","target":{"@type":"EntryPoint","urlTemplate":"https:\/\/kuzeyinsesi.org\/?s={search_term_string}"},"query-input":{"@type":"PropertyValueSpecification","valueRequired":true,"valueName":"search_term_string"}}],"inLanguage":"tr"},{"@type":"Person","@id":"https:\/\/kuzeyinsesi.org\/#\/schema\/person\/9f859689cdf01485597712386e37f5aa","name":"Kuzeyin Sesi","image":{"@type":"ImageObject","inLanguage":"tr","@id":"https:\/\/secure.gravatar.com\/avatar\/bab33852abfd8b282518d6ed81826833d77c3c882d9ab608add591ccace47a44?s=96&d=mm&r=g","url":"https:\/\/secure.gravatar.com\/avatar\/bab33852abfd8b282518d6ed81826833d77c3c882d9ab608add591ccace47a44?s=96&d=mm&r=g","contentUrl":"https:\/\/secure.gravatar.com\/avatar\/bab33852abfd8b282518d6ed81826833d77c3c882d9ab608add591ccace47a44?s=96&d=mm&r=g","caption":"Kuzeyin Sesi"},"sameAs":["https:\/\/kuzeyinsesi.org"],"url":"https:\/\/kuzeyinsesi.org\/index.php\/author\/guven\/"}]}},"_links":{"self":[{"href":"https:\/\/kuzeyinsesi.org\/index.php\/wp-json\/wp\/v2\/posts\/15121","targetHints":{"allow":["GET"]}}],"collection":[{"href":"https:\/\/kuzeyinsesi.org\/index.php\/wp-json\/wp\/v2\/posts"}],"about":[{"href":"https:\/\/kuzeyinsesi.org\/index.php\/wp-json\/wp\/v2\/types\/post"}],"author":[{"embeddable":true,"href":"https:\/\/kuzeyinsesi.org\/index.php\/wp-json\/wp\/v2\/users\/1"}],"replies":[{"embeddable":true,"href":"https:\/\/kuzeyinsesi.org\/index.php\/wp-json\/wp\/v2\/comments?post=15121"}],"version-history":[{"count":0,"href":"https:\/\/kuzeyinsesi.org\/index.php\/wp-json\/wp\/v2\/posts\/15121\/revisions"}],"wp:featuredmedia":[{"embeddable":true,"href":"https:\/\/kuzeyinsesi.org\/index.php\/wp-json\/wp\/v2\/media\/15122"}],"wp:attachment":[{"href":"https:\/\/kuzeyinsesi.org\/index.php\/wp-json\/wp\/v2\/media?parent=15121"}],"wp:term":[{"taxonomy":"category","embeddable":true,"href":"https:\/\/kuzeyinsesi.org\/index.php\/wp-json\/wp\/v2\/categories?post=15121"},{"taxonomy":"post_tag","embeddable":true,"href":"https:\/\/kuzeyinsesi.org\/index.php\/wp-json\/wp\/v2\/tags?post=15121"}],"curies":[{"name":"wp","href":"https:\/\/api.w.org\/{rel}","templated":true}]}}