{"id":15105,"date":"2024-12-06T18:10:36","date_gmt":"2024-12-06T16:10:36","guid":{"rendered":"https:\/\/kuzeyinsesi.org\/index.php\/2024\/12\/06\/prof-dr-naci-gorur-kibrisin-guneyinden-gecen-fay-sistemi-8-civarinda-depremler-uretebilir\/"},"modified":"2024-12-06T18:10:36","modified_gmt":"2024-12-06T16:10:36","slug":"prof-dr-naci-gorur-kibrisin-guneyinden-gecen-fay-sistemi-8-civarinda-depremler-uretebilir","status":"publish","type":"post","link":"https:\/\/kuzeyinsesi.org\/index.php\/2024\/12\/06\/prof-dr-naci-gorur-kibrisin-guneyinden-gecen-fay-sistemi-8-civarinda-depremler-uretebilir\/","title":{"rendered":"Prof. Dr. Naci G\u00f6r\u00fcr: \u201cK\u0131br\u0131s\u2019\u0131n g\u00fcneyinden ge\u00e7en fay sistemi 8 civar\u0131nda depremler \u00fcretebilir\u201d"},"content":{"rendered":"<div>\n<div class=\"mariselle-image-container center\">\n                                            <\/div>\n<p>Bilim insan\u0131 Prof. Dr. Naci G\u00f6r\u00fcr, K\u0131br\u0131s\u2019\u0131n g\u00fcneyinden ge\u00e7en \u201cHelen yay\u0131n\u0131n\u201d d\u00fcnyan\u0131n en tehlikeli fay sistemlerinden biri oldu\u011funu belirterek, bu fay\u0131n 8 \u015fiddeti civar\u0131nda depremler \u00fcretebilece\u011fi uyar\u0131s\u0131nda bulundu.<\/p>\n<p>Sivil Savunma Te\u015fkilat\u0131 Ba\u015fkanl\u0131\u011f\u0131 Bas\u0131n B\u00fcrosu\u2019ndan yap\u0131lan a\u00e7\u0131klamaya g\u00f6re, yer bilimci, deprem bilimci, sedimantoloji ile deniz jeolojisi uzman\u0131 ve akademisyen Prof. Dr. Naci G\u00f6r\u00fcr, Radyo Vatan\u2019dan Serkan Tetik\u2019in sorular\u0131n\u0131 yan\u0131tlad\u0131.<\/p>\n<p>\u201cK\u0131br\u0131s ve \u00e7evresinde b\u00fcy\u00fck bir deprem bekliyor musunuz?\u201d diye sorulmas\u0131 \u00fczerine G\u00f6r\u00fcr, 6 \u015eubat depremlerinin ard\u0131ndan yapt\u0131\u011f\u0131 uyar\u0131y\u0131 hat\u0131rlatt\u0131. G\u00f6r\u00fcr, \u201cBirincisi Hatay civar\u0131na dikkat edin demi\u015ftim yakla\u015f\u0131k 10 g\u00fcn sonra orada deprem oldu. Daha sonra Adana i\u00e7in bir uyar\u0131 yapm\u0131\u015ft\u0131m ancak orada baz\u0131 depremler ba\u015flad\u0131 ama bekledi\u011fimiz deprem hen\u00fcz olmad\u0131. Bunun yan\u0131nda K\u0131br\u0131s konusunda da uyar\u0131da bulundum. Hen\u00fcz K\u0131br\u0131s\u2019ta da bir deprem olmad\u0131.\u201d diye konu\u015ftu. K\u0131br\u0131s ile ilgili uyar\u0131lar\u0131n\u0131n ard\u0131ndan Ba\u015fbakan \u00dcnal \u00dcstel\u2019in kendisiyle bir g\u00f6r\u00fc\u015fme yapt\u0131\u011f\u0131n\u0131 ve kendisini K\u0131br\u0131s\u2019a davet etti\u011fini de anlatan Naci G\u00f6r\u00fcr, program\u0131 m\u00fcsait olmad\u0131\u011f\u0131 i\u00e7in gelemedi\u011fini de belirtti.<\/p>\n<p>K\u0131br\u0131s\u2019ta beklenen depremle ilgili tarih veya b\u00fcy\u00fckl\u00fck s\u00f6yleyemeyece\u011fini aktaran G\u00f6r\u00fcr, \u015f\u00f6yle konu\u015ftu:<\/p>\n<p>\u201c6 \u015eubat depremleri bir levha s\u0131n\u0131r\u0131nda olan depremlerdir. Bu hatt\u0131n do\u011fusunda Arap levhas\u0131 var bat\u0131s\u0131nda ise Anadolu levhas\u0131 ile Afrika levhas\u0131 var. Bunlar aras\u0131nda s\u0131n\u0131r olarak Do\u011fu Anadolu fay\u0131 ile \u00f6l\u00fcdeniz fay\u0131 dedi\u011fimiz faylar var. Bu faylar deprem \u00fcretti ve b\u00fcy\u00fck \u00f6l\u00e7\u00fcde de enerjilerini bo\u015faltt\u0131lar. Bu bo\u015faltma s\u0131ras\u0131nda ise enerjinin bir k\u0131sm\u0131n\u0131 transfer ettiler. Bu transferi de Malatya fay\u0131 ve Adana\u2019daki faylara do\u011fru transfer ederken do\u011fal olarak da bir k\u0131sm\u0131n\u0131 K\u0131br\u0131s\u2019\u0131n g\u00fcneyindeki dalma batma zonuna transfer ettiler. Anadolu levhas\u0131 g\u00fcneye, Arap levhas\u0131 ve Afrika levhas\u0131 Kuzeye hareket etti. Bu hareket s\u0131ras\u0131nda koca Anadolu g\u00fcney bat\u0131ya do\u011fru 8-10 metre ilerledi ve bu oradaki fay sistemlerine ister istemez bir y\u00fck bindirdi. Bu hareket sonucu o faylarda olabilecek depremin erken olmas\u0131 yani beklenen deprem \u00f6ne \u00e7ekilmi\u015ftir. \u0130\u015fte bu y\u00fczden Adana ve K\u0131br\u0131s\u2019a dikkat dedik. Do\u011fu Anadolu fay\u0131 do\u011frudan do\u011fruya K\u0131br\u0131s\u2019taki dalma batma zonu ile ili\u015fkilidir, ayn\u0131 sistemdir.\u201d<\/p>\n<p>\u2013 \u201cEninde sonunda bu deprem olacakt\u0131r\u201d<\/p>\n<p>K\u0131br\u0131s\u2019\u0131n g\u00fcneyinden ge\u00e7en Helen yay\u0131n\u0131n d\u00fcnyan\u0131n en tehlikeli fay sistemlerinden biri oldu\u011funu ve Endonezya\u2019daki fay sistemine benzedi\u011fini aktaran G\u00f6r\u00fcr, \u201cAyr\u0131ca Anadolu ile Afrika k\u0131smen \u00e7arp\u0131\u015fm\u0131\u015ft\u0131r, bu fay boyunca b\u00fcy\u00fck depremler meydana gelmi\u015ftir. Ge\u00e7en as\u0131rda bu depremler meydana gelmi\u015ftir. Bu fay zonu 7\u2019nin \u00fczerinde hatta 8 civar\u0131nda depremler \u00fcretebilir. Bunlar\u0131 \u00fcretti\u011fi zaman T\u00fcrkiye\u2019nin t\u00fcm g\u00fcney sahillerini ve K\u0131br\u0131s\u2019\u0131 etkiler. Bu b\u00f6lgelerde olu\u015fabilecek depremler birbirlerini etkileyebilir.\u201d ifadelerini kulland\u0131.<\/p>\n<p>Eninde sonunda bu depremin olaca\u011f\u0131n\u0131 belirterek, kentleri depreme diren\u00e7li yapman\u0131n \u00f6nemine i\u015faret eden Naci G\u00f6r\u00fcr, rant kayg\u0131s\u0131yla yerle\u015fim planlar\u0131 yap\u0131lmamas\u0131 gerekti\u011fini s\u00f6yledi, y\u00fcksek katl\u0131 bina yap\u0131lmas\u0131n\u0131n yanl\u0131\u015f oldu\u011funu vurgulad\u0131.<\/p>\n<p>Depremin T\u00fcrkiye\u2019nin oldu\u011fu kadar K\u0131br\u0131s\u2019\u0131n da kaderi oldu\u011funu ifade eden G\u00f6r\u00fcr, \u201cBundan ka\u00e7\u0131\u015f yoktur, depremden ka\u00e7amayaca\u011f\u0131m\u0131za g\u00f6re kentlerimizi y\u00f6netimin deprem diren\u00e7li bir ya\u015fam alan\u0131 olu\u015fturmas\u0131 gerekmektedir. Deprem geldi\u011fi zaman bu \u015fekilde depremi en hafif \u015fekilde atlatabiliriz.\u201d dedi.<\/p>\n<p>K\u0131br\u0131s\u2019ta b\u00fcy\u00fck depremler olabilece\u011fini yineleyen G\u00f6r\u00fcr, baz\u0131 faylar\u0131n tekerr\u00fcr periyodunun y\u00fcz sene, bin sene, iki bin sene olabilece\u011fini belirtti. G\u00f6r\u00fcr, \u201cDedenizin dedesi deprem g\u00f6rmeyebilir ama sizi deprem g\u00f6t\u00fcr\u00fcr herkes akl\u0131n\u0131 ba\u015f\u0131na als\u0131n. Deprem olmayaca\u011f\u0131n\u0131 d\u00fc\u015f\u00fcnmek cehalettir. Ge\u00e7en as\u0131rda o Helen yay\u0131nda \u00e7ok b\u00fcy\u00fck depremler olmu\u015ftur. S\u00f6zde bilim adamlar\u0131 kimseyi yan\u0131ltmas\u0131n.\u201d diye konu\u015ftu.<\/p>\n<p>\u201cAkdeniz\u2019de beklenen bir deprem K\u0131br\u0131s\u2019ta tsunamiye neden olur mu?\u201d diye sorulmas\u0131 \u00fczerine G\u00f6r\u00fcr, \u201cElbette olur kesinlikle bu sadece K\u0131br\u0131s i\u00e7in de\u011fil T\u00fcrkiye\u2019nin G\u00fcney k\u0131y\u0131lar\u0131 Antalya, Adana ve \u0130skenderun i\u00e7in de var. Son g\u00fcnlerde Akdeniz\u2019de olan depremler bahsetti\u011finiz faylar\u0131n olu\u015fturdu\u011fu depremler.\u201d yan\u0131t\u0131n\u0131 verdi.<\/p>\n<p>G\u00f6r\u00fcr, panik yapmadan her an deprem olacakm\u0131\u015f gibi haz\u0131rl\u0131kl\u0131 olmak gerekti\u011fini de vurgulad\u0131.<\/p>\n<\/p><\/div>\n<p><script async\n                    defer\n                    crossorigin=\"anonymous\"\n                    src=\"https:\/\/connect.facebook.net\/tr_TR\/sdk.js#xfbml=1&#038;version=v3.3\"\n            ><\/script><\/p>\n","protected":false},"excerpt":{"rendered":"<p>Bilim insan\u0131 Prof. Dr. Naci G\u00f6r\u00fcr, K\u0131br\u0131s\u2019\u0131n g\u00fcneyinden ge\u00e7en \u201cHelen yay\u0131n\u0131n\u201d d\u00fcnyan\u0131n en tehlikeli fay sistemlerinden biri oldu\u011funu belirterek, bu fay\u0131n 8 \u015fiddeti civar\u0131nda depremler \u00fcretebilece\u011fi uyar\u0131s\u0131nda bulundu. Sivil Savunma Te\u015fkilat\u0131 Ba\u015fkanl\u0131\u011f\u0131 Bas\u0131n B\u00fcrosu\u2019ndan yap\u0131lan a\u00e7\u0131klamaya g\u00f6re, yer bilimci, deprem bilimci, sedimantoloji ile deniz jeolojisi uzman\u0131 ve akademisyen Prof. Dr. Naci G\u00f6r\u00fcr, Radyo Vatan\u2019dan Serkan [&hellip;]<\/p>\n","protected":false},"author":1,"featured_media":15106,"comment_status":"open","ping_status":"open","sticky":false,"template":"","format":"standard","meta":{"jnews-multi-image_gallery":[],"jnews_single_post":[],"jnews_primary_category":[],"jnews_social_meta":[],"jnews_override_counter":[],"footnotes":""},"categories":[5],"tags":[],"class_list":["post-15105","post","type-post","status-publish","format-standard","has-post-thumbnail","hentry","category-turkiye"],"yoast_head":"<!-- This site is optimized with the Yoast SEO plugin v27.4 - https:\/\/yoast.com\/product\/yoast-seo-wordpress\/ -->\n<title>Prof. Dr. Naci G\u00f6r\u00fcr: \u201cK\u0131br\u0131s\u2019\u0131n g\u00fcneyinden ge\u00e7en fay sistemi 8 civar\u0131nda depremler \u00fcretebilir\u201d - Kuzeyin Sesi<\/title>\n<meta name=\"robots\" content=\"index, follow, max-snippet:-1, max-image-preview:large, max-video-preview:-1\" \/>\n<link rel=\"canonical\" href=\"https:\/\/kuzeyinsesi.org\/index.php\/2024\/12\/06\/prof-dr-naci-gorur-kibrisin-guneyinden-gecen-fay-sistemi-8-civarinda-depremler-uretebilir\/\" \/>\n<meta property=\"og:locale\" content=\"tr_TR\" \/>\n<meta property=\"og:type\" content=\"article\" \/>\n<meta property=\"og:title\" content=\"Prof. Dr. Naci G\u00f6r\u00fcr: \u201cK\u0131br\u0131s\u2019\u0131n g\u00fcneyinden ge\u00e7en fay sistemi 8 civar\u0131nda depremler \u00fcretebilir\u201d - Kuzeyin Sesi\" \/>\n<meta property=\"og:description\" content=\"Bilim insan\u0131 Prof. Dr. Naci G\u00f6r\u00fcr, K\u0131br\u0131s\u2019\u0131n g\u00fcneyinden ge\u00e7en \u201cHelen yay\u0131n\u0131n\u201d d\u00fcnyan\u0131n en tehlikeli fay sistemlerinden biri oldu\u011funu belirterek, bu fay\u0131n 8 \u015fiddeti civar\u0131nda depremler \u00fcretebilece\u011fi uyar\u0131s\u0131nda bulundu. Sivil Savunma Te\u015fkilat\u0131 Ba\u015fkanl\u0131\u011f\u0131 Bas\u0131n B\u00fcrosu\u2019ndan yap\u0131lan a\u00e7\u0131klamaya g\u00f6re, yer bilimci, deprem bilimci, sedimantoloji ile deniz jeolojisi uzman\u0131 ve akademisyen Prof. Dr. Naci G\u00f6r\u00fcr, Radyo Vatan\u2019dan Serkan [&hellip;]\" \/>\n<meta property=\"og:url\" content=\"https:\/\/kuzeyinsesi.org\/index.php\/2024\/12\/06\/prof-dr-naci-gorur-kibrisin-guneyinden-gecen-fay-sistemi-8-civarinda-depremler-uretebilir\/\" \/>\n<meta property=\"og:site_name\" content=\"Kuzeyin Sesi\" \/>\n<meta property=\"article:publisher\" content=\"https:\/\/www.facebook.com\/kuzeyinsesii\" \/>\n<meta property=\"article:published_time\" content=\"2024-12-06T16:10:36+00:00\" \/>\n<meta property=\"og:image\" content=\"https:\/\/brtk.net\/wp-content\/uploads\/2024\/12\/06\/naci-gorur.webp?ver=0ddd7be3171dad46672f75181eb56774\" \/>\n<meta name=\"author\" content=\"Kuzeyin Sesi\" \/>\n<meta name=\"twitter:card\" content=\"summary_large_image\" \/>\n<meta name=\"twitter:creator\" content=\"@kuzeyinsesii\" \/>\n<meta name=\"twitter:site\" content=\"@kuzeyinsesii\" \/>\n<meta name=\"twitter:label1\" content=\"Yazan:\" \/>\n\t<meta name=\"twitter:data1\" content=\"Kuzeyin Sesi\" \/>\n\t<meta name=\"twitter:label2\" content=\"Tahmini okuma s\u00fcresi\" \/>\n\t<meta name=\"twitter:data2\" content=\"4 dakika\" \/>\n<script type=\"application\/ld+json\" class=\"yoast-schema-graph\">{\"@context\":\"https:\\\/\\\/schema.org\",\"@graph\":[{\"@type\":\"Article\",\"@id\":\"https:\\\/\\\/kuzeyinsesi.org\\\/index.php\\\/2024\\\/12\\\/06\\\/prof-dr-naci-gorur-kibrisin-guneyinden-gecen-fay-sistemi-8-civarinda-depremler-uretebilir\\\/#article\",\"isPartOf\":{\"@id\":\"https:\\\/\\\/kuzeyinsesi.org\\\/index.php\\\/2024\\\/12\\\/06\\\/prof-dr-naci-gorur-kibrisin-guneyinden-gecen-fay-sistemi-8-civarinda-depremler-uretebilir\\\/\"},\"author\":{\"name\":\"Kuzeyin Sesi\",\"@id\":\"https:\\\/\\\/kuzeyinsesi.org\\\/#\\\/schema\\\/person\\\/9f859689cdf01485597712386e37f5aa\"},\"headline\":\"Prof. Dr. Naci G\u00f6r\u00fcr: \u201cK\u0131br\u0131s\u2019\u0131n g\u00fcneyinden ge\u00e7en fay sistemi 8 civar\u0131nda depremler \u00fcretebilir\u201d\",\"datePublished\":\"2024-12-06T16:10:36+00:00\",\"mainEntityOfPage\":{\"@id\":\"https:\\\/\\\/kuzeyinsesi.org\\\/index.php\\\/2024\\\/12\\\/06\\\/prof-dr-naci-gorur-kibrisin-guneyinden-gecen-fay-sistemi-8-civarinda-depremler-uretebilir\\\/\"},\"wordCount\":842,\"commentCount\":0,\"image\":{\"@id\":\"https:\\\/\\\/kuzeyinsesi.org\\\/index.php\\\/2024\\\/12\\\/06\\\/prof-dr-naci-gorur-kibrisin-guneyinden-gecen-fay-sistemi-8-civarinda-depremler-uretebilir\\\/#primaryimage\"},\"thumbnailUrl\":\"https:\\\/\\\/kuzeyinsesi.org\\\/wp-content\\\/uploads\\\/2024\\\/12\\\/naci-gorur.webp.webp\",\"articleSection\":[\"T\u00fcrkiye\"],\"inLanguage\":\"tr\",\"potentialAction\":[{\"@type\":\"CommentAction\",\"name\":\"Comment\",\"target\":[\"https:\\\/\\\/kuzeyinsesi.org\\\/index.php\\\/2024\\\/12\\\/06\\\/prof-dr-naci-gorur-kibrisin-guneyinden-gecen-fay-sistemi-8-civarinda-depremler-uretebilir\\\/#respond\"]}]},{\"@type\":\"WebPage\",\"@id\":\"https:\\\/\\\/kuzeyinsesi.org\\\/index.php\\\/2024\\\/12\\\/06\\\/prof-dr-naci-gorur-kibrisin-guneyinden-gecen-fay-sistemi-8-civarinda-depremler-uretebilir\\\/\",\"url\":\"https:\\\/\\\/kuzeyinsesi.org\\\/index.php\\\/2024\\\/12\\\/06\\\/prof-dr-naci-gorur-kibrisin-guneyinden-gecen-fay-sistemi-8-civarinda-depremler-uretebilir\\\/\",\"name\":\"Prof. Dr. Naci G\u00f6r\u00fcr: \u201cK\u0131br\u0131s\u2019\u0131n g\u00fcneyinden ge\u00e7en fay sistemi 8 civar\u0131nda depremler \u00fcretebilir\u201d - Kuzeyin Sesi\",\"isPartOf\":{\"@id\":\"https:\\\/\\\/kuzeyinsesi.org\\\/#website\"},\"primaryImageOfPage\":{\"@id\":\"https:\\\/\\\/kuzeyinsesi.org\\\/index.php\\\/2024\\\/12\\\/06\\\/prof-dr-naci-gorur-kibrisin-guneyinden-gecen-fay-sistemi-8-civarinda-depremler-uretebilir\\\/#primaryimage\"},\"image\":{\"@id\":\"https:\\\/\\\/kuzeyinsesi.org\\\/index.php\\\/2024\\\/12\\\/06\\\/prof-dr-naci-gorur-kibrisin-guneyinden-gecen-fay-sistemi-8-civarinda-depremler-uretebilir\\\/#primaryimage\"},\"thumbnailUrl\":\"https:\\\/\\\/kuzeyinsesi.org\\\/wp-content\\\/uploads\\\/2024\\\/12\\\/naci-gorur.webp.webp\",\"datePublished\":\"2024-12-06T16:10:36+00:00\",\"author\":{\"@id\":\"https:\\\/\\\/kuzeyinsesi.org\\\/#\\\/schema\\\/person\\\/9f859689cdf01485597712386e37f5aa\"},\"breadcrumb\":{\"@id\":\"https:\\\/\\\/kuzeyinsesi.org\\\/index.php\\\/2024\\\/12\\\/06\\\/prof-dr-naci-gorur-kibrisin-guneyinden-gecen-fay-sistemi-8-civarinda-depremler-uretebilir\\\/#breadcrumb\"},\"inLanguage\":\"tr\",\"potentialAction\":[{\"@type\":\"ReadAction\",\"target\":[\"https:\\\/\\\/kuzeyinsesi.org\\\/index.php\\\/2024\\\/12\\\/06\\\/prof-dr-naci-gorur-kibrisin-guneyinden-gecen-fay-sistemi-8-civarinda-depremler-uretebilir\\\/\"]}]},{\"@type\":\"ImageObject\",\"inLanguage\":\"tr\",\"@id\":\"https:\\\/\\\/kuzeyinsesi.org\\\/index.php\\\/2024\\\/12\\\/06\\\/prof-dr-naci-gorur-kibrisin-guneyinden-gecen-fay-sistemi-8-civarinda-depremler-uretebilir\\\/#primaryimage\",\"url\":\"https:\\\/\\\/kuzeyinsesi.org\\\/wp-content\\\/uploads\\\/2024\\\/12\\\/naci-gorur.webp.webp\",\"contentUrl\":\"https:\\\/\\\/kuzeyinsesi.org\\\/wp-content\\\/uploads\\\/2024\\\/12\\\/naci-gorur.webp.webp\",\"width\":1280,\"height\":720},{\"@type\":\"BreadcrumbList\",\"@id\":\"https:\\\/\\\/kuzeyinsesi.org\\\/index.php\\\/2024\\\/12\\\/06\\\/prof-dr-naci-gorur-kibrisin-guneyinden-gecen-fay-sistemi-8-civarinda-depremler-uretebilir\\\/#breadcrumb\",\"itemListElement\":[{\"@type\":\"ListItem\",\"position\":1,\"name\":\"Anasayfa\",\"item\":\"https:\\\/\\\/kuzeyinsesi.org\\\/\"},{\"@type\":\"ListItem\",\"position\":2,\"name\":\"Prof. Dr. Naci G\u00f6r\u00fcr: \u201cK\u0131br\u0131s\u2019\u0131n g\u00fcneyinden ge\u00e7en fay sistemi 8 civar\u0131nda depremler \u00fcretebilir\u201d\"}]},{\"@type\":\"WebSite\",\"@id\":\"https:\\\/\\\/kuzeyinsesi.org\\\/#website\",\"url\":\"https:\\\/\\\/kuzeyinsesi.org\\\/\",\"name\":\"Kuzeyin Sesi\",\"description\":\"Do\u011fru Haberin Adresi\",\"potentialAction\":[{\"@type\":\"SearchAction\",\"target\":{\"@type\":\"EntryPoint\",\"urlTemplate\":\"https:\\\/\\\/kuzeyinsesi.org\\\/?s={search_term_string}\"},\"query-input\":{\"@type\":\"PropertyValueSpecification\",\"valueRequired\":true,\"valueName\":\"search_term_string\"}}],\"inLanguage\":\"tr\"},{\"@type\":\"Person\",\"@id\":\"https:\\\/\\\/kuzeyinsesi.org\\\/#\\\/schema\\\/person\\\/9f859689cdf01485597712386e37f5aa\",\"name\":\"Kuzeyin Sesi\",\"image\":{\"@type\":\"ImageObject\",\"inLanguage\":\"tr\",\"@id\":\"https:\\\/\\\/secure.gravatar.com\\\/avatar\\\/bab33852abfd8b282518d6ed81826833d77c3c882d9ab608add591ccace47a44?s=96&d=mm&r=g\",\"url\":\"https:\\\/\\\/secure.gravatar.com\\\/avatar\\\/bab33852abfd8b282518d6ed81826833d77c3c882d9ab608add591ccace47a44?s=96&d=mm&r=g\",\"contentUrl\":\"https:\\\/\\\/secure.gravatar.com\\\/avatar\\\/bab33852abfd8b282518d6ed81826833d77c3c882d9ab608add591ccace47a44?s=96&d=mm&r=g\",\"caption\":\"Kuzeyin Sesi\"},\"sameAs\":[\"https:\\\/\\\/kuzeyinsesi.org\"],\"url\":\"https:\\\/\\\/kuzeyinsesi.org\\\/index.php\\\/author\\\/guven\\\/\"}]}<\/script>\n<!-- \/ Yoast SEO plugin. -->","yoast_head_json":{"title":"Prof. Dr. Naci G\u00f6r\u00fcr: \u201cK\u0131br\u0131s\u2019\u0131n g\u00fcneyinden ge\u00e7en fay sistemi 8 civar\u0131nda depremler \u00fcretebilir\u201d - Kuzeyin Sesi","robots":{"index":"index","follow":"follow","max-snippet":"max-snippet:-1","max-image-preview":"max-image-preview:large","max-video-preview":"max-video-preview:-1"},"canonical":"https:\/\/kuzeyinsesi.org\/index.php\/2024\/12\/06\/prof-dr-naci-gorur-kibrisin-guneyinden-gecen-fay-sistemi-8-civarinda-depremler-uretebilir\/","og_locale":"tr_TR","og_type":"article","og_title":"Prof. Dr. Naci G\u00f6r\u00fcr: \u201cK\u0131br\u0131s\u2019\u0131n g\u00fcneyinden ge\u00e7en fay sistemi 8 civar\u0131nda depremler \u00fcretebilir\u201d - Kuzeyin Sesi","og_description":"Bilim insan\u0131 Prof. Dr. Naci G\u00f6r\u00fcr, K\u0131br\u0131s\u2019\u0131n g\u00fcneyinden ge\u00e7en \u201cHelen yay\u0131n\u0131n\u201d d\u00fcnyan\u0131n en tehlikeli fay sistemlerinden biri oldu\u011funu belirterek, bu fay\u0131n 8 \u015fiddeti civar\u0131nda depremler \u00fcretebilece\u011fi uyar\u0131s\u0131nda bulundu. Sivil Savunma Te\u015fkilat\u0131 Ba\u015fkanl\u0131\u011f\u0131 Bas\u0131n B\u00fcrosu\u2019ndan yap\u0131lan a\u00e7\u0131klamaya g\u00f6re, yer bilimci, deprem bilimci, sedimantoloji ile deniz jeolojisi uzman\u0131 ve akademisyen Prof. Dr. Naci G\u00f6r\u00fcr, Radyo Vatan\u2019dan Serkan [&hellip;]","og_url":"https:\/\/kuzeyinsesi.org\/index.php\/2024\/12\/06\/prof-dr-naci-gorur-kibrisin-guneyinden-gecen-fay-sistemi-8-civarinda-depremler-uretebilir\/","og_site_name":"Kuzeyin Sesi","article_publisher":"https:\/\/www.facebook.com\/kuzeyinsesii","article_published_time":"2024-12-06T16:10:36+00:00","og_image":[{"url":"https:\/\/brtk.net\/wp-content\/uploads\/2024\/12\/06\/naci-gorur.webp?ver=0ddd7be3171dad46672f75181eb56774","type":"","width":"","height":""}],"author":"Kuzeyin Sesi","twitter_card":"summary_large_image","twitter_creator":"@kuzeyinsesii","twitter_site":"@kuzeyinsesii","twitter_misc":{"Yazan:":"Kuzeyin Sesi","Tahmini okuma s\u00fcresi":"4 dakika"},"schema":{"@context":"https:\/\/schema.org","@graph":[{"@type":"Article","@id":"https:\/\/kuzeyinsesi.org\/index.php\/2024\/12\/06\/prof-dr-naci-gorur-kibrisin-guneyinden-gecen-fay-sistemi-8-civarinda-depremler-uretebilir\/#article","isPartOf":{"@id":"https:\/\/kuzeyinsesi.org\/index.php\/2024\/12\/06\/prof-dr-naci-gorur-kibrisin-guneyinden-gecen-fay-sistemi-8-civarinda-depremler-uretebilir\/"},"author":{"name":"Kuzeyin Sesi","@id":"https:\/\/kuzeyinsesi.org\/#\/schema\/person\/9f859689cdf01485597712386e37f5aa"},"headline":"Prof. Dr. Naci G\u00f6r\u00fcr: \u201cK\u0131br\u0131s\u2019\u0131n g\u00fcneyinden ge\u00e7en fay sistemi 8 civar\u0131nda depremler \u00fcretebilir\u201d","datePublished":"2024-12-06T16:10:36+00:00","mainEntityOfPage":{"@id":"https:\/\/kuzeyinsesi.org\/index.php\/2024\/12\/06\/prof-dr-naci-gorur-kibrisin-guneyinden-gecen-fay-sistemi-8-civarinda-depremler-uretebilir\/"},"wordCount":842,"commentCount":0,"image":{"@id":"https:\/\/kuzeyinsesi.org\/index.php\/2024\/12\/06\/prof-dr-naci-gorur-kibrisin-guneyinden-gecen-fay-sistemi-8-civarinda-depremler-uretebilir\/#primaryimage"},"thumbnailUrl":"https:\/\/kuzeyinsesi.org\/wp-content\/uploads\/2024\/12\/naci-gorur.webp.webp","articleSection":["T\u00fcrkiye"],"inLanguage":"tr","potentialAction":[{"@type":"CommentAction","name":"Comment","target":["https:\/\/kuzeyinsesi.org\/index.php\/2024\/12\/06\/prof-dr-naci-gorur-kibrisin-guneyinden-gecen-fay-sistemi-8-civarinda-depremler-uretebilir\/#respond"]}]},{"@type":"WebPage","@id":"https:\/\/kuzeyinsesi.org\/index.php\/2024\/12\/06\/prof-dr-naci-gorur-kibrisin-guneyinden-gecen-fay-sistemi-8-civarinda-depremler-uretebilir\/","url":"https:\/\/kuzeyinsesi.org\/index.php\/2024\/12\/06\/prof-dr-naci-gorur-kibrisin-guneyinden-gecen-fay-sistemi-8-civarinda-depremler-uretebilir\/","name":"Prof. Dr. Naci G\u00f6r\u00fcr: \u201cK\u0131br\u0131s\u2019\u0131n g\u00fcneyinden ge\u00e7en fay sistemi 8 civar\u0131nda depremler \u00fcretebilir\u201d - Kuzeyin Sesi","isPartOf":{"@id":"https:\/\/kuzeyinsesi.org\/#website"},"primaryImageOfPage":{"@id":"https:\/\/kuzeyinsesi.org\/index.php\/2024\/12\/06\/prof-dr-naci-gorur-kibrisin-guneyinden-gecen-fay-sistemi-8-civarinda-depremler-uretebilir\/#primaryimage"},"image":{"@id":"https:\/\/kuzeyinsesi.org\/index.php\/2024\/12\/06\/prof-dr-naci-gorur-kibrisin-guneyinden-gecen-fay-sistemi-8-civarinda-depremler-uretebilir\/#primaryimage"},"thumbnailUrl":"https:\/\/kuzeyinsesi.org\/wp-content\/uploads\/2024\/12\/naci-gorur.webp.webp","datePublished":"2024-12-06T16:10:36+00:00","author":{"@id":"https:\/\/kuzeyinsesi.org\/#\/schema\/person\/9f859689cdf01485597712386e37f5aa"},"breadcrumb":{"@id":"https:\/\/kuzeyinsesi.org\/index.php\/2024\/12\/06\/prof-dr-naci-gorur-kibrisin-guneyinden-gecen-fay-sistemi-8-civarinda-depremler-uretebilir\/#breadcrumb"},"inLanguage":"tr","potentialAction":[{"@type":"ReadAction","target":["https:\/\/kuzeyinsesi.org\/index.php\/2024\/12\/06\/prof-dr-naci-gorur-kibrisin-guneyinden-gecen-fay-sistemi-8-civarinda-depremler-uretebilir\/"]}]},{"@type":"ImageObject","inLanguage":"tr","@id":"https:\/\/kuzeyinsesi.org\/index.php\/2024\/12\/06\/prof-dr-naci-gorur-kibrisin-guneyinden-gecen-fay-sistemi-8-civarinda-depremler-uretebilir\/#primaryimage","url":"https:\/\/kuzeyinsesi.org\/wp-content\/uploads\/2024\/12\/naci-gorur.webp.webp","contentUrl":"https:\/\/kuzeyinsesi.org\/wp-content\/uploads\/2024\/12\/naci-gorur.webp.webp","width":1280,"height":720},{"@type":"BreadcrumbList","@id":"https:\/\/kuzeyinsesi.org\/index.php\/2024\/12\/06\/prof-dr-naci-gorur-kibrisin-guneyinden-gecen-fay-sistemi-8-civarinda-depremler-uretebilir\/#breadcrumb","itemListElement":[{"@type":"ListItem","position":1,"name":"Anasayfa","item":"https:\/\/kuzeyinsesi.org\/"},{"@type":"ListItem","position":2,"name":"Prof. Dr. Naci G\u00f6r\u00fcr: \u201cK\u0131br\u0131s\u2019\u0131n g\u00fcneyinden ge\u00e7en fay sistemi 8 civar\u0131nda depremler \u00fcretebilir\u201d"}]},{"@type":"WebSite","@id":"https:\/\/kuzeyinsesi.org\/#website","url":"https:\/\/kuzeyinsesi.org\/","name":"Kuzeyin Sesi","description":"Do\u011fru Haberin Adresi","potentialAction":[{"@type":"SearchAction","target":{"@type":"EntryPoint","urlTemplate":"https:\/\/kuzeyinsesi.org\/?s={search_term_string}"},"query-input":{"@type":"PropertyValueSpecification","valueRequired":true,"valueName":"search_term_string"}}],"inLanguage":"tr"},{"@type":"Person","@id":"https:\/\/kuzeyinsesi.org\/#\/schema\/person\/9f859689cdf01485597712386e37f5aa","name":"Kuzeyin Sesi","image":{"@type":"ImageObject","inLanguage":"tr","@id":"https:\/\/secure.gravatar.com\/avatar\/bab33852abfd8b282518d6ed81826833d77c3c882d9ab608add591ccace47a44?s=96&d=mm&r=g","url":"https:\/\/secure.gravatar.com\/avatar\/bab33852abfd8b282518d6ed81826833d77c3c882d9ab608add591ccace47a44?s=96&d=mm&r=g","contentUrl":"https:\/\/secure.gravatar.com\/avatar\/bab33852abfd8b282518d6ed81826833d77c3c882d9ab608add591ccace47a44?s=96&d=mm&r=g","caption":"Kuzeyin Sesi"},"sameAs":["https:\/\/kuzeyinsesi.org"],"url":"https:\/\/kuzeyinsesi.org\/index.php\/author\/guven\/"}]}},"_links":{"self":[{"href":"https:\/\/kuzeyinsesi.org\/index.php\/wp-json\/wp\/v2\/posts\/15105","targetHints":{"allow":["GET"]}}],"collection":[{"href":"https:\/\/kuzeyinsesi.org\/index.php\/wp-json\/wp\/v2\/posts"}],"about":[{"href":"https:\/\/kuzeyinsesi.org\/index.php\/wp-json\/wp\/v2\/types\/post"}],"author":[{"embeddable":true,"href":"https:\/\/kuzeyinsesi.org\/index.php\/wp-json\/wp\/v2\/users\/1"}],"replies":[{"embeddable":true,"href":"https:\/\/kuzeyinsesi.org\/index.php\/wp-json\/wp\/v2\/comments?post=15105"}],"version-history":[{"count":0,"href":"https:\/\/kuzeyinsesi.org\/index.php\/wp-json\/wp\/v2\/posts\/15105\/revisions"}],"wp:featuredmedia":[{"embeddable":true,"href":"https:\/\/kuzeyinsesi.org\/index.php\/wp-json\/wp\/v2\/media\/15106"}],"wp:attachment":[{"href":"https:\/\/kuzeyinsesi.org\/index.php\/wp-json\/wp\/v2\/media?parent=15105"}],"wp:term":[{"taxonomy":"category","embeddable":true,"href":"https:\/\/kuzeyinsesi.org\/index.php\/wp-json\/wp\/v2\/categories?post=15105"},{"taxonomy":"post_tag","embeddable":true,"href":"https:\/\/kuzeyinsesi.org\/index.php\/wp-json\/wp\/v2\/tags?post=15105"}],"curies":[{"name":"wp","href":"https:\/\/api.w.org\/{rel}","templated":true}]}}