{"id":15101,"date":"2024-12-06T17:58:10","date_gmt":"2024-12-06T15:58:10","guid":{"rendered":"https:\/\/kuzeyinsesi.org\/index.php\/2024\/12\/06\/agitin-yeni-genel-sekreteri-emekli-buyukelci-feridun-sinirlioglu\/"},"modified":"2024-12-06T17:58:10","modified_gmt":"2024-12-06T15:58:10","slug":"agitin-yeni-genel-sekreteri-emekli-buyukelci-feridun-sinirlioglu","status":"publish","type":"post","link":"https:\/\/kuzeyinsesi.org\/index.php\/2024\/12\/06\/agitin-yeni-genel-sekreteri-emekli-buyukelci-feridun-sinirlioglu\/","title":{"rendered":"AG\u0130T\u2019in yeni Genel Sekreteri Emekli B\u00fcy\u00fckel\u00e7i Feridun Sinirlio\u011flu"},"content":{"rendered":"<div>\n<div class=\"mariselle-image-container center\">\n                                            <\/div>\n<p>Avrupa G\u00fcvenlik ve \u0130\u015fbirli\u011fi Te\u015fkilat\u0131n\u0131n (AG\u0130T) Genel Sekreterli\u011fi g\u00f6revine T\u00fcrkiye\u2019nin aday\u0131 Emekli B\u00fcy\u00fckel\u00e7i Feridun Sinirlio\u011flu se\u00e7ildi.<\/p>\n<p>Diplomatik kaynaklardan edinilen bilgiye g\u00f6re, D\u0131\u015fi\u015fleri Bakan\u0131 Hakan Fidan\u2019\u0131n kat\u0131ld\u0131\u011f\u0131, 5-6 Aral\u0131k\u2019ta Malta\u2019da d\u00fczenlenen AG\u0130T 31. Bakanlar Konseyi Toplant\u0131s\u0131\u2019nda eyl\u00fclden bu yana m\u00fcnhal durumda olan AG\u0130T Genel Sekreterli\u011fi g\u00f6revine Emekli B\u00fcy\u00fckel\u00e7i Sinirlio\u011flu\u2019nun se\u00e7ilmesi kararla\u015ft\u0131r\u0131ld\u0131.<\/p>\n<p>B\u00fcy\u00fckel\u00e7i Sinirlio\u011flu, Te\u015fkilat\u0131n temelini olu\u015fturan 1975 Helsinki Nihai Senedi\u2019nin 50 y\u0131ll\u0131k tarihinde AG\u0130T Genel Sekreterli\u011fi g\u00f6revini \u00fcstlenen ilk T\u00fcrk vatanda\u015f\u0131 oldu.<\/p>\n<p>Karar, Kuzey Amerika, Avrupa ve Asya k\u0131talar\u0131ndan 57 kat\u0131l\u0131mc\u0131 \u00fcyenin onay\u0131yla al\u0131nd\u0131. Genel Sekreter, AG\u0130T \u00fcyeleri taraf\u0131ndan \u00fc\u00e7 y\u0131ll\u0131\u011f\u0131na se\u00e7iliyor.<\/p>\n<p>B\u00fcy\u00fckel\u00e7i Sinirlio\u011flu\u2019nun AG\u0130T Genel Sekreteri olarak atanmas\u0131na giden s\u00fcre\u00e7te T\u00fcrkiye taraf\u0131ndan yo\u011fun ve titiz diplomatik \u00e7abalar y\u00fcr\u00fct\u00fcld\u00fc.<\/p>\n<p>\u2013 \u00dcyelerin T\u00fcrkiye\u2019nin aday\u0131 \u00fczerinde anla\u015fmas\u0131, T\u00fcrkiye\u2019ye olan g\u00fcveni yans\u0131t\u0131yor<\/p>\n<p>Rusya\u2019n\u0131n Ukrayna\u2019y\u0131 i\u015fgalinin ard\u0131ndan AG\u0130T\u2019te karar alma s\u00fcre\u00e7leri tamamen t\u0131kan\u0131rken, Bat\u0131l\u0131 ve Do\u011fulu \u00fclkeler aras\u0131nda temel konularda herhangi bir uzla\u015f\u0131ya var\u0131lam\u0131yor.<\/p>\n<p>Bir \u00f6nceki Genel Sekreter\u2019in g\u00f6rev s\u00fcresinin 2023\u2019te dolmas\u0131na kar\u015f\u0131n, \u00fclkelerin herhangi bir isim \u00fczerinde anla\u015famamas\u0131 nedeniyle yerine yeni Genel Sekreter atanamam\u0131\u015f ve g\u00f6rev s\u00fcresi dokuz ayl\u0131\u011f\u0131na uzat\u0131lm\u0131\u015ft\u0131. Bu bak\u0131mdan, t\u00fcm \u00fcyelerin T\u00fcrkiye\u2019nin aday\u0131 \u00fczerinde anla\u015fmas\u0131, T\u00fcrkiye\u2019ye olan g\u00fcveni yans\u0131t\u0131yor.<\/p>\n<p>T\u00fcrkiye\u2019nin s\u0131cak \u00e7at\u0131\u015fmalar ve s\u00fcr\u00fcncemede b\u0131rak\u0131lm\u0131\u015f ihtilaflar\u0131n var oldu\u011fu AG\u0130T co\u011frafyas\u0131nda, krizlerin \u00e7\u00f6z\u00fcm\u00fcne y\u00f6nelik sergiledi\u011fi aktif ve yap\u0131c\u0131 diplomatik \u00e7abalar\u0131n ehemmiyeti de bu atamayla beraber uluslararas\u0131 toplum taraf\u0131ndan da teslim edildi.<\/p>\n<p>B\u00fcy\u00fckel\u00e7i Sinirlio\u011flu\u2019nun Genel Sekreterlik g\u00f6revi s\u00fcresince, Avrupa\u2019da g\u00fcvenlik mimarisinin temellerinin korunmas\u0131 ba\u015fta olmak \u00fczere, k\u00fcresel bar\u0131\u015f ve istikrar\u0131 ilgilendiren bir\u00e7ok kritik konu g\u00fcndemde olacak.<\/p>\n<p>\u0130lerleyen d\u00f6nemde Rusya ile Ukrayna aras\u0131nda bar\u0131\u015f g\u00f6r\u00fc\u015fmeleri ba\u015flamas\u0131 durumunda, AG\u0130T\u2019in \u00f6nemli bir rol \u00fcstlenmesi muhtemel bir durum olarak g\u00f6r\u00fcl\u00fcrken, B\u00fcy\u00fckel\u00e7i Sinirlio\u011flu\u2019nun ayn\u0131 zamanda AG\u0130T\u2019in etkinli\u011finin g\u00fc\u00e7lendirilmesini teminen \u00e7aba sarf etmesi bekleniyor.<\/p>\n<p>\u2013 Avrupa G\u00fcvenlik ve \u0130\u015fbirli\u011fi Te\u015fkilat\u0131<\/p>\n<p>AG\u0130T, So\u011fuk Sava\u015f d\u00f6neminde Do\u011fu ve Bat\u0131 Bloklar\u0131 aras\u0131nda d\u00fczenli diyalog tesis etmek suretiyle gerginli\u011fi ve anla\u015fmazl\u0131k noktalar\u0131n\u0131 azaltmak amac\u0131yla bir m\u00fczakere forumu ve konferanslar diplomasisi olarak ortaya \u00e7\u0131kt\u0131.<\/p>\n<p>1970\u2019li y\u0131llarda Bat\u0131\u2019n\u0131n \u201ckar\u015f\u0131l\u0131kl\u0131 ve dengeli kuvvet indirimleri\u201d m\u00fczakerelerine ba\u015flanmas\u0131 y\u00f6n\u00fcndeki \u00f6nerisinin Do\u011fu Blo\u011fu taraf\u0131ndan kabul edilmesi \u00fczerine, 1973\u2019te Helsinki\u2019de ba\u015flayan Avrupa G\u00fcvenlik ve \u0130\u015fbirli\u011fi Konferans\u0131 (AG\u0130K) s\u00fcreci sonucunda Helsinki Nihai Senedi 33 Avrupa \u00fclkesi ile ABD ve Kanada taraf\u0131ndan 1975\u2019te imzaland\u0131.<\/p>\n<p>Sovyetler Birli\u011fi\u2019nin 1990\u2019lar\u0131n ba\u015f\u0131nda da\u011f\u0131lmas\u0131 ve ideolojik kampla\u015fman\u0131n son bulmas\u0131yla kurulu\u015f amac\u0131 bir \u00f6l\u00e7\u00fcde ortadan kalkan AG\u0130K, yeni d\u00f6nemin risk ve tehditlerine kar\u015f\u0131 bir uyum s\u00fcrecine girdi. Bu s\u00fcre\u00e7te AG\u0130K, demokratikle\u015fme ve insan haklar\u0131n\u0131n izlenmesi gibi i\u015flevlerine ilaveten, erken uyar\u0131, \u00e7at\u0131\u015fmalar\u0131n \u00f6nlenmesi, kriz y\u00f6netimi ve \u00e7at\u0131\u015fma sonras\u0131 rehabilitasyon alanlar\u0131nda di\u011fer uluslararas\u0131 ve b\u00f6lgesel kurulu\u015flara g\u00f6re \u00f6ne \u00e7\u0131kt\u0131.<\/p>\n<p>So\u011fuk Sava\u015f sonras\u0131 d\u00f6nemin siyasi ba\u015flang\u0131c\u0131n\u0131 olu\u015fturan 1990 Paris \u015eart\u0131\u2019yla, AG\u0130K\u2019in siyasi dan\u0131\u015fma mekanizmalar\u0131 ve bir dizi daimi organ arac\u0131l\u0131\u011f\u0131yla kurumsalla\u015fmas\u0131na karar verilirken, 1992 Helsinki Zirvesi\u2019nde, Te\u015fkilat\u0131n mevcut yap\u0131s\u0131n\u0131n temelleri at\u0131ld\u0131. AG\u0130K nihayet 1994 Budape\u015fte Zirvesi\u2019nde uluslararas\u0131 te\u015fkilata d\u00f6n\u00fc\u015ferek, Avrupa G\u00fcvenlik ve \u0130\u015fbirli\u011fi Te\u015fkilat\u0131 (AG\u0130T) ad\u0131n\u0131 ald\u0131.<\/p>\n<p>Te\u015fkilat, Kuzey Amerika, Avrupa, Balkanlar, Kafkasya ve Orta Asya \u00fclkelerini b\u00fcnyesinde bar\u0131nd\u0131ran yegane ve en b\u00fcy\u00fck b\u00f6lgesel g\u00fcvenlik forumu oldu.<\/p>\n<p>AG\u0130T\u2019in kurucu \u00fcyeleri aras\u0131nda yer alan T\u00fcrkiye, Te\u015fkilat\u0131n kapsay\u0131c\u0131 bir platform oldu\u011funa inan\u0131rken, Avrupa-Atlantik ve Avrasya\u2019daki g\u00fcvenlik s\u0131namalar\u0131n\u0131n artt\u0131\u011f\u0131 bir d\u00f6nemde, Te\u015fkilata daha fazla ihtiya\u00e7 duyuldu\u011funu vurguluyor.<\/p>\n<p>\u2013 B\u00fcy\u00fckel\u00e7i Feridun Sinirlio\u011flu kimdir?<\/p>\n<p>B\u00fcy\u00fckel\u00e7i Feridun Sinirlio\u011flu, uluslararas\u0131 ili\u015fkiler ve diplomasi alan\u0131nda 40 y\u0131l\u0131 a\u015fk\u0131n bir deneyime sahip.<\/p>\n<p>2015\u2019te kurulan ge\u00e7ici h\u00fck\u00fcmette D\u0131\u015fi\u015fleri Bakan\u0131, 2015-2016 ve 2009-2015 y\u0131llar\u0131nda D\u0131\u015fi\u015fleri Bakanl\u0131\u011f\u0131 M\u00fcste\u015far\u0131 olarak g\u00f6rev yapt\u0131. 2016-2023 y\u0131llar\u0131nda ise T\u00fcrkiye\u2019nin Birle\u015fmi\u015f Milletler Daimi Temsilcisi g\u00f6revini y\u00fcr\u00fctt\u00fc. 2023\u2019te BM Genel Sekreteri taraf\u0131ndan Afganistan Ba\u011f\u0131ms\u0131z De\u011ferlendirme \u00d6zel Koordinat\u00f6r\u00fc olarak atand\u0131.<\/p>\n<p>Bo\u011fazi\u00e7i \u00dcniversitesi Siyaset Bilimi ve Uluslararas\u0131 \u0130li\u015fkiler B\u00f6l\u00fcm\u00fc\u2019nden doktora derecesine sahip olan B\u00fcy\u00fckel\u00e7i Sinirlio\u011flu, lisans e\u011fitimini Ankara \u00dcniversitesi Siyasal Bilgiler Fak\u00fcltesi\u2019nde tamamlad\u0131.<\/p>\n<\/p><\/div>\n<p><script async\n                    defer\n                    crossorigin=\"anonymous\"\n                    src=\"https:\/\/connect.facebook.net\/tr_TR\/sdk.js#xfbml=1&#038;version=v3.3\"\n            ><\/script><\/p>\n","protected":false},"excerpt":{"rendered":"<p>Avrupa G\u00fcvenlik ve \u0130\u015fbirli\u011fi Te\u015fkilat\u0131n\u0131n (AG\u0130T) Genel Sekreterli\u011fi g\u00f6revine T\u00fcrkiye\u2019nin aday\u0131 Emekli B\u00fcy\u00fckel\u00e7i Feridun Sinirlio\u011flu se\u00e7ildi. Diplomatik kaynaklardan edinilen bilgiye g\u00f6re, D\u0131\u015fi\u015fleri Bakan\u0131 Hakan Fidan\u2019\u0131n kat\u0131ld\u0131\u011f\u0131, 5-6 Aral\u0131k\u2019ta Malta\u2019da d\u00fczenlenen AG\u0130T 31. Bakanlar Konseyi Toplant\u0131s\u0131\u2019nda eyl\u00fclden bu yana m\u00fcnhal durumda olan AG\u0130T Genel Sekreterli\u011fi g\u00f6revine Emekli B\u00fcy\u00fckel\u00e7i Sinirlio\u011flu\u2019nun se\u00e7ilmesi kararla\u015ft\u0131r\u0131ld\u0131. B\u00fcy\u00fckel\u00e7i Sinirlio\u011flu, Te\u015fkilat\u0131n temelini olu\u015fturan [&hellip;]<\/p>\n","protected":false},"author":1,"featured_media":15102,"comment_status":"open","ping_status":"open","sticky":false,"template":"","format":"standard","meta":{"jnews-multi-image_gallery":[],"jnews_single_post":[],"jnews_primary_category":[],"jnews_social_meta":[],"jnews_override_counter":[],"footnotes":""},"categories":[5],"tags":[],"class_list":["post-15101","post","type-post","status-publish","format-standard","has-post-thumbnail","hentry","category-turkiye"],"yoast_head":"<!-- This site is optimized with the Yoast SEO plugin v27.4 - https:\/\/yoast.com\/product\/yoast-seo-wordpress\/ -->\n<title>AG\u0130T\u2019in yeni Genel Sekreteri Emekli B\u00fcy\u00fckel\u00e7i Feridun Sinirlio\u011flu - Kuzeyin Sesi<\/title>\n<meta name=\"robots\" content=\"index, follow, max-snippet:-1, max-image-preview:large, max-video-preview:-1\" \/>\n<link rel=\"canonical\" href=\"https:\/\/kuzeyinsesi.org\/index.php\/2024\/12\/06\/agitin-yeni-genel-sekreteri-emekli-buyukelci-feridun-sinirlioglu\/\" \/>\n<meta property=\"og:locale\" content=\"tr_TR\" \/>\n<meta property=\"og:type\" content=\"article\" \/>\n<meta property=\"og:title\" content=\"AG\u0130T\u2019in yeni Genel Sekreteri Emekli B\u00fcy\u00fckel\u00e7i Feridun Sinirlio\u011flu - Kuzeyin Sesi\" \/>\n<meta property=\"og:description\" content=\"Avrupa G\u00fcvenlik ve \u0130\u015fbirli\u011fi Te\u015fkilat\u0131n\u0131n (AG\u0130T) Genel Sekreterli\u011fi g\u00f6revine T\u00fcrkiye\u2019nin aday\u0131 Emekli B\u00fcy\u00fckel\u00e7i Feridun Sinirlio\u011flu se\u00e7ildi. Diplomatik kaynaklardan edinilen bilgiye g\u00f6re, D\u0131\u015fi\u015fleri Bakan\u0131 Hakan Fidan\u2019\u0131n kat\u0131ld\u0131\u011f\u0131, 5-6 Aral\u0131k\u2019ta Malta\u2019da d\u00fczenlenen AG\u0130T 31. Bakanlar Konseyi Toplant\u0131s\u0131\u2019nda eyl\u00fclden bu yana m\u00fcnhal durumda olan AG\u0130T Genel Sekreterli\u011fi g\u00f6revine Emekli B\u00fcy\u00fckel\u00e7i Sinirlio\u011flu\u2019nun se\u00e7ilmesi kararla\u015ft\u0131r\u0131ld\u0131. B\u00fcy\u00fckel\u00e7i Sinirlio\u011flu, Te\u015fkilat\u0131n temelini olu\u015fturan [&hellip;]\" \/>\n<meta property=\"og:url\" content=\"https:\/\/kuzeyinsesi.org\/index.php\/2024\/12\/06\/agitin-yeni-genel-sekreteri-emekli-buyukelci-feridun-sinirlioglu\/\" \/>\n<meta property=\"og:site_name\" content=\"Kuzeyin Sesi\" \/>\n<meta property=\"article:publisher\" content=\"https:\/\/www.facebook.com\/kuzeyinsesii\" \/>\n<meta property=\"article:published_time\" content=\"2024-12-06T15:58:10+00:00\" \/>\n<meta property=\"og:image\" content=\"https:\/\/brtk.net\/wp-content\/uploads\/2024\/12\/06\/sinirlioglu.jpg?ver=c2a80aaf568143c9bda009c4a2153950\" \/>\n<meta name=\"author\" content=\"Kuzeyin Sesi\" \/>\n<meta name=\"twitter:card\" content=\"summary_large_image\" \/>\n<meta name=\"twitter:creator\" content=\"@kuzeyinsesii\" \/>\n<meta name=\"twitter:site\" content=\"@kuzeyinsesii\" \/>\n<meta name=\"twitter:label1\" content=\"Yazan:\" \/>\n\t<meta name=\"twitter:data1\" content=\"Kuzeyin Sesi\" \/>\n\t<meta name=\"twitter:label2\" content=\"Tahmini okuma s\u00fcresi\" \/>\n\t<meta name=\"twitter:data2\" content=\"5 dakika\" \/>\n<script type=\"application\/ld+json\" class=\"yoast-schema-graph\">{\"@context\":\"https:\\\/\\\/schema.org\",\"@graph\":[{\"@type\":\"Article\",\"@id\":\"https:\\\/\\\/kuzeyinsesi.org\\\/index.php\\\/2024\\\/12\\\/06\\\/agitin-yeni-genel-sekreteri-emekli-buyukelci-feridun-sinirlioglu\\\/#article\",\"isPartOf\":{\"@id\":\"https:\\\/\\\/kuzeyinsesi.org\\\/index.php\\\/2024\\\/12\\\/06\\\/agitin-yeni-genel-sekreteri-emekli-buyukelci-feridun-sinirlioglu\\\/\"},\"author\":{\"name\":\"Kuzeyin Sesi\",\"@id\":\"https:\\\/\\\/kuzeyinsesi.org\\\/#\\\/schema\\\/person\\\/9f859689cdf01485597712386e37f5aa\"},\"headline\":\"AG\u0130T\u2019in yeni Genel Sekreteri Emekli B\u00fcy\u00fckel\u00e7i Feridun Sinirlio\u011flu\",\"datePublished\":\"2024-12-06T15:58:10+00:00\",\"mainEntityOfPage\":{\"@id\":\"https:\\\/\\\/kuzeyinsesi.org\\\/index.php\\\/2024\\\/12\\\/06\\\/agitin-yeni-genel-sekreteri-emekli-buyukelci-feridun-sinirlioglu\\\/\"},\"wordCount\":922,\"commentCount\":0,\"image\":{\"@id\":\"https:\\\/\\\/kuzeyinsesi.org\\\/index.php\\\/2024\\\/12\\\/06\\\/agitin-yeni-genel-sekreteri-emekli-buyukelci-feridun-sinirlioglu\\\/#primaryimage\"},\"thumbnailUrl\":\"https:\\\/\\\/kuzeyinsesi.org\\\/wp-content\\\/uploads\\\/2024\\\/12\\\/sinirlioglu.jpg\",\"articleSection\":[\"T\u00fcrkiye\"],\"inLanguage\":\"tr\",\"potentialAction\":[{\"@type\":\"CommentAction\",\"name\":\"Comment\",\"target\":[\"https:\\\/\\\/kuzeyinsesi.org\\\/index.php\\\/2024\\\/12\\\/06\\\/agitin-yeni-genel-sekreteri-emekli-buyukelci-feridun-sinirlioglu\\\/#respond\"]}]},{\"@type\":\"WebPage\",\"@id\":\"https:\\\/\\\/kuzeyinsesi.org\\\/index.php\\\/2024\\\/12\\\/06\\\/agitin-yeni-genel-sekreteri-emekli-buyukelci-feridun-sinirlioglu\\\/\",\"url\":\"https:\\\/\\\/kuzeyinsesi.org\\\/index.php\\\/2024\\\/12\\\/06\\\/agitin-yeni-genel-sekreteri-emekli-buyukelci-feridun-sinirlioglu\\\/\",\"name\":\"AG\u0130T\u2019in yeni Genel Sekreteri Emekli B\u00fcy\u00fckel\u00e7i Feridun Sinirlio\u011flu - Kuzeyin Sesi\",\"isPartOf\":{\"@id\":\"https:\\\/\\\/kuzeyinsesi.org\\\/#website\"},\"primaryImageOfPage\":{\"@id\":\"https:\\\/\\\/kuzeyinsesi.org\\\/index.php\\\/2024\\\/12\\\/06\\\/agitin-yeni-genel-sekreteri-emekli-buyukelci-feridun-sinirlioglu\\\/#primaryimage\"},\"image\":{\"@id\":\"https:\\\/\\\/kuzeyinsesi.org\\\/index.php\\\/2024\\\/12\\\/06\\\/agitin-yeni-genel-sekreteri-emekli-buyukelci-feridun-sinirlioglu\\\/#primaryimage\"},\"thumbnailUrl\":\"https:\\\/\\\/kuzeyinsesi.org\\\/wp-content\\\/uploads\\\/2024\\\/12\\\/sinirlioglu.jpg\",\"datePublished\":\"2024-12-06T15:58:10+00:00\",\"author\":{\"@id\":\"https:\\\/\\\/kuzeyinsesi.org\\\/#\\\/schema\\\/person\\\/9f859689cdf01485597712386e37f5aa\"},\"breadcrumb\":{\"@id\":\"https:\\\/\\\/kuzeyinsesi.org\\\/index.php\\\/2024\\\/12\\\/06\\\/agitin-yeni-genel-sekreteri-emekli-buyukelci-feridun-sinirlioglu\\\/#breadcrumb\"},\"inLanguage\":\"tr\",\"potentialAction\":[{\"@type\":\"ReadAction\",\"target\":[\"https:\\\/\\\/kuzeyinsesi.org\\\/index.php\\\/2024\\\/12\\\/06\\\/agitin-yeni-genel-sekreteri-emekli-buyukelci-feridun-sinirlioglu\\\/\"]}]},{\"@type\":\"ImageObject\",\"inLanguage\":\"tr\",\"@id\":\"https:\\\/\\\/kuzeyinsesi.org\\\/index.php\\\/2024\\\/12\\\/06\\\/agitin-yeni-genel-sekreteri-emekli-buyukelci-feridun-sinirlioglu\\\/#primaryimage\",\"url\":\"https:\\\/\\\/kuzeyinsesi.org\\\/wp-content\\\/uploads\\\/2024\\\/12\\\/sinirlioglu.jpg\",\"contentUrl\":\"https:\\\/\\\/kuzeyinsesi.org\\\/wp-content\\\/uploads\\\/2024\\\/12\\\/sinirlioglu.jpg\",\"width\":864,\"height\":486},{\"@type\":\"BreadcrumbList\",\"@id\":\"https:\\\/\\\/kuzeyinsesi.org\\\/index.php\\\/2024\\\/12\\\/06\\\/agitin-yeni-genel-sekreteri-emekli-buyukelci-feridun-sinirlioglu\\\/#breadcrumb\",\"itemListElement\":[{\"@type\":\"ListItem\",\"position\":1,\"name\":\"Anasayfa\",\"item\":\"https:\\\/\\\/kuzeyinsesi.org\\\/\"},{\"@type\":\"ListItem\",\"position\":2,\"name\":\"AG\u0130T\u2019in yeni Genel Sekreteri Emekli B\u00fcy\u00fckel\u00e7i Feridun Sinirlio\u011flu\"}]},{\"@type\":\"WebSite\",\"@id\":\"https:\\\/\\\/kuzeyinsesi.org\\\/#website\",\"url\":\"https:\\\/\\\/kuzeyinsesi.org\\\/\",\"name\":\"Kuzeyin Sesi\",\"description\":\"Do\u011fru Haberin Adresi\",\"potentialAction\":[{\"@type\":\"SearchAction\",\"target\":{\"@type\":\"EntryPoint\",\"urlTemplate\":\"https:\\\/\\\/kuzeyinsesi.org\\\/?s={search_term_string}\"},\"query-input\":{\"@type\":\"PropertyValueSpecification\",\"valueRequired\":true,\"valueName\":\"search_term_string\"}}],\"inLanguage\":\"tr\"},{\"@type\":\"Person\",\"@id\":\"https:\\\/\\\/kuzeyinsesi.org\\\/#\\\/schema\\\/person\\\/9f859689cdf01485597712386e37f5aa\",\"name\":\"Kuzeyin Sesi\",\"image\":{\"@type\":\"ImageObject\",\"inLanguage\":\"tr\",\"@id\":\"https:\\\/\\\/secure.gravatar.com\\\/avatar\\\/bab33852abfd8b282518d6ed81826833d77c3c882d9ab608add591ccace47a44?s=96&d=mm&r=g\",\"url\":\"https:\\\/\\\/secure.gravatar.com\\\/avatar\\\/bab33852abfd8b282518d6ed81826833d77c3c882d9ab608add591ccace47a44?s=96&d=mm&r=g\",\"contentUrl\":\"https:\\\/\\\/secure.gravatar.com\\\/avatar\\\/bab33852abfd8b282518d6ed81826833d77c3c882d9ab608add591ccace47a44?s=96&d=mm&r=g\",\"caption\":\"Kuzeyin Sesi\"},\"sameAs\":[\"https:\\\/\\\/kuzeyinsesi.org\"],\"url\":\"https:\\\/\\\/kuzeyinsesi.org\\\/index.php\\\/author\\\/guven\\\/\"}]}<\/script>\n<!-- \/ Yoast SEO plugin. -->","yoast_head_json":{"title":"AG\u0130T\u2019in yeni Genel Sekreteri Emekli B\u00fcy\u00fckel\u00e7i Feridun Sinirlio\u011flu - Kuzeyin Sesi","robots":{"index":"index","follow":"follow","max-snippet":"max-snippet:-1","max-image-preview":"max-image-preview:large","max-video-preview":"max-video-preview:-1"},"canonical":"https:\/\/kuzeyinsesi.org\/index.php\/2024\/12\/06\/agitin-yeni-genel-sekreteri-emekli-buyukelci-feridun-sinirlioglu\/","og_locale":"tr_TR","og_type":"article","og_title":"AG\u0130T\u2019in yeni Genel Sekreteri Emekli B\u00fcy\u00fckel\u00e7i Feridun Sinirlio\u011flu - Kuzeyin Sesi","og_description":"Avrupa G\u00fcvenlik ve \u0130\u015fbirli\u011fi Te\u015fkilat\u0131n\u0131n (AG\u0130T) Genel Sekreterli\u011fi g\u00f6revine T\u00fcrkiye\u2019nin aday\u0131 Emekli B\u00fcy\u00fckel\u00e7i Feridun Sinirlio\u011flu se\u00e7ildi. Diplomatik kaynaklardan edinilen bilgiye g\u00f6re, D\u0131\u015fi\u015fleri Bakan\u0131 Hakan Fidan\u2019\u0131n kat\u0131ld\u0131\u011f\u0131, 5-6 Aral\u0131k\u2019ta Malta\u2019da d\u00fczenlenen AG\u0130T 31. Bakanlar Konseyi Toplant\u0131s\u0131\u2019nda eyl\u00fclden bu yana m\u00fcnhal durumda olan AG\u0130T Genel Sekreterli\u011fi g\u00f6revine Emekli B\u00fcy\u00fckel\u00e7i Sinirlio\u011flu\u2019nun se\u00e7ilmesi kararla\u015ft\u0131r\u0131ld\u0131. B\u00fcy\u00fckel\u00e7i Sinirlio\u011flu, Te\u015fkilat\u0131n temelini olu\u015fturan [&hellip;]","og_url":"https:\/\/kuzeyinsesi.org\/index.php\/2024\/12\/06\/agitin-yeni-genel-sekreteri-emekli-buyukelci-feridun-sinirlioglu\/","og_site_name":"Kuzeyin Sesi","article_publisher":"https:\/\/www.facebook.com\/kuzeyinsesii","article_published_time":"2024-12-06T15:58:10+00:00","og_image":[{"url":"https:\/\/brtk.net\/wp-content\/uploads\/2024\/12\/06\/sinirlioglu.jpg?ver=c2a80aaf568143c9bda009c4a2153950","type":"","width":"","height":""}],"author":"Kuzeyin Sesi","twitter_card":"summary_large_image","twitter_creator":"@kuzeyinsesii","twitter_site":"@kuzeyinsesii","twitter_misc":{"Yazan:":"Kuzeyin Sesi","Tahmini okuma s\u00fcresi":"5 dakika"},"schema":{"@context":"https:\/\/schema.org","@graph":[{"@type":"Article","@id":"https:\/\/kuzeyinsesi.org\/index.php\/2024\/12\/06\/agitin-yeni-genel-sekreteri-emekli-buyukelci-feridun-sinirlioglu\/#article","isPartOf":{"@id":"https:\/\/kuzeyinsesi.org\/index.php\/2024\/12\/06\/agitin-yeni-genel-sekreteri-emekli-buyukelci-feridun-sinirlioglu\/"},"author":{"name":"Kuzeyin Sesi","@id":"https:\/\/kuzeyinsesi.org\/#\/schema\/person\/9f859689cdf01485597712386e37f5aa"},"headline":"AG\u0130T\u2019in yeni Genel Sekreteri Emekli B\u00fcy\u00fckel\u00e7i Feridun Sinirlio\u011flu","datePublished":"2024-12-06T15:58:10+00:00","mainEntityOfPage":{"@id":"https:\/\/kuzeyinsesi.org\/index.php\/2024\/12\/06\/agitin-yeni-genel-sekreteri-emekli-buyukelci-feridun-sinirlioglu\/"},"wordCount":922,"commentCount":0,"image":{"@id":"https:\/\/kuzeyinsesi.org\/index.php\/2024\/12\/06\/agitin-yeni-genel-sekreteri-emekli-buyukelci-feridun-sinirlioglu\/#primaryimage"},"thumbnailUrl":"https:\/\/kuzeyinsesi.org\/wp-content\/uploads\/2024\/12\/sinirlioglu.jpg","articleSection":["T\u00fcrkiye"],"inLanguage":"tr","potentialAction":[{"@type":"CommentAction","name":"Comment","target":["https:\/\/kuzeyinsesi.org\/index.php\/2024\/12\/06\/agitin-yeni-genel-sekreteri-emekli-buyukelci-feridun-sinirlioglu\/#respond"]}]},{"@type":"WebPage","@id":"https:\/\/kuzeyinsesi.org\/index.php\/2024\/12\/06\/agitin-yeni-genel-sekreteri-emekli-buyukelci-feridun-sinirlioglu\/","url":"https:\/\/kuzeyinsesi.org\/index.php\/2024\/12\/06\/agitin-yeni-genel-sekreteri-emekli-buyukelci-feridun-sinirlioglu\/","name":"AG\u0130T\u2019in yeni Genel Sekreteri Emekli B\u00fcy\u00fckel\u00e7i Feridun Sinirlio\u011flu - Kuzeyin Sesi","isPartOf":{"@id":"https:\/\/kuzeyinsesi.org\/#website"},"primaryImageOfPage":{"@id":"https:\/\/kuzeyinsesi.org\/index.php\/2024\/12\/06\/agitin-yeni-genel-sekreteri-emekli-buyukelci-feridun-sinirlioglu\/#primaryimage"},"image":{"@id":"https:\/\/kuzeyinsesi.org\/index.php\/2024\/12\/06\/agitin-yeni-genel-sekreteri-emekli-buyukelci-feridun-sinirlioglu\/#primaryimage"},"thumbnailUrl":"https:\/\/kuzeyinsesi.org\/wp-content\/uploads\/2024\/12\/sinirlioglu.jpg","datePublished":"2024-12-06T15:58:10+00:00","author":{"@id":"https:\/\/kuzeyinsesi.org\/#\/schema\/person\/9f859689cdf01485597712386e37f5aa"},"breadcrumb":{"@id":"https:\/\/kuzeyinsesi.org\/index.php\/2024\/12\/06\/agitin-yeni-genel-sekreteri-emekli-buyukelci-feridun-sinirlioglu\/#breadcrumb"},"inLanguage":"tr","potentialAction":[{"@type":"ReadAction","target":["https:\/\/kuzeyinsesi.org\/index.php\/2024\/12\/06\/agitin-yeni-genel-sekreteri-emekli-buyukelci-feridun-sinirlioglu\/"]}]},{"@type":"ImageObject","inLanguage":"tr","@id":"https:\/\/kuzeyinsesi.org\/index.php\/2024\/12\/06\/agitin-yeni-genel-sekreteri-emekli-buyukelci-feridun-sinirlioglu\/#primaryimage","url":"https:\/\/kuzeyinsesi.org\/wp-content\/uploads\/2024\/12\/sinirlioglu.jpg","contentUrl":"https:\/\/kuzeyinsesi.org\/wp-content\/uploads\/2024\/12\/sinirlioglu.jpg","width":864,"height":486},{"@type":"BreadcrumbList","@id":"https:\/\/kuzeyinsesi.org\/index.php\/2024\/12\/06\/agitin-yeni-genel-sekreteri-emekli-buyukelci-feridun-sinirlioglu\/#breadcrumb","itemListElement":[{"@type":"ListItem","position":1,"name":"Anasayfa","item":"https:\/\/kuzeyinsesi.org\/"},{"@type":"ListItem","position":2,"name":"AG\u0130T\u2019in yeni Genel Sekreteri Emekli B\u00fcy\u00fckel\u00e7i Feridun Sinirlio\u011flu"}]},{"@type":"WebSite","@id":"https:\/\/kuzeyinsesi.org\/#website","url":"https:\/\/kuzeyinsesi.org\/","name":"Kuzeyin Sesi","description":"Do\u011fru Haberin Adresi","potentialAction":[{"@type":"SearchAction","target":{"@type":"EntryPoint","urlTemplate":"https:\/\/kuzeyinsesi.org\/?s={search_term_string}"},"query-input":{"@type":"PropertyValueSpecification","valueRequired":true,"valueName":"search_term_string"}}],"inLanguage":"tr"},{"@type":"Person","@id":"https:\/\/kuzeyinsesi.org\/#\/schema\/person\/9f859689cdf01485597712386e37f5aa","name":"Kuzeyin Sesi","image":{"@type":"ImageObject","inLanguage":"tr","@id":"https:\/\/secure.gravatar.com\/avatar\/bab33852abfd8b282518d6ed81826833d77c3c882d9ab608add591ccace47a44?s=96&d=mm&r=g","url":"https:\/\/secure.gravatar.com\/avatar\/bab33852abfd8b282518d6ed81826833d77c3c882d9ab608add591ccace47a44?s=96&d=mm&r=g","contentUrl":"https:\/\/secure.gravatar.com\/avatar\/bab33852abfd8b282518d6ed81826833d77c3c882d9ab608add591ccace47a44?s=96&d=mm&r=g","caption":"Kuzeyin Sesi"},"sameAs":["https:\/\/kuzeyinsesi.org"],"url":"https:\/\/kuzeyinsesi.org\/index.php\/author\/guven\/"}]}},"_links":{"self":[{"href":"https:\/\/kuzeyinsesi.org\/index.php\/wp-json\/wp\/v2\/posts\/15101","targetHints":{"allow":["GET"]}}],"collection":[{"href":"https:\/\/kuzeyinsesi.org\/index.php\/wp-json\/wp\/v2\/posts"}],"about":[{"href":"https:\/\/kuzeyinsesi.org\/index.php\/wp-json\/wp\/v2\/types\/post"}],"author":[{"embeddable":true,"href":"https:\/\/kuzeyinsesi.org\/index.php\/wp-json\/wp\/v2\/users\/1"}],"replies":[{"embeddable":true,"href":"https:\/\/kuzeyinsesi.org\/index.php\/wp-json\/wp\/v2\/comments?post=15101"}],"version-history":[{"count":0,"href":"https:\/\/kuzeyinsesi.org\/index.php\/wp-json\/wp\/v2\/posts\/15101\/revisions"}],"wp:featuredmedia":[{"embeddable":true,"href":"https:\/\/kuzeyinsesi.org\/index.php\/wp-json\/wp\/v2\/media\/15102"}],"wp:attachment":[{"href":"https:\/\/kuzeyinsesi.org\/index.php\/wp-json\/wp\/v2\/media?parent=15101"}],"wp:term":[{"taxonomy":"category","embeddable":true,"href":"https:\/\/kuzeyinsesi.org\/index.php\/wp-json\/wp\/v2\/categories?post=15101"},{"taxonomy":"post_tag","embeddable":true,"href":"https:\/\/kuzeyinsesi.org\/index.php\/wp-json\/wp\/v2\/tags?post=15101"}],"curies":[{"name":"wp","href":"https:\/\/api.w.org\/{rel}","templated":true}]}}