{"id":15087,"date":"2024-12-06T16:05:45","date_gmt":"2024-12-06T14:05:45","guid":{"rendered":"https:\/\/kuzeyinsesi.org\/index.php\/2024\/12\/06\/mustafa-gokceoglu-ilk-kitap-odullu-yarismasina-katilimin-son-tarihi-28-subat\/"},"modified":"2024-12-06T16:05:45","modified_gmt":"2024-12-06T14:05:45","slug":"mustafa-gokceoglu-ilk-kitap-odullu-yarismasina-katilimin-son-tarihi-28-subat","status":"publish","type":"post","link":"https:\/\/kuzeyinsesi.org\/index.php\/2024\/12\/06\/mustafa-gokceoglu-ilk-kitap-odullu-yarismasina-katilimin-son-tarihi-28-subat\/","title":{"rendered":"\u201cMustafa G\u00f6k\u00e7eo\u011flu \u0130lk Kitap \u00d6d\u00fcll\u00fc Yar\u0131\u015fmas\u0131\u201dna kat\u0131l\u0131m\u0131n son tarihi 28 \u015eubat\u2026"},"content":{"rendered":"<div>\n<div class=\"mariselle-image-container center\">\n                                            <\/div>\n<p>K\u00fclt\u00fcr Dairesi, K\u0131br\u0131s T\u00fcrk yaz\u0131n sanat\u0131na yeni \u015fairler, yazarlar, ara\u015ft\u0131rmac\u0131lar ve yeni kitaplar kazand\u0131rmak amac\u0131yla d\u00fczenledi\u011fi \u201cMustafa G\u00f6k\u00e7eo\u011flu \u0130lk Kitap \u00d6d\u00fcll\u00fc Yar\u0131\u015fmas\u0131\u201dna son ba\u015fvuru tarihinin 28 \u015eubat  oldu\u011funu belirtti.<\/p>\n<p>K\u00fclt\u00fcr Dairesi\u2019nden verilen bilgiye g\u00f6re, Temmuz ay\u0131nda duyurusu yap\u0131lan yar\u0131\u015fmaya, ara\u015ft\u0131rma ve \u00f6zg\u00fcn derleme alan\u0131nda \u00e7al\u0131\u015fan ancak ilk kez kitap yay\u0131mlayacak olan yazarlar ba\u015fvurabilir.<\/p>\n<p>K\u00fclt\u00fcr Dairesi\u2019nin K\u0131br\u0131s T\u00fcrk yaz\u0131n sanat\u0131n\u0131n geli\u015ftirilmesi amac\u0131yla, yaz\u0131n sanat\u0131n\u0131n farkl\u0131 alanlar\u0131nda \u00e7al\u0131\u015fan yazarlar\u0131 te\u015fvik etmek, ilk kitaplar\u0131n\u0131 basarak desteklemek hedefiyle 5 y\u0131ll\u0131k bir proje olarak ba\u015flatt\u0131\u011f\u0131 \u0130lk Kitap \u00d6d\u00fcl\u00fc Yar\u0131\u015fmas\u0131n\u0131n ilki, 2023 y\u0131l\u0131nda \u015fiir dal\u0131nda Kamil \u00d6zay ad\u0131na ger\u00e7ekle\u015ftirilmi\u015fti.<\/p>\n<p>Yar\u0131\u015fma, 2025 y\u0131l\u0131nda Hikmet Afif Mapolar ad\u0131na roman dal\u0131nda, 2026 y\u0131l\u0131nda Fikret Demira\u011f ad\u0131na \u015fiir dal\u0131nda ve 2027 y\u0131l\u0131nda da Semih Sait Umar ad\u0131na \u00f6yk\u00fc dal\u0131nda yap\u0131lacak.<\/p>\n<p>K\u00fclt\u00fcr Dairesi\u2019nin, bu y\u0131l, G\u00f6nyeli-Alayk\u00f6y Belediyesi ve Halk Sanatlar\u0131 Vakf\u0131 i\u015fbirli\u011finde d\u00fczenledi\u011fi yar\u0131\u015fma, K\u0131br\u0131s T\u00fcrk Halk Bilimi alan\u0131nda; Ara\u015ft\u0131rma ve \u00d6zg\u00fcn Derleme ba\u015fl\u0131kl\u0131 iki ayr\u0131 kategoride Mustafa G\u00f6k\u00e7eo\u011flu ad\u0131na ger\u00e7ekle\u015ftiriliyor.<\/p>\n<p>KKTC vatanda\u015f\u0131 bir veya birden fazla ki\u015finin ortak \u00e7al\u0131\u015fmas\u0131 olarak haz\u0131rlanm\u0131\u015f \u00e7al\u0131\u015fmalar\u0131n kat\u0131l\u0131m\u0131na a\u00e7\u0131k olan Mustafa G\u00f6k\u00e7eo\u011flu \u0130lk Kitap \u00d6d\u00fcll\u00fc Yar\u0131\u015fmas\u0131na kat\u0131lmay\u0131 arzu edenler yar\u0131\u015fman\u0131n \u015fartnamesine, K\u00fclt\u00fcr Dairesi\u2019nin web sayfas\u0131 kultur.gov.ct.tr adresinin duyurular b\u00f6l\u00fcm\u00fcnden ula\u015fabilir.<\/p>\n<p>K\u00fclt\u00fcr Dairesi\u2019nin Kani Kanol, Ahmet Seyfi Erdengiz, Dr. Bekir Azg\u0131n ve Mahmut \u0130slamo\u011flu\u2019ndan olu\u015fturdu\u011fu se\u00e7ici kurulun 31 Temmuz  tarihinde K\u00fclt\u00fcr Dairesi M\u00fcd\u00fcr\u00fc \u015eirin Zaima\u011fao\u011flu\u2019nun g\u00f6zlemci olarak kat\u0131laca\u011f\u0131 toplant\u0131da sonu\u00e7land\u0131raca\u011f\u0131 de\u011ferlendirmenin ard\u0131ndan yar\u0131\u015fman\u0131n sonu\u00e7lar\u0131 a\u00e7\u0131klanacak.<\/p>\n<p>Yar\u0131\u015fma \u00f6d\u00fcl t\u00f6reni Mustafa G\u00f6k\u00e7eo\u011flu\u2019nun do\u011fumunun 83. y\u0131ld\u00f6n\u00fcm\u00fc olan 4 A\u011fustos\u2019ta ve do\u011fum yeri G\u00f6nyeli\u2019de yap\u0131lacak.<\/p>\n<\/p><\/div>\n<p><script async\n                    defer\n                    crossorigin=\"anonymous\"\n                    src=\"https:\/\/connect.facebook.net\/tr_TR\/sdk.js#xfbml=1&#038;version=v3.3\"\n            ><\/script><\/p>\n","protected":false},"excerpt":{"rendered":"<p>K\u00fclt\u00fcr Dairesi, K\u0131br\u0131s T\u00fcrk yaz\u0131n sanat\u0131na yeni \u015fairler, yazarlar, ara\u015ft\u0131rmac\u0131lar ve yeni kitaplar kazand\u0131rmak amac\u0131yla d\u00fczenledi\u011fi \u201cMustafa G\u00f6k\u00e7eo\u011flu \u0130lk Kitap \u00d6d\u00fcll\u00fc Yar\u0131\u015fmas\u0131\u201dna son ba\u015fvuru tarihinin 28 \u015eubat oldu\u011funu belirtti. K\u00fclt\u00fcr Dairesi\u2019nden verilen bilgiye g\u00f6re, Temmuz ay\u0131nda duyurusu yap\u0131lan yar\u0131\u015fmaya, ara\u015ft\u0131rma ve \u00f6zg\u00fcn derleme alan\u0131nda \u00e7al\u0131\u015fan ancak ilk kez kitap yay\u0131mlayacak olan yazarlar ba\u015fvurabilir. K\u00fclt\u00fcr Dairesi\u2019nin [&hellip;]<\/p>\n","protected":false},"author":1,"featured_media":15088,"comment_status":"open","ping_status":"open","sticky":false,"template":"","format":"standard","meta":{"jnews-multi-image_gallery":[],"jnews_single_post":[],"jnews_primary_category":[],"jnews_social_meta":[],"jnews_override_counter":[],"footnotes":""},"categories":[6],"tags":[],"class_list":["post-15087","post","type-post","status-publish","format-standard","has-post-thumbnail","hentry","category-yasam"],"yoast_head":"<!-- This site is optimized with the Yoast SEO plugin v27.4 - https:\/\/yoast.com\/product\/yoast-seo-wordpress\/ -->\n<title>\u201cMustafa G\u00f6k\u00e7eo\u011flu \u0130lk Kitap \u00d6d\u00fcll\u00fc Yar\u0131\u015fmas\u0131\u201dna kat\u0131l\u0131m\u0131n son tarihi 28 \u015eubat\u2026 - Kuzeyin Sesi<\/title>\n<meta name=\"robots\" content=\"index, follow, max-snippet:-1, max-image-preview:large, max-video-preview:-1\" \/>\n<link rel=\"canonical\" href=\"https:\/\/kuzeyinsesi.org\/index.php\/2024\/12\/06\/mustafa-gokceoglu-ilk-kitap-odullu-yarismasina-katilimin-son-tarihi-28-subat\/\" \/>\n<meta property=\"og:locale\" content=\"tr_TR\" \/>\n<meta property=\"og:type\" content=\"article\" \/>\n<meta property=\"og:title\" content=\"\u201cMustafa G\u00f6k\u00e7eo\u011flu \u0130lk Kitap \u00d6d\u00fcll\u00fc Yar\u0131\u015fmas\u0131\u201dna kat\u0131l\u0131m\u0131n son tarihi 28 \u015eubat\u2026 - Kuzeyin Sesi\" \/>\n<meta property=\"og:description\" content=\"K\u00fclt\u00fcr Dairesi, K\u0131br\u0131s T\u00fcrk yaz\u0131n sanat\u0131na yeni \u015fairler, yazarlar, ara\u015ft\u0131rmac\u0131lar ve yeni kitaplar kazand\u0131rmak amac\u0131yla d\u00fczenledi\u011fi \u201cMustafa G\u00f6k\u00e7eo\u011flu \u0130lk Kitap \u00d6d\u00fcll\u00fc Yar\u0131\u015fmas\u0131\u201dna son ba\u015fvuru tarihinin 28 \u015eubat oldu\u011funu belirtti. K\u00fclt\u00fcr Dairesi\u2019nden verilen bilgiye g\u00f6re, Temmuz ay\u0131nda duyurusu yap\u0131lan yar\u0131\u015fmaya, ara\u015ft\u0131rma ve \u00f6zg\u00fcn derleme alan\u0131nda \u00e7al\u0131\u015fan ancak ilk kez kitap yay\u0131mlayacak olan yazarlar ba\u015fvurabilir. K\u00fclt\u00fcr Dairesi\u2019nin [&hellip;]\" \/>\n<meta property=\"og:url\" content=\"https:\/\/kuzeyinsesi.org\/index.php\/2024\/12\/06\/mustafa-gokceoglu-ilk-kitap-odullu-yarismasina-katilimin-son-tarihi-28-subat\/\" \/>\n<meta property=\"og:site_name\" content=\"Kuzeyin Sesi\" \/>\n<meta property=\"article:publisher\" content=\"https:\/\/www.facebook.com\/kuzeyinsesii\" \/>\n<meta property=\"article:published_time\" content=\"2024-12-06T14:05:45+00:00\" \/>\n<meta property=\"og:image\" content=\"https:\/\/brtk.net\/wp-content\/uploads\/2024\/12\/06\/gokce.webp?ver=c5fbee41e1ab0febbc7db01f117710de\" \/>\n<meta name=\"author\" content=\"Kuzeyin Sesi\" \/>\n<meta name=\"twitter:card\" content=\"summary_large_image\" \/>\n<meta name=\"twitter:creator\" content=\"@kuzeyinsesii\" \/>\n<meta name=\"twitter:site\" content=\"@kuzeyinsesii\" \/>\n<meta name=\"twitter:label1\" content=\"Yazan:\" \/>\n\t<meta name=\"twitter:data1\" content=\"Kuzeyin Sesi\" \/>\n\t<meta name=\"twitter:label2\" content=\"Tahmini okuma s\u00fcresi\" \/>\n\t<meta name=\"twitter:data2\" content=\"2 dakika\" \/>\n<script type=\"application\/ld+json\" class=\"yoast-schema-graph\">{\"@context\":\"https:\\\/\\\/schema.org\",\"@graph\":[{\"@type\":\"Article\",\"@id\":\"https:\\\/\\\/kuzeyinsesi.org\\\/index.php\\\/2024\\\/12\\\/06\\\/mustafa-gokceoglu-ilk-kitap-odullu-yarismasina-katilimin-son-tarihi-28-subat\\\/#article\",\"isPartOf\":{\"@id\":\"https:\\\/\\\/kuzeyinsesi.org\\\/index.php\\\/2024\\\/12\\\/06\\\/mustafa-gokceoglu-ilk-kitap-odullu-yarismasina-katilimin-son-tarihi-28-subat\\\/\"},\"author\":{\"name\":\"Kuzeyin Sesi\",\"@id\":\"https:\\\/\\\/kuzeyinsesi.org\\\/#\\\/schema\\\/person\\\/9f859689cdf01485597712386e37f5aa\"},\"headline\":\"\u201cMustafa G\u00f6k\u00e7eo\u011flu \u0130lk Kitap \u00d6d\u00fcll\u00fc Yar\u0131\u015fmas\u0131\u201dna kat\u0131l\u0131m\u0131n son tarihi 28 \u015eubat\u2026\",\"datePublished\":\"2024-12-06T14:05:45+00:00\",\"mainEntityOfPage\":{\"@id\":\"https:\\\/\\\/kuzeyinsesi.org\\\/index.php\\\/2024\\\/12\\\/06\\\/mustafa-gokceoglu-ilk-kitap-odullu-yarismasina-katilimin-son-tarihi-28-subat\\\/\"},\"wordCount\":425,\"commentCount\":0,\"image\":{\"@id\":\"https:\\\/\\\/kuzeyinsesi.org\\\/index.php\\\/2024\\\/12\\\/06\\\/mustafa-gokceoglu-ilk-kitap-odullu-yarismasina-katilimin-son-tarihi-28-subat\\\/#primaryimage\"},\"thumbnailUrl\":\"https:\\\/\\\/kuzeyinsesi.org\\\/wp-content\\\/uploads\\\/2024\\\/12\\\/gokce.webp.webp\",\"articleSection\":[\"Ya\u015fam\"],\"inLanguage\":\"tr\",\"potentialAction\":[{\"@type\":\"CommentAction\",\"name\":\"Comment\",\"target\":[\"https:\\\/\\\/kuzeyinsesi.org\\\/index.php\\\/2024\\\/12\\\/06\\\/mustafa-gokceoglu-ilk-kitap-odullu-yarismasina-katilimin-son-tarihi-28-subat\\\/#respond\"]}]},{\"@type\":\"WebPage\",\"@id\":\"https:\\\/\\\/kuzeyinsesi.org\\\/index.php\\\/2024\\\/12\\\/06\\\/mustafa-gokceoglu-ilk-kitap-odullu-yarismasina-katilimin-son-tarihi-28-subat\\\/\",\"url\":\"https:\\\/\\\/kuzeyinsesi.org\\\/index.php\\\/2024\\\/12\\\/06\\\/mustafa-gokceoglu-ilk-kitap-odullu-yarismasina-katilimin-son-tarihi-28-subat\\\/\",\"name\":\"\u201cMustafa G\u00f6k\u00e7eo\u011flu \u0130lk Kitap \u00d6d\u00fcll\u00fc Yar\u0131\u015fmas\u0131\u201dna kat\u0131l\u0131m\u0131n son tarihi 28 \u015eubat\u2026 - Kuzeyin Sesi\",\"isPartOf\":{\"@id\":\"https:\\\/\\\/kuzeyinsesi.org\\\/#website\"},\"primaryImageOfPage\":{\"@id\":\"https:\\\/\\\/kuzeyinsesi.org\\\/index.php\\\/2024\\\/12\\\/06\\\/mustafa-gokceoglu-ilk-kitap-odullu-yarismasina-katilimin-son-tarihi-28-subat\\\/#primaryimage\"},\"image\":{\"@id\":\"https:\\\/\\\/kuzeyinsesi.org\\\/index.php\\\/2024\\\/12\\\/06\\\/mustafa-gokceoglu-ilk-kitap-odullu-yarismasina-katilimin-son-tarihi-28-subat\\\/#primaryimage\"},\"thumbnailUrl\":\"https:\\\/\\\/kuzeyinsesi.org\\\/wp-content\\\/uploads\\\/2024\\\/12\\\/gokce.webp.webp\",\"datePublished\":\"2024-12-06T14:05:45+00:00\",\"author\":{\"@id\":\"https:\\\/\\\/kuzeyinsesi.org\\\/#\\\/schema\\\/person\\\/9f859689cdf01485597712386e37f5aa\"},\"breadcrumb\":{\"@id\":\"https:\\\/\\\/kuzeyinsesi.org\\\/index.php\\\/2024\\\/12\\\/06\\\/mustafa-gokceoglu-ilk-kitap-odullu-yarismasina-katilimin-son-tarihi-28-subat\\\/#breadcrumb\"},\"inLanguage\":\"tr\",\"potentialAction\":[{\"@type\":\"ReadAction\",\"target\":[\"https:\\\/\\\/kuzeyinsesi.org\\\/index.php\\\/2024\\\/12\\\/06\\\/mustafa-gokceoglu-ilk-kitap-odullu-yarismasina-katilimin-son-tarihi-28-subat\\\/\"]}]},{\"@type\":\"ImageObject\",\"inLanguage\":\"tr\",\"@id\":\"https:\\\/\\\/kuzeyinsesi.org\\\/index.php\\\/2024\\\/12\\\/06\\\/mustafa-gokceoglu-ilk-kitap-odullu-yarismasina-katilimin-son-tarihi-28-subat\\\/#primaryimage\",\"url\":\"https:\\\/\\\/kuzeyinsesi.org\\\/wp-content\\\/uploads\\\/2024\\\/12\\\/gokce.webp.webp\",\"contentUrl\":\"https:\\\/\\\/kuzeyinsesi.org\\\/wp-content\\\/uploads\\\/2024\\\/12\\\/gokce.webp.webp\",\"width\":971,\"height\":551},{\"@type\":\"BreadcrumbList\",\"@id\":\"https:\\\/\\\/kuzeyinsesi.org\\\/index.php\\\/2024\\\/12\\\/06\\\/mustafa-gokceoglu-ilk-kitap-odullu-yarismasina-katilimin-son-tarihi-28-subat\\\/#breadcrumb\",\"itemListElement\":[{\"@type\":\"ListItem\",\"position\":1,\"name\":\"Anasayfa\",\"item\":\"https:\\\/\\\/kuzeyinsesi.org\\\/\"},{\"@type\":\"ListItem\",\"position\":2,\"name\":\"\u201cMustafa G\u00f6k\u00e7eo\u011flu \u0130lk Kitap \u00d6d\u00fcll\u00fc Yar\u0131\u015fmas\u0131\u201dna kat\u0131l\u0131m\u0131n son tarihi 28 \u015eubat\u2026\"}]},{\"@type\":\"WebSite\",\"@id\":\"https:\\\/\\\/kuzeyinsesi.org\\\/#website\",\"url\":\"https:\\\/\\\/kuzeyinsesi.org\\\/\",\"name\":\"Kuzeyin Sesi\",\"description\":\"Do\u011fru Haberin Adresi\",\"potentialAction\":[{\"@type\":\"SearchAction\",\"target\":{\"@type\":\"EntryPoint\",\"urlTemplate\":\"https:\\\/\\\/kuzeyinsesi.org\\\/?s={search_term_string}\"},\"query-input\":{\"@type\":\"PropertyValueSpecification\",\"valueRequired\":true,\"valueName\":\"search_term_string\"}}],\"inLanguage\":\"tr\"},{\"@type\":\"Person\",\"@id\":\"https:\\\/\\\/kuzeyinsesi.org\\\/#\\\/schema\\\/person\\\/9f859689cdf01485597712386e37f5aa\",\"name\":\"Kuzeyin Sesi\",\"image\":{\"@type\":\"ImageObject\",\"inLanguage\":\"tr\",\"@id\":\"https:\\\/\\\/secure.gravatar.com\\\/avatar\\\/bab33852abfd8b282518d6ed81826833d77c3c882d9ab608add591ccace47a44?s=96&d=mm&r=g\",\"url\":\"https:\\\/\\\/secure.gravatar.com\\\/avatar\\\/bab33852abfd8b282518d6ed81826833d77c3c882d9ab608add591ccace47a44?s=96&d=mm&r=g\",\"contentUrl\":\"https:\\\/\\\/secure.gravatar.com\\\/avatar\\\/bab33852abfd8b282518d6ed81826833d77c3c882d9ab608add591ccace47a44?s=96&d=mm&r=g\",\"caption\":\"Kuzeyin Sesi\"},\"sameAs\":[\"https:\\\/\\\/kuzeyinsesi.org\"],\"url\":\"https:\\\/\\\/kuzeyinsesi.org\\\/index.php\\\/author\\\/guven\\\/\"}]}<\/script>\n<!-- \/ Yoast SEO plugin. -->","yoast_head_json":{"title":"\u201cMustafa G\u00f6k\u00e7eo\u011flu \u0130lk Kitap \u00d6d\u00fcll\u00fc Yar\u0131\u015fmas\u0131\u201dna kat\u0131l\u0131m\u0131n son tarihi 28 \u015eubat\u2026 - Kuzeyin Sesi","robots":{"index":"index","follow":"follow","max-snippet":"max-snippet:-1","max-image-preview":"max-image-preview:large","max-video-preview":"max-video-preview:-1"},"canonical":"https:\/\/kuzeyinsesi.org\/index.php\/2024\/12\/06\/mustafa-gokceoglu-ilk-kitap-odullu-yarismasina-katilimin-son-tarihi-28-subat\/","og_locale":"tr_TR","og_type":"article","og_title":"\u201cMustafa G\u00f6k\u00e7eo\u011flu \u0130lk Kitap \u00d6d\u00fcll\u00fc Yar\u0131\u015fmas\u0131\u201dna kat\u0131l\u0131m\u0131n son tarihi 28 \u015eubat\u2026 - Kuzeyin Sesi","og_description":"K\u00fclt\u00fcr Dairesi, K\u0131br\u0131s T\u00fcrk yaz\u0131n sanat\u0131na yeni \u015fairler, yazarlar, ara\u015ft\u0131rmac\u0131lar ve yeni kitaplar kazand\u0131rmak amac\u0131yla d\u00fczenledi\u011fi \u201cMustafa G\u00f6k\u00e7eo\u011flu \u0130lk Kitap \u00d6d\u00fcll\u00fc Yar\u0131\u015fmas\u0131\u201dna son ba\u015fvuru tarihinin 28 \u015eubat oldu\u011funu belirtti. K\u00fclt\u00fcr Dairesi\u2019nden verilen bilgiye g\u00f6re, Temmuz ay\u0131nda duyurusu yap\u0131lan yar\u0131\u015fmaya, ara\u015ft\u0131rma ve \u00f6zg\u00fcn derleme alan\u0131nda \u00e7al\u0131\u015fan ancak ilk kez kitap yay\u0131mlayacak olan yazarlar ba\u015fvurabilir. K\u00fclt\u00fcr Dairesi\u2019nin [&hellip;]","og_url":"https:\/\/kuzeyinsesi.org\/index.php\/2024\/12\/06\/mustafa-gokceoglu-ilk-kitap-odullu-yarismasina-katilimin-son-tarihi-28-subat\/","og_site_name":"Kuzeyin Sesi","article_publisher":"https:\/\/www.facebook.com\/kuzeyinsesii","article_published_time":"2024-12-06T14:05:45+00:00","og_image":[{"url":"https:\/\/brtk.net\/wp-content\/uploads\/2024\/12\/06\/gokce.webp?ver=c5fbee41e1ab0febbc7db01f117710de","type":"","width":"","height":""}],"author":"Kuzeyin Sesi","twitter_card":"summary_large_image","twitter_creator":"@kuzeyinsesii","twitter_site":"@kuzeyinsesii","twitter_misc":{"Yazan:":"Kuzeyin Sesi","Tahmini okuma s\u00fcresi":"2 dakika"},"schema":{"@context":"https:\/\/schema.org","@graph":[{"@type":"Article","@id":"https:\/\/kuzeyinsesi.org\/index.php\/2024\/12\/06\/mustafa-gokceoglu-ilk-kitap-odullu-yarismasina-katilimin-son-tarihi-28-subat\/#article","isPartOf":{"@id":"https:\/\/kuzeyinsesi.org\/index.php\/2024\/12\/06\/mustafa-gokceoglu-ilk-kitap-odullu-yarismasina-katilimin-son-tarihi-28-subat\/"},"author":{"name":"Kuzeyin Sesi","@id":"https:\/\/kuzeyinsesi.org\/#\/schema\/person\/9f859689cdf01485597712386e37f5aa"},"headline":"\u201cMustafa G\u00f6k\u00e7eo\u011flu \u0130lk Kitap \u00d6d\u00fcll\u00fc Yar\u0131\u015fmas\u0131\u201dna kat\u0131l\u0131m\u0131n son tarihi 28 \u015eubat\u2026","datePublished":"2024-12-06T14:05:45+00:00","mainEntityOfPage":{"@id":"https:\/\/kuzeyinsesi.org\/index.php\/2024\/12\/06\/mustafa-gokceoglu-ilk-kitap-odullu-yarismasina-katilimin-son-tarihi-28-subat\/"},"wordCount":425,"commentCount":0,"image":{"@id":"https:\/\/kuzeyinsesi.org\/index.php\/2024\/12\/06\/mustafa-gokceoglu-ilk-kitap-odullu-yarismasina-katilimin-son-tarihi-28-subat\/#primaryimage"},"thumbnailUrl":"https:\/\/kuzeyinsesi.org\/wp-content\/uploads\/2024\/12\/gokce.webp.webp","articleSection":["Ya\u015fam"],"inLanguage":"tr","potentialAction":[{"@type":"CommentAction","name":"Comment","target":["https:\/\/kuzeyinsesi.org\/index.php\/2024\/12\/06\/mustafa-gokceoglu-ilk-kitap-odullu-yarismasina-katilimin-son-tarihi-28-subat\/#respond"]}]},{"@type":"WebPage","@id":"https:\/\/kuzeyinsesi.org\/index.php\/2024\/12\/06\/mustafa-gokceoglu-ilk-kitap-odullu-yarismasina-katilimin-son-tarihi-28-subat\/","url":"https:\/\/kuzeyinsesi.org\/index.php\/2024\/12\/06\/mustafa-gokceoglu-ilk-kitap-odullu-yarismasina-katilimin-son-tarihi-28-subat\/","name":"\u201cMustafa G\u00f6k\u00e7eo\u011flu \u0130lk Kitap \u00d6d\u00fcll\u00fc Yar\u0131\u015fmas\u0131\u201dna kat\u0131l\u0131m\u0131n son tarihi 28 \u015eubat\u2026 - Kuzeyin Sesi","isPartOf":{"@id":"https:\/\/kuzeyinsesi.org\/#website"},"primaryImageOfPage":{"@id":"https:\/\/kuzeyinsesi.org\/index.php\/2024\/12\/06\/mustafa-gokceoglu-ilk-kitap-odullu-yarismasina-katilimin-son-tarihi-28-subat\/#primaryimage"},"image":{"@id":"https:\/\/kuzeyinsesi.org\/index.php\/2024\/12\/06\/mustafa-gokceoglu-ilk-kitap-odullu-yarismasina-katilimin-son-tarihi-28-subat\/#primaryimage"},"thumbnailUrl":"https:\/\/kuzeyinsesi.org\/wp-content\/uploads\/2024\/12\/gokce.webp.webp","datePublished":"2024-12-06T14:05:45+00:00","author":{"@id":"https:\/\/kuzeyinsesi.org\/#\/schema\/person\/9f859689cdf01485597712386e37f5aa"},"breadcrumb":{"@id":"https:\/\/kuzeyinsesi.org\/index.php\/2024\/12\/06\/mustafa-gokceoglu-ilk-kitap-odullu-yarismasina-katilimin-son-tarihi-28-subat\/#breadcrumb"},"inLanguage":"tr","potentialAction":[{"@type":"ReadAction","target":["https:\/\/kuzeyinsesi.org\/index.php\/2024\/12\/06\/mustafa-gokceoglu-ilk-kitap-odullu-yarismasina-katilimin-son-tarihi-28-subat\/"]}]},{"@type":"ImageObject","inLanguage":"tr","@id":"https:\/\/kuzeyinsesi.org\/index.php\/2024\/12\/06\/mustafa-gokceoglu-ilk-kitap-odullu-yarismasina-katilimin-son-tarihi-28-subat\/#primaryimage","url":"https:\/\/kuzeyinsesi.org\/wp-content\/uploads\/2024\/12\/gokce.webp.webp","contentUrl":"https:\/\/kuzeyinsesi.org\/wp-content\/uploads\/2024\/12\/gokce.webp.webp","width":971,"height":551},{"@type":"BreadcrumbList","@id":"https:\/\/kuzeyinsesi.org\/index.php\/2024\/12\/06\/mustafa-gokceoglu-ilk-kitap-odullu-yarismasina-katilimin-son-tarihi-28-subat\/#breadcrumb","itemListElement":[{"@type":"ListItem","position":1,"name":"Anasayfa","item":"https:\/\/kuzeyinsesi.org\/"},{"@type":"ListItem","position":2,"name":"\u201cMustafa G\u00f6k\u00e7eo\u011flu \u0130lk Kitap \u00d6d\u00fcll\u00fc Yar\u0131\u015fmas\u0131\u201dna kat\u0131l\u0131m\u0131n son tarihi 28 \u015eubat\u2026"}]},{"@type":"WebSite","@id":"https:\/\/kuzeyinsesi.org\/#website","url":"https:\/\/kuzeyinsesi.org\/","name":"Kuzeyin Sesi","description":"Do\u011fru Haberin Adresi","potentialAction":[{"@type":"SearchAction","target":{"@type":"EntryPoint","urlTemplate":"https:\/\/kuzeyinsesi.org\/?s={search_term_string}"},"query-input":{"@type":"PropertyValueSpecification","valueRequired":true,"valueName":"search_term_string"}}],"inLanguage":"tr"},{"@type":"Person","@id":"https:\/\/kuzeyinsesi.org\/#\/schema\/person\/9f859689cdf01485597712386e37f5aa","name":"Kuzeyin Sesi","image":{"@type":"ImageObject","inLanguage":"tr","@id":"https:\/\/secure.gravatar.com\/avatar\/bab33852abfd8b282518d6ed81826833d77c3c882d9ab608add591ccace47a44?s=96&d=mm&r=g","url":"https:\/\/secure.gravatar.com\/avatar\/bab33852abfd8b282518d6ed81826833d77c3c882d9ab608add591ccace47a44?s=96&d=mm&r=g","contentUrl":"https:\/\/secure.gravatar.com\/avatar\/bab33852abfd8b282518d6ed81826833d77c3c882d9ab608add591ccace47a44?s=96&d=mm&r=g","caption":"Kuzeyin Sesi"},"sameAs":["https:\/\/kuzeyinsesi.org"],"url":"https:\/\/kuzeyinsesi.org\/index.php\/author\/guven\/"}]}},"_links":{"self":[{"href":"https:\/\/kuzeyinsesi.org\/index.php\/wp-json\/wp\/v2\/posts\/15087","targetHints":{"allow":["GET"]}}],"collection":[{"href":"https:\/\/kuzeyinsesi.org\/index.php\/wp-json\/wp\/v2\/posts"}],"about":[{"href":"https:\/\/kuzeyinsesi.org\/index.php\/wp-json\/wp\/v2\/types\/post"}],"author":[{"embeddable":true,"href":"https:\/\/kuzeyinsesi.org\/index.php\/wp-json\/wp\/v2\/users\/1"}],"replies":[{"embeddable":true,"href":"https:\/\/kuzeyinsesi.org\/index.php\/wp-json\/wp\/v2\/comments?post=15087"}],"version-history":[{"count":0,"href":"https:\/\/kuzeyinsesi.org\/index.php\/wp-json\/wp\/v2\/posts\/15087\/revisions"}],"wp:featuredmedia":[{"embeddable":true,"href":"https:\/\/kuzeyinsesi.org\/index.php\/wp-json\/wp\/v2\/media\/15088"}],"wp:attachment":[{"href":"https:\/\/kuzeyinsesi.org\/index.php\/wp-json\/wp\/v2\/media?parent=15087"}],"wp:term":[{"taxonomy":"category","embeddable":true,"href":"https:\/\/kuzeyinsesi.org\/index.php\/wp-json\/wp\/v2\/categories?post=15087"},{"taxonomy":"post_tag","embeddable":true,"href":"https:\/\/kuzeyinsesi.org\/index.php\/wp-json\/wp\/v2\/tags?post=15087"}],"curies":[{"name":"wp","href":"https:\/\/api.w.org\/{rel}","templated":true}]}}