{"id":1508,"date":"2024-05-06T19:46:08","date_gmt":"2024-05-06T16:46:08","guid":{"rendered":"https:\/\/kuzeyinsesi.com\/index.php\/2024\/05\/06\/iskele-belediyesi-2-tiyatro-gunlerinde-karya-tiyatro-atolyesinden-seytan-tuyu-sahne-aldi\/"},"modified":"2024-05-06T19:46:08","modified_gmt":"2024-05-06T16:46:08","slug":"iskele-belediyesi-2-tiyatro-gunlerinde-karya-tiyatro-atolyesinden-seytan-tuyu-sahne-aldi","status":"publish","type":"post","link":"https:\/\/kuzeyinsesi.org\/index.php\/2024\/05\/06\/iskele-belediyesi-2-tiyatro-gunlerinde-karya-tiyatro-atolyesinden-seytan-tuyu-sahne-aldi\/","title":{"rendered":"\u0130skele Belediyesi 2. Tiyatro G\u00fcnleri\u2019nde Karya Tiyatro At\u00f6lyesi\u2019nden \u201c\u015eeytan T\u00fcy\u00fc\u201d sahne ald\u0131"},"content":{"rendered":"<div>\n<div class=\"mariselle-image-container none\">\n                                            <\/div>\n<p>\u0130skele Belediyesi\u2019nin ev sahipli\u011finde \u0130skele Belediye Tiyatrosu taraf\u0131ndan bu y\u0131l 2\u2019ncisi d\u00fczenlenen Tiyatro G\u00fcnlerinde, cumartesi ak\u015fam\u0131, Mu\u011fla\u2019dan Karya Tiyatro At\u00f6lyesi\u2019nin \u201c\u015eeytan T\u00fcy\u00fc\u201d isimli oyunu sahne ald\u0131.<\/p>\n<p>\u00d6d\u00fcll\u00fc yazar ve y\u00f6netmen Da\u011flar Uygur\u2019un yaz\u0131p y\u00f6netti\u011fi komedi t\u00fcr\u00fcndeki \u015eeytan T\u00fcy\u00fc, 90\u2019l\u0131 y\u0131llarda \u015fark\u0131c\u0131 olmak isteyen Naz\u0131m\u2019\u0131n hikayesini konu ald\u0131.<\/p>\n<p>Tiyatro G\u00fcnlerinde, 18 May\u0131s Cumartesi saat 20.00\u2019da G\u00fczelyurt Belediyesi \u015eehir Tiyatrosu, komedi t\u00fcr\u00fcndeki \u201cTersine D\u00fcnya\u201d isimli oyunu \u0130skele AKM\u2019de tiyatroseverlerle bulu\u015facak.<\/p>\n<p>Tiyatro G\u00fcnleri, 27 May\u0131s Pazartesi saat 20.00\u2019da Girne Belediyesi Tiyatro Topluluklar\u0131\u2019n\u0131n \u201cShakespeare\u2019in Hayaleti\u201d oyunu ile son bulacak.<\/p>\n<\/p><\/div>\n<p><script async\n                    defer\n                    crossorigin=\"anonymous\"\n                    src=\"https:\/\/connect.facebook.net\/tr_TR\/sdk.js#xfbml=1&#038;version=v3.3\"\n            ><\/script><\/p>\n","protected":false},"excerpt":{"rendered":"<p>\u0130skele Belediyesi\u2019nin ev sahipli\u011finde \u0130skele Belediye Tiyatrosu taraf\u0131ndan bu y\u0131l 2\u2019ncisi d\u00fczenlenen Tiyatro G\u00fcnlerinde, cumartesi ak\u015fam\u0131, Mu\u011fla\u2019dan Karya Tiyatro At\u00f6lyesi\u2019nin \u201c\u015eeytan T\u00fcy\u00fc\u201d isimli oyunu sahne ald\u0131. \u00d6d\u00fcll\u00fc yazar ve y\u00f6netmen Da\u011flar Uygur\u2019un yaz\u0131p y\u00f6netti\u011fi komedi t\u00fcr\u00fcndeki \u015eeytan T\u00fcy\u00fc, 90\u2019l\u0131 y\u0131llarda \u015fark\u0131c\u0131 olmak isteyen Naz\u0131m\u2019\u0131n hikayesini konu ald\u0131. Tiyatro G\u00fcnlerinde, 18 May\u0131s Cumartesi saat 20.00\u2019da G\u00fczelyurt [&hellip;]<\/p>\n","protected":false},"author":1,"featured_media":1509,"comment_status":"open","ping_status":"open","sticky":false,"template":"","format":"standard","meta":{"jnews-multi-image_gallery":[],"jnews_single_post":[],"jnews_primary_category":[],"jnews_social_meta":[],"jnews_override_counter":[],"footnotes":""},"categories":[6],"tags":[],"class_list":["post-1508","post","type-post","status-publish","format-standard","has-post-thumbnail","hentry","category-yasam"],"yoast_head":"<!-- This site is optimized with the Yoast SEO plugin v27.5 - https:\/\/yoast.com\/product\/yoast-seo-wordpress\/ -->\n<title>\u0130skele Belediyesi 2. Tiyatro G\u00fcnleri\u2019nde Karya Tiyatro At\u00f6lyesi\u2019nden \u201c\u015eeytan T\u00fcy\u00fc\u201d sahne ald\u0131 - Kuzeyin Sesi<\/title>\n<meta name=\"robots\" content=\"index, follow, max-snippet:-1, max-image-preview:large, max-video-preview:-1\" \/>\n<link rel=\"canonical\" href=\"https:\/\/kuzeyinsesi.org\/index.php\/2024\/05\/06\/iskele-belediyesi-2-tiyatro-gunlerinde-karya-tiyatro-atolyesinden-seytan-tuyu-sahne-aldi\/\" \/>\n<meta property=\"og:locale\" content=\"tr_TR\" \/>\n<meta property=\"og:type\" content=\"article\" \/>\n<meta property=\"og:title\" content=\"\u0130skele Belediyesi 2. Tiyatro G\u00fcnleri\u2019nde Karya Tiyatro At\u00f6lyesi\u2019nden \u201c\u015eeytan T\u00fcy\u00fc\u201d sahne ald\u0131 - Kuzeyin Sesi\" \/>\n<meta property=\"og:description\" content=\"\u0130skele Belediyesi\u2019nin ev sahipli\u011finde \u0130skele Belediye Tiyatrosu taraf\u0131ndan bu y\u0131l 2\u2019ncisi d\u00fczenlenen Tiyatro G\u00fcnlerinde, cumartesi ak\u015fam\u0131, Mu\u011fla\u2019dan Karya Tiyatro At\u00f6lyesi\u2019nin \u201c\u015eeytan T\u00fcy\u00fc\u201d isimli oyunu sahne ald\u0131. \u00d6d\u00fcll\u00fc yazar ve y\u00f6netmen Da\u011flar Uygur\u2019un yaz\u0131p y\u00f6netti\u011fi komedi t\u00fcr\u00fcndeki \u015eeytan T\u00fcy\u00fc, 90\u2019l\u0131 y\u0131llarda \u015fark\u0131c\u0131 olmak isteyen Naz\u0131m\u2019\u0131n hikayesini konu ald\u0131. Tiyatro G\u00fcnlerinde, 18 May\u0131s Cumartesi saat 20.00\u2019da G\u00fczelyurt [&hellip;]\" \/>\n<meta property=\"og:url\" content=\"https:\/\/kuzeyinsesi.org\/index.php\/2024\/05\/06\/iskele-belediyesi-2-tiyatro-gunlerinde-karya-tiyatro-atolyesinden-seytan-tuyu-sahne-aldi\/\" \/>\n<meta property=\"og:site_name\" content=\"Kuzeyin Sesi\" \/>\n<meta property=\"article:publisher\" content=\"https:\/\/www.facebook.com\/kuzeyinsesii\" \/>\n<meta property=\"article:published_time\" content=\"2024-05-06T16:46:08+00:00\" \/>\n<meta property=\"og:image\" content=\"https:\/\/kuzeyinsesi.org\/wp-content\/uploads\/2024\/05\/iskele-belediyesi-2-tiyatro-gunleri1.jpg\" \/>\n\t<meta property=\"og:image:width\" content=\"1620\" \/>\n\t<meta property=\"og:image:height\" content=\"1080\" \/>\n\t<meta property=\"og:image:type\" content=\"image\/jpeg\" \/>\n<meta name=\"author\" content=\"Kuzeyin Sesi\" \/>\n<meta name=\"twitter:card\" content=\"summary_large_image\" \/>\n<meta name=\"twitter:creator\" content=\"@kuzeyinsesii\" \/>\n<meta name=\"twitter:site\" content=\"@kuzeyinsesii\" \/>\n<meta name=\"twitter:label1\" content=\"Yazan:\" \/>\n\t<meta name=\"twitter:data1\" content=\"Kuzeyin Sesi\" \/>\n\t<meta name=\"twitter:label2\" content=\"Tahmini okuma s\u00fcresi\" \/>\n\t<meta name=\"twitter:data2\" content=\"1 dakika\" \/>\n<script type=\"application\/ld+json\" class=\"yoast-schema-graph\">{\"@context\":\"https:\\\/\\\/schema.org\",\"@graph\":[{\"@type\":\"Article\",\"@id\":\"https:\\\/\\\/kuzeyinsesi.org\\\/index.php\\\/2024\\\/05\\\/06\\\/iskele-belediyesi-2-tiyatro-gunlerinde-karya-tiyatro-atolyesinden-seytan-tuyu-sahne-aldi\\\/#article\",\"isPartOf\":{\"@id\":\"https:\\\/\\\/kuzeyinsesi.org\\\/index.php\\\/2024\\\/05\\\/06\\\/iskele-belediyesi-2-tiyatro-gunlerinde-karya-tiyatro-atolyesinden-seytan-tuyu-sahne-aldi\\\/\"},\"author\":{\"name\":\"Kuzeyin Sesi\",\"@id\":\"https:\\\/\\\/kuzeyinsesi.org\\\/#\\\/schema\\\/person\\\/9f859689cdf01485597712386e37f5aa\"},\"headline\":\"\u0130skele Belediyesi 2. Tiyatro G\u00fcnleri\u2019nde Karya Tiyatro At\u00f6lyesi\u2019nden \u201c\u015eeytan T\u00fcy\u00fc\u201d sahne ald\u0131\",\"datePublished\":\"2024-05-06T16:46:08+00:00\",\"mainEntityOfPage\":{\"@id\":\"https:\\\/\\\/kuzeyinsesi.org\\\/index.php\\\/2024\\\/05\\\/06\\\/iskele-belediyesi-2-tiyatro-gunlerinde-karya-tiyatro-atolyesinden-seytan-tuyu-sahne-aldi\\\/\"},\"wordCount\":138,\"commentCount\":0,\"image\":{\"@id\":\"https:\\\/\\\/kuzeyinsesi.org\\\/index.php\\\/2024\\\/05\\\/06\\\/iskele-belediyesi-2-tiyatro-gunlerinde-karya-tiyatro-atolyesinden-seytan-tuyu-sahne-aldi\\\/#primaryimage\"},\"thumbnailUrl\":\"https:\\\/\\\/kuzeyinsesi.org\\\/wp-content\\\/uploads\\\/2024\\\/05\\\/iskele-belediyesi-2-tiyatro-gunleri1.jpg\",\"articleSection\":[\"Ya\u015fam\"],\"inLanguage\":\"tr\",\"potentialAction\":[{\"@type\":\"CommentAction\",\"name\":\"Comment\",\"target\":[\"https:\\\/\\\/kuzeyinsesi.org\\\/index.php\\\/2024\\\/05\\\/06\\\/iskele-belediyesi-2-tiyatro-gunlerinde-karya-tiyatro-atolyesinden-seytan-tuyu-sahne-aldi\\\/#respond\"]}]},{\"@type\":\"WebPage\",\"@id\":\"https:\\\/\\\/kuzeyinsesi.org\\\/index.php\\\/2024\\\/05\\\/06\\\/iskele-belediyesi-2-tiyatro-gunlerinde-karya-tiyatro-atolyesinden-seytan-tuyu-sahne-aldi\\\/\",\"url\":\"https:\\\/\\\/kuzeyinsesi.org\\\/index.php\\\/2024\\\/05\\\/06\\\/iskele-belediyesi-2-tiyatro-gunlerinde-karya-tiyatro-atolyesinden-seytan-tuyu-sahne-aldi\\\/\",\"name\":\"\u0130skele Belediyesi 2. Tiyatro G\u00fcnleri\u2019nde Karya Tiyatro At\u00f6lyesi\u2019nden \u201c\u015eeytan T\u00fcy\u00fc\u201d sahne ald\u0131 - Kuzeyin Sesi\",\"isPartOf\":{\"@id\":\"https:\\\/\\\/kuzeyinsesi.org\\\/#website\"},\"primaryImageOfPage\":{\"@id\":\"https:\\\/\\\/kuzeyinsesi.org\\\/index.php\\\/2024\\\/05\\\/06\\\/iskele-belediyesi-2-tiyatro-gunlerinde-karya-tiyatro-atolyesinden-seytan-tuyu-sahne-aldi\\\/#primaryimage\"},\"image\":{\"@id\":\"https:\\\/\\\/kuzeyinsesi.org\\\/index.php\\\/2024\\\/05\\\/06\\\/iskele-belediyesi-2-tiyatro-gunlerinde-karya-tiyatro-atolyesinden-seytan-tuyu-sahne-aldi\\\/#primaryimage\"},\"thumbnailUrl\":\"https:\\\/\\\/kuzeyinsesi.org\\\/wp-content\\\/uploads\\\/2024\\\/05\\\/iskele-belediyesi-2-tiyatro-gunleri1.jpg\",\"datePublished\":\"2024-05-06T16:46:08+00:00\",\"author\":{\"@id\":\"https:\\\/\\\/kuzeyinsesi.org\\\/#\\\/schema\\\/person\\\/9f859689cdf01485597712386e37f5aa\"},\"breadcrumb\":{\"@id\":\"https:\\\/\\\/kuzeyinsesi.org\\\/index.php\\\/2024\\\/05\\\/06\\\/iskele-belediyesi-2-tiyatro-gunlerinde-karya-tiyatro-atolyesinden-seytan-tuyu-sahne-aldi\\\/#breadcrumb\"},\"inLanguage\":\"tr\",\"potentialAction\":[{\"@type\":\"ReadAction\",\"target\":[\"https:\\\/\\\/kuzeyinsesi.org\\\/index.php\\\/2024\\\/05\\\/06\\\/iskele-belediyesi-2-tiyatro-gunlerinde-karya-tiyatro-atolyesinden-seytan-tuyu-sahne-aldi\\\/\"]}]},{\"@type\":\"ImageObject\",\"inLanguage\":\"tr\",\"@id\":\"https:\\\/\\\/kuzeyinsesi.org\\\/index.php\\\/2024\\\/05\\\/06\\\/iskele-belediyesi-2-tiyatro-gunlerinde-karya-tiyatro-atolyesinden-seytan-tuyu-sahne-aldi\\\/#primaryimage\",\"url\":\"https:\\\/\\\/kuzeyinsesi.org\\\/wp-content\\\/uploads\\\/2024\\\/05\\\/iskele-belediyesi-2-tiyatro-gunleri1.jpg\",\"contentUrl\":\"https:\\\/\\\/kuzeyinsesi.org\\\/wp-content\\\/uploads\\\/2024\\\/05\\\/iskele-belediyesi-2-tiyatro-gunleri1.jpg\",\"width\":1620,\"height\":1080},{\"@type\":\"BreadcrumbList\",\"@id\":\"https:\\\/\\\/kuzeyinsesi.org\\\/index.php\\\/2024\\\/05\\\/06\\\/iskele-belediyesi-2-tiyatro-gunlerinde-karya-tiyatro-atolyesinden-seytan-tuyu-sahne-aldi\\\/#breadcrumb\",\"itemListElement\":[{\"@type\":\"ListItem\",\"position\":1,\"name\":\"Anasayfa\",\"item\":\"https:\\\/\\\/kuzeyinsesi.org\\\/\"},{\"@type\":\"ListItem\",\"position\":2,\"name\":\"\u0130skele Belediyesi 2. Tiyatro G\u00fcnleri\u2019nde Karya Tiyatro At\u00f6lyesi\u2019nden \u201c\u015eeytan T\u00fcy\u00fc\u201d sahne ald\u0131\"}]},{\"@type\":\"WebSite\",\"@id\":\"https:\\\/\\\/kuzeyinsesi.org\\\/#website\",\"url\":\"https:\\\/\\\/kuzeyinsesi.org\\\/\",\"name\":\"Kuzeyin Sesi\",\"description\":\"Do\u011fru Haberin Adresi\",\"potentialAction\":[{\"@type\":\"SearchAction\",\"target\":{\"@type\":\"EntryPoint\",\"urlTemplate\":\"https:\\\/\\\/kuzeyinsesi.org\\\/?s={search_term_string}\"},\"query-input\":{\"@type\":\"PropertyValueSpecification\",\"valueRequired\":true,\"valueName\":\"search_term_string\"}}],\"inLanguage\":\"tr\"},{\"@type\":\"Person\",\"@id\":\"https:\\\/\\\/kuzeyinsesi.org\\\/#\\\/schema\\\/person\\\/9f859689cdf01485597712386e37f5aa\",\"name\":\"Kuzeyin Sesi\",\"image\":{\"@type\":\"ImageObject\",\"inLanguage\":\"tr\",\"@id\":\"https:\\\/\\\/secure.gravatar.com\\\/avatar\\\/bab33852abfd8b282518d6ed81826833d77c3c882d9ab608add591ccace47a44?s=96&d=mm&r=g\",\"url\":\"https:\\\/\\\/secure.gravatar.com\\\/avatar\\\/bab33852abfd8b282518d6ed81826833d77c3c882d9ab608add591ccace47a44?s=96&d=mm&r=g\",\"contentUrl\":\"https:\\\/\\\/secure.gravatar.com\\\/avatar\\\/bab33852abfd8b282518d6ed81826833d77c3c882d9ab608add591ccace47a44?s=96&d=mm&r=g\",\"caption\":\"Kuzeyin Sesi\"},\"sameAs\":[\"https:\\\/\\\/kuzeyinsesi.org\"],\"url\":\"https:\\\/\\\/kuzeyinsesi.org\\\/index.php\\\/author\\\/guven\\\/\"}]}<\/script>\n<!-- \/ Yoast SEO plugin. -->","yoast_head_json":{"title":"\u0130skele Belediyesi 2. Tiyatro G\u00fcnleri\u2019nde Karya Tiyatro At\u00f6lyesi\u2019nden \u201c\u015eeytan T\u00fcy\u00fc\u201d sahne ald\u0131 - Kuzeyin Sesi","robots":{"index":"index","follow":"follow","max-snippet":"max-snippet:-1","max-image-preview":"max-image-preview:large","max-video-preview":"max-video-preview:-1"},"canonical":"https:\/\/kuzeyinsesi.org\/index.php\/2024\/05\/06\/iskele-belediyesi-2-tiyatro-gunlerinde-karya-tiyatro-atolyesinden-seytan-tuyu-sahne-aldi\/","og_locale":"tr_TR","og_type":"article","og_title":"\u0130skele Belediyesi 2. Tiyatro G\u00fcnleri\u2019nde Karya Tiyatro At\u00f6lyesi\u2019nden \u201c\u015eeytan T\u00fcy\u00fc\u201d sahne ald\u0131 - Kuzeyin Sesi","og_description":"\u0130skele Belediyesi\u2019nin ev sahipli\u011finde \u0130skele Belediye Tiyatrosu taraf\u0131ndan bu y\u0131l 2\u2019ncisi d\u00fczenlenen Tiyatro G\u00fcnlerinde, cumartesi ak\u015fam\u0131, Mu\u011fla\u2019dan Karya Tiyatro At\u00f6lyesi\u2019nin \u201c\u015eeytan T\u00fcy\u00fc\u201d isimli oyunu sahne ald\u0131. \u00d6d\u00fcll\u00fc yazar ve y\u00f6netmen Da\u011flar Uygur\u2019un yaz\u0131p y\u00f6netti\u011fi komedi t\u00fcr\u00fcndeki \u015eeytan T\u00fcy\u00fc, 90\u2019l\u0131 y\u0131llarda \u015fark\u0131c\u0131 olmak isteyen Naz\u0131m\u2019\u0131n hikayesini konu ald\u0131. Tiyatro G\u00fcnlerinde, 18 May\u0131s Cumartesi saat 20.00\u2019da G\u00fczelyurt [&hellip;]","og_url":"https:\/\/kuzeyinsesi.org\/index.php\/2024\/05\/06\/iskele-belediyesi-2-tiyatro-gunlerinde-karya-tiyatro-atolyesinden-seytan-tuyu-sahne-aldi\/","og_site_name":"Kuzeyin Sesi","article_publisher":"https:\/\/www.facebook.com\/kuzeyinsesii","article_published_time":"2024-05-06T16:46:08+00:00","og_image":[{"width":1620,"height":1080,"url":"https:\/\/kuzeyinsesi.org\/wp-content\/uploads\/2024\/05\/iskele-belediyesi-2-tiyatro-gunleri1.jpg","type":"image\/jpeg"}],"author":"Kuzeyin Sesi","twitter_card":"summary_large_image","twitter_creator":"@kuzeyinsesii","twitter_site":"@kuzeyinsesii","twitter_misc":{"Yazan:":"Kuzeyin Sesi","Tahmini okuma s\u00fcresi":"1 dakika"},"schema":{"@context":"https:\/\/schema.org","@graph":[{"@type":"Article","@id":"https:\/\/kuzeyinsesi.org\/index.php\/2024\/05\/06\/iskele-belediyesi-2-tiyatro-gunlerinde-karya-tiyatro-atolyesinden-seytan-tuyu-sahne-aldi\/#article","isPartOf":{"@id":"https:\/\/kuzeyinsesi.org\/index.php\/2024\/05\/06\/iskele-belediyesi-2-tiyatro-gunlerinde-karya-tiyatro-atolyesinden-seytan-tuyu-sahne-aldi\/"},"author":{"name":"Kuzeyin Sesi","@id":"https:\/\/kuzeyinsesi.org\/#\/schema\/person\/9f859689cdf01485597712386e37f5aa"},"headline":"\u0130skele Belediyesi 2. Tiyatro G\u00fcnleri\u2019nde Karya Tiyatro At\u00f6lyesi\u2019nden \u201c\u015eeytan T\u00fcy\u00fc\u201d sahne ald\u0131","datePublished":"2024-05-06T16:46:08+00:00","mainEntityOfPage":{"@id":"https:\/\/kuzeyinsesi.org\/index.php\/2024\/05\/06\/iskele-belediyesi-2-tiyatro-gunlerinde-karya-tiyatro-atolyesinden-seytan-tuyu-sahne-aldi\/"},"wordCount":138,"commentCount":0,"image":{"@id":"https:\/\/kuzeyinsesi.org\/index.php\/2024\/05\/06\/iskele-belediyesi-2-tiyatro-gunlerinde-karya-tiyatro-atolyesinden-seytan-tuyu-sahne-aldi\/#primaryimage"},"thumbnailUrl":"https:\/\/kuzeyinsesi.org\/wp-content\/uploads\/2024\/05\/iskele-belediyesi-2-tiyatro-gunleri1.jpg","articleSection":["Ya\u015fam"],"inLanguage":"tr","potentialAction":[{"@type":"CommentAction","name":"Comment","target":["https:\/\/kuzeyinsesi.org\/index.php\/2024\/05\/06\/iskele-belediyesi-2-tiyatro-gunlerinde-karya-tiyatro-atolyesinden-seytan-tuyu-sahne-aldi\/#respond"]}]},{"@type":"WebPage","@id":"https:\/\/kuzeyinsesi.org\/index.php\/2024\/05\/06\/iskele-belediyesi-2-tiyatro-gunlerinde-karya-tiyatro-atolyesinden-seytan-tuyu-sahne-aldi\/","url":"https:\/\/kuzeyinsesi.org\/index.php\/2024\/05\/06\/iskele-belediyesi-2-tiyatro-gunlerinde-karya-tiyatro-atolyesinden-seytan-tuyu-sahne-aldi\/","name":"\u0130skele Belediyesi 2. Tiyatro G\u00fcnleri\u2019nde Karya Tiyatro At\u00f6lyesi\u2019nden \u201c\u015eeytan T\u00fcy\u00fc\u201d sahne ald\u0131 - Kuzeyin Sesi","isPartOf":{"@id":"https:\/\/kuzeyinsesi.org\/#website"},"primaryImageOfPage":{"@id":"https:\/\/kuzeyinsesi.org\/index.php\/2024\/05\/06\/iskele-belediyesi-2-tiyatro-gunlerinde-karya-tiyatro-atolyesinden-seytan-tuyu-sahne-aldi\/#primaryimage"},"image":{"@id":"https:\/\/kuzeyinsesi.org\/index.php\/2024\/05\/06\/iskele-belediyesi-2-tiyatro-gunlerinde-karya-tiyatro-atolyesinden-seytan-tuyu-sahne-aldi\/#primaryimage"},"thumbnailUrl":"https:\/\/kuzeyinsesi.org\/wp-content\/uploads\/2024\/05\/iskele-belediyesi-2-tiyatro-gunleri1.jpg","datePublished":"2024-05-06T16:46:08+00:00","author":{"@id":"https:\/\/kuzeyinsesi.org\/#\/schema\/person\/9f859689cdf01485597712386e37f5aa"},"breadcrumb":{"@id":"https:\/\/kuzeyinsesi.org\/index.php\/2024\/05\/06\/iskele-belediyesi-2-tiyatro-gunlerinde-karya-tiyatro-atolyesinden-seytan-tuyu-sahne-aldi\/#breadcrumb"},"inLanguage":"tr","potentialAction":[{"@type":"ReadAction","target":["https:\/\/kuzeyinsesi.org\/index.php\/2024\/05\/06\/iskele-belediyesi-2-tiyatro-gunlerinde-karya-tiyatro-atolyesinden-seytan-tuyu-sahne-aldi\/"]}]},{"@type":"ImageObject","inLanguage":"tr","@id":"https:\/\/kuzeyinsesi.org\/index.php\/2024\/05\/06\/iskele-belediyesi-2-tiyatro-gunlerinde-karya-tiyatro-atolyesinden-seytan-tuyu-sahne-aldi\/#primaryimage","url":"https:\/\/kuzeyinsesi.org\/wp-content\/uploads\/2024\/05\/iskele-belediyesi-2-tiyatro-gunleri1.jpg","contentUrl":"https:\/\/kuzeyinsesi.org\/wp-content\/uploads\/2024\/05\/iskele-belediyesi-2-tiyatro-gunleri1.jpg","width":1620,"height":1080},{"@type":"BreadcrumbList","@id":"https:\/\/kuzeyinsesi.org\/index.php\/2024\/05\/06\/iskele-belediyesi-2-tiyatro-gunlerinde-karya-tiyatro-atolyesinden-seytan-tuyu-sahne-aldi\/#breadcrumb","itemListElement":[{"@type":"ListItem","position":1,"name":"Anasayfa","item":"https:\/\/kuzeyinsesi.org\/"},{"@type":"ListItem","position":2,"name":"\u0130skele Belediyesi 2. Tiyatro G\u00fcnleri\u2019nde Karya Tiyatro At\u00f6lyesi\u2019nden \u201c\u015eeytan T\u00fcy\u00fc\u201d sahne ald\u0131"}]},{"@type":"WebSite","@id":"https:\/\/kuzeyinsesi.org\/#website","url":"https:\/\/kuzeyinsesi.org\/","name":"Kuzeyin Sesi","description":"Do\u011fru Haberin Adresi","potentialAction":[{"@type":"SearchAction","target":{"@type":"EntryPoint","urlTemplate":"https:\/\/kuzeyinsesi.org\/?s={search_term_string}"},"query-input":{"@type":"PropertyValueSpecification","valueRequired":true,"valueName":"search_term_string"}}],"inLanguage":"tr"},{"@type":"Person","@id":"https:\/\/kuzeyinsesi.org\/#\/schema\/person\/9f859689cdf01485597712386e37f5aa","name":"Kuzeyin Sesi","image":{"@type":"ImageObject","inLanguage":"tr","@id":"https:\/\/secure.gravatar.com\/avatar\/bab33852abfd8b282518d6ed81826833d77c3c882d9ab608add591ccace47a44?s=96&d=mm&r=g","url":"https:\/\/secure.gravatar.com\/avatar\/bab33852abfd8b282518d6ed81826833d77c3c882d9ab608add591ccace47a44?s=96&d=mm&r=g","contentUrl":"https:\/\/secure.gravatar.com\/avatar\/bab33852abfd8b282518d6ed81826833d77c3c882d9ab608add591ccace47a44?s=96&d=mm&r=g","caption":"Kuzeyin Sesi"},"sameAs":["https:\/\/kuzeyinsesi.org"],"url":"https:\/\/kuzeyinsesi.org\/index.php\/author\/guven\/"}]}},"_links":{"self":[{"href":"https:\/\/kuzeyinsesi.org\/index.php\/wp-json\/wp\/v2\/posts\/1508","targetHints":{"allow":["GET"]}}],"collection":[{"href":"https:\/\/kuzeyinsesi.org\/index.php\/wp-json\/wp\/v2\/posts"}],"about":[{"href":"https:\/\/kuzeyinsesi.org\/index.php\/wp-json\/wp\/v2\/types\/post"}],"author":[{"embeddable":true,"href":"https:\/\/kuzeyinsesi.org\/index.php\/wp-json\/wp\/v2\/users\/1"}],"replies":[{"embeddable":true,"href":"https:\/\/kuzeyinsesi.org\/index.php\/wp-json\/wp\/v2\/comments?post=1508"}],"version-history":[{"count":0,"href":"https:\/\/kuzeyinsesi.org\/index.php\/wp-json\/wp\/v2\/posts\/1508\/revisions"}],"wp:featuredmedia":[{"embeddable":true,"href":"https:\/\/kuzeyinsesi.org\/index.php\/wp-json\/wp\/v2\/media\/1509"}],"wp:attachment":[{"href":"https:\/\/kuzeyinsesi.org\/index.php\/wp-json\/wp\/v2\/media?parent=1508"}],"wp:term":[{"taxonomy":"category","embeddable":true,"href":"https:\/\/kuzeyinsesi.org\/index.php\/wp-json\/wp\/v2\/categories?post=1508"},{"taxonomy":"post_tag","embeddable":true,"href":"https:\/\/kuzeyinsesi.org\/index.php\/wp-json\/wp\/v2\/tags?post=1508"}],"curies":[{"name":"wp","href":"https:\/\/api.w.org\/{rel}","templated":true}]}}