{"id":15073,"date":"2024-12-06T15:04:06","date_gmt":"2024-12-06T13:04:06","guid":{"rendered":"https:\/\/kuzeyinsesi.org\/index.php\/2024\/12\/06\/gaude-talebe-mustafa-kitabi-soylesi-ve-imza-gunu-yapildi\/"},"modified":"2024-12-06T15:04:06","modified_gmt":"2024-12-06T13:04:06","slug":"gaude-talebe-mustafa-kitabi-soylesi-ve-imza-gunu-yapildi","status":"publish","type":"post","link":"https:\/\/kuzeyinsesi.org\/index.php\/2024\/12\/06\/gaude-talebe-mustafa-kitabi-soylesi-ve-imza-gunu-yapildi\/","title":{"rendered":"GA\u00dc\u2019de \u201cTalebe Mustafa\u201d kitab\u0131 s\u00f6yle\u015fi ve imza g\u00fcn\u00fc yap\u0131ld\u0131"},"content":{"rendered":"<div>\n<div class=\"mariselle-image-container center\">\n                                            <\/div>\n<p>Girne Amerikan \u00dcniversitesi (GA\u00dc) \u0130leti\u015fim Fak\u00fcltesi, Gazi Mustafa Kemal Atat\u00fcrk\u2019\u00fcn \u00f6\u011frenim hayat\u0131n\u0131 konu alan \u201cTalebe Mustafa\u201d kitab\u0131na ili\u015fkin bir s\u00f6yle\u015fi ve imza g\u00fcn\u00fc ger\u00e7ekle\u015ftirdi. Kitab\u0131n yazar\u0131 Emekli Kurmay Albay \u0130krami \u00d6zturan\u2019\u0131n kat\u0131l\u0131m\u0131yla d\u00fczenlenen etkinlik, d\u00fcn Spectrum Uluslararas\u0131 Kongre Merkezi\u2019nde yap\u0131ld\u0131.<\/p>\n<p>GA\u00dc Kurumsal \u0130leti\u015fim Daire Ba\u015fkanl\u0131\u011f\u0131 taraf\u0131ndan yap\u0131lan a\u00e7\u0131klamaya g\u00f6re, 2022 y\u0131l\u0131nda yay\u0131mlanan 320 sayfal\u0131k \u201cTalebe Mustafa\u201d kitab\u0131, Atat\u00fcrk\u2019\u00fcn \u00e7ocukluk, okul ve gen\u00e7lik d\u00f6nemlerine odaklan\u0131yor. Kitap, Ulu \u00d6nder\u2019in 57 y\u0131ll\u0131k \u00f6mr\u00fcn\u00fcn ilk 24 y\u0131l\u0131na dair kesitleri, detayl\u0131 bir ara\u015ft\u0131rma s\u00fcreciyle ortaya \u00e7\u0131kar\u0131lan belgeler, r\u00f6portajlar ve eskizlerle aktar\u0131yor.<\/p>\n<p>S\u00f6yle\u015fi ve imza g\u00fcn\u00fc etkinli\u011finin koordinat\u00f6rl\u00fc\u011f\u00fcn\u00fc GA\u00dc \u0130leti\u015fim Fak\u00fcltesi \u00d6\u011fretim \u00dcyesi Yrd. Do\u00e7. Dr. M\u00fckerrem Y\u0131lmaz \u00fcstlenirken, \u201cTalebe Mustafa\u201d kitab\u0131na ili\u015fkin bu etkinli\u011fin, Kuzey K\u0131br\u0131s T\u00fcrk Cumhuriyeti\u2019ndeki \u00e7e\u015fitli lise ve \u00fcniversitelerde de d\u00fczenlendi\u011fi belirtildi.<\/p>\n<\/p><\/div>\n<p><script async\n                    defer\n                    crossorigin=\"anonymous\"\n                    src=\"https:\/\/connect.facebook.net\/tr_TR\/sdk.js#xfbml=1&#038;version=v3.3\"\n            ><\/script><\/p>\n","protected":false},"excerpt":{"rendered":"<p>Girne Amerikan \u00dcniversitesi (GA\u00dc) \u0130leti\u015fim Fak\u00fcltesi, Gazi Mustafa Kemal Atat\u00fcrk\u2019\u00fcn \u00f6\u011frenim hayat\u0131n\u0131 konu alan \u201cTalebe Mustafa\u201d kitab\u0131na ili\u015fkin bir s\u00f6yle\u015fi ve imza g\u00fcn\u00fc ger\u00e7ekle\u015ftirdi. Kitab\u0131n yazar\u0131 Emekli Kurmay Albay \u0130krami \u00d6zturan\u2019\u0131n kat\u0131l\u0131m\u0131yla d\u00fczenlenen etkinlik, d\u00fcn Spectrum Uluslararas\u0131 Kongre Merkezi\u2019nde yap\u0131ld\u0131. GA\u00dc Kurumsal \u0130leti\u015fim Daire Ba\u015fkanl\u0131\u011f\u0131 taraf\u0131ndan yap\u0131lan a\u00e7\u0131klamaya g\u00f6re, 2022 y\u0131l\u0131nda yay\u0131mlanan 320 sayfal\u0131k \u201cTalebe [&hellip;]<\/p>\n","protected":false},"author":1,"featured_media":15074,"comment_status":"open","ping_status":"open","sticky":false,"template":"","format":"standard","meta":{"jnews-multi-image_gallery":[],"jnews_single_post":[],"jnews_primary_category":[],"jnews_social_meta":[],"jnews_override_counter":[],"footnotes":""},"categories":[6],"tags":[],"class_list":["post-15073","post","type-post","status-publish","format-standard","has-post-thumbnail","hentry","category-yasam"],"yoast_head":"<!-- This site is optimized with the Yoast SEO plugin v27.4 - https:\/\/yoast.com\/product\/yoast-seo-wordpress\/ -->\n<title>GA\u00dc\u2019de \u201cTalebe Mustafa\u201d kitab\u0131 s\u00f6yle\u015fi ve imza g\u00fcn\u00fc yap\u0131ld\u0131 - Kuzeyin Sesi<\/title>\n<meta name=\"robots\" content=\"index, follow, max-snippet:-1, max-image-preview:large, max-video-preview:-1\" \/>\n<link rel=\"canonical\" href=\"https:\/\/kuzeyinsesi.org\/index.php\/2024\/12\/06\/gaude-talebe-mustafa-kitabi-soylesi-ve-imza-gunu-yapildi\/\" \/>\n<meta property=\"og:locale\" content=\"tr_TR\" \/>\n<meta property=\"og:type\" content=\"article\" \/>\n<meta property=\"og:title\" content=\"GA\u00dc\u2019de \u201cTalebe Mustafa\u201d kitab\u0131 s\u00f6yle\u015fi ve imza g\u00fcn\u00fc yap\u0131ld\u0131 - Kuzeyin Sesi\" \/>\n<meta property=\"og:description\" content=\"Girne Amerikan \u00dcniversitesi (GA\u00dc) \u0130leti\u015fim Fak\u00fcltesi, Gazi Mustafa Kemal Atat\u00fcrk\u2019\u00fcn \u00f6\u011frenim hayat\u0131n\u0131 konu alan \u201cTalebe Mustafa\u201d kitab\u0131na ili\u015fkin bir s\u00f6yle\u015fi ve imza g\u00fcn\u00fc ger\u00e7ekle\u015ftirdi. Kitab\u0131n yazar\u0131 Emekli Kurmay Albay \u0130krami \u00d6zturan\u2019\u0131n kat\u0131l\u0131m\u0131yla d\u00fczenlenen etkinlik, d\u00fcn Spectrum Uluslararas\u0131 Kongre Merkezi\u2019nde yap\u0131ld\u0131. GA\u00dc Kurumsal \u0130leti\u015fim Daire Ba\u015fkanl\u0131\u011f\u0131 taraf\u0131ndan yap\u0131lan a\u00e7\u0131klamaya g\u00f6re, 2022 y\u0131l\u0131nda yay\u0131mlanan 320 sayfal\u0131k \u201cTalebe [&hellip;]\" \/>\n<meta property=\"og:url\" content=\"https:\/\/kuzeyinsesi.org\/index.php\/2024\/12\/06\/gaude-talebe-mustafa-kitabi-soylesi-ve-imza-gunu-yapildi\/\" \/>\n<meta property=\"og:site_name\" content=\"Kuzeyin Sesi\" \/>\n<meta property=\"article:publisher\" content=\"https:\/\/www.facebook.com\/kuzeyinsesii\" \/>\n<meta property=\"article:published_time\" content=\"2024-12-06T13:04:06+00:00\" \/>\n<meta property=\"og:image\" content=\"https:\/\/brtk.net\/wp-content\/uploads\/2024\/12\/06\/1733476049324TALEBE-MUSTAFA-GAU5.jpg?ver=4d2aab0187d4399031d211755169e0fe\" \/>\n<meta name=\"author\" content=\"Kuzeyin Sesi\" \/>\n<meta name=\"twitter:card\" content=\"summary_large_image\" \/>\n<meta name=\"twitter:creator\" content=\"@kuzeyinsesii\" \/>\n<meta name=\"twitter:site\" content=\"@kuzeyinsesii\" \/>\n<meta name=\"twitter:label1\" content=\"Yazan:\" \/>\n\t<meta name=\"twitter:data1\" content=\"Kuzeyin Sesi\" \/>\n\t<meta name=\"twitter:label2\" content=\"Tahmini okuma s\u00fcresi\" \/>\n\t<meta name=\"twitter:data2\" content=\"1 dakika\" \/>\n<script type=\"application\/ld+json\" class=\"yoast-schema-graph\">{\"@context\":\"https:\\\/\\\/schema.org\",\"@graph\":[{\"@type\":\"Article\",\"@id\":\"https:\\\/\\\/kuzeyinsesi.org\\\/index.php\\\/2024\\\/12\\\/06\\\/gaude-talebe-mustafa-kitabi-soylesi-ve-imza-gunu-yapildi\\\/#article\",\"isPartOf\":{\"@id\":\"https:\\\/\\\/kuzeyinsesi.org\\\/index.php\\\/2024\\\/12\\\/06\\\/gaude-talebe-mustafa-kitabi-soylesi-ve-imza-gunu-yapildi\\\/\"},\"author\":{\"name\":\"Kuzeyin Sesi\",\"@id\":\"https:\\\/\\\/kuzeyinsesi.org\\\/#\\\/schema\\\/person\\\/9f859689cdf01485597712386e37f5aa\"},\"headline\":\"GA\u00dc\u2019de \u201cTalebe Mustafa\u201d kitab\u0131 s\u00f6yle\u015fi ve imza g\u00fcn\u00fc yap\u0131ld\u0131\",\"datePublished\":\"2024-12-06T13:04:06+00:00\",\"mainEntityOfPage\":{\"@id\":\"https:\\\/\\\/kuzeyinsesi.org\\\/index.php\\\/2024\\\/12\\\/06\\\/gaude-talebe-mustafa-kitabi-soylesi-ve-imza-gunu-yapildi\\\/\"},\"wordCount\":199,\"commentCount\":0,\"image\":{\"@id\":\"https:\\\/\\\/kuzeyinsesi.org\\\/index.php\\\/2024\\\/12\\\/06\\\/gaude-talebe-mustafa-kitabi-soylesi-ve-imza-gunu-yapildi\\\/#primaryimage\"},\"thumbnailUrl\":\"https:\\\/\\\/kuzeyinsesi.org\\\/wp-content\\\/uploads\\\/2024\\\/12\\\/1733476049324TALEBE-MUSTAFA-GAU5.jpg\",\"articleSection\":[\"Ya\u015fam\"],\"inLanguage\":\"tr\",\"potentialAction\":[{\"@type\":\"CommentAction\",\"name\":\"Comment\",\"target\":[\"https:\\\/\\\/kuzeyinsesi.org\\\/index.php\\\/2024\\\/12\\\/06\\\/gaude-talebe-mustafa-kitabi-soylesi-ve-imza-gunu-yapildi\\\/#respond\"]}]},{\"@type\":\"WebPage\",\"@id\":\"https:\\\/\\\/kuzeyinsesi.org\\\/index.php\\\/2024\\\/12\\\/06\\\/gaude-talebe-mustafa-kitabi-soylesi-ve-imza-gunu-yapildi\\\/\",\"url\":\"https:\\\/\\\/kuzeyinsesi.org\\\/index.php\\\/2024\\\/12\\\/06\\\/gaude-talebe-mustafa-kitabi-soylesi-ve-imza-gunu-yapildi\\\/\",\"name\":\"GA\u00dc\u2019de \u201cTalebe Mustafa\u201d kitab\u0131 s\u00f6yle\u015fi ve imza g\u00fcn\u00fc yap\u0131ld\u0131 - Kuzeyin Sesi\",\"isPartOf\":{\"@id\":\"https:\\\/\\\/kuzeyinsesi.org\\\/#website\"},\"primaryImageOfPage\":{\"@id\":\"https:\\\/\\\/kuzeyinsesi.org\\\/index.php\\\/2024\\\/12\\\/06\\\/gaude-talebe-mustafa-kitabi-soylesi-ve-imza-gunu-yapildi\\\/#primaryimage\"},\"image\":{\"@id\":\"https:\\\/\\\/kuzeyinsesi.org\\\/index.php\\\/2024\\\/12\\\/06\\\/gaude-talebe-mustafa-kitabi-soylesi-ve-imza-gunu-yapildi\\\/#primaryimage\"},\"thumbnailUrl\":\"https:\\\/\\\/kuzeyinsesi.org\\\/wp-content\\\/uploads\\\/2024\\\/12\\\/1733476049324TALEBE-MUSTAFA-GAU5.jpg\",\"datePublished\":\"2024-12-06T13:04:06+00:00\",\"author\":{\"@id\":\"https:\\\/\\\/kuzeyinsesi.org\\\/#\\\/schema\\\/person\\\/9f859689cdf01485597712386e37f5aa\"},\"breadcrumb\":{\"@id\":\"https:\\\/\\\/kuzeyinsesi.org\\\/index.php\\\/2024\\\/12\\\/06\\\/gaude-talebe-mustafa-kitabi-soylesi-ve-imza-gunu-yapildi\\\/#breadcrumb\"},\"inLanguage\":\"tr\",\"potentialAction\":[{\"@type\":\"ReadAction\",\"target\":[\"https:\\\/\\\/kuzeyinsesi.org\\\/index.php\\\/2024\\\/12\\\/06\\\/gaude-talebe-mustafa-kitabi-soylesi-ve-imza-gunu-yapildi\\\/\"]}]},{\"@type\":\"ImageObject\",\"inLanguage\":\"tr\",\"@id\":\"https:\\\/\\\/kuzeyinsesi.org\\\/index.php\\\/2024\\\/12\\\/06\\\/gaude-talebe-mustafa-kitabi-soylesi-ve-imza-gunu-yapildi\\\/#primaryimage\",\"url\":\"https:\\\/\\\/kuzeyinsesi.org\\\/wp-content\\\/uploads\\\/2024\\\/12\\\/1733476049324TALEBE-MUSTAFA-GAU5.jpg\",\"contentUrl\":\"https:\\\/\\\/kuzeyinsesi.org\\\/wp-content\\\/uploads\\\/2024\\\/12\\\/1733476049324TALEBE-MUSTAFA-GAU5.jpg\",\"width\":1280,\"height\":853},{\"@type\":\"BreadcrumbList\",\"@id\":\"https:\\\/\\\/kuzeyinsesi.org\\\/index.php\\\/2024\\\/12\\\/06\\\/gaude-talebe-mustafa-kitabi-soylesi-ve-imza-gunu-yapildi\\\/#breadcrumb\",\"itemListElement\":[{\"@type\":\"ListItem\",\"position\":1,\"name\":\"Anasayfa\",\"item\":\"https:\\\/\\\/kuzeyinsesi.org\\\/\"},{\"@type\":\"ListItem\",\"position\":2,\"name\":\"GA\u00dc\u2019de \u201cTalebe Mustafa\u201d kitab\u0131 s\u00f6yle\u015fi ve imza g\u00fcn\u00fc yap\u0131ld\u0131\"}]},{\"@type\":\"WebSite\",\"@id\":\"https:\\\/\\\/kuzeyinsesi.org\\\/#website\",\"url\":\"https:\\\/\\\/kuzeyinsesi.org\\\/\",\"name\":\"Kuzeyin Sesi\",\"description\":\"Do\u011fru Haberin Adresi\",\"potentialAction\":[{\"@type\":\"SearchAction\",\"target\":{\"@type\":\"EntryPoint\",\"urlTemplate\":\"https:\\\/\\\/kuzeyinsesi.org\\\/?s={search_term_string}\"},\"query-input\":{\"@type\":\"PropertyValueSpecification\",\"valueRequired\":true,\"valueName\":\"search_term_string\"}}],\"inLanguage\":\"tr\"},{\"@type\":\"Person\",\"@id\":\"https:\\\/\\\/kuzeyinsesi.org\\\/#\\\/schema\\\/person\\\/9f859689cdf01485597712386e37f5aa\",\"name\":\"Kuzeyin Sesi\",\"image\":{\"@type\":\"ImageObject\",\"inLanguage\":\"tr\",\"@id\":\"https:\\\/\\\/secure.gravatar.com\\\/avatar\\\/bab33852abfd8b282518d6ed81826833d77c3c882d9ab608add591ccace47a44?s=96&d=mm&r=g\",\"url\":\"https:\\\/\\\/secure.gravatar.com\\\/avatar\\\/bab33852abfd8b282518d6ed81826833d77c3c882d9ab608add591ccace47a44?s=96&d=mm&r=g\",\"contentUrl\":\"https:\\\/\\\/secure.gravatar.com\\\/avatar\\\/bab33852abfd8b282518d6ed81826833d77c3c882d9ab608add591ccace47a44?s=96&d=mm&r=g\",\"caption\":\"Kuzeyin Sesi\"},\"sameAs\":[\"https:\\\/\\\/kuzeyinsesi.org\"],\"url\":\"https:\\\/\\\/kuzeyinsesi.org\\\/index.php\\\/author\\\/guven\\\/\"}]}<\/script>\n<!-- \/ Yoast SEO plugin. -->","yoast_head_json":{"title":"GA\u00dc\u2019de \u201cTalebe Mustafa\u201d kitab\u0131 s\u00f6yle\u015fi ve imza g\u00fcn\u00fc yap\u0131ld\u0131 - Kuzeyin Sesi","robots":{"index":"index","follow":"follow","max-snippet":"max-snippet:-1","max-image-preview":"max-image-preview:large","max-video-preview":"max-video-preview:-1"},"canonical":"https:\/\/kuzeyinsesi.org\/index.php\/2024\/12\/06\/gaude-talebe-mustafa-kitabi-soylesi-ve-imza-gunu-yapildi\/","og_locale":"tr_TR","og_type":"article","og_title":"GA\u00dc\u2019de \u201cTalebe Mustafa\u201d kitab\u0131 s\u00f6yle\u015fi ve imza g\u00fcn\u00fc yap\u0131ld\u0131 - Kuzeyin Sesi","og_description":"Girne Amerikan \u00dcniversitesi (GA\u00dc) \u0130leti\u015fim Fak\u00fcltesi, Gazi Mustafa Kemal Atat\u00fcrk\u2019\u00fcn \u00f6\u011frenim hayat\u0131n\u0131 konu alan \u201cTalebe Mustafa\u201d kitab\u0131na ili\u015fkin bir s\u00f6yle\u015fi ve imza g\u00fcn\u00fc ger\u00e7ekle\u015ftirdi. Kitab\u0131n yazar\u0131 Emekli Kurmay Albay \u0130krami \u00d6zturan\u2019\u0131n kat\u0131l\u0131m\u0131yla d\u00fczenlenen etkinlik, d\u00fcn Spectrum Uluslararas\u0131 Kongre Merkezi\u2019nde yap\u0131ld\u0131. GA\u00dc Kurumsal \u0130leti\u015fim Daire Ba\u015fkanl\u0131\u011f\u0131 taraf\u0131ndan yap\u0131lan a\u00e7\u0131klamaya g\u00f6re, 2022 y\u0131l\u0131nda yay\u0131mlanan 320 sayfal\u0131k \u201cTalebe [&hellip;]","og_url":"https:\/\/kuzeyinsesi.org\/index.php\/2024\/12\/06\/gaude-talebe-mustafa-kitabi-soylesi-ve-imza-gunu-yapildi\/","og_site_name":"Kuzeyin Sesi","article_publisher":"https:\/\/www.facebook.com\/kuzeyinsesii","article_published_time":"2024-12-06T13:04:06+00:00","og_image":[{"url":"https:\/\/brtk.net\/wp-content\/uploads\/2024\/12\/06\/1733476049324TALEBE-MUSTAFA-GAU5.jpg?ver=4d2aab0187d4399031d211755169e0fe","type":"","width":"","height":""}],"author":"Kuzeyin Sesi","twitter_card":"summary_large_image","twitter_creator":"@kuzeyinsesii","twitter_site":"@kuzeyinsesii","twitter_misc":{"Yazan:":"Kuzeyin Sesi","Tahmini okuma s\u00fcresi":"1 dakika"},"schema":{"@context":"https:\/\/schema.org","@graph":[{"@type":"Article","@id":"https:\/\/kuzeyinsesi.org\/index.php\/2024\/12\/06\/gaude-talebe-mustafa-kitabi-soylesi-ve-imza-gunu-yapildi\/#article","isPartOf":{"@id":"https:\/\/kuzeyinsesi.org\/index.php\/2024\/12\/06\/gaude-talebe-mustafa-kitabi-soylesi-ve-imza-gunu-yapildi\/"},"author":{"name":"Kuzeyin Sesi","@id":"https:\/\/kuzeyinsesi.org\/#\/schema\/person\/9f859689cdf01485597712386e37f5aa"},"headline":"GA\u00dc\u2019de \u201cTalebe Mustafa\u201d kitab\u0131 s\u00f6yle\u015fi ve imza g\u00fcn\u00fc yap\u0131ld\u0131","datePublished":"2024-12-06T13:04:06+00:00","mainEntityOfPage":{"@id":"https:\/\/kuzeyinsesi.org\/index.php\/2024\/12\/06\/gaude-talebe-mustafa-kitabi-soylesi-ve-imza-gunu-yapildi\/"},"wordCount":199,"commentCount":0,"image":{"@id":"https:\/\/kuzeyinsesi.org\/index.php\/2024\/12\/06\/gaude-talebe-mustafa-kitabi-soylesi-ve-imza-gunu-yapildi\/#primaryimage"},"thumbnailUrl":"https:\/\/kuzeyinsesi.org\/wp-content\/uploads\/2024\/12\/1733476049324TALEBE-MUSTAFA-GAU5.jpg","articleSection":["Ya\u015fam"],"inLanguage":"tr","potentialAction":[{"@type":"CommentAction","name":"Comment","target":["https:\/\/kuzeyinsesi.org\/index.php\/2024\/12\/06\/gaude-talebe-mustafa-kitabi-soylesi-ve-imza-gunu-yapildi\/#respond"]}]},{"@type":"WebPage","@id":"https:\/\/kuzeyinsesi.org\/index.php\/2024\/12\/06\/gaude-talebe-mustafa-kitabi-soylesi-ve-imza-gunu-yapildi\/","url":"https:\/\/kuzeyinsesi.org\/index.php\/2024\/12\/06\/gaude-talebe-mustafa-kitabi-soylesi-ve-imza-gunu-yapildi\/","name":"GA\u00dc\u2019de \u201cTalebe Mustafa\u201d kitab\u0131 s\u00f6yle\u015fi ve imza g\u00fcn\u00fc yap\u0131ld\u0131 - Kuzeyin Sesi","isPartOf":{"@id":"https:\/\/kuzeyinsesi.org\/#website"},"primaryImageOfPage":{"@id":"https:\/\/kuzeyinsesi.org\/index.php\/2024\/12\/06\/gaude-talebe-mustafa-kitabi-soylesi-ve-imza-gunu-yapildi\/#primaryimage"},"image":{"@id":"https:\/\/kuzeyinsesi.org\/index.php\/2024\/12\/06\/gaude-talebe-mustafa-kitabi-soylesi-ve-imza-gunu-yapildi\/#primaryimage"},"thumbnailUrl":"https:\/\/kuzeyinsesi.org\/wp-content\/uploads\/2024\/12\/1733476049324TALEBE-MUSTAFA-GAU5.jpg","datePublished":"2024-12-06T13:04:06+00:00","author":{"@id":"https:\/\/kuzeyinsesi.org\/#\/schema\/person\/9f859689cdf01485597712386e37f5aa"},"breadcrumb":{"@id":"https:\/\/kuzeyinsesi.org\/index.php\/2024\/12\/06\/gaude-talebe-mustafa-kitabi-soylesi-ve-imza-gunu-yapildi\/#breadcrumb"},"inLanguage":"tr","potentialAction":[{"@type":"ReadAction","target":["https:\/\/kuzeyinsesi.org\/index.php\/2024\/12\/06\/gaude-talebe-mustafa-kitabi-soylesi-ve-imza-gunu-yapildi\/"]}]},{"@type":"ImageObject","inLanguage":"tr","@id":"https:\/\/kuzeyinsesi.org\/index.php\/2024\/12\/06\/gaude-talebe-mustafa-kitabi-soylesi-ve-imza-gunu-yapildi\/#primaryimage","url":"https:\/\/kuzeyinsesi.org\/wp-content\/uploads\/2024\/12\/1733476049324TALEBE-MUSTAFA-GAU5.jpg","contentUrl":"https:\/\/kuzeyinsesi.org\/wp-content\/uploads\/2024\/12\/1733476049324TALEBE-MUSTAFA-GAU5.jpg","width":1280,"height":853},{"@type":"BreadcrumbList","@id":"https:\/\/kuzeyinsesi.org\/index.php\/2024\/12\/06\/gaude-talebe-mustafa-kitabi-soylesi-ve-imza-gunu-yapildi\/#breadcrumb","itemListElement":[{"@type":"ListItem","position":1,"name":"Anasayfa","item":"https:\/\/kuzeyinsesi.org\/"},{"@type":"ListItem","position":2,"name":"GA\u00dc\u2019de \u201cTalebe Mustafa\u201d kitab\u0131 s\u00f6yle\u015fi ve imza g\u00fcn\u00fc yap\u0131ld\u0131"}]},{"@type":"WebSite","@id":"https:\/\/kuzeyinsesi.org\/#website","url":"https:\/\/kuzeyinsesi.org\/","name":"Kuzeyin Sesi","description":"Do\u011fru Haberin Adresi","potentialAction":[{"@type":"SearchAction","target":{"@type":"EntryPoint","urlTemplate":"https:\/\/kuzeyinsesi.org\/?s={search_term_string}"},"query-input":{"@type":"PropertyValueSpecification","valueRequired":true,"valueName":"search_term_string"}}],"inLanguage":"tr"},{"@type":"Person","@id":"https:\/\/kuzeyinsesi.org\/#\/schema\/person\/9f859689cdf01485597712386e37f5aa","name":"Kuzeyin Sesi","image":{"@type":"ImageObject","inLanguage":"tr","@id":"https:\/\/secure.gravatar.com\/avatar\/bab33852abfd8b282518d6ed81826833d77c3c882d9ab608add591ccace47a44?s=96&d=mm&r=g","url":"https:\/\/secure.gravatar.com\/avatar\/bab33852abfd8b282518d6ed81826833d77c3c882d9ab608add591ccace47a44?s=96&d=mm&r=g","contentUrl":"https:\/\/secure.gravatar.com\/avatar\/bab33852abfd8b282518d6ed81826833d77c3c882d9ab608add591ccace47a44?s=96&d=mm&r=g","caption":"Kuzeyin Sesi"},"sameAs":["https:\/\/kuzeyinsesi.org"],"url":"https:\/\/kuzeyinsesi.org\/index.php\/author\/guven\/"}]}},"_links":{"self":[{"href":"https:\/\/kuzeyinsesi.org\/index.php\/wp-json\/wp\/v2\/posts\/15073","targetHints":{"allow":["GET"]}}],"collection":[{"href":"https:\/\/kuzeyinsesi.org\/index.php\/wp-json\/wp\/v2\/posts"}],"about":[{"href":"https:\/\/kuzeyinsesi.org\/index.php\/wp-json\/wp\/v2\/types\/post"}],"author":[{"embeddable":true,"href":"https:\/\/kuzeyinsesi.org\/index.php\/wp-json\/wp\/v2\/users\/1"}],"replies":[{"embeddable":true,"href":"https:\/\/kuzeyinsesi.org\/index.php\/wp-json\/wp\/v2\/comments?post=15073"}],"version-history":[{"count":0,"href":"https:\/\/kuzeyinsesi.org\/index.php\/wp-json\/wp\/v2\/posts\/15073\/revisions"}],"wp:featuredmedia":[{"embeddable":true,"href":"https:\/\/kuzeyinsesi.org\/index.php\/wp-json\/wp\/v2\/media\/15074"}],"wp:attachment":[{"href":"https:\/\/kuzeyinsesi.org\/index.php\/wp-json\/wp\/v2\/media?parent=15073"}],"wp:term":[{"taxonomy":"category","embeddable":true,"href":"https:\/\/kuzeyinsesi.org\/index.php\/wp-json\/wp\/v2\/categories?post=15073"},{"taxonomy":"post_tag","embeddable":true,"href":"https:\/\/kuzeyinsesi.org\/index.php\/wp-json\/wp\/v2\/tags?post=15073"}],"curies":[{"name":"wp","href":"https:\/\/api.w.org\/{rel}","templated":true}]}}