{"id":15059,"date":"2024-12-06T11:58:29","date_gmt":"2024-12-06T09:58:29","guid":{"rendered":"https:\/\/kuzeyinsesi.org\/index.php\/2024\/12\/06\/kktc-devlet-opera-ve-bale-koordinasyon-merkezinden-yeni-yil-konserleri\/"},"modified":"2024-12-06T11:58:29","modified_gmt":"2024-12-06T09:58:29","slug":"kktc-devlet-opera-ve-bale-koordinasyon-merkezinden-yeni-yil-konserleri","status":"publish","type":"post","link":"https:\/\/kuzeyinsesi.org\/index.php\/2024\/12\/06\/kktc-devlet-opera-ve-bale-koordinasyon-merkezinden-yeni-yil-konserleri\/","title":{"rendered":"KKTC Devlet Opera ve Bale Koordinasyon Merkezi\u2019nden yeni y\u0131l konserleri"},"content":{"rendered":"<div>\n<div class=\"mariselle-image-container center\">\n                                            <\/div>\n<p> Ba\u015fbakan Yard\u0131mc\u0131l\u0131\u011f\u0131, Turizm, K\u00fclt\u00fcr, Gen\u00e7lik ve \u00c7evre Bakanl\u0131\u011f\u0131\u2019na ba\u011fl\u0131 Devlet Opera ve Bale Koordinasyon Merkezi (KKTCDOB) yeni y\u0131l dolay\u0131s\u0131yla Lefko\u015fa ve Gazima\u011fusa\u2019da konser verecek.<\/p>\n<p>KKTC Devlet Opera ve Bale Koordinasyon Merkezi\u2019nden yap\u0131lan a\u00e7\u0131klamada, t\u00fcm halk, aryalar, d\u00fcetler, tangolar, \u00e7ocuk\/gen\u00e7lik korosu \u015fark\u0131lar\u0131 ve danslar\u0131n yer alaca\u011f\u0131 konserlere davet edildi.<\/p>\n<p>KKTCDOB, Sonare\/Ada I\u015f\u0131\u011f\u0131 \u00e7ocuk ve gen\u00e7lik korolar\u0131, Tango Siempre i\u015f birlikleriyle d\u00fczenlenecek  \u201cYeni Y\u0131l Konseri \/New Year Concert\u201d 25 Aral\u0131k 2024 \u00c7ar\u015famba g\u00fcn\u00fc saat 19.00\u2019da Gazima\u011fusa \u2013 Rauf Raif Denkta\u015f K\u00fclt\u00fcr ve Kongre Saray\u0131\u2019nda, 26 Aral\u0131k 2024 Per\u015fembe g\u00fcn\u00fc ise 19.00\u2019da Lefko\u015fa \u2013 Atat\u00fcrk K\u00fclt\u00fcr Merkezi\u2019nde seyircilerle bulu\u015facak.<\/p>\n<p>Soprano Sermin Dikmen T\u00f6re,  Bariton Tu\u011frul Enver T\u00f6re, Koro \u015eefi Erkan Da\u011fl\u0131, Piyanist Esra Poyrazo\u011flu Alpan, Piyanist Uliana \u00d6ztemur, Piyanist Asya \u00d6zkamal\u0131, Sonare \u2013 Ada I\u015f\u0131\u011f\u0131 \u00c7ocuk ve Gen\u00e7lik Korolar\u0131, Dans\u00e7\u0131lar Meryem Kuraner ile Ahmet Alasya\u2019n\u0131n yer alaca\u011f\u0131 konserler Telsim de ileti\u015fim deste\u011fi sa\u011flayacak.<\/p>\n<\/p><\/div>\n<p><script async\n                    defer\n                    crossorigin=\"anonymous\"\n                    src=\"https:\/\/connect.facebook.net\/tr_TR\/sdk.js#xfbml=1&#038;version=v3.3\"\n            ><\/script><\/p>\n","protected":false},"excerpt":{"rendered":"<p>Ba\u015fbakan Yard\u0131mc\u0131l\u0131\u011f\u0131, Turizm, K\u00fclt\u00fcr, Gen\u00e7lik ve \u00c7evre Bakanl\u0131\u011f\u0131\u2019na ba\u011fl\u0131 Devlet Opera ve Bale Koordinasyon Merkezi (KKTCDOB) yeni y\u0131l dolay\u0131s\u0131yla Lefko\u015fa ve Gazima\u011fusa\u2019da konser verecek. KKTC Devlet Opera ve Bale Koordinasyon Merkezi\u2019nden yap\u0131lan a\u00e7\u0131klamada, t\u00fcm halk, aryalar, d\u00fcetler, tangolar, \u00e7ocuk\/gen\u00e7lik korosu \u015fark\u0131lar\u0131 ve danslar\u0131n yer alaca\u011f\u0131 konserlere davet edildi. KKTCDOB, Sonare\/Ada I\u015f\u0131\u011f\u0131 \u00e7ocuk ve gen\u00e7lik korolar\u0131, [&hellip;]<\/p>\n","protected":false},"author":1,"featured_media":15060,"comment_status":"open","ping_status":"open","sticky":false,"template":"","format":"standard","meta":{"jnews-multi-image_gallery":[],"jnews_single_post":[],"jnews_primary_category":[],"jnews_social_meta":[],"jnews_override_counter":[],"footnotes":""},"categories":[6],"tags":[],"class_list":["post-15059","post","type-post","status-publish","format-standard","has-post-thumbnail","hentry","category-yasam"],"yoast_head":"<!-- This site is optimized with the Yoast SEO plugin v27.4 - https:\/\/yoast.com\/product\/yoast-seo-wordpress\/ -->\n<title>KKTC Devlet Opera ve Bale Koordinasyon Merkezi\u2019nden yeni y\u0131l konserleri - Kuzeyin Sesi<\/title>\n<meta name=\"robots\" content=\"index, follow, max-snippet:-1, max-image-preview:large, max-video-preview:-1\" \/>\n<link rel=\"canonical\" href=\"https:\/\/kuzeyinsesi.org\/index.php\/2024\/12\/06\/kktc-devlet-opera-ve-bale-koordinasyon-merkezinden-yeni-yil-konserleri\/\" \/>\n<meta property=\"og:locale\" content=\"tr_TR\" \/>\n<meta property=\"og:type\" content=\"article\" \/>\n<meta property=\"og:title\" content=\"KKTC Devlet Opera ve Bale Koordinasyon Merkezi\u2019nden yeni y\u0131l konserleri - Kuzeyin Sesi\" \/>\n<meta property=\"og:description\" content=\"Ba\u015fbakan Yard\u0131mc\u0131l\u0131\u011f\u0131, Turizm, K\u00fclt\u00fcr, Gen\u00e7lik ve \u00c7evre Bakanl\u0131\u011f\u0131\u2019na ba\u011fl\u0131 Devlet Opera ve Bale Koordinasyon Merkezi (KKTCDOB) yeni y\u0131l dolay\u0131s\u0131yla Lefko\u015fa ve Gazima\u011fusa\u2019da konser verecek. KKTC Devlet Opera ve Bale Koordinasyon Merkezi\u2019nden yap\u0131lan a\u00e7\u0131klamada, t\u00fcm halk, aryalar, d\u00fcetler, tangolar, \u00e7ocuk\/gen\u00e7lik korosu \u015fark\u0131lar\u0131 ve danslar\u0131n yer alaca\u011f\u0131 konserlere davet edildi. KKTCDOB, Sonare\/Ada I\u015f\u0131\u011f\u0131 \u00e7ocuk ve gen\u00e7lik korolar\u0131, [&hellip;]\" \/>\n<meta property=\"og:url\" content=\"https:\/\/kuzeyinsesi.org\/index.php\/2024\/12\/06\/kktc-devlet-opera-ve-bale-koordinasyon-merkezinden-yeni-yil-konserleri\/\" \/>\n<meta property=\"og:site_name\" content=\"Kuzeyin Sesi\" \/>\n<meta property=\"article:publisher\" content=\"https:\/\/www.facebook.com\/kuzeyinsesii\" \/>\n<meta property=\"article:published_time\" content=\"2024-12-06T09:58:29+00:00\" \/>\n<meta property=\"og:image\" content=\"https:\/\/brtk.net\/wp-content\/uploads\/2024\/12\/06\/1733475827187gfdsgfdshgsh.jpg?ver=7f612c8e9fb581dcd44528ddf141745f\" \/>\n<meta name=\"author\" content=\"Kuzeyin Sesi\" \/>\n<meta name=\"twitter:card\" content=\"summary_large_image\" \/>\n<meta name=\"twitter:creator\" content=\"@kuzeyinsesii\" \/>\n<meta name=\"twitter:site\" content=\"@kuzeyinsesii\" \/>\n<meta name=\"twitter:label1\" content=\"Yazan:\" \/>\n\t<meta name=\"twitter:data1\" content=\"Kuzeyin Sesi\" \/>\n\t<meta name=\"twitter:label2\" content=\"Tahmini okuma s\u00fcresi\" \/>\n\t<meta name=\"twitter:data2\" content=\"1 dakika\" \/>\n<script type=\"application\/ld+json\" class=\"yoast-schema-graph\">{\"@context\":\"https:\\\/\\\/schema.org\",\"@graph\":[{\"@type\":\"Article\",\"@id\":\"https:\\\/\\\/kuzeyinsesi.org\\\/index.php\\\/2024\\\/12\\\/06\\\/kktc-devlet-opera-ve-bale-koordinasyon-merkezinden-yeni-yil-konserleri\\\/#article\",\"isPartOf\":{\"@id\":\"https:\\\/\\\/kuzeyinsesi.org\\\/index.php\\\/2024\\\/12\\\/06\\\/kktc-devlet-opera-ve-bale-koordinasyon-merkezinden-yeni-yil-konserleri\\\/\"},\"author\":{\"name\":\"Kuzeyin Sesi\",\"@id\":\"https:\\\/\\\/kuzeyinsesi.org\\\/#\\\/schema\\\/person\\\/9f859689cdf01485597712386e37f5aa\"},\"headline\":\"KKTC Devlet Opera ve Bale Koordinasyon Merkezi\u2019nden yeni y\u0131l konserleri\",\"datePublished\":\"2024-12-06T09:58:29+00:00\",\"mainEntityOfPage\":{\"@id\":\"https:\\\/\\\/kuzeyinsesi.org\\\/index.php\\\/2024\\\/12\\\/06\\\/kktc-devlet-opera-ve-bale-koordinasyon-merkezinden-yeni-yil-konserleri\\\/\"},\"wordCount\":200,\"commentCount\":0,\"image\":{\"@id\":\"https:\\\/\\\/kuzeyinsesi.org\\\/index.php\\\/2024\\\/12\\\/06\\\/kktc-devlet-opera-ve-bale-koordinasyon-merkezinden-yeni-yil-konserleri\\\/#primaryimage\"},\"thumbnailUrl\":\"https:\\\/\\\/kuzeyinsesi.org\\\/wp-content\\\/uploads\\\/2024\\\/12\\\/1733475827187gfdsgfdshgsh.jpg\",\"articleSection\":[\"Ya\u015fam\"],\"inLanguage\":\"tr\",\"potentialAction\":[{\"@type\":\"CommentAction\",\"name\":\"Comment\",\"target\":[\"https:\\\/\\\/kuzeyinsesi.org\\\/index.php\\\/2024\\\/12\\\/06\\\/kktc-devlet-opera-ve-bale-koordinasyon-merkezinden-yeni-yil-konserleri\\\/#respond\"]}]},{\"@type\":\"WebPage\",\"@id\":\"https:\\\/\\\/kuzeyinsesi.org\\\/index.php\\\/2024\\\/12\\\/06\\\/kktc-devlet-opera-ve-bale-koordinasyon-merkezinden-yeni-yil-konserleri\\\/\",\"url\":\"https:\\\/\\\/kuzeyinsesi.org\\\/index.php\\\/2024\\\/12\\\/06\\\/kktc-devlet-opera-ve-bale-koordinasyon-merkezinden-yeni-yil-konserleri\\\/\",\"name\":\"KKTC Devlet Opera ve Bale Koordinasyon Merkezi\u2019nden yeni y\u0131l konserleri - Kuzeyin Sesi\",\"isPartOf\":{\"@id\":\"https:\\\/\\\/kuzeyinsesi.org\\\/#website\"},\"primaryImageOfPage\":{\"@id\":\"https:\\\/\\\/kuzeyinsesi.org\\\/index.php\\\/2024\\\/12\\\/06\\\/kktc-devlet-opera-ve-bale-koordinasyon-merkezinden-yeni-yil-konserleri\\\/#primaryimage\"},\"image\":{\"@id\":\"https:\\\/\\\/kuzeyinsesi.org\\\/index.php\\\/2024\\\/12\\\/06\\\/kktc-devlet-opera-ve-bale-koordinasyon-merkezinden-yeni-yil-konserleri\\\/#primaryimage\"},\"thumbnailUrl\":\"https:\\\/\\\/kuzeyinsesi.org\\\/wp-content\\\/uploads\\\/2024\\\/12\\\/1733475827187gfdsgfdshgsh.jpg\",\"datePublished\":\"2024-12-06T09:58:29+00:00\",\"author\":{\"@id\":\"https:\\\/\\\/kuzeyinsesi.org\\\/#\\\/schema\\\/person\\\/9f859689cdf01485597712386e37f5aa\"},\"breadcrumb\":{\"@id\":\"https:\\\/\\\/kuzeyinsesi.org\\\/index.php\\\/2024\\\/12\\\/06\\\/kktc-devlet-opera-ve-bale-koordinasyon-merkezinden-yeni-yil-konserleri\\\/#breadcrumb\"},\"inLanguage\":\"tr\",\"potentialAction\":[{\"@type\":\"ReadAction\",\"target\":[\"https:\\\/\\\/kuzeyinsesi.org\\\/index.php\\\/2024\\\/12\\\/06\\\/kktc-devlet-opera-ve-bale-koordinasyon-merkezinden-yeni-yil-konserleri\\\/\"]}]},{\"@type\":\"ImageObject\",\"inLanguage\":\"tr\",\"@id\":\"https:\\\/\\\/kuzeyinsesi.org\\\/index.php\\\/2024\\\/12\\\/06\\\/kktc-devlet-opera-ve-bale-koordinasyon-merkezinden-yeni-yil-konserleri\\\/#primaryimage\",\"url\":\"https:\\\/\\\/kuzeyinsesi.org\\\/wp-content\\\/uploads\\\/2024\\\/12\\\/1733475827187gfdsgfdshgsh.jpg\",\"contentUrl\":\"https:\\\/\\\/kuzeyinsesi.org\\\/wp-content\\\/uploads\\\/2024\\\/12\\\/1733475827187gfdsgfdshgsh.jpg\",\"width\":1074,\"height\":766},{\"@type\":\"BreadcrumbList\",\"@id\":\"https:\\\/\\\/kuzeyinsesi.org\\\/index.php\\\/2024\\\/12\\\/06\\\/kktc-devlet-opera-ve-bale-koordinasyon-merkezinden-yeni-yil-konserleri\\\/#breadcrumb\",\"itemListElement\":[{\"@type\":\"ListItem\",\"position\":1,\"name\":\"Anasayfa\",\"item\":\"https:\\\/\\\/kuzeyinsesi.org\\\/\"},{\"@type\":\"ListItem\",\"position\":2,\"name\":\"KKTC Devlet Opera ve Bale Koordinasyon Merkezi\u2019nden yeni y\u0131l konserleri\"}]},{\"@type\":\"WebSite\",\"@id\":\"https:\\\/\\\/kuzeyinsesi.org\\\/#website\",\"url\":\"https:\\\/\\\/kuzeyinsesi.org\\\/\",\"name\":\"Kuzeyin Sesi\",\"description\":\"Do\u011fru Haberin Adresi\",\"potentialAction\":[{\"@type\":\"SearchAction\",\"target\":{\"@type\":\"EntryPoint\",\"urlTemplate\":\"https:\\\/\\\/kuzeyinsesi.org\\\/?s={search_term_string}\"},\"query-input\":{\"@type\":\"PropertyValueSpecification\",\"valueRequired\":true,\"valueName\":\"search_term_string\"}}],\"inLanguage\":\"tr\"},{\"@type\":\"Person\",\"@id\":\"https:\\\/\\\/kuzeyinsesi.org\\\/#\\\/schema\\\/person\\\/9f859689cdf01485597712386e37f5aa\",\"name\":\"Kuzeyin Sesi\",\"image\":{\"@type\":\"ImageObject\",\"inLanguage\":\"tr\",\"@id\":\"https:\\\/\\\/secure.gravatar.com\\\/avatar\\\/bab33852abfd8b282518d6ed81826833d77c3c882d9ab608add591ccace47a44?s=96&d=mm&r=g\",\"url\":\"https:\\\/\\\/secure.gravatar.com\\\/avatar\\\/bab33852abfd8b282518d6ed81826833d77c3c882d9ab608add591ccace47a44?s=96&d=mm&r=g\",\"contentUrl\":\"https:\\\/\\\/secure.gravatar.com\\\/avatar\\\/bab33852abfd8b282518d6ed81826833d77c3c882d9ab608add591ccace47a44?s=96&d=mm&r=g\",\"caption\":\"Kuzeyin Sesi\"},\"sameAs\":[\"https:\\\/\\\/kuzeyinsesi.org\"],\"url\":\"https:\\\/\\\/kuzeyinsesi.org\\\/index.php\\\/author\\\/guven\\\/\"}]}<\/script>\n<!-- \/ Yoast SEO plugin. -->","yoast_head_json":{"title":"KKTC Devlet Opera ve Bale Koordinasyon Merkezi\u2019nden yeni y\u0131l konserleri - Kuzeyin Sesi","robots":{"index":"index","follow":"follow","max-snippet":"max-snippet:-1","max-image-preview":"max-image-preview:large","max-video-preview":"max-video-preview:-1"},"canonical":"https:\/\/kuzeyinsesi.org\/index.php\/2024\/12\/06\/kktc-devlet-opera-ve-bale-koordinasyon-merkezinden-yeni-yil-konserleri\/","og_locale":"tr_TR","og_type":"article","og_title":"KKTC Devlet Opera ve Bale Koordinasyon Merkezi\u2019nden yeni y\u0131l konserleri - Kuzeyin Sesi","og_description":"Ba\u015fbakan Yard\u0131mc\u0131l\u0131\u011f\u0131, Turizm, K\u00fclt\u00fcr, Gen\u00e7lik ve \u00c7evre Bakanl\u0131\u011f\u0131\u2019na ba\u011fl\u0131 Devlet Opera ve Bale Koordinasyon Merkezi (KKTCDOB) yeni y\u0131l dolay\u0131s\u0131yla Lefko\u015fa ve Gazima\u011fusa\u2019da konser verecek. KKTC Devlet Opera ve Bale Koordinasyon Merkezi\u2019nden yap\u0131lan a\u00e7\u0131klamada, t\u00fcm halk, aryalar, d\u00fcetler, tangolar, \u00e7ocuk\/gen\u00e7lik korosu \u015fark\u0131lar\u0131 ve danslar\u0131n yer alaca\u011f\u0131 konserlere davet edildi. KKTCDOB, Sonare\/Ada I\u015f\u0131\u011f\u0131 \u00e7ocuk ve gen\u00e7lik korolar\u0131, [&hellip;]","og_url":"https:\/\/kuzeyinsesi.org\/index.php\/2024\/12\/06\/kktc-devlet-opera-ve-bale-koordinasyon-merkezinden-yeni-yil-konserleri\/","og_site_name":"Kuzeyin Sesi","article_publisher":"https:\/\/www.facebook.com\/kuzeyinsesii","article_published_time":"2024-12-06T09:58:29+00:00","og_image":[{"url":"https:\/\/brtk.net\/wp-content\/uploads\/2024\/12\/06\/1733475827187gfdsgfdshgsh.jpg?ver=7f612c8e9fb581dcd44528ddf141745f","type":"","width":"","height":""}],"author":"Kuzeyin Sesi","twitter_card":"summary_large_image","twitter_creator":"@kuzeyinsesii","twitter_site":"@kuzeyinsesii","twitter_misc":{"Yazan:":"Kuzeyin Sesi","Tahmini okuma s\u00fcresi":"1 dakika"},"schema":{"@context":"https:\/\/schema.org","@graph":[{"@type":"Article","@id":"https:\/\/kuzeyinsesi.org\/index.php\/2024\/12\/06\/kktc-devlet-opera-ve-bale-koordinasyon-merkezinden-yeni-yil-konserleri\/#article","isPartOf":{"@id":"https:\/\/kuzeyinsesi.org\/index.php\/2024\/12\/06\/kktc-devlet-opera-ve-bale-koordinasyon-merkezinden-yeni-yil-konserleri\/"},"author":{"name":"Kuzeyin Sesi","@id":"https:\/\/kuzeyinsesi.org\/#\/schema\/person\/9f859689cdf01485597712386e37f5aa"},"headline":"KKTC Devlet Opera ve Bale Koordinasyon Merkezi\u2019nden yeni y\u0131l konserleri","datePublished":"2024-12-06T09:58:29+00:00","mainEntityOfPage":{"@id":"https:\/\/kuzeyinsesi.org\/index.php\/2024\/12\/06\/kktc-devlet-opera-ve-bale-koordinasyon-merkezinden-yeni-yil-konserleri\/"},"wordCount":200,"commentCount":0,"image":{"@id":"https:\/\/kuzeyinsesi.org\/index.php\/2024\/12\/06\/kktc-devlet-opera-ve-bale-koordinasyon-merkezinden-yeni-yil-konserleri\/#primaryimage"},"thumbnailUrl":"https:\/\/kuzeyinsesi.org\/wp-content\/uploads\/2024\/12\/1733475827187gfdsgfdshgsh.jpg","articleSection":["Ya\u015fam"],"inLanguage":"tr","potentialAction":[{"@type":"CommentAction","name":"Comment","target":["https:\/\/kuzeyinsesi.org\/index.php\/2024\/12\/06\/kktc-devlet-opera-ve-bale-koordinasyon-merkezinden-yeni-yil-konserleri\/#respond"]}]},{"@type":"WebPage","@id":"https:\/\/kuzeyinsesi.org\/index.php\/2024\/12\/06\/kktc-devlet-opera-ve-bale-koordinasyon-merkezinden-yeni-yil-konserleri\/","url":"https:\/\/kuzeyinsesi.org\/index.php\/2024\/12\/06\/kktc-devlet-opera-ve-bale-koordinasyon-merkezinden-yeni-yil-konserleri\/","name":"KKTC Devlet Opera ve Bale Koordinasyon Merkezi\u2019nden yeni y\u0131l konserleri - Kuzeyin Sesi","isPartOf":{"@id":"https:\/\/kuzeyinsesi.org\/#website"},"primaryImageOfPage":{"@id":"https:\/\/kuzeyinsesi.org\/index.php\/2024\/12\/06\/kktc-devlet-opera-ve-bale-koordinasyon-merkezinden-yeni-yil-konserleri\/#primaryimage"},"image":{"@id":"https:\/\/kuzeyinsesi.org\/index.php\/2024\/12\/06\/kktc-devlet-opera-ve-bale-koordinasyon-merkezinden-yeni-yil-konserleri\/#primaryimage"},"thumbnailUrl":"https:\/\/kuzeyinsesi.org\/wp-content\/uploads\/2024\/12\/1733475827187gfdsgfdshgsh.jpg","datePublished":"2024-12-06T09:58:29+00:00","author":{"@id":"https:\/\/kuzeyinsesi.org\/#\/schema\/person\/9f859689cdf01485597712386e37f5aa"},"breadcrumb":{"@id":"https:\/\/kuzeyinsesi.org\/index.php\/2024\/12\/06\/kktc-devlet-opera-ve-bale-koordinasyon-merkezinden-yeni-yil-konserleri\/#breadcrumb"},"inLanguage":"tr","potentialAction":[{"@type":"ReadAction","target":["https:\/\/kuzeyinsesi.org\/index.php\/2024\/12\/06\/kktc-devlet-opera-ve-bale-koordinasyon-merkezinden-yeni-yil-konserleri\/"]}]},{"@type":"ImageObject","inLanguage":"tr","@id":"https:\/\/kuzeyinsesi.org\/index.php\/2024\/12\/06\/kktc-devlet-opera-ve-bale-koordinasyon-merkezinden-yeni-yil-konserleri\/#primaryimage","url":"https:\/\/kuzeyinsesi.org\/wp-content\/uploads\/2024\/12\/1733475827187gfdsgfdshgsh.jpg","contentUrl":"https:\/\/kuzeyinsesi.org\/wp-content\/uploads\/2024\/12\/1733475827187gfdsgfdshgsh.jpg","width":1074,"height":766},{"@type":"BreadcrumbList","@id":"https:\/\/kuzeyinsesi.org\/index.php\/2024\/12\/06\/kktc-devlet-opera-ve-bale-koordinasyon-merkezinden-yeni-yil-konserleri\/#breadcrumb","itemListElement":[{"@type":"ListItem","position":1,"name":"Anasayfa","item":"https:\/\/kuzeyinsesi.org\/"},{"@type":"ListItem","position":2,"name":"KKTC Devlet Opera ve Bale Koordinasyon Merkezi\u2019nden yeni y\u0131l konserleri"}]},{"@type":"WebSite","@id":"https:\/\/kuzeyinsesi.org\/#website","url":"https:\/\/kuzeyinsesi.org\/","name":"Kuzeyin Sesi","description":"Do\u011fru Haberin Adresi","potentialAction":[{"@type":"SearchAction","target":{"@type":"EntryPoint","urlTemplate":"https:\/\/kuzeyinsesi.org\/?s={search_term_string}"},"query-input":{"@type":"PropertyValueSpecification","valueRequired":true,"valueName":"search_term_string"}}],"inLanguage":"tr"},{"@type":"Person","@id":"https:\/\/kuzeyinsesi.org\/#\/schema\/person\/9f859689cdf01485597712386e37f5aa","name":"Kuzeyin Sesi","image":{"@type":"ImageObject","inLanguage":"tr","@id":"https:\/\/secure.gravatar.com\/avatar\/bab33852abfd8b282518d6ed81826833d77c3c882d9ab608add591ccace47a44?s=96&d=mm&r=g","url":"https:\/\/secure.gravatar.com\/avatar\/bab33852abfd8b282518d6ed81826833d77c3c882d9ab608add591ccace47a44?s=96&d=mm&r=g","contentUrl":"https:\/\/secure.gravatar.com\/avatar\/bab33852abfd8b282518d6ed81826833d77c3c882d9ab608add591ccace47a44?s=96&d=mm&r=g","caption":"Kuzeyin Sesi"},"sameAs":["https:\/\/kuzeyinsesi.org"],"url":"https:\/\/kuzeyinsesi.org\/index.php\/author\/guven\/"}]}},"_links":{"self":[{"href":"https:\/\/kuzeyinsesi.org\/index.php\/wp-json\/wp\/v2\/posts\/15059","targetHints":{"allow":["GET"]}}],"collection":[{"href":"https:\/\/kuzeyinsesi.org\/index.php\/wp-json\/wp\/v2\/posts"}],"about":[{"href":"https:\/\/kuzeyinsesi.org\/index.php\/wp-json\/wp\/v2\/types\/post"}],"author":[{"embeddable":true,"href":"https:\/\/kuzeyinsesi.org\/index.php\/wp-json\/wp\/v2\/users\/1"}],"replies":[{"embeddable":true,"href":"https:\/\/kuzeyinsesi.org\/index.php\/wp-json\/wp\/v2\/comments?post=15059"}],"version-history":[{"count":0,"href":"https:\/\/kuzeyinsesi.org\/index.php\/wp-json\/wp\/v2\/posts\/15059\/revisions"}],"wp:featuredmedia":[{"embeddable":true,"href":"https:\/\/kuzeyinsesi.org\/index.php\/wp-json\/wp\/v2\/media\/15060"}],"wp:attachment":[{"href":"https:\/\/kuzeyinsesi.org\/index.php\/wp-json\/wp\/v2\/media?parent=15059"}],"wp:term":[{"taxonomy":"category","embeddable":true,"href":"https:\/\/kuzeyinsesi.org\/index.php\/wp-json\/wp\/v2\/categories?post=15059"},{"taxonomy":"post_tag","embeddable":true,"href":"https:\/\/kuzeyinsesi.org\/index.php\/wp-json\/wp\/v2\/tags?post=15059"}],"curies":[{"name":"wp","href":"https:\/\/api.w.org\/{rel}","templated":true}]}}