{"id":1504,"date":"2024-05-06T19:38:10","date_gmt":"2024-05-06T16:38:10","guid":{"rendered":"https:\/\/kuzeyinsesi.com\/index.php\/2024\/05\/06\/meclis-genel-kurulu-devam-ediyor\/"},"modified":"2024-05-06T19:38:10","modified_gmt":"2024-05-06T16:38:10","slug":"meclis-genel-kurulu-devam-ediyor","status":"publish","type":"post","link":"https:\/\/kuzeyinsesi.org\/index.php\/2024\/05\/06\/meclis-genel-kurulu-devam-ediyor\/","title":{"rendered":"Meclis Genel Kurulu devam ediyor\u2026"},"content":{"rendered":"<div>\n<div class=\"mariselle-image-container center\">\n                                            <\/div>\n<p> Cumhuriyet Meclisi Genel Kurulu g\u00fcncel konu\u015fmalarla  s\u00fcr\u00fcyor.<\/p>\n<p>-Amcao\u011flu<\/p>\n<p>Ekonomi ve Enerji Bakan\u0131 Olgun Amcao\u011flu konu\u015fmas\u0131nda, 2020 y\u0131l\u0131nda pandemiden dolay\u0131 ekonomi ve Maliye\u2019nin i\u00e7inde bulundu\u011fu \u015fartlarda \u00e7al\u0131\u015fmalar yapt\u0131klar\u0131na dikkat \u00e7ekti.<\/p>\n<p>Akaryak\u0131t\u0131n d\u00f6rt \u00f6nemli etkisi oldu\u011funu s\u00f6ylen Amcao\u011flu, dizelde fiyat de\u011fi\u015fikli\u011fi olmamas\u0131 i\u00e7in \u00e7ok \u00e7al\u0131\u015ft\u0131klar\u0131n\u0131 s\u00f6yledi.<\/p>\n<p>Pandemi d\u00f6neminden sonra akaryak\u0131t ihtiyac\u0131n\u0131n artt\u0131\u011f\u0131n\u0131 dile getiren Amcao\u011flu, \u00f6zellikle G\u00fcney\u2019den gelen vatanda\u015flar\u0131n \u00fclkede al\u0131\u015fveri\u015f ve akaryak\u0131t al\u0131m\u0131 yapmas\u0131ndan dolay\u0131 ekonomik d\u00f6ng\u00fcn\u00fcn artt\u0131\u011f\u0131na dikkat \u00e7ekti.<\/p>\n<p>Akaryak\u0131tta yap\u0131lan tespitler ve uygulanan politikalar\u0131 anlatan Amcao\u011flu, 142 akaryak\u0131t istasyonu verilerine otomatik ula\u015ft\u0131klar\u0131n\u0131 verilerde kay\u0131t d\u0131\u015f\u0131l\u0131\u011f\u0131n \u00f6nlenmesi \u00e7al\u0131\u015fmal\u0131lar\u0131n\u0131n da denetlendi\u011fini kaydetti.<\/p>\n<p>Elektronik etiketle ilgili \u00e7al\u0131\u015fmalar\u0131n tamamland\u0131\u011f\u0131n\u0131 dile getiren Amcao\u011flu, baz\u0131 b\u00fcy\u00fck marketlerden ba\u015flamak \u00fczere elektronik etiketlendirmenin kullan\u0131laca\u011f\u0131n\u0131 belirtti.<\/p>\n<p>Elektronik etiketlenmeyle fiyatlar\u0131n saniyelik olarak g\u00f6r\u00fclebilece\u011fini dile getiren Amcao\u011flu, sistemin uygulanmas\u0131yla t\u00fcm verilere rahatl\u0131kla ula\u015f\u0131labilece\u011fini kaydetti.<\/p>\n<p>Et fiyatlar\u0131yla ilgili denetimler de yap\u0131ld\u0131\u011f\u0131n\u0131 dile getiren Amcao\u011flu, ge\u00e7en ay 11 bin 729 adet k\u00fc\u00e7\u00fckba\u015f hayvan\u0131n kesildi\u011fini, \u00fclkede et s\u0131k\u0131nt\u0131s\u0131 oldu\u011fu s\u00f6yleminin do\u011fru olmad\u0131\u011f\u0131n\u0131 s\u00f6yledi.<\/p>\n<p>Amcao\u011flu, bir \u00f6nceki et kesiminde y\u00fczde ellilik art\u0131\u015f oldu\u011funu da belirtti.<\/p>\n<p>Amcao\u011flu, hayat pahal\u0131l\u0131\u011f\u0131 uygulamas\u0131n\u0131n daha s\u0131k uygulanmas\u0131 gerekti\u011fi s\u00f6ylemini \u0131srarla g\u00fcndeme getirdiklerini dile getirdi.<\/p>\n<p>S\u0131k\u0131nt\u0131lar\u0131n fark\u0131nda olduklar\u0131n\u0131 ve \u00fclkenin kapal\u0131 ekonomide ya\u015fad\u0131\u011f\u0131n\u0131 bildiklerini dile getiren Amcao\u011flu, ba\u015fta turizm ve  y\u00fcksek\u00f6\u011fretim olmak \u00fczere ihracata y\u00f6nelik makro b\u00fcy\u00fcme ve \u00fcretimin yap\u0131lmas\u0131 \u00e7al\u0131\u015fmalar\u0131n\u0131n da s\u00fcrd\u00fc\u011f\u00fcn\u00fc,  \u00fclkedeki ihracat\u0131n geli\u015fece\u011fini belirtti.<\/p>\n<p>\u00dclkenin kendi ayaklar\u0131 \u00fczerinde durabilmesi \u00e7al\u0131\u015fmalar\u0131n\u0131 \u00f6nemsediklerini dile getiren Amcao\u011flu, bu \u015fartlar\u0131n da \u00e7ok yak\u0131n bir zamanda olu\u015fabilece\u011fini kaydetti.<\/p>\n<p>-Tosuno\u011flu<\/p>\n<p>DP Milletvekili Hasan Tosuno\u011flu, kooperatif\u00e7ili\u011fin \u00f6nemi konusunda yapt\u0131\u011f\u0131 g\u00fcncel konu\u015fmada, halk\u0131n sorunlar\u0131n\u0131n \u00e7\u00f6z\u00fcm\u00fc konusunda ba\u015far\u0131l\u0131 olmad\u0131klar\u0131n\u0131 kaydetti.<\/p>\n<p>Vaktinde at\u0131lmayan ad\u0131mlar nedeniyle sorunlar\u0131n \u00e7\u00f6z\u00fclemedi\u011fini dile getiren Tosuno\u011flu, \u00f6zellikle Kalk\u0131nma Bankas\u0131 gibi kurumlar\u0131n \u00f6zerk bi\u00e7imde y\u00f6netilmesi gerekti\u011fini belirtti.<\/p>\n<p>\u201cKurumlara atama yar\u0131\u015f\u0131\u201dndan  \u00e7\u0131k\u0131lmas\u0131 gerekti\u011fini dile getiren Tosuno\u011flu, kooperatiflerin ve kooperatif\u00e7ili\u011fin \u00f6neminin artt\u0131\u011f\u0131n\u0131 ve kooperatiflerin \u00f6n\u00fcn\u00fcn a\u00e7\u0131lmas\u0131 gerekti\u011fini belirtti.<\/p>\n<p>\u201cKoop-S\u00fct\u2019e g\u00f6z\u00fcm\u00fcz gibi bakmal\u0131y\u0131z\u201d ifadelerini kullanan Tosuno\u011flu, \u00fclkede levaz\u0131m gibi kurumlar\u0131 koruyarak gerekli ad\u0131mlar\u0131n at\u0131lmas\u0131 gerekti\u011fini kaydetti.<\/p>\n<p>-Talat<\/p>\n<p>CTP Milletvekili Ongun Talat da \u201cPeki g\u00fcnah kimde\u201d konulu g\u00fcncel konu\u015fmas\u0131nda, AB ile b\u00fct\u00fcnle\u015fmenin bir s\u00fcre\u00e7 oldu\u011funu ve tarihin bilinmesi gerekti\u011fini belirtti.<\/p>\n<p>\u201cK\u0131br\u0131s Cumhuriyeti\u2019nin tek ba\u015f\u0131na AB\u2019ye girmesinin ayr\u0131l\u0131k\u00e7\u0131 siyaset\u00e7iler taraf\u0131ndan yap\u0131ld\u0131\u011f\u0131n\u0131\u201d savunan  Talat, 1961\u2019de AB Konseyi\u2019ne \u00fcyelik ger\u00e7ekle\u015fti\u011fini ve bunun itici bir g\u00fc\u00e7 haline geldi\u011fini anlatarak, T\u00fcrk \u00fcyelerin de verdi\u011fi olumlu oylarla ortakl\u0131k anla\u015fmas\u0131 s\u00fcrecinin ba\u015flanmas\u0131n\u0131n istendi\u011fini kaydetti.<\/p>\n<p>Uluslararas\u0131 alanda K\u0131br\u0131sl\u0131 T\u00fcrklerin \u00e7\u0131karlar\u0131n\u0131n korunmas\u0131 gerekti\u011fine dikkat \u00e7eken Talat, 1990 y\u0131l\u0131nda AB\u2019ye \u201cK\u0131br\u0131s Cumhuriyeti\u201dnin tam \u00fcyelik ba\u015fvurusu yapt\u0131\u011f\u0131n\u0131 s\u00f6yledi ve \u201cBiz de bu treni ka\u00e7\u0131rd\u0131k\u201d \u015feklinde konu\u015ftu.<\/p>\n<p>K\u0131br\u0131sl\u0131 Rumlar\u0131n AB\u2019ye giri\u015f s\u00fcrecinin daha \u00f6nce \u00e7\u00f6z\u00fclmesi gerekti\u011fini dile getiren Talat, yap\u0131lan hatalarla uluslararas\u0131 topluma bask\u0131 kurulmas\u0131n\u0131n engellendi\u011fini kaydetti.<\/p>\n<p>\u201cSanki \u015fu anda egemeniz. Siz kimi kand\u0131r\u0131yorsunuz\u201d ifadelerini kullanan Talat, K\u0131br\u0131s\u2019ta federal \u00e7\u00f6z\u00fcmde e\u015fit olman\u0131n s\u00fcrekli bir felaket oldu\u011funun anlat\u0131ld\u0131\u011f\u0131n\u0131 s\u00f6yledi.<\/p>\n<p>Mevcut  iki ayr\u0131 devlet politikalar\u0131n\u0131n K\u0131br\u0131sl\u0131 Rumlar\u0131n elini g\u00fc\u00e7lendirdi\u011fini \u00f6ne s\u00fcren Talat, uzla\u015fmaz olan\u0131n K\u0131br\u0131sl\u0131 T\u00fcrkler olarak g\u00f6r\u00fcld\u00fc\u011f\u00fcn\u00fc kaydetti.<\/p>\n<p>-Ertu\u011frulo\u011flu<\/p>\n<p>D\u0131\u015fi\u015fleri Bakan\u0131 Tahsin Ertu\u011frulo\u011flu da s\u00f6z alarak, Annan Plan\u0131 d\u00f6neminde Kopenhag\u2019daki performans\u0131yla gurur duydu\u011funu ve mesleki anlamda en anlaml\u0131 ve en \u015fahsiyetli performans\u0131n\u0131 yapt\u0131\u011f\u0131n\u0131 s\u00f6yledi.<\/p>\n<p>Kopenhag\u2019a gelene kadar olay\u0131n bitti\u011fini dile getiren Ertu\u011frulo\u011flu, 60 Cumhuriyeti\u2019nin de\u011fil yeni kurulacak Cumhuriyet\u2019in \u00fcye olmas\u0131 \u00f6nerisinde bulunduklar\u0131n\u0131 ve bunun \u00f6nemli oldu\u011funu kaydetti.<\/p>\n<p>Kopenhag\u2019da  de\u011fi\u015fecek bir durum olmad\u0131\u011f\u0131n\u0131 dile getiren Ertu\u011frulo\u011flu, kendisinin plan\u0131n m\u00fczakere edilmesini \u00f6nerdi\u011fini s\u00f6yleyerek, \u00f6nlerine konan plan\u0131n m\u00fczakere edilmesine izin verilmedi\u011fini ve Kopenhag kriterlerine tamamen ters bir plan\u0131n kabul edilmesinin istendi\u011fini anlatt\u0131.<\/p>\n<p>Bu konular\u0131n ciddi dezenformasyon kampanyas\u0131 y\u00fcr\u00fct\u00fclmesi i\u00e7in g\u00fcndeme getirildi\u011fini s\u00f6yleyen Ertu\u011frulo\u011flu, Rumlar\u0131 zorlayarak girilen ortakl\u0131\u011f\u0131n sonucunda ne oldu\u011funun unutuldu\u011funu s\u00f6yleyerek, Rumlara g\u00f6re K\u0131br\u0131s T\u00fcrk\u00fc\u2019n\u00fcn hi\u00e7bir zaman kendileriyle e\u015fit olmad\u0131\u011f\u0131n\u0131 belirtti.<\/p>\n<p>Kimlerle muhatap olduklar\u0131n\u0131n g\u00f6rmezden gelinerek  mecbur b\u0131rakacak bir politikay\u0131 savunman\u0131n kendileri i\u00e7in asla kabul edilecek bir politika olmad\u0131\u011f\u0131n\u0131 dile getiren Ertu\u011frulo\u011flu, Rumlar\u0131n elde ettikleri K\u0131br\u0131s Cumhuriyeti\u2019ni cebe koyduklar\u0131 s\u00fcrece K\u0131br\u0131sl\u0131 T\u00fcrklerle hi\u00e7bir ortakl\u0131\u011f\u0131 istemediklerini belirtti.<\/p>\n<p>\u201cRumlar hangi plan\u0131 kabul ettiler\u201d diyen Ertu\u011frulo\u011flu, AB\u2019nin Rum m\u00fcracaat\u0131n\u0131 asla g\u00fcndeme almamas\u0131 gerekti\u011fini ve AB \u00fcyeli\u011fini cebine koyan Rum taraf\u0131ndan ne yapmas\u0131n\u0131n beklendi\u011fini sordu.<\/p>\n<p>\u201cTren bir kere yanl\u0131\u015f istikamette giden bir trendi.\u201d ifadelerini kullanan Ertu\u011frulo\u011flu, uluslararas\u0131 hukuku ihlal edenlerin kendilerine uluslararas\u0131 hukuku g\u00fcndeme getiremeyece\u011fini dile getirdi.<\/p>\n<p>Bir \u00fcniter devleti yaratmaya \u00e7al\u0131\u015fan Rum\u2019un asla federasyon niyetinde olmad\u0131\u011f\u0131n\u0131, bunu  tart\u0131\u015fmas\u0131n\u0131n anlams\u0131z oldu\u011funu dile getiren Ertu\u011frulo\u011flu, \u201cBiz 40 ya\u015f\u0131n\u0131 ge\u00e7mi\u015f bir devlet sahibi bir halk\u0131z\u201d dedi.<\/p>\n<p>Do\u011fru  oldu\u011funa inand\u0131\u011f\u0131 bir davan\u0131n savunuculu\u011funu yapt\u0131\u011f\u0131n\u0131 dile getiren Ertu\u011frulo\u011flu, t\u00fcm su\u00e7u T\u00fcrk taraf\u0131na y\u00fckleyip treni ka\u00e7\u0131rmak s\u00f6yleminin do\u011fru olmad\u0131\u011f\u0131n\u0131 s\u00f6yleyerek, \u201c\u0130yi ki binmedik. Hi\u00e7 kimse bizi bu trene bindiremezdi\u201d dedi.<\/p>\n<p>-Rogers<\/p>\n<p>Ba\u011f\u0131s\u0131z Milletvekili Jale Refik Rogers, \u201cH\u00fck\u00fcmetin yang\u0131n ile ilgili bir gailesi var m\u0131?\u201d konulu konu\u015fma yapt\u0131.<\/p>\n<p>Son ya\u015fanan iki yang\u0131nda iki b\u00fcy\u00fck i\u015fletmenin yok olmas\u0131na sebep olundu\u011funu dile getiren Rogers, h\u00fck\u00fcmete \u00e7a\u011fr\u0131 yaparak itfaiye ekipmanlar\u0131n\u0131n yenilenmesi gerekti\u011fini s\u00f6yledi.<\/p>\n<p>\u00dclkede bir\u00e7ok y\u00fcksek bina yap\u0131lmas\u0131 i\u00e7in in\u015faat izni verilirken itfaiyenin 10-20 y\u0131ll\u0131k ara\u00e7larla hizmet vermeye \u00e7al\u0131\u015ft\u0131\u011f\u0131n\u0131 dile getiren Rogers, itfaiyeye yeni ara\u00e7 al\u0131nana kadar Sivil Savunma ara\u00e7lar\u0131n\u0131n kullan\u0131m\u0131n\u0131n itfaiyeye  verilmesi gerekti\u011fini kaydetti.<\/p>\n<p>Yang\u0131nlar\u0131n \u00f6nlenmesi i\u00e7in de bir\u00e7ok tedbir al\u0131nmas\u0131 gerekti\u011fini dile getiren Rogers, yang\u0131na sebebiyet verilecek noktalarda gerekli tedbirlerin al\u0131nmad\u0131\u011f\u0131n\u0131n g\u00f6r\u00fcld\u00fc\u011f\u00fcn\u00fc belirtti.<\/p>\n<p>Yang\u0131n helikopterinin her sene konu\u015fuldu\u011funu dile getiren Rogers, helikopter al\u0131m\u0131 ile ilgili hi\u00e7 kimsenin bilgisi olmad\u0131\u011f\u0131n\u0131 kaydetti.<\/p>\n<p>Kat\u0131 at\u0131k y\u00f6netiminin eksikli\u011fine de de\u011finen Rogers, G\u00fcng\u00f6r kat\u0131 at\u0131k tesisinin k\u00f6t\u00fc y\u00f6netimden dolay\u0131 Dikmen \u00e7\u00f6pl\u00fc\u011f\u00fcndeki duruma g\u00f6re gitti\u011fini s\u00f6yleyerek, ayr\u0131\u015ft\u0131rma ve geri d\u00f6n\u00fc\u015f\u00fcmle ilgili bir \u015fey yap\u0131lmad\u0131\u011f\u0131n\u0131 ve her t\u00fcrl\u00fc at\u0131\u011f\u0131n oraya g\u00f6t\u00fcr\u00fcld\u00fc\u011f\u00fcn\u00fc ve kapasitesini doldurmak \u00fczere oldu\u011funu belirtti.<\/p>\n<p>\u00c7ok ciddi kat\u0131 at\u0131k sorunu oldu\u011funu dile getiren Rogers, b\u00f6yle gitmesi halinde \u00fclkenin \u00e7\u00f6pe d\u00f6nece\u011fini kaydetti.<\/p>\n<p>-\u00d6zdenefe<\/p>\n<p>CTP Milletvekili Fazilet \u00d6zdenefe, \u201cE\u011fitim\u201d konulu g\u00fcncel konu\u015fma yapt\u0131.<\/p>\n<p>Son zamanlarda e\u011fitimin sahte diplomalarla g\u00fcndeme geldi\u011fini fakat ilk\u00f6\u011fretimde h\u00fck\u00fcmetin acil yapmas\u0131 gerekenler oldu\u011funa dikkat \u00e7eken \u00d6zdenefe, ge\u00e7en hafta KT\u00d6S\u2019\u00fcn haz\u0131rlad\u0131\u011f\u0131 raporun milletvekillerine verilmesi i\u00e7in gerekeni yapt\u0131\u011f\u0131n\u0131 kaydetti.<\/p>\n<p>Deprem sonras\u0131 okullar\u0131n altyap\u0131 sorunlar\u0131 oldu\u011funu ve buna ra\u011fmen okullarda planlanmadan, iki g\u00fcn \u00f6\u011fleden sonra e\u011fitim yap\u0131lmaya devam edildi\u011fini dile getiren \u00d6zdenefe, 26 okulla alakal\u0131 hangi noktada olundu\u011funun bilgisini de istedi.<\/p>\n<p>\u00d6zdenefe, E\u011fitim Bakanl\u0131\u011f\u0131\u2019n\u0131n KT\u00d6S taraf\u0131ndan haz\u0131rlanan raporu incelemesi gerekti\u011fini kaydetti.<\/p>\n<p>E\u011fitim Bakanl\u0131\u011f\u0131\u2019n\u0131n e\u011fitimi y\u00f6netmedi\u011fini savunan  \u00d6zdenefe, \u00f6\u011frencilerin iyi e\u011fitim almas\u0131n\u0131n sa\u011flanmas\u0131 konusunda bir ad\u0131m at\u0131lmad\u0131\u011f\u0131n\u0131n g\u00f6r\u00fcld\u00fc\u011f\u00fcn\u00fc belirtti.<\/p>\n<p>Raporu okuyan \u00d6zdenefe, raporda \u00f6nemli bulgulara yer verildi\u011fini kaydetti ve Bakanl\u0131\u011f\u0131n tutumlar\u0131n\u0131n mesleki geli\u015fimin desteklenmesinde yetersiz kald\u0131\u011f\u0131n\u0131n g\u00f6r\u00fcld\u00fc\u011f\u00fcn\u00fc kaydetti.<\/p>\n<p>\u00d6\u011fleden sonra iki g\u00fcn e\u011fitim ile ilgili raporu da de\u011ferlendiren \u00d6zdenefe, \u00f6\u011fleden sonra e\u011fitim yap\u0131lan sistemde \u00f6\u011fretmen ve altyap\u0131 eksikli\u011finin istenilen e\u011fitimin verilmesinde verimli olmad\u0131\u011f\u0131n\u0131 kaydetti.<\/p>\n<p>Rapora g\u00f6re, \u00f6\u011fleden sonra e\u011fitime kat\u0131l\u0131m\u0131n y\u00fczde 50 azald\u0131\u011f\u0131n\u0131 dile getiren \u00d6zdenefe, 3 y\u0131ll\u0131k kademeli planlamayla birlikte nitelikli e\u011fitimin \u00f6\u011fleden sonra da yap\u0131lmas\u0131 gerekti\u011fini desteklediklerini fakat \u015fu anda yap\u0131lan e\u011fitimin damdan d\u00fc\u015fer gibi planlanmadan yap\u0131ld\u0131\u011f\u0131n\u0131 belirtti.<\/p>\n<p>E\u011fitim Bakanl\u0131\u011f\u0131\u2019n\u0131n bu y\u00f6nde herhangi bir \u00e7al\u0131\u015fma yap\u0131p yapmad\u0131\u011f\u0131n\u0131 soran \u00d6zdenefe, Bakanl\u0131\u011f\u0131n payda\u015flar\u0131yla bu konu hakk\u0131nda g\u00f6r\u00fc\u015f\u00fcp plan yapmadan hareket etmesinin do\u011fru olmad\u0131\u011f\u0131n\u0131 belirtti.<\/p>\n<p>\u00d6zdenefe, raporda, ankete kat\u0131l\u0131mc\u0131lar\u0131n y\u00fczde 90\u2019\u0131n\u0131n \u00f6\u011fleden sonra verilen e\u011fitimin \u015fu anki haliyle verimli olmad\u0131\u011f\u0131n\u0131 ve s\u00fcrd\u00fcr\u00fclebilir olmad\u0131\u011f\u0131n\u0131 d\u00fc\u015f\u00fcnd\u00fc\u011f\u00fcn\u00fc  kaydetti.<\/p>\n<p>Raporda bir\u00e7ok \u00f6neri de yap\u0131ld\u0131\u011f\u0131na dikkat \u00e7eken \u00d6zdenefe,  raporda G\u00fcney ile de kar\u015f\u0131la\u015ft\u0131rma yap\u0131larak verilerin haz\u0131rland\u0131\u011f\u0131n\u0131 belirtti.<\/p>\n<p>Devlet okullar\u0131nda KKTC vatanda\u015f\u0131 \u00f6\u011frencilerin y\u00fczde 57\u2019ye geriledi\u011fini dile getiren \u00d6zdenefe, s\u0131n\u0131flarda \u00f6\u011frenci say\u0131lar\u0131ndaki art\u0131\u015f\u0131n da \u00f6nemine vurgu yapt\u0131.<\/p>\n<p>E\u011fitim Bakanl\u0131\u011f\u0131\u2019na \u00e7a\u011fr\u0131da bulunarak bu konuyu \u00f6nemsememe l\u00fcks\u00fc olmad\u0131\u011f\u0131n\u0131 dile getiren \u00d6zdenefe, \u00f6zellikle e\u011fitim konusunda gerekli d\u00fczenlemelerin yap\u0131lmas\u0131 gerekti\u011fini vurgulad\u0131.   <\/p>\n<p>-Ulu\u00e7ay<\/p>\n<p> CTP Milletvekili Teberr\u00fcken Ulu\u00e7ay, \u201c\u00c7ar\u015f\u0131 siyaset ve ekonomi\u201d konusunda g\u00fcncel konu\u015fma yapt\u0131.<\/p>\n<p>Yabanc\u0131lar\u0131n mal al\u0131m\u0131 ile ilgili bug\u00fcn\u00fc de\u011fil gelece\u011fi de \u00f6ng\u00f6rmek gerekti\u011fine dikkat \u00e7eken Ulu\u00e7ay, sat\u0131\u015f konusunda oran uygulamas\u0131n\u0131n do\u011fru oldu\u011funu s\u00f6yledi ve sat\u0131\u015flarda y\u00fczde 70 yabanc\u0131, y\u00fczde 30 KKTC vatanda\u015f\u0131 olarak d\u00fczenlenmesi halinde \u015firketlerin s\u0131k\u0131nt\u0131 ya\u015famayaca\u011f\u0131n\u0131 kaydetti.<\/p>\n<p>Geli\u015fen b\u00f6lgelerde altyap\u0131 ile ilgili sorunlar\u0131n olabilece\u011fini dile getiren Ulu\u00e7ay, in\u015faat a\u015famas\u0131nda b\u00fct\u00fcn\u00fcn \u00fczerine yo\u011funla\u015ft\u0131r\u0131lmas\u0131 gerekti\u011fini belirtti.<\/p>\n<p>M\u00fclk sat\u0131\u015f\u0131nda yap\u0131lacak d\u00fczenlemede kira ko\u00e7an\u0131 uygulamas\u0131n\u0131n hayata ge\u00e7irilmesi gerekti\u011fini dile getiren Ulu\u00e7ay, bu sistemin KKTC ekonomisi a\u00e7\u0131s\u0131ndan da \u00f6nemli oldu\u011funu kaydetti.<\/p>\n<p>Kara kap\u0131lar\u0131ndaki ge\u00e7i\u015flerde art\u0131\u015flar\u0131n olmas\u0131n\u0131n KKTC\u2019nin turizm gelirlerinin de artmas\u0131na sebep olaca\u011f\u0131n\u0131 dile getiren Ulu\u00e7ay, enflasyona etki edecek uygulamalarla yaz d\u00f6neminde turizmdeki bu potansiyeli kullanarak \u00e7al\u0131\u015f\u0131lmas\u0131 gerekti\u011fini belirtti.<\/p>\n<p>KKTC ekonomisini olumlu etkileyecek baz\u0131 hususlar\u0131n uygulanmas\u0131 gerekti\u011fini dile getiren Ulu\u00e7ay, Kuzey ve G\u00fcney aras\u0131nda yap\u0131lacak baz\u0131 d\u00fczenlemelerle ekonominin farkl\u0131 a\u00e7\u0131lardan geli\u015febilece\u011fini kaydetti.<\/p>\n<p>Ortak programlarla kap\u0131lardaki ge\u00e7i\u015flerde d\u00fczenlemeler yap\u0131labilece\u011fini dile getiren Ulu\u00e7ay, bu uygulamalarla \u00fclke ekonomisine de katk\u0131 sa\u011flanaca\u011f\u0131n\u0131 belirtti.<\/p>\n<\/p><\/div>\n<p><script async\n                    defer\n                    crossorigin=\"anonymous\"\n                    src=\"https:\/\/connect.facebook.net\/tr_TR\/sdk.js#xfbml=1&#038;version=v3.3\"\n            ><\/script><\/p>\n","protected":false},"excerpt":{"rendered":"<p>Cumhuriyet Meclisi Genel Kurulu g\u00fcncel konu\u015fmalarla s\u00fcr\u00fcyor. -Amcao\u011flu Ekonomi ve Enerji Bakan\u0131 Olgun Amcao\u011flu konu\u015fmas\u0131nda, 2020 y\u0131l\u0131nda pandemiden dolay\u0131 ekonomi ve Maliye\u2019nin i\u00e7inde bulundu\u011fu \u015fartlarda \u00e7al\u0131\u015fmalar yapt\u0131klar\u0131na dikkat \u00e7ekti. Akaryak\u0131t\u0131n d\u00f6rt \u00f6nemli etkisi oldu\u011funu s\u00f6ylen Amcao\u011flu, dizelde fiyat de\u011fi\u015fikli\u011fi olmamas\u0131 i\u00e7in \u00e7ok \u00e7al\u0131\u015ft\u0131klar\u0131n\u0131 s\u00f6yledi. Pandemi d\u00f6neminden sonra akaryak\u0131t ihtiyac\u0131n\u0131n artt\u0131\u011f\u0131n\u0131 dile getiren Amcao\u011flu, \u00f6zellikle G\u00fcney\u2019den [&hellip;]<\/p>\n","protected":false},"author":1,"featured_media":1505,"comment_status":"open","ping_status":"open","sticky":false,"template":"","format":"standard","meta":{"jnews-multi-image_gallery":[],"jnews_single_post":[],"jnews_primary_category":[],"jnews_social_meta":[],"jnews_override_counter":[],"footnotes":""},"categories":[1],"tags":[],"class_list":["post-1504","post","type-post","status-publish","format-standard","has-post-thumbnail","hentry","category-kibris"],"yoast_head":"<!-- This site is optimized with the Yoast SEO plugin v27.5 - https:\/\/yoast.com\/product\/yoast-seo-wordpress\/ -->\n<title>Meclis Genel Kurulu devam ediyor\u2026 - Kuzeyin Sesi<\/title>\n<meta name=\"robots\" content=\"index, follow, max-snippet:-1, max-image-preview:large, max-video-preview:-1\" \/>\n<link rel=\"canonical\" href=\"https:\/\/kuzeyinsesi.org\/index.php\/2024\/05\/06\/meclis-genel-kurulu-devam-ediyor\/\" \/>\n<meta property=\"og:locale\" content=\"tr_TR\" \/>\n<meta property=\"og:type\" content=\"article\" \/>\n<meta property=\"og:title\" content=\"Meclis Genel Kurulu devam ediyor\u2026 - Kuzeyin Sesi\" \/>\n<meta property=\"og:description\" content=\"Cumhuriyet Meclisi Genel Kurulu g\u00fcncel konu\u015fmalarla s\u00fcr\u00fcyor. -Amcao\u011flu Ekonomi ve Enerji Bakan\u0131 Olgun Amcao\u011flu konu\u015fmas\u0131nda, 2020 y\u0131l\u0131nda pandemiden dolay\u0131 ekonomi ve Maliye\u2019nin i\u00e7inde bulundu\u011fu \u015fartlarda \u00e7al\u0131\u015fmalar yapt\u0131klar\u0131na dikkat \u00e7ekti. Akaryak\u0131t\u0131n d\u00f6rt \u00f6nemli etkisi oldu\u011funu s\u00f6ylen Amcao\u011flu, dizelde fiyat de\u011fi\u015fikli\u011fi olmamas\u0131 i\u00e7in \u00e7ok \u00e7al\u0131\u015ft\u0131klar\u0131n\u0131 s\u00f6yledi. Pandemi d\u00f6neminden sonra akaryak\u0131t ihtiyac\u0131n\u0131n artt\u0131\u011f\u0131n\u0131 dile getiren Amcao\u011flu, \u00f6zellikle G\u00fcney\u2019den [&hellip;]\" \/>\n<meta property=\"og:url\" content=\"https:\/\/kuzeyinsesi.org\/index.php\/2024\/05\/06\/meclis-genel-kurulu-devam-ediyor\/\" \/>\n<meta property=\"og:site_name\" content=\"Kuzeyin Sesi\" \/>\n<meta property=\"article:publisher\" content=\"https:\/\/www.facebook.com\/kuzeyinsesii\" \/>\n<meta property=\"article:published_time\" content=\"2024-05-06T16:38:10+00:00\" \/>\n<meta property=\"og:image\" content=\"https:\/\/kuzeyinsesi.org\/wp-content\/uploads\/2024\/05\/meclis-bina6.jpg\" \/>\n\t<meta property=\"og:image:width\" content=\"864\" \/>\n\t<meta property=\"og:image:height\" content=\"486\" \/>\n\t<meta property=\"og:image:type\" content=\"image\/jpeg\" \/>\n<meta name=\"author\" content=\"Kuzeyin Sesi\" \/>\n<meta name=\"twitter:card\" content=\"summary_large_image\" \/>\n<meta name=\"twitter:creator\" content=\"@kuzeyinsesii\" \/>\n<meta name=\"twitter:site\" content=\"@kuzeyinsesii\" \/>\n<meta name=\"twitter:label1\" content=\"Yazan:\" \/>\n\t<meta name=\"twitter:data1\" content=\"Kuzeyin Sesi\" \/>\n\t<meta name=\"twitter:label2\" content=\"Tahmini okuma s\u00fcresi\" \/>\n\t<meta name=\"twitter:data2\" content=\"10 dakika\" \/>\n<script type=\"application\/ld+json\" class=\"yoast-schema-graph\">{\"@context\":\"https:\\\/\\\/schema.org\",\"@graph\":[{\"@type\":\"Article\",\"@id\":\"https:\\\/\\\/kuzeyinsesi.org\\\/index.php\\\/2024\\\/05\\\/06\\\/meclis-genel-kurulu-devam-ediyor\\\/#article\",\"isPartOf\":{\"@id\":\"https:\\\/\\\/kuzeyinsesi.org\\\/index.php\\\/2024\\\/05\\\/06\\\/meclis-genel-kurulu-devam-ediyor\\\/\"},\"author\":{\"name\":\"Kuzeyin Sesi\",\"@id\":\"https:\\\/\\\/kuzeyinsesi.org\\\/#\\\/schema\\\/person\\\/9f859689cdf01485597712386e37f5aa\"},\"headline\":\"Meclis Genel Kurulu devam ediyor\u2026\",\"datePublished\":\"2024-05-06T16:38:10+00:00\",\"mainEntityOfPage\":{\"@id\":\"https:\\\/\\\/kuzeyinsesi.org\\\/index.php\\\/2024\\\/05\\\/06\\\/meclis-genel-kurulu-devam-ediyor\\\/\"},\"wordCount\":2015,\"commentCount\":0,\"image\":{\"@id\":\"https:\\\/\\\/kuzeyinsesi.org\\\/index.php\\\/2024\\\/05\\\/06\\\/meclis-genel-kurulu-devam-ediyor\\\/#primaryimage\"},\"thumbnailUrl\":\"https:\\\/\\\/kuzeyinsesi.org\\\/wp-content\\\/uploads\\\/2024\\\/05\\\/meclis-bina6.jpg\",\"articleSection\":[\"K\u0131br\u0131s\"],\"inLanguage\":\"tr\",\"potentialAction\":[{\"@type\":\"CommentAction\",\"name\":\"Comment\",\"target\":[\"https:\\\/\\\/kuzeyinsesi.org\\\/index.php\\\/2024\\\/05\\\/06\\\/meclis-genel-kurulu-devam-ediyor\\\/#respond\"]}]},{\"@type\":\"WebPage\",\"@id\":\"https:\\\/\\\/kuzeyinsesi.org\\\/index.php\\\/2024\\\/05\\\/06\\\/meclis-genel-kurulu-devam-ediyor\\\/\",\"url\":\"https:\\\/\\\/kuzeyinsesi.org\\\/index.php\\\/2024\\\/05\\\/06\\\/meclis-genel-kurulu-devam-ediyor\\\/\",\"name\":\"Meclis Genel Kurulu devam ediyor\u2026 - Kuzeyin Sesi\",\"isPartOf\":{\"@id\":\"https:\\\/\\\/kuzeyinsesi.org\\\/#website\"},\"primaryImageOfPage\":{\"@id\":\"https:\\\/\\\/kuzeyinsesi.org\\\/index.php\\\/2024\\\/05\\\/06\\\/meclis-genel-kurulu-devam-ediyor\\\/#primaryimage\"},\"image\":{\"@id\":\"https:\\\/\\\/kuzeyinsesi.org\\\/index.php\\\/2024\\\/05\\\/06\\\/meclis-genel-kurulu-devam-ediyor\\\/#primaryimage\"},\"thumbnailUrl\":\"https:\\\/\\\/kuzeyinsesi.org\\\/wp-content\\\/uploads\\\/2024\\\/05\\\/meclis-bina6.jpg\",\"datePublished\":\"2024-05-06T16:38:10+00:00\",\"author\":{\"@id\":\"https:\\\/\\\/kuzeyinsesi.org\\\/#\\\/schema\\\/person\\\/9f859689cdf01485597712386e37f5aa\"},\"breadcrumb\":{\"@id\":\"https:\\\/\\\/kuzeyinsesi.org\\\/index.php\\\/2024\\\/05\\\/06\\\/meclis-genel-kurulu-devam-ediyor\\\/#breadcrumb\"},\"inLanguage\":\"tr\",\"potentialAction\":[{\"@type\":\"ReadAction\",\"target\":[\"https:\\\/\\\/kuzeyinsesi.org\\\/index.php\\\/2024\\\/05\\\/06\\\/meclis-genel-kurulu-devam-ediyor\\\/\"]}]},{\"@type\":\"ImageObject\",\"inLanguage\":\"tr\",\"@id\":\"https:\\\/\\\/kuzeyinsesi.org\\\/index.php\\\/2024\\\/05\\\/06\\\/meclis-genel-kurulu-devam-ediyor\\\/#primaryimage\",\"url\":\"https:\\\/\\\/kuzeyinsesi.org\\\/wp-content\\\/uploads\\\/2024\\\/05\\\/meclis-bina6.jpg\",\"contentUrl\":\"https:\\\/\\\/kuzeyinsesi.org\\\/wp-content\\\/uploads\\\/2024\\\/05\\\/meclis-bina6.jpg\",\"width\":864,\"height\":486},{\"@type\":\"BreadcrumbList\",\"@id\":\"https:\\\/\\\/kuzeyinsesi.org\\\/index.php\\\/2024\\\/05\\\/06\\\/meclis-genel-kurulu-devam-ediyor\\\/#breadcrumb\",\"itemListElement\":[{\"@type\":\"ListItem\",\"position\":1,\"name\":\"Anasayfa\",\"item\":\"https:\\\/\\\/kuzeyinsesi.org\\\/\"},{\"@type\":\"ListItem\",\"position\":2,\"name\":\"Meclis Genel Kurulu devam ediyor\u2026\"}]},{\"@type\":\"WebSite\",\"@id\":\"https:\\\/\\\/kuzeyinsesi.org\\\/#website\",\"url\":\"https:\\\/\\\/kuzeyinsesi.org\\\/\",\"name\":\"Kuzeyin Sesi\",\"description\":\"Do\u011fru Haberin Adresi\",\"potentialAction\":[{\"@type\":\"SearchAction\",\"target\":{\"@type\":\"EntryPoint\",\"urlTemplate\":\"https:\\\/\\\/kuzeyinsesi.org\\\/?s={search_term_string}\"},\"query-input\":{\"@type\":\"PropertyValueSpecification\",\"valueRequired\":true,\"valueName\":\"search_term_string\"}}],\"inLanguage\":\"tr\"},{\"@type\":\"Person\",\"@id\":\"https:\\\/\\\/kuzeyinsesi.org\\\/#\\\/schema\\\/person\\\/9f859689cdf01485597712386e37f5aa\",\"name\":\"Kuzeyin Sesi\",\"image\":{\"@type\":\"ImageObject\",\"inLanguage\":\"tr\",\"@id\":\"https:\\\/\\\/secure.gravatar.com\\\/avatar\\\/bab33852abfd8b282518d6ed81826833d77c3c882d9ab608add591ccace47a44?s=96&d=mm&r=g\",\"url\":\"https:\\\/\\\/secure.gravatar.com\\\/avatar\\\/bab33852abfd8b282518d6ed81826833d77c3c882d9ab608add591ccace47a44?s=96&d=mm&r=g\",\"contentUrl\":\"https:\\\/\\\/secure.gravatar.com\\\/avatar\\\/bab33852abfd8b282518d6ed81826833d77c3c882d9ab608add591ccace47a44?s=96&d=mm&r=g\",\"caption\":\"Kuzeyin Sesi\"},\"sameAs\":[\"https:\\\/\\\/kuzeyinsesi.org\"],\"url\":\"https:\\\/\\\/kuzeyinsesi.org\\\/index.php\\\/author\\\/guven\\\/\"}]}<\/script>\n<!-- \/ Yoast SEO plugin. -->","yoast_head_json":{"title":"Meclis Genel Kurulu devam ediyor\u2026 - Kuzeyin Sesi","robots":{"index":"index","follow":"follow","max-snippet":"max-snippet:-1","max-image-preview":"max-image-preview:large","max-video-preview":"max-video-preview:-1"},"canonical":"https:\/\/kuzeyinsesi.org\/index.php\/2024\/05\/06\/meclis-genel-kurulu-devam-ediyor\/","og_locale":"tr_TR","og_type":"article","og_title":"Meclis Genel Kurulu devam ediyor\u2026 - Kuzeyin Sesi","og_description":"Cumhuriyet Meclisi Genel Kurulu g\u00fcncel konu\u015fmalarla s\u00fcr\u00fcyor. -Amcao\u011flu Ekonomi ve Enerji Bakan\u0131 Olgun Amcao\u011flu konu\u015fmas\u0131nda, 2020 y\u0131l\u0131nda pandemiden dolay\u0131 ekonomi ve Maliye\u2019nin i\u00e7inde bulundu\u011fu \u015fartlarda \u00e7al\u0131\u015fmalar yapt\u0131klar\u0131na dikkat \u00e7ekti. Akaryak\u0131t\u0131n d\u00f6rt \u00f6nemli etkisi oldu\u011funu s\u00f6ylen Amcao\u011flu, dizelde fiyat de\u011fi\u015fikli\u011fi olmamas\u0131 i\u00e7in \u00e7ok \u00e7al\u0131\u015ft\u0131klar\u0131n\u0131 s\u00f6yledi. Pandemi d\u00f6neminden sonra akaryak\u0131t ihtiyac\u0131n\u0131n artt\u0131\u011f\u0131n\u0131 dile getiren Amcao\u011flu, \u00f6zellikle G\u00fcney\u2019den [&hellip;]","og_url":"https:\/\/kuzeyinsesi.org\/index.php\/2024\/05\/06\/meclis-genel-kurulu-devam-ediyor\/","og_site_name":"Kuzeyin Sesi","article_publisher":"https:\/\/www.facebook.com\/kuzeyinsesii","article_published_time":"2024-05-06T16:38:10+00:00","og_image":[{"width":864,"height":486,"url":"https:\/\/kuzeyinsesi.org\/wp-content\/uploads\/2024\/05\/meclis-bina6.jpg","type":"image\/jpeg"}],"author":"Kuzeyin Sesi","twitter_card":"summary_large_image","twitter_creator":"@kuzeyinsesii","twitter_site":"@kuzeyinsesii","twitter_misc":{"Yazan:":"Kuzeyin Sesi","Tahmini okuma s\u00fcresi":"10 dakika"},"schema":{"@context":"https:\/\/schema.org","@graph":[{"@type":"Article","@id":"https:\/\/kuzeyinsesi.org\/index.php\/2024\/05\/06\/meclis-genel-kurulu-devam-ediyor\/#article","isPartOf":{"@id":"https:\/\/kuzeyinsesi.org\/index.php\/2024\/05\/06\/meclis-genel-kurulu-devam-ediyor\/"},"author":{"name":"Kuzeyin Sesi","@id":"https:\/\/kuzeyinsesi.org\/#\/schema\/person\/9f859689cdf01485597712386e37f5aa"},"headline":"Meclis Genel Kurulu devam ediyor\u2026","datePublished":"2024-05-06T16:38:10+00:00","mainEntityOfPage":{"@id":"https:\/\/kuzeyinsesi.org\/index.php\/2024\/05\/06\/meclis-genel-kurulu-devam-ediyor\/"},"wordCount":2015,"commentCount":0,"image":{"@id":"https:\/\/kuzeyinsesi.org\/index.php\/2024\/05\/06\/meclis-genel-kurulu-devam-ediyor\/#primaryimage"},"thumbnailUrl":"https:\/\/kuzeyinsesi.org\/wp-content\/uploads\/2024\/05\/meclis-bina6.jpg","articleSection":["K\u0131br\u0131s"],"inLanguage":"tr","potentialAction":[{"@type":"CommentAction","name":"Comment","target":["https:\/\/kuzeyinsesi.org\/index.php\/2024\/05\/06\/meclis-genel-kurulu-devam-ediyor\/#respond"]}]},{"@type":"WebPage","@id":"https:\/\/kuzeyinsesi.org\/index.php\/2024\/05\/06\/meclis-genel-kurulu-devam-ediyor\/","url":"https:\/\/kuzeyinsesi.org\/index.php\/2024\/05\/06\/meclis-genel-kurulu-devam-ediyor\/","name":"Meclis Genel Kurulu devam ediyor\u2026 - Kuzeyin Sesi","isPartOf":{"@id":"https:\/\/kuzeyinsesi.org\/#website"},"primaryImageOfPage":{"@id":"https:\/\/kuzeyinsesi.org\/index.php\/2024\/05\/06\/meclis-genel-kurulu-devam-ediyor\/#primaryimage"},"image":{"@id":"https:\/\/kuzeyinsesi.org\/index.php\/2024\/05\/06\/meclis-genel-kurulu-devam-ediyor\/#primaryimage"},"thumbnailUrl":"https:\/\/kuzeyinsesi.org\/wp-content\/uploads\/2024\/05\/meclis-bina6.jpg","datePublished":"2024-05-06T16:38:10+00:00","author":{"@id":"https:\/\/kuzeyinsesi.org\/#\/schema\/person\/9f859689cdf01485597712386e37f5aa"},"breadcrumb":{"@id":"https:\/\/kuzeyinsesi.org\/index.php\/2024\/05\/06\/meclis-genel-kurulu-devam-ediyor\/#breadcrumb"},"inLanguage":"tr","potentialAction":[{"@type":"ReadAction","target":["https:\/\/kuzeyinsesi.org\/index.php\/2024\/05\/06\/meclis-genel-kurulu-devam-ediyor\/"]}]},{"@type":"ImageObject","inLanguage":"tr","@id":"https:\/\/kuzeyinsesi.org\/index.php\/2024\/05\/06\/meclis-genel-kurulu-devam-ediyor\/#primaryimage","url":"https:\/\/kuzeyinsesi.org\/wp-content\/uploads\/2024\/05\/meclis-bina6.jpg","contentUrl":"https:\/\/kuzeyinsesi.org\/wp-content\/uploads\/2024\/05\/meclis-bina6.jpg","width":864,"height":486},{"@type":"BreadcrumbList","@id":"https:\/\/kuzeyinsesi.org\/index.php\/2024\/05\/06\/meclis-genel-kurulu-devam-ediyor\/#breadcrumb","itemListElement":[{"@type":"ListItem","position":1,"name":"Anasayfa","item":"https:\/\/kuzeyinsesi.org\/"},{"@type":"ListItem","position":2,"name":"Meclis Genel Kurulu devam ediyor\u2026"}]},{"@type":"WebSite","@id":"https:\/\/kuzeyinsesi.org\/#website","url":"https:\/\/kuzeyinsesi.org\/","name":"Kuzeyin Sesi","description":"Do\u011fru Haberin Adresi","potentialAction":[{"@type":"SearchAction","target":{"@type":"EntryPoint","urlTemplate":"https:\/\/kuzeyinsesi.org\/?s={search_term_string}"},"query-input":{"@type":"PropertyValueSpecification","valueRequired":true,"valueName":"search_term_string"}}],"inLanguage":"tr"},{"@type":"Person","@id":"https:\/\/kuzeyinsesi.org\/#\/schema\/person\/9f859689cdf01485597712386e37f5aa","name":"Kuzeyin Sesi","image":{"@type":"ImageObject","inLanguage":"tr","@id":"https:\/\/secure.gravatar.com\/avatar\/bab33852abfd8b282518d6ed81826833d77c3c882d9ab608add591ccace47a44?s=96&d=mm&r=g","url":"https:\/\/secure.gravatar.com\/avatar\/bab33852abfd8b282518d6ed81826833d77c3c882d9ab608add591ccace47a44?s=96&d=mm&r=g","contentUrl":"https:\/\/secure.gravatar.com\/avatar\/bab33852abfd8b282518d6ed81826833d77c3c882d9ab608add591ccace47a44?s=96&d=mm&r=g","caption":"Kuzeyin Sesi"},"sameAs":["https:\/\/kuzeyinsesi.org"],"url":"https:\/\/kuzeyinsesi.org\/index.php\/author\/guven\/"}]}},"_links":{"self":[{"href":"https:\/\/kuzeyinsesi.org\/index.php\/wp-json\/wp\/v2\/posts\/1504","targetHints":{"allow":["GET"]}}],"collection":[{"href":"https:\/\/kuzeyinsesi.org\/index.php\/wp-json\/wp\/v2\/posts"}],"about":[{"href":"https:\/\/kuzeyinsesi.org\/index.php\/wp-json\/wp\/v2\/types\/post"}],"author":[{"embeddable":true,"href":"https:\/\/kuzeyinsesi.org\/index.php\/wp-json\/wp\/v2\/users\/1"}],"replies":[{"embeddable":true,"href":"https:\/\/kuzeyinsesi.org\/index.php\/wp-json\/wp\/v2\/comments?post=1504"}],"version-history":[{"count":0,"href":"https:\/\/kuzeyinsesi.org\/index.php\/wp-json\/wp\/v2\/posts\/1504\/revisions"}],"wp:featuredmedia":[{"embeddable":true,"href":"https:\/\/kuzeyinsesi.org\/index.php\/wp-json\/wp\/v2\/media\/1505"}],"wp:attachment":[{"href":"https:\/\/kuzeyinsesi.org\/index.php\/wp-json\/wp\/v2\/media?parent=1504"}],"wp:term":[{"taxonomy":"category","embeddable":true,"href":"https:\/\/kuzeyinsesi.org\/index.php\/wp-json\/wp\/v2\/categories?post=1504"},{"taxonomy":"post_tag","embeddable":true,"href":"https:\/\/kuzeyinsesi.org\/index.php\/wp-json\/wp\/v2\/tags?post=1504"}],"curies":[{"name":"wp","href":"https:\/\/api.w.org\/{rel}","templated":true}]}}