{"id":15022,"date":"2024-12-05T21:49:06","date_gmt":"2024-12-05T19:49:06","guid":{"rendered":"https:\/\/kuzeyinsesi.org\/index.php\/2024\/12\/05\/tc-milli-guvenlik-kurulu-toplandi\/"},"modified":"2024-12-05T21:49:06","modified_gmt":"2024-12-05T19:49:06","slug":"tc-milli-guvenlik-kurulu-toplandi","status":"publish","type":"post","link":"https:\/\/kuzeyinsesi.org\/index.php\/2024\/12\/05\/tc-milli-guvenlik-kurulu-toplandi\/","title":{"rendered":"TC Milli G\u00fcvenlik Kurulu topland\u0131"},"content":{"rendered":"<div>\n<div class=\"mariselle-image-container center\">\n                                            <\/div>\n<p>T\u00fcrkiye Milli G\u00fcvenlik Kurulu (MGK) Cumhurba\u015fkan\u0131 Recep Tayyip Erdo\u011fan ba\u015fkanl\u0131\u011f\u0131nda, Cumhurba\u015fkanl\u0131\u011f\u0131 K\u00fclliyesi\u2019nde, yakla\u015f\u0131k 3 saat s\u00fcren bir toplant\u0131 yapt\u0131.<\/p>\n<p>Cumhurba\u015fkan\u0131 Erdo\u011fan, BM Genel Sekreteri Guterres ile MGK toplant\u0131s\u0131 esnas\u0131nda telefon g\u00f6r\u00fc\u015fmesi yapt\u0131. G\u00f6r\u00fc\u015fmede b\u00f6lgesel ve k\u00fcresel konular ele al\u0131nd\u0131.<\/p>\n<p>Toplant\u0131 sonras\u0131 MGK\u2019dan yay\u0131mlanan bildiride, \u201cPKK\/KCK-PYD\/YPG, FET\u00d6 ve DEA\u015e ba\u015fta olmak \u00fczere bekam\u0131za y\u00f6nelik her t\u00fcrl\u00fc tehdide kar\u015f\u0131 operasyonlar ve uluslararas\u0131 geli\u015fmeler hakk\u0131nda Kurula bilgi sunuldu\u201d denildi.<\/p>\n<p>Bildiride ayr\u0131ca, T\u00fcrkiye\u2019nin Suriye\u2019nin toprak b\u00fct\u00fcnl\u00fc\u011f\u00fc ile birli\u011finin korunmas\u0131na her zaman g\u00fc\u00e7l\u00fc destek verdi\u011fi ve gereken t\u00fcm katk\u0131y\u0131 sa\u011flamaya haz\u0131r oldu\u011fu ifade edildi.<\/p>\n<\/p><\/div>\n<p><script async\n                    defer\n                    crossorigin=\"anonymous\"\n                    src=\"https:\/\/connect.facebook.net\/tr_TR\/sdk.js#xfbml=1&#038;version=v3.3\"\n            ><\/script><\/p>\n","protected":false},"excerpt":{"rendered":"<p>T\u00fcrkiye Milli G\u00fcvenlik Kurulu (MGK) Cumhurba\u015fkan\u0131 Recep Tayyip Erdo\u011fan ba\u015fkanl\u0131\u011f\u0131nda, Cumhurba\u015fkanl\u0131\u011f\u0131 K\u00fclliyesi\u2019nde, yakla\u015f\u0131k 3 saat s\u00fcren bir toplant\u0131 yapt\u0131. Cumhurba\u015fkan\u0131 Erdo\u011fan, BM Genel Sekreteri Guterres ile MGK toplant\u0131s\u0131 esnas\u0131nda telefon g\u00f6r\u00fc\u015fmesi yapt\u0131. G\u00f6r\u00fc\u015fmede b\u00f6lgesel ve k\u00fcresel konular ele al\u0131nd\u0131. Toplant\u0131 sonras\u0131 MGK\u2019dan yay\u0131mlanan bildiride, \u201cPKK\/KCK-PYD\/YPG, FET\u00d6 ve DEA\u015e ba\u015fta olmak \u00fczere bekam\u0131za y\u00f6nelik her t\u00fcrl\u00fc [&hellip;]<\/p>\n","protected":false},"author":1,"featured_media":15023,"comment_status":"open","ping_status":"open","sticky":false,"template":"","format":"standard","meta":{"jnews-multi-image_gallery":[],"jnews_single_post":[],"jnews_primary_category":[],"jnews_social_meta":[],"jnews_override_counter":[],"footnotes":""},"categories":[5],"tags":[],"class_list":["post-15022","post","type-post","status-publish","format-standard","has-post-thumbnail","hentry","category-turkiye"],"yoast_head":"<!-- This site is optimized with the Yoast SEO plugin v27.4 - https:\/\/yoast.com\/product\/yoast-seo-wordpress\/ -->\n<title>TC Milli G\u00fcvenlik Kurulu topland\u0131 - Kuzeyin Sesi<\/title>\n<meta name=\"robots\" content=\"index, follow, max-snippet:-1, max-image-preview:large, max-video-preview:-1\" \/>\n<link rel=\"canonical\" href=\"https:\/\/kuzeyinsesi.org\/index.php\/2024\/12\/05\/tc-milli-guvenlik-kurulu-toplandi\/\" \/>\n<meta property=\"og:locale\" content=\"tr_TR\" \/>\n<meta property=\"og:type\" content=\"article\" \/>\n<meta property=\"og:title\" content=\"TC Milli G\u00fcvenlik Kurulu topland\u0131 - Kuzeyin Sesi\" \/>\n<meta property=\"og:description\" content=\"T\u00fcrkiye Milli G\u00fcvenlik Kurulu (MGK) Cumhurba\u015fkan\u0131 Recep Tayyip Erdo\u011fan ba\u015fkanl\u0131\u011f\u0131nda, Cumhurba\u015fkanl\u0131\u011f\u0131 K\u00fclliyesi\u2019nde, yakla\u015f\u0131k 3 saat s\u00fcren bir toplant\u0131 yapt\u0131. Cumhurba\u015fkan\u0131 Erdo\u011fan, BM Genel Sekreteri Guterres ile MGK toplant\u0131s\u0131 esnas\u0131nda telefon g\u00f6r\u00fc\u015fmesi yapt\u0131. G\u00f6r\u00fc\u015fmede b\u00f6lgesel ve k\u00fcresel konular ele al\u0131nd\u0131. Toplant\u0131 sonras\u0131 MGK\u2019dan yay\u0131mlanan bildiride, \u201cPKK\/KCK-PYD\/YPG, FET\u00d6 ve DEA\u015e ba\u015fta olmak \u00fczere bekam\u0131za y\u00f6nelik her t\u00fcrl\u00fc [&hellip;]\" \/>\n<meta property=\"og:url\" content=\"https:\/\/kuzeyinsesi.org\/index.php\/2024\/12\/05\/tc-milli-guvenlik-kurulu-toplandi\/\" \/>\n<meta property=\"og:site_name\" content=\"Kuzeyin Sesi\" \/>\n<meta property=\"article:publisher\" content=\"https:\/\/www.facebook.com\/kuzeyinsesii\" \/>\n<meta property=\"article:published_time\" content=\"2024-12-05T19:49:06+00:00\" \/>\n<meta property=\"og:image\" content=\"https:\/\/brtk.net\/wp-content\/uploads\/2024\/12\/05\/1733419839875MGK.jpg?ver=07a95013120f750ea3d2e6e7959c60b2\" \/>\n<meta name=\"author\" content=\"Kuzeyin Sesi\" \/>\n<meta name=\"twitter:card\" content=\"summary_large_image\" \/>\n<meta name=\"twitter:creator\" content=\"@kuzeyinsesii\" \/>\n<meta name=\"twitter:site\" content=\"@kuzeyinsesii\" \/>\n<meta name=\"twitter:label1\" content=\"Yazan:\" \/>\n\t<meta name=\"twitter:data1\" content=\"Kuzeyin Sesi\" \/>\n\t<meta name=\"twitter:label2\" content=\"Tahmini okuma s\u00fcresi\" \/>\n\t<meta name=\"twitter:data2\" content=\"1 dakika\" \/>\n<script type=\"application\/ld+json\" class=\"yoast-schema-graph\">{\"@context\":\"https:\\\/\\\/schema.org\",\"@graph\":[{\"@type\":\"Article\",\"@id\":\"https:\\\/\\\/kuzeyinsesi.org\\\/index.php\\\/2024\\\/12\\\/05\\\/tc-milli-guvenlik-kurulu-toplandi\\\/#article\",\"isPartOf\":{\"@id\":\"https:\\\/\\\/kuzeyinsesi.org\\\/index.php\\\/2024\\\/12\\\/05\\\/tc-milli-guvenlik-kurulu-toplandi\\\/\"},\"author\":{\"name\":\"Kuzeyin Sesi\",\"@id\":\"https:\\\/\\\/kuzeyinsesi.org\\\/#\\\/schema\\\/person\\\/9f859689cdf01485597712386e37f5aa\"},\"headline\":\"TC Milli G\u00fcvenlik Kurulu topland\u0131\",\"datePublished\":\"2024-12-05T19:49:06+00:00\",\"mainEntityOfPage\":{\"@id\":\"https:\\\/\\\/kuzeyinsesi.org\\\/index.php\\\/2024\\\/12\\\/05\\\/tc-milli-guvenlik-kurulu-toplandi\\\/\"},\"wordCount\":141,\"commentCount\":0,\"image\":{\"@id\":\"https:\\\/\\\/kuzeyinsesi.org\\\/index.php\\\/2024\\\/12\\\/05\\\/tc-milli-guvenlik-kurulu-toplandi\\\/#primaryimage\"},\"thumbnailUrl\":\"https:\\\/\\\/kuzeyinsesi.org\\\/wp-content\\\/uploads\\\/2024\\\/12\\\/1733419839875MGK.jpg\",\"articleSection\":[\"T\u00fcrkiye\"],\"inLanguage\":\"tr\",\"potentialAction\":[{\"@type\":\"CommentAction\",\"name\":\"Comment\",\"target\":[\"https:\\\/\\\/kuzeyinsesi.org\\\/index.php\\\/2024\\\/12\\\/05\\\/tc-milli-guvenlik-kurulu-toplandi\\\/#respond\"]}]},{\"@type\":\"WebPage\",\"@id\":\"https:\\\/\\\/kuzeyinsesi.org\\\/index.php\\\/2024\\\/12\\\/05\\\/tc-milli-guvenlik-kurulu-toplandi\\\/\",\"url\":\"https:\\\/\\\/kuzeyinsesi.org\\\/index.php\\\/2024\\\/12\\\/05\\\/tc-milli-guvenlik-kurulu-toplandi\\\/\",\"name\":\"TC Milli G\u00fcvenlik Kurulu topland\u0131 - Kuzeyin Sesi\",\"isPartOf\":{\"@id\":\"https:\\\/\\\/kuzeyinsesi.org\\\/#website\"},\"primaryImageOfPage\":{\"@id\":\"https:\\\/\\\/kuzeyinsesi.org\\\/index.php\\\/2024\\\/12\\\/05\\\/tc-milli-guvenlik-kurulu-toplandi\\\/#primaryimage\"},\"image\":{\"@id\":\"https:\\\/\\\/kuzeyinsesi.org\\\/index.php\\\/2024\\\/12\\\/05\\\/tc-milli-guvenlik-kurulu-toplandi\\\/#primaryimage\"},\"thumbnailUrl\":\"https:\\\/\\\/kuzeyinsesi.org\\\/wp-content\\\/uploads\\\/2024\\\/12\\\/1733419839875MGK.jpg\",\"datePublished\":\"2024-12-05T19:49:06+00:00\",\"author\":{\"@id\":\"https:\\\/\\\/kuzeyinsesi.org\\\/#\\\/schema\\\/person\\\/9f859689cdf01485597712386e37f5aa\"},\"breadcrumb\":{\"@id\":\"https:\\\/\\\/kuzeyinsesi.org\\\/index.php\\\/2024\\\/12\\\/05\\\/tc-milli-guvenlik-kurulu-toplandi\\\/#breadcrumb\"},\"inLanguage\":\"tr\",\"potentialAction\":[{\"@type\":\"ReadAction\",\"target\":[\"https:\\\/\\\/kuzeyinsesi.org\\\/index.php\\\/2024\\\/12\\\/05\\\/tc-milli-guvenlik-kurulu-toplandi\\\/\"]}]},{\"@type\":\"ImageObject\",\"inLanguage\":\"tr\",\"@id\":\"https:\\\/\\\/kuzeyinsesi.org\\\/index.php\\\/2024\\\/12\\\/05\\\/tc-milli-guvenlik-kurulu-toplandi\\\/#primaryimage\",\"url\":\"https:\\\/\\\/kuzeyinsesi.org\\\/wp-content\\\/uploads\\\/2024\\\/12\\\/1733419839875MGK.jpg\",\"contentUrl\":\"https:\\\/\\\/kuzeyinsesi.org\\\/wp-content\\\/uploads\\\/2024\\\/12\\\/1733419839875MGK.jpg\",\"width\":864,\"height\":486},{\"@type\":\"BreadcrumbList\",\"@id\":\"https:\\\/\\\/kuzeyinsesi.org\\\/index.php\\\/2024\\\/12\\\/05\\\/tc-milli-guvenlik-kurulu-toplandi\\\/#breadcrumb\",\"itemListElement\":[{\"@type\":\"ListItem\",\"position\":1,\"name\":\"Anasayfa\",\"item\":\"https:\\\/\\\/kuzeyinsesi.org\\\/\"},{\"@type\":\"ListItem\",\"position\":2,\"name\":\"TC Milli G\u00fcvenlik Kurulu topland\u0131\"}]},{\"@type\":\"WebSite\",\"@id\":\"https:\\\/\\\/kuzeyinsesi.org\\\/#website\",\"url\":\"https:\\\/\\\/kuzeyinsesi.org\\\/\",\"name\":\"Kuzeyin Sesi\",\"description\":\"Do\u011fru Haberin Adresi\",\"potentialAction\":[{\"@type\":\"SearchAction\",\"target\":{\"@type\":\"EntryPoint\",\"urlTemplate\":\"https:\\\/\\\/kuzeyinsesi.org\\\/?s={search_term_string}\"},\"query-input\":{\"@type\":\"PropertyValueSpecification\",\"valueRequired\":true,\"valueName\":\"search_term_string\"}}],\"inLanguage\":\"tr\"},{\"@type\":\"Person\",\"@id\":\"https:\\\/\\\/kuzeyinsesi.org\\\/#\\\/schema\\\/person\\\/9f859689cdf01485597712386e37f5aa\",\"name\":\"Kuzeyin Sesi\",\"image\":{\"@type\":\"ImageObject\",\"inLanguage\":\"tr\",\"@id\":\"https:\\\/\\\/secure.gravatar.com\\\/avatar\\\/bab33852abfd8b282518d6ed81826833d77c3c882d9ab608add591ccace47a44?s=96&d=mm&r=g\",\"url\":\"https:\\\/\\\/secure.gravatar.com\\\/avatar\\\/bab33852abfd8b282518d6ed81826833d77c3c882d9ab608add591ccace47a44?s=96&d=mm&r=g\",\"contentUrl\":\"https:\\\/\\\/secure.gravatar.com\\\/avatar\\\/bab33852abfd8b282518d6ed81826833d77c3c882d9ab608add591ccace47a44?s=96&d=mm&r=g\",\"caption\":\"Kuzeyin Sesi\"},\"sameAs\":[\"https:\\\/\\\/kuzeyinsesi.org\"],\"url\":\"https:\\\/\\\/kuzeyinsesi.org\\\/index.php\\\/author\\\/guven\\\/\"}]}<\/script>\n<!-- \/ Yoast SEO plugin. -->","yoast_head_json":{"title":"TC Milli G\u00fcvenlik Kurulu topland\u0131 - Kuzeyin Sesi","robots":{"index":"index","follow":"follow","max-snippet":"max-snippet:-1","max-image-preview":"max-image-preview:large","max-video-preview":"max-video-preview:-1"},"canonical":"https:\/\/kuzeyinsesi.org\/index.php\/2024\/12\/05\/tc-milli-guvenlik-kurulu-toplandi\/","og_locale":"tr_TR","og_type":"article","og_title":"TC Milli G\u00fcvenlik Kurulu topland\u0131 - Kuzeyin Sesi","og_description":"T\u00fcrkiye Milli G\u00fcvenlik Kurulu (MGK) Cumhurba\u015fkan\u0131 Recep Tayyip Erdo\u011fan ba\u015fkanl\u0131\u011f\u0131nda, Cumhurba\u015fkanl\u0131\u011f\u0131 K\u00fclliyesi\u2019nde, yakla\u015f\u0131k 3 saat s\u00fcren bir toplant\u0131 yapt\u0131. Cumhurba\u015fkan\u0131 Erdo\u011fan, BM Genel Sekreteri Guterres ile MGK toplant\u0131s\u0131 esnas\u0131nda telefon g\u00f6r\u00fc\u015fmesi yapt\u0131. G\u00f6r\u00fc\u015fmede b\u00f6lgesel ve k\u00fcresel konular ele al\u0131nd\u0131. Toplant\u0131 sonras\u0131 MGK\u2019dan yay\u0131mlanan bildiride, \u201cPKK\/KCK-PYD\/YPG, FET\u00d6 ve DEA\u015e ba\u015fta olmak \u00fczere bekam\u0131za y\u00f6nelik her t\u00fcrl\u00fc [&hellip;]","og_url":"https:\/\/kuzeyinsesi.org\/index.php\/2024\/12\/05\/tc-milli-guvenlik-kurulu-toplandi\/","og_site_name":"Kuzeyin Sesi","article_publisher":"https:\/\/www.facebook.com\/kuzeyinsesii","article_published_time":"2024-12-05T19:49:06+00:00","og_image":[{"url":"https:\/\/brtk.net\/wp-content\/uploads\/2024\/12\/05\/1733419839875MGK.jpg?ver=07a95013120f750ea3d2e6e7959c60b2","type":"","width":"","height":""}],"author":"Kuzeyin Sesi","twitter_card":"summary_large_image","twitter_creator":"@kuzeyinsesii","twitter_site":"@kuzeyinsesii","twitter_misc":{"Yazan:":"Kuzeyin Sesi","Tahmini okuma s\u00fcresi":"1 dakika"},"schema":{"@context":"https:\/\/schema.org","@graph":[{"@type":"Article","@id":"https:\/\/kuzeyinsesi.org\/index.php\/2024\/12\/05\/tc-milli-guvenlik-kurulu-toplandi\/#article","isPartOf":{"@id":"https:\/\/kuzeyinsesi.org\/index.php\/2024\/12\/05\/tc-milli-guvenlik-kurulu-toplandi\/"},"author":{"name":"Kuzeyin Sesi","@id":"https:\/\/kuzeyinsesi.org\/#\/schema\/person\/9f859689cdf01485597712386e37f5aa"},"headline":"TC Milli G\u00fcvenlik Kurulu topland\u0131","datePublished":"2024-12-05T19:49:06+00:00","mainEntityOfPage":{"@id":"https:\/\/kuzeyinsesi.org\/index.php\/2024\/12\/05\/tc-milli-guvenlik-kurulu-toplandi\/"},"wordCount":141,"commentCount":0,"image":{"@id":"https:\/\/kuzeyinsesi.org\/index.php\/2024\/12\/05\/tc-milli-guvenlik-kurulu-toplandi\/#primaryimage"},"thumbnailUrl":"https:\/\/kuzeyinsesi.org\/wp-content\/uploads\/2024\/12\/1733419839875MGK.jpg","articleSection":["T\u00fcrkiye"],"inLanguage":"tr","potentialAction":[{"@type":"CommentAction","name":"Comment","target":["https:\/\/kuzeyinsesi.org\/index.php\/2024\/12\/05\/tc-milli-guvenlik-kurulu-toplandi\/#respond"]}]},{"@type":"WebPage","@id":"https:\/\/kuzeyinsesi.org\/index.php\/2024\/12\/05\/tc-milli-guvenlik-kurulu-toplandi\/","url":"https:\/\/kuzeyinsesi.org\/index.php\/2024\/12\/05\/tc-milli-guvenlik-kurulu-toplandi\/","name":"TC Milli G\u00fcvenlik Kurulu topland\u0131 - Kuzeyin Sesi","isPartOf":{"@id":"https:\/\/kuzeyinsesi.org\/#website"},"primaryImageOfPage":{"@id":"https:\/\/kuzeyinsesi.org\/index.php\/2024\/12\/05\/tc-milli-guvenlik-kurulu-toplandi\/#primaryimage"},"image":{"@id":"https:\/\/kuzeyinsesi.org\/index.php\/2024\/12\/05\/tc-milli-guvenlik-kurulu-toplandi\/#primaryimage"},"thumbnailUrl":"https:\/\/kuzeyinsesi.org\/wp-content\/uploads\/2024\/12\/1733419839875MGK.jpg","datePublished":"2024-12-05T19:49:06+00:00","author":{"@id":"https:\/\/kuzeyinsesi.org\/#\/schema\/person\/9f859689cdf01485597712386e37f5aa"},"breadcrumb":{"@id":"https:\/\/kuzeyinsesi.org\/index.php\/2024\/12\/05\/tc-milli-guvenlik-kurulu-toplandi\/#breadcrumb"},"inLanguage":"tr","potentialAction":[{"@type":"ReadAction","target":["https:\/\/kuzeyinsesi.org\/index.php\/2024\/12\/05\/tc-milli-guvenlik-kurulu-toplandi\/"]}]},{"@type":"ImageObject","inLanguage":"tr","@id":"https:\/\/kuzeyinsesi.org\/index.php\/2024\/12\/05\/tc-milli-guvenlik-kurulu-toplandi\/#primaryimage","url":"https:\/\/kuzeyinsesi.org\/wp-content\/uploads\/2024\/12\/1733419839875MGK.jpg","contentUrl":"https:\/\/kuzeyinsesi.org\/wp-content\/uploads\/2024\/12\/1733419839875MGK.jpg","width":864,"height":486},{"@type":"BreadcrumbList","@id":"https:\/\/kuzeyinsesi.org\/index.php\/2024\/12\/05\/tc-milli-guvenlik-kurulu-toplandi\/#breadcrumb","itemListElement":[{"@type":"ListItem","position":1,"name":"Anasayfa","item":"https:\/\/kuzeyinsesi.org\/"},{"@type":"ListItem","position":2,"name":"TC Milli G\u00fcvenlik Kurulu topland\u0131"}]},{"@type":"WebSite","@id":"https:\/\/kuzeyinsesi.org\/#website","url":"https:\/\/kuzeyinsesi.org\/","name":"Kuzeyin Sesi","description":"Do\u011fru Haberin Adresi","potentialAction":[{"@type":"SearchAction","target":{"@type":"EntryPoint","urlTemplate":"https:\/\/kuzeyinsesi.org\/?s={search_term_string}"},"query-input":{"@type":"PropertyValueSpecification","valueRequired":true,"valueName":"search_term_string"}}],"inLanguage":"tr"},{"@type":"Person","@id":"https:\/\/kuzeyinsesi.org\/#\/schema\/person\/9f859689cdf01485597712386e37f5aa","name":"Kuzeyin Sesi","image":{"@type":"ImageObject","inLanguage":"tr","@id":"https:\/\/secure.gravatar.com\/avatar\/bab33852abfd8b282518d6ed81826833d77c3c882d9ab608add591ccace47a44?s=96&d=mm&r=g","url":"https:\/\/secure.gravatar.com\/avatar\/bab33852abfd8b282518d6ed81826833d77c3c882d9ab608add591ccace47a44?s=96&d=mm&r=g","contentUrl":"https:\/\/secure.gravatar.com\/avatar\/bab33852abfd8b282518d6ed81826833d77c3c882d9ab608add591ccace47a44?s=96&d=mm&r=g","caption":"Kuzeyin Sesi"},"sameAs":["https:\/\/kuzeyinsesi.org"],"url":"https:\/\/kuzeyinsesi.org\/index.php\/author\/guven\/"}]}},"_links":{"self":[{"href":"https:\/\/kuzeyinsesi.org\/index.php\/wp-json\/wp\/v2\/posts\/15022","targetHints":{"allow":["GET"]}}],"collection":[{"href":"https:\/\/kuzeyinsesi.org\/index.php\/wp-json\/wp\/v2\/posts"}],"about":[{"href":"https:\/\/kuzeyinsesi.org\/index.php\/wp-json\/wp\/v2\/types\/post"}],"author":[{"embeddable":true,"href":"https:\/\/kuzeyinsesi.org\/index.php\/wp-json\/wp\/v2\/users\/1"}],"replies":[{"embeddable":true,"href":"https:\/\/kuzeyinsesi.org\/index.php\/wp-json\/wp\/v2\/comments?post=15022"}],"version-history":[{"count":0,"href":"https:\/\/kuzeyinsesi.org\/index.php\/wp-json\/wp\/v2\/posts\/15022\/revisions"}],"wp:featuredmedia":[{"embeddable":true,"href":"https:\/\/kuzeyinsesi.org\/index.php\/wp-json\/wp\/v2\/media\/15023"}],"wp:attachment":[{"href":"https:\/\/kuzeyinsesi.org\/index.php\/wp-json\/wp\/v2\/media?parent=15022"}],"wp:term":[{"taxonomy":"category","embeddable":true,"href":"https:\/\/kuzeyinsesi.org\/index.php\/wp-json\/wp\/v2\/categories?post=15022"},{"taxonomy":"post_tag","embeddable":true,"href":"https:\/\/kuzeyinsesi.org\/index.php\/wp-json\/wp\/v2\/tags?post=15022"}],"curies":[{"name":"wp","href":"https:\/\/api.w.org\/{rel}","templated":true}]}}