{"id":15014,"date":"2024-12-05T20:00:59","date_gmt":"2024-12-05T18:00:59","guid":{"rendered":"https:\/\/kuzeyinsesi.org\/index.php\/2024\/12\/05\/3-aralik-dunya-engelliler-gunu-nedeniyle-masal-anlatimi-muzik-dinletisi-ve-soylesi-etkinlikleri-duzenleniyor\/"},"modified":"2024-12-05T20:00:59","modified_gmt":"2024-12-05T18:00:59","slug":"3-aralik-dunya-engelliler-gunu-nedeniyle-masal-anlatimi-muzik-dinletisi-ve-soylesi-etkinlikleri-duzenleniyor","status":"publish","type":"post","link":"https:\/\/kuzeyinsesi.org\/index.php\/2024\/12\/05\/3-aralik-dunya-engelliler-gunu-nedeniyle-masal-anlatimi-muzik-dinletisi-ve-soylesi-etkinlikleri-duzenleniyor\/","title":{"rendered":"3 Aral\u0131k D\u00fcnya Engelliler G\u00fcn\u00fc nedeniyle\u00a0masal anlat\u0131m\u0131, m\u00fczik dinletisi ve s\u00f6yle\u015fi etkinlikleri d\u00fczenleniyor"},"content":{"rendered":"<div>\n<div class=\"mariselle-image-container none\">\n                                            <\/div>\n<p>K\u00fclt\u00fcr Dairesi b\u00fcnyesinde faaliyet g\u00f6steren Girne, G\u00fczelyurt, \u0130skele ve Gazima\u011fusa Halk K\u00fct\u00fcphanelerinde, 3 Aral\u0131k D\u00fcnya Engelliler G\u00fcn\u00fc nedeniyle\u00a0 masal anlat\u0131m\u0131, m\u00fczik dinletisi ve s\u00f6yle\u015fi etkinlikleri d\u00fczenleniyor.<\/p>\n<p>K\u00fclt\u00fcr Dairesi\u2019nden verilen bilgiye g\u00f6re,\u00a0 d\u00fcn ba\u015flayan etkinlikler yar\u0131n\u00a0Gazima\u011fusa Halk K\u00fct\u00fcphanesi\u2019nin ger\u00e7ekle\u015ftirece\u011fi Uzman DiyetiG\u00f6k\u00e7e Moha\u00e7 \u00c7evik ile Meyve Salatas\u0131 Yap\u0131m\u0131 ve Sa\u011fl\u0131kl\u0131 Beslenme ba\u015fl\u0131kl\u0131 uygulama ve s\u00f6yle\u015fi etkinli\u011fi ile tamamlanacak. Gazima\u011fusa Belediyesi\u2019nin katk\u0131lar\u0131yla ger\u00e7ekle\u015ftirilecek bu etkinli\u011fe de Gazima\u011fusa Belediyesi Sosyal Destek Hizmetler Engelsiz Ya\u015fam At\u00f6lyesi konuk olacak.<\/p>\n<p>Etkinlikler d\u00fcn\u00a0G\u00fczelyurt Halk K\u00fct\u00fcphanesi\u2019nde, G\u00fcne\u015fk\u00f6y 18 Ya\u015f \u00dcst\u00fc Engelli Rehabilitasyon Merkezi sakinlerinin konuk oldu\u011fu, Suzan Polat ile Masal Anlat\u0131m\u0131 etkinli\u011fi ile ba\u015flad\u0131. Girne ve \u0130skele Halk K\u00fct\u00fcphanelerinin bug\u00fcn d\u00fczenledikleri masal anlat\u0131m\u0131 ve m\u00fczik dinletisi ile devam eden etkinlikler yar\u0131n Gazima\u011fusa Halk K\u00fct\u00fcphanesi\u2019nin etkinli\u011fi ile tamamlanacak.<\/p>\n<p>Girne Halk K\u00fct\u00fcphanesi\u2019nin 3 Aral\u0131k D\u00fcnya Engelliler G\u00fcn\u00fc Fark\u0131ndal\u0131k etkinlikleri kapsam\u0131nda d\u00fczenledi\u011fi Akile Ruh ile Masal Anlat\u0131m\u0131 etkinli\u011finin konuklar\u0131 Girne \u00d6zel E\u011fitim ve \u0130\u015f E\u011fitim Okulu \u00f6\u011frencileri konuk oldu. \u0130skele Halk K\u00fct\u00fcphanesi\u2019nin Halil \u015eahk\u0131n ile M\u00fczik Dinletisi ve \u00c7ocuk Oyunlar\u0131 ba\u015fl\u0131kl\u0131 etkinli\u011fin konuklar\u0131 ise \u00d6t\u00fcken \u00d6zel E\u011fitim ve \u0130\u015f E\u011fitim Okulu \u00f6\u011frencileri oldu.<\/p>\n<\/p><\/div>\n<p><script async\n                    defer\n                    crossorigin=\"anonymous\"\n                    src=\"https:\/\/connect.facebook.net\/tr_TR\/sdk.js#xfbml=1&#038;version=v3.3\"\n            ><\/script><\/p>\n","protected":false},"excerpt":{"rendered":"<p>K\u00fclt\u00fcr Dairesi b\u00fcnyesinde faaliyet g\u00f6steren Girne, G\u00fczelyurt, \u0130skele ve Gazima\u011fusa Halk K\u00fct\u00fcphanelerinde, 3 Aral\u0131k D\u00fcnya Engelliler G\u00fcn\u00fc nedeniyle\u00a0 masal anlat\u0131m\u0131, m\u00fczik dinletisi ve s\u00f6yle\u015fi etkinlikleri d\u00fczenleniyor. K\u00fclt\u00fcr Dairesi\u2019nden verilen bilgiye g\u00f6re,\u00a0 d\u00fcn ba\u015flayan etkinlikler yar\u0131n\u00a0Gazima\u011fusa Halk K\u00fct\u00fcphanesi\u2019nin ger\u00e7ekle\u015ftirece\u011fi Uzman DiyetiG\u00f6k\u00e7e Moha\u00e7 \u00c7evik ile Meyve Salatas\u0131 Yap\u0131m\u0131 ve Sa\u011fl\u0131kl\u0131 Beslenme ba\u015fl\u0131kl\u0131 uygulama ve s\u00f6yle\u015fi etkinli\u011fi ile [&hellip;]<\/p>\n","protected":false},"author":1,"featured_media":15015,"comment_status":"open","ping_status":"open","sticky":false,"template":"","format":"standard","meta":{"jnews-multi-image_gallery":[],"jnews_single_post":[],"jnews_primary_category":[],"jnews_social_meta":[],"jnews_override_counter":[],"footnotes":""},"categories":[6],"tags":[],"class_list":["post-15014","post","type-post","status-publish","format-standard","has-post-thumbnail","hentry","category-yasam"],"yoast_head":"<!-- This site is optimized with the Yoast SEO plugin v27.4 - https:\/\/yoast.com\/product\/yoast-seo-wordpress\/ -->\n<title>3 Aral\u0131k D\u00fcnya Engelliler G\u00fcn\u00fc nedeniyle\u00a0masal anlat\u0131m\u0131, m\u00fczik dinletisi ve s\u00f6yle\u015fi etkinlikleri d\u00fczenleniyor - Kuzeyin Sesi<\/title>\n<meta name=\"robots\" content=\"index, follow, max-snippet:-1, max-image-preview:large, max-video-preview:-1\" \/>\n<link rel=\"canonical\" href=\"https:\/\/kuzeyinsesi.org\/index.php\/2024\/12\/05\/3-aralik-dunya-engelliler-gunu-nedeniyle-masal-anlatimi-muzik-dinletisi-ve-soylesi-etkinlikleri-duzenleniyor\/\" \/>\n<meta property=\"og:locale\" content=\"tr_TR\" \/>\n<meta property=\"og:type\" content=\"article\" \/>\n<meta property=\"og:title\" content=\"3 Aral\u0131k D\u00fcnya Engelliler G\u00fcn\u00fc nedeniyle\u00a0masal anlat\u0131m\u0131, m\u00fczik dinletisi ve s\u00f6yle\u015fi etkinlikleri d\u00fczenleniyor - Kuzeyin Sesi\" \/>\n<meta property=\"og:description\" content=\"K\u00fclt\u00fcr Dairesi b\u00fcnyesinde faaliyet g\u00f6steren Girne, G\u00fczelyurt, \u0130skele ve Gazima\u011fusa Halk K\u00fct\u00fcphanelerinde, 3 Aral\u0131k D\u00fcnya Engelliler G\u00fcn\u00fc nedeniyle\u00a0 masal anlat\u0131m\u0131, m\u00fczik dinletisi ve s\u00f6yle\u015fi etkinlikleri d\u00fczenleniyor. K\u00fclt\u00fcr Dairesi\u2019nden verilen bilgiye g\u00f6re,\u00a0 d\u00fcn ba\u015flayan etkinlikler yar\u0131n\u00a0Gazima\u011fusa Halk K\u00fct\u00fcphanesi\u2019nin ger\u00e7ekle\u015ftirece\u011fi Uzman DiyetiG\u00f6k\u00e7e Moha\u00e7 \u00c7evik ile Meyve Salatas\u0131 Yap\u0131m\u0131 ve Sa\u011fl\u0131kl\u0131 Beslenme ba\u015fl\u0131kl\u0131 uygulama ve s\u00f6yle\u015fi etkinli\u011fi ile [&hellip;]\" \/>\n<meta property=\"og:url\" content=\"https:\/\/kuzeyinsesi.org\/index.php\/2024\/12\/05\/3-aralik-dunya-engelliler-gunu-nedeniyle-masal-anlatimi-muzik-dinletisi-ve-soylesi-etkinlikleri-duzenleniyor\/\" \/>\n<meta property=\"og:site_name\" content=\"Kuzeyin Sesi\" \/>\n<meta property=\"article:publisher\" content=\"https:\/\/www.facebook.com\/kuzeyinsesii\" \/>\n<meta property=\"article:published_time\" content=\"2024-12-05T18:00:59+00:00\" \/>\n<meta property=\"og:image\" content=\"https:\/\/brtk.net\/wp-content\/uploads\/2024\/12\/05\/KULTUR-DAIRESI-3-ARALIK-3.jpeg?ver=50bb6b8137005ebe81f6c5d50c3909e9\" \/>\n<meta name=\"author\" content=\"Kuzeyin Sesi\" \/>\n<meta name=\"twitter:card\" content=\"summary_large_image\" \/>\n<meta name=\"twitter:creator\" content=\"@kuzeyinsesii\" \/>\n<meta name=\"twitter:site\" content=\"@kuzeyinsesii\" \/>\n<meta name=\"twitter:label1\" content=\"Yazan:\" \/>\n\t<meta name=\"twitter:data1\" content=\"Kuzeyin Sesi\" \/>\n\t<meta name=\"twitter:label2\" content=\"Tahmini okuma s\u00fcresi\" \/>\n\t<meta name=\"twitter:data2\" content=\"1 dakika\" \/>\n<script type=\"application\/ld+json\" class=\"yoast-schema-graph\">{\"@context\":\"https:\\\/\\\/schema.org\",\"@graph\":[{\"@type\":\"Article\",\"@id\":\"https:\\\/\\\/kuzeyinsesi.org\\\/index.php\\\/2024\\\/12\\\/05\\\/3-aralik-dunya-engelliler-gunu-nedeniyle-masal-anlatimi-muzik-dinletisi-ve-soylesi-etkinlikleri-duzenleniyor\\\/#article\",\"isPartOf\":{\"@id\":\"https:\\\/\\\/kuzeyinsesi.org\\\/index.php\\\/2024\\\/12\\\/05\\\/3-aralik-dunya-engelliler-gunu-nedeniyle-masal-anlatimi-muzik-dinletisi-ve-soylesi-etkinlikleri-duzenleniyor\\\/\"},\"author\":{\"name\":\"Kuzeyin Sesi\",\"@id\":\"https:\\\/\\\/kuzeyinsesi.org\\\/#\\\/schema\\\/person\\\/9f859689cdf01485597712386e37f5aa\"},\"headline\":\"3 Aral\u0131k D\u00fcnya Engelliler G\u00fcn\u00fc nedeniyle\u00a0masal anlat\u0131m\u0131, m\u00fczik dinletisi ve s\u00f6yle\u015fi etkinlikleri d\u00fczenleniyor\",\"datePublished\":\"2024-12-05T18:00:59+00:00\",\"mainEntityOfPage\":{\"@id\":\"https:\\\/\\\/kuzeyinsesi.org\\\/index.php\\\/2024\\\/12\\\/05\\\/3-aralik-dunya-engelliler-gunu-nedeniyle-masal-anlatimi-muzik-dinletisi-ve-soylesi-etkinlikleri-duzenleniyor\\\/\"},\"wordCount\":289,\"commentCount\":0,\"image\":{\"@id\":\"https:\\\/\\\/kuzeyinsesi.org\\\/index.php\\\/2024\\\/12\\\/05\\\/3-aralik-dunya-engelliler-gunu-nedeniyle-masal-anlatimi-muzik-dinletisi-ve-soylesi-etkinlikleri-duzenleniyor\\\/#primaryimage\"},\"thumbnailUrl\":\"https:\\\/\\\/kuzeyinsesi.org\\\/wp-content\\\/uploads\\\/2024\\\/12\\\/KULTUR-DAIRESI-3-ARALIK-3.jpeg\",\"articleSection\":[\"Ya\u015fam\"],\"inLanguage\":\"tr\",\"potentialAction\":[{\"@type\":\"CommentAction\",\"name\":\"Comment\",\"target\":[\"https:\\\/\\\/kuzeyinsesi.org\\\/index.php\\\/2024\\\/12\\\/05\\\/3-aralik-dunya-engelliler-gunu-nedeniyle-masal-anlatimi-muzik-dinletisi-ve-soylesi-etkinlikleri-duzenleniyor\\\/#respond\"]}]},{\"@type\":\"WebPage\",\"@id\":\"https:\\\/\\\/kuzeyinsesi.org\\\/index.php\\\/2024\\\/12\\\/05\\\/3-aralik-dunya-engelliler-gunu-nedeniyle-masal-anlatimi-muzik-dinletisi-ve-soylesi-etkinlikleri-duzenleniyor\\\/\",\"url\":\"https:\\\/\\\/kuzeyinsesi.org\\\/index.php\\\/2024\\\/12\\\/05\\\/3-aralik-dunya-engelliler-gunu-nedeniyle-masal-anlatimi-muzik-dinletisi-ve-soylesi-etkinlikleri-duzenleniyor\\\/\",\"name\":\"3 Aral\u0131k D\u00fcnya Engelliler G\u00fcn\u00fc nedeniyle\u00a0masal anlat\u0131m\u0131, m\u00fczik dinletisi ve s\u00f6yle\u015fi etkinlikleri d\u00fczenleniyor - Kuzeyin Sesi\",\"isPartOf\":{\"@id\":\"https:\\\/\\\/kuzeyinsesi.org\\\/#website\"},\"primaryImageOfPage\":{\"@id\":\"https:\\\/\\\/kuzeyinsesi.org\\\/index.php\\\/2024\\\/12\\\/05\\\/3-aralik-dunya-engelliler-gunu-nedeniyle-masal-anlatimi-muzik-dinletisi-ve-soylesi-etkinlikleri-duzenleniyor\\\/#primaryimage\"},\"image\":{\"@id\":\"https:\\\/\\\/kuzeyinsesi.org\\\/index.php\\\/2024\\\/12\\\/05\\\/3-aralik-dunya-engelliler-gunu-nedeniyle-masal-anlatimi-muzik-dinletisi-ve-soylesi-etkinlikleri-duzenleniyor\\\/#primaryimage\"},\"thumbnailUrl\":\"https:\\\/\\\/kuzeyinsesi.org\\\/wp-content\\\/uploads\\\/2024\\\/12\\\/KULTUR-DAIRESI-3-ARALIK-3.jpeg\",\"datePublished\":\"2024-12-05T18:00:59+00:00\",\"author\":{\"@id\":\"https:\\\/\\\/kuzeyinsesi.org\\\/#\\\/schema\\\/person\\\/9f859689cdf01485597712386e37f5aa\"},\"breadcrumb\":{\"@id\":\"https:\\\/\\\/kuzeyinsesi.org\\\/index.php\\\/2024\\\/12\\\/05\\\/3-aralik-dunya-engelliler-gunu-nedeniyle-masal-anlatimi-muzik-dinletisi-ve-soylesi-etkinlikleri-duzenleniyor\\\/#breadcrumb\"},\"inLanguage\":\"tr\",\"potentialAction\":[{\"@type\":\"ReadAction\",\"target\":[\"https:\\\/\\\/kuzeyinsesi.org\\\/index.php\\\/2024\\\/12\\\/05\\\/3-aralik-dunya-engelliler-gunu-nedeniyle-masal-anlatimi-muzik-dinletisi-ve-soylesi-etkinlikleri-duzenleniyor\\\/\"]}]},{\"@type\":\"ImageObject\",\"inLanguage\":\"tr\",\"@id\":\"https:\\\/\\\/kuzeyinsesi.org\\\/index.php\\\/2024\\\/12\\\/05\\\/3-aralik-dunya-engelliler-gunu-nedeniyle-masal-anlatimi-muzik-dinletisi-ve-soylesi-etkinlikleri-duzenleniyor\\\/#primaryimage\",\"url\":\"https:\\\/\\\/kuzeyinsesi.org\\\/wp-content\\\/uploads\\\/2024\\\/12\\\/KULTUR-DAIRESI-3-ARALIK-3.jpeg\",\"contentUrl\":\"https:\\\/\\\/kuzeyinsesi.org\\\/wp-content\\\/uploads\\\/2024\\\/12\\\/KULTUR-DAIRESI-3-ARALIK-3.jpeg\",\"width\":410,\"height\":410},{\"@type\":\"BreadcrumbList\",\"@id\":\"https:\\\/\\\/kuzeyinsesi.org\\\/index.php\\\/2024\\\/12\\\/05\\\/3-aralik-dunya-engelliler-gunu-nedeniyle-masal-anlatimi-muzik-dinletisi-ve-soylesi-etkinlikleri-duzenleniyor\\\/#breadcrumb\",\"itemListElement\":[{\"@type\":\"ListItem\",\"position\":1,\"name\":\"Anasayfa\",\"item\":\"https:\\\/\\\/kuzeyinsesi.org\\\/\"},{\"@type\":\"ListItem\",\"position\":2,\"name\":\"3 Aral\u0131k D\u00fcnya Engelliler G\u00fcn\u00fc nedeniyle\u00a0masal anlat\u0131m\u0131, m\u00fczik dinletisi ve s\u00f6yle\u015fi etkinlikleri d\u00fczenleniyor\"}]},{\"@type\":\"WebSite\",\"@id\":\"https:\\\/\\\/kuzeyinsesi.org\\\/#website\",\"url\":\"https:\\\/\\\/kuzeyinsesi.org\\\/\",\"name\":\"Kuzeyin Sesi\",\"description\":\"Do\u011fru Haberin Adresi\",\"potentialAction\":[{\"@type\":\"SearchAction\",\"target\":{\"@type\":\"EntryPoint\",\"urlTemplate\":\"https:\\\/\\\/kuzeyinsesi.org\\\/?s={search_term_string}\"},\"query-input\":{\"@type\":\"PropertyValueSpecification\",\"valueRequired\":true,\"valueName\":\"search_term_string\"}}],\"inLanguage\":\"tr\"},{\"@type\":\"Person\",\"@id\":\"https:\\\/\\\/kuzeyinsesi.org\\\/#\\\/schema\\\/person\\\/9f859689cdf01485597712386e37f5aa\",\"name\":\"Kuzeyin Sesi\",\"image\":{\"@type\":\"ImageObject\",\"inLanguage\":\"tr\",\"@id\":\"https:\\\/\\\/secure.gravatar.com\\\/avatar\\\/bab33852abfd8b282518d6ed81826833d77c3c882d9ab608add591ccace47a44?s=96&d=mm&r=g\",\"url\":\"https:\\\/\\\/secure.gravatar.com\\\/avatar\\\/bab33852abfd8b282518d6ed81826833d77c3c882d9ab608add591ccace47a44?s=96&d=mm&r=g\",\"contentUrl\":\"https:\\\/\\\/secure.gravatar.com\\\/avatar\\\/bab33852abfd8b282518d6ed81826833d77c3c882d9ab608add591ccace47a44?s=96&d=mm&r=g\",\"caption\":\"Kuzeyin Sesi\"},\"sameAs\":[\"https:\\\/\\\/kuzeyinsesi.org\"],\"url\":\"https:\\\/\\\/kuzeyinsesi.org\\\/index.php\\\/author\\\/guven\\\/\"}]}<\/script>\n<!-- \/ Yoast SEO plugin. -->","yoast_head_json":{"title":"3 Aral\u0131k D\u00fcnya Engelliler G\u00fcn\u00fc nedeniyle\u00a0masal anlat\u0131m\u0131, m\u00fczik dinletisi ve s\u00f6yle\u015fi etkinlikleri d\u00fczenleniyor - Kuzeyin Sesi","robots":{"index":"index","follow":"follow","max-snippet":"max-snippet:-1","max-image-preview":"max-image-preview:large","max-video-preview":"max-video-preview:-1"},"canonical":"https:\/\/kuzeyinsesi.org\/index.php\/2024\/12\/05\/3-aralik-dunya-engelliler-gunu-nedeniyle-masal-anlatimi-muzik-dinletisi-ve-soylesi-etkinlikleri-duzenleniyor\/","og_locale":"tr_TR","og_type":"article","og_title":"3 Aral\u0131k D\u00fcnya Engelliler G\u00fcn\u00fc nedeniyle\u00a0masal anlat\u0131m\u0131, m\u00fczik dinletisi ve s\u00f6yle\u015fi etkinlikleri d\u00fczenleniyor - Kuzeyin Sesi","og_description":"K\u00fclt\u00fcr Dairesi b\u00fcnyesinde faaliyet g\u00f6steren Girne, G\u00fczelyurt, \u0130skele ve Gazima\u011fusa Halk K\u00fct\u00fcphanelerinde, 3 Aral\u0131k D\u00fcnya Engelliler G\u00fcn\u00fc nedeniyle\u00a0 masal anlat\u0131m\u0131, m\u00fczik dinletisi ve s\u00f6yle\u015fi etkinlikleri d\u00fczenleniyor. K\u00fclt\u00fcr Dairesi\u2019nden verilen bilgiye g\u00f6re,\u00a0 d\u00fcn ba\u015flayan etkinlikler yar\u0131n\u00a0Gazima\u011fusa Halk K\u00fct\u00fcphanesi\u2019nin ger\u00e7ekle\u015ftirece\u011fi Uzman DiyetiG\u00f6k\u00e7e Moha\u00e7 \u00c7evik ile Meyve Salatas\u0131 Yap\u0131m\u0131 ve Sa\u011fl\u0131kl\u0131 Beslenme ba\u015fl\u0131kl\u0131 uygulama ve s\u00f6yle\u015fi etkinli\u011fi ile [&hellip;]","og_url":"https:\/\/kuzeyinsesi.org\/index.php\/2024\/12\/05\/3-aralik-dunya-engelliler-gunu-nedeniyle-masal-anlatimi-muzik-dinletisi-ve-soylesi-etkinlikleri-duzenleniyor\/","og_site_name":"Kuzeyin Sesi","article_publisher":"https:\/\/www.facebook.com\/kuzeyinsesii","article_published_time":"2024-12-05T18:00:59+00:00","og_image":[{"url":"https:\/\/brtk.net\/wp-content\/uploads\/2024\/12\/05\/KULTUR-DAIRESI-3-ARALIK-3.jpeg?ver=50bb6b8137005ebe81f6c5d50c3909e9","type":"","width":"","height":""}],"author":"Kuzeyin Sesi","twitter_card":"summary_large_image","twitter_creator":"@kuzeyinsesii","twitter_site":"@kuzeyinsesii","twitter_misc":{"Yazan:":"Kuzeyin Sesi","Tahmini okuma s\u00fcresi":"1 dakika"},"schema":{"@context":"https:\/\/schema.org","@graph":[{"@type":"Article","@id":"https:\/\/kuzeyinsesi.org\/index.php\/2024\/12\/05\/3-aralik-dunya-engelliler-gunu-nedeniyle-masal-anlatimi-muzik-dinletisi-ve-soylesi-etkinlikleri-duzenleniyor\/#article","isPartOf":{"@id":"https:\/\/kuzeyinsesi.org\/index.php\/2024\/12\/05\/3-aralik-dunya-engelliler-gunu-nedeniyle-masal-anlatimi-muzik-dinletisi-ve-soylesi-etkinlikleri-duzenleniyor\/"},"author":{"name":"Kuzeyin Sesi","@id":"https:\/\/kuzeyinsesi.org\/#\/schema\/person\/9f859689cdf01485597712386e37f5aa"},"headline":"3 Aral\u0131k D\u00fcnya Engelliler G\u00fcn\u00fc nedeniyle\u00a0masal anlat\u0131m\u0131, m\u00fczik dinletisi ve s\u00f6yle\u015fi etkinlikleri d\u00fczenleniyor","datePublished":"2024-12-05T18:00:59+00:00","mainEntityOfPage":{"@id":"https:\/\/kuzeyinsesi.org\/index.php\/2024\/12\/05\/3-aralik-dunya-engelliler-gunu-nedeniyle-masal-anlatimi-muzik-dinletisi-ve-soylesi-etkinlikleri-duzenleniyor\/"},"wordCount":289,"commentCount":0,"image":{"@id":"https:\/\/kuzeyinsesi.org\/index.php\/2024\/12\/05\/3-aralik-dunya-engelliler-gunu-nedeniyle-masal-anlatimi-muzik-dinletisi-ve-soylesi-etkinlikleri-duzenleniyor\/#primaryimage"},"thumbnailUrl":"https:\/\/kuzeyinsesi.org\/wp-content\/uploads\/2024\/12\/KULTUR-DAIRESI-3-ARALIK-3.jpeg","articleSection":["Ya\u015fam"],"inLanguage":"tr","potentialAction":[{"@type":"CommentAction","name":"Comment","target":["https:\/\/kuzeyinsesi.org\/index.php\/2024\/12\/05\/3-aralik-dunya-engelliler-gunu-nedeniyle-masal-anlatimi-muzik-dinletisi-ve-soylesi-etkinlikleri-duzenleniyor\/#respond"]}]},{"@type":"WebPage","@id":"https:\/\/kuzeyinsesi.org\/index.php\/2024\/12\/05\/3-aralik-dunya-engelliler-gunu-nedeniyle-masal-anlatimi-muzik-dinletisi-ve-soylesi-etkinlikleri-duzenleniyor\/","url":"https:\/\/kuzeyinsesi.org\/index.php\/2024\/12\/05\/3-aralik-dunya-engelliler-gunu-nedeniyle-masal-anlatimi-muzik-dinletisi-ve-soylesi-etkinlikleri-duzenleniyor\/","name":"3 Aral\u0131k D\u00fcnya Engelliler G\u00fcn\u00fc nedeniyle\u00a0masal anlat\u0131m\u0131, m\u00fczik dinletisi ve s\u00f6yle\u015fi etkinlikleri d\u00fczenleniyor - Kuzeyin Sesi","isPartOf":{"@id":"https:\/\/kuzeyinsesi.org\/#website"},"primaryImageOfPage":{"@id":"https:\/\/kuzeyinsesi.org\/index.php\/2024\/12\/05\/3-aralik-dunya-engelliler-gunu-nedeniyle-masal-anlatimi-muzik-dinletisi-ve-soylesi-etkinlikleri-duzenleniyor\/#primaryimage"},"image":{"@id":"https:\/\/kuzeyinsesi.org\/index.php\/2024\/12\/05\/3-aralik-dunya-engelliler-gunu-nedeniyle-masal-anlatimi-muzik-dinletisi-ve-soylesi-etkinlikleri-duzenleniyor\/#primaryimage"},"thumbnailUrl":"https:\/\/kuzeyinsesi.org\/wp-content\/uploads\/2024\/12\/KULTUR-DAIRESI-3-ARALIK-3.jpeg","datePublished":"2024-12-05T18:00:59+00:00","author":{"@id":"https:\/\/kuzeyinsesi.org\/#\/schema\/person\/9f859689cdf01485597712386e37f5aa"},"breadcrumb":{"@id":"https:\/\/kuzeyinsesi.org\/index.php\/2024\/12\/05\/3-aralik-dunya-engelliler-gunu-nedeniyle-masal-anlatimi-muzik-dinletisi-ve-soylesi-etkinlikleri-duzenleniyor\/#breadcrumb"},"inLanguage":"tr","potentialAction":[{"@type":"ReadAction","target":["https:\/\/kuzeyinsesi.org\/index.php\/2024\/12\/05\/3-aralik-dunya-engelliler-gunu-nedeniyle-masal-anlatimi-muzik-dinletisi-ve-soylesi-etkinlikleri-duzenleniyor\/"]}]},{"@type":"ImageObject","inLanguage":"tr","@id":"https:\/\/kuzeyinsesi.org\/index.php\/2024\/12\/05\/3-aralik-dunya-engelliler-gunu-nedeniyle-masal-anlatimi-muzik-dinletisi-ve-soylesi-etkinlikleri-duzenleniyor\/#primaryimage","url":"https:\/\/kuzeyinsesi.org\/wp-content\/uploads\/2024\/12\/KULTUR-DAIRESI-3-ARALIK-3.jpeg","contentUrl":"https:\/\/kuzeyinsesi.org\/wp-content\/uploads\/2024\/12\/KULTUR-DAIRESI-3-ARALIK-3.jpeg","width":410,"height":410},{"@type":"BreadcrumbList","@id":"https:\/\/kuzeyinsesi.org\/index.php\/2024\/12\/05\/3-aralik-dunya-engelliler-gunu-nedeniyle-masal-anlatimi-muzik-dinletisi-ve-soylesi-etkinlikleri-duzenleniyor\/#breadcrumb","itemListElement":[{"@type":"ListItem","position":1,"name":"Anasayfa","item":"https:\/\/kuzeyinsesi.org\/"},{"@type":"ListItem","position":2,"name":"3 Aral\u0131k D\u00fcnya Engelliler G\u00fcn\u00fc nedeniyle\u00a0masal anlat\u0131m\u0131, m\u00fczik dinletisi ve s\u00f6yle\u015fi etkinlikleri d\u00fczenleniyor"}]},{"@type":"WebSite","@id":"https:\/\/kuzeyinsesi.org\/#website","url":"https:\/\/kuzeyinsesi.org\/","name":"Kuzeyin Sesi","description":"Do\u011fru Haberin Adresi","potentialAction":[{"@type":"SearchAction","target":{"@type":"EntryPoint","urlTemplate":"https:\/\/kuzeyinsesi.org\/?s={search_term_string}"},"query-input":{"@type":"PropertyValueSpecification","valueRequired":true,"valueName":"search_term_string"}}],"inLanguage":"tr"},{"@type":"Person","@id":"https:\/\/kuzeyinsesi.org\/#\/schema\/person\/9f859689cdf01485597712386e37f5aa","name":"Kuzeyin Sesi","image":{"@type":"ImageObject","inLanguage":"tr","@id":"https:\/\/secure.gravatar.com\/avatar\/bab33852abfd8b282518d6ed81826833d77c3c882d9ab608add591ccace47a44?s=96&d=mm&r=g","url":"https:\/\/secure.gravatar.com\/avatar\/bab33852abfd8b282518d6ed81826833d77c3c882d9ab608add591ccace47a44?s=96&d=mm&r=g","contentUrl":"https:\/\/secure.gravatar.com\/avatar\/bab33852abfd8b282518d6ed81826833d77c3c882d9ab608add591ccace47a44?s=96&d=mm&r=g","caption":"Kuzeyin Sesi"},"sameAs":["https:\/\/kuzeyinsesi.org"],"url":"https:\/\/kuzeyinsesi.org\/index.php\/author\/guven\/"}]}},"_links":{"self":[{"href":"https:\/\/kuzeyinsesi.org\/index.php\/wp-json\/wp\/v2\/posts\/15014","targetHints":{"allow":["GET"]}}],"collection":[{"href":"https:\/\/kuzeyinsesi.org\/index.php\/wp-json\/wp\/v2\/posts"}],"about":[{"href":"https:\/\/kuzeyinsesi.org\/index.php\/wp-json\/wp\/v2\/types\/post"}],"author":[{"embeddable":true,"href":"https:\/\/kuzeyinsesi.org\/index.php\/wp-json\/wp\/v2\/users\/1"}],"replies":[{"embeddable":true,"href":"https:\/\/kuzeyinsesi.org\/index.php\/wp-json\/wp\/v2\/comments?post=15014"}],"version-history":[{"count":0,"href":"https:\/\/kuzeyinsesi.org\/index.php\/wp-json\/wp\/v2\/posts\/15014\/revisions"}],"wp:featuredmedia":[{"embeddable":true,"href":"https:\/\/kuzeyinsesi.org\/index.php\/wp-json\/wp\/v2\/media\/15015"}],"wp:attachment":[{"href":"https:\/\/kuzeyinsesi.org\/index.php\/wp-json\/wp\/v2\/media?parent=15014"}],"wp:term":[{"taxonomy":"category","embeddable":true,"href":"https:\/\/kuzeyinsesi.org\/index.php\/wp-json\/wp\/v2\/categories?post=15014"},{"taxonomy":"post_tag","embeddable":true,"href":"https:\/\/kuzeyinsesi.org\/index.php\/wp-json\/wp\/v2\/tags?post=15014"}],"curies":[{"name":"wp","href":"https:\/\/api.w.org\/{rel}","templated":true}]}}