{"id":15010,"date":"2024-12-05T19:03:49","date_gmt":"2024-12-05T17:03:49","guid":{"rendered":"https:\/\/kuzeyinsesi.org\/index.php\/2024\/12\/05\/ozturker-tbmm-baskani-kurtulmus-ile-birlikte-basin-toplantisi-duzenledi\/"},"modified":"2024-12-05T19:03:49","modified_gmt":"2024-12-05T17:03:49","slug":"ozturker-tbmm-baskani-kurtulmus-ile-birlikte-basin-toplantisi-duzenledi","status":"publish","type":"post","link":"https:\/\/kuzeyinsesi.org\/index.php\/2024\/12\/05\/ozturker-tbmm-baskani-kurtulmus-ile-birlikte-basin-toplantisi-duzenledi\/","title":{"rendered":"\u00d6zt\u00fcrker, TBMM Ba\u015fkan\u0131 Kurtulmu\u015f ile birlikte bas\u0131n toplant\u0131s\u0131 d\u00fczenledi"},"content":{"rendered":"<div>\n<div class=\"mariselle-image-container none\">\n                                            <\/div>\n<p>Cumhuriyet Meclisi Ba\u015fkan\u0131 Ziya \u00d6zt\u00fcrkler Ankara\u2019da temaslarda bulunuyor.<\/p>\n<p>T\u00fcrkiye B\u00fcy\u00fck Millet Meclisi Ba\u015fkan\u0131 Numan Kurtulmu\u015f\u2019un daveti \u00fczerine heyeti ile birlikte Ankara\u2019ya giden \u00d6zt\u00fcrkler, Kurtulmu\u015f ile bir araya geldi.<\/p>\n<p>\u00d6zt\u00fcrkler ve Kurtulmu\u015f yapt\u0131klar\u0131 g\u00f6r\u00fc\u015fmenin ard\u0131ndan ortak bas\u0131n toplant\u0131s\u0131 d\u00fczenledi.<\/p>\n<p>T\u00fcrkiye B\u00fcy\u00fck Millet Meclisi Ba\u015fkan\u0131 Numan Kurtulmu\u015f, \u00d6zt\u00fcrkler\u2019e yeni d\u00f6nemdeki ba\u015fkanl\u0131\u011f\u0131 i\u00e7in tebriklerini ileterek ba\u015flad\u0131\u011f\u0131 konu\u015fmas\u0131nda, K\u0131br\u0131s meselesinin T\u00fcrkiye i\u00e7in milli bir mesele oldu\u011funu belirtti.<\/p>\n<p>\u00a0\u00a0\u00a0\u00a0\u00a0\u00a0\u00a0\u00a0 1974\u2019teki Mutlu Bar\u0131\u015f Harekat\u0131\u2019n\u0131n ard\u0131ndan 50 y\u0131l\u0131n geride kald\u0131\u011f\u0131n\u0131, b\u00fcy\u00fck badireler atlat\u0131ld\u0131\u011f\u0131n\u0131 ifade eden Kurtulmu\u015f, sonras\u0131nda KKTC\u2019nin kuruldu\u011funu ve T\u00fcrkiye ile m\u00fc\u015fterek hedefler do\u011frultusunda gelece\u011fe el ele y\u00fcr\u00fcnece\u011fini belirtti.<\/p>\n<p>T\u00fcrkiye\u2019nin her a\u00e7\u0131dan KKTC ve K\u0131br\u0131s T\u00fcrk halk\u0131n\u0131n yan\u0131nda oldu\u011funu\u00a0 vurgulayan Kurtulmu\u015f, bu s\u00fcrede K\u0131br\u0131s T\u00fcrk halk\u0131n\u0131n her t\u00fcrl\u00fc fedakarl\u0131\u011f\u0131 ortaya koymas\u0131na ra\u011fmen G\u00fcney\u2019in tav\u0131rlar\u0131 ve Avrupa\u2019n\u0131n uygulad\u0131\u011f\u0131 \u00e7ifte standart nedeniyle ilerleme olmad\u0131\u011f\u0131n\u0131 s\u00f6yledi.<\/p>\n<p>\u00a0\u00a0\u00a0\u00a0\u00a0\u00a0\u00a0\u00a0 K\u0131br\u0131s T\u00fcrk\u00fc i\u00e7in yeni bir d\u00f6nem ba\u015flad\u0131\u011f\u0131n\u0131, T\u00dcRKPA ve \u0130\u0130T\u2019de g\u00f6zlemci \u00fcyelikler ald\u0131\u011f\u0131n\u0131 da kaydeden Kurtulmu\u015f, \u201cKKTC\u2019nin tan\u0131nmas\u0131 i\u00e7in dost ve karde\u015f \u00fclkelerin olumlu ad\u0131mlar ataca\u011f\u0131n\u0131 d\u00fc\u015f\u00fcn\u00fcyoruz. \u0130ki devletli bir \u00e7\u00f6z\u00fcmden ba\u015fka bir \u00e7\u00f6z\u00fcm yoktur. G\u00fcney\u2019deki devlet tan\u0131n\u0131yor. Kuzey\u2019deki devlet daha az tan\u0131n\u0131yor. Ama ileride daha \u00e7ok tan\u0131nacak. KKTC\u2019nin her alanda daha g\u00fc\u00e7l\u00fc var olmas\u0131 i\u00e7in m\u00fccadelelerine destek olaca\u011f\u0131z\u201d dedi.<\/p>\n<p>D\u00fcnya\u2019n\u0131n 3\u2019\u00fcnc\u00fc d\u00fcnya sava\u015f\u0131na do\u011fru h\u0131zla s\u00fcr\u00fcklendi\u011fini de dile getiren Kurtulmu\u015f, T\u00fcrkiye ve KKTC\u2019nin b\u00f6lgesel bar\u0131\u015f i\u00e7in daha \u00e7ok \u00e7aba sefedece\u011fini, bar\u0131\u015f\u00e7\u0131l m\u00fczakerelerle sorunlar\u0131n \u00e7\u00f6z\u00fclmesi i\u00e7in \u00e7al\u0131\u015faca\u011f\u0131n\u0131 belirtti.<\/p>\n<p>Kurtulmu\u015f, KKTC Meclisi\u2019nin yeni binas\u0131n\u0131n in\u015fas\u0131 tamamlan\u0131nca KKTC\u2019yi ziyaret edeceklerini de ifade etti.<\/p>\n<p>Cumhuriyet Meclisi Ba\u015fkan\u0131 Ziya \u00d6zt\u00fcrkler de, Anavatan T\u00fcrkiye ve Gazi Meclis\u2019te yer almaktan onur duydu\u011funu, ikili g\u00f6r\u00fc\u015fmeler ve heyetler aras\u0131 g\u00f6r\u00fc\u015fmelerde TBMM ile KKTC Cumhuriyet Meclisi i\u015fbirli\u011fi olanaklar\u0131n\u0131n ele al\u0131nd\u0131\u011f\u0131n\u0131 s\u00f6yledi.<\/p>\n<p>KKTC\u2019nin daha ileriye gidebilmesi i\u00e7in Anavatan ile birlikte \u00e7al\u0131\u015fmaya devam edeceklerini ifade eden \u00d6zt\u00fcrkler, KKTC h\u00fck\u00fcmeti ile TC h\u00fck\u00fcmeti aras\u0131nda her y\u0131l mali iktisadi i\u015fbirli\u011fi anla\u015fmalar\u0131 yap\u0131ld\u0131\u011f\u0131n\u0131, TC\u2019den KKTC\u2019ye proje baz\u0131nda ciddi destek verildi\u011fini kaydetti.<\/p>\n<p>\u00a0\u00a0\u00a0\u00a0\u00a0\u00a0\u00a0\u00a0 T\u00fcrkiye Cumhurba\u015fkan\u0131 Recep Tayyip Erdo\u011fan\u2019\u0131n BM Genel Kurulu\u2019nda 3 kez \u2018KKTC\u2019yi tan\u0131y\u0131n\u2019 ve \u2018diplomatik, siyasi, ekonomik i\u015fbirlikleri yap\u0131n\u2019 \u00e7a\u011fr\u0131s\u0131 yapt\u0131\u011f\u0131n\u0131 da an\u0131msatan \u00d6zt\u00fcrkler, \u201cBu bizim i\u00e7in \u00e7ok de\u011ferlidir\u201d dedi.<\/p>\n<p>\u00d6zt\u00fcrkler, T\u00fcrkiye ve TBMM\u2019nin katk\u0131lar\u0131yla KKTC\u2019nin temsiliyeti i\u00e7in \u00f6nemli ad\u0131mlar at\u0131ld\u0131\u011f\u0131na da i\u015faret ederek, KKTC\u2019nin TDT ve T\u00dcKRPA\u2019da g\u00f6zlemci \u00fclke oldu\u011funu belirtti.<\/p>\n<p>Tam \u00fcyeli\u011fin sa\u011flanmas\u0131 umudunu da dile getiren \u00d6zt\u00fcrkler, K\u0131br\u0131s T\u00fcrk halk\u0131 her iki \u00f6rg\u00fctte de art\u0131k kendini ifade ediyor ve temsil ediliyor\u201d dedi.<\/p>\n<p>\u00d6zt\u00fcrkler konu\u015fmas\u0131nda Hem b\u00f6lgede hem de d\u00fcnyada \u00e7at\u0131\u015fmalar ve i\u00e7 sava\u015flar ya\u015fand\u0131\u011f\u0131na da i\u015faret etti.<\/p>\n<p>T\u00fcrkiye ve KKTC\u2019nin g\u00fcvenli\u011finin kendileri i\u00e7in \u00f6nemli oldu\u011funu da vurgulayan \u00d6zt\u00fcrkler, \u201cBu \u00e7at\u0131\u015fmalar ve sava\u015flar\u0131 g\u00f6rd\u00fck\u00e7e T\u00fcrkiye\u2019nin destek ve garant\u00f6rl\u00fc\u011f\u00fcn\u00fcn ne kadar \u00f6nemli oldu\u011fu daha \u00e7ok belli oluyor\u201d dedi.<\/p>\n<p>\u00d6zt\u00fcrkler, Cumhurba\u015fkan\u0131 Ersin Tatar\u2019\u0131n K\u0131br\u0131s T\u00fcrk halk\u0131n\u0131n egemen e\u015fitli\u011fi ve e\u015fit uluslararas\u0131 stat\u00fcs\u00fcn\u00fcn tescili vizyonuna desteklerinin de tam oldu\u011funu kaydetti.<\/p>\n<p>Daha sonra \u00d6zt\u00fcrkler ve Kurtulmu\u015f bas\u0131n mensuplar\u0131n\u0131n sorular\u0131n\u0131 da yan\u0131tlad\u0131lar.<\/p>\n<p>G\u00fcney K\u0131br\u0131s\u2019\u0131n \u0130srail ile birlikte in\u015faya haz\u0131rland\u0131\u011f\u0131 Demir Kubbe savunma sistemine ili\u015fkin konu\u015fan \u00d6zt\u00fcrkler, KKTC\u2019nin g\u00fcvenli\u011fi konusunda T\u00fcrkiye\u2019nin deste\u011fine g\u00fcvenlerinin tam oldu\u011funu s\u00f6yledi.<\/p>\n<p>TBMM Ba\u015fkan\u0131 Kurtulmu\u015f da, kimin hangi silah\u0131 ald\u0131\u011f\u0131n\u0131n kendilerini ilgilendimedi\u011fe i\u015faret ederek, uyar\u0131da bulundu.<\/p>\n<p>Kurtulmu\u015f, \u201cSilahlanma durmal\u0131d\u0131r. KKTC \u00fczerinden bize ayar vermeye \u00e7al\u0131\u015fanlar\u0131n G\u00fcneyi nas\u0131l silahland\u0131rd\u0131klar\u0131 ortadad\u0131r. \u0130steriz ki T\u00fcrk ve Rum halk\u0131 bar\u0131\u015f i\u00e7inde ya\u015fas\u0131n. KKTC\u2019nin huzurunu bozmaya \u00e7al\u0131\u015fan kimseye m\u00fcsaade etmeyiz\u201d dedi.<\/p>\n<p>\u00a0<\/p>\n<p>BRT\/<\/p>\n<\/p><\/div>\n<p><script async\n                    defer\n                    crossorigin=\"anonymous\"\n                    src=\"https:\/\/connect.facebook.net\/tr_TR\/sdk.js#xfbml=1&#038;version=v3.3\"\n            ><\/script><\/p>\n","protected":false},"excerpt":{"rendered":"<p>Cumhuriyet Meclisi Ba\u015fkan\u0131 Ziya \u00d6zt\u00fcrkler Ankara\u2019da temaslarda bulunuyor. T\u00fcrkiye B\u00fcy\u00fck Millet Meclisi Ba\u015fkan\u0131 Numan Kurtulmu\u015f\u2019un daveti \u00fczerine heyeti ile birlikte Ankara\u2019ya giden \u00d6zt\u00fcrkler, Kurtulmu\u015f ile bir araya geldi. \u00d6zt\u00fcrkler ve Kurtulmu\u015f yapt\u0131klar\u0131 g\u00f6r\u00fc\u015fmenin ard\u0131ndan ortak bas\u0131n toplant\u0131s\u0131 d\u00fczenledi. T\u00fcrkiye B\u00fcy\u00fck Millet Meclisi Ba\u015fkan\u0131 Numan Kurtulmu\u015f, \u00d6zt\u00fcrkler\u2019e yeni d\u00f6nemdeki ba\u015fkanl\u0131\u011f\u0131 i\u00e7in tebriklerini ileterek ba\u015flad\u0131\u011f\u0131 konu\u015fmas\u0131nda, K\u0131br\u0131s [&hellip;]<\/p>\n","protected":false},"author":1,"featured_media":15011,"comment_status":"open","ping_status":"open","sticky":false,"template":"","format":"standard","meta":{"jnews-multi-image_gallery":[],"jnews_single_post":[],"jnews_primary_category":[],"jnews_social_meta":[],"jnews_override_counter":[],"footnotes":""},"categories":[5],"tags":[],"class_list":["post-15010","post","type-post","status-publish","format-standard","has-post-thumbnail","hentry","category-turkiye"],"yoast_head":"<!-- This site is optimized with the Yoast SEO plugin v27.4 - https:\/\/yoast.com\/product\/yoast-seo-wordpress\/ -->\n<title>\u00d6zt\u00fcrker, TBMM Ba\u015fkan\u0131 Kurtulmu\u015f ile birlikte bas\u0131n toplant\u0131s\u0131 d\u00fczenledi - Kuzeyin Sesi<\/title>\n<meta name=\"robots\" content=\"index, follow, max-snippet:-1, max-image-preview:large, max-video-preview:-1\" \/>\n<link rel=\"canonical\" href=\"https:\/\/kuzeyinsesi.org\/index.php\/2024\/12\/05\/ozturker-tbmm-baskani-kurtulmus-ile-birlikte-basin-toplantisi-duzenledi\/\" \/>\n<meta property=\"og:locale\" content=\"tr_TR\" \/>\n<meta property=\"og:type\" content=\"article\" \/>\n<meta property=\"og:title\" content=\"\u00d6zt\u00fcrker, TBMM Ba\u015fkan\u0131 Kurtulmu\u015f ile birlikte bas\u0131n toplant\u0131s\u0131 d\u00fczenledi - Kuzeyin Sesi\" \/>\n<meta property=\"og:description\" content=\"Cumhuriyet Meclisi Ba\u015fkan\u0131 Ziya \u00d6zt\u00fcrkler Ankara\u2019da temaslarda bulunuyor. T\u00fcrkiye B\u00fcy\u00fck Millet Meclisi Ba\u015fkan\u0131 Numan Kurtulmu\u015f\u2019un daveti \u00fczerine heyeti ile birlikte Ankara\u2019ya giden \u00d6zt\u00fcrkler, Kurtulmu\u015f ile bir araya geldi. \u00d6zt\u00fcrkler ve Kurtulmu\u015f yapt\u0131klar\u0131 g\u00f6r\u00fc\u015fmenin ard\u0131ndan ortak bas\u0131n toplant\u0131s\u0131 d\u00fczenledi. T\u00fcrkiye B\u00fcy\u00fck Millet Meclisi Ba\u015fkan\u0131 Numan Kurtulmu\u015f, \u00d6zt\u00fcrkler\u2019e yeni d\u00f6nemdeki ba\u015fkanl\u0131\u011f\u0131 i\u00e7in tebriklerini ileterek ba\u015flad\u0131\u011f\u0131 konu\u015fmas\u0131nda, K\u0131br\u0131s [&hellip;]\" \/>\n<meta property=\"og:url\" content=\"https:\/\/kuzeyinsesi.org\/index.php\/2024\/12\/05\/ozturker-tbmm-baskani-kurtulmus-ile-birlikte-basin-toplantisi-duzenledi\/\" \/>\n<meta property=\"og:site_name\" content=\"Kuzeyin Sesi\" \/>\n<meta property=\"article:publisher\" content=\"https:\/\/www.facebook.com\/kuzeyinsesii\" \/>\n<meta property=\"article:published_time\" content=\"2024-12-05T17:03:49+00:00\" \/>\n<meta property=\"og:image\" content=\"https:\/\/brtk.net\/wp-content\/uploads\/2024\/12\/05\/OZTURKLER-ANKARA.jpeg?ver=fea5107c3c15ea01ba341bb11c4b11bf\" \/>\n<meta name=\"author\" content=\"Kuzeyin Sesi\" \/>\n<meta name=\"twitter:card\" content=\"summary_large_image\" \/>\n<meta name=\"twitter:creator\" content=\"@kuzeyinsesii\" \/>\n<meta name=\"twitter:site\" content=\"@kuzeyinsesii\" \/>\n<meta name=\"twitter:label1\" content=\"Yazan:\" \/>\n\t<meta name=\"twitter:data1\" content=\"Kuzeyin Sesi\" \/>\n\t<meta name=\"twitter:label2\" content=\"Tahmini okuma s\u00fcresi\" \/>\n\t<meta name=\"twitter:data2\" content=\"4 dakika\" \/>\n<script type=\"application\/ld+json\" class=\"yoast-schema-graph\">{\"@context\":\"https:\\\/\\\/schema.org\",\"@graph\":[{\"@type\":\"Article\",\"@id\":\"https:\\\/\\\/kuzeyinsesi.org\\\/index.php\\\/2024\\\/12\\\/05\\\/ozturker-tbmm-baskani-kurtulmus-ile-birlikte-basin-toplantisi-duzenledi\\\/#article\",\"isPartOf\":{\"@id\":\"https:\\\/\\\/kuzeyinsesi.org\\\/index.php\\\/2024\\\/12\\\/05\\\/ozturker-tbmm-baskani-kurtulmus-ile-birlikte-basin-toplantisi-duzenledi\\\/\"},\"author\":{\"name\":\"Kuzeyin Sesi\",\"@id\":\"https:\\\/\\\/kuzeyinsesi.org\\\/#\\\/schema\\\/person\\\/9f859689cdf01485597712386e37f5aa\"},\"headline\":\"\u00d6zt\u00fcrker, TBMM Ba\u015fkan\u0131 Kurtulmu\u015f ile birlikte bas\u0131n toplant\u0131s\u0131 d\u00fczenledi\",\"datePublished\":\"2024-12-05T17:03:49+00:00\",\"mainEntityOfPage\":{\"@id\":\"https:\\\/\\\/kuzeyinsesi.org\\\/index.php\\\/2024\\\/12\\\/05\\\/ozturker-tbmm-baskani-kurtulmus-ile-birlikte-basin-toplantisi-duzenledi\\\/\"},\"wordCount\":830,\"commentCount\":0,\"image\":{\"@id\":\"https:\\\/\\\/kuzeyinsesi.org\\\/index.php\\\/2024\\\/12\\\/05\\\/ozturker-tbmm-baskani-kurtulmus-ile-birlikte-basin-toplantisi-duzenledi\\\/#primaryimage\"},\"thumbnailUrl\":\"https:\\\/\\\/kuzeyinsesi.org\\\/wp-content\\\/uploads\\\/2024\\\/12\\\/OZTURKLER-ANKARA.jpeg\",\"articleSection\":[\"T\u00fcrkiye\"],\"inLanguage\":\"tr\",\"potentialAction\":[{\"@type\":\"CommentAction\",\"name\":\"Comment\",\"target\":[\"https:\\\/\\\/kuzeyinsesi.org\\\/index.php\\\/2024\\\/12\\\/05\\\/ozturker-tbmm-baskani-kurtulmus-ile-birlikte-basin-toplantisi-duzenledi\\\/#respond\"]}]},{\"@type\":\"WebPage\",\"@id\":\"https:\\\/\\\/kuzeyinsesi.org\\\/index.php\\\/2024\\\/12\\\/05\\\/ozturker-tbmm-baskani-kurtulmus-ile-birlikte-basin-toplantisi-duzenledi\\\/\",\"url\":\"https:\\\/\\\/kuzeyinsesi.org\\\/index.php\\\/2024\\\/12\\\/05\\\/ozturker-tbmm-baskani-kurtulmus-ile-birlikte-basin-toplantisi-duzenledi\\\/\",\"name\":\"\u00d6zt\u00fcrker, TBMM Ba\u015fkan\u0131 Kurtulmu\u015f ile birlikte bas\u0131n toplant\u0131s\u0131 d\u00fczenledi - Kuzeyin Sesi\",\"isPartOf\":{\"@id\":\"https:\\\/\\\/kuzeyinsesi.org\\\/#website\"},\"primaryImageOfPage\":{\"@id\":\"https:\\\/\\\/kuzeyinsesi.org\\\/index.php\\\/2024\\\/12\\\/05\\\/ozturker-tbmm-baskani-kurtulmus-ile-birlikte-basin-toplantisi-duzenledi\\\/#primaryimage\"},\"image\":{\"@id\":\"https:\\\/\\\/kuzeyinsesi.org\\\/index.php\\\/2024\\\/12\\\/05\\\/ozturker-tbmm-baskani-kurtulmus-ile-birlikte-basin-toplantisi-duzenledi\\\/#primaryimage\"},\"thumbnailUrl\":\"https:\\\/\\\/kuzeyinsesi.org\\\/wp-content\\\/uploads\\\/2024\\\/12\\\/OZTURKLER-ANKARA.jpeg\",\"datePublished\":\"2024-12-05T17:03:49+00:00\",\"author\":{\"@id\":\"https:\\\/\\\/kuzeyinsesi.org\\\/#\\\/schema\\\/person\\\/9f859689cdf01485597712386e37f5aa\"},\"breadcrumb\":{\"@id\":\"https:\\\/\\\/kuzeyinsesi.org\\\/index.php\\\/2024\\\/12\\\/05\\\/ozturker-tbmm-baskani-kurtulmus-ile-birlikte-basin-toplantisi-duzenledi\\\/#breadcrumb\"},\"inLanguage\":\"tr\",\"potentialAction\":[{\"@type\":\"ReadAction\",\"target\":[\"https:\\\/\\\/kuzeyinsesi.org\\\/index.php\\\/2024\\\/12\\\/05\\\/ozturker-tbmm-baskani-kurtulmus-ile-birlikte-basin-toplantisi-duzenledi\\\/\"]}]},{\"@type\":\"ImageObject\",\"inLanguage\":\"tr\",\"@id\":\"https:\\\/\\\/kuzeyinsesi.org\\\/index.php\\\/2024\\\/12\\\/05\\\/ozturker-tbmm-baskani-kurtulmus-ile-birlikte-basin-toplantisi-duzenledi\\\/#primaryimage\",\"url\":\"https:\\\/\\\/kuzeyinsesi.org\\\/wp-content\\\/uploads\\\/2024\\\/12\\\/OZTURKLER-ANKARA.jpeg\",\"contentUrl\":\"https:\\\/\\\/kuzeyinsesi.org\\\/wp-content\\\/uploads\\\/2024\\\/12\\\/OZTURKLER-ANKARA.jpeg\",\"width\":930,\"height\":488},{\"@type\":\"BreadcrumbList\",\"@id\":\"https:\\\/\\\/kuzeyinsesi.org\\\/index.php\\\/2024\\\/12\\\/05\\\/ozturker-tbmm-baskani-kurtulmus-ile-birlikte-basin-toplantisi-duzenledi\\\/#breadcrumb\",\"itemListElement\":[{\"@type\":\"ListItem\",\"position\":1,\"name\":\"Anasayfa\",\"item\":\"https:\\\/\\\/kuzeyinsesi.org\\\/\"},{\"@type\":\"ListItem\",\"position\":2,\"name\":\"\u00d6zt\u00fcrker, TBMM Ba\u015fkan\u0131 Kurtulmu\u015f ile birlikte bas\u0131n toplant\u0131s\u0131 d\u00fczenledi\"}]},{\"@type\":\"WebSite\",\"@id\":\"https:\\\/\\\/kuzeyinsesi.org\\\/#website\",\"url\":\"https:\\\/\\\/kuzeyinsesi.org\\\/\",\"name\":\"Kuzeyin Sesi\",\"description\":\"Do\u011fru Haberin Adresi\",\"potentialAction\":[{\"@type\":\"SearchAction\",\"target\":{\"@type\":\"EntryPoint\",\"urlTemplate\":\"https:\\\/\\\/kuzeyinsesi.org\\\/?s={search_term_string}\"},\"query-input\":{\"@type\":\"PropertyValueSpecification\",\"valueRequired\":true,\"valueName\":\"search_term_string\"}}],\"inLanguage\":\"tr\"},{\"@type\":\"Person\",\"@id\":\"https:\\\/\\\/kuzeyinsesi.org\\\/#\\\/schema\\\/person\\\/9f859689cdf01485597712386e37f5aa\",\"name\":\"Kuzeyin Sesi\",\"image\":{\"@type\":\"ImageObject\",\"inLanguage\":\"tr\",\"@id\":\"https:\\\/\\\/secure.gravatar.com\\\/avatar\\\/bab33852abfd8b282518d6ed81826833d77c3c882d9ab608add591ccace47a44?s=96&d=mm&r=g\",\"url\":\"https:\\\/\\\/secure.gravatar.com\\\/avatar\\\/bab33852abfd8b282518d6ed81826833d77c3c882d9ab608add591ccace47a44?s=96&d=mm&r=g\",\"contentUrl\":\"https:\\\/\\\/secure.gravatar.com\\\/avatar\\\/bab33852abfd8b282518d6ed81826833d77c3c882d9ab608add591ccace47a44?s=96&d=mm&r=g\",\"caption\":\"Kuzeyin Sesi\"},\"sameAs\":[\"https:\\\/\\\/kuzeyinsesi.org\"],\"url\":\"https:\\\/\\\/kuzeyinsesi.org\\\/index.php\\\/author\\\/guven\\\/\"}]}<\/script>\n<!-- \/ Yoast SEO plugin. -->","yoast_head_json":{"title":"\u00d6zt\u00fcrker, TBMM Ba\u015fkan\u0131 Kurtulmu\u015f ile birlikte bas\u0131n toplant\u0131s\u0131 d\u00fczenledi - Kuzeyin Sesi","robots":{"index":"index","follow":"follow","max-snippet":"max-snippet:-1","max-image-preview":"max-image-preview:large","max-video-preview":"max-video-preview:-1"},"canonical":"https:\/\/kuzeyinsesi.org\/index.php\/2024\/12\/05\/ozturker-tbmm-baskani-kurtulmus-ile-birlikte-basin-toplantisi-duzenledi\/","og_locale":"tr_TR","og_type":"article","og_title":"\u00d6zt\u00fcrker, TBMM Ba\u015fkan\u0131 Kurtulmu\u015f ile birlikte bas\u0131n toplant\u0131s\u0131 d\u00fczenledi - Kuzeyin Sesi","og_description":"Cumhuriyet Meclisi Ba\u015fkan\u0131 Ziya \u00d6zt\u00fcrkler Ankara\u2019da temaslarda bulunuyor. T\u00fcrkiye B\u00fcy\u00fck Millet Meclisi Ba\u015fkan\u0131 Numan Kurtulmu\u015f\u2019un daveti \u00fczerine heyeti ile birlikte Ankara\u2019ya giden \u00d6zt\u00fcrkler, Kurtulmu\u015f ile bir araya geldi. \u00d6zt\u00fcrkler ve Kurtulmu\u015f yapt\u0131klar\u0131 g\u00f6r\u00fc\u015fmenin ard\u0131ndan ortak bas\u0131n toplant\u0131s\u0131 d\u00fczenledi. T\u00fcrkiye B\u00fcy\u00fck Millet Meclisi Ba\u015fkan\u0131 Numan Kurtulmu\u015f, \u00d6zt\u00fcrkler\u2019e yeni d\u00f6nemdeki ba\u015fkanl\u0131\u011f\u0131 i\u00e7in tebriklerini ileterek ba\u015flad\u0131\u011f\u0131 konu\u015fmas\u0131nda, K\u0131br\u0131s [&hellip;]","og_url":"https:\/\/kuzeyinsesi.org\/index.php\/2024\/12\/05\/ozturker-tbmm-baskani-kurtulmus-ile-birlikte-basin-toplantisi-duzenledi\/","og_site_name":"Kuzeyin Sesi","article_publisher":"https:\/\/www.facebook.com\/kuzeyinsesii","article_published_time":"2024-12-05T17:03:49+00:00","og_image":[{"url":"https:\/\/brtk.net\/wp-content\/uploads\/2024\/12\/05\/OZTURKLER-ANKARA.jpeg?ver=fea5107c3c15ea01ba341bb11c4b11bf","type":"","width":"","height":""}],"author":"Kuzeyin Sesi","twitter_card":"summary_large_image","twitter_creator":"@kuzeyinsesii","twitter_site":"@kuzeyinsesii","twitter_misc":{"Yazan:":"Kuzeyin Sesi","Tahmini okuma s\u00fcresi":"4 dakika"},"schema":{"@context":"https:\/\/schema.org","@graph":[{"@type":"Article","@id":"https:\/\/kuzeyinsesi.org\/index.php\/2024\/12\/05\/ozturker-tbmm-baskani-kurtulmus-ile-birlikte-basin-toplantisi-duzenledi\/#article","isPartOf":{"@id":"https:\/\/kuzeyinsesi.org\/index.php\/2024\/12\/05\/ozturker-tbmm-baskani-kurtulmus-ile-birlikte-basin-toplantisi-duzenledi\/"},"author":{"name":"Kuzeyin Sesi","@id":"https:\/\/kuzeyinsesi.org\/#\/schema\/person\/9f859689cdf01485597712386e37f5aa"},"headline":"\u00d6zt\u00fcrker, TBMM Ba\u015fkan\u0131 Kurtulmu\u015f ile birlikte bas\u0131n toplant\u0131s\u0131 d\u00fczenledi","datePublished":"2024-12-05T17:03:49+00:00","mainEntityOfPage":{"@id":"https:\/\/kuzeyinsesi.org\/index.php\/2024\/12\/05\/ozturker-tbmm-baskani-kurtulmus-ile-birlikte-basin-toplantisi-duzenledi\/"},"wordCount":830,"commentCount":0,"image":{"@id":"https:\/\/kuzeyinsesi.org\/index.php\/2024\/12\/05\/ozturker-tbmm-baskani-kurtulmus-ile-birlikte-basin-toplantisi-duzenledi\/#primaryimage"},"thumbnailUrl":"https:\/\/kuzeyinsesi.org\/wp-content\/uploads\/2024\/12\/OZTURKLER-ANKARA.jpeg","articleSection":["T\u00fcrkiye"],"inLanguage":"tr","potentialAction":[{"@type":"CommentAction","name":"Comment","target":["https:\/\/kuzeyinsesi.org\/index.php\/2024\/12\/05\/ozturker-tbmm-baskani-kurtulmus-ile-birlikte-basin-toplantisi-duzenledi\/#respond"]}]},{"@type":"WebPage","@id":"https:\/\/kuzeyinsesi.org\/index.php\/2024\/12\/05\/ozturker-tbmm-baskani-kurtulmus-ile-birlikte-basin-toplantisi-duzenledi\/","url":"https:\/\/kuzeyinsesi.org\/index.php\/2024\/12\/05\/ozturker-tbmm-baskani-kurtulmus-ile-birlikte-basin-toplantisi-duzenledi\/","name":"\u00d6zt\u00fcrker, TBMM Ba\u015fkan\u0131 Kurtulmu\u015f ile birlikte bas\u0131n toplant\u0131s\u0131 d\u00fczenledi - Kuzeyin Sesi","isPartOf":{"@id":"https:\/\/kuzeyinsesi.org\/#website"},"primaryImageOfPage":{"@id":"https:\/\/kuzeyinsesi.org\/index.php\/2024\/12\/05\/ozturker-tbmm-baskani-kurtulmus-ile-birlikte-basin-toplantisi-duzenledi\/#primaryimage"},"image":{"@id":"https:\/\/kuzeyinsesi.org\/index.php\/2024\/12\/05\/ozturker-tbmm-baskani-kurtulmus-ile-birlikte-basin-toplantisi-duzenledi\/#primaryimage"},"thumbnailUrl":"https:\/\/kuzeyinsesi.org\/wp-content\/uploads\/2024\/12\/OZTURKLER-ANKARA.jpeg","datePublished":"2024-12-05T17:03:49+00:00","author":{"@id":"https:\/\/kuzeyinsesi.org\/#\/schema\/person\/9f859689cdf01485597712386e37f5aa"},"breadcrumb":{"@id":"https:\/\/kuzeyinsesi.org\/index.php\/2024\/12\/05\/ozturker-tbmm-baskani-kurtulmus-ile-birlikte-basin-toplantisi-duzenledi\/#breadcrumb"},"inLanguage":"tr","potentialAction":[{"@type":"ReadAction","target":["https:\/\/kuzeyinsesi.org\/index.php\/2024\/12\/05\/ozturker-tbmm-baskani-kurtulmus-ile-birlikte-basin-toplantisi-duzenledi\/"]}]},{"@type":"ImageObject","inLanguage":"tr","@id":"https:\/\/kuzeyinsesi.org\/index.php\/2024\/12\/05\/ozturker-tbmm-baskani-kurtulmus-ile-birlikte-basin-toplantisi-duzenledi\/#primaryimage","url":"https:\/\/kuzeyinsesi.org\/wp-content\/uploads\/2024\/12\/OZTURKLER-ANKARA.jpeg","contentUrl":"https:\/\/kuzeyinsesi.org\/wp-content\/uploads\/2024\/12\/OZTURKLER-ANKARA.jpeg","width":930,"height":488},{"@type":"BreadcrumbList","@id":"https:\/\/kuzeyinsesi.org\/index.php\/2024\/12\/05\/ozturker-tbmm-baskani-kurtulmus-ile-birlikte-basin-toplantisi-duzenledi\/#breadcrumb","itemListElement":[{"@type":"ListItem","position":1,"name":"Anasayfa","item":"https:\/\/kuzeyinsesi.org\/"},{"@type":"ListItem","position":2,"name":"\u00d6zt\u00fcrker, TBMM Ba\u015fkan\u0131 Kurtulmu\u015f ile birlikte bas\u0131n toplant\u0131s\u0131 d\u00fczenledi"}]},{"@type":"WebSite","@id":"https:\/\/kuzeyinsesi.org\/#website","url":"https:\/\/kuzeyinsesi.org\/","name":"Kuzeyin Sesi","description":"Do\u011fru Haberin Adresi","potentialAction":[{"@type":"SearchAction","target":{"@type":"EntryPoint","urlTemplate":"https:\/\/kuzeyinsesi.org\/?s={search_term_string}"},"query-input":{"@type":"PropertyValueSpecification","valueRequired":true,"valueName":"search_term_string"}}],"inLanguage":"tr"},{"@type":"Person","@id":"https:\/\/kuzeyinsesi.org\/#\/schema\/person\/9f859689cdf01485597712386e37f5aa","name":"Kuzeyin Sesi","image":{"@type":"ImageObject","inLanguage":"tr","@id":"https:\/\/secure.gravatar.com\/avatar\/bab33852abfd8b282518d6ed81826833d77c3c882d9ab608add591ccace47a44?s=96&d=mm&r=g","url":"https:\/\/secure.gravatar.com\/avatar\/bab33852abfd8b282518d6ed81826833d77c3c882d9ab608add591ccace47a44?s=96&d=mm&r=g","contentUrl":"https:\/\/secure.gravatar.com\/avatar\/bab33852abfd8b282518d6ed81826833d77c3c882d9ab608add591ccace47a44?s=96&d=mm&r=g","caption":"Kuzeyin Sesi"},"sameAs":["https:\/\/kuzeyinsesi.org"],"url":"https:\/\/kuzeyinsesi.org\/index.php\/author\/guven\/"}]}},"_links":{"self":[{"href":"https:\/\/kuzeyinsesi.org\/index.php\/wp-json\/wp\/v2\/posts\/15010","targetHints":{"allow":["GET"]}}],"collection":[{"href":"https:\/\/kuzeyinsesi.org\/index.php\/wp-json\/wp\/v2\/posts"}],"about":[{"href":"https:\/\/kuzeyinsesi.org\/index.php\/wp-json\/wp\/v2\/types\/post"}],"author":[{"embeddable":true,"href":"https:\/\/kuzeyinsesi.org\/index.php\/wp-json\/wp\/v2\/users\/1"}],"replies":[{"embeddable":true,"href":"https:\/\/kuzeyinsesi.org\/index.php\/wp-json\/wp\/v2\/comments?post=15010"}],"version-history":[{"count":0,"href":"https:\/\/kuzeyinsesi.org\/index.php\/wp-json\/wp\/v2\/posts\/15010\/revisions"}],"wp:featuredmedia":[{"embeddable":true,"href":"https:\/\/kuzeyinsesi.org\/index.php\/wp-json\/wp\/v2\/media\/15011"}],"wp:attachment":[{"href":"https:\/\/kuzeyinsesi.org\/index.php\/wp-json\/wp\/v2\/media?parent=15010"}],"wp:term":[{"taxonomy":"category","embeddable":true,"href":"https:\/\/kuzeyinsesi.org\/index.php\/wp-json\/wp\/v2\/categories?post=15010"},{"taxonomy":"post_tag","embeddable":true,"href":"https:\/\/kuzeyinsesi.org\/index.php\/wp-json\/wp\/v2\/tags?post=15010"}],"curies":[{"name":"wp","href":"https:\/\/api.w.org\/{rel}","templated":true}]}}