{"id":15008,"date":"2024-12-05T18:58:27","date_gmt":"2024-12-05T16:58:27","guid":{"rendered":"https:\/\/kuzeyinsesi.org\/index.php\/2024\/12\/05\/dr-kenan-arifoglunun-otantik-bisikletler-sergisi-10-aralikta-lefkede-acilacak\/"},"modified":"2024-12-05T18:58:27","modified_gmt":"2024-12-05T16:58:27","slug":"dr-kenan-arifoglunun-otantik-bisikletler-sergisi-10-aralikta-lefkede-acilacak","status":"publish","type":"post","link":"https:\/\/kuzeyinsesi.org\/index.php\/2024\/12\/05\/dr-kenan-arifoglunun-otantik-bisikletler-sergisi-10-aralikta-lefkede-acilacak\/","title":{"rendered":"Dr. Kenan Arifo\u011flu\u2019nun Otantik Bisikletler Sergisi 10 Aral\u0131k\u2019ta Lefke\u2019de a\u00e7\u0131lacak"},"content":{"rendered":"<div>\n<div class=\"mariselle-image-container none\">\n                                            <\/div>\n<p>Dr. Kenan Arifo\u011flu\u2019nun \u201c\u0130ki Tekerlek \u00dczerinde Uzun Bir Zaman\u201d ba\u015fl\u0131kl\u0131 Otantik Bisikletler Sergisi 10 Aral\u0131k Sal\u0131 g\u00fcn\u00fc Lefke\u2019de Atat\u00fcrk Park\u0131\u2019nda a\u00e7\u0131lacak.<\/p>\n<p>Ba\u015fbakan Yard\u0131mc\u0131l\u0131\u011f\u0131, Turizm, K\u00fclt\u00fcr, Gen\u00e7lik ve \u00c7evre Bakanl\u0131\u011f\u0131\u2019na ba\u011fl\u0131 K\u00fclt\u00fcr Dairesi\u2019nden verilen bilgiye g\u00f6re sergi, bisiklet kullanma k\u00fclt\u00fcr\u00fcne dikkat \u00e7ekmek amac\u0131yla Lefke\u2019ye ta\u015f\u0131nacak.<\/p>\n<p>Lefke Belediyesi ve Vintage Bicycles of Cyprus i\u015f birli\u011findeki sergi, 10 Aral\u0131k Sal\u0131 g\u00fcn\u00fc saat 14.00\u2019te Ba\u015fbakan Yard\u0131mc\u0131s\u0131, Turizm, K\u00fclt\u00fcr, Gen\u00e7lik ve \u00c7evre Bakan\u0131 Fikri Atao\u011flu taraf\u0131ndan a\u00e7\u0131lacak.<\/p>\n<p>Sergi, 18 Aral\u0131k \u00c7ar\u015famba g\u00fcn\u00fcne kadar pazar g\u00fcn\u00fc hari\u00e7 11.00-15.00 saatleri aras\u0131nda ziyarete a\u00e7\u0131k olacak.<\/p>\n<\/p><\/div>\n<p><script async\n                    defer\n                    crossorigin=\"anonymous\"\n                    src=\"https:\/\/connect.facebook.net\/tr_TR\/sdk.js#xfbml=1&#038;version=v3.3\"\n            ><\/script><\/p>\n","protected":false},"excerpt":{"rendered":"<p>Dr. Kenan Arifo\u011flu\u2019nun \u201c\u0130ki Tekerlek \u00dczerinde Uzun Bir Zaman\u201d ba\u015fl\u0131kl\u0131 Otantik Bisikletler Sergisi 10 Aral\u0131k Sal\u0131 g\u00fcn\u00fc Lefke\u2019de Atat\u00fcrk Park\u0131\u2019nda a\u00e7\u0131lacak. Ba\u015fbakan Yard\u0131mc\u0131l\u0131\u011f\u0131, Turizm, K\u00fclt\u00fcr, Gen\u00e7lik ve \u00c7evre Bakanl\u0131\u011f\u0131\u2019na ba\u011fl\u0131 K\u00fclt\u00fcr Dairesi\u2019nden verilen bilgiye g\u00f6re sergi, bisiklet kullanma k\u00fclt\u00fcr\u00fcne dikkat \u00e7ekmek amac\u0131yla Lefke\u2019ye ta\u015f\u0131nacak. Lefke Belediyesi ve Vintage Bicycles of Cyprus i\u015f birli\u011findeki sergi, 10 [&hellip;]<\/p>\n","protected":false},"author":1,"featured_media":15009,"comment_status":"open","ping_status":"open","sticky":false,"template":"","format":"standard","meta":{"jnews-multi-image_gallery":[],"jnews_single_post":[],"jnews_primary_category":[],"jnews_social_meta":[],"jnews_override_counter":[],"footnotes":""},"categories":[6],"tags":[],"class_list":["post-15008","post","type-post","status-publish","format-standard","has-post-thumbnail","hentry","category-yasam"],"yoast_head":"<!-- This site is optimized with the Yoast SEO plugin v27.4 - https:\/\/yoast.com\/product\/yoast-seo-wordpress\/ -->\n<title>Dr. Kenan Arifo\u011flu\u2019nun Otantik Bisikletler Sergisi 10 Aral\u0131k\u2019ta Lefke\u2019de a\u00e7\u0131lacak - Kuzeyin Sesi<\/title>\n<meta name=\"robots\" content=\"index, follow, max-snippet:-1, max-image-preview:large, max-video-preview:-1\" \/>\n<link rel=\"canonical\" href=\"https:\/\/kuzeyinsesi.org\/index.php\/2024\/12\/05\/dr-kenan-arifoglunun-otantik-bisikletler-sergisi-10-aralikta-lefkede-acilacak\/\" \/>\n<meta property=\"og:locale\" content=\"tr_TR\" \/>\n<meta property=\"og:type\" content=\"article\" \/>\n<meta property=\"og:title\" content=\"Dr. Kenan Arifo\u011flu\u2019nun Otantik Bisikletler Sergisi 10 Aral\u0131k\u2019ta Lefke\u2019de a\u00e7\u0131lacak - Kuzeyin Sesi\" \/>\n<meta property=\"og:description\" content=\"Dr. Kenan Arifo\u011flu\u2019nun \u201c\u0130ki Tekerlek \u00dczerinde Uzun Bir Zaman\u201d ba\u015fl\u0131kl\u0131 Otantik Bisikletler Sergisi 10 Aral\u0131k Sal\u0131 g\u00fcn\u00fc Lefke\u2019de Atat\u00fcrk Park\u0131\u2019nda a\u00e7\u0131lacak. Ba\u015fbakan Yard\u0131mc\u0131l\u0131\u011f\u0131, Turizm, K\u00fclt\u00fcr, Gen\u00e7lik ve \u00c7evre Bakanl\u0131\u011f\u0131\u2019na ba\u011fl\u0131 K\u00fclt\u00fcr Dairesi\u2019nden verilen bilgiye g\u00f6re sergi, bisiklet kullanma k\u00fclt\u00fcr\u00fcne dikkat \u00e7ekmek amac\u0131yla Lefke\u2019ye ta\u015f\u0131nacak. Lefke Belediyesi ve Vintage Bicycles of Cyprus i\u015f birli\u011findeki sergi, 10 [&hellip;]\" \/>\n<meta property=\"og:url\" content=\"https:\/\/kuzeyinsesi.org\/index.php\/2024\/12\/05\/dr-kenan-arifoglunun-otantik-bisikletler-sergisi-10-aralikta-lefkede-acilacak\/\" \/>\n<meta property=\"og:site_name\" content=\"Kuzeyin Sesi\" \/>\n<meta property=\"article:publisher\" content=\"https:\/\/www.facebook.com\/kuzeyinsesii\" \/>\n<meta property=\"article:published_time\" content=\"2024-12-05T16:58:27+00:00\" \/>\n<meta property=\"og:image\" content=\"https:\/\/brtk.net\/wp-content\/uploads\/2024\/12\/05\/IkiTekerlek_SergiAfisi.jpeg?ver=23a1bc9be0692817012081bb284d12a4\" \/>\n<meta name=\"author\" content=\"Kuzeyin Sesi\" \/>\n<meta name=\"twitter:card\" content=\"summary_large_image\" \/>\n<meta name=\"twitter:creator\" content=\"@kuzeyinsesii\" \/>\n<meta name=\"twitter:site\" content=\"@kuzeyinsesii\" \/>\n<meta name=\"twitter:label1\" content=\"Yazan:\" \/>\n\t<meta name=\"twitter:data1\" content=\"Kuzeyin Sesi\" \/>\n\t<meta name=\"twitter:label2\" content=\"Tahmini okuma s\u00fcresi\" \/>\n\t<meta name=\"twitter:data2\" content=\"1 dakika\" \/>\n<script type=\"application\/ld+json\" class=\"yoast-schema-graph\">{\"@context\":\"https:\\\/\\\/schema.org\",\"@graph\":[{\"@type\":\"Article\",\"@id\":\"https:\\\/\\\/kuzeyinsesi.org\\\/index.php\\\/2024\\\/12\\\/05\\\/dr-kenan-arifoglunun-otantik-bisikletler-sergisi-10-aralikta-lefkede-acilacak\\\/#article\",\"isPartOf\":{\"@id\":\"https:\\\/\\\/kuzeyinsesi.org\\\/index.php\\\/2024\\\/12\\\/05\\\/dr-kenan-arifoglunun-otantik-bisikletler-sergisi-10-aralikta-lefkede-acilacak\\\/\"},\"author\":{\"name\":\"Kuzeyin Sesi\",\"@id\":\"https:\\\/\\\/kuzeyinsesi.org\\\/#\\\/schema\\\/person\\\/9f859689cdf01485597712386e37f5aa\"},\"headline\":\"Dr. Kenan Arifo\u011flu\u2019nun Otantik Bisikletler Sergisi 10 Aral\u0131k\u2019ta Lefke\u2019de a\u00e7\u0131lacak\",\"datePublished\":\"2024-12-05T16:58:27+00:00\",\"mainEntityOfPage\":{\"@id\":\"https:\\\/\\\/kuzeyinsesi.org\\\/index.php\\\/2024\\\/12\\\/05\\\/dr-kenan-arifoglunun-otantik-bisikletler-sergisi-10-aralikta-lefkede-acilacak\\\/\"},\"wordCount\":146,\"commentCount\":0,\"image\":{\"@id\":\"https:\\\/\\\/kuzeyinsesi.org\\\/index.php\\\/2024\\\/12\\\/05\\\/dr-kenan-arifoglunun-otantik-bisikletler-sergisi-10-aralikta-lefkede-acilacak\\\/#primaryimage\"},\"thumbnailUrl\":\"https:\\\/\\\/kuzeyinsesi.org\\\/wp-content\\\/uploads\\\/2024\\\/12\\\/IkiTekerlek_SergiAfisi.jpeg\",\"articleSection\":[\"Ya\u015fam\"],\"inLanguage\":\"tr\",\"potentialAction\":[{\"@type\":\"CommentAction\",\"name\":\"Comment\",\"target\":[\"https:\\\/\\\/kuzeyinsesi.org\\\/index.php\\\/2024\\\/12\\\/05\\\/dr-kenan-arifoglunun-otantik-bisikletler-sergisi-10-aralikta-lefkede-acilacak\\\/#respond\"]}]},{\"@type\":\"WebPage\",\"@id\":\"https:\\\/\\\/kuzeyinsesi.org\\\/index.php\\\/2024\\\/12\\\/05\\\/dr-kenan-arifoglunun-otantik-bisikletler-sergisi-10-aralikta-lefkede-acilacak\\\/\",\"url\":\"https:\\\/\\\/kuzeyinsesi.org\\\/index.php\\\/2024\\\/12\\\/05\\\/dr-kenan-arifoglunun-otantik-bisikletler-sergisi-10-aralikta-lefkede-acilacak\\\/\",\"name\":\"Dr. Kenan Arifo\u011flu\u2019nun Otantik Bisikletler Sergisi 10 Aral\u0131k\u2019ta Lefke\u2019de a\u00e7\u0131lacak - Kuzeyin Sesi\",\"isPartOf\":{\"@id\":\"https:\\\/\\\/kuzeyinsesi.org\\\/#website\"},\"primaryImageOfPage\":{\"@id\":\"https:\\\/\\\/kuzeyinsesi.org\\\/index.php\\\/2024\\\/12\\\/05\\\/dr-kenan-arifoglunun-otantik-bisikletler-sergisi-10-aralikta-lefkede-acilacak\\\/#primaryimage\"},\"image\":{\"@id\":\"https:\\\/\\\/kuzeyinsesi.org\\\/index.php\\\/2024\\\/12\\\/05\\\/dr-kenan-arifoglunun-otantik-bisikletler-sergisi-10-aralikta-lefkede-acilacak\\\/#primaryimage\"},\"thumbnailUrl\":\"https:\\\/\\\/kuzeyinsesi.org\\\/wp-content\\\/uploads\\\/2024\\\/12\\\/IkiTekerlek_SergiAfisi.jpeg\",\"datePublished\":\"2024-12-05T16:58:27+00:00\",\"author\":{\"@id\":\"https:\\\/\\\/kuzeyinsesi.org\\\/#\\\/schema\\\/person\\\/9f859689cdf01485597712386e37f5aa\"},\"breadcrumb\":{\"@id\":\"https:\\\/\\\/kuzeyinsesi.org\\\/index.php\\\/2024\\\/12\\\/05\\\/dr-kenan-arifoglunun-otantik-bisikletler-sergisi-10-aralikta-lefkede-acilacak\\\/#breadcrumb\"},\"inLanguage\":\"tr\",\"potentialAction\":[{\"@type\":\"ReadAction\",\"target\":[\"https:\\\/\\\/kuzeyinsesi.org\\\/index.php\\\/2024\\\/12\\\/05\\\/dr-kenan-arifoglunun-otantik-bisikletler-sergisi-10-aralikta-lefkede-acilacak\\\/\"]}]},{\"@type\":\"ImageObject\",\"inLanguage\":\"tr\",\"@id\":\"https:\\\/\\\/kuzeyinsesi.org\\\/index.php\\\/2024\\\/12\\\/05\\\/dr-kenan-arifoglunun-otantik-bisikletler-sergisi-10-aralikta-lefkede-acilacak\\\/#primaryimage\",\"url\":\"https:\\\/\\\/kuzeyinsesi.org\\\/wp-content\\\/uploads\\\/2024\\\/12\\\/IkiTekerlek_SergiAfisi.jpeg\",\"contentUrl\":\"https:\\\/\\\/kuzeyinsesi.org\\\/wp-content\\\/uploads\\\/2024\\\/12\\\/IkiTekerlek_SergiAfisi.jpeg\",\"width\":410,\"height\":410},{\"@type\":\"BreadcrumbList\",\"@id\":\"https:\\\/\\\/kuzeyinsesi.org\\\/index.php\\\/2024\\\/12\\\/05\\\/dr-kenan-arifoglunun-otantik-bisikletler-sergisi-10-aralikta-lefkede-acilacak\\\/#breadcrumb\",\"itemListElement\":[{\"@type\":\"ListItem\",\"position\":1,\"name\":\"Anasayfa\",\"item\":\"https:\\\/\\\/kuzeyinsesi.org\\\/\"},{\"@type\":\"ListItem\",\"position\":2,\"name\":\"Dr. Kenan Arifo\u011flu\u2019nun Otantik Bisikletler Sergisi 10 Aral\u0131k\u2019ta Lefke\u2019de a\u00e7\u0131lacak\"}]},{\"@type\":\"WebSite\",\"@id\":\"https:\\\/\\\/kuzeyinsesi.org\\\/#website\",\"url\":\"https:\\\/\\\/kuzeyinsesi.org\\\/\",\"name\":\"Kuzeyin Sesi\",\"description\":\"Do\u011fru Haberin Adresi\",\"potentialAction\":[{\"@type\":\"SearchAction\",\"target\":{\"@type\":\"EntryPoint\",\"urlTemplate\":\"https:\\\/\\\/kuzeyinsesi.org\\\/?s={search_term_string}\"},\"query-input\":{\"@type\":\"PropertyValueSpecification\",\"valueRequired\":true,\"valueName\":\"search_term_string\"}}],\"inLanguage\":\"tr\"},{\"@type\":\"Person\",\"@id\":\"https:\\\/\\\/kuzeyinsesi.org\\\/#\\\/schema\\\/person\\\/9f859689cdf01485597712386e37f5aa\",\"name\":\"Kuzeyin Sesi\",\"image\":{\"@type\":\"ImageObject\",\"inLanguage\":\"tr\",\"@id\":\"https:\\\/\\\/secure.gravatar.com\\\/avatar\\\/bab33852abfd8b282518d6ed81826833d77c3c882d9ab608add591ccace47a44?s=96&d=mm&r=g\",\"url\":\"https:\\\/\\\/secure.gravatar.com\\\/avatar\\\/bab33852abfd8b282518d6ed81826833d77c3c882d9ab608add591ccace47a44?s=96&d=mm&r=g\",\"contentUrl\":\"https:\\\/\\\/secure.gravatar.com\\\/avatar\\\/bab33852abfd8b282518d6ed81826833d77c3c882d9ab608add591ccace47a44?s=96&d=mm&r=g\",\"caption\":\"Kuzeyin Sesi\"},\"sameAs\":[\"https:\\\/\\\/kuzeyinsesi.org\"],\"url\":\"https:\\\/\\\/kuzeyinsesi.org\\\/index.php\\\/author\\\/guven\\\/\"}]}<\/script>\n<!-- \/ Yoast SEO plugin. -->","yoast_head_json":{"title":"Dr. Kenan Arifo\u011flu\u2019nun Otantik Bisikletler Sergisi 10 Aral\u0131k\u2019ta Lefke\u2019de a\u00e7\u0131lacak - Kuzeyin Sesi","robots":{"index":"index","follow":"follow","max-snippet":"max-snippet:-1","max-image-preview":"max-image-preview:large","max-video-preview":"max-video-preview:-1"},"canonical":"https:\/\/kuzeyinsesi.org\/index.php\/2024\/12\/05\/dr-kenan-arifoglunun-otantik-bisikletler-sergisi-10-aralikta-lefkede-acilacak\/","og_locale":"tr_TR","og_type":"article","og_title":"Dr. Kenan Arifo\u011flu\u2019nun Otantik Bisikletler Sergisi 10 Aral\u0131k\u2019ta Lefke\u2019de a\u00e7\u0131lacak - Kuzeyin Sesi","og_description":"Dr. Kenan Arifo\u011flu\u2019nun \u201c\u0130ki Tekerlek \u00dczerinde Uzun Bir Zaman\u201d ba\u015fl\u0131kl\u0131 Otantik Bisikletler Sergisi 10 Aral\u0131k Sal\u0131 g\u00fcn\u00fc Lefke\u2019de Atat\u00fcrk Park\u0131\u2019nda a\u00e7\u0131lacak. Ba\u015fbakan Yard\u0131mc\u0131l\u0131\u011f\u0131, Turizm, K\u00fclt\u00fcr, Gen\u00e7lik ve \u00c7evre Bakanl\u0131\u011f\u0131\u2019na ba\u011fl\u0131 K\u00fclt\u00fcr Dairesi\u2019nden verilen bilgiye g\u00f6re sergi, bisiklet kullanma k\u00fclt\u00fcr\u00fcne dikkat \u00e7ekmek amac\u0131yla Lefke\u2019ye ta\u015f\u0131nacak. Lefke Belediyesi ve Vintage Bicycles of Cyprus i\u015f birli\u011findeki sergi, 10 [&hellip;]","og_url":"https:\/\/kuzeyinsesi.org\/index.php\/2024\/12\/05\/dr-kenan-arifoglunun-otantik-bisikletler-sergisi-10-aralikta-lefkede-acilacak\/","og_site_name":"Kuzeyin Sesi","article_publisher":"https:\/\/www.facebook.com\/kuzeyinsesii","article_published_time":"2024-12-05T16:58:27+00:00","og_image":[{"url":"https:\/\/brtk.net\/wp-content\/uploads\/2024\/12\/05\/IkiTekerlek_SergiAfisi.jpeg?ver=23a1bc9be0692817012081bb284d12a4","type":"","width":"","height":""}],"author":"Kuzeyin Sesi","twitter_card":"summary_large_image","twitter_creator":"@kuzeyinsesii","twitter_site":"@kuzeyinsesii","twitter_misc":{"Yazan:":"Kuzeyin Sesi","Tahmini okuma s\u00fcresi":"1 dakika"},"schema":{"@context":"https:\/\/schema.org","@graph":[{"@type":"Article","@id":"https:\/\/kuzeyinsesi.org\/index.php\/2024\/12\/05\/dr-kenan-arifoglunun-otantik-bisikletler-sergisi-10-aralikta-lefkede-acilacak\/#article","isPartOf":{"@id":"https:\/\/kuzeyinsesi.org\/index.php\/2024\/12\/05\/dr-kenan-arifoglunun-otantik-bisikletler-sergisi-10-aralikta-lefkede-acilacak\/"},"author":{"name":"Kuzeyin Sesi","@id":"https:\/\/kuzeyinsesi.org\/#\/schema\/person\/9f859689cdf01485597712386e37f5aa"},"headline":"Dr. Kenan Arifo\u011flu\u2019nun Otantik Bisikletler Sergisi 10 Aral\u0131k\u2019ta Lefke\u2019de a\u00e7\u0131lacak","datePublished":"2024-12-05T16:58:27+00:00","mainEntityOfPage":{"@id":"https:\/\/kuzeyinsesi.org\/index.php\/2024\/12\/05\/dr-kenan-arifoglunun-otantik-bisikletler-sergisi-10-aralikta-lefkede-acilacak\/"},"wordCount":146,"commentCount":0,"image":{"@id":"https:\/\/kuzeyinsesi.org\/index.php\/2024\/12\/05\/dr-kenan-arifoglunun-otantik-bisikletler-sergisi-10-aralikta-lefkede-acilacak\/#primaryimage"},"thumbnailUrl":"https:\/\/kuzeyinsesi.org\/wp-content\/uploads\/2024\/12\/IkiTekerlek_SergiAfisi.jpeg","articleSection":["Ya\u015fam"],"inLanguage":"tr","potentialAction":[{"@type":"CommentAction","name":"Comment","target":["https:\/\/kuzeyinsesi.org\/index.php\/2024\/12\/05\/dr-kenan-arifoglunun-otantik-bisikletler-sergisi-10-aralikta-lefkede-acilacak\/#respond"]}]},{"@type":"WebPage","@id":"https:\/\/kuzeyinsesi.org\/index.php\/2024\/12\/05\/dr-kenan-arifoglunun-otantik-bisikletler-sergisi-10-aralikta-lefkede-acilacak\/","url":"https:\/\/kuzeyinsesi.org\/index.php\/2024\/12\/05\/dr-kenan-arifoglunun-otantik-bisikletler-sergisi-10-aralikta-lefkede-acilacak\/","name":"Dr. Kenan Arifo\u011flu\u2019nun Otantik Bisikletler Sergisi 10 Aral\u0131k\u2019ta Lefke\u2019de a\u00e7\u0131lacak - Kuzeyin Sesi","isPartOf":{"@id":"https:\/\/kuzeyinsesi.org\/#website"},"primaryImageOfPage":{"@id":"https:\/\/kuzeyinsesi.org\/index.php\/2024\/12\/05\/dr-kenan-arifoglunun-otantik-bisikletler-sergisi-10-aralikta-lefkede-acilacak\/#primaryimage"},"image":{"@id":"https:\/\/kuzeyinsesi.org\/index.php\/2024\/12\/05\/dr-kenan-arifoglunun-otantik-bisikletler-sergisi-10-aralikta-lefkede-acilacak\/#primaryimage"},"thumbnailUrl":"https:\/\/kuzeyinsesi.org\/wp-content\/uploads\/2024\/12\/IkiTekerlek_SergiAfisi.jpeg","datePublished":"2024-12-05T16:58:27+00:00","author":{"@id":"https:\/\/kuzeyinsesi.org\/#\/schema\/person\/9f859689cdf01485597712386e37f5aa"},"breadcrumb":{"@id":"https:\/\/kuzeyinsesi.org\/index.php\/2024\/12\/05\/dr-kenan-arifoglunun-otantik-bisikletler-sergisi-10-aralikta-lefkede-acilacak\/#breadcrumb"},"inLanguage":"tr","potentialAction":[{"@type":"ReadAction","target":["https:\/\/kuzeyinsesi.org\/index.php\/2024\/12\/05\/dr-kenan-arifoglunun-otantik-bisikletler-sergisi-10-aralikta-lefkede-acilacak\/"]}]},{"@type":"ImageObject","inLanguage":"tr","@id":"https:\/\/kuzeyinsesi.org\/index.php\/2024\/12\/05\/dr-kenan-arifoglunun-otantik-bisikletler-sergisi-10-aralikta-lefkede-acilacak\/#primaryimage","url":"https:\/\/kuzeyinsesi.org\/wp-content\/uploads\/2024\/12\/IkiTekerlek_SergiAfisi.jpeg","contentUrl":"https:\/\/kuzeyinsesi.org\/wp-content\/uploads\/2024\/12\/IkiTekerlek_SergiAfisi.jpeg","width":410,"height":410},{"@type":"BreadcrumbList","@id":"https:\/\/kuzeyinsesi.org\/index.php\/2024\/12\/05\/dr-kenan-arifoglunun-otantik-bisikletler-sergisi-10-aralikta-lefkede-acilacak\/#breadcrumb","itemListElement":[{"@type":"ListItem","position":1,"name":"Anasayfa","item":"https:\/\/kuzeyinsesi.org\/"},{"@type":"ListItem","position":2,"name":"Dr. Kenan Arifo\u011flu\u2019nun Otantik Bisikletler Sergisi 10 Aral\u0131k\u2019ta Lefke\u2019de a\u00e7\u0131lacak"}]},{"@type":"WebSite","@id":"https:\/\/kuzeyinsesi.org\/#website","url":"https:\/\/kuzeyinsesi.org\/","name":"Kuzeyin Sesi","description":"Do\u011fru Haberin Adresi","potentialAction":[{"@type":"SearchAction","target":{"@type":"EntryPoint","urlTemplate":"https:\/\/kuzeyinsesi.org\/?s={search_term_string}"},"query-input":{"@type":"PropertyValueSpecification","valueRequired":true,"valueName":"search_term_string"}}],"inLanguage":"tr"},{"@type":"Person","@id":"https:\/\/kuzeyinsesi.org\/#\/schema\/person\/9f859689cdf01485597712386e37f5aa","name":"Kuzeyin Sesi","image":{"@type":"ImageObject","inLanguage":"tr","@id":"https:\/\/secure.gravatar.com\/avatar\/bab33852abfd8b282518d6ed81826833d77c3c882d9ab608add591ccace47a44?s=96&d=mm&r=g","url":"https:\/\/secure.gravatar.com\/avatar\/bab33852abfd8b282518d6ed81826833d77c3c882d9ab608add591ccace47a44?s=96&d=mm&r=g","contentUrl":"https:\/\/secure.gravatar.com\/avatar\/bab33852abfd8b282518d6ed81826833d77c3c882d9ab608add591ccace47a44?s=96&d=mm&r=g","caption":"Kuzeyin Sesi"},"sameAs":["https:\/\/kuzeyinsesi.org"],"url":"https:\/\/kuzeyinsesi.org\/index.php\/author\/guven\/"}]}},"_links":{"self":[{"href":"https:\/\/kuzeyinsesi.org\/index.php\/wp-json\/wp\/v2\/posts\/15008","targetHints":{"allow":["GET"]}}],"collection":[{"href":"https:\/\/kuzeyinsesi.org\/index.php\/wp-json\/wp\/v2\/posts"}],"about":[{"href":"https:\/\/kuzeyinsesi.org\/index.php\/wp-json\/wp\/v2\/types\/post"}],"author":[{"embeddable":true,"href":"https:\/\/kuzeyinsesi.org\/index.php\/wp-json\/wp\/v2\/users\/1"}],"replies":[{"embeddable":true,"href":"https:\/\/kuzeyinsesi.org\/index.php\/wp-json\/wp\/v2\/comments?post=15008"}],"version-history":[{"count":0,"href":"https:\/\/kuzeyinsesi.org\/index.php\/wp-json\/wp\/v2\/posts\/15008\/revisions"}],"wp:featuredmedia":[{"embeddable":true,"href":"https:\/\/kuzeyinsesi.org\/index.php\/wp-json\/wp\/v2\/media\/15009"}],"wp:attachment":[{"href":"https:\/\/kuzeyinsesi.org\/index.php\/wp-json\/wp\/v2\/media?parent=15008"}],"wp:term":[{"taxonomy":"category","embeddable":true,"href":"https:\/\/kuzeyinsesi.org\/index.php\/wp-json\/wp\/v2\/categories?post=15008"},{"taxonomy":"post_tag","embeddable":true,"href":"https:\/\/kuzeyinsesi.org\/index.php\/wp-json\/wp\/v2\/tags?post=15008"}],"curies":[{"name":"wp","href":"https:\/\/api.w.org\/{rel}","templated":true}]}}