{"id":15002,"date":"2024-12-05T17:48:31","date_gmt":"2024-12-05T15:48:31","guid":{"rendered":"https:\/\/kuzeyinsesi.org\/index.php\/2024\/12\/05\/universiteler-arasi-ali-nesim-kisa-oyku-yarismasi-duzenleniyor-son-basvuru-tarihi-14-ocak\/"},"modified":"2024-12-05T17:48:31","modified_gmt":"2024-12-05T15:48:31","slug":"universiteler-arasi-ali-nesim-kisa-oyku-yarismasi-duzenleniyor-son-basvuru-tarihi-14-ocak","status":"publish","type":"post","link":"https:\/\/kuzeyinsesi.org\/index.php\/2024\/12\/05\/universiteler-arasi-ali-nesim-kisa-oyku-yarismasi-duzenleniyor-son-basvuru-tarihi-14-ocak\/","title":{"rendered":"\u201c\u00dcniversiteler Aras\u0131 Ali Nesim K\u0131sa \u00d6yk\u00fc Yar\u0131\u015fmas\u0131\u201d d\u00fczenleniyor. Son ba\u015fvuru tarihi 14 Ocak"},"content":{"rendered":"<div>\n<div class=\"mariselle-image-container none\">\n                                            <\/div>\n<p>Girne Belediyesi, Yak\u0131n Do\u011fu \u00dcniversitesi T\u00fcrk\u00e7e \u00d6\u011fretmenli\u011fi B\u00f6l\u00fcm\u00fc, K\u0131br\u0131s Ara\u015ft\u0131rmalar\u0131 Merkezi ile K\u0131br\u0131s T\u00fcrk Yazarlar Birli\u011fi i\u015f birli\u011finde \u00dcniversiteler Aras\u0131 Ali Nesim K\u0131sa \u00d6yk\u00fc Yar\u0131\u015fmas\u0131 d\u00fczenleniyor.<\/p>\n<p>Yap\u0131lan a\u00e7\u0131klamaya g\u00f6re, yar\u0131\u015fmayla gen\u00e7 yazarlar\u0131 ke\u015ffetmek, onlar\u0131n edebiyat d\u00fcnyas\u0131na ad\u0131m atmalar\u0131n\u0131 sa\u011flamak, ve K\u0131br\u0131s T\u00fcrk edebiyat\u0131n\u0131n \u00f6nde gelen isimlerinden Ali Nesim\u2019in edebi miras\u0131n\u0131 ya\u015fatmak hedefleniyor.<\/p>\n<p>En fazla \u00fc\u00e7 k\u0131sa \u00f6yk\u00fc ile ba\u015fvurulabilecek yar\u0131\u015fman\u0131n, KKTC\u2019deki t\u00fcm \u00fcniversite \u00f6\u011frencilerinin kat\u0131l\u0131m\u0131na a\u00e7\u0131k oldu\u011fu ve konu s\u0131n\u0131rlamas\u0131 bulunmad\u0131\u011f\u0131 belirtilen a\u00e7\u0131klamada, g\u00f6nderilecek \u00f6yk\u00fclerin, \u201cTimes New Roman, 12 punto, tek aral\u0131k ve maksimum 5 A4 sayfas\u0131 uzunlu\u011funda\u201d haz\u0131rlanmas\u0131 gerekti\u011fi kaydedildi.<\/p>\n<p>A\u00e7\u0131klamada, yar\u0131\u015fmac\u0131lar\u0131n ba\u015fvuru s\u00fcrecinde kendilerine bir rumuz belirlemesi ve kimlik bilgilerini i\u00e7ermeyen \u00f6yk\u00fc n\u00fcshalar\u0131yla birlikte belirlenen kurallara uygun bir ba\u015fvuru dosyas\u0131 haz\u0131rlamalar\u0131 gerekti\u011fi ifade edildi.\u00a0<\/p>\n<p><strong>-Son ba\u015fvuru tarihi 14 Ocak<\/strong><\/p>\n<p>Ba\u015fvurular\u0131n, 14 Ocak 2025 tarihine kadar,\u00a0Girne Belediyesi K\u00fclt\u00fcr-Sanat B\u00f6l\u00fcm\u00fc ve Yak\u0131n Do\u011fu \u00dcniversitesi Fen-Edebiyat Fak\u00fcltesine elden teslim edilmesi gerekiyor.<\/p>\n<p>Se\u00e7ici kurulunda, Prof. Dr. \u015eevket \u00d6znur, Prof. Dr. Mustafa Yenias\u0131r, Prof. Dr. Burak G\u00f6kbulut, Do\u00e7. Dr. Tayfun Nesimo\u011flu, Dr. T\u00fclay Kaya Tekman, Mehmet Kansu, Eralp Adan\u0131r ve Aysun \u00c7elik\u2019in bulundu\u011fu yar\u0131\u015fmada\u00a0dereceye giren eserler 10 \u015eubat 2025 tarihinde a\u00e7\u0131klanacak.<\/p>\n<p>\u00d6d\u00fcller 14 \u015eubat 2025\u2019de d\u00fczenlenecek t\u00f6renle sahiplerini bulacak. Yar\u0131\u015fmada toplam 15 bin TL para \u00f6d\u00fcl\u00fc ve plaket verilecek.<\/p>\n<p>Detayl\u0131 bilgi ve sorular\u00a0 0542 862 14 47 ve 0533 870 80 33 numaral\u0131 telefonlardan elde edilebilir.<\/p>\n<\/p><\/div>\n<p><script async\n                    defer\n                    crossorigin=\"anonymous\"\n                    src=\"https:\/\/connect.facebook.net\/tr_TR\/sdk.js#xfbml=1&#038;version=v3.3\"\n            ><\/script><\/p>\n","protected":false},"excerpt":{"rendered":"<p>Girne Belediyesi, Yak\u0131n Do\u011fu \u00dcniversitesi T\u00fcrk\u00e7e \u00d6\u011fretmenli\u011fi B\u00f6l\u00fcm\u00fc, K\u0131br\u0131s Ara\u015ft\u0131rmalar\u0131 Merkezi ile K\u0131br\u0131s T\u00fcrk Yazarlar Birli\u011fi i\u015f birli\u011finde \u00dcniversiteler Aras\u0131 Ali Nesim K\u0131sa \u00d6yk\u00fc Yar\u0131\u015fmas\u0131 d\u00fczenleniyor. Yap\u0131lan a\u00e7\u0131klamaya g\u00f6re, yar\u0131\u015fmayla gen\u00e7 yazarlar\u0131 ke\u015ffetmek, onlar\u0131n edebiyat d\u00fcnyas\u0131na ad\u0131m atmalar\u0131n\u0131 sa\u011flamak, ve K\u0131br\u0131s T\u00fcrk edebiyat\u0131n\u0131n \u00f6nde gelen isimlerinden Ali Nesim\u2019in edebi miras\u0131n\u0131 ya\u015fatmak hedefleniyor. En fazla \u00fc\u00e7 [&hellip;]<\/p>\n","protected":false},"author":1,"featured_media":15003,"comment_status":"open","ping_status":"open","sticky":false,"template":"","format":"standard","meta":{"jnews-multi-image_gallery":[],"jnews_single_post":[],"jnews_primary_category":[],"jnews_social_meta":[],"jnews_override_counter":[],"footnotes":""},"categories":[6],"tags":[],"class_list":["post-15002","post","type-post","status-publish","format-standard","has-post-thumbnail","hentry","category-yasam"],"yoast_head":"<!-- This site is optimized with the Yoast SEO plugin v27.4 - https:\/\/yoast.com\/product\/yoast-seo-wordpress\/ -->\n<title>\u201c\u00dcniversiteler Aras\u0131 Ali Nesim K\u0131sa \u00d6yk\u00fc Yar\u0131\u015fmas\u0131\u201d d\u00fczenleniyor. Son ba\u015fvuru tarihi 14 Ocak - Kuzeyin Sesi<\/title>\n<meta name=\"robots\" content=\"index, follow, max-snippet:-1, max-image-preview:large, max-video-preview:-1\" \/>\n<link rel=\"canonical\" href=\"https:\/\/kuzeyinsesi.org\/index.php\/2024\/12\/05\/universiteler-arasi-ali-nesim-kisa-oyku-yarismasi-duzenleniyor-son-basvuru-tarihi-14-ocak\/\" \/>\n<meta property=\"og:locale\" content=\"tr_TR\" \/>\n<meta property=\"og:type\" content=\"article\" \/>\n<meta property=\"og:title\" content=\"\u201c\u00dcniversiteler Aras\u0131 Ali Nesim K\u0131sa \u00d6yk\u00fc Yar\u0131\u015fmas\u0131\u201d d\u00fczenleniyor. Son ba\u015fvuru tarihi 14 Ocak - Kuzeyin Sesi\" \/>\n<meta property=\"og:description\" content=\"Girne Belediyesi, Yak\u0131n Do\u011fu \u00dcniversitesi T\u00fcrk\u00e7e \u00d6\u011fretmenli\u011fi B\u00f6l\u00fcm\u00fc, K\u0131br\u0131s Ara\u015ft\u0131rmalar\u0131 Merkezi ile K\u0131br\u0131s T\u00fcrk Yazarlar Birli\u011fi i\u015f birli\u011finde \u00dcniversiteler Aras\u0131 Ali Nesim K\u0131sa \u00d6yk\u00fc Yar\u0131\u015fmas\u0131 d\u00fczenleniyor. Yap\u0131lan a\u00e7\u0131klamaya g\u00f6re, yar\u0131\u015fmayla gen\u00e7 yazarlar\u0131 ke\u015ffetmek, onlar\u0131n edebiyat d\u00fcnyas\u0131na ad\u0131m atmalar\u0131n\u0131 sa\u011flamak, ve K\u0131br\u0131s T\u00fcrk edebiyat\u0131n\u0131n \u00f6nde gelen isimlerinden Ali Nesim\u2019in edebi miras\u0131n\u0131 ya\u015fatmak hedefleniyor. En fazla \u00fc\u00e7 [&hellip;]\" \/>\n<meta property=\"og:url\" content=\"https:\/\/kuzeyinsesi.org\/index.php\/2024\/12\/05\/universiteler-arasi-ali-nesim-kisa-oyku-yarismasi-duzenleniyor-son-basvuru-tarihi-14-ocak\/\" \/>\n<meta property=\"og:site_name\" content=\"Kuzeyin Sesi\" \/>\n<meta property=\"article:publisher\" content=\"https:\/\/www.facebook.com\/kuzeyinsesii\" \/>\n<meta property=\"article:published_time\" content=\"2024-12-05T15:48:31+00:00\" \/>\n<meta property=\"og:image\" content=\"https:\/\/brtk.net\/wp-content\/uploads\/2024\/12\/05\/Oyku-yarismasi-haber.jpg?ver=66b4a9752c4774fcbf2b0cde056e0cd0\" \/>\n<meta name=\"author\" content=\"Kuzeyin Sesi\" \/>\n<meta name=\"twitter:card\" content=\"summary_large_image\" \/>\n<meta name=\"twitter:creator\" content=\"@kuzeyinsesii\" \/>\n<meta name=\"twitter:site\" content=\"@kuzeyinsesii\" \/>\n<meta name=\"twitter:label1\" content=\"Yazan:\" \/>\n\t<meta name=\"twitter:data1\" content=\"Kuzeyin Sesi\" \/>\n\t<meta name=\"twitter:label2\" content=\"Tahmini okuma s\u00fcresi\" \/>\n\t<meta name=\"twitter:data2\" content=\"1 dakika\" \/>\n<script type=\"application\/ld+json\" class=\"yoast-schema-graph\">{\"@context\":\"https:\\\/\\\/schema.org\",\"@graph\":[{\"@type\":\"Article\",\"@id\":\"https:\\\/\\\/kuzeyinsesi.org\\\/index.php\\\/2024\\\/12\\\/05\\\/universiteler-arasi-ali-nesim-kisa-oyku-yarismasi-duzenleniyor-son-basvuru-tarihi-14-ocak\\\/#article\",\"isPartOf\":{\"@id\":\"https:\\\/\\\/kuzeyinsesi.org\\\/index.php\\\/2024\\\/12\\\/05\\\/universiteler-arasi-ali-nesim-kisa-oyku-yarismasi-duzenleniyor-son-basvuru-tarihi-14-ocak\\\/\"},\"author\":{\"name\":\"Kuzeyin Sesi\",\"@id\":\"https:\\\/\\\/kuzeyinsesi.org\\\/#\\\/schema\\\/person\\\/9f859689cdf01485597712386e37f5aa\"},\"headline\":\"\u201c\u00dcniversiteler Aras\u0131 Ali Nesim K\u0131sa \u00d6yk\u00fc Yar\u0131\u015fmas\u0131\u201d d\u00fczenleniyor. Son ba\u015fvuru tarihi 14 Ocak\",\"datePublished\":\"2024-12-05T15:48:31+00:00\",\"mainEntityOfPage\":{\"@id\":\"https:\\\/\\\/kuzeyinsesi.org\\\/index.php\\\/2024\\\/12\\\/05\\\/universiteler-arasi-ali-nesim-kisa-oyku-yarismasi-duzenleniyor-son-basvuru-tarihi-14-ocak\\\/\"},\"wordCount\":308,\"commentCount\":0,\"image\":{\"@id\":\"https:\\\/\\\/kuzeyinsesi.org\\\/index.php\\\/2024\\\/12\\\/05\\\/universiteler-arasi-ali-nesim-kisa-oyku-yarismasi-duzenleniyor-son-basvuru-tarihi-14-ocak\\\/#primaryimage\"},\"thumbnailUrl\":\"https:\\\/\\\/kuzeyinsesi.org\\\/wp-content\\\/uploads\\\/2024\\\/12\\\/Oyku-yarismasi-haber.jpg\",\"articleSection\":[\"Ya\u015fam\"],\"inLanguage\":\"tr\",\"potentialAction\":[{\"@type\":\"CommentAction\",\"name\":\"Comment\",\"target\":[\"https:\\\/\\\/kuzeyinsesi.org\\\/index.php\\\/2024\\\/12\\\/05\\\/universiteler-arasi-ali-nesim-kisa-oyku-yarismasi-duzenleniyor-son-basvuru-tarihi-14-ocak\\\/#respond\"]}]},{\"@type\":\"WebPage\",\"@id\":\"https:\\\/\\\/kuzeyinsesi.org\\\/index.php\\\/2024\\\/12\\\/05\\\/universiteler-arasi-ali-nesim-kisa-oyku-yarismasi-duzenleniyor-son-basvuru-tarihi-14-ocak\\\/\",\"url\":\"https:\\\/\\\/kuzeyinsesi.org\\\/index.php\\\/2024\\\/12\\\/05\\\/universiteler-arasi-ali-nesim-kisa-oyku-yarismasi-duzenleniyor-son-basvuru-tarihi-14-ocak\\\/\",\"name\":\"\u201c\u00dcniversiteler Aras\u0131 Ali Nesim K\u0131sa \u00d6yk\u00fc Yar\u0131\u015fmas\u0131\u201d d\u00fczenleniyor. Son ba\u015fvuru tarihi 14 Ocak - Kuzeyin Sesi\",\"isPartOf\":{\"@id\":\"https:\\\/\\\/kuzeyinsesi.org\\\/#website\"},\"primaryImageOfPage\":{\"@id\":\"https:\\\/\\\/kuzeyinsesi.org\\\/index.php\\\/2024\\\/12\\\/05\\\/universiteler-arasi-ali-nesim-kisa-oyku-yarismasi-duzenleniyor-son-basvuru-tarihi-14-ocak\\\/#primaryimage\"},\"image\":{\"@id\":\"https:\\\/\\\/kuzeyinsesi.org\\\/index.php\\\/2024\\\/12\\\/05\\\/universiteler-arasi-ali-nesim-kisa-oyku-yarismasi-duzenleniyor-son-basvuru-tarihi-14-ocak\\\/#primaryimage\"},\"thumbnailUrl\":\"https:\\\/\\\/kuzeyinsesi.org\\\/wp-content\\\/uploads\\\/2024\\\/12\\\/Oyku-yarismasi-haber.jpg\",\"datePublished\":\"2024-12-05T15:48:31+00:00\",\"author\":{\"@id\":\"https:\\\/\\\/kuzeyinsesi.org\\\/#\\\/schema\\\/person\\\/9f859689cdf01485597712386e37f5aa\"},\"breadcrumb\":{\"@id\":\"https:\\\/\\\/kuzeyinsesi.org\\\/index.php\\\/2024\\\/12\\\/05\\\/universiteler-arasi-ali-nesim-kisa-oyku-yarismasi-duzenleniyor-son-basvuru-tarihi-14-ocak\\\/#breadcrumb\"},\"inLanguage\":\"tr\",\"potentialAction\":[{\"@type\":\"ReadAction\",\"target\":[\"https:\\\/\\\/kuzeyinsesi.org\\\/index.php\\\/2024\\\/12\\\/05\\\/universiteler-arasi-ali-nesim-kisa-oyku-yarismasi-duzenleniyor-son-basvuru-tarihi-14-ocak\\\/\"]}]},{\"@type\":\"ImageObject\",\"inLanguage\":\"tr\",\"@id\":\"https:\\\/\\\/kuzeyinsesi.org\\\/index.php\\\/2024\\\/12\\\/05\\\/universiteler-arasi-ali-nesim-kisa-oyku-yarismasi-duzenleniyor-son-basvuru-tarihi-14-ocak\\\/#primaryimage\",\"url\":\"https:\\\/\\\/kuzeyinsesi.org\\\/wp-content\\\/uploads\\\/2024\\\/12\\\/Oyku-yarismasi-haber.jpg\",\"contentUrl\":\"https:\\\/\\\/kuzeyinsesi.org\\\/wp-content\\\/uploads\\\/2024\\\/12\\\/Oyku-yarismasi-haber.jpg\",\"width\":930,\"height\":410},{\"@type\":\"BreadcrumbList\",\"@id\":\"https:\\\/\\\/kuzeyinsesi.org\\\/index.php\\\/2024\\\/12\\\/05\\\/universiteler-arasi-ali-nesim-kisa-oyku-yarismasi-duzenleniyor-son-basvuru-tarihi-14-ocak\\\/#breadcrumb\",\"itemListElement\":[{\"@type\":\"ListItem\",\"position\":1,\"name\":\"Anasayfa\",\"item\":\"https:\\\/\\\/kuzeyinsesi.org\\\/\"},{\"@type\":\"ListItem\",\"position\":2,\"name\":\"\u201c\u00dcniversiteler Aras\u0131 Ali Nesim K\u0131sa \u00d6yk\u00fc Yar\u0131\u015fmas\u0131\u201d d\u00fczenleniyor. Son ba\u015fvuru tarihi 14 Ocak\"}]},{\"@type\":\"WebSite\",\"@id\":\"https:\\\/\\\/kuzeyinsesi.org\\\/#website\",\"url\":\"https:\\\/\\\/kuzeyinsesi.org\\\/\",\"name\":\"Kuzeyin Sesi\",\"description\":\"Do\u011fru Haberin Adresi\",\"potentialAction\":[{\"@type\":\"SearchAction\",\"target\":{\"@type\":\"EntryPoint\",\"urlTemplate\":\"https:\\\/\\\/kuzeyinsesi.org\\\/?s={search_term_string}\"},\"query-input\":{\"@type\":\"PropertyValueSpecification\",\"valueRequired\":true,\"valueName\":\"search_term_string\"}}],\"inLanguage\":\"tr\"},{\"@type\":\"Person\",\"@id\":\"https:\\\/\\\/kuzeyinsesi.org\\\/#\\\/schema\\\/person\\\/9f859689cdf01485597712386e37f5aa\",\"name\":\"Kuzeyin Sesi\",\"image\":{\"@type\":\"ImageObject\",\"inLanguage\":\"tr\",\"@id\":\"https:\\\/\\\/secure.gravatar.com\\\/avatar\\\/bab33852abfd8b282518d6ed81826833d77c3c882d9ab608add591ccace47a44?s=96&d=mm&r=g\",\"url\":\"https:\\\/\\\/secure.gravatar.com\\\/avatar\\\/bab33852abfd8b282518d6ed81826833d77c3c882d9ab608add591ccace47a44?s=96&d=mm&r=g\",\"contentUrl\":\"https:\\\/\\\/secure.gravatar.com\\\/avatar\\\/bab33852abfd8b282518d6ed81826833d77c3c882d9ab608add591ccace47a44?s=96&d=mm&r=g\",\"caption\":\"Kuzeyin Sesi\"},\"sameAs\":[\"https:\\\/\\\/kuzeyinsesi.org\"],\"url\":\"https:\\\/\\\/kuzeyinsesi.org\\\/index.php\\\/author\\\/guven\\\/\"}]}<\/script>\n<!-- \/ Yoast SEO plugin. -->","yoast_head_json":{"title":"\u201c\u00dcniversiteler Aras\u0131 Ali Nesim K\u0131sa \u00d6yk\u00fc Yar\u0131\u015fmas\u0131\u201d d\u00fczenleniyor. Son ba\u015fvuru tarihi 14 Ocak - Kuzeyin Sesi","robots":{"index":"index","follow":"follow","max-snippet":"max-snippet:-1","max-image-preview":"max-image-preview:large","max-video-preview":"max-video-preview:-1"},"canonical":"https:\/\/kuzeyinsesi.org\/index.php\/2024\/12\/05\/universiteler-arasi-ali-nesim-kisa-oyku-yarismasi-duzenleniyor-son-basvuru-tarihi-14-ocak\/","og_locale":"tr_TR","og_type":"article","og_title":"\u201c\u00dcniversiteler Aras\u0131 Ali Nesim K\u0131sa \u00d6yk\u00fc Yar\u0131\u015fmas\u0131\u201d d\u00fczenleniyor. Son ba\u015fvuru tarihi 14 Ocak - Kuzeyin Sesi","og_description":"Girne Belediyesi, Yak\u0131n Do\u011fu \u00dcniversitesi T\u00fcrk\u00e7e \u00d6\u011fretmenli\u011fi B\u00f6l\u00fcm\u00fc, K\u0131br\u0131s Ara\u015ft\u0131rmalar\u0131 Merkezi ile K\u0131br\u0131s T\u00fcrk Yazarlar Birli\u011fi i\u015f birli\u011finde \u00dcniversiteler Aras\u0131 Ali Nesim K\u0131sa \u00d6yk\u00fc Yar\u0131\u015fmas\u0131 d\u00fczenleniyor. Yap\u0131lan a\u00e7\u0131klamaya g\u00f6re, yar\u0131\u015fmayla gen\u00e7 yazarlar\u0131 ke\u015ffetmek, onlar\u0131n edebiyat d\u00fcnyas\u0131na ad\u0131m atmalar\u0131n\u0131 sa\u011flamak, ve K\u0131br\u0131s T\u00fcrk edebiyat\u0131n\u0131n \u00f6nde gelen isimlerinden Ali Nesim\u2019in edebi miras\u0131n\u0131 ya\u015fatmak hedefleniyor. En fazla \u00fc\u00e7 [&hellip;]","og_url":"https:\/\/kuzeyinsesi.org\/index.php\/2024\/12\/05\/universiteler-arasi-ali-nesim-kisa-oyku-yarismasi-duzenleniyor-son-basvuru-tarihi-14-ocak\/","og_site_name":"Kuzeyin Sesi","article_publisher":"https:\/\/www.facebook.com\/kuzeyinsesii","article_published_time":"2024-12-05T15:48:31+00:00","og_image":[{"url":"https:\/\/brtk.net\/wp-content\/uploads\/2024\/12\/05\/Oyku-yarismasi-haber.jpg?ver=66b4a9752c4774fcbf2b0cde056e0cd0","type":"","width":"","height":""}],"author":"Kuzeyin Sesi","twitter_card":"summary_large_image","twitter_creator":"@kuzeyinsesii","twitter_site":"@kuzeyinsesii","twitter_misc":{"Yazan:":"Kuzeyin Sesi","Tahmini okuma s\u00fcresi":"1 dakika"},"schema":{"@context":"https:\/\/schema.org","@graph":[{"@type":"Article","@id":"https:\/\/kuzeyinsesi.org\/index.php\/2024\/12\/05\/universiteler-arasi-ali-nesim-kisa-oyku-yarismasi-duzenleniyor-son-basvuru-tarihi-14-ocak\/#article","isPartOf":{"@id":"https:\/\/kuzeyinsesi.org\/index.php\/2024\/12\/05\/universiteler-arasi-ali-nesim-kisa-oyku-yarismasi-duzenleniyor-son-basvuru-tarihi-14-ocak\/"},"author":{"name":"Kuzeyin Sesi","@id":"https:\/\/kuzeyinsesi.org\/#\/schema\/person\/9f859689cdf01485597712386e37f5aa"},"headline":"\u201c\u00dcniversiteler Aras\u0131 Ali Nesim K\u0131sa \u00d6yk\u00fc Yar\u0131\u015fmas\u0131\u201d d\u00fczenleniyor. Son ba\u015fvuru tarihi 14 Ocak","datePublished":"2024-12-05T15:48:31+00:00","mainEntityOfPage":{"@id":"https:\/\/kuzeyinsesi.org\/index.php\/2024\/12\/05\/universiteler-arasi-ali-nesim-kisa-oyku-yarismasi-duzenleniyor-son-basvuru-tarihi-14-ocak\/"},"wordCount":308,"commentCount":0,"image":{"@id":"https:\/\/kuzeyinsesi.org\/index.php\/2024\/12\/05\/universiteler-arasi-ali-nesim-kisa-oyku-yarismasi-duzenleniyor-son-basvuru-tarihi-14-ocak\/#primaryimage"},"thumbnailUrl":"https:\/\/kuzeyinsesi.org\/wp-content\/uploads\/2024\/12\/Oyku-yarismasi-haber.jpg","articleSection":["Ya\u015fam"],"inLanguage":"tr","potentialAction":[{"@type":"CommentAction","name":"Comment","target":["https:\/\/kuzeyinsesi.org\/index.php\/2024\/12\/05\/universiteler-arasi-ali-nesim-kisa-oyku-yarismasi-duzenleniyor-son-basvuru-tarihi-14-ocak\/#respond"]}]},{"@type":"WebPage","@id":"https:\/\/kuzeyinsesi.org\/index.php\/2024\/12\/05\/universiteler-arasi-ali-nesim-kisa-oyku-yarismasi-duzenleniyor-son-basvuru-tarihi-14-ocak\/","url":"https:\/\/kuzeyinsesi.org\/index.php\/2024\/12\/05\/universiteler-arasi-ali-nesim-kisa-oyku-yarismasi-duzenleniyor-son-basvuru-tarihi-14-ocak\/","name":"\u201c\u00dcniversiteler Aras\u0131 Ali Nesim K\u0131sa \u00d6yk\u00fc Yar\u0131\u015fmas\u0131\u201d d\u00fczenleniyor. Son ba\u015fvuru tarihi 14 Ocak - Kuzeyin Sesi","isPartOf":{"@id":"https:\/\/kuzeyinsesi.org\/#website"},"primaryImageOfPage":{"@id":"https:\/\/kuzeyinsesi.org\/index.php\/2024\/12\/05\/universiteler-arasi-ali-nesim-kisa-oyku-yarismasi-duzenleniyor-son-basvuru-tarihi-14-ocak\/#primaryimage"},"image":{"@id":"https:\/\/kuzeyinsesi.org\/index.php\/2024\/12\/05\/universiteler-arasi-ali-nesim-kisa-oyku-yarismasi-duzenleniyor-son-basvuru-tarihi-14-ocak\/#primaryimage"},"thumbnailUrl":"https:\/\/kuzeyinsesi.org\/wp-content\/uploads\/2024\/12\/Oyku-yarismasi-haber.jpg","datePublished":"2024-12-05T15:48:31+00:00","author":{"@id":"https:\/\/kuzeyinsesi.org\/#\/schema\/person\/9f859689cdf01485597712386e37f5aa"},"breadcrumb":{"@id":"https:\/\/kuzeyinsesi.org\/index.php\/2024\/12\/05\/universiteler-arasi-ali-nesim-kisa-oyku-yarismasi-duzenleniyor-son-basvuru-tarihi-14-ocak\/#breadcrumb"},"inLanguage":"tr","potentialAction":[{"@type":"ReadAction","target":["https:\/\/kuzeyinsesi.org\/index.php\/2024\/12\/05\/universiteler-arasi-ali-nesim-kisa-oyku-yarismasi-duzenleniyor-son-basvuru-tarihi-14-ocak\/"]}]},{"@type":"ImageObject","inLanguage":"tr","@id":"https:\/\/kuzeyinsesi.org\/index.php\/2024\/12\/05\/universiteler-arasi-ali-nesim-kisa-oyku-yarismasi-duzenleniyor-son-basvuru-tarihi-14-ocak\/#primaryimage","url":"https:\/\/kuzeyinsesi.org\/wp-content\/uploads\/2024\/12\/Oyku-yarismasi-haber.jpg","contentUrl":"https:\/\/kuzeyinsesi.org\/wp-content\/uploads\/2024\/12\/Oyku-yarismasi-haber.jpg","width":930,"height":410},{"@type":"BreadcrumbList","@id":"https:\/\/kuzeyinsesi.org\/index.php\/2024\/12\/05\/universiteler-arasi-ali-nesim-kisa-oyku-yarismasi-duzenleniyor-son-basvuru-tarihi-14-ocak\/#breadcrumb","itemListElement":[{"@type":"ListItem","position":1,"name":"Anasayfa","item":"https:\/\/kuzeyinsesi.org\/"},{"@type":"ListItem","position":2,"name":"\u201c\u00dcniversiteler Aras\u0131 Ali Nesim K\u0131sa \u00d6yk\u00fc Yar\u0131\u015fmas\u0131\u201d d\u00fczenleniyor. Son ba\u015fvuru tarihi 14 Ocak"}]},{"@type":"WebSite","@id":"https:\/\/kuzeyinsesi.org\/#website","url":"https:\/\/kuzeyinsesi.org\/","name":"Kuzeyin Sesi","description":"Do\u011fru Haberin Adresi","potentialAction":[{"@type":"SearchAction","target":{"@type":"EntryPoint","urlTemplate":"https:\/\/kuzeyinsesi.org\/?s={search_term_string}"},"query-input":{"@type":"PropertyValueSpecification","valueRequired":true,"valueName":"search_term_string"}}],"inLanguage":"tr"},{"@type":"Person","@id":"https:\/\/kuzeyinsesi.org\/#\/schema\/person\/9f859689cdf01485597712386e37f5aa","name":"Kuzeyin Sesi","image":{"@type":"ImageObject","inLanguage":"tr","@id":"https:\/\/secure.gravatar.com\/avatar\/bab33852abfd8b282518d6ed81826833d77c3c882d9ab608add591ccace47a44?s=96&d=mm&r=g","url":"https:\/\/secure.gravatar.com\/avatar\/bab33852abfd8b282518d6ed81826833d77c3c882d9ab608add591ccace47a44?s=96&d=mm&r=g","contentUrl":"https:\/\/secure.gravatar.com\/avatar\/bab33852abfd8b282518d6ed81826833d77c3c882d9ab608add591ccace47a44?s=96&d=mm&r=g","caption":"Kuzeyin Sesi"},"sameAs":["https:\/\/kuzeyinsesi.org"],"url":"https:\/\/kuzeyinsesi.org\/index.php\/author\/guven\/"}]}},"_links":{"self":[{"href":"https:\/\/kuzeyinsesi.org\/index.php\/wp-json\/wp\/v2\/posts\/15002","targetHints":{"allow":["GET"]}}],"collection":[{"href":"https:\/\/kuzeyinsesi.org\/index.php\/wp-json\/wp\/v2\/posts"}],"about":[{"href":"https:\/\/kuzeyinsesi.org\/index.php\/wp-json\/wp\/v2\/types\/post"}],"author":[{"embeddable":true,"href":"https:\/\/kuzeyinsesi.org\/index.php\/wp-json\/wp\/v2\/users\/1"}],"replies":[{"embeddable":true,"href":"https:\/\/kuzeyinsesi.org\/index.php\/wp-json\/wp\/v2\/comments?post=15002"}],"version-history":[{"count":0,"href":"https:\/\/kuzeyinsesi.org\/index.php\/wp-json\/wp\/v2\/posts\/15002\/revisions"}],"wp:featuredmedia":[{"embeddable":true,"href":"https:\/\/kuzeyinsesi.org\/index.php\/wp-json\/wp\/v2\/media\/15003"}],"wp:attachment":[{"href":"https:\/\/kuzeyinsesi.org\/index.php\/wp-json\/wp\/v2\/media?parent=15002"}],"wp:term":[{"taxonomy":"category","embeddable":true,"href":"https:\/\/kuzeyinsesi.org\/index.php\/wp-json\/wp\/v2\/categories?post=15002"},{"taxonomy":"post_tag","embeddable":true,"href":"https:\/\/kuzeyinsesi.org\/index.php\/wp-json\/wp\/v2\/tags?post=15002"}],"curies":[{"name":"wp","href":"https:\/\/api.w.org\/{rel}","templated":true}]}}