{"id":14994,"date":"2024-12-05T16:44:41","date_gmt":"2024-12-05T14:44:41","guid":{"rendered":"https:\/\/kuzeyinsesi.org\/index.php\/2024\/12\/05\/cumhurbaskani-tatar-esi-sibel-tatar-ile-kibris-kultur-solenine-katildi\/"},"modified":"2024-12-05T16:44:41","modified_gmt":"2024-12-05T14:44:41","slug":"cumhurbaskani-tatar-esi-sibel-tatar-ile-kibris-kultur-solenine-katildi","status":"publish","type":"post","link":"https:\/\/kuzeyinsesi.org\/index.php\/2024\/12\/05\/cumhurbaskani-tatar-esi-sibel-tatar-ile-kibris-kultur-solenine-katildi\/","title":{"rendered":"Cumhurba\u015fkan\u0131 Tatar, e\u015fi Sibel Tatar ile K\u0131br\u0131s K\u00fclt\u00fcr \u015e\u00f6leni\u2019ne kat\u0131ld\u0131"},"content":{"rendered":"<div>\n<div class=\"mariselle-image-container none\">\n                                            <\/div>\n<p>Cumhurba\u015fkan\u0131 Ersin Tatar, e\u015fi Sibel Tatar ile Haspolat \u0130lkokulu\u2019nda d\u00fczenlenen K\u0131br\u0131s K\u00fclt\u00fcr \u015e\u00f6leni\u2019ne kat\u0131ld\u0131. Cumhurba\u015fkan\u0131 Tatar ile Sibel Tatar, \u015f\u00f6lende, etkinlikleri izledi, stantlar\u0131 gezdi.<\/p>\n<p>Cumhurba\u015fkanl\u0131\u011f\u0131ndan yap\u0131lan a\u00e7\u0131klamaya g\u00f6re, Cumhurba\u015fkan\u0131 Tatar burada yapt\u0131\u011f\u0131 konu\u015fmada, her y\u0131l d\u00fczenlenen etkinlikte bulunmaktan duydu\u011fu memnuniyeti ifade etti.<\/p>\n<p>Cumhurba\u015fkan\u0131 Tatar, \u00fclkedeki k\u00fclt\u00fcrel varl\u0131\u011f\u0131n ve gelecek nesillere aktar\u0131lmas\u0131n\u0131n \u00f6nemine dikkat \u00e7ekti, etkinli\u011fi d\u00fczenleyenleri tebrik etti.<\/p>\n<p>\u00d6\u011frencilerin yeti\u015fmesinde \u00f6\u011fretmenlerin ve ailelerin b\u00fcy\u00fck hizmetlerinin bulundu\u011funu aktaran Cumhurba\u015fkan\u0131 Tatar, \u201cEn \u00f6nemli varl\u0131klar\u0131m\u0131z \u00e7ocuklar\u0131m\u0131zd\u0131r. \u0130yi ko\u015fullarda yeti\u015fmeleri i\u00e7in elden gelen yap\u0131l\u0131yor. T\u00fcrkiye Cumhuriyeti\u2019nin de deste\u011fiyle \u00f6\u011frencilere en iyi e\u011fitimi vermek ve gen\u00e7leri gelece\u011fe haz\u0131rlamak sorumlu\u011fumuzdur. Devletin ve halk\u0131n beklentisi, \u00e7ocuklar\u0131n kendi k\u00fclt\u00fcrleriyle en iyi \u015fekilde gelece\u011fe haz\u0131rlanmas\u0131d\u0131r. Gelecek gen\u00e7lerindir\u201d diye konu\u015ftu.<\/p>\n<p>G\u00fcvenlik Kuvvetleri Komutanl\u0131\u011f\u0131 ve K\u0131br\u0131s T\u00fcrk Bar\u0131\u015f Kuvvetlerinin varl\u0131\u011f\u0131yla Kuzey K\u0131br\u0131s T\u00fcrk Cumhuriyeti\u2019nde bar\u0131\u015f, g\u00fcven ve huzur i\u00e7inde ya\u015fand\u0131\u011f\u0131na i\u015faret eden Cumhurba\u015fkan\u0131 Tatar, \u00e7ocuklar\u0131n kendi k\u00fclt\u00fcr ve gelenekleriyle yeti\u015fmelerinin K\u0131br\u0131s T\u00fcrk\u00fc\u2019n\u00fcn hakl\u0131 m\u00fccadelesinin alt\u0131n\u0131n\u0131n doldurarak ta\u00e7land\u0131r\u0131lmas\u0131na kakt\u0131 sa\u011flad\u0131\u011f\u0131n\u0131 vurgulad\u0131.<\/p>\n<\/p><\/div>\n<p><script async\n                    defer\n                    crossorigin=\"anonymous\"\n                    src=\"https:\/\/connect.facebook.net\/tr_TR\/sdk.js#xfbml=1&#038;version=v3.3\"\n            ><\/script><\/p>\n","protected":false},"excerpt":{"rendered":"<p>Cumhurba\u015fkan\u0131 Ersin Tatar, e\u015fi Sibel Tatar ile Haspolat \u0130lkokulu\u2019nda d\u00fczenlenen K\u0131br\u0131s K\u00fclt\u00fcr \u015e\u00f6leni\u2019ne kat\u0131ld\u0131. Cumhurba\u015fkan\u0131 Tatar ile Sibel Tatar, \u015f\u00f6lende, etkinlikleri izledi, stantlar\u0131 gezdi. Cumhurba\u015fkanl\u0131\u011f\u0131ndan yap\u0131lan a\u00e7\u0131klamaya g\u00f6re, Cumhurba\u015fkan\u0131 Tatar burada yapt\u0131\u011f\u0131 konu\u015fmada, her y\u0131l d\u00fczenlenen etkinlikte bulunmaktan duydu\u011fu memnuniyeti ifade etti. Cumhurba\u015fkan\u0131 Tatar, \u00fclkedeki k\u00fclt\u00fcrel varl\u0131\u011f\u0131n ve gelecek nesillere aktar\u0131lmas\u0131n\u0131n \u00f6nemine dikkat \u00e7ekti, etkinli\u011fi [&hellip;]<\/p>\n","protected":false},"author":1,"featured_media":14995,"comment_status":"open","ping_status":"open","sticky":false,"template":"","format":"standard","meta":{"jnews-multi-image_gallery":[],"jnews_single_post":[],"jnews_primary_category":[],"jnews_social_meta":[],"jnews_override_counter":[],"footnotes":""},"categories":[6],"tags":[],"class_list":["post-14994","post","type-post","status-publish","format-standard","has-post-thumbnail","hentry","category-yasam"],"yoast_head":"<!-- This site is optimized with the Yoast SEO plugin v27.4 - https:\/\/yoast.com\/product\/yoast-seo-wordpress\/ -->\n<title>Cumhurba\u015fkan\u0131 Tatar, e\u015fi Sibel Tatar ile K\u0131br\u0131s K\u00fclt\u00fcr \u015e\u00f6leni\u2019ne kat\u0131ld\u0131 - Kuzeyin Sesi<\/title>\n<meta name=\"robots\" content=\"index, follow, max-snippet:-1, max-image-preview:large, max-video-preview:-1\" \/>\n<link rel=\"canonical\" href=\"https:\/\/kuzeyinsesi.org\/index.php\/2024\/12\/05\/cumhurbaskani-tatar-esi-sibel-tatar-ile-kibris-kultur-solenine-katildi\/\" \/>\n<meta property=\"og:locale\" content=\"tr_TR\" \/>\n<meta property=\"og:type\" content=\"article\" \/>\n<meta property=\"og:title\" content=\"Cumhurba\u015fkan\u0131 Tatar, e\u015fi Sibel Tatar ile K\u0131br\u0131s K\u00fclt\u00fcr \u015e\u00f6leni\u2019ne kat\u0131ld\u0131 - Kuzeyin Sesi\" \/>\n<meta property=\"og:description\" content=\"Cumhurba\u015fkan\u0131 Ersin Tatar, e\u015fi Sibel Tatar ile Haspolat \u0130lkokulu\u2019nda d\u00fczenlenen K\u0131br\u0131s K\u00fclt\u00fcr \u015e\u00f6leni\u2019ne kat\u0131ld\u0131. Cumhurba\u015fkan\u0131 Tatar ile Sibel Tatar, \u015f\u00f6lende, etkinlikleri izledi, stantlar\u0131 gezdi. Cumhurba\u015fkanl\u0131\u011f\u0131ndan yap\u0131lan a\u00e7\u0131klamaya g\u00f6re, Cumhurba\u015fkan\u0131 Tatar burada yapt\u0131\u011f\u0131 konu\u015fmada, her y\u0131l d\u00fczenlenen etkinlikte bulunmaktan duydu\u011fu memnuniyeti ifade etti. Cumhurba\u015fkan\u0131 Tatar, \u00fclkedeki k\u00fclt\u00fcrel varl\u0131\u011f\u0131n ve gelecek nesillere aktar\u0131lmas\u0131n\u0131n \u00f6nemine dikkat \u00e7ekti, etkinli\u011fi [&hellip;]\" \/>\n<meta property=\"og:url\" content=\"https:\/\/kuzeyinsesi.org\/index.php\/2024\/12\/05\/cumhurbaskani-tatar-esi-sibel-tatar-ile-kibris-kultur-solenine-katildi\/\" \/>\n<meta property=\"og:site_name\" content=\"Kuzeyin Sesi\" \/>\n<meta property=\"article:publisher\" content=\"https:\/\/www.facebook.com\/kuzeyinsesii\" \/>\n<meta property=\"article:published_time\" content=\"2024-12-05T14:44:41+00:00\" \/>\n<meta property=\"og:image\" content=\"https:\/\/brtk.net\/wp-content\/uploads\/2024\/12\/05\/Tatar-Kultur-Soleni-4.jpg?ver=e9c2edde45300fc263199b324ee51136\" \/>\n<meta name=\"author\" content=\"Kuzeyin Sesi\" \/>\n<meta name=\"twitter:card\" content=\"summary_large_image\" \/>\n<meta name=\"twitter:creator\" content=\"@kuzeyinsesii\" \/>\n<meta name=\"twitter:site\" content=\"@kuzeyinsesii\" \/>\n<meta name=\"twitter:label1\" content=\"Yazan:\" \/>\n\t<meta name=\"twitter:data1\" content=\"Kuzeyin Sesi\" \/>\n\t<meta name=\"twitter:label2\" content=\"Tahmini okuma s\u00fcresi\" \/>\n\t<meta name=\"twitter:data2\" content=\"1 dakika\" \/>\n<script type=\"application\/ld+json\" class=\"yoast-schema-graph\">{\"@context\":\"https:\\\/\\\/schema.org\",\"@graph\":[{\"@type\":\"Article\",\"@id\":\"https:\\\/\\\/kuzeyinsesi.org\\\/index.php\\\/2024\\\/12\\\/05\\\/cumhurbaskani-tatar-esi-sibel-tatar-ile-kibris-kultur-solenine-katildi\\\/#article\",\"isPartOf\":{\"@id\":\"https:\\\/\\\/kuzeyinsesi.org\\\/index.php\\\/2024\\\/12\\\/05\\\/cumhurbaskani-tatar-esi-sibel-tatar-ile-kibris-kultur-solenine-katildi\\\/\"},\"author\":{\"name\":\"Kuzeyin Sesi\",\"@id\":\"https:\\\/\\\/kuzeyinsesi.org\\\/#\\\/schema\\\/person\\\/9f859689cdf01485597712386e37f5aa\"},\"headline\":\"Cumhurba\u015fkan\u0131 Tatar, e\u015fi Sibel Tatar ile K\u0131br\u0131s K\u00fclt\u00fcr \u015e\u00f6leni\u2019ne kat\u0131ld\u0131\",\"datePublished\":\"2024-12-05T14:44:41+00:00\",\"mainEntityOfPage\":{\"@id\":\"https:\\\/\\\/kuzeyinsesi.org\\\/index.php\\\/2024\\\/12\\\/05\\\/cumhurbaskani-tatar-esi-sibel-tatar-ile-kibris-kultur-solenine-katildi\\\/\"},\"wordCount\":265,\"commentCount\":0,\"image\":{\"@id\":\"https:\\\/\\\/kuzeyinsesi.org\\\/index.php\\\/2024\\\/12\\\/05\\\/cumhurbaskani-tatar-esi-sibel-tatar-ile-kibris-kultur-solenine-katildi\\\/#primaryimage\"},\"thumbnailUrl\":\"https:\\\/\\\/kuzeyinsesi.org\\\/wp-content\\\/uploads\\\/2024\\\/12\\\/Tatar-Kultur-Soleni-4.jpg\",\"articleSection\":[\"Ya\u015fam\"],\"inLanguage\":\"tr\",\"potentialAction\":[{\"@type\":\"CommentAction\",\"name\":\"Comment\",\"target\":[\"https:\\\/\\\/kuzeyinsesi.org\\\/index.php\\\/2024\\\/12\\\/05\\\/cumhurbaskani-tatar-esi-sibel-tatar-ile-kibris-kultur-solenine-katildi\\\/#respond\"]}]},{\"@type\":\"WebPage\",\"@id\":\"https:\\\/\\\/kuzeyinsesi.org\\\/index.php\\\/2024\\\/12\\\/05\\\/cumhurbaskani-tatar-esi-sibel-tatar-ile-kibris-kultur-solenine-katildi\\\/\",\"url\":\"https:\\\/\\\/kuzeyinsesi.org\\\/index.php\\\/2024\\\/12\\\/05\\\/cumhurbaskani-tatar-esi-sibel-tatar-ile-kibris-kultur-solenine-katildi\\\/\",\"name\":\"Cumhurba\u015fkan\u0131 Tatar, e\u015fi Sibel Tatar ile K\u0131br\u0131s K\u00fclt\u00fcr \u015e\u00f6leni\u2019ne kat\u0131ld\u0131 - Kuzeyin Sesi\",\"isPartOf\":{\"@id\":\"https:\\\/\\\/kuzeyinsesi.org\\\/#website\"},\"primaryImageOfPage\":{\"@id\":\"https:\\\/\\\/kuzeyinsesi.org\\\/index.php\\\/2024\\\/12\\\/05\\\/cumhurbaskani-tatar-esi-sibel-tatar-ile-kibris-kultur-solenine-katildi\\\/#primaryimage\"},\"image\":{\"@id\":\"https:\\\/\\\/kuzeyinsesi.org\\\/index.php\\\/2024\\\/12\\\/05\\\/cumhurbaskani-tatar-esi-sibel-tatar-ile-kibris-kultur-solenine-katildi\\\/#primaryimage\"},\"thumbnailUrl\":\"https:\\\/\\\/kuzeyinsesi.org\\\/wp-content\\\/uploads\\\/2024\\\/12\\\/Tatar-Kultur-Soleni-4.jpg\",\"datePublished\":\"2024-12-05T14:44:41+00:00\",\"author\":{\"@id\":\"https:\\\/\\\/kuzeyinsesi.org\\\/#\\\/schema\\\/person\\\/9f859689cdf01485597712386e37f5aa\"},\"breadcrumb\":{\"@id\":\"https:\\\/\\\/kuzeyinsesi.org\\\/index.php\\\/2024\\\/12\\\/05\\\/cumhurbaskani-tatar-esi-sibel-tatar-ile-kibris-kultur-solenine-katildi\\\/#breadcrumb\"},\"inLanguage\":\"tr\",\"potentialAction\":[{\"@type\":\"ReadAction\",\"target\":[\"https:\\\/\\\/kuzeyinsesi.org\\\/index.php\\\/2024\\\/12\\\/05\\\/cumhurbaskani-tatar-esi-sibel-tatar-ile-kibris-kultur-solenine-katildi\\\/\"]}]},{\"@type\":\"ImageObject\",\"inLanguage\":\"tr\",\"@id\":\"https:\\\/\\\/kuzeyinsesi.org\\\/index.php\\\/2024\\\/12\\\/05\\\/cumhurbaskani-tatar-esi-sibel-tatar-ile-kibris-kultur-solenine-katildi\\\/#primaryimage\",\"url\":\"https:\\\/\\\/kuzeyinsesi.org\\\/wp-content\\\/uploads\\\/2024\\\/12\\\/Tatar-Kultur-Soleni-4.jpg\",\"contentUrl\":\"https:\\\/\\\/kuzeyinsesi.org\\\/wp-content\\\/uploads\\\/2024\\\/12\\\/Tatar-Kultur-Soleni-4.jpg\",\"width\":1600,\"height\":1066},{\"@type\":\"BreadcrumbList\",\"@id\":\"https:\\\/\\\/kuzeyinsesi.org\\\/index.php\\\/2024\\\/12\\\/05\\\/cumhurbaskani-tatar-esi-sibel-tatar-ile-kibris-kultur-solenine-katildi\\\/#breadcrumb\",\"itemListElement\":[{\"@type\":\"ListItem\",\"position\":1,\"name\":\"Anasayfa\",\"item\":\"https:\\\/\\\/kuzeyinsesi.org\\\/\"},{\"@type\":\"ListItem\",\"position\":2,\"name\":\"Cumhurba\u015fkan\u0131 Tatar, e\u015fi Sibel Tatar ile K\u0131br\u0131s K\u00fclt\u00fcr \u015e\u00f6leni\u2019ne kat\u0131ld\u0131\"}]},{\"@type\":\"WebSite\",\"@id\":\"https:\\\/\\\/kuzeyinsesi.org\\\/#website\",\"url\":\"https:\\\/\\\/kuzeyinsesi.org\\\/\",\"name\":\"Kuzeyin Sesi\",\"description\":\"Do\u011fru Haberin Adresi\",\"potentialAction\":[{\"@type\":\"SearchAction\",\"target\":{\"@type\":\"EntryPoint\",\"urlTemplate\":\"https:\\\/\\\/kuzeyinsesi.org\\\/?s={search_term_string}\"},\"query-input\":{\"@type\":\"PropertyValueSpecification\",\"valueRequired\":true,\"valueName\":\"search_term_string\"}}],\"inLanguage\":\"tr\"},{\"@type\":\"Person\",\"@id\":\"https:\\\/\\\/kuzeyinsesi.org\\\/#\\\/schema\\\/person\\\/9f859689cdf01485597712386e37f5aa\",\"name\":\"Kuzeyin Sesi\",\"image\":{\"@type\":\"ImageObject\",\"inLanguage\":\"tr\",\"@id\":\"https:\\\/\\\/secure.gravatar.com\\\/avatar\\\/bab33852abfd8b282518d6ed81826833d77c3c882d9ab608add591ccace47a44?s=96&d=mm&r=g\",\"url\":\"https:\\\/\\\/secure.gravatar.com\\\/avatar\\\/bab33852abfd8b282518d6ed81826833d77c3c882d9ab608add591ccace47a44?s=96&d=mm&r=g\",\"contentUrl\":\"https:\\\/\\\/secure.gravatar.com\\\/avatar\\\/bab33852abfd8b282518d6ed81826833d77c3c882d9ab608add591ccace47a44?s=96&d=mm&r=g\",\"caption\":\"Kuzeyin Sesi\"},\"sameAs\":[\"https:\\\/\\\/kuzeyinsesi.org\"],\"url\":\"https:\\\/\\\/kuzeyinsesi.org\\\/index.php\\\/author\\\/guven\\\/\"}]}<\/script>\n<!-- \/ Yoast SEO plugin. -->","yoast_head_json":{"title":"Cumhurba\u015fkan\u0131 Tatar, e\u015fi Sibel Tatar ile K\u0131br\u0131s K\u00fclt\u00fcr \u015e\u00f6leni\u2019ne kat\u0131ld\u0131 - Kuzeyin Sesi","robots":{"index":"index","follow":"follow","max-snippet":"max-snippet:-1","max-image-preview":"max-image-preview:large","max-video-preview":"max-video-preview:-1"},"canonical":"https:\/\/kuzeyinsesi.org\/index.php\/2024\/12\/05\/cumhurbaskani-tatar-esi-sibel-tatar-ile-kibris-kultur-solenine-katildi\/","og_locale":"tr_TR","og_type":"article","og_title":"Cumhurba\u015fkan\u0131 Tatar, e\u015fi Sibel Tatar ile K\u0131br\u0131s K\u00fclt\u00fcr \u015e\u00f6leni\u2019ne kat\u0131ld\u0131 - Kuzeyin Sesi","og_description":"Cumhurba\u015fkan\u0131 Ersin Tatar, e\u015fi Sibel Tatar ile Haspolat \u0130lkokulu\u2019nda d\u00fczenlenen K\u0131br\u0131s K\u00fclt\u00fcr \u015e\u00f6leni\u2019ne kat\u0131ld\u0131. Cumhurba\u015fkan\u0131 Tatar ile Sibel Tatar, \u015f\u00f6lende, etkinlikleri izledi, stantlar\u0131 gezdi. Cumhurba\u015fkanl\u0131\u011f\u0131ndan yap\u0131lan a\u00e7\u0131klamaya g\u00f6re, Cumhurba\u015fkan\u0131 Tatar burada yapt\u0131\u011f\u0131 konu\u015fmada, her y\u0131l d\u00fczenlenen etkinlikte bulunmaktan duydu\u011fu memnuniyeti ifade etti. Cumhurba\u015fkan\u0131 Tatar, \u00fclkedeki k\u00fclt\u00fcrel varl\u0131\u011f\u0131n ve gelecek nesillere aktar\u0131lmas\u0131n\u0131n \u00f6nemine dikkat \u00e7ekti, etkinli\u011fi [&hellip;]","og_url":"https:\/\/kuzeyinsesi.org\/index.php\/2024\/12\/05\/cumhurbaskani-tatar-esi-sibel-tatar-ile-kibris-kultur-solenine-katildi\/","og_site_name":"Kuzeyin Sesi","article_publisher":"https:\/\/www.facebook.com\/kuzeyinsesii","article_published_time":"2024-12-05T14:44:41+00:00","og_image":[{"url":"https:\/\/brtk.net\/wp-content\/uploads\/2024\/12\/05\/Tatar-Kultur-Soleni-4.jpg?ver=e9c2edde45300fc263199b324ee51136","type":"","width":"","height":""}],"author":"Kuzeyin Sesi","twitter_card":"summary_large_image","twitter_creator":"@kuzeyinsesii","twitter_site":"@kuzeyinsesii","twitter_misc":{"Yazan:":"Kuzeyin Sesi","Tahmini okuma s\u00fcresi":"1 dakika"},"schema":{"@context":"https:\/\/schema.org","@graph":[{"@type":"Article","@id":"https:\/\/kuzeyinsesi.org\/index.php\/2024\/12\/05\/cumhurbaskani-tatar-esi-sibel-tatar-ile-kibris-kultur-solenine-katildi\/#article","isPartOf":{"@id":"https:\/\/kuzeyinsesi.org\/index.php\/2024\/12\/05\/cumhurbaskani-tatar-esi-sibel-tatar-ile-kibris-kultur-solenine-katildi\/"},"author":{"name":"Kuzeyin Sesi","@id":"https:\/\/kuzeyinsesi.org\/#\/schema\/person\/9f859689cdf01485597712386e37f5aa"},"headline":"Cumhurba\u015fkan\u0131 Tatar, e\u015fi Sibel Tatar ile K\u0131br\u0131s K\u00fclt\u00fcr \u015e\u00f6leni\u2019ne kat\u0131ld\u0131","datePublished":"2024-12-05T14:44:41+00:00","mainEntityOfPage":{"@id":"https:\/\/kuzeyinsesi.org\/index.php\/2024\/12\/05\/cumhurbaskani-tatar-esi-sibel-tatar-ile-kibris-kultur-solenine-katildi\/"},"wordCount":265,"commentCount":0,"image":{"@id":"https:\/\/kuzeyinsesi.org\/index.php\/2024\/12\/05\/cumhurbaskani-tatar-esi-sibel-tatar-ile-kibris-kultur-solenine-katildi\/#primaryimage"},"thumbnailUrl":"https:\/\/kuzeyinsesi.org\/wp-content\/uploads\/2024\/12\/Tatar-Kultur-Soleni-4.jpg","articleSection":["Ya\u015fam"],"inLanguage":"tr","potentialAction":[{"@type":"CommentAction","name":"Comment","target":["https:\/\/kuzeyinsesi.org\/index.php\/2024\/12\/05\/cumhurbaskani-tatar-esi-sibel-tatar-ile-kibris-kultur-solenine-katildi\/#respond"]}]},{"@type":"WebPage","@id":"https:\/\/kuzeyinsesi.org\/index.php\/2024\/12\/05\/cumhurbaskani-tatar-esi-sibel-tatar-ile-kibris-kultur-solenine-katildi\/","url":"https:\/\/kuzeyinsesi.org\/index.php\/2024\/12\/05\/cumhurbaskani-tatar-esi-sibel-tatar-ile-kibris-kultur-solenine-katildi\/","name":"Cumhurba\u015fkan\u0131 Tatar, e\u015fi Sibel Tatar ile K\u0131br\u0131s K\u00fclt\u00fcr \u015e\u00f6leni\u2019ne kat\u0131ld\u0131 - Kuzeyin Sesi","isPartOf":{"@id":"https:\/\/kuzeyinsesi.org\/#website"},"primaryImageOfPage":{"@id":"https:\/\/kuzeyinsesi.org\/index.php\/2024\/12\/05\/cumhurbaskani-tatar-esi-sibel-tatar-ile-kibris-kultur-solenine-katildi\/#primaryimage"},"image":{"@id":"https:\/\/kuzeyinsesi.org\/index.php\/2024\/12\/05\/cumhurbaskani-tatar-esi-sibel-tatar-ile-kibris-kultur-solenine-katildi\/#primaryimage"},"thumbnailUrl":"https:\/\/kuzeyinsesi.org\/wp-content\/uploads\/2024\/12\/Tatar-Kultur-Soleni-4.jpg","datePublished":"2024-12-05T14:44:41+00:00","author":{"@id":"https:\/\/kuzeyinsesi.org\/#\/schema\/person\/9f859689cdf01485597712386e37f5aa"},"breadcrumb":{"@id":"https:\/\/kuzeyinsesi.org\/index.php\/2024\/12\/05\/cumhurbaskani-tatar-esi-sibel-tatar-ile-kibris-kultur-solenine-katildi\/#breadcrumb"},"inLanguage":"tr","potentialAction":[{"@type":"ReadAction","target":["https:\/\/kuzeyinsesi.org\/index.php\/2024\/12\/05\/cumhurbaskani-tatar-esi-sibel-tatar-ile-kibris-kultur-solenine-katildi\/"]}]},{"@type":"ImageObject","inLanguage":"tr","@id":"https:\/\/kuzeyinsesi.org\/index.php\/2024\/12\/05\/cumhurbaskani-tatar-esi-sibel-tatar-ile-kibris-kultur-solenine-katildi\/#primaryimage","url":"https:\/\/kuzeyinsesi.org\/wp-content\/uploads\/2024\/12\/Tatar-Kultur-Soleni-4.jpg","contentUrl":"https:\/\/kuzeyinsesi.org\/wp-content\/uploads\/2024\/12\/Tatar-Kultur-Soleni-4.jpg","width":1600,"height":1066},{"@type":"BreadcrumbList","@id":"https:\/\/kuzeyinsesi.org\/index.php\/2024\/12\/05\/cumhurbaskani-tatar-esi-sibel-tatar-ile-kibris-kultur-solenine-katildi\/#breadcrumb","itemListElement":[{"@type":"ListItem","position":1,"name":"Anasayfa","item":"https:\/\/kuzeyinsesi.org\/"},{"@type":"ListItem","position":2,"name":"Cumhurba\u015fkan\u0131 Tatar, e\u015fi Sibel Tatar ile K\u0131br\u0131s K\u00fclt\u00fcr \u015e\u00f6leni\u2019ne kat\u0131ld\u0131"}]},{"@type":"WebSite","@id":"https:\/\/kuzeyinsesi.org\/#website","url":"https:\/\/kuzeyinsesi.org\/","name":"Kuzeyin Sesi","description":"Do\u011fru Haberin Adresi","potentialAction":[{"@type":"SearchAction","target":{"@type":"EntryPoint","urlTemplate":"https:\/\/kuzeyinsesi.org\/?s={search_term_string}"},"query-input":{"@type":"PropertyValueSpecification","valueRequired":true,"valueName":"search_term_string"}}],"inLanguage":"tr"},{"@type":"Person","@id":"https:\/\/kuzeyinsesi.org\/#\/schema\/person\/9f859689cdf01485597712386e37f5aa","name":"Kuzeyin Sesi","image":{"@type":"ImageObject","inLanguage":"tr","@id":"https:\/\/secure.gravatar.com\/avatar\/bab33852abfd8b282518d6ed81826833d77c3c882d9ab608add591ccace47a44?s=96&d=mm&r=g","url":"https:\/\/secure.gravatar.com\/avatar\/bab33852abfd8b282518d6ed81826833d77c3c882d9ab608add591ccace47a44?s=96&d=mm&r=g","contentUrl":"https:\/\/secure.gravatar.com\/avatar\/bab33852abfd8b282518d6ed81826833d77c3c882d9ab608add591ccace47a44?s=96&d=mm&r=g","caption":"Kuzeyin Sesi"},"sameAs":["https:\/\/kuzeyinsesi.org"],"url":"https:\/\/kuzeyinsesi.org\/index.php\/author\/guven\/"}]}},"_links":{"self":[{"href":"https:\/\/kuzeyinsesi.org\/index.php\/wp-json\/wp\/v2\/posts\/14994","targetHints":{"allow":["GET"]}}],"collection":[{"href":"https:\/\/kuzeyinsesi.org\/index.php\/wp-json\/wp\/v2\/posts"}],"about":[{"href":"https:\/\/kuzeyinsesi.org\/index.php\/wp-json\/wp\/v2\/types\/post"}],"author":[{"embeddable":true,"href":"https:\/\/kuzeyinsesi.org\/index.php\/wp-json\/wp\/v2\/users\/1"}],"replies":[{"embeddable":true,"href":"https:\/\/kuzeyinsesi.org\/index.php\/wp-json\/wp\/v2\/comments?post=14994"}],"version-history":[{"count":0,"href":"https:\/\/kuzeyinsesi.org\/index.php\/wp-json\/wp\/v2\/posts\/14994\/revisions"}],"wp:featuredmedia":[{"embeddable":true,"href":"https:\/\/kuzeyinsesi.org\/index.php\/wp-json\/wp\/v2\/media\/14995"}],"wp:attachment":[{"href":"https:\/\/kuzeyinsesi.org\/index.php\/wp-json\/wp\/v2\/media?parent=14994"}],"wp:term":[{"taxonomy":"category","embeddable":true,"href":"https:\/\/kuzeyinsesi.org\/index.php\/wp-json\/wp\/v2\/categories?post=14994"},{"taxonomy":"post_tag","embeddable":true,"href":"https:\/\/kuzeyinsesi.org\/index.php\/wp-json\/wp\/v2\/tags?post=14994"}],"curies":[{"name":"wp","href":"https:\/\/api.w.org\/{rel}","templated":true}]}}