{"id":14916,"date":"2024-12-04T14:39:43","date_gmt":"2024-12-04T12:39:43","guid":{"rendered":"https:\/\/kuzeyinsesi.org\/index.php\/2024\/12\/04\/ctp-genclik-orgutu-heyeti-chp-genclik-kollari-17-olagan-kurultayina-katildi\/"},"modified":"2024-12-04T14:39:43","modified_gmt":"2024-12-04T12:39:43","slug":"ctp-genclik-orgutu-heyeti-chp-genclik-kollari-17-olagan-kurultayina-katildi","status":"publish","type":"post","link":"https:\/\/kuzeyinsesi.org\/index.php\/2024\/12\/04\/ctp-genclik-orgutu-heyeti-chp-genclik-kollari-17-olagan-kurultayina-katildi\/","title":{"rendered":"CTP Gen\u00e7lik \u00d6rg\u00fct\u00fc heyeti CHP Gen\u00e7lik Kollar\u0131 17. Ola\u011fan Kurultay\u0131na kat\u0131ld\u0131"},"content":{"rendered":"<div>\n<div class=\"mariselle-image-container center\">\n                                            <\/div>\n<p>Cumhuriyet\u00e7i T\u00fcrk Partisi (CTP) Gen\u00e7lik \u00d6rg\u00fct\u00fc Ba\u015fkan\u0131 \u0130smail Barbaros ve Gen\u00e7lik \u00d6rg\u00fct\u00fc Genel Sekreteri Deniz Kim, 17. Ola\u011fan Cumhuriyet Halk Partisi (CHP) Gen\u00e7lik Kollar\u0131 Kurultay\u0131na kat\u0131ld\u0131.<\/p>\n<p>CTP\u2019den yap\u0131lan a\u00e7\u0131klamaya g\u00f6re kurultayda, CTP Gen\u00e7lik \u00d6rg\u00fct\u00fc yetkilileri, CHP Gen\u00e7lik Kollar\u0131 Genel Ba\u015fkanl\u0131\u011f\u0131na se\u00e7ilen Cem Ayd\u0131n\u2019\u0131 tebrik ederek, yeni d\u00f6nemde ba\u015far\u0131lar diledi.<\/p>\n<p>CTP Gen\u00e7lik \u00d6rg\u00fct\u00fc yetkilileri, kurultay kapsam\u0131nda uluslararas\u0131 dayan\u0131\u015fmay\u0131 art\u0131rmak amac\u0131yla \u00e7e\u015fitli temaslarda da bulundu. Bu \u00e7er\u00e7evede Almanya Sosyal Demokrat Parti (SPD) gen\u00e7lik \u00f6rg\u00fct\u00fc JUSOS\u2019un temsilcisi ve Filistinli \u00d6\u011frenciler Birli\u011fi Ba\u015fkan\u0131 ile g\u00f6r\u00fc\u015f al\u0131\u015fveri\u015finde bulunuldu. G\u00f6r\u00fc\u015fmelerde, gen\u00e7lik politikalar\u0131 ve uluslararas\u0131 i\u015f birli\u011fi konular\u0131nda fikirler payla\u015f\u0131ld\u0131.<\/p>\n<p>CTP Gen\u00e7lik \u00d6rg\u00fct\u00fc, karde\u015f \u00f6rg\u00fctlerle ili\u015fkilerini g\u00fc\u00e7lendirmeye ve gen\u00e7lik hareketinin uluslararas\u0131 d\u00fczeyde dayan\u0131\u015fma i\u00e7inde b\u00fcy\u00fcmesine katk\u0131 sa\u011flamaya devam edece\u011fini kaydetti.<\/p>\n<\/p><\/div>\n<p><script async\n                    defer\n                    crossorigin=\"anonymous\"\n                    src=\"https:\/\/connect.facebook.net\/tr_TR\/sdk.js#xfbml=1&#038;version=v3.3\"\n            ><\/script><\/p>\n","protected":false},"excerpt":{"rendered":"<p>Cumhuriyet\u00e7i T\u00fcrk Partisi (CTP) Gen\u00e7lik \u00d6rg\u00fct\u00fc Ba\u015fkan\u0131 \u0130smail Barbaros ve Gen\u00e7lik \u00d6rg\u00fct\u00fc Genel Sekreteri Deniz Kim, 17. Ola\u011fan Cumhuriyet Halk Partisi (CHP) Gen\u00e7lik Kollar\u0131 Kurultay\u0131na kat\u0131ld\u0131. CTP\u2019den yap\u0131lan a\u00e7\u0131klamaya g\u00f6re kurultayda, CTP Gen\u00e7lik \u00d6rg\u00fct\u00fc yetkilileri, CHP Gen\u00e7lik Kollar\u0131 Genel Ba\u015fkanl\u0131\u011f\u0131na se\u00e7ilen Cem Ayd\u0131n\u2019\u0131 tebrik ederek, yeni d\u00f6nemde ba\u015far\u0131lar diledi. CTP Gen\u00e7lik \u00d6rg\u00fct\u00fc yetkilileri, kurultay kapsam\u0131nda [&hellip;]<\/p>\n","protected":false},"author":1,"featured_media":14917,"comment_status":"open","ping_status":"open","sticky":false,"template":"","format":"standard","meta":{"jnews-multi-image_gallery":[],"jnews_single_post":[],"jnews_primary_category":[],"jnews_social_meta":[],"jnews_override_counter":[],"footnotes":""},"categories":[5],"tags":[],"class_list":["post-14916","post","type-post","status-publish","format-standard","has-post-thumbnail","hentry","category-turkiye"],"yoast_head":"<!-- This site is optimized with the Yoast SEO plugin v27.4 - https:\/\/yoast.com\/product\/yoast-seo-wordpress\/ -->\n<title>CTP Gen\u00e7lik \u00d6rg\u00fct\u00fc heyeti CHP Gen\u00e7lik Kollar\u0131 17. Ola\u011fan Kurultay\u0131na kat\u0131ld\u0131 - Kuzeyin Sesi<\/title>\n<meta name=\"robots\" content=\"index, follow, max-snippet:-1, max-image-preview:large, max-video-preview:-1\" \/>\n<link rel=\"canonical\" href=\"https:\/\/kuzeyinsesi.org\/index.php\/2024\/12\/04\/ctp-genclik-orgutu-heyeti-chp-genclik-kollari-17-olagan-kurultayina-katildi\/\" \/>\n<meta property=\"og:locale\" content=\"tr_TR\" \/>\n<meta property=\"og:type\" content=\"article\" \/>\n<meta property=\"og:title\" content=\"CTP Gen\u00e7lik \u00d6rg\u00fct\u00fc heyeti CHP Gen\u00e7lik Kollar\u0131 17. Ola\u011fan Kurultay\u0131na kat\u0131ld\u0131 - Kuzeyin Sesi\" \/>\n<meta property=\"og:description\" content=\"Cumhuriyet\u00e7i T\u00fcrk Partisi (CTP) Gen\u00e7lik \u00d6rg\u00fct\u00fc Ba\u015fkan\u0131 \u0130smail Barbaros ve Gen\u00e7lik \u00d6rg\u00fct\u00fc Genel Sekreteri Deniz Kim, 17. Ola\u011fan Cumhuriyet Halk Partisi (CHP) Gen\u00e7lik Kollar\u0131 Kurultay\u0131na kat\u0131ld\u0131. CTP\u2019den yap\u0131lan a\u00e7\u0131klamaya g\u00f6re kurultayda, CTP Gen\u00e7lik \u00d6rg\u00fct\u00fc yetkilileri, CHP Gen\u00e7lik Kollar\u0131 Genel Ba\u015fkanl\u0131\u011f\u0131na se\u00e7ilen Cem Ayd\u0131n\u2019\u0131 tebrik ederek, yeni d\u00f6nemde ba\u015far\u0131lar diledi. CTP Gen\u00e7lik \u00d6rg\u00fct\u00fc yetkilileri, kurultay kapsam\u0131nda [&hellip;]\" \/>\n<meta property=\"og:url\" content=\"https:\/\/kuzeyinsesi.org\/index.php\/2024\/12\/04\/ctp-genclik-orgutu-heyeti-chp-genclik-kollari-17-olagan-kurultayina-katildi\/\" \/>\n<meta property=\"og:site_name\" content=\"Kuzeyin Sesi\" \/>\n<meta property=\"article:publisher\" content=\"https:\/\/www.facebook.com\/kuzeyinsesii\" \/>\n<meta property=\"article:published_time\" content=\"2024-12-04T12:39:43+00:00\" \/>\n<meta property=\"og:image\" content=\"https:\/\/brtk.net\/wp-content\/uploads\/2024\/12\/04\/ctp-chp-genclik-kurultay-1-.jpeg?ver=0b2add4ec6a1fa6ade74da2fa190d06e\" \/>\n<meta name=\"author\" content=\"Kuzeyin Sesi\" \/>\n<meta name=\"twitter:card\" content=\"summary_large_image\" \/>\n<meta name=\"twitter:creator\" content=\"@kuzeyinsesii\" \/>\n<meta name=\"twitter:site\" content=\"@kuzeyinsesii\" \/>\n<meta name=\"twitter:label1\" content=\"Yazan:\" \/>\n\t<meta name=\"twitter:data1\" content=\"Kuzeyin Sesi\" \/>\n\t<meta name=\"twitter:label2\" content=\"Tahmini okuma s\u00fcresi\" \/>\n\t<meta name=\"twitter:data2\" content=\"1 dakika\" \/>\n<script type=\"application\/ld+json\" class=\"yoast-schema-graph\">{\"@context\":\"https:\\\/\\\/schema.org\",\"@graph\":[{\"@type\":\"Article\",\"@id\":\"https:\\\/\\\/kuzeyinsesi.org\\\/index.php\\\/2024\\\/12\\\/04\\\/ctp-genclik-orgutu-heyeti-chp-genclik-kollari-17-olagan-kurultayina-katildi\\\/#article\",\"isPartOf\":{\"@id\":\"https:\\\/\\\/kuzeyinsesi.org\\\/index.php\\\/2024\\\/12\\\/04\\\/ctp-genclik-orgutu-heyeti-chp-genclik-kollari-17-olagan-kurultayina-katildi\\\/\"},\"author\":{\"name\":\"Kuzeyin Sesi\",\"@id\":\"https:\\\/\\\/kuzeyinsesi.org\\\/#\\\/schema\\\/person\\\/9f859689cdf01485597712386e37f5aa\"},\"headline\":\"CTP Gen\u00e7lik \u00d6rg\u00fct\u00fc heyeti CHP Gen\u00e7lik Kollar\u0131 17. Ola\u011fan Kurultay\u0131na kat\u0131ld\u0131\",\"datePublished\":\"2024-12-04T12:39:43+00:00\",\"mainEntityOfPage\":{\"@id\":\"https:\\\/\\\/kuzeyinsesi.org\\\/index.php\\\/2024\\\/12\\\/04\\\/ctp-genclik-orgutu-heyeti-chp-genclik-kollari-17-olagan-kurultayina-katildi\\\/\"},\"wordCount\":188,\"commentCount\":0,\"image\":{\"@id\":\"https:\\\/\\\/kuzeyinsesi.org\\\/index.php\\\/2024\\\/12\\\/04\\\/ctp-genclik-orgutu-heyeti-chp-genclik-kollari-17-olagan-kurultayina-katildi\\\/#primaryimage\"},\"thumbnailUrl\":\"https:\\\/\\\/kuzeyinsesi.org\\\/wp-content\\\/uploads\\\/2024\\\/12\\\/ctp-chp-genclik-kurultay-1-.jpeg\",\"articleSection\":[\"T\u00fcrkiye\"],\"inLanguage\":\"tr\",\"potentialAction\":[{\"@type\":\"CommentAction\",\"name\":\"Comment\",\"target\":[\"https:\\\/\\\/kuzeyinsesi.org\\\/index.php\\\/2024\\\/12\\\/04\\\/ctp-genclik-orgutu-heyeti-chp-genclik-kollari-17-olagan-kurultayina-katildi\\\/#respond\"]}]},{\"@type\":\"WebPage\",\"@id\":\"https:\\\/\\\/kuzeyinsesi.org\\\/index.php\\\/2024\\\/12\\\/04\\\/ctp-genclik-orgutu-heyeti-chp-genclik-kollari-17-olagan-kurultayina-katildi\\\/\",\"url\":\"https:\\\/\\\/kuzeyinsesi.org\\\/index.php\\\/2024\\\/12\\\/04\\\/ctp-genclik-orgutu-heyeti-chp-genclik-kollari-17-olagan-kurultayina-katildi\\\/\",\"name\":\"CTP Gen\u00e7lik \u00d6rg\u00fct\u00fc heyeti CHP Gen\u00e7lik Kollar\u0131 17. Ola\u011fan Kurultay\u0131na kat\u0131ld\u0131 - Kuzeyin Sesi\",\"isPartOf\":{\"@id\":\"https:\\\/\\\/kuzeyinsesi.org\\\/#website\"},\"primaryImageOfPage\":{\"@id\":\"https:\\\/\\\/kuzeyinsesi.org\\\/index.php\\\/2024\\\/12\\\/04\\\/ctp-genclik-orgutu-heyeti-chp-genclik-kollari-17-olagan-kurultayina-katildi\\\/#primaryimage\"},\"image\":{\"@id\":\"https:\\\/\\\/kuzeyinsesi.org\\\/index.php\\\/2024\\\/12\\\/04\\\/ctp-genclik-orgutu-heyeti-chp-genclik-kollari-17-olagan-kurultayina-katildi\\\/#primaryimage\"},\"thumbnailUrl\":\"https:\\\/\\\/kuzeyinsesi.org\\\/wp-content\\\/uploads\\\/2024\\\/12\\\/ctp-chp-genclik-kurultay-1-.jpeg\",\"datePublished\":\"2024-12-04T12:39:43+00:00\",\"author\":{\"@id\":\"https:\\\/\\\/kuzeyinsesi.org\\\/#\\\/schema\\\/person\\\/9f859689cdf01485597712386e37f5aa\"},\"breadcrumb\":{\"@id\":\"https:\\\/\\\/kuzeyinsesi.org\\\/index.php\\\/2024\\\/12\\\/04\\\/ctp-genclik-orgutu-heyeti-chp-genclik-kollari-17-olagan-kurultayina-katildi\\\/#breadcrumb\"},\"inLanguage\":\"tr\",\"potentialAction\":[{\"@type\":\"ReadAction\",\"target\":[\"https:\\\/\\\/kuzeyinsesi.org\\\/index.php\\\/2024\\\/12\\\/04\\\/ctp-genclik-orgutu-heyeti-chp-genclik-kollari-17-olagan-kurultayina-katildi\\\/\"]}]},{\"@type\":\"ImageObject\",\"inLanguage\":\"tr\",\"@id\":\"https:\\\/\\\/kuzeyinsesi.org\\\/index.php\\\/2024\\\/12\\\/04\\\/ctp-genclik-orgutu-heyeti-chp-genclik-kollari-17-olagan-kurultayina-katildi\\\/#primaryimage\",\"url\":\"https:\\\/\\\/kuzeyinsesi.org\\\/wp-content\\\/uploads\\\/2024\\\/12\\\/ctp-chp-genclik-kurultay-1-.jpeg\",\"contentUrl\":\"https:\\\/\\\/kuzeyinsesi.org\\\/wp-content\\\/uploads\\\/2024\\\/12\\\/ctp-chp-genclik-kurultay-1-.jpeg\",\"width\":646,\"height\":860},{\"@type\":\"BreadcrumbList\",\"@id\":\"https:\\\/\\\/kuzeyinsesi.org\\\/index.php\\\/2024\\\/12\\\/04\\\/ctp-genclik-orgutu-heyeti-chp-genclik-kollari-17-olagan-kurultayina-katildi\\\/#breadcrumb\",\"itemListElement\":[{\"@type\":\"ListItem\",\"position\":1,\"name\":\"Anasayfa\",\"item\":\"https:\\\/\\\/kuzeyinsesi.org\\\/\"},{\"@type\":\"ListItem\",\"position\":2,\"name\":\"CTP Gen\u00e7lik \u00d6rg\u00fct\u00fc heyeti CHP Gen\u00e7lik Kollar\u0131 17. Ola\u011fan Kurultay\u0131na kat\u0131ld\u0131\"}]},{\"@type\":\"WebSite\",\"@id\":\"https:\\\/\\\/kuzeyinsesi.org\\\/#website\",\"url\":\"https:\\\/\\\/kuzeyinsesi.org\\\/\",\"name\":\"Kuzeyin Sesi\",\"description\":\"Do\u011fru Haberin Adresi\",\"potentialAction\":[{\"@type\":\"SearchAction\",\"target\":{\"@type\":\"EntryPoint\",\"urlTemplate\":\"https:\\\/\\\/kuzeyinsesi.org\\\/?s={search_term_string}\"},\"query-input\":{\"@type\":\"PropertyValueSpecification\",\"valueRequired\":true,\"valueName\":\"search_term_string\"}}],\"inLanguage\":\"tr\"},{\"@type\":\"Person\",\"@id\":\"https:\\\/\\\/kuzeyinsesi.org\\\/#\\\/schema\\\/person\\\/9f859689cdf01485597712386e37f5aa\",\"name\":\"Kuzeyin Sesi\",\"image\":{\"@type\":\"ImageObject\",\"inLanguage\":\"tr\",\"@id\":\"https:\\\/\\\/secure.gravatar.com\\\/avatar\\\/bab33852abfd8b282518d6ed81826833d77c3c882d9ab608add591ccace47a44?s=96&d=mm&r=g\",\"url\":\"https:\\\/\\\/secure.gravatar.com\\\/avatar\\\/bab33852abfd8b282518d6ed81826833d77c3c882d9ab608add591ccace47a44?s=96&d=mm&r=g\",\"contentUrl\":\"https:\\\/\\\/secure.gravatar.com\\\/avatar\\\/bab33852abfd8b282518d6ed81826833d77c3c882d9ab608add591ccace47a44?s=96&d=mm&r=g\",\"caption\":\"Kuzeyin Sesi\"},\"sameAs\":[\"https:\\\/\\\/kuzeyinsesi.org\"],\"url\":\"https:\\\/\\\/kuzeyinsesi.org\\\/index.php\\\/author\\\/guven\\\/\"}]}<\/script>\n<!-- \/ Yoast SEO plugin. -->","yoast_head_json":{"title":"CTP Gen\u00e7lik \u00d6rg\u00fct\u00fc heyeti CHP Gen\u00e7lik Kollar\u0131 17. Ola\u011fan Kurultay\u0131na kat\u0131ld\u0131 - Kuzeyin Sesi","robots":{"index":"index","follow":"follow","max-snippet":"max-snippet:-1","max-image-preview":"max-image-preview:large","max-video-preview":"max-video-preview:-1"},"canonical":"https:\/\/kuzeyinsesi.org\/index.php\/2024\/12\/04\/ctp-genclik-orgutu-heyeti-chp-genclik-kollari-17-olagan-kurultayina-katildi\/","og_locale":"tr_TR","og_type":"article","og_title":"CTP Gen\u00e7lik \u00d6rg\u00fct\u00fc heyeti CHP Gen\u00e7lik Kollar\u0131 17. Ola\u011fan Kurultay\u0131na kat\u0131ld\u0131 - Kuzeyin Sesi","og_description":"Cumhuriyet\u00e7i T\u00fcrk Partisi (CTP) Gen\u00e7lik \u00d6rg\u00fct\u00fc Ba\u015fkan\u0131 \u0130smail Barbaros ve Gen\u00e7lik \u00d6rg\u00fct\u00fc Genel Sekreteri Deniz Kim, 17. Ola\u011fan Cumhuriyet Halk Partisi (CHP) Gen\u00e7lik Kollar\u0131 Kurultay\u0131na kat\u0131ld\u0131. CTP\u2019den yap\u0131lan a\u00e7\u0131klamaya g\u00f6re kurultayda, CTP Gen\u00e7lik \u00d6rg\u00fct\u00fc yetkilileri, CHP Gen\u00e7lik Kollar\u0131 Genel Ba\u015fkanl\u0131\u011f\u0131na se\u00e7ilen Cem Ayd\u0131n\u2019\u0131 tebrik ederek, yeni d\u00f6nemde ba\u015far\u0131lar diledi. CTP Gen\u00e7lik \u00d6rg\u00fct\u00fc yetkilileri, kurultay kapsam\u0131nda [&hellip;]","og_url":"https:\/\/kuzeyinsesi.org\/index.php\/2024\/12\/04\/ctp-genclik-orgutu-heyeti-chp-genclik-kollari-17-olagan-kurultayina-katildi\/","og_site_name":"Kuzeyin Sesi","article_publisher":"https:\/\/www.facebook.com\/kuzeyinsesii","article_published_time":"2024-12-04T12:39:43+00:00","og_image":[{"url":"https:\/\/brtk.net\/wp-content\/uploads\/2024\/12\/04\/ctp-chp-genclik-kurultay-1-.jpeg?ver=0b2add4ec6a1fa6ade74da2fa190d06e","type":"","width":"","height":""}],"author":"Kuzeyin Sesi","twitter_card":"summary_large_image","twitter_creator":"@kuzeyinsesii","twitter_site":"@kuzeyinsesii","twitter_misc":{"Yazan:":"Kuzeyin Sesi","Tahmini okuma s\u00fcresi":"1 dakika"},"schema":{"@context":"https:\/\/schema.org","@graph":[{"@type":"Article","@id":"https:\/\/kuzeyinsesi.org\/index.php\/2024\/12\/04\/ctp-genclik-orgutu-heyeti-chp-genclik-kollari-17-olagan-kurultayina-katildi\/#article","isPartOf":{"@id":"https:\/\/kuzeyinsesi.org\/index.php\/2024\/12\/04\/ctp-genclik-orgutu-heyeti-chp-genclik-kollari-17-olagan-kurultayina-katildi\/"},"author":{"name":"Kuzeyin Sesi","@id":"https:\/\/kuzeyinsesi.org\/#\/schema\/person\/9f859689cdf01485597712386e37f5aa"},"headline":"CTP Gen\u00e7lik \u00d6rg\u00fct\u00fc heyeti CHP Gen\u00e7lik Kollar\u0131 17. Ola\u011fan Kurultay\u0131na kat\u0131ld\u0131","datePublished":"2024-12-04T12:39:43+00:00","mainEntityOfPage":{"@id":"https:\/\/kuzeyinsesi.org\/index.php\/2024\/12\/04\/ctp-genclik-orgutu-heyeti-chp-genclik-kollari-17-olagan-kurultayina-katildi\/"},"wordCount":188,"commentCount":0,"image":{"@id":"https:\/\/kuzeyinsesi.org\/index.php\/2024\/12\/04\/ctp-genclik-orgutu-heyeti-chp-genclik-kollari-17-olagan-kurultayina-katildi\/#primaryimage"},"thumbnailUrl":"https:\/\/kuzeyinsesi.org\/wp-content\/uploads\/2024\/12\/ctp-chp-genclik-kurultay-1-.jpeg","articleSection":["T\u00fcrkiye"],"inLanguage":"tr","potentialAction":[{"@type":"CommentAction","name":"Comment","target":["https:\/\/kuzeyinsesi.org\/index.php\/2024\/12\/04\/ctp-genclik-orgutu-heyeti-chp-genclik-kollari-17-olagan-kurultayina-katildi\/#respond"]}]},{"@type":"WebPage","@id":"https:\/\/kuzeyinsesi.org\/index.php\/2024\/12\/04\/ctp-genclik-orgutu-heyeti-chp-genclik-kollari-17-olagan-kurultayina-katildi\/","url":"https:\/\/kuzeyinsesi.org\/index.php\/2024\/12\/04\/ctp-genclik-orgutu-heyeti-chp-genclik-kollari-17-olagan-kurultayina-katildi\/","name":"CTP Gen\u00e7lik \u00d6rg\u00fct\u00fc heyeti CHP Gen\u00e7lik Kollar\u0131 17. Ola\u011fan Kurultay\u0131na kat\u0131ld\u0131 - Kuzeyin Sesi","isPartOf":{"@id":"https:\/\/kuzeyinsesi.org\/#website"},"primaryImageOfPage":{"@id":"https:\/\/kuzeyinsesi.org\/index.php\/2024\/12\/04\/ctp-genclik-orgutu-heyeti-chp-genclik-kollari-17-olagan-kurultayina-katildi\/#primaryimage"},"image":{"@id":"https:\/\/kuzeyinsesi.org\/index.php\/2024\/12\/04\/ctp-genclik-orgutu-heyeti-chp-genclik-kollari-17-olagan-kurultayina-katildi\/#primaryimage"},"thumbnailUrl":"https:\/\/kuzeyinsesi.org\/wp-content\/uploads\/2024\/12\/ctp-chp-genclik-kurultay-1-.jpeg","datePublished":"2024-12-04T12:39:43+00:00","author":{"@id":"https:\/\/kuzeyinsesi.org\/#\/schema\/person\/9f859689cdf01485597712386e37f5aa"},"breadcrumb":{"@id":"https:\/\/kuzeyinsesi.org\/index.php\/2024\/12\/04\/ctp-genclik-orgutu-heyeti-chp-genclik-kollari-17-olagan-kurultayina-katildi\/#breadcrumb"},"inLanguage":"tr","potentialAction":[{"@type":"ReadAction","target":["https:\/\/kuzeyinsesi.org\/index.php\/2024\/12\/04\/ctp-genclik-orgutu-heyeti-chp-genclik-kollari-17-olagan-kurultayina-katildi\/"]}]},{"@type":"ImageObject","inLanguage":"tr","@id":"https:\/\/kuzeyinsesi.org\/index.php\/2024\/12\/04\/ctp-genclik-orgutu-heyeti-chp-genclik-kollari-17-olagan-kurultayina-katildi\/#primaryimage","url":"https:\/\/kuzeyinsesi.org\/wp-content\/uploads\/2024\/12\/ctp-chp-genclik-kurultay-1-.jpeg","contentUrl":"https:\/\/kuzeyinsesi.org\/wp-content\/uploads\/2024\/12\/ctp-chp-genclik-kurultay-1-.jpeg","width":646,"height":860},{"@type":"BreadcrumbList","@id":"https:\/\/kuzeyinsesi.org\/index.php\/2024\/12\/04\/ctp-genclik-orgutu-heyeti-chp-genclik-kollari-17-olagan-kurultayina-katildi\/#breadcrumb","itemListElement":[{"@type":"ListItem","position":1,"name":"Anasayfa","item":"https:\/\/kuzeyinsesi.org\/"},{"@type":"ListItem","position":2,"name":"CTP Gen\u00e7lik \u00d6rg\u00fct\u00fc heyeti CHP Gen\u00e7lik Kollar\u0131 17. Ola\u011fan Kurultay\u0131na kat\u0131ld\u0131"}]},{"@type":"WebSite","@id":"https:\/\/kuzeyinsesi.org\/#website","url":"https:\/\/kuzeyinsesi.org\/","name":"Kuzeyin Sesi","description":"Do\u011fru Haberin Adresi","potentialAction":[{"@type":"SearchAction","target":{"@type":"EntryPoint","urlTemplate":"https:\/\/kuzeyinsesi.org\/?s={search_term_string}"},"query-input":{"@type":"PropertyValueSpecification","valueRequired":true,"valueName":"search_term_string"}}],"inLanguage":"tr"},{"@type":"Person","@id":"https:\/\/kuzeyinsesi.org\/#\/schema\/person\/9f859689cdf01485597712386e37f5aa","name":"Kuzeyin Sesi","image":{"@type":"ImageObject","inLanguage":"tr","@id":"https:\/\/secure.gravatar.com\/avatar\/bab33852abfd8b282518d6ed81826833d77c3c882d9ab608add591ccace47a44?s=96&d=mm&r=g","url":"https:\/\/secure.gravatar.com\/avatar\/bab33852abfd8b282518d6ed81826833d77c3c882d9ab608add591ccace47a44?s=96&d=mm&r=g","contentUrl":"https:\/\/secure.gravatar.com\/avatar\/bab33852abfd8b282518d6ed81826833d77c3c882d9ab608add591ccace47a44?s=96&d=mm&r=g","caption":"Kuzeyin Sesi"},"sameAs":["https:\/\/kuzeyinsesi.org"],"url":"https:\/\/kuzeyinsesi.org\/index.php\/author\/guven\/"}]}},"_links":{"self":[{"href":"https:\/\/kuzeyinsesi.org\/index.php\/wp-json\/wp\/v2\/posts\/14916","targetHints":{"allow":["GET"]}}],"collection":[{"href":"https:\/\/kuzeyinsesi.org\/index.php\/wp-json\/wp\/v2\/posts"}],"about":[{"href":"https:\/\/kuzeyinsesi.org\/index.php\/wp-json\/wp\/v2\/types\/post"}],"author":[{"embeddable":true,"href":"https:\/\/kuzeyinsesi.org\/index.php\/wp-json\/wp\/v2\/users\/1"}],"replies":[{"embeddable":true,"href":"https:\/\/kuzeyinsesi.org\/index.php\/wp-json\/wp\/v2\/comments?post=14916"}],"version-history":[{"count":0,"href":"https:\/\/kuzeyinsesi.org\/index.php\/wp-json\/wp\/v2\/posts\/14916\/revisions"}],"wp:featuredmedia":[{"embeddable":true,"href":"https:\/\/kuzeyinsesi.org\/index.php\/wp-json\/wp\/v2\/media\/14917"}],"wp:attachment":[{"href":"https:\/\/kuzeyinsesi.org\/index.php\/wp-json\/wp\/v2\/media?parent=14916"}],"wp:term":[{"taxonomy":"category","embeddable":true,"href":"https:\/\/kuzeyinsesi.org\/index.php\/wp-json\/wp\/v2\/categories?post=14916"},{"taxonomy":"post_tag","embeddable":true,"href":"https:\/\/kuzeyinsesi.org\/index.php\/wp-json\/wp\/v2\/tags?post=14916"}],"curies":[{"name":"wp","href":"https:\/\/api.w.org\/{rel}","templated":true}]}}