{"id":14888,"date":"2024-12-04T10:20:15","date_gmt":"2024-12-04T08:20:15","guid":{"rendered":"https:\/\/kuzeyinsesi.org\/index.php\/2024\/12\/04\/turkiyenin-bm-daimi-temsilci-yardimcisi-guven-turkiye-topraklarini-halkini-ve-cikarlarini-korumak-icin-tum-onlemleri-almaya-devam-edecek\/"},"modified":"2024-12-04T10:20:15","modified_gmt":"2024-12-04T08:20:15","slug":"turkiyenin-bm-daimi-temsilci-yardimcisi-guven-turkiye-topraklarini-halkini-ve-cikarlarini-korumak-icin-tum-onlemleri-almaya-devam-edecek","status":"publish","type":"post","link":"https:\/\/kuzeyinsesi.org\/index.php\/2024\/12\/04\/turkiyenin-bm-daimi-temsilci-yardimcisi-guven-turkiye-topraklarini-halkini-ve-cikarlarini-korumak-icin-tum-onlemleri-almaya-devam-edecek\/","title":{"rendered":"T\u00fcrkiye\u2019nin BM Daimi Temsilci Yard\u0131mc\u0131s\u0131 G\u00fcven: \u201cT\u00fcrkiye, topraklar\u0131n\u0131, halk\u0131n\u0131 ve \u00e7\u0131karlar\u0131n\u0131 korumak i\u00e7in t\u00fcm \u00f6nlemleri almaya devam edecek\u201d"},"content":{"rendered":"<div>\n<div class=\"mariselle-image-container center\">\n                                            <\/div>\n<p>T\u00fcrkiye\u2019nin Birle\u015fmi\u015f Milletler (BM) Daimi Temsilci Yard\u0131mc\u0131s\u0131 Asl\u0131 G\u00fcven, uzla\u015fma olmazsa Suriye\u2019nin, \u201cistikrars\u0131zl\u0131k ve ac\u0131 d\u00f6ng\u00fcs\u00fcnde s\u0131k\u0131\u015f\u0131p kalaca\u011f\u0131n\u0131\u201d belirtti.<\/p>\n<p>G\u00fcven, BM G\u00fcvenlik Konseyi\u2019nin (BMGK), acil oturumla Suriye\u2019nin Halep kenti ve \u00e7evresinde ya\u015fanan geli\u015fmeleri ele ald\u0131\u011f\u0131 toplant\u0131da konu\u015ftu.<\/p>\n<p>Suriye\u2019de \u015fiddetlenen \u00e7at\u0131\u015fmalar hakk\u0131nda konu\u015fan G\u00fcven, \u201cK\u00f6k nedenleri, Suriye halk\u0131n\u0131n me\u015fru ancak kar\u015f\u0131lanmam\u0131\u015f isteklerinden kaynaklanmaktad\u0131r. Suriye, ger\u00e7ek bir ulusal uzla\u015fma s\u00fcreci olmadan, istikrars\u0131zl\u0131k ve ac\u0131 d\u00f6ng\u00fcs\u00fcnde s\u0131k\u0131\u015f\u0131p kalacakt\u0131r.\u201d ifadelerine yer verdi.<\/p>\n<p>\u201cB\u00f6lge genelinde devam eden \u0130srail sald\u0131r\u0131lar\u0131, k\u0131r\u0131lgan durumu daha da karma\u015f\u0131k hale getiriyor\u201d diyen G\u00fcven, bu \u015fiddet sarmal\u0131n\u0131n Suriye\u2019yi daha fazla istikrars\u0131zla\u015ft\u0131rmamas\u0131 i\u00e7in T\u00fcrkiye\u2019nin ortaya koydu\u011fu \u00e7abalara de\u011findi.<\/p>\n<p>Asl\u0131 G\u00fcven, T\u00fcrkiye\u2019nin, sahada gerilimi azaltmay\u0131 sa\u011flamak i\u00e7in Astana S\u00fcreci\u2019ni ba\u015flatt\u0131\u011f\u0131n\u0131 belirterek, bu sayede b\u00f6lgeyi istikrars\u0131zl\u0131\u011fa s\u00fcr\u00fckleyen ter\u00f6r \u00f6rg\u00fctlerinin duraklat\u0131ld\u0131\u011f\u0131n\u0131 ve bir \u201cate\u015fkese ula\u015f\u0131ld\u0131\u011f\u0131n\u0131\u201d vurgulad\u0131.<\/p>\n<p>Astana S\u00fcreci\u2019ndeki T\u00fcrkiye\u2019nin \u00f6nc\u00fc rol\u00fcne de\u011finen G\u00fcven, \u201cBu s\u00fcre\u00e7 ayr\u0131ca \u015eam ile muhalefet aras\u0131nda g\u00fcven art\u0131r\u0131c\u0131 \u00f6nlemler i\u00e7in de alan yaratt\u0131. Ne yaz\u0131k ki bu f\u0131rsat de\u011ferlendirilemedi.\u201d diye konu\u015ftu.<\/p>\n<p>\u2013 Suriye\u2019nin daha fazla par\u00e7alanma riskine dikkati \u00e7ekti<\/p>\n<p>T\u00fcrkiye\u2019nin BM Daimi Temsilci Yard\u0131mc\u0131s\u0131 G\u00fcven, ter\u00f6r \u00f6rg\u00fct\u00fc PKK\/YPG\u2019nin bu s\u00fcre\u00e7te, s\u00f6zde \u201cSDG\u201d ad\u0131yla Suriye\u2019nin kuzeydo\u011fusundaki konumunu sa\u011flamla\u015ft\u0131rmaya \u00e7al\u0131\u015fabilece\u011fi ihtimalini g\u00f6z \u00f6n\u00fcne getirdi.<\/p>\n<p>\u201cDEA\u015e\u2019\u0131n yeniden canlanmas\u0131 ciddi bir olas\u0131l\u0131k olmaya devam ediyor\u201d ifadesini kullanan G\u00fcven, s\u00f6z konusu ter\u00f6r \u00f6rg\u00fct\u00fcne kar\u015f\u0131 m\u00fccadeleyi \u201cba\u015fka bir ter\u00f6r \u00f6rg\u00fct\u00fcyle y\u00fcr\u00fctme hatas\u0131na\u201d son verilmesi gerekti\u011fini belirtti.<\/p>\n<p>Asl\u0131 G\u00fcven, \u201cBu ayr\u0131l\u0131k\u00e7\u0131 olu\u015fum, ne Suriyeli ne de demokratiktir; kendisi PKK\/YPG\u2019nin ta kendisidir.\u201d diye ekledi.<\/p>\n<p>Ankara\u2019n\u0131n son s\u00fcre\u00e7teki pozisyonuyla ilgili iddialara yan\u0131t veren G\u00fcven, T\u00fcrkiye\u2019nin, devam eden operasyonun ba\u015flat\u0131lmas\u0131n\u0131 \u201cne destekledi\u011fini ne de buna r\u0131za g\u00f6sterdi\u011fini\u201d vurgulad\u0131.<\/p>\n<p>G\u00fcven, \u00f6n\u00fcm\u00fczdeki d\u00f6nem i\u00e7in Suriye\u2019nin daha fazla par\u00e7alanma tehdidinin oldu\u011funu belirtti\u011fi konu\u015fmas\u0131nda, \u201cT\u00fcrkiye, topraklar\u0131n\u0131, halk\u0131n\u0131 ve \u00e7\u0131karlar\u0131n\u0131 korumak i\u00e7in t\u00fcm \u00f6nlemleri almaya devam edecektir.\u201d s\u00f6zlerini sarf etti.<\/p>\n<\/p><\/div>\n<p><script async\n                    defer\n                    crossorigin=\"anonymous\"\n                    src=\"https:\/\/connect.facebook.net\/tr_TR\/sdk.js#xfbml=1&#038;version=v3.3\"\n            ><\/script><\/p>\n","protected":false},"excerpt":{"rendered":"<p>T\u00fcrkiye\u2019nin Birle\u015fmi\u015f Milletler (BM) Daimi Temsilci Yard\u0131mc\u0131s\u0131 Asl\u0131 G\u00fcven, uzla\u015fma olmazsa Suriye\u2019nin, \u201cistikrars\u0131zl\u0131k ve ac\u0131 d\u00f6ng\u00fcs\u00fcnde s\u0131k\u0131\u015f\u0131p kalaca\u011f\u0131n\u0131\u201d belirtti. G\u00fcven, BM G\u00fcvenlik Konseyi\u2019nin (BMGK), acil oturumla Suriye\u2019nin Halep kenti ve \u00e7evresinde ya\u015fanan geli\u015fmeleri ele ald\u0131\u011f\u0131 toplant\u0131da konu\u015ftu. Suriye\u2019de \u015fiddetlenen \u00e7at\u0131\u015fmalar hakk\u0131nda konu\u015fan G\u00fcven, \u201cK\u00f6k nedenleri, Suriye halk\u0131n\u0131n me\u015fru ancak kar\u015f\u0131lanmam\u0131\u015f isteklerinden kaynaklanmaktad\u0131r. Suriye, ger\u00e7ek bir [&hellip;]<\/p>\n","protected":false},"author":1,"featured_media":14889,"comment_status":"open","ping_status":"open","sticky":false,"template":"","format":"standard","meta":{"jnews-multi-image_gallery":[],"jnews_single_post":[],"jnews_primary_category":[],"jnews_social_meta":[],"jnews_override_counter":[],"footnotes":""},"categories":[5],"tags":[],"class_list":["post-14888","post","type-post","status-publish","format-standard","has-post-thumbnail","hentry","category-turkiye"],"yoast_head":"<!-- This site is optimized with the Yoast SEO plugin v27.4 - https:\/\/yoast.com\/product\/yoast-seo-wordpress\/ -->\n<title>T\u00fcrkiye\u2019nin BM Daimi Temsilci Yard\u0131mc\u0131s\u0131 G\u00fcven: \u201cT\u00fcrkiye, topraklar\u0131n\u0131, halk\u0131n\u0131 ve \u00e7\u0131karlar\u0131n\u0131 korumak i\u00e7in t\u00fcm \u00f6nlemleri almaya devam edecek\u201d - Kuzeyin Sesi<\/title>\n<meta name=\"robots\" content=\"index, follow, max-snippet:-1, max-image-preview:large, max-video-preview:-1\" \/>\n<link rel=\"canonical\" href=\"https:\/\/kuzeyinsesi.org\/index.php\/2024\/12\/04\/turkiyenin-bm-daimi-temsilci-yardimcisi-guven-turkiye-topraklarini-halkini-ve-cikarlarini-korumak-icin-tum-onlemleri-almaya-devam-edecek\/\" \/>\n<meta property=\"og:locale\" content=\"tr_TR\" \/>\n<meta property=\"og:type\" content=\"article\" \/>\n<meta property=\"og:title\" content=\"T\u00fcrkiye\u2019nin BM Daimi Temsilci Yard\u0131mc\u0131s\u0131 G\u00fcven: \u201cT\u00fcrkiye, topraklar\u0131n\u0131, halk\u0131n\u0131 ve \u00e7\u0131karlar\u0131n\u0131 korumak i\u00e7in t\u00fcm \u00f6nlemleri almaya devam edecek\u201d - Kuzeyin Sesi\" \/>\n<meta property=\"og:description\" content=\"T\u00fcrkiye\u2019nin Birle\u015fmi\u015f Milletler (BM) Daimi Temsilci Yard\u0131mc\u0131s\u0131 Asl\u0131 G\u00fcven, uzla\u015fma olmazsa Suriye\u2019nin, \u201cistikrars\u0131zl\u0131k ve ac\u0131 d\u00f6ng\u00fcs\u00fcnde s\u0131k\u0131\u015f\u0131p kalaca\u011f\u0131n\u0131\u201d belirtti. G\u00fcven, BM G\u00fcvenlik Konseyi\u2019nin (BMGK), acil oturumla Suriye\u2019nin Halep kenti ve \u00e7evresinde ya\u015fanan geli\u015fmeleri ele ald\u0131\u011f\u0131 toplant\u0131da konu\u015ftu. Suriye\u2019de \u015fiddetlenen \u00e7at\u0131\u015fmalar hakk\u0131nda konu\u015fan G\u00fcven, \u201cK\u00f6k nedenleri, Suriye halk\u0131n\u0131n me\u015fru ancak kar\u015f\u0131lanmam\u0131\u015f isteklerinden kaynaklanmaktad\u0131r. Suriye, ger\u00e7ek bir [&hellip;]\" \/>\n<meta property=\"og:url\" content=\"https:\/\/kuzeyinsesi.org\/index.php\/2024\/12\/04\/turkiyenin-bm-daimi-temsilci-yardimcisi-guven-turkiye-topraklarini-halkini-ve-cikarlarini-korumak-icin-tum-onlemleri-almaya-devam-edecek\/\" \/>\n<meta property=\"og:site_name\" content=\"Kuzeyin Sesi\" \/>\n<meta property=\"article:publisher\" content=\"https:\/\/www.facebook.com\/kuzeyinsesii\" \/>\n<meta property=\"article:published_time\" content=\"2024-12-04T08:20:15+00:00\" \/>\n<meta property=\"og:image\" content=\"https:\/\/brtk.net\/wp-content\/uploads\/2024\/12\/04\/guven5.jpg?ver=7ca234b6f98c51ecb69baee22c53f90a\" \/>\n<meta name=\"author\" content=\"Kuzeyin Sesi\" \/>\n<meta name=\"twitter:card\" content=\"summary_large_image\" \/>\n<meta name=\"twitter:creator\" content=\"@kuzeyinsesii\" \/>\n<meta name=\"twitter:site\" content=\"@kuzeyinsesii\" \/>\n<meta name=\"twitter:label1\" content=\"Yazan:\" \/>\n\t<meta name=\"twitter:data1\" content=\"Kuzeyin Sesi\" \/>\n\t<meta name=\"twitter:label2\" content=\"Tahmini okuma s\u00fcresi\" \/>\n\t<meta name=\"twitter:data2\" content=\"2 dakika\" \/>\n<script type=\"application\/ld+json\" class=\"yoast-schema-graph\">{\"@context\":\"https:\\\/\\\/schema.org\",\"@graph\":[{\"@type\":\"Article\",\"@id\":\"https:\\\/\\\/kuzeyinsesi.org\\\/index.php\\\/2024\\\/12\\\/04\\\/turkiyenin-bm-daimi-temsilci-yardimcisi-guven-turkiye-topraklarini-halkini-ve-cikarlarini-korumak-icin-tum-onlemleri-almaya-devam-edecek\\\/#article\",\"isPartOf\":{\"@id\":\"https:\\\/\\\/kuzeyinsesi.org\\\/index.php\\\/2024\\\/12\\\/04\\\/turkiyenin-bm-daimi-temsilci-yardimcisi-guven-turkiye-topraklarini-halkini-ve-cikarlarini-korumak-icin-tum-onlemleri-almaya-devam-edecek\\\/\"},\"author\":{\"name\":\"Kuzeyin Sesi\",\"@id\":\"https:\\\/\\\/kuzeyinsesi.org\\\/#\\\/schema\\\/person\\\/9f859689cdf01485597712386e37f5aa\"},\"headline\":\"T\u00fcrkiye\u2019nin BM Daimi Temsilci Yard\u0131mc\u0131s\u0131 G\u00fcven: \u201cT\u00fcrkiye, topraklar\u0131n\u0131, halk\u0131n\u0131 ve \u00e7\u0131karlar\u0131n\u0131 korumak i\u00e7in t\u00fcm \u00f6nlemleri almaya devam edecek\u201d\",\"datePublished\":\"2024-12-04T08:20:15+00:00\",\"mainEntityOfPage\":{\"@id\":\"https:\\\/\\\/kuzeyinsesi.org\\\/index.php\\\/2024\\\/12\\\/04\\\/turkiyenin-bm-daimi-temsilci-yardimcisi-guven-turkiye-topraklarini-halkini-ve-cikarlarini-korumak-icin-tum-onlemleri-almaya-devam-edecek\\\/\"},\"wordCount\":485,\"commentCount\":0,\"image\":{\"@id\":\"https:\\\/\\\/kuzeyinsesi.org\\\/index.php\\\/2024\\\/12\\\/04\\\/turkiyenin-bm-daimi-temsilci-yardimcisi-guven-turkiye-topraklarini-halkini-ve-cikarlarini-korumak-icin-tum-onlemleri-almaya-devam-edecek\\\/#primaryimage\"},\"thumbnailUrl\":\"https:\\\/\\\/kuzeyinsesi.org\\\/wp-content\\\/uploads\\\/2024\\\/12\\\/guven5.jpg\",\"articleSection\":[\"T\u00fcrkiye\"],\"inLanguage\":\"tr\",\"potentialAction\":[{\"@type\":\"CommentAction\",\"name\":\"Comment\",\"target\":[\"https:\\\/\\\/kuzeyinsesi.org\\\/index.php\\\/2024\\\/12\\\/04\\\/turkiyenin-bm-daimi-temsilci-yardimcisi-guven-turkiye-topraklarini-halkini-ve-cikarlarini-korumak-icin-tum-onlemleri-almaya-devam-edecek\\\/#respond\"]}]},{\"@type\":\"WebPage\",\"@id\":\"https:\\\/\\\/kuzeyinsesi.org\\\/index.php\\\/2024\\\/12\\\/04\\\/turkiyenin-bm-daimi-temsilci-yardimcisi-guven-turkiye-topraklarini-halkini-ve-cikarlarini-korumak-icin-tum-onlemleri-almaya-devam-edecek\\\/\",\"url\":\"https:\\\/\\\/kuzeyinsesi.org\\\/index.php\\\/2024\\\/12\\\/04\\\/turkiyenin-bm-daimi-temsilci-yardimcisi-guven-turkiye-topraklarini-halkini-ve-cikarlarini-korumak-icin-tum-onlemleri-almaya-devam-edecek\\\/\",\"name\":\"T\u00fcrkiye\u2019nin BM Daimi Temsilci Yard\u0131mc\u0131s\u0131 G\u00fcven: \u201cT\u00fcrkiye, topraklar\u0131n\u0131, halk\u0131n\u0131 ve \u00e7\u0131karlar\u0131n\u0131 korumak i\u00e7in t\u00fcm \u00f6nlemleri almaya devam edecek\u201d - Kuzeyin Sesi\",\"isPartOf\":{\"@id\":\"https:\\\/\\\/kuzeyinsesi.org\\\/#website\"},\"primaryImageOfPage\":{\"@id\":\"https:\\\/\\\/kuzeyinsesi.org\\\/index.php\\\/2024\\\/12\\\/04\\\/turkiyenin-bm-daimi-temsilci-yardimcisi-guven-turkiye-topraklarini-halkini-ve-cikarlarini-korumak-icin-tum-onlemleri-almaya-devam-edecek\\\/#primaryimage\"},\"image\":{\"@id\":\"https:\\\/\\\/kuzeyinsesi.org\\\/index.php\\\/2024\\\/12\\\/04\\\/turkiyenin-bm-daimi-temsilci-yardimcisi-guven-turkiye-topraklarini-halkini-ve-cikarlarini-korumak-icin-tum-onlemleri-almaya-devam-edecek\\\/#primaryimage\"},\"thumbnailUrl\":\"https:\\\/\\\/kuzeyinsesi.org\\\/wp-content\\\/uploads\\\/2024\\\/12\\\/guven5.jpg\",\"datePublished\":\"2024-12-04T08:20:15+00:00\",\"author\":{\"@id\":\"https:\\\/\\\/kuzeyinsesi.org\\\/#\\\/schema\\\/person\\\/9f859689cdf01485597712386e37f5aa\"},\"breadcrumb\":{\"@id\":\"https:\\\/\\\/kuzeyinsesi.org\\\/index.php\\\/2024\\\/12\\\/04\\\/turkiyenin-bm-daimi-temsilci-yardimcisi-guven-turkiye-topraklarini-halkini-ve-cikarlarini-korumak-icin-tum-onlemleri-almaya-devam-edecek\\\/#breadcrumb\"},\"inLanguage\":\"tr\",\"potentialAction\":[{\"@type\":\"ReadAction\",\"target\":[\"https:\\\/\\\/kuzeyinsesi.org\\\/index.php\\\/2024\\\/12\\\/04\\\/turkiyenin-bm-daimi-temsilci-yardimcisi-guven-turkiye-topraklarini-halkini-ve-cikarlarini-korumak-icin-tum-onlemleri-almaya-devam-edecek\\\/\"]}]},{\"@type\":\"ImageObject\",\"inLanguage\":\"tr\",\"@id\":\"https:\\\/\\\/kuzeyinsesi.org\\\/index.php\\\/2024\\\/12\\\/04\\\/turkiyenin-bm-daimi-temsilci-yardimcisi-guven-turkiye-topraklarini-halkini-ve-cikarlarini-korumak-icin-tum-onlemleri-almaya-devam-edecek\\\/#primaryimage\",\"url\":\"https:\\\/\\\/kuzeyinsesi.org\\\/wp-content\\\/uploads\\\/2024\\\/12\\\/guven5.jpg\",\"contentUrl\":\"https:\\\/\\\/kuzeyinsesi.org\\\/wp-content\\\/uploads\\\/2024\\\/12\\\/guven5.jpg\",\"width\":1280,\"height\":720},{\"@type\":\"BreadcrumbList\",\"@id\":\"https:\\\/\\\/kuzeyinsesi.org\\\/index.php\\\/2024\\\/12\\\/04\\\/turkiyenin-bm-daimi-temsilci-yardimcisi-guven-turkiye-topraklarini-halkini-ve-cikarlarini-korumak-icin-tum-onlemleri-almaya-devam-edecek\\\/#breadcrumb\",\"itemListElement\":[{\"@type\":\"ListItem\",\"position\":1,\"name\":\"Anasayfa\",\"item\":\"https:\\\/\\\/kuzeyinsesi.org\\\/\"},{\"@type\":\"ListItem\",\"position\":2,\"name\":\"T\u00fcrkiye\u2019nin BM Daimi Temsilci Yard\u0131mc\u0131s\u0131 G\u00fcven: \u201cT\u00fcrkiye, topraklar\u0131n\u0131, halk\u0131n\u0131 ve \u00e7\u0131karlar\u0131n\u0131 korumak i\u00e7in t\u00fcm \u00f6nlemleri almaya devam edecek\u201d\"}]},{\"@type\":\"WebSite\",\"@id\":\"https:\\\/\\\/kuzeyinsesi.org\\\/#website\",\"url\":\"https:\\\/\\\/kuzeyinsesi.org\\\/\",\"name\":\"Kuzeyin Sesi\",\"description\":\"Do\u011fru Haberin Adresi\",\"potentialAction\":[{\"@type\":\"SearchAction\",\"target\":{\"@type\":\"EntryPoint\",\"urlTemplate\":\"https:\\\/\\\/kuzeyinsesi.org\\\/?s={search_term_string}\"},\"query-input\":{\"@type\":\"PropertyValueSpecification\",\"valueRequired\":true,\"valueName\":\"search_term_string\"}}],\"inLanguage\":\"tr\"},{\"@type\":\"Person\",\"@id\":\"https:\\\/\\\/kuzeyinsesi.org\\\/#\\\/schema\\\/person\\\/9f859689cdf01485597712386e37f5aa\",\"name\":\"Kuzeyin Sesi\",\"image\":{\"@type\":\"ImageObject\",\"inLanguage\":\"tr\",\"@id\":\"https:\\\/\\\/secure.gravatar.com\\\/avatar\\\/bab33852abfd8b282518d6ed81826833d77c3c882d9ab608add591ccace47a44?s=96&d=mm&r=g\",\"url\":\"https:\\\/\\\/secure.gravatar.com\\\/avatar\\\/bab33852abfd8b282518d6ed81826833d77c3c882d9ab608add591ccace47a44?s=96&d=mm&r=g\",\"contentUrl\":\"https:\\\/\\\/secure.gravatar.com\\\/avatar\\\/bab33852abfd8b282518d6ed81826833d77c3c882d9ab608add591ccace47a44?s=96&d=mm&r=g\",\"caption\":\"Kuzeyin Sesi\"},\"sameAs\":[\"https:\\\/\\\/kuzeyinsesi.org\"],\"url\":\"https:\\\/\\\/kuzeyinsesi.org\\\/index.php\\\/author\\\/guven\\\/\"}]}<\/script>\n<!-- \/ Yoast SEO plugin. -->","yoast_head_json":{"title":"T\u00fcrkiye\u2019nin BM Daimi Temsilci Yard\u0131mc\u0131s\u0131 G\u00fcven: \u201cT\u00fcrkiye, topraklar\u0131n\u0131, halk\u0131n\u0131 ve \u00e7\u0131karlar\u0131n\u0131 korumak i\u00e7in t\u00fcm \u00f6nlemleri almaya devam edecek\u201d - Kuzeyin Sesi","robots":{"index":"index","follow":"follow","max-snippet":"max-snippet:-1","max-image-preview":"max-image-preview:large","max-video-preview":"max-video-preview:-1"},"canonical":"https:\/\/kuzeyinsesi.org\/index.php\/2024\/12\/04\/turkiyenin-bm-daimi-temsilci-yardimcisi-guven-turkiye-topraklarini-halkini-ve-cikarlarini-korumak-icin-tum-onlemleri-almaya-devam-edecek\/","og_locale":"tr_TR","og_type":"article","og_title":"T\u00fcrkiye\u2019nin BM Daimi Temsilci Yard\u0131mc\u0131s\u0131 G\u00fcven: \u201cT\u00fcrkiye, topraklar\u0131n\u0131, halk\u0131n\u0131 ve \u00e7\u0131karlar\u0131n\u0131 korumak i\u00e7in t\u00fcm \u00f6nlemleri almaya devam edecek\u201d - Kuzeyin Sesi","og_description":"T\u00fcrkiye\u2019nin Birle\u015fmi\u015f Milletler (BM) Daimi Temsilci Yard\u0131mc\u0131s\u0131 Asl\u0131 G\u00fcven, uzla\u015fma olmazsa Suriye\u2019nin, \u201cistikrars\u0131zl\u0131k ve ac\u0131 d\u00f6ng\u00fcs\u00fcnde s\u0131k\u0131\u015f\u0131p kalaca\u011f\u0131n\u0131\u201d belirtti. G\u00fcven, BM G\u00fcvenlik Konseyi\u2019nin (BMGK), acil oturumla Suriye\u2019nin Halep kenti ve \u00e7evresinde ya\u015fanan geli\u015fmeleri ele ald\u0131\u011f\u0131 toplant\u0131da konu\u015ftu. Suriye\u2019de \u015fiddetlenen \u00e7at\u0131\u015fmalar hakk\u0131nda konu\u015fan G\u00fcven, \u201cK\u00f6k nedenleri, Suriye halk\u0131n\u0131n me\u015fru ancak kar\u015f\u0131lanmam\u0131\u015f isteklerinden kaynaklanmaktad\u0131r. Suriye, ger\u00e7ek bir [&hellip;]","og_url":"https:\/\/kuzeyinsesi.org\/index.php\/2024\/12\/04\/turkiyenin-bm-daimi-temsilci-yardimcisi-guven-turkiye-topraklarini-halkini-ve-cikarlarini-korumak-icin-tum-onlemleri-almaya-devam-edecek\/","og_site_name":"Kuzeyin Sesi","article_publisher":"https:\/\/www.facebook.com\/kuzeyinsesii","article_published_time":"2024-12-04T08:20:15+00:00","og_image":[{"url":"https:\/\/brtk.net\/wp-content\/uploads\/2024\/12\/04\/guven5.jpg?ver=7ca234b6f98c51ecb69baee22c53f90a","type":"","width":"","height":""}],"author":"Kuzeyin Sesi","twitter_card":"summary_large_image","twitter_creator":"@kuzeyinsesii","twitter_site":"@kuzeyinsesii","twitter_misc":{"Yazan:":"Kuzeyin Sesi","Tahmini okuma s\u00fcresi":"2 dakika"},"schema":{"@context":"https:\/\/schema.org","@graph":[{"@type":"Article","@id":"https:\/\/kuzeyinsesi.org\/index.php\/2024\/12\/04\/turkiyenin-bm-daimi-temsilci-yardimcisi-guven-turkiye-topraklarini-halkini-ve-cikarlarini-korumak-icin-tum-onlemleri-almaya-devam-edecek\/#article","isPartOf":{"@id":"https:\/\/kuzeyinsesi.org\/index.php\/2024\/12\/04\/turkiyenin-bm-daimi-temsilci-yardimcisi-guven-turkiye-topraklarini-halkini-ve-cikarlarini-korumak-icin-tum-onlemleri-almaya-devam-edecek\/"},"author":{"name":"Kuzeyin Sesi","@id":"https:\/\/kuzeyinsesi.org\/#\/schema\/person\/9f859689cdf01485597712386e37f5aa"},"headline":"T\u00fcrkiye\u2019nin BM Daimi Temsilci Yard\u0131mc\u0131s\u0131 G\u00fcven: \u201cT\u00fcrkiye, topraklar\u0131n\u0131, halk\u0131n\u0131 ve \u00e7\u0131karlar\u0131n\u0131 korumak i\u00e7in t\u00fcm \u00f6nlemleri almaya devam edecek\u201d","datePublished":"2024-12-04T08:20:15+00:00","mainEntityOfPage":{"@id":"https:\/\/kuzeyinsesi.org\/index.php\/2024\/12\/04\/turkiyenin-bm-daimi-temsilci-yardimcisi-guven-turkiye-topraklarini-halkini-ve-cikarlarini-korumak-icin-tum-onlemleri-almaya-devam-edecek\/"},"wordCount":485,"commentCount":0,"image":{"@id":"https:\/\/kuzeyinsesi.org\/index.php\/2024\/12\/04\/turkiyenin-bm-daimi-temsilci-yardimcisi-guven-turkiye-topraklarini-halkini-ve-cikarlarini-korumak-icin-tum-onlemleri-almaya-devam-edecek\/#primaryimage"},"thumbnailUrl":"https:\/\/kuzeyinsesi.org\/wp-content\/uploads\/2024\/12\/guven5.jpg","articleSection":["T\u00fcrkiye"],"inLanguage":"tr","potentialAction":[{"@type":"CommentAction","name":"Comment","target":["https:\/\/kuzeyinsesi.org\/index.php\/2024\/12\/04\/turkiyenin-bm-daimi-temsilci-yardimcisi-guven-turkiye-topraklarini-halkini-ve-cikarlarini-korumak-icin-tum-onlemleri-almaya-devam-edecek\/#respond"]}]},{"@type":"WebPage","@id":"https:\/\/kuzeyinsesi.org\/index.php\/2024\/12\/04\/turkiyenin-bm-daimi-temsilci-yardimcisi-guven-turkiye-topraklarini-halkini-ve-cikarlarini-korumak-icin-tum-onlemleri-almaya-devam-edecek\/","url":"https:\/\/kuzeyinsesi.org\/index.php\/2024\/12\/04\/turkiyenin-bm-daimi-temsilci-yardimcisi-guven-turkiye-topraklarini-halkini-ve-cikarlarini-korumak-icin-tum-onlemleri-almaya-devam-edecek\/","name":"T\u00fcrkiye\u2019nin BM Daimi Temsilci Yard\u0131mc\u0131s\u0131 G\u00fcven: \u201cT\u00fcrkiye, topraklar\u0131n\u0131, halk\u0131n\u0131 ve \u00e7\u0131karlar\u0131n\u0131 korumak i\u00e7in t\u00fcm \u00f6nlemleri almaya devam edecek\u201d - Kuzeyin Sesi","isPartOf":{"@id":"https:\/\/kuzeyinsesi.org\/#website"},"primaryImageOfPage":{"@id":"https:\/\/kuzeyinsesi.org\/index.php\/2024\/12\/04\/turkiyenin-bm-daimi-temsilci-yardimcisi-guven-turkiye-topraklarini-halkini-ve-cikarlarini-korumak-icin-tum-onlemleri-almaya-devam-edecek\/#primaryimage"},"image":{"@id":"https:\/\/kuzeyinsesi.org\/index.php\/2024\/12\/04\/turkiyenin-bm-daimi-temsilci-yardimcisi-guven-turkiye-topraklarini-halkini-ve-cikarlarini-korumak-icin-tum-onlemleri-almaya-devam-edecek\/#primaryimage"},"thumbnailUrl":"https:\/\/kuzeyinsesi.org\/wp-content\/uploads\/2024\/12\/guven5.jpg","datePublished":"2024-12-04T08:20:15+00:00","author":{"@id":"https:\/\/kuzeyinsesi.org\/#\/schema\/person\/9f859689cdf01485597712386e37f5aa"},"breadcrumb":{"@id":"https:\/\/kuzeyinsesi.org\/index.php\/2024\/12\/04\/turkiyenin-bm-daimi-temsilci-yardimcisi-guven-turkiye-topraklarini-halkini-ve-cikarlarini-korumak-icin-tum-onlemleri-almaya-devam-edecek\/#breadcrumb"},"inLanguage":"tr","potentialAction":[{"@type":"ReadAction","target":["https:\/\/kuzeyinsesi.org\/index.php\/2024\/12\/04\/turkiyenin-bm-daimi-temsilci-yardimcisi-guven-turkiye-topraklarini-halkini-ve-cikarlarini-korumak-icin-tum-onlemleri-almaya-devam-edecek\/"]}]},{"@type":"ImageObject","inLanguage":"tr","@id":"https:\/\/kuzeyinsesi.org\/index.php\/2024\/12\/04\/turkiyenin-bm-daimi-temsilci-yardimcisi-guven-turkiye-topraklarini-halkini-ve-cikarlarini-korumak-icin-tum-onlemleri-almaya-devam-edecek\/#primaryimage","url":"https:\/\/kuzeyinsesi.org\/wp-content\/uploads\/2024\/12\/guven5.jpg","contentUrl":"https:\/\/kuzeyinsesi.org\/wp-content\/uploads\/2024\/12\/guven5.jpg","width":1280,"height":720},{"@type":"BreadcrumbList","@id":"https:\/\/kuzeyinsesi.org\/index.php\/2024\/12\/04\/turkiyenin-bm-daimi-temsilci-yardimcisi-guven-turkiye-topraklarini-halkini-ve-cikarlarini-korumak-icin-tum-onlemleri-almaya-devam-edecek\/#breadcrumb","itemListElement":[{"@type":"ListItem","position":1,"name":"Anasayfa","item":"https:\/\/kuzeyinsesi.org\/"},{"@type":"ListItem","position":2,"name":"T\u00fcrkiye\u2019nin BM Daimi Temsilci Yard\u0131mc\u0131s\u0131 G\u00fcven: \u201cT\u00fcrkiye, topraklar\u0131n\u0131, halk\u0131n\u0131 ve \u00e7\u0131karlar\u0131n\u0131 korumak i\u00e7in t\u00fcm \u00f6nlemleri almaya devam edecek\u201d"}]},{"@type":"WebSite","@id":"https:\/\/kuzeyinsesi.org\/#website","url":"https:\/\/kuzeyinsesi.org\/","name":"Kuzeyin Sesi","description":"Do\u011fru Haberin Adresi","potentialAction":[{"@type":"SearchAction","target":{"@type":"EntryPoint","urlTemplate":"https:\/\/kuzeyinsesi.org\/?s={search_term_string}"},"query-input":{"@type":"PropertyValueSpecification","valueRequired":true,"valueName":"search_term_string"}}],"inLanguage":"tr"},{"@type":"Person","@id":"https:\/\/kuzeyinsesi.org\/#\/schema\/person\/9f859689cdf01485597712386e37f5aa","name":"Kuzeyin Sesi","image":{"@type":"ImageObject","inLanguage":"tr","@id":"https:\/\/secure.gravatar.com\/avatar\/bab33852abfd8b282518d6ed81826833d77c3c882d9ab608add591ccace47a44?s=96&d=mm&r=g","url":"https:\/\/secure.gravatar.com\/avatar\/bab33852abfd8b282518d6ed81826833d77c3c882d9ab608add591ccace47a44?s=96&d=mm&r=g","contentUrl":"https:\/\/secure.gravatar.com\/avatar\/bab33852abfd8b282518d6ed81826833d77c3c882d9ab608add591ccace47a44?s=96&d=mm&r=g","caption":"Kuzeyin Sesi"},"sameAs":["https:\/\/kuzeyinsesi.org"],"url":"https:\/\/kuzeyinsesi.org\/index.php\/author\/guven\/"}]}},"_links":{"self":[{"href":"https:\/\/kuzeyinsesi.org\/index.php\/wp-json\/wp\/v2\/posts\/14888","targetHints":{"allow":["GET"]}}],"collection":[{"href":"https:\/\/kuzeyinsesi.org\/index.php\/wp-json\/wp\/v2\/posts"}],"about":[{"href":"https:\/\/kuzeyinsesi.org\/index.php\/wp-json\/wp\/v2\/types\/post"}],"author":[{"embeddable":true,"href":"https:\/\/kuzeyinsesi.org\/index.php\/wp-json\/wp\/v2\/users\/1"}],"replies":[{"embeddable":true,"href":"https:\/\/kuzeyinsesi.org\/index.php\/wp-json\/wp\/v2\/comments?post=14888"}],"version-history":[{"count":0,"href":"https:\/\/kuzeyinsesi.org\/index.php\/wp-json\/wp\/v2\/posts\/14888\/revisions"}],"wp:featuredmedia":[{"embeddable":true,"href":"https:\/\/kuzeyinsesi.org\/index.php\/wp-json\/wp\/v2\/media\/14889"}],"wp:attachment":[{"href":"https:\/\/kuzeyinsesi.org\/index.php\/wp-json\/wp\/v2\/media?parent=14888"}],"wp:term":[{"taxonomy":"category","embeddable":true,"href":"https:\/\/kuzeyinsesi.org\/index.php\/wp-json\/wp\/v2\/categories?post=14888"},{"taxonomy":"post_tag","embeddable":true,"href":"https:\/\/kuzeyinsesi.org\/index.php\/wp-json\/wp\/v2\/tags?post=14888"}],"curies":[{"name":"wp","href":"https:\/\/api.w.org\/{rel}","templated":true}]}}