{"id":14882,"date":"2024-12-04T07:17:39","date_gmt":"2024-12-04T05:17:39","guid":{"rendered":"https:\/\/kuzeyinsesi.org\/index.php\/2024\/12\/04\/lefkosada-muzigin-renkleri-etkinligi\/"},"modified":"2024-12-04T07:17:39","modified_gmt":"2024-12-04T05:17:39","slug":"lefkosada-muzigin-renkleri-etkinligi","status":"publish","type":"post","link":"https:\/\/kuzeyinsesi.org\/index.php\/2024\/12\/04\/lefkosada-muzigin-renkleri-etkinligi\/","title":{"rendered":"Lefko\u015fa\u2019da \u201cM\u00fczi\u011fin Renkleri\u201d etkinli\u011fi"},"content":{"rendered":"<div>\n<div class=\"mariselle-image-container center\">\n                                            <\/div>\n<p>AB Bilgi Merkezi, Akdeniz Avrupa Sanat Derne\u011fi (EMAA) i\u015f birli\u011fiyle, D\u00fcnya Engelliler G\u00fcn\u00fc kapsam\u0131nda \u201cM\u00fczi\u011fin Renkleri\u201d isimli etkinlik d\u00fczenledi. Lefko\u015fa Bedesten\u2019de bu ak\u015fam\u00fcst\u00fc 18.00\u2019de ger\u00e7ekle\u015ftirilen etkinlik, g\u00f6rme engelli bireylerin renkleri m\u00fczik arac\u0131l\u0131\u011f\u0131yla ke\u015ffetmelerini ama\u00e7layan besteci H\u00fcseyin K\u0131rm\u0131z\u0131\u2019n\u0131n \u201cColor et Sonor\u201d adl\u0131 eserine odakland\u0131.<\/p>\n<p>Etkinlik, H\u00fcseyin K\u0131rm\u0131z\u0131\u2019n\u0131n eseri hakk\u0131nda ilham kaynaklar\u0131n\u0131 payla\u015ft\u0131\u011f\u0131 bir s\u00f6yle\u015fi ile ba\u015flad\u0131. Ard\u0131ndan, Papageorgio String Quartet, K\u0131rm\u0131z\u0131\u2019n\u0131n 10 b\u00f6l\u00fcmden olu\u015fan eserini icra etti. Konser s\u0131ras\u0131nda T\u00fcrk\u00e7e ve \u0130ngilizce simultane \u00e7eviri ile i\u015faret dili terc\u00fcmesi de kat\u0131l\u0131mc\u0131lara sunuldu.<\/p>\n<p><em>-Color et Sonor hakk\u0131nda<\/em><\/p>\n<p>2015\u2019te bestelenen Color et Sonor, on rengi klasik yayl\u0131 \u00e7alg\u0131lar d\u00f6rtl\u00fcs\u00fc format\u0131nda m\u00fczi\u011fe d\u00f6n\u00fc\u015ft\u00fcr\u00fcyor.<\/p>\n<p>Siyah, mavi, k\u0131rm\u0131z\u0131 ve alt\u0131n sar\u0131s\u0131 gibi renklere adanm\u0131\u015f her bir par\u00e7a, dinleyicilere melodi arac\u0131l\u0131\u011f\u0131yla tonlar\u0131 ke\u015ffetme f\u0131rsat\u0131 sunuyor.<\/p>\n<\/p><\/div>\n<p><script async\n                    defer\n                    crossorigin=\"anonymous\"\n                    src=\"https:\/\/connect.facebook.net\/tr_TR\/sdk.js#xfbml=1&#038;version=v3.3\"\n            ><\/script><\/p>\n","protected":false},"excerpt":{"rendered":"<p>AB Bilgi Merkezi, Akdeniz Avrupa Sanat Derne\u011fi (EMAA) i\u015f birli\u011fiyle, D\u00fcnya Engelliler G\u00fcn\u00fc kapsam\u0131nda \u201cM\u00fczi\u011fin Renkleri\u201d isimli etkinlik d\u00fczenledi. Lefko\u015fa Bedesten\u2019de bu ak\u015fam\u00fcst\u00fc 18.00\u2019de ger\u00e7ekle\u015ftirilen etkinlik, g\u00f6rme engelli bireylerin renkleri m\u00fczik arac\u0131l\u0131\u011f\u0131yla ke\u015ffetmelerini ama\u00e7layan besteci H\u00fcseyin K\u0131rm\u0131z\u0131\u2019n\u0131n \u201cColor et Sonor\u201d adl\u0131 eserine odakland\u0131. Etkinlik, H\u00fcseyin K\u0131rm\u0131z\u0131\u2019n\u0131n eseri hakk\u0131nda ilham kaynaklar\u0131n\u0131 payla\u015ft\u0131\u011f\u0131 bir s\u00f6yle\u015fi ile ba\u015flad\u0131. [&hellip;]<\/p>\n","protected":false},"author":1,"featured_media":14883,"comment_status":"open","ping_status":"open","sticky":false,"template":"","format":"standard","meta":{"jnews-multi-image_gallery":[],"jnews_single_post":[],"jnews_primary_category":[],"jnews_social_meta":[],"jnews_override_counter":[],"footnotes":""},"categories":[6],"tags":[],"class_list":["post-14882","post","type-post","status-publish","format-standard","has-post-thumbnail","hentry","category-yasam"],"yoast_head":"<!-- This site is optimized with the Yoast SEO plugin v27.4 - https:\/\/yoast.com\/product\/yoast-seo-wordpress\/ -->\n<title>Lefko\u015fa\u2019da \u201cM\u00fczi\u011fin Renkleri\u201d etkinli\u011fi - Kuzeyin Sesi<\/title>\n<meta name=\"robots\" content=\"index, follow, max-snippet:-1, max-image-preview:large, max-video-preview:-1\" \/>\n<link rel=\"canonical\" href=\"https:\/\/kuzeyinsesi.org\/index.php\/2024\/12\/04\/lefkosada-muzigin-renkleri-etkinligi\/\" \/>\n<meta property=\"og:locale\" content=\"tr_TR\" \/>\n<meta property=\"og:type\" content=\"article\" \/>\n<meta property=\"og:title\" content=\"Lefko\u015fa\u2019da \u201cM\u00fczi\u011fin Renkleri\u201d etkinli\u011fi - Kuzeyin Sesi\" \/>\n<meta property=\"og:description\" content=\"AB Bilgi Merkezi, Akdeniz Avrupa Sanat Derne\u011fi (EMAA) i\u015f birli\u011fiyle, D\u00fcnya Engelliler G\u00fcn\u00fc kapsam\u0131nda \u201cM\u00fczi\u011fin Renkleri\u201d isimli etkinlik d\u00fczenledi. Lefko\u015fa Bedesten\u2019de bu ak\u015fam\u00fcst\u00fc 18.00\u2019de ger\u00e7ekle\u015ftirilen etkinlik, g\u00f6rme engelli bireylerin renkleri m\u00fczik arac\u0131l\u0131\u011f\u0131yla ke\u015ffetmelerini ama\u00e7layan besteci H\u00fcseyin K\u0131rm\u0131z\u0131\u2019n\u0131n \u201cColor et Sonor\u201d adl\u0131 eserine odakland\u0131. Etkinlik, H\u00fcseyin K\u0131rm\u0131z\u0131\u2019n\u0131n eseri hakk\u0131nda ilham kaynaklar\u0131n\u0131 payla\u015ft\u0131\u011f\u0131 bir s\u00f6yle\u015fi ile ba\u015flad\u0131. [&hellip;]\" \/>\n<meta property=\"og:url\" content=\"https:\/\/kuzeyinsesi.org\/index.php\/2024\/12\/04\/lefkosada-muzigin-renkleri-etkinligi\/\" \/>\n<meta property=\"og:site_name\" content=\"Kuzeyin Sesi\" \/>\n<meta property=\"article:publisher\" content=\"https:\/\/www.facebook.com\/kuzeyinsesii\" \/>\n<meta property=\"article:published_time\" content=\"2024-12-04T05:17:39+00:00\" \/>\n<meta property=\"og:image\" content=\"https:\/\/brtk.net\/wp-content\/uploads\/2024\/12\/04\/89.jpg?ver=7bb40c76d85021f3e331a9d9a03541bf\" \/>\n<meta name=\"author\" content=\"Kuzeyin Sesi\" \/>\n<meta name=\"twitter:card\" content=\"summary_large_image\" \/>\n<meta name=\"twitter:creator\" content=\"@kuzeyinsesii\" \/>\n<meta name=\"twitter:site\" content=\"@kuzeyinsesii\" \/>\n<meta name=\"twitter:label1\" content=\"Yazan:\" \/>\n\t<meta name=\"twitter:data1\" content=\"Kuzeyin Sesi\" \/>\n\t<meta name=\"twitter:label2\" content=\"Tahmini okuma s\u00fcresi\" \/>\n\t<meta name=\"twitter:data2\" content=\"1 dakika\" \/>\n<script type=\"application\/ld+json\" class=\"yoast-schema-graph\">{\"@context\":\"https:\\\/\\\/schema.org\",\"@graph\":[{\"@type\":\"Article\",\"@id\":\"https:\\\/\\\/kuzeyinsesi.org\\\/index.php\\\/2024\\\/12\\\/04\\\/lefkosada-muzigin-renkleri-etkinligi\\\/#article\",\"isPartOf\":{\"@id\":\"https:\\\/\\\/kuzeyinsesi.org\\\/index.php\\\/2024\\\/12\\\/04\\\/lefkosada-muzigin-renkleri-etkinligi\\\/\"},\"author\":{\"name\":\"Kuzeyin Sesi\",\"@id\":\"https:\\\/\\\/kuzeyinsesi.org\\\/#\\\/schema\\\/person\\\/9f859689cdf01485597712386e37f5aa\"},\"headline\":\"Lefko\u015fa\u2019da \u201cM\u00fczi\u011fin Renkleri\u201d etkinli\u011fi\",\"datePublished\":\"2024-12-04T05:17:39+00:00\",\"mainEntityOfPage\":{\"@id\":\"https:\\\/\\\/kuzeyinsesi.org\\\/index.php\\\/2024\\\/12\\\/04\\\/lefkosada-muzigin-renkleri-etkinligi\\\/\"},\"wordCount\":198,\"commentCount\":0,\"image\":{\"@id\":\"https:\\\/\\\/kuzeyinsesi.org\\\/index.php\\\/2024\\\/12\\\/04\\\/lefkosada-muzigin-renkleri-etkinligi\\\/#primaryimage\"},\"thumbnailUrl\":\"https:\\\/\\\/kuzeyinsesi.org\\\/wp-content\\\/uploads\\\/2024\\\/12\\\/89.jpg\",\"articleSection\":[\"Ya\u015fam\"],\"inLanguage\":\"tr\",\"potentialAction\":[{\"@type\":\"CommentAction\",\"name\":\"Comment\",\"target\":[\"https:\\\/\\\/kuzeyinsesi.org\\\/index.php\\\/2024\\\/12\\\/04\\\/lefkosada-muzigin-renkleri-etkinligi\\\/#respond\"]}]},{\"@type\":\"WebPage\",\"@id\":\"https:\\\/\\\/kuzeyinsesi.org\\\/index.php\\\/2024\\\/12\\\/04\\\/lefkosada-muzigin-renkleri-etkinligi\\\/\",\"url\":\"https:\\\/\\\/kuzeyinsesi.org\\\/index.php\\\/2024\\\/12\\\/04\\\/lefkosada-muzigin-renkleri-etkinligi\\\/\",\"name\":\"Lefko\u015fa\u2019da \u201cM\u00fczi\u011fin Renkleri\u201d etkinli\u011fi - Kuzeyin Sesi\",\"isPartOf\":{\"@id\":\"https:\\\/\\\/kuzeyinsesi.org\\\/#website\"},\"primaryImageOfPage\":{\"@id\":\"https:\\\/\\\/kuzeyinsesi.org\\\/index.php\\\/2024\\\/12\\\/04\\\/lefkosada-muzigin-renkleri-etkinligi\\\/#primaryimage\"},\"image\":{\"@id\":\"https:\\\/\\\/kuzeyinsesi.org\\\/index.php\\\/2024\\\/12\\\/04\\\/lefkosada-muzigin-renkleri-etkinligi\\\/#primaryimage\"},\"thumbnailUrl\":\"https:\\\/\\\/kuzeyinsesi.org\\\/wp-content\\\/uploads\\\/2024\\\/12\\\/89.jpg\",\"datePublished\":\"2024-12-04T05:17:39+00:00\",\"author\":{\"@id\":\"https:\\\/\\\/kuzeyinsesi.org\\\/#\\\/schema\\\/person\\\/9f859689cdf01485597712386e37f5aa\"},\"breadcrumb\":{\"@id\":\"https:\\\/\\\/kuzeyinsesi.org\\\/index.php\\\/2024\\\/12\\\/04\\\/lefkosada-muzigin-renkleri-etkinligi\\\/#breadcrumb\"},\"inLanguage\":\"tr\",\"potentialAction\":[{\"@type\":\"ReadAction\",\"target\":[\"https:\\\/\\\/kuzeyinsesi.org\\\/index.php\\\/2024\\\/12\\\/04\\\/lefkosada-muzigin-renkleri-etkinligi\\\/\"]}]},{\"@type\":\"ImageObject\",\"inLanguage\":\"tr\",\"@id\":\"https:\\\/\\\/kuzeyinsesi.org\\\/index.php\\\/2024\\\/12\\\/04\\\/lefkosada-muzigin-renkleri-etkinligi\\\/#primaryimage\",\"url\":\"https:\\\/\\\/kuzeyinsesi.org\\\/wp-content\\\/uploads\\\/2024\\\/12\\\/89.jpg\",\"contentUrl\":\"https:\\\/\\\/kuzeyinsesi.org\\\/wp-content\\\/uploads\\\/2024\\\/12\\\/89.jpg\",\"width\":1504,\"height\":614},{\"@type\":\"BreadcrumbList\",\"@id\":\"https:\\\/\\\/kuzeyinsesi.org\\\/index.php\\\/2024\\\/12\\\/04\\\/lefkosada-muzigin-renkleri-etkinligi\\\/#breadcrumb\",\"itemListElement\":[{\"@type\":\"ListItem\",\"position\":1,\"name\":\"Anasayfa\",\"item\":\"https:\\\/\\\/kuzeyinsesi.org\\\/\"},{\"@type\":\"ListItem\",\"position\":2,\"name\":\"Lefko\u015fa\u2019da \u201cM\u00fczi\u011fin Renkleri\u201d etkinli\u011fi\"}]},{\"@type\":\"WebSite\",\"@id\":\"https:\\\/\\\/kuzeyinsesi.org\\\/#website\",\"url\":\"https:\\\/\\\/kuzeyinsesi.org\\\/\",\"name\":\"Kuzeyin Sesi\",\"description\":\"Do\u011fru Haberin Adresi\",\"potentialAction\":[{\"@type\":\"SearchAction\",\"target\":{\"@type\":\"EntryPoint\",\"urlTemplate\":\"https:\\\/\\\/kuzeyinsesi.org\\\/?s={search_term_string}\"},\"query-input\":{\"@type\":\"PropertyValueSpecification\",\"valueRequired\":true,\"valueName\":\"search_term_string\"}}],\"inLanguage\":\"tr\"},{\"@type\":\"Person\",\"@id\":\"https:\\\/\\\/kuzeyinsesi.org\\\/#\\\/schema\\\/person\\\/9f859689cdf01485597712386e37f5aa\",\"name\":\"Kuzeyin Sesi\",\"image\":{\"@type\":\"ImageObject\",\"inLanguage\":\"tr\",\"@id\":\"https:\\\/\\\/secure.gravatar.com\\\/avatar\\\/bab33852abfd8b282518d6ed81826833d77c3c882d9ab608add591ccace47a44?s=96&d=mm&r=g\",\"url\":\"https:\\\/\\\/secure.gravatar.com\\\/avatar\\\/bab33852abfd8b282518d6ed81826833d77c3c882d9ab608add591ccace47a44?s=96&d=mm&r=g\",\"contentUrl\":\"https:\\\/\\\/secure.gravatar.com\\\/avatar\\\/bab33852abfd8b282518d6ed81826833d77c3c882d9ab608add591ccace47a44?s=96&d=mm&r=g\",\"caption\":\"Kuzeyin Sesi\"},\"sameAs\":[\"https:\\\/\\\/kuzeyinsesi.org\"],\"url\":\"https:\\\/\\\/kuzeyinsesi.org\\\/index.php\\\/author\\\/guven\\\/\"}]}<\/script>\n<!-- \/ Yoast SEO plugin. -->","yoast_head_json":{"title":"Lefko\u015fa\u2019da \u201cM\u00fczi\u011fin Renkleri\u201d etkinli\u011fi - Kuzeyin Sesi","robots":{"index":"index","follow":"follow","max-snippet":"max-snippet:-1","max-image-preview":"max-image-preview:large","max-video-preview":"max-video-preview:-1"},"canonical":"https:\/\/kuzeyinsesi.org\/index.php\/2024\/12\/04\/lefkosada-muzigin-renkleri-etkinligi\/","og_locale":"tr_TR","og_type":"article","og_title":"Lefko\u015fa\u2019da \u201cM\u00fczi\u011fin Renkleri\u201d etkinli\u011fi - Kuzeyin Sesi","og_description":"AB Bilgi Merkezi, Akdeniz Avrupa Sanat Derne\u011fi (EMAA) i\u015f birli\u011fiyle, D\u00fcnya Engelliler G\u00fcn\u00fc kapsam\u0131nda \u201cM\u00fczi\u011fin Renkleri\u201d isimli etkinlik d\u00fczenledi. Lefko\u015fa Bedesten\u2019de bu ak\u015fam\u00fcst\u00fc 18.00\u2019de ger\u00e7ekle\u015ftirilen etkinlik, g\u00f6rme engelli bireylerin renkleri m\u00fczik arac\u0131l\u0131\u011f\u0131yla ke\u015ffetmelerini ama\u00e7layan besteci H\u00fcseyin K\u0131rm\u0131z\u0131\u2019n\u0131n \u201cColor et Sonor\u201d adl\u0131 eserine odakland\u0131. Etkinlik, H\u00fcseyin K\u0131rm\u0131z\u0131\u2019n\u0131n eseri hakk\u0131nda ilham kaynaklar\u0131n\u0131 payla\u015ft\u0131\u011f\u0131 bir s\u00f6yle\u015fi ile ba\u015flad\u0131. [&hellip;]","og_url":"https:\/\/kuzeyinsesi.org\/index.php\/2024\/12\/04\/lefkosada-muzigin-renkleri-etkinligi\/","og_site_name":"Kuzeyin Sesi","article_publisher":"https:\/\/www.facebook.com\/kuzeyinsesii","article_published_time":"2024-12-04T05:17:39+00:00","og_image":[{"url":"https:\/\/brtk.net\/wp-content\/uploads\/2024\/12\/04\/89.jpg?ver=7bb40c76d85021f3e331a9d9a03541bf","type":"","width":"","height":""}],"author":"Kuzeyin Sesi","twitter_card":"summary_large_image","twitter_creator":"@kuzeyinsesii","twitter_site":"@kuzeyinsesii","twitter_misc":{"Yazan:":"Kuzeyin Sesi","Tahmini okuma s\u00fcresi":"1 dakika"},"schema":{"@context":"https:\/\/schema.org","@graph":[{"@type":"Article","@id":"https:\/\/kuzeyinsesi.org\/index.php\/2024\/12\/04\/lefkosada-muzigin-renkleri-etkinligi\/#article","isPartOf":{"@id":"https:\/\/kuzeyinsesi.org\/index.php\/2024\/12\/04\/lefkosada-muzigin-renkleri-etkinligi\/"},"author":{"name":"Kuzeyin Sesi","@id":"https:\/\/kuzeyinsesi.org\/#\/schema\/person\/9f859689cdf01485597712386e37f5aa"},"headline":"Lefko\u015fa\u2019da \u201cM\u00fczi\u011fin Renkleri\u201d etkinli\u011fi","datePublished":"2024-12-04T05:17:39+00:00","mainEntityOfPage":{"@id":"https:\/\/kuzeyinsesi.org\/index.php\/2024\/12\/04\/lefkosada-muzigin-renkleri-etkinligi\/"},"wordCount":198,"commentCount":0,"image":{"@id":"https:\/\/kuzeyinsesi.org\/index.php\/2024\/12\/04\/lefkosada-muzigin-renkleri-etkinligi\/#primaryimage"},"thumbnailUrl":"https:\/\/kuzeyinsesi.org\/wp-content\/uploads\/2024\/12\/89.jpg","articleSection":["Ya\u015fam"],"inLanguage":"tr","potentialAction":[{"@type":"CommentAction","name":"Comment","target":["https:\/\/kuzeyinsesi.org\/index.php\/2024\/12\/04\/lefkosada-muzigin-renkleri-etkinligi\/#respond"]}]},{"@type":"WebPage","@id":"https:\/\/kuzeyinsesi.org\/index.php\/2024\/12\/04\/lefkosada-muzigin-renkleri-etkinligi\/","url":"https:\/\/kuzeyinsesi.org\/index.php\/2024\/12\/04\/lefkosada-muzigin-renkleri-etkinligi\/","name":"Lefko\u015fa\u2019da \u201cM\u00fczi\u011fin Renkleri\u201d etkinli\u011fi - Kuzeyin Sesi","isPartOf":{"@id":"https:\/\/kuzeyinsesi.org\/#website"},"primaryImageOfPage":{"@id":"https:\/\/kuzeyinsesi.org\/index.php\/2024\/12\/04\/lefkosada-muzigin-renkleri-etkinligi\/#primaryimage"},"image":{"@id":"https:\/\/kuzeyinsesi.org\/index.php\/2024\/12\/04\/lefkosada-muzigin-renkleri-etkinligi\/#primaryimage"},"thumbnailUrl":"https:\/\/kuzeyinsesi.org\/wp-content\/uploads\/2024\/12\/89.jpg","datePublished":"2024-12-04T05:17:39+00:00","author":{"@id":"https:\/\/kuzeyinsesi.org\/#\/schema\/person\/9f859689cdf01485597712386e37f5aa"},"breadcrumb":{"@id":"https:\/\/kuzeyinsesi.org\/index.php\/2024\/12\/04\/lefkosada-muzigin-renkleri-etkinligi\/#breadcrumb"},"inLanguage":"tr","potentialAction":[{"@type":"ReadAction","target":["https:\/\/kuzeyinsesi.org\/index.php\/2024\/12\/04\/lefkosada-muzigin-renkleri-etkinligi\/"]}]},{"@type":"ImageObject","inLanguage":"tr","@id":"https:\/\/kuzeyinsesi.org\/index.php\/2024\/12\/04\/lefkosada-muzigin-renkleri-etkinligi\/#primaryimage","url":"https:\/\/kuzeyinsesi.org\/wp-content\/uploads\/2024\/12\/89.jpg","contentUrl":"https:\/\/kuzeyinsesi.org\/wp-content\/uploads\/2024\/12\/89.jpg","width":1504,"height":614},{"@type":"BreadcrumbList","@id":"https:\/\/kuzeyinsesi.org\/index.php\/2024\/12\/04\/lefkosada-muzigin-renkleri-etkinligi\/#breadcrumb","itemListElement":[{"@type":"ListItem","position":1,"name":"Anasayfa","item":"https:\/\/kuzeyinsesi.org\/"},{"@type":"ListItem","position":2,"name":"Lefko\u015fa\u2019da \u201cM\u00fczi\u011fin Renkleri\u201d etkinli\u011fi"}]},{"@type":"WebSite","@id":"https:\/\/kuzeyinsesi.org\/#website","url":"https:\/\/kuzeyinsesi.org\/","name":"Kuzeyin Sesi","description":"Do\u011fru Haberin Adresi","potentialAction":[{"@type":"SearchAction","target":{"@type":"EntryPoint","urlTemplate":"https:\/\/kuzeyinsesi.org\/?s={search_term_string}"},"query-input":{"@type":"PropertyValueSpecification","valueRequired":true,"valueName":"search_term_string"}}],"inLanguage":"tr"},{"@type":"Person","@id":"https:\/\/kuzeyinsesi.org\/#\/schema\/person\/9f859689cdf01485597712386e37f5aa","name":"Kuzeyin Sesi","image":{"@type":"ImageObject","inLanguage":"tr","@id":"https:\/\/secure.gravatar.com\/avatar\/bab33852abfd8b282518d6ed81826833d77c3c882d9ab608add591ccace47a44?s=96&d=mm&r=g","url":"https:\/\/secure.gravatar.com\/avatar\/bab33852abfd8b282518d6ed81826833d77c3c882d9ab608add591ccace47a44?s=96&d=mm&r=g","contentUrl":"https:\/\/secure.gravatar.com\/avatar\/bab33852abfd8b282518d6ed81826833d77c3c882d9ab608add591ccace47a44?s=96&d=mm&r=g","caption":"Kuzeyin Sesi"},"sameAs":["https:\/\/kuzeyinsesi.org"],"url":"https:\/\/kuzeyinsesi.org\/index.php\/author\/guven\/"}]}},"_links":{"self":[{"href":"https:\/\/kuzeyinsesi.org\/index.php\/wp-json\/wp\/v2\/posts\/14882","targetHints":{"allow":["GET"]}}],"collection":[{"href":"https:\/\/kuzeyinsesi.org\/index.php\/wp-json\/wp\/v2\/posts"}],"about":[{"href":"https:\/\/kuzeyinsesi.org\/index.php\/wp-json\/wp\/v2\/types\/post"}],"author":[{"embeddable":true,"href":"https:\/\/kuzeyinsesi.org\/index.php\/wp-json\/wp\/v2\/users\/1"}],"replies":[{"embeddable":true,"href":"https:\/\/kuzeyinsesi.org\/index.php\/wp-json\/wp\/v2\/comments?post=14882"}],"version-history":[{"count":0,"href":"https:\/\/kuzeyinsesi.org\/index.php\/wp-json\/wp\/v2\/posts\/14882\/revisions"}],"wp:featuredmedia":[{"embeddable":true,"href":"https:\/\/kuzeyinsesi.org\/index.php\/wp-json\/wp\/v2\/media\/14883"}],"wp:attachment":[{"href":"https:\/\/kuzeyinsesi.org\/index.php\/wp-json\/wp\/v2\/media?parent=14882"}],"wp:term":[{"taxonomy":"category","embeddable":true,"href":"https:\/\/kuzeyinsesi.org\/index.php\/wp-json\/wp\/v2\/categories?post=14882"},{"taxonomy":"post_tag","embeddable":true,"href":"https:\/\/kuzeyinsesi.org\/index.php\/wp-json\/wp\/v2\/tags?post=14882"}],"curies":[{"name":"wp","href":"https:\/\/api.w.org\/{rel}","templated":true}]}}