{"id":14861,"date":"2024-12-03T16:23:31","date_gmt":"2024-12-03T14:23:31","guid":{"rendered":"https:\/\/kuzeyinsesi.org\/index.php\/2024\/12\/03\/agirdag-ilkokulunda-33-ogrenciye-kurs-verildi\/"},"modified":"2024-12-03T16:23:31","modified_gmt":"2024-12-03T14:23:31","slug":"agirdag-ilkokulunda-33-ogrenciye-kurs-verildi","status":"publish","type":"post","link":"https:\/\/kuzeyinsesi.org\/index.php\/2024\/12\/03\/agirdag-ilkokulunda-33-ogrenciye-kurs-verildi\/","title":{"rendered":"A\u011f\u0131rda\u011f \u0130lkokulu\u2019nda 33 \u00f6\u011frenciye kurs verildi"},"content":{"rendered":"<div>\n<div class=\"mariselle-image-container center\">\n                                            <\/div>\n<p>Ba\u015fkan Pervin G\u00fcrler y\u00f6netiminde Kybele Inner Wheel Kul\u00fcb\u00fc A\u011f\u0131rda\u011f \u0130lkokulu\u2019ndaki e\u011fitim projesini tamamlad\u0131.<\/p>\n<p>\u0130lkokul \u00f6\u011frencilerine y\u00f6nelik bi\u00e7ki, diki\u015f, nak\u0131\u015f projesi kapsam\u0131nda pilot okul olarak se\u00e7ilen A\u011f\u0131rda\u011f ilkokulunda 33 k\u0131z \u00f6\u011frenciye uzman e\u011fitici, \u00f6\u011fretmenler ve \u00fcyeler taraf\u0131ndan kas\u0131m ay\u0131 boyunca haftada iki kez e\u011fitim verildi.<\/p>\n<p>\u00c7ocuklar\u0131n b\u00fcy\u00fck heves ve heyecanla kat\u0131ld\u0131klar\u0131 e\u011fitim s\u00fcresince \u00fcrettikleri eserler web sayfam\u0131zda sergilendi. Kurs, 2 Aral\u0131k pazartesi g\u00fcn\u00fc sonland\u0131r\u0131ld\u0131.<\/p>\n<\/p><\/div>\n<p><script async\n                    defer\n                    crossorigin=\"anonymous\"\n                    src=\"https:\/\/connect.facebook.net\/tr_TR\/sdk.js#xfbml=1&#038;version=v3.3\"\n            ><\/script><\/p>\n","protected":false},"excerpt":{"rendered":"<p>Ba\u015fkan Pervin G\u00fcrler y\u00f6netiminde Kybele Inner Wheel Kul\u00fcb\u00fc A\u011f\u0131rda\u011f \u0130lkokulu\u2019ndaki e\u011fitim projesini tamamlad\u0131. \u0130lkokul \u00f6\u011frencilerine y\u00f6nelik bi\u00e7ki, diki\u015f, nak\u0131\u015f projesi kapsam\u0131nda pilot okul olarak se\u00e7ilen A\u011f\u0131rda\u011f ilkokulunda 33 k\u0131z \u00f6\u011frenciye uzman e\u011fitici, \u00f6\u011fretmenler ve \u00fcyeler taraf\u0131ndan kas\u0131m ay\u0131 boyunca haftada iki kez e\u011fitim verildi. \u00c7ocuklar\u0131n b\u00fcy\u00fck heves ve heyecanla kat\u0131ld\u0131klar\u0131 e\u011fitim s\u00fcresince \u00fcrettikleri eserler web [&hellip;]<\/p>\n","protected":false},"author":1,"featured_media":14862,"comment_status":"open","ping_status":"open","sticky":false,"template":"","format":"standard","meta":{"jnews-multi-image_gallery":[],"jnews_single_post":[],"jnews_primary_category":[],"jnews_social_meta":[],"jnews_override_counter":[],"footnotes":""},"categories":[6],"tags":[],"class_list":["post-14861","post","type-post","status-publish","format-standard","has-post-thumbnail","hentry","category-yasam"],"yoast_head":"<!-- This site is optimized with the Yoast SEO plugin v27.4 - https:\/\/yoast.com\/product\/yoast-seo-wordpress\/ -->\n<title>A\u011f\u0131rda\u011f \u0130lkokulu\u2019nda 33 \u00f6\u011frenciye kurs verildi - Kuzeyin Sesi<\/title>\n<meta name=\"robots\" content=\"index, follow, max-snippet:-1, max-image-preview:large, max-video-preview:-1\" \/>\n<link rel=\"canonical\" href=\"https:\/\/kuzeyinsesi.org\/index.php\/2024\/12\/03\/agirdag-ilkokulunda-33-ogrenciye-kurs-verildi\/\" \/>\n<meta property=\"og:locale\" content=\"tr_TR\" \/>\n<meta property=\"og:type\" content=\"article\" \/>\n<meta property=\"og:title\" content=\"A\u011f\u0131rda\u011f \u0130lkokulu\u2019nda 33 \u00f6\u011frenciye kurs verildi - Kuzeyin Sesi\" \/>\n<meta property=\"og:description\" content=\"Ba\u015fkan Pervin G\u00fcrler y\u00f6netiminde Kybele Inner Wheel Kul\u00fcb\u00fc A\u011f\u0131rda\u011f \u0130lkokulu\u2019ndaki e\u011fitim projesini tamamlad\u0131. \u0130lkokul \u00f6\u011frencilerine y\u00f6nelik bi\u00e7ki, diki\u015f, nak\u0131\u015f projesi kapsam\u0131nda pilot okul olarak se\u00e7ilen A\u011f\u0131rda\u011f ilkokulunda 33 k\u0131z \u00f6\u011frenciye uzman e\u011fitici, \u00f6\u011fretmenler ve \u00fcyeler taraf\u0131ndan kas\u0131m ay\u0131 boyunca haftada iki kez e\u011fitim verildi. \u00c7ocuklar\u0131n b\u00fcy\u00fck heves ve heyecanla kat\u0131ld\u0131klar\u0131 e\u011fitim s\u00fcresince \u00fcrettikleri eserler web [&hellip;]\" \/>\n<meta property=\"og:url\" content=\"https:\/\/kuzeyinsesi.org\/index.php\/2024\/12\/03\/agirdag-ilkokulunda-33-ogrenciye-kurs-verildi\/\" \/>\n<meta property=\"og:site_name\" content=\"Kuzeyin Sesi\" \/>\n<meta property=\"article:publisher\" content=\"https:\/\/www.facebook.com\/kuzeyinsesii\" \/>\n<meta property=\"article:published_time\" content=\"2024-12-03T14:23:31+00:00\" \/>\n<meta property=\"og:image\" content=\"https:\/\/brtk.net\/wp-content\/uploads\/2024\/12\/03\/assjla.jpg?ver=516c6ab6e5202023ca1c87f963fa5232\" \/>\n<meta name=\"author\" content=\"Kuzeyin Sesi\" \/>\n<meta name=\"twitter:card\" content=\"summary_large_image\" \/>\n<meta name=\"twitter:creator\" content=\"@kuzeyinsesii\" \/>\n<meta name=\"twitter:site\" content=\"@kuzeyinsesii\" \/>\n<meta name=\"twitter:label1\" content=\"Yazan:\" \/>\n\t<meta name=\"twitter:data1\" content=\"Kuzeyin Sesi\" \/>\n<script type=\"application\/ld+json\" class=\"yoast-schema-graph\">{\"@context\":\"https:\\\/\\\/schema.org\",\"@graph\":[{\"@type\":\"Article\",\"@id\":\"https:\\\/\\\/kuzeyinsesi.org\\\/index.php\\\/2024\\\/12\\\/03\\\/agirdag-ilkokulunda-33-ogrenciye-kurs-verildi\\\/#article\",\"isPartOf\":{\"@id\":\"https:\\\/\\\/kuzeyinsesi.org\\\/index.php\\\/2024\\\/12\\\/03\\\/agirdag-ilkokulunda-33-ogrenciye-kurs-verildi\\\/\"},\"author\":{\"name\":\"Kuzeyin Sesi\",\"@id\":\"https:\\\/\\\/kuzeyinsesi.org\\\/#\\\/schema\\\/person\\\/9f859689cdf01485597712386e37f5aa\"},\"headline\":\"A\u011f\u0131rda\u011f \u0130lkokulu\u2019nda 33 \u00f6\u011frenciye kurs verildi\",\"datePublished\":\"2024-12-03T14:23:31+00:00\",\"mainEntityOfPage\":{\"@id\":\"https:\\\/\\\/kuzeyinsesi.org\\\/index.php\\\/2024\\\/12\\\/03\\\/agirdag-ilkokulunda-33-ogrenciye-kurs-verildi\\\/\"},\"wordCount\":97,\"commentCount\":0,\"image\":{\"@id\":\"https:\\\/\\\/kuzeyinsesi.org\\\/index.php\\\/2024\\\/12\\\/03\\\/agirdag-ilkokulunda-33-ogrenciye-kurs-verildi\\\/#primaryimage\"},\"thumbnailUrl\":\"https:\\\/\\\/kuzeyinsesi.org\\\/wp-content\\\/uploads\\\/2024\\\/12\\\/assjla.jpg\",\"articleSection\":[\"Ya\u015fam\"],\"inLanguage\":\"tr\",\"potentialAction\":[{\"@type\":\"CommentAction\",\"name\":\"Comment\",\"target\":[\"https:\\\/\\\/kuzeyinsesi.org\\\/index.php\\\/2024\\\/12\\\/03\\\/agirdag-ilkokulunda-33-ogrenciye-kurs-verildi\\\/#respond\"]}]},{\"@type\":\"WebPage\",\"@id\":\"https:\\\/\\\/kuzeyinsesi.org\\\/index.php\\\/2024\\\/12\\\/03\\\/agirdag-ilkokulunda-33-ogrenciye-kurs-verildi\\\/\",\"url\":\"https:\\\/\\\/kuzeyinsesi.org\\\/index.php\\\/2024\\\/12\\\/03\\\/agirdag-ilkokulunda-33-ogrenciye-kurs-verildi\\\/\",\"name\":\"A\u011f\u0131rda\u011f \u0130lkokulu\u2019nda 33 \u00f6\u011frenciye kurs verildi - Kuzeyin Sesi\",\"isPartOf\":{\"@id\":\"https:\\\/\\\/kuzeyinsesi.org\\\/#website\"},\"primaryImageOfPage\":{\"@id\":\"https:\\\/\\\/kuzeyinsesi.org\\\/index.php\\\/2024\\\/12\\\/03\\\/agirdag-ilkokulunda-33-ogrenciye-kurs-verildi\\\/#primaryimage\"},\"image\":{\"@id\":\"https:\\\/\\\/kuzeyinsesi.org\\\/index.php\\\/2024\\\/12\\\/03\\\/agirdag-ilkokulunda-33-ogrenciye-kurs-verildi\\\/#primaryimage\"},\"thumbnailUrl\":\"https:\\\/\\\/kuzeyinsesi.org\\\/wp-content\\\/uploads\\\/2024\\\/12\\\/assjla.jpg\",\"datePublished\":\"2024-12-03T14:23:31+00:00\",\"author\":{\"@id\":\"https:\\\/\\\/kuzeyinsesi.org\\\/#\\\/schema\\\/person\\\/9f859689cdf01485597712386e37f5aa\"},\"breadcrumb\":{\"@id\":\"https:\\\/\\\/kuzeyinsesi.org\\\/index.php\\\/2024\\\/12\\\/03\\\/agirdag-ilkokulunda-33-ogrenciye-kurs-verildi\\\/#breadcrumb\"},\"inLanguage\":\"tr\",\"potentialAction\":[{\"@type\":\"ReadAction\",\"target\":[\"https:\\\/\\\/kuzeyinsesi.org\\\/index.php\\\/2024\\\/12\\\/03\\\/agirdag-ilkokulunda-33-ogrenciye-kurs-verildi\\\/\"]}]},{\"@type\":\"ImageObject\",\"inLanguage\":\"tr\",\"@id\":\"https:\\\/\\\/kuzeyinsesi.org\\\/index.php\\\/2024\\\/12\\\/03\\\/agirdag-ilkokulunda-33-ogrenciye-kurs-verildi\\\/#primaryimage\",\"url\":\"https:\\\/\\\/kuzeyinsesi.org\\\/wp-content\\\/uploads\\\/2024\\\/12\\\/assjla.jpg\",\"contentUrl\":\"https:\\\/\\\/kuzeyinsesi.org\\\/wp-content\\\/uploads\\\/2024\\\/12\\\/assjla.jpg\",\"width\":1084,\"height\":407},{\"@type\":\"BreadcrumbList\",\"@id\":\"https:\\\/\\\/kuzeyinsesi.org\\\/index.php\\\/2024\\\/12\\\/03\\\/agirdag-ilkokulunda-33-ogrenciye-kurs-verildi\\\/#breadcrumb\",\"itemListElement\":[{\"@type\":\"ListItem\",\"position\":1,\"name\":\"Anasayfa\",\"item\":\"https:\\\/\\\/kuzeyinsesi.org\\\/\"},{\"@type\":\"ListItem\",\"position\":2,\"name\":\"A\u011f\u0131rda\u011f \u0130lkokulu\u2019nda 33 \u00f6\u011frenciye kurs verildi\"}]},{\"@type\":\"WebSite\",\"@id\":\"https:\\\/\\\/kuzeyinsesi.org\\\/#website\",\"url\":\"https:\\\/\\\/kuzeyinsesi.org\\\/\",\"name\":\"Kuzeyin Sesi\",\"description\":\"Do\u011fru Haberin Adresi\",\"potentialAction\":[{\"@type\":\"SearchAction\",\"target\":{\"@type\":\"EntryPoint\",\"urlTemplate\":\"https:\\\/\\\/kuzeyinsesi.org\\\/?s={search_term_string}\"},\"query-input\":{\"@type\":\"PropertyValueSpecification\",\"valueRequired\":true,\"valueName\":\"search_term_string\"}}],\"inLanguage\":\"tr\"},{\"@type\":\"Person\",\"@id\":\"https:\\\/\\\/kuzeyinsesi.org\\\/#\\\/schema\\\/person\\\/9f859689cdf01485597712386e37f5aa\",\"name\":\"Kuzeyin Sesi\",\"image\":{\"@type\":\"ImageObject\",\"inLanguage\":\"tr\",\"@id\":\"https:\\\/\\\/secure.gravatar.com\\\/avatar\\\/bab33852abfd8b282518d6ed81826833d77c3c882d9ab608add591ccace47a44?s=96&d=mm&r=g\",\"url\":\"https:\\\/\\\/secure.gravatar.com\\\/avatar\\\/bab33852abfd8b282518d6ed81826833d77c3c882d9ab608add591ccace47a44?s=96&d=mm&r=g\",\"contentUrl\":\"https:\\\/\\\/secure.gravatar.com\\\/avatar\\\/bab33852abfd8b282518d6ed81826833d77c3c882d9ab608add591ccace47a44?s=96&d=mm&r=g\",\"caption\":\"Kuzeyin Sesi\"},\"sameAs\":[\"https:\\\/\\\/kuzeyinsesi.org\"],\"url\":\"https:\\\/\\\/kuzeyinsesi.org\\\/index.php\\\/author\\\/guven\\\/\"}]}<\/script>\n<!-- \/ Yoast SEO plugin. -->","yoast_head_json":{"title":"A\u011f\u0131rda\u011f \u0130lkokulu\u2019nda 33 \u00f6\u011frenciye kurs verildi - Kuzeyin Sesi","robots":{"index":"index","follow":"follow","max-snippet":"max-snippet:-1","max-image-preview":"max-image-preview:large","max-video-preview":"max-video-preview:-1"},"canonical":"https:\/\/kuzeyinsesi.org\/index.php\/2024\/12\/03\/agirdag-ilkokulunda-33-ogrenciye-kurs-verildi\/","og_locale":"tr_TR","og_type":"article","og_title":"A\u011f\u0131rda\u011f \u0130lkokulu\u2019nda 33 \u00f6\u011frenciye kurs verildi - Kuzeyin Sesi","og_description":"Ba\u015fkan Pervin G\u00fcrler y\u00f6netiminde Kybele Inner Wheel Kul\u00fcb\u00fc A\u011f\u0131rda\u011f \u0130lkokulu\u2019ndaki e\u011fitim projesini tamamlad\u0131. \u0130lkokul \u00f6\u011frencilerine y\u00f6nelik bi\u00e7ki, diki\u015f, nak\u0131\u015f projesi kapsam\u0131nda pilot okul olarak se\u00e7ilen A\u011f\u0131rda\u011f ilkokulunda 33 k\u0131z \u00f6\u011frenciye uzman e\u011fitici, \u00f6\u011fretmenler ve \u00fcyeler taraf\u0131ndan kas\u0131m ay\u0131 boyunca haftada iki kez e\u011fitim verildi. \u00c7ocuklar\u0131n b\u00fcy\u00fck heves ve heyecanla kat\u0131ld\u0131klar\u0131 e\u011fitim s\u00fcresince \u00fcrettikleri eserler web [&hellip;]","og_url":"https:\/\/kuzeyinsesi.org\/index.php\/2024\/12\/03\/agirdag-ilkokulunda-33-ogrenciye-kurs-verildi\/","og_site_name":"Kuzeyin Sesi","article_publisher":"https:\/\/www.facebook.com\/kuzeyinsesii","article_published_time":"2024-12-03T14:23:31+00:00","og_image":[{"url":"https:\/\/brtk.net\/wp-content\/uploads\/2024\/12\/03\/assjla.jpg?ver=516c6ab6e5202023ca1c87f963fa5232","type":"","width":"","height":""}],"author":"Kuzeyin Sesi","twitter_card":"summary_large_image","twitter_creator":"@kuzeyinsesii","twitter_site":"@kuzeyinsesii","twitter_misc":{"Yazan:":"Kuzeyin Sesi"},"schema":{"@context":"https:\/\/schema.org","@graph":[{"@type":"Article","@id":"https:\/\/kuzeyinsesi.org\/index.php\/2024\/12\/03\/agirdag-ilkokulunda-33-ogrenciye-kurs-verildi\/#article","isPartOf":{"@id":"https:\/\/kuzeyinsesi.org\/index.php\/2024\/12\/03\/agirdag-ilkokulunda-33-ogrenciye-kurs-verildi\/"},"author":{"name":"Kuzeyin Sesi","@id":"https:\/\/kuzeyinsesi.org\/#\/schema\/person\/9f859689cdf01485597712386e37f5aa"},"headline":"A\u011f\u0131rda\u011f \u0130lkokulu\u2019nda 33 \u00f6\u011frenciye kurs verildi","datePublished":"2024-12-03T14:23:31+00:00","mainEntityOfPage":{"@id":"https:\/\/kuzeyinsesi.org\/index.php\/2024\/12\/03\/agirdag-ilkokulunda-33-ogrenciye-kurs-verildi\/"},"wordCount":97,"commentCount":0,"image":{"@id":"https:\/\/kuzeyinsesi.org\/index.php\/2024\/12\/03\/agirdag-ilkokulunda-33-ogrenciye-kurs-verildi\/#primaryimage"},"thumbnailUrl":"https:\/\/kuzeyinsesi.org\/wp-content\/uploads\/2024\/12\/assjla.jpg","articleSection":["Ya\u015fam"],"inLanguage":"tr","potentialAction":[{"@type":"CommentAction","name":"Comment","target":["https:\/\/kuzeyinsesi.org\/index.php\/2024\/12\/03\/agirdag-ilkokulunda-33-ogrenciye-kurs-verildi\/#respond"]}]},{"@type":"WebPage","@id":"https:\/\/kuzeyinsesi.org\/index.php\/2024\/12\/03\/agirdag-ilkokulunda-33-ogrenciye-kurs-verildi\/","url":"https:\/\/kuzeyinsesi.org\/index.php\/2024\/12\/03\/agirdag-ilkokulunda-33-ogrenciye-kurs-verildi\/","name":"A\u011f\u0131rda\u011f \u0130lkokulu\u2019nda 33 \u00f6\u011frenciye kurs verildi - Kuzeyin Sesi","isPartOf":{"@id":"https:\/\/kuzeyinsesi.org\/#website"},"primaryImageOfPage":{"@id":"https:\/\/kuzeyinsesi.org\/index.php\/2024\/12\/03\/agirdag-ilkokulunda-33-ogrenciye-kurs-verildi\/#primaryimage"},"image":{"@id":"https:\/\/kuzeyinsesi.org\/index.php\/2024\/12\/03\/agirdag-ilkokulunda-33-ogrenciye-kurs-verildi\/#primaryimage"},"thumbnailUrl":"https:\/\/kuzeyinsesi.org\/wp-content\/uploads\/2024\/12\/assjla.jpg","datePublished":"2024-12-03T14:23:31+00:00","author":{"@id":"https:\/\/kuzeyinsesi.org\/#\/schema\/person\/9f859689cdf01485597712386e37f5aa"},"breadcrumb":{"@id":"https:\/\/kuzeyinsesi.org\/index.php\/2024\/12\/03\/agirdag-ilkokulunda-33-ogrenciye-kurs-verildi\/#breadcrumb"},"inLanguage":"tr","potentialAction":[{"@type":"ReadAction","target":["https:\/\/kuzeyinsesi.org\/index.php\/2024\/12\/03\/agirdag-ilkokulunda-33-ogrenciye-kurs-verildi\/"]}]},{"@type":"ImageObject","inLanguage":"tr","@id":"https:\/\/kuzeyinsesi.org\/index.php\/2024\/12\/03\/agirdag-ilkokulunda-33-ogrenciye-kurs-verildi\/#primaryimage","url":"https:\/\/kuzeyinsesi.org\/wp-content\/uploads\/2024\/12\/assjla.jpg","contentUrl":"https:\/\/kuzeyinsesi.org\/wp-content\/uploads\/2024\/12\/assjla.jpg","width":1084,"height":407},{"@type":"BreadcrumbList","@id":"https:\/\/kuzeyinsesi.org\/index.php\/2024\/12\/03\/agirdag-ilkokulunda-33-ogrenciye-kurs-verildi\/#breadcrumb","itemListElement":[{"@type":"ListItem","position":1,"name":"Anasayfa","item":"https:\/\/kuzeyinsesi.org\/"},{"@type":"ListItem","position":2,"name":"A\u011f\u0131rda\u011f \u0130lkokulu\u2019nda 33 \u00f6\u011frenciye kurs verildi"}]},{"@type":"WebSite","@id":"https:\/\/kuzeyinsesi.org\/#website","url":"https:\/\/kuzeyinsesi.org\/","name":"Kuzeyin Sesi","description":"Do\u011fru Haberin Adresi","potentialAction":[{"@type":"SearchAction","target":{"@type":"EntryPoint","urlTemplate":"https:\/\/kuzeyinsesi.org\/?s={search_term_string}"},"query-input":{"@type":"PropertyValueSpecification","valueRequired":true,"valueName":"search_term_string"}}],"inLanguage":"tr"},{"@type":"Person","@id":"https:\/\/kuzeyinsesi.org\/#\/schema\/person\/9f859689cdf01485597712386e37f5aa","name":"Kuzeyin Sesi","image":{"@type":"ImageObject","inLanguage":"tr","@id":"https:\/\/secure.gravatar.com\/avatar\/bab33852abfd8b282518d6ed81826833d77c3c882d9ab608add591ccace47a44?s=96&d=mm&r=g","url":"https:\/\/secure.gravatar.com\/avatar\/bab33852abfd8b282518d6ed81826833d77c3c882d9ab608add591ccace47a44?s=96&d=mm&r=g","contentUrl":"https:\/\/secure.gravatar.com\/avatar\/bab33852abfd8b282518d6ed81826833d77c3c882d9ab608add591ccace47a44?s=96&d=mm&r=g","caption":"Kuzeyin Sesi"},"sameAs":["https:\/\/kuzeyinsesi.org"],"url":"https:\/\/kuzeyinsesi.org\/index.php\/author\/guven\/"}]}},"_links":{"self":[{"href":"https:\/\/kuzeyinsesi.org\/index.php\/wp-json\/wp\/v2\/posts\/14861","targetHints":{"allow":["GET"]}}],"collection":[{"href":"https:\/\/kuzeyinsesi.org\/index.php\/wp-json\/wp\/v2\/posts"}],"about":[{"href":"https:\/\/kuzeyinsesi.org\/index.php\/wp-json\/wp\/v2\/types\/post"}],"author":[{"embeddable":true,"href":"https:\/\/kuzeyinsesi.org\/index.php\/wp-json\/wp\/v2\/users\/1"}],"replies":[{"embeddable":true,"href":"https:\/\/kuzeyinsesi.org\/index.php\/wp-json\/wp\/v2\/comments?post=14861"}],"version-history":[{"count":0,"href":"https:\/\/kuzeyinsesi.org\/index.php\/wp-json\/wp\/v2\/posts\/14861\/revisions"}],"wp:featuredmedia":[{"embeddable":true,"href":"https:\/\/kuzeyinsesi.org\/index.php\/wp-json\/wp\/v2\/media\/14862"}],"wp:attachment":[{"href":"https:\/\/kuzeyinsesi.org\/index.php\/wp-json\/wp\/v2\/media?parent=14861"}],"wp:term":[{"taxonomy":"category","embeddable":true,"href":"https:\/\/kuzeyinsesi.org\/index.php\/wp-json\/wp\/v2\/categories?post=14861"},{"taxonomy":"post_tag","embeddable":true,"href":"https:\/\/kuzeyinsesi.org\/index.php\/wp-json\/wp\/v2\/tags?post=14861"}],"curies":[{"name":"wp","href":"https:\/\/api.w.org\/{rel}","templated":true}]}}