{"id":14845,"date":"2024-12-03T15:14:58","date_gmt":"2024-12-03T13:14:58","guid":{"rendered":"https:\/\/kuzeyinsesi.org\/index.php\/2024\/12\/03\/tc-icisleri-bakani-yerlikaya-icisleri-bakani-oguz-ile-duzensiz-gocle-mucadele-ve-guvenlik-konularini-ele-aldi\/"},"modified":"2024-12-03T15:14:58","modified_gmt":"2024-12-03T13:14:58","slug":"tc-icisleri-bakani-yerlikaya-icisleri-bakani-oguz-ile-duzensiz-gocle-mucadele-ve-guvenlik-konularini-ele-aldi","status":"publish","type":"post","link":"https:\/\/kuzeyinsesi.org\/index.php\/2024\/12\/03\/tc-icisleri-bakani-yerlikaya-icisleri-bakani-oguz-ile-duzensiz-gocle-mucadele-ve-guvenlik-konularini-ele-aldi\/","title":{"rendered":"TC \u0130\u00e7i\u015fleri Bakan\u0131 Yerlikaya, \u0130\u00e7i\u015fleri Bakan\u0131 O\u011fuz ile d\u00fczensiz g\u00f6\u00e7le m\u00fccadele ve g\u00fcvenlik konular\u0131n\u0131 ele ald\u0131"},"content":{"rendered":"<div>\n<div class=\"mariselle-image-container center\">\n                                            <\/div>\n<p>T\u00fcrkiye \u0130\u00e7i\u015fleri Bakan\u0131 Ali Yerlikaya, \u0130\u00e7i\u015fleri Bakan\u0131 Dursun O\u011fuz ile d\u00fczensiz g\u00f6\u00e7le m\u00fccadele ve g\u00fcvenlik ba\u015fta olmak \u00fczere i\u015fbirli\u011fi konular\u0131n\u0131 de\u011ferlendirdiklerini belirtti.<\/p>\n<p>AA\u2019da yer alan habere g\u00f6re T\u00fcrkiye \u0130\u00e7i\u015fleri Bakan\u0131 Yerlikaya, g\u00f6r\u00fc\u015fmeye ili\u015fkin sosyal medya hesab\u0131ndan yapt\u0131\u011f\u0131 a\u00e7\u0131klamada, mevkida\u015f\u0131 O\u011fuz ile beraberindeki heyeti Bakanl\u0131kta misafir ettiklerini belirtti.<\/p>\n<p>Bakan Yerlikaya, g\u00f6r\u00fc\u015fmede, d\u00fczensiz g\u00f6\u00e7le m\u00fccadele ve g\u00fcvenlik ba\u015fta olmak \u00fczere i\u015fbirli\u011fi konular\u0131n\u0131n de\u011ferlendirildi\u011fini kaydetti.<\/p>\n<\/p><\/div>\n<p><script async\n                    defer\n                    crossorigin=\"anonymous\"\n                    src=\"https:\/\/connect.facebook.net\/tr_TR\/sdk.js#xfbml=1&#038;version=v3.3\"\n            ><\/script><\/p>\n","protected":false},"excerpt":{"rendered":"<p>T\u00fcrkiye \u0130\u00e7i\u015fleri Bakan\u0131 Ali Yerlikaya, \u0130\u00e7i\u015fleri Bakan\u0131 Dursun O\u011fuz ile d\u00fczensiz g\u00f6\u00e7le m\u00fccadele ve g\u00fcvenlik ba\u015fta olmak \u00fczere i\u015fbirli\u011fi konular\u0131n\u0131 de\u011ferlendirdiklerini belirtti. AA\u2019da yer alan habere g\u00f6re T\u00fcrkiye \u0130\u00e7i\u015fleri Bakan\u0131 Yerlikaya, g\u00f6r\u00fc\u015fmeye ili\u015fkin sosyal medya hesab\u0131ndan yapt\u0131\u011f\u0131 a\u00e7\u0131klamada, mevkida\u015f\u0131 O\u011fuz ile beraberindeki heyeti Bakanl\u0131kta misafir ettiklerini belirtti. Bakan Yerlikaya, g\u00f6r\u00fc\u015fmede, d\u00fczensiz g\u00f6\u00e7le m\u00fccadele ve g\u00fcvenlik [&hellip;]<\/p>\n","protected":false},"author":1,"featured_media":14846,"comment_status":"open","ping_status":"open","sticky":false,"template":"","format":"standard","meta":{"jnews-multi-image_gallery":[],"jnews_single_post":[],"jnews_primary_category":[],"jnews_social_meta":[],"jnews_override_counter":[],"footnotes":""},"categories":[5],"tags":[],"class_list":["post-14845","post","type-post","status-publish","format-standard","has-post-thumbnail","hentry","category-turkiye"],"yoast_head":"<!-- This site is optimized with the Yoast SEO plugin v27.4 - https:\/\/yoast.com\/product\/yoast-seo-wordpress\/ -->\n<title>TC \u0130\u00e7i\u015fleri Bakan\u0131 Yerlikaya, \u0130\u00e7i\u015fleri Bakan\u0131 O\u011fuz ile d\u00fczensiz g\u00f6\u00e7le m\u00fccadele ve g\u00fcvenlik konular\u0131n\u0131 ele ald\u0131 - Kuzeyin Sesi<\/title>\n<meta name=\"robots\" content=\"index, follow, max-snippet:-1, max-image-preview:large, max-video-preview:-1\" \/>\n<link rel=\"canonical\" href=\"https:\/\/kuzeyinsesi.org\/index.php\/2024\/12\/03\/tc-icisleri-bakani-yerlikaya-icisleri-bakani-oguz-ile-duzensiz-gocle-mucadele-ve-guvenlik-konularini-ele-aldi\/\" \/>\n<meta property=\"og:locale\" content=\"tr_TR\" \/>\n<meta property=\"og:type\" content=\"article\" \/>\n<meta property=\"og:title\" content=\"TC \u0130\u00e7i\u015fleri Bakan\u0131 Yerlikaya, \u0130\u00e7i\u015fleri Bakan\u0131 O\u011fuz ile d\u00fczensiz g\u00f6\u00e7le m\u00fccadele ve g\u00fcvenlik konular\u0131n\u0131 ele ald\u0131 - Kuzeyin Sesi\" \/>\n<meta property=\"og:description\" content=\"T\u00fcrkiye \u0130\u00e7i\u015fleri Bakan\u0131 Ali Yerlikaya, \u0130\u00e7i\u015fleri Bakan\u0131 Dursun O\u011fuz ile d\u00fczensiz g\u00f6\u00e7le m\u00fccadele ve g\u00fcvenlik ba\u015fta olmak \u00fczere i\u015fbirli\u011fi konular\u0131n\u0131 de\u011ferlendirdiklerini belirtti. AA\u2019da yer alan habere g\u00f6re T\u00fcrkiye \u0130\u00e7i\u015fleri Bakan\u0131 Yerlikaya, g\u00f6r\u00fc\u015fmeye ili\u015fkin sosyal medya hesab\u0131ndan yapt\u0131\u011f\u0131 a\u00e7\u0131klamada, mevkida\u015f\u0131 O\u011fuz ile beraberindeki heyeti Bakanl\u0131kta misafir ettiklerini belirtti. Bakan Yerlikaya, g\u00f6r\u00fc\u015fmede, d\u00fczensiz g\u00f6\u00e7le m\u00fccadele ve g\u00fcvenlik [&hellip;]\" \/>\n<meta property=\"og:url\" content=\"https:\/\/kuzeyinsesi.org\/index.php\/2024\/12\/03\/tc-icisleri-bakani-yerlikaya-icisleri-bakani-oguz-ile-duzensiz-gocle-mucadele-ve-guvenlik-konularini-ele-aldi\/\" \/>\n<meta property=\"og:site_name\" content=\"Kuzeyin Sesi\" \/>\n<meta property=\"article:publisher\" content=\"https:\/\/www.facebook.com\/kuzeyinsesii\" \/>\n<meta property=\"article:published_time\" content=\"2024-12-03T13:14:58+00:00\" \/>\n<meta property=\"og:image\" content=\"https:\/\/brtk.net\/wp-content\/uploads\/2024\/12\/03\/oguz-yerli.jpeg?ver=53f19a685c02eabea255deec181696bc\" \/>\n<meta name=\"author\" content=\"Kuzeyin Sesi\" \/>\n<meta name=\"twitter:card\" content=\"summary_large_image\" \/>\n<meta name=\"twitter:creator\" content=\"@kuzeyinsesii\" \/>\n<meta name=\"twitter:site\" content=\"@kuzeyinsesii\" \/>\n<meta name=\"twitter:label1\" content=\"Yazan:\" \/>\n\t<meta name=\"twitter:data1\" content=\"Kuzeyin Sesi\" \/>\n<script type=\"application\/ld+json\" class=\"yoast-schema-graph\">{\"@context\":\"https:\\\/\\\/schema.org\",\"@graph\":[{\"@type\":\"Article\",\"@id\":\"https:\\\/\\\/kuzeyinsesi.org\\\/index.php\\\/2024\\\/12\\\/03\\\/tc-icisleri-bakani-yerlikaya-icisleri-bakani-oguz-ile-duzensiz-gocle-mucadele-ve-guvenlik-konularini-ele-aldi\\\/#article\",\"isPartOf\":{\"@id\":\"https:\\\/\\\/kuzeyinsesi.org\\\/index.php\\\/2024\\\/12\\\/03\\\/tc-icisleri-bakani-yerlikaya-icisleri-bakani-oguz-ile-duzensiz-gocle-mucadele-ve-guvenlik-konularini-ele-aldi\\\/\"},\"author\":{\"name\":\"Kuzeyin Sesi\",\"@id\":\"https:\\\/\\\/kuzeyinsesi.org\\\/#\\\/schema\\\/person\\\/9f859689cdf01485597712386e37f5aa\"},\"headline\":\"TC \u0130\u00e7i\u015fleri Bakan\u0131 Yerlikaya, \u0130\u00e7i\u015fleri Bakan\u0131 O\u011fuz ile d\u00fczensiz g\u00f6\u00e7le m\u00fccadele ve g\u00fcvenlik konular\u0131n\u0131 ele ald\u0131\",\"datePublished\":\"2024-12-03T13:14:58+00:00\",\"mainEntityOfPage\":{\"@id\":\"https:\\\/\\\/kuzeyinsesi.org\\\/index.php\\\/2024\\\/12\\\/03\\\/tc-icisleri-bakani-yerlikaya-icisleri-bakani-oguz-ile-duzensiz-gocle-mucadele-ve-guvenlik-konularini-ele-aldi\\\/\"},\"wordCount\":123,\"commentCount\":0,\"image\":{\"@id\":\"https:\\\/\\\/kuzeyinsesi.org\\\/index.php\\\/2024\\\/12\\\/03\\\/tc-icisleri-bakani-yerlikaya-icisleri-bakani-oguz-ile-duzensiz-gocle-mucadele-ve-guvenlik-konularini-ele-aldi\\\/#primaryimage\"},\"thumbnailUrl\":\"https:\\\/\\\/kuzeyinsesi.org\\\/wp-content\\\/uploads\\\/2024\\\/12\\\/oguz-yerli.jpeg\",\"articleSection\":[\"T\u00fcrkiye\"],\"inLanguage\":\"tr\",\"potentialAction\":[{\"@type\":\"CommentAction\",\"name\":\"Comment\",\"target\":[\"https:\\\/\\\/kuzeyinsesi.org\\\/index.php\\\/2024\\\/12\\\/03\\\/tc-icisleri-bakani-yerlikaya-icisleri-bakani-oguz-ile-duzensiz-gocle-mucadele-ve-guvenlik-konularini-ele-aldi\\\/#respond\"]}]},{\"@type\":\"WebPage\",\"@id\":\"https:\\\/\\\/kuzeyinsesi.org\\\/index.php\\\/2024\\\/12\\\/03\\\/tc-icisleri-bakani-yerlikaya-icisleri-bakani-oguz-ile-duzensiz-gocle-mucadele-ve-guvenlik-konularini-ele-aldi\\\/\",\"url\":\"https:\\\/\\\/kuzeyinsesi.org\\\/index.php\\\/2024\\\/12\\\/03\\\/tc-icisleri-bakani-yerlikaya-icisleri-bakani-oguz-ile-duzensiz-gocle-mucadele-ve-guvenlik-konularini-ele-aldi\\\/\",\"name\":\"TC \u0130\u00e7i\u015fleri Bakan\u0131 Yerlikaya, \u0130\u00e7i\u015fleri Bakan\u0131 O\u011fuz ile d\u00fczensiz g\u00f6\u00e7le m\u00fccadele ve g\u00fcvenlik konular\u0131n\u0131 ele ald\u0131 - Kuzeyin Sesi\",\"isPartOf\":{\"@id\":\"https:\\\/\\\/kuzeyinsesi.org\\\/#website\"},\"primaryImageOfPage\":{\"@id\":\"https:\\\/\\\/kuzeyinsesi.org\\\/index.php\\\/2024\\\/12\\\/03\\\/tc-icisleri-bakani-yerlikaya-icisleri-bakani-oguz-ile-duzensiz-gocle-mucadele-ve-guvenlik-konularini-ele-aldi\\\/#primaryimage\"},\"image\":{\"@id\":\"https:\\\/\\\/kuzeyinsesi.org\\\/index.php\\\/2024\\\/12\\\/03\\\/tc-icisleri-bakani-yerlikaya-icisleri-bakani-oguz-ile-duzensiz-gocle-mucadele-ve-guvenlik-konularini-ele-aldi\\\/#primaryimage\"},\"thumbnailUrl\":\"https:\\\/\\\/kuzeyinsesi.org\\\/wp-content\\\/uploads\\\/2024\\\/12\\\/oguz-yerli.jpeg\",\"datePublished\":\"2024-12-03T13:14:58+00:00\",\"author\":{\"@id\":\"https:\\\/\\\/kuzeyinsesi.org\\\/#\\\/schema\\\/person\\\/9f859689cdf01485597712386e37f5aa\"},\"breadcrumb\":{\"@id\":\"https:\\\/\\\/kuzeyinsesi.org\\\/index.php\\\/2024\\\/12\\\/03\\\/tc-icisleri-bakani-yerlikaya-icisleri-bakani-oguz-ile-duzensiz-gocle-mucadele-ve-guvenlik-konularini-ele-aldi\\\/#breadcrumb\"},\"inLanguage\":\"tr\",\"potentialAction\":[{\"@type\":\"ReadAction\",\"target\":[\"https:\\\/\\\/kuzeyinsesi.org\\\/index.php\\\/2024\\\/12\\\/03\\\/tc-icisleri-bakani-yerlikaya-icisleri-bakani-oguz-ile-duzensiz-gocle-mucadele-ve-guvenlik-konularini-ele-aldi\\\/\"]}]},{\"@type\":\"ImageObject\",\"inLanguage\":\"tr\",\"@id\":\"https:\\\/\\\/kuzeyinsesi.org\\\/index.php\\\/2024\\\/12\\\/03\\\/tc-icisleri-bakani-yerlikaya-icisleri-bakani-oguz-ile-duzensiz-gocle-mucadele-ve-guvenlik-konularini-ele-aldi\\\/#primaryimage\",\"url\":\"https:\\\/\\\/kuzeyinsesi.org\\\/wp-content\\\/uploads\\\/2024\\\/12\\\/oguz-yerli.jpeg\",\"contentUrl\":\"https:\\\/\\\/kuzeyinsesi.org\\\/wp-content\\\/uploads\\\/2024\\\/12\\\/oguz-yerli.jpeg\",\"width\":2048,\"height\":1366},{\"@type\":\"BreadcrumbList\",\"@id\":\"https:\\\/\\\/kuzeyinsesi.org\\\/index.php\\\/2024\\\/12\\\/03\\\/tc-icisleri-bakani-yerlikaya-icisleri-bakani-oguz-ile-duzensiz-gocle-mucadele-ve-guvenlik-konularini-ele-aldi\\\/#breadcrumb\",\"itemListElement\":[{\"@type\":\"ListItem\",\"position\":1,\"name\":\"Anasayfa\",\"item\":\"https:\\\/\\\/kuzeyinsesi.org\\\/\"},{\"@type\":\"ListItem\",\"position\":2,\"name\":\"TC \u0130\u00e7i\u015fleri Bakan\u0131 Yerlikaya, \u0130\u00e7i\u015fleri Bakan\u0131 O\u011fuz ile d\u00fczensiz g\u00f6\u00e7le m\u00fccadele ve g\u00fcvenlik konular\u0131n\u0131 ele ald\u0131\"}]},{\"@type\":\"WebSite\",\"@id\":\"https:\\\/\\\/kuzeyinsesi.org\\\/#website\",\"url\":\"https:\\\/\\\/kuzeyinsesi.org\\\/\",\"name\":\"Kuzeyin Sesi\",\"description\":\"Do\u011fru Haberin Adresi\",\"potentialAction\":[{\"@type\":\"SearchAction\",\"target\":{\"@type\":\"EntryPoint\",\"urlTemplate\":\"https:\\\/\\\/kuzeyinsesi.org\\\/?s={search_term_string}\"},\"query-input\":{\"@type\":\"PropertyValueSpecification\",\"valueRequired\":true,\"valueName\":\"search_term_string\"}}],\"inLanguage\":\"tr\"},{\"@type\":\"Person\",\"@id\":\"https:\\\/\\\/kuzeyinsesi.org\\\/#\\\/schema\\\/person\\\/9f859689cdf01485597712386e37f5aa\",\"name\":\"Kuzeyin Sesi\",\"image\":{\"@type\":\"ImageObject\",\"inLanguage\":\"tr\",\"@id\":\"https:\\\/\\\/secure.gravatar.com\\\/avatar\\\/bab33852abfd8b282518d6ed81826833d77c3c882d9ab608add591ccace47a44?s=96&d=mm&r=g\",\"url\":\"https:\\\/\\\/secure.gravatar.com\\\/avatar\\\/bab33852abfd8b282518d6ed81826833d77c3c882d9ab608add591ccace47a44?s=96&d=mm&r=g\",\"contentUrl\":\"https:\\\/\\\/secure.gravatar.com\\\/avatar\\\/bab33852abfd8b282518d6ed81826833d77c3c882d9ab608add591ccace47a44?s=96&d=mm&r=g\",\"caption\":\"Kuzeyin Sesi\"},\"sameAs\":[\"https:\\\/\\\/kuzeyinsesi.org\"],\"url\":\"https:\\\/\\\/kuzeyinsesi.org\\\/index.php\\\/author\\\/guven\\\/\"}]}<\/script>\n<!-- \/ Yoast SEO plugin. -->","yoast_head_json":{"title":"TC \u0130\u00e7i\u015fleri Bakan\u0131 Yerlikaya, \u0130\u00e7i\u015fleri Bakan\u0131 O\u011fuz ile d\u00fczensiz g\u00f6\u00e7le m\u00fccadele ve g\u00fcvenlik konular\u0131n\u0131 ele ald\u0131 - Kuzeyin Sesi","robots":{"index":"index","follow":"follow","max-snippet":"max-snippet:-1","max-image-preview":"max-image-preview:large","max-video-preview":"max-video-preview:-1"},"canonical":"https:\/\/kuzeyinsesi.org\/index.php\/2024\/12\/03\/tc-icisleri-bakani-yerlikaya-icisleri-bakani-oguz-ile-duzensiz-gocle-mucadele-ve-guvenlik-konularini-ele-aldi\/","og_locale":"tr_TR","og_type":"article","og_title":"TC \u0130\u00e7i\u015fleri Bakan\u0131 Yerlikaya, \u0130\u00e7i\u015fleri Bakan\u0131 O\u011fuz ile d\u00fczensiz g\u00f6\u00e7le m\u00fccadele ve g\u00fcvenlik konular\u0131n\u0131 ele ald\u0131 - Kuzeyin Sesi","og_description":"T\u00fcrkiye \u0130\u00e7i\u015fleri Bakan\u0131 Ali Yerlikaya, \u0130\u00e7i\u015fleri Bakan\u0131 Dursun O\u011fuz ile d\u00fczensiz g\u00f6\u00e7le m\u00fccadele ve g\u00fcvenlik ba\u015fta olmak \u00fczere i\u015fbirli\u011fi konular\u0131n\u0131 de\u011ferlendirdiklerini belirtti. AA\u2019da yer alan habere g\u00f6re T\u00fcrkiye \u0130\u00e7i\u015fleri Bakan\u0131 Yerlikaya, g\u00f6r\u00fc\u015fmeye ili\u015fkin sosyal medya hesab\u0131ndan yapt\u0131\u011f\u0131 a\u00e7\u0131klamada, mevkida\u015f\u0131 O\u011fuz ile beraberindeki heyeti Bakanl\u0131kta misafir ettiklerini belirtti. Bakan Yerlikaya, g\u00f6r\u00fc\u015fmede, d\u00fczensiz g\u00f6\u00e7le m\u00fccadele ve g\u00fcvenlik [&hellip;]","og_url":"https:\/\/kuzeyinsesi.org\/index.php\/2024\/12\/03\/tc-icisleri-bakani-yerlikaya-icisleri-bakani-oguz-ile-duzensiz-gocle-mucadele-ve-guvenlik-konularini-ele-aldi\/","og_site_name":"Kuzeyin Sesi","article_publisher":"https:\/\/www.facebook.com\/kuzeyinsesii","article_published_time":"2024-12-03T13:14:58+00:00","og_image":[{"url":"https:\/\/brtk.net\/wp-content\/uploads\/2024\/12\/03\/oguz-yerli.jpeg?ver=53f19a685c02eabea255deec181696bc","type":"","width":"","height":""}],"author":"Kuzeyin Sesi","twitter_card":"summary_large_image","twitter_creator":"@kuzeyinsesii","twitter_site":"@kuzeyinsesii","twitter_misc":{"Yazan:":"Kuzeyin Sesi"},"schema":{"@context":"https:\/\/schema.org","@graph":[{"@type":"Article","@id":"https:\/\/kuzeyinsesi.org\/index.php\/2024\/12\/03\/tc-icisleri-bakani-yerlikaya-icisleri-bakani-oguz-ile-duzensiz-gocle-mucadele-ve-guvenlik-konularini-ele-aldi\/#article","isPartOf":{"@id":"https:\/\/kuzeyinsesi.org\/index.php\/2024\/12\/03\/tc-icisleri-bakani-yerlikaya-icisleri-bakani-oguz-ile-duzensiz-gocle-mucadele-ve-guvenlik-konularini-ele-aldi\/"},"author":{"name":"Kuzeyin Sesi","@id":"https:\/\/kuzeyinsesi.org\/#\/schema\/person\/9f859689cdf01485597712386e37f5aa"},"headline":"TC \u0130\u00e7i\u015fleri Bakan\u0131 Yerlikaya, \u0130\u00e7i\u015fleri Bakan\u0131 O\u011fuz ile d\u00fczensiz g\u00f6\u00e7le m\u00fccadele ve g\u00fcvenlik konular\u0131n\u0131 ele ald\u0131","datePublished":"2024-12-03T13:14:58+00:00","mainEntityOfPage":{"@id":"https:\/\/kuzeyinsesi.org\/index.php\/2024\/12\/03\/tc-icisleri-bakani-yerlikaya-icisleri-bakani-oguz-ile-duzensiz-gocle-mucadele-ve-guvenlik-konularini-ele-aldi\/"},"wordCount":123,"commentCount":0,"image":{"@id":"https:\/\/kuzeyinsesi.org\/index.php\/2024\/12\/03\/tc-icisleri-bakani-yerlikaya-icisleri-bakani-oguz-ile-duzensiz-gocle-mucadele-ve-guvenlik-konularini-ele-aldi\/#primaryimage"},"thumbnailUrl":"https:\/\/kuzeyinsesi.org\/wp-content\/uploads\/2024\/12\/oguz-yerli.jpeg","articleSection":["T\u00fcrkiye"],"inLanguage":"tr","potentialAction":[{"@type":"CommentAction","name":"Comment","target":["https:\/\/kuzeyinsesi.org\/index.php\/2024\/12\/03\/tc-icisleri-bakani-yerlikaya-icisleri-bakani-oguz-ile-duzensiz-gocle-mucadele-ve-guvenlik-konularini-ele-aldi\/#respond"]}]},{"@type":"WebPage","@id":"https:\/\/kuzeyinsesi.org\/index.php\/2024\/12\/03\/tc-icisleri-bakani-yerlikaya-icisleri-bakani-oguz-ile-duzensiz-gocle-mucadele-ve-guvenlik-konularini-ele-aldi\/","url":"https:\/\/kuzeyinsesi.org\/index.php\/2024\/12\/03\/tc-icisleri-bakani-yerlikaya-icisleri-bakani-oguz-ile-duzensiz-gocle-mucadele-ve-guvenlik-konularini-ele-aldi\/","name":"TC \u0130\u00e7i\u015fleri Bakan\u0131 Yerlikaya, \u0130\u00e7i\u015fleri Bakan\u0131 O\u011fuz ile d\u00fczensiz g\u00f6\u00e7le m\u00fccadele ve g\u00fcvenlik konular\u0131n\u0131 ele ald\u0131 - Kuzeyin Sesi","isPartOf":{"@id":"https:\/\/kuzeyinsesi.org\/#website"},"primaryImageOfPage":{"@id":"https:\/\/kuzeyinsesi.org\/index.php\/2024\/12\/03\/tc-icisleri-bakani-yerlikaya-icisleri-bakani-oguz-ile-duzensiz-gocle-mucadele-ve-guvenlik-konularini-ele-aldi\/#primaryimage"},"image":{"@id":"https:\/\/kuzeyinsesi.org\/index.php\/2024\/12\/03\/tc-icisleri-bakani-yerlikaya-icisleri-bakani-oguz-ile-duzensiz-gocle-mucadele-ve-guvenlik-konularini-ele-aldi\/#primaryimage"},"thumbnailUrl":"https:\/\/kuzeyinsesi.org\/wp-content\/uploads\/2024\/12\/oguz-yerli.jpeg","datePublished":"2024-12-03T13:14:58+00:00","author":{"@id":"https:\/\/kuzeyinsesi.org\/#\/schema\/person\/9f859689cdf01485597712386e37f5aa"},"breadcrumb":{"@id":"https:\/\/kuzeyinsesi.org\/index.php\/2024\/12\/03\/tc-icisleri-bakani-yerlikaya-icisleri-bakani-oguz-ile-duzensiz-gocle-mucadele-ve-guvenlik-konularini-ele-aldi\/#breadcrumb"},"inLanguage":"tr","potentialAction":[{"@type":"ReadAction","target":["https:\/\/kuzeyinsesi.org\/index.php\/2024\/12\/03\/tc-icisleri-bakani-yerlikaya-icisleri-bakani-oguz-ile-duzensiz-gocle-mucadele-ve-guvenlik-konularini-ele-aldi\/"]}]},{"@type":"ImageObject","inLanguage":"tr","@id":"https:\/\/kuzeyinsesi.org\/index.php\/2024\/12\/03\/tc-icisleri-bakani-yerlikaya-icisleri-bakani-oguz-ile-duzensiz-gocle-mucadele-ve-guvenlik-konularini-ele-aldi\/#primaryimage","url":"https:\/\/kuzeyinsesi.org\/wp-content\/uploads\/2024\/12\/oguz-yerli.jpeg","contentUrl":"https:\/\/kuzeyinsesi.org\/wp-content\/uploads\/2024\/12\/oguz-yerli.jpeg","width":2048,"height":1366},{"@type":"BreadcrumbList","@id":"https:\/\/kuzeyinsesi.org\/index.php\/2024\/12\/03\/tc-icisleri-bakani-yerlikaya-icisleri-bakani-oguz-ile-duzensiz-gocle-mucadele-ve-guvenlik-konularini-ele-aldi\/#breadcrumb","itemListElement":[{"@type":"ListItem","position":1,"name":"Anasayfa","item":"https:\/\/kuzeyinsesi.org\/"},{"@type":"ListItem","position":2,"name":"TC \u0130\u00e7i\u015fleri Bakan\u0131 Yerlikaya, \u0130\u00e7i\u015fleri Bakan\u0131 O\u011fuz ile d\u00fczensiz g\u00f6\u00e7le m\u00fccadele ve g\u00fcvenlik konular\u0131n\u0131 ele ald\u0131"}]},{"@type":"WebSite","@id":"https:\/\/kuzeyinsesi.org\/#website","url":"https:\/\/kuzeyinsesi.org\/","name":"Kuzeyin Sesi","description":"Do\u011fru Haberin Adresi","potentialAction":[{"@type":"SearchAction","target":{"@type":"EntryPoint","urlTemplate":"https:\/\/kuzeyinsesi.org\/?s={search_term_string}"},"query-input":{"@type":"PropertyValueSpecification","valueRequired":true,"valueName":"search_term_string"}}],"inLanguage":"tr"},{"@type":"Person","@id":"https:\/\/kuzeyinsesi.org\/#\/schema\/person\/9f859689cdf01485597712386e37f5aa","name":"Kuzeyin Sesi","image":{"@type":"ImageObject","inLanguage":"tr","@id":"https:\/\/secure.gravatar.com\/avatar\/bab33852abfd8b282518d6ed81826833d77c3c882d9ab608add591ccace47a44?s=96&d=mm&r=g","url":"https:\/\/secure.gravatar.com\/avatar\/bab33852abfd8b282518d6ed81826833d77c3c882d9ab608add591ccace47a44?s=96&d=mm&r=g","contentUrl":"https:\/\/secure.gravatar.com\/avatar\/bab33852abfd8b282518d6ed81826833d77c3c882d9ab608add591ccace47a44?s=96&d=mm&r=g","caption":"Kuzeyin Sesi"},"sameAs":["https:\/\/kuzeyinsesi.org"],"url":"https:\/\/kuzeyinsesi.org\/index.php\/author\/guven\/"}]}},"_links":{"self":[{"href":"https:\/\/kuzeyinsesi.org\/index.php\/wp-json\/wp\/v2\/posts\/14845","targetHints":{"allow":["GET"]}}],"collection":[{"href":"https:\/\/kuzeyinsesi.org\/index.php\/wp-json\/wp\/v2\/posts"}],"about":[{"href":"https:\/\/kuzeyinsesi.org\/index.php\/wp-json\/wp\/v2\/types\/post"}],"author":[{"embeddable":true,"href":"https:\/\/kuzeyinsesi.org\/index.php\/wp-json\/wp\/v2\/users\/1"}],"replies":[{"embeddable":true,"href":"https:\/\/kuzeyinsesi.org\/index.php\/wp-json\/wp\/v2\/comments?post=14845"}],"version-history":[{"count":0,"href":"https:\/\/kuzeyinsesi.org\/index.php\/wp-json\/wp\/v2\/posts\/14845\/revisions"}],"wp:featuredmedia":[{"embeddable":true,"href":"https:\/\/kuzeyinsesi.org\/index.php\/wp-json\/wp\/v2\/media\/14846"}],"wp:attachment":[{"href":"https:\/\/kuzeyinsesi.org\/index.php\/wp-json\/wp\/v2\/media?parent=14845"}],"wp:term":[{"taxonomy":"category","embeddable":true,"href":"https:\/\/kuzeyinsesi.org\/index.php\/wp-json\/wp\/v2\/categories?post=14845"},{"taxonomy":"post_tag","embeddable":true,"href":"https:\/\/kuzeyinsesi.org\/index.php\/wp-json\/wp\/v2\/tags?post=14845"}],"curies":[{"name":"wp","href":"https:\/\/api.w.org\/{rel}","templated":true}]}}