{"id":14833,"date":"2024-12-03T13:34:57","date_gmt":"2024-12-03T11:34:57","guid":{"rendered":"https:\/\/kuzeyinsesi.org\/index.php\/2024\/12\/03\/turkiyede-kasim-ayi-enflasyonu-yuzde-2-24\/"},"modified":"2024-12-03T13:34:57","modified_gmt":"2024-12-03T11:34:57","slug":"turkiyede-kasim-ayi-enflasyonu-yuzde-2-24","status":"publish","type":"post","link":"https:\/\/kuzeyinsesi.org\/index.php\/2024\/12\/03\/turkiyede-kasim-ayi-enflasyonu-yuzde-2-24\/","title":{"rendered":"T\u00fcrkiye\u2019de kas\u0131m ay\u0131 enflasyonu y\u00fczde 2.24"},"content":{"rendered":"<div>\n<div class=\"mariselle-image-container center\">\n                                            <\/div>\n<p>\n T\u00fcrkiye \u0130statistik Kurumu (T\u00dc\u0130K), kas\u0131m ay\u0131 enflasyon rakamlar\u0131n\u0131 a\u00e7\u0131klad\u0131.<\/p>\n<p>Enflasyon kas\u0131m ayl\u0131k bazda y\u00fczde 2,24 ile beklentilerin \u00fczerinde a\u00e7\u0131kland\u0131. Y\u0131ll\u0131k enflasyon ise y\u00fczde 47,09 oldu.<\/p>\n<p>Kira zam tavan\u0131n\u0131 belirleyen 12 ayl\u0131k enflasyon g\u00f6stergesi y\u00fczde 60,45 oldu.<\/p>\n<p>T\u00fcketici fiyatlar\u0131, ekimde y\u00fczde 2,88 art\u0131\u015f kaydetmi\u015fti. Y\u0131ll\u0131k enflasyon y\u00fczde 48,58\u2019e gerilemi\u015fti.<\/p>\n<p>Ekonomistler, kas\u0131m ay\u0131nda ayl\u0131k enflasyonun y\u00fczde 2\u2019nin alt\u0131nda ger\u00e7ekle\u015fmesi bekliyordu.<\/p>\n<p>Y\u0131ll\u0131k tarafta ise piyasa beklentisi y\u00fczde 46 civar\u0131nda \u015fekilleniyordu.<\/p>\n<\/p><\/div>\n<p><script async\n                    defer\n                    crossorigin=\"anonymous\"\n                    src=\"https:\/\/connect.facebook.net\/tr_TR\/sdk.js#xfbml=1&#038;version=v3.3\"\n            ><\/script><\/p>\n","protected":false},"excerpt":{"rendered":"<p>T\u00fcrkiye \u0130statistik Kurumu (T\u00dc\u0130K), kas\u0131m ay\u0131 enflasyon rakamlar\u0131n\u0131 a\u00e7\u0131klad\u0131. Enflasyon kas\u0131m ayl\u0131k bazda y\u00fczde 2,24 ile beklentilerin \u00fczerinde a\u00e7\u0131kland\u0131. Y\u0131ll\u0131k enflasyon ise y\u00fczde 47,09 oldu. Kira zam tavan\u0131n\u0131 belirleyen 12 ayl\u0131k enflasyon g\u00f6stergesi y\u00fczde 60,45 oldu. T\u00fcketici fiyatlar\u0131, ekimde y\u00fczde 2,88 art\u0131\u015f kaydetmi\u015fti. Y\u0131ll\u0131k enflasyon y\u00fczde 48,58\u2019e gerilemi\u015fti. Ekonomistler, kas\u0131m ay\u0131nda ayl\u0131k enflasyonun y\u00fczde 2\u2019nin [&hellip;]<\/p>\n","protected":false},"author":1,"featured_media":14834,"comment_status":"open","ping_status":"open","sticky":false,"template":"","format":"standard","meta":{"jnews-multi-image_gallery":[],"jnews_single_post":[],"jnews_primary_category":[],"jnews_social_meta":[],"jnews_override_counter":[],"footnotes":""},"categories":[5],"tags":[],"class_list":["post-14833","post","type-post","status-publish","format-standard","has-post-thumbnail","hentry","category-turkiye"],"yoast_head":"<!-- This site is optimized with the Yoast SEO plugin v27.4 - https:\/\/yoast.com\/product\/yoast-seo-wordpress\/ -->\n<title>T\u00fcrkiye\u2019de kas\u0131m ay\u0131 enflasyonu y\u00fczde 2.24 - Kuzeyin Sesi<\/title>\n<meta name=\"robots\" content=\"index, follow, max-snippet:-1, max-image-preview:large, max-video-preview:-1\" \/>\n<link rel=\"canonical\" href=\"https:\/\/kuzeyinsesi.org\/index.php\/2024\/12\/03\/turkiyede-kasim-ayi-enflasyonu-yuzde-2-24\/\" \/>\n<meta property=\"og:locale\" content=\"tr_TR\" \/>\n<meta property=\"og:type\" content=\"article\" \/>\n<meta property=\"og:title\" content=\"T\u00fcrkiye\u2019de kas\u0131m ay\u0131 enflasyonu y\u00fczde 2.24 - Kuzeyin Sesi\" \/>\n<meta property=\"og:description\" content=\"T\u00fcrkiye \u0130statistik Kurumu (T\u00dc\u0130K), kas\u0131m ay\u0131 enflasyon rakamlar\u0131n\u0131 a\u00e7\u0131klad\u0131. Enflasyon kas\u0131m ayl\u0131k bazda y\u00fczde 2,24 ile beklentilerin \u00fczerinde a\u00e7\u0131kland\u0131. Y\u0131ll\u0131k enflasyon ise y\u00fczde 47,09 oldu. Kira zam tavan\u0131n\u0131 belirleyen 12 ayl\u0131k enflasyon g\u00f6stergesi y\u00fczde 60,45 oldu. T\u00fcketici fiyatlar\u0131, ekimde y\u00fczde 2,88 art\u0131\u015f kaydetmi\u015fti. Y\u0131ll\u0131k enflasyon y\u00fczde 48,58\u2019e gerilemi\u015fti. Ekonomistler, kas\u0131m ay\u0131nda ayl\u0131k enflasyonun y\u00fczde 2\u2019nin [&hellip;]\" \/>\n<meta property=\"og:url\" content=\"https:\/\/kuzeyinsesi.org\/index.php\/2024\/12\/03\/turkiyede-kasim-ayi-enflasyonu-yuzde-2-24\/\" \/>\n<meta property=\"og:site_name\" content=\"Kuzeyin Sesi\" \/>\n<meta property=\"article:publisher\" content=\"https:\/\/www.facebook.com\/kuzeyinsesii\" \/>\n<meta property=\"article:published_time\" content=\"2024-12-03T11:34:57+00:00\" \/>\n<meta property=\"og:image\" content=\"https:\/\/brtk.net\/wp-content\/uploads\/2024\/12\/03\/927701-132648586111.jpg?ver=5ca7d4c81a2ca41b9f52714fdd4ca466\" \/>\n<meta name=\"author\" content=\"Kuzeyin Sesi\" \/>\n<meta name=\"twitter:card\" content=\"summary_large_image\" \/>\n<meta name=\"twitter:creator\" content=\"@kuzeyinsesii\" \/>\n<meta name=\"twitter:site\" content=\"@kuzeyinsesii\" \/>\n<meta name=\"twitter:label1\" content=\"Yazan:\" \/>\n\t<meta name=\"twitter:data1\" content=\"Kuzeyin Sesi\" \/>\n<script type=\"application\/ld+json\" class=\"yoast-schema-graph\">{\"@context\":\"https:\\\/\\\/schema.org\",\"@graph\":[{\"@type\":\"Article\",\"@id\":\"https:\\\/\\\/kuzeyinsesi.org\\\/index.php\\\/2024\\\/12\\\/03\\\/turkiyede-kasim-ayi-enflasyonu-yuzde-2-24\\\/#article\",\"isPartOf\":{\"@id\":\"https:\\\/\\\/kuzeyinsesi.org\\\/index.php\\\/2024\\\/12\\\/03\\\/turkiyede-kasim-ayi-enflasyonu-yuzde-2-24\\\/\"},\"author\":{\"name\":\"Kuzeyin Sesi\",\"@id\":\"https:\\\/\\\/kuzeyinsesi.org\\\/#\\\/schema\\\/person\\\/9f859689cdf01485597712386e37f5aa\"},\"headline\":\"T\u00fcrkiye\u2019de kas\u0131m ay\u0131 enflasyonu y\u00fczde 2.24\",\"datePublished\":\"2024-12-03T11:34:57+00:00\",\"mainEntityOfPage\":{\"@id\":\"https:\\\/\\\/kuzeyinsesi.org\\\/index.php\\\/2024\\\/12\\\/03\\\/turkiyede-kasim-ayi-enflasyonu-yuzde-2-24\\\/\"},\"wordCount\":104,\"commentCount\":0,\"image\":{\"@id\":\"https:\\\/\\\/kuzeyinsesi.org\\\/index.php\\\/2024\\\/12\\\/03\\\/turkiyede-kasim-ayi-enflasyonu-yuzde-2-24\\\/#primaryimage\"},\"thumbnailUrl\":\"https:\\\/\\\/kuzeyinsesi.org\\\/wp-content\\\/uploads\\\/2024\\\/12\\\/927701-132648586111.jpg\",\"articleSection\":[\"T\u00fcrkiye\"],\"inLanguage\":\"tr\",\"potentialAction\":[{\"@type\":\"CommentAction\",\"name\":\"Comment\",\"target\":[\"https:\\\/\\\/kuzeyinsesi.org\\\/index.php\\\/2024\\\/12\\\/03\\\/turkiyede-kasim-ayi-enflasyonu-yuzde-2-24\\\/#respond\"]}]},{\"@type\":\"WebPage\",\"@id\":\"https:\\\/\\\/kuzeyinsesi.org\\\/index.php\\\/2024\\\/12\\\/03\\\/turkiyede-kasim-ayi-enflasyonu-yuzde-2-24\\\/\",\"url\":\"https:\\\/\\\/kuzeyinsesi.org\\\/index.php\\\/2024\\\/12\\\/03\\\/turkiyede-kasim-ayi-enflasyonu-yuzde-2-24\\\/\",\"name\":\"T\u00fcrkiye\u2019de kas\u0131m ay\u0131 enflasyonu y\u00fczde 2.24 - Kuzeyin Sesi\",\"isPartOf\":{\"@id\":\"https:\\\/\\\/kuzeyinsesi.org\\\/#website\"},\"primaryImageOfPage\":{\"@id\":\"https:\\\/\\\/kuzeyinsesi.org\\\/index.php\\\/2024\\\/12\\\/03\\\/turkiyede-kasim-ayi-enflasyonu-yuzde-2-24\\\/#primaryimage\"},\"image\":{\"@id\":\"https:\\\/\\\/kuzeyinsesi.org\\\/index.php\\\/2024\\\/12\\\/03\\\/turkiyede-kasim-ayi-enflasyonu-yuzde-2-24\\\/#primaryimage\"},\"thumbnailUrl\":\"https:\\\/\\\/kuzeyinsesi.org\\\/wp-content\\\/uploads\\\/2024\\\/12\\\/927701-132648586111.jpg\",\"datePublished\":\"2024-12-03T11:34:57+00:00\",\"author\":{\"@id\":\"https:\\\/\\\/kuzeyinsesi.org\\\/#\\\/schema\\\/person\\\/9f859689cdf01485597712386e37f5aa\"},\"breadcrumb\":{\"@id\":\"https:\\\/\\\/kuzeyinsesi.org\\\/index.php\\\/2024\\\/12\\\/03\\\/turkiyede-kasim-ayi-enflasyonu-yuzde-2-24\\\/#breadcrumb\"},\"inLanguage\":\"tr\",\"potentialAction\":[{\"@type\":\"ReadAction\",\"target\":[\"https:\\\/\\\/kuzeyinsesi.org\\\/index.php\\\/2024\\\/12\\\/03\\\/turkiyede-kasim-ayi-enflasyonu-yuzde-2-24\\\/\"]}]},{\"@type\":\"ImageObject\",\"inLanguage\":\"tr\",\"@id\":\"https:\\\/\\\/kuzeyinsesi.org\\\/index.php\\\/2024\\\/12\\\/03\\\/turkiyede-kasim-ayi-enflasyonu-yuzde-2-24\\\/#primaryimage\",\"url\":\"https:\\\/\\\/kuzeyinsesi.org\\\/wp-content\\\/uploads\\\/2024\\\/12\\\/927701-132648586111.jpg\",\"contentUrl\":\"https:\\\/\\\/kuzeyinsesi.org\\\/wp-content\\\/uploads\\\/2024\\\/12\\\/927701-132648586111.jpg\",\"width\":1368,\"height\":911},{\"@type\":\"BreadcrumbList\",\"@id\":\"https:\\\/\\\/kuzeyinsesi.org\\\/index.php\\\/2024\\\/12\\\/03\\\/turkiyede-kasim-ayi-enflasyonu-yuzde-2-24\\\/#breadcrumb\",\"itemListElement\":[{\"@type\":\"ListItem\",\"position\":1,\"name\":\"Anasayfa\",\"item\":\"https:\\\/\\\/kuzeyinsesi.org\\\/\"},{\"@type\":\"ListItem\",\"position\":2,\"name\":\"T\u00fcrkiye\u2019de kas\u0131m ay\u0131 enflasyonu y\u00fczde 2.24\"}]},{\"@type\":\"WebSite\",\"@id\":\"https:\\\/\\\/kuzeyinsesi.org\\\/#website\",\"url\":\"https:\\\/\\\/kuzeyinsesi.org\\\/\",\"name\":\"Kuzeyin Sesi\",\"description\":\"Do\u011fru Haberin Adresi\",\"potentialAction\":[{\"@type\":\"SearchAction\",\"target\":{\"@type\":\"EntryPoint\",\"urlTemplate\":\"https:\\\/\\\/kuzeyinsesi.org\\\/?s={search_term_string}\"},\"query-input\":{\"@type\":\"PropertyValueSpecification\",\"valueRequired\":true,\"valueName\":\"search_term_string\"}}],\"inLanguage\":\"tr\"},{\"@type\":\"Person\",\"@id\":\"https:\\\/\\\/kuzeyinsesi.org\\\/#\\\/schema\\\/person\\\/9f859689cdf01485597712386e37f5aa\",\"name\":\"Kuzeyin Sesi\",\"image\":{\"@type\":\"ImageObject\",\"inLanguage\":\"tr\",\"@id\":\"https:\\\/\\\/secure.gravatar.com\\\/avatar\\\/bab33852abfd8b282518d6ed81826833d77c3c882d9ab608add591ccace47a44?s=96&d=mm&r=g\",\"url\":\"https:\\\/\\\/secure.gravatar.com\\\/avatar\\\/bab33852abfd8b282518d6ed81826833d77c3c882d9ab608add591ccace47a44?s=96&d=mm&r=g\",\"contentUrl\":\"https:\\\/\\\/secure.gravatar.com\\\/avatar\\\/bab33852abfd8b282518d6ed81826833d77c3c882d9ab608add591ccace47a44?s=96&d=mm&r=g\",\"caption\":\"Kuzeyin Sesi\"},\"sameAs\":[\"https:\\\/\\\/kuzeyinsesi.org\"],\"url\":\"https:\\\/\\\/kuzeyinsesi.org\\\/index.php\\\/author\\\/guven\\\/\"}]}<\/script>\n<!-- \/ Yoast SEO plugin. -->","yoast_head_json":{"title":"T\u00fcrkiye\u2019de kas\u0131m ay\u0131 enflasyonu y\u00fczde 2.24 - Kuzeyin Sesi","robots":{"index":"index","follow":"follow","max-snippet":"max-snippet:-1","max-image-preview":"max-image-preview:large","max-video-preview":"max-video-preview:-1"},"canonical":"https:\/\/kuzeyinsesi.org\/index.php\/2024\/12\/03\/turkiyede-kasim-ayi-enflasyonu-yuzde-2-24\/","og_locale":"tr_TR","og_type":"article","og_title":"T\u00fcrkiye\u2019de kas\u0131m ay\u0131 enflasyonu y\u00fczde 2.24 - Kuzeyin Sesi","og_description":"T\u00fcrkiye \u0130statistik Kurumu (T\u00dc\u0130K), kas\u0131m ay\u0131 enflasyon rakamlar\u0131n\u0131 a\u00e7\u0131klad\u0131. Enflasyon kas\u0131m ayl\u0131k bazda y\u00fczde 2,24 ile beklentilerin \u00fczerinde a\u00e7\u0131kland\u0131. Y\u0131ll\u0131k enflasyon ise y\u00fczde 47,09 oldu. Kira zam tavan\u0131n\u0131 belirleyen 12 ayl\u0131k enflasyon g\u00f6stergesi y\u00fczde 60,45 oldu. T\u00fcketici fiyatlar\u0131, ekimde y\u00fczde 2,88 art\u0131\u015f kaydetmi\u015fti. Y\u0131ll\u0131k enflasyon y\u00fczde 48,58\u2019e gerilemi\u015fti. Ekonomistler, kas\u0131m ay\u0131nda ayl\u0131k enflasyonun y\u00fczde 2\u2019nin [&hellip;]","og_url":"https:\/\/kuzeyinsesi.org\/index.php\/2024\/12\/03\/turkiyede-kasim-ayi-enflasyonu-yuzde-2-24\/","og_site_name":"Kuzeyin Sesi","article_publisher":"https:\/\/www.facebook.com\/kuzeyinsesii","article_published_time":"2024-12-03T11:34:57+00:00","og_image":[{"url":"https:\/\/brtk.net\/wp-content\/uploads\/2024\/12\/03\/927701-132648586111.jpg?ver=5ca7d4c81a2ca41b9f52714fdd4ca466","type":"","width":"","height":""}],"author":"Kuzeyin Sesi","twitter_card":"summary_large_image","twitter_creator":"@kuzeyinsesii","twitter_site":"@kuzeyinsesii","twitter_misc":{"Yazan:":"Kuzeyin Sesi"},"schema":{"@context":"https:\/\/schema.org","@graph":[{"@type":"Article","@id":"https:\/\/kuzeyinsesi.org\/index.php\/2024\/12\/03\/turkiyede-kasim-ayi-enflasyonu-yuzde-2-24\/#article","isPartOf":{"@id":"https:\/\/kuzeyinsesi.org\/index.php\/2024\/12\/03\/turkiyede-kasim-ayi-enflasyonu-yuzde-2-24\/"},"author":{"name":"Kuzeyin Sesi","@id":"https:\/\/kuzeyinsesi.org\/#\/schema\/person\/9f859689cdf01485597712386e37f5aa"},"headline":"T\u00fcrkiye\u2019de kas\u0131m ay\u0131 enflasyonu y\u00fczde 2.24","datePublished":"2024-12-03T11:34:57+00:00","mainEntityOfPage":{"@id":"https:\/\/kuzeyinsesi.org\/index.php\/2024\/12\/03\/turkiyede-kasim-ayi-enflasyonu-yuzde-2-24\/"},"wordCount":104,"commentCount":0,"image":{"@id":"https:\/\/kuzeyinsesi.org\/index.php\/2024\/12\/03\/turkiyede-kasim-ayi-enflasyonu-yuzde-2-24\/#primaryimage"},"thumbnailUrl":"https:\/\/kuzeyinsesi.org\/wp-content\/uploads\/2024\/12\/927701-132648586111.jpg","articleSection":["T\u00fcrkiye"],"inLanguage":"tr","potentialAction":[{"@type":"CommentAction","name":"Comment","target":["https:\/\/kuzeyinsesi.org\/index.php\/2024\/12\/03\/turkiyede-kasim-ayi-enflasyonu-yuzde-2-24\/#respond"]}]},{"@type":"WebPage","@id":"https:\/\/kuzeyinsesi.org\/index.php\/2024\/12\/03\/turkiyede-kasim-ayi-enflasyonu-yuzde-2-24\/","url":"https:\/\/kuzeyinsesi.org\/index.php\/2024\/12\/03\/turkiyede-kasim-ayi-enflasyonu-yuzde-2-24\/","name":"T\u00fcrkiye\u2019de kas\u0131m ay\u0131 enflasyonu y\u00fczde 2.24 - Kuzeyin Sesi","isPartOf":{"@id":"https:\/\/kuzeyinsesi.org\/#website"},"primaryImageOfPage":{"@id":"https:\/\/kuzeyinsesi.org\/index.php\/2024\/12\/03\/turkiyede-kasim-ayi-enflasyonu-yuzde-2-24\/#primaryimage"},"image":{"@id":"https:\/\/kuzeyinsesi.org\/index.php\/2024\/12\/03\/turkiyede-kasim-ayi-enflasyonu-yuzde-2-24\/#primaryimage"},"thumbnailUrl":"https:\/\/kuzeyinsesi.org\/wp-content\/uploads\/2024\/12\/927701-132648586111.jpg","datePublished":"2024-12-03T11:34:57+00:00","author":{"@id":"https:\/\/kuzeyinsesi.org\/#\/schema\/person\/9f859689cdf01485597712386e37f5aa"},"breadcrumb":{"@id":"https:\/\/kuzeyinsesi.org\/index.php\/2024\/12\/03\/turkiyede-kasim-ayi-enflasyonu-yuzde-2-24\/#breadcrumb"},"inLanguage":"tr","potentialAction":[{"@type":"ReadAction","target":["https:\/\/kuzeyinsesi.org\/index.php\/2024\/12\/03\/turkiyede-kasim-ayi-enflasyonu-yuzde-2-24\/"]}]},{"@type":"ImageObject","inLanguage":"tr","@id":"https:\/\/kuzeyinsesi.org\/index.php\/2024\/12\/03\/turkiyede-kasim-ayi-enflasyonu-yuzde-2-24\/#primaryimage","url":"https:\/\/kuzeyinsesi.org\/wp-content\/uploads\/2024\/12\/927701-132648586111.jpg","contentUrl":"https:\/\/kuzeyinsesi.org\/wp-content\/uploads\/2024\/12\/927701-132648586111.jpg","width":1368,"height":911},{"@type":"BreadcrumbList","@id":"https:\/\/kuzeyinsesi.org\/index.php\/2024\/12\/03\/turkiyede-kasim-ayi-enflasyonu-yuzde-2-24\/#breadcrumb","itemListElement":[{"@type":"ListItem","position":1,"name":"Anasayfa","item":"https:\/\/kuzeyinsesi.org\/"},{"@type":"ListItem","position":2,"name":"T\u00fcrkiye\u2019de kas\u0131m ay\u0131 enflasyonu y\u00fczde 2.24"}]},{"@type":"WebSite","@id":"https:\/\/kuzeyinsesi.org\/#website","url":"https:\/\/kuzeyinsesi.org\/","name":"Kuzeyin Sesi","description":"Do\u011fru Haberin Adresi","potentialAction":[{"@type":"SearchAction","target":{"@type":"EntryPoint","urlTemplate":"https:\/\/kuzeyinsesi.org\/?s={search_term_string}"},"query-input":{"@type":"PropertyValueSpecification","valueRequired":true,"valueName":"search_term_string"}}],"inLanguage":"tr"},{"@type":"Person","@id":"https:\/\/kuzeyinsesi.org\/#\/schema\/person\/9f859689cdf01485597712386e37f5aa","name":"Kuzeyin Sesi","image":{"@type":"ImageObject","inLanguage":"tr","@id":"https:\/\/secure.gravatar.com\/avatar\/bab33852abfd8b282518d6ed81826833d77c3c882d9ab608add591ccace47a44?s=96&d=mm&r=g","url":"https:\/\/secure.gravatar.com\/avatar\/bab33852abfd8b282518d6ed81826833d77c3c882d9ab608add591ccace47a44?s=96&d=mm&r=g","contentUrl":"https:\/\/secure.gravatar.com\/avatar\/bab33852abfd8b282518d6ed81826833d77c3c882d9ab608add591ccace47a44?s=96&d=mm&r=g","caption":"Kuzeyin Sesi"},"sameAs":["https:\/\/kuzeyinsesi.org"],"url":"https:\/\/kuzeyinsesi.org\/index.php\/author\/guven\/"}]}},"_links":{"self":[{"href":"https:\/\/kuzeyinsesi.org\/index.php\/wp-json\/wp\/v2\/posts\/14833","targetHints":{"allow":["GET"]}}],"collection":[{"href":"https:\/\/kuzeyinsesi.org\/index.php\/wp-json\/wp\/v2\/posts"}],"about":[{"href":"https:\/\/kuzeyinsesi.org\/index.php\/wp-json\/wp\/v2\/types\/post"}],"author":[{"embeddable":true,"href":"https:\/\/kuzeyinsesi.org\/index.php\/wp-json\/wp\/v2\/users\/1"}],"replies":[{"embeddable":true,"href":"https:\/\/kuzeyinsesi.org\/index.php\/wp-json\/wp\/v2\/comments?post=14833"}],"version-history":[{"count":0,"href":"https:\/\/kuzeyinsesi.org\/index.php\/wp-json\/wp\/v2\/posts\/14833\/revisions"}],"wp:featuredmedia":[{"embeddable":true,"href":"https:\/\/kuzeyinsesi.org\/index.php\/wp-json\/wp\/v2\/media\/14834"}],"wp:attachment":[{"href":"https:\/\/kuzeyinsesi.org\/index.php\/wp-json\/wp\/v2\/media?parent=14833"}],"wp:term":[{"taxonomy":"category","embeddable":true,"href":"https:\/\/kuzeyinsesi.org\/index.php\/wp-json\/wp\/v2\/categories?post=14833"},{"taxonomy":"post_tag","embeddable":true,"href":"https:\/\/kuzeyinsesi.org\/index.php\/wp-json\/wp\/v2\/tags?post=14833"}],"curies":[{"name":"wp","href":"https:\/\/api.w.org\/{rel}","templated":true}]}}