{"id":14789,"date":"2024-12-02T20:53:35","date_gmt":"2024-12-02T18:53:35","guid":{"rendered":"https:\/\/kuzeyinsesi.org\/index.php\/2024\/12\/02\/sehit-ertugrul-ilkokulunda-etkinlik-yapildi\/"},"modified":"2024-12-02T20:53:35","modified_gmt":"2024-12-02T18:53:35","slug":"sehit-ertugrul-ilkokulunda-etkinlik-yapildi","status":"publish","type":"post","link":"https:\/\/kuzeyinsesi.org\/index.php\/2024\/12\/02\/sehit-ertugrul-ilkokulunda-etkinlik-yapildi\/","title":{"rendered":"\u015eehit Ertu\u011frul \u0130lkokulu\u2019nda etkinlik yap\u0131ld\u0131"},"content":{"rendered":"<div>\n<div class=\"mariselle-image-container none\">\n                                            <\/div>\n<p>K\u00fclt\u00fcr\u00fcm\u00fcz\u00fcn gelecek nesillere aktar\u0131lmas\u0131 i\u00e7in okullarda etkinlikler yap\u0131l\u0131yor\u2026<\/p>\n<p>\u015eehit Ertu\u011frul \u0130lkokulu\u2019nda yap\u0131lan etkinlikte K\u0131br\u0131s k\u00fclt\u00fcr\u00fc bir kez daha ya\u015fat\u0131ld\u0131, \u00e7ocuklar ise K\u0131br\u0131s \u015fark\u0131lar\u0131yla g\u00f6n\u00fcllerince bir g\u00fcn ge\u00e7irme f\u0131rsat\u0131 buldu\u2026<\/p>\n<p>\u015eehit Ertu\u011frul \u0130lkokulu\u2019nda K\u0131br\u0131s K\u00fclt\u00fcr\u00fc etkinli\u011fi yap\u0131ld\u0131\u2026<\/p>\n<p>Etkinli\u011fe \u0130lk\u00f6\u011fretim Dairesi m\u00fcd\u00fcr\u00fc Hakk\u0131 Ba\u015far\u0131 da kat\u0131ld\u0131\u2026<\/p>\n<p>Etkinlikte, kermes, g\u00f6steri ve K\u0131br\u0131s k\u00fclt\u00fcr\u00fcn\u00fc yans\u0131tan e\u015fyalar\u0131n ve yiyeceklerin sergisi yap\u0131ld\u0131\u2026<\/p>\n<p>Sanat\u00e7\u0131 Cemal \u00d6zg\u00fcrsel ise etkinli\u011fe K\u0131br\u0131s \u015fark\u0131lar\u0131yla renk katt\u0131\u2026<\/p>\n<p>Etkinlikte, \u0130lk\u00f6\u011fretim Dairesi M\u00fcd\u00fcr\u00fc Hakk\u0131 Ba\u015far\u0131 bir de konu\u015fma yapt\u0131\u2026<\/p>\n<\/p><\/div>\n<p><script async\n                    defer\n                    crossorigin=\"anonymous\"\n                    src=\"https:\/\/connect.facebook.net\/tr_TR\/sdk.js#xfbml=1&#038;version=v3.3\"\n            ><\/script><\/p>\n","protected":false},"excerpt":{"rendered":"<p>K\u00fclt\u00fcr\u00fcm\u00fcz\u00fcn gelecek nesillere aktar\u0131lmas\u0131 i\u00e7in okullarda etkinlikler yap\u0131l\u0131yor\u2026 \u015eehit Ertu\u011frul \u0130lkokulu\u2019nda yap\u0131lan etkinlikte K\u0131br\u0131s k\u00fclt\u00fcr\u00fc bir kez daha ya\u015fat\u0131ld\u0131, \u00e7ocuklar ise K\u0131br\u0131s \u015fark\u0131lar\u0131yla g\u00f6n\u00fcllerince bir g\u00fcn ge\u00e7irme f\u0131rsat\u0131 buldu\u2026 \u015eehit Ertu\u011frul \u0130lkokulu\u2019nda K\u0131br\u0131s K\u00fclt\u00fcr\u00fc etkinli\u011fi yap\u0131ld\u0131\u2026 Etkinli\u011fe \u0130lk\u00f6\u011fretim Dairesi m\u00fcd\u00fcr\u00fc Hakk\u0131 Ba\u015far\u0131 da kat\u0131ld\u0131\u2026 Etkinlikte, kermes, g\u00f6steri ve K\u0131br\u0131s k\u00fclt\u00fcr\u00fcn\u00fc yans\u0131tan e\u015fyalar\u0131n ve yiyeceklerin sergisi [&hellip;]<\/p>\n","protected":false},"author":1,"featured_media":14790,"comment_status":"open","ping_status":"open","sticky":false,"template":"","format":"standard","meta":{"jnews-multi-image_gallery":[],"jnews_single_post":[],"jnews_primary_category":[],"jnews_social_meta":[],"jnews_override_counter":[],"footnotes":""},"categories":[6],"tags":[],"class_list":["post-14789","post","type-post","status-publish","format-standard","has-post-thumbnail","hentry","category-yasam"],"yoast_head":"<!-- This site is optimized with the Yoast SEO plugin v27.4 - https:\/\/yoast.com\/product\/yoast-seo-wordpress\/ -->\n<title>\u015eehit Ertu\u011frul \u0130lkokulu\u2019nda etkinlik yap\u0131ld\u0131 - Kuzeyin Sesi<\/title>\n<meta name=\"robots\" content=\"index, follow, max-snippet:-1, max-image-preview:large, max-video-preview:-1\" \/>\n<link rel=\"canonical\" href=\"https:\/\/kuzeyinsesi.org\/index.php\/2024\/12\/02\/sehit-ertugrul-ilkokulunda-etkinlik-yapildi\/\" \/>\n<meta property=\"og:locale\" content=\"tr_TR\" \/>\n<meta property=\"og:type\" content=\"article\" \/>\n<meta property=\"og:title\" content=\"\u015eehit Ertu\u011frul \u0130lkokulu\u2019nda etkinlik yap\u0131ld\u0131 - Kuzeyin Sesi\" \/>\n<meta property=\"og:description\" content=\"K\u00fclt\u00fcr\u00fcm\u00fcz\u00fcn gelecek nesillere aktar\u0131lmas\u0131 i\u00e7in okullarda etkinlikler yap\u0131l\u0131yor\u2026 \u015eehit Ertu\u011frul \u0130lkokulu\u2019nda yap\u0131lan etkinlikte K\u0131br\u0131s k\u00fclt\u00fcr\u00fc bir kez daha ya\u015fat\u0131ld\u0131, \u00e7ocuklar ise K\u0131br\u0131s \u015fark\u0131lar\u0131yla g\u00f6n\u00fcllerince bir g\u00fcn ge\u00e7irme f\u0131rsat\u0131 buldu\u2026 \u015eehit Ertu\u011frul \u0130lkokulu\u2019nda K\u0131br\u0131s K\u00fclt\u00fcr\u00fc etkinli\u011fi yap\u0131ld\u0131\u2026 Etkinli\u011fe \u0130lk\u00f6\u011fretim Dairesi m\u00fcd\u00fcr\u00fc Hakk\u0131 Ba\u015far\u0131 da kat\u0131ld\u0131\u2026 Etkinlikte, kermes, g\u00f6steri ve K\u0131br\u0131s k\u00fclt\u00fcr\u00fcn\u00fc yans\u0131tan e\u015fyalar\u0131n ve yiyeceklerin sergisi [&hellip;]\" \/>\n<meta property=\"og:url\" content=\"https:\/\/kuzeyinsesi.org\/index.php\/2024\/12\/02\/sehit-ertugrul-ilkokulunda-etkinlik-yapildi\/\" \/>\n<meta property=\"og:site_name\" content=\"Kuzeyin Sesi\" \/>\n<meta property=\"article:publisher\" content=\"https:\/\/www.facebook.com\/kuzeyinsesii\" \/>\n<meta property=\"article:published_time\" content=\"2024-12-02T18:53:35+00:00\" \/>\n<meta property=\"og:image\" content=\"https:\/\/brtk.net\/wp-content\/uploads\/2024\/12\/02\/iste-kadin-fotograf-sergisi-3-1.jpeg?ver=778614447d23de132c4fb82642765a3b\" \/>\n<meta name=\"author\" content=\"Kuzeyin Sesi\" \/>\n<meta name=\"twitter:card\" content=\"summary_large_image\" \/>\n<meta name=\"twitter:creator\" content=\"@kuzeyinsesii\" \/>\n<meta name=\"twitter:site\" content=\"@kuzeyinsesii\" \/>\n<meta name=\"twitter:label1\" content=\"Yazan:\" \/>\n\t<meta name=\"twitter:data1\" content=\"Kuzeyin Sesi\" \/>\n\t<meta name=\"twitter:label2\" content=\"Tahmini okuma s\u00fcresi\" \/>\n\t<meta name=\"twitter:data2\" content=\"1 dakika\" \/>\n<script type=\"application\/ld+json\" class=\"yoast-schema-graph\">{\"@context\":\"https:\\\/\\\/schema.org\",\"@graph\":[{\"@type\":\"Article\",\"@id\":\"https:\\\/\\\/kuzeyinsesi.org\\\/index.php\\\/2024\\\/12\\\/02\\\/sehit-ertugrul-ilkokulunda-etkinlik-yapildi\\\/#article\",\"isPartOf\":{\"@id\":\"https:\\\/\\\/kuzeyinsesi.org\\\/index.php\\\/2024\\\/12\\\/02\\\/sehit-ertugrul-ilkokulunda-etkinlik-yapildi\\\/\"},\"author\":{\"name\":\"Kuzeyin Sesi\",\"@id\":\"https:\\\/\\\/kuzeyinsesi.org\\\/#\\\/schema\\\/person\\\/9f859689cdf01485597712386e37f5aa\"},\"headline\":\"\u015eehit Ertu\u011frul \u0130lkokulu\u2019nda etkinlik yap\u0131ld\u0131\",\"datePublished\":\"2024-12-02T18:53:35+00:00\",\"mainEntityOfPage\":{\"@id\":\"https:\\\/\\\/kuzeyinsesi.org\\\/index.php\\\/2024\\\/12\\\/02\\\/sehit-ertugrul-ilkokulunda-etkinlik-yapildi\\\/\"},\"wordCount\":145,\"commentCount\":0,\"image\":{\"@id\":\"https:\\\/\\\/kuzeyinsesi.org\\\/index.php\\\/2024\\\/12\\\/02\\\/sehit-ertugrul-ilkokulunda-etkinlik-yapildi\\\/#primaryimage\"},\"thumbnailUrl\":\"https:\\\/\\\/kuzeyinsesi.org\\\/wp-content\\\/uploads\\\/2024\\\/12\\\/iste-kadin-fotograf-sergisi-3-1.jpeg\",\"articleSection\":[\"Ya\u015fam\"],\"inLanguage\":\"tr\",\"potentialAction\":[{\"@type\":\"CommentAction\",\"name\":\"Comment\",\"target\":[\"https:\\\/\\\/kuzeyinsesi.org\\\/index.php\\\/2024\\\/12\\\/02\\\/sehit-ertugrul-ilkokulunda-etkinlik-yapildi\\\/#respond\"]}]},{\"@type\":\"WebPage\",\"@id\":\"https:\\\/\\\/kuzeyinsesi.org\\\/index.php\\\/2024\\\/12\\\/02\\\/sehit-ertugrul-ilkokulunda-etkinlik-yapildi\\\/\",\"url\":\"https:\\\/\\\/kuzeyinsesi.org\\\/index.php\\\/2024\\\/12\\\/02\\\/sehit-ertugrul-ilkokulunda-etkinlik-yapildi\\\/\",\"name\":\"\u015eehit Ertu\u011frul \u0130lkokulu\u2019nda etkinlik yap\u0131ld\u0131 - Kuzeyin Sesi\",\"isPartOf\":{\"@id\":\"https:\\\/\\\/kuzeyinsesi.org\\\/#website\"},\"primaryImageOfPage\":{\"@id\":\"https:\\\/\\\/kuzeyinsesi.org\\\/index.php\\\/2024\\\/12\\\/02\\\/sehit-ertugrul-ilkokulunda-etkinlik-yapildi\\\/#primaryimage\"},\"image\":{\"@id\":\"https:\\\/\\\/kuzeyinsesi.org\\\/index.php\\\/2024\\\/12\\\/02\\\/sehit-ertugrul-ilkokulunda-etkinlik-yapildi\\\/#primaryimage\"},\"thumbnailUrl\":\"https:\\\/\\\/kuzeyinsesi.org\\\/wp-content\\\/uploads\\\/2024\\\/12\\\/iste-kadin-fotograf-sergisi-3-1.jpeg\",\"datePublished\":\"2024-12-02T18:53:35+00:00\",\"author\":{\"@id\":\"https:\\\/\\\/kuzeyinsesi.org\\\/#\\\/schema\\\/person\\\/9f859689cdf01485597712386e37f5aa\"},\"breadcrumb\":{\"@id\":\"https:\\\/\\\/kuzeyinsesi.org\\\/index.php\\\/2024\\\/12\\\/02\\\/sehit-ertugrul-ilkokulunda-etkinlik-yapildi\\\/#breadcrumb\"},\"inLanguage\":\"tr\",\"potentialAction\":[{\"@type\":\"ReadAction\",\"target\":[\"https:\\\/\\\/kuzeyinsesi.org\\\/index.php\\\/2024\\\/12\\\/02\\\/sehit-ertugrul-ilkokulunda-etkinlik-yapildi\\\/\"]}]},{\"@type\":\"ImageObject\",\"inLanguage\":\"tr\",\"@id\":\"https:\\\/\\\/kuzeyinsesi.org\\\/index.php\\\/2024\\\/12\\\/02\\\/sehit-ertugrul-ilkokulunda-etkinlik-yapildi\\\/#primaryimage\",\"url\":\"https:\\\/\\\/kuzeyinsesi.org\\\/wp-content\\\/uploads\\\/2024\\\/12\\\/iste-kadin-fotograf-sergisi-3-1.jpeg\",\"contentUrl\":\"https:\\\/\\\/kuzeyinsesi.org\\\/wp-content\\\/uploads\\\/2024\\\/12\\\/iste-kadin-fotograf-sergisi-3-1.jpeg\",\"width\":930,\"height\":435},{\"@type\":\"BreadcrumbList\",\"@id\":\"https:\\\/\\\/kuzeyinsesi.org\\\/index.php\\\/2024\\\/12\\\/02\\\/sehit-ertugrul-ilkokulunda-etkinlik-yapildi\\\/#breadcrumb\",\"itemListElement\":[{\"@type\":\"ListItem\",\"position\":1,\"name\":\"Anasayfa\",\"item\":\"https:\\\/\\\/kuzeyinsesi.org\\\/\"},{\"@type\":\"ListItem\",\"position\":2,\"name\":\"\u015eehit Ertu\u011frul \u0130lkokulu\u2019nda etkinlik yap\u0131ld\u0131\"}]},{\"@type\":\"WebSite\",\"@id\":\"https:\\\/\\\/kuzeyinsesi.org\\\/#website\",\"url\":\"https:\\\/\\\/kuzeyinsesi.org\\\/\",\"name\":\"Kuzeyin Sesi\",\"description\":\"Do\u011fru Haberin Adresi\",\"potentialAction\":[{\"@type\":\"SearchAction\",\"target\":{\"@type\":\"EntryPoint\",\"urlTemplate\":\"https:\\\/\\\/kuzeyinsesi.org\\\/?s={search_term_string}\"},\"query-input\":{\"@type\":\"PropertyValueSpecification\",\"valueRequired\":true,\"valueName\":\"search_term_string\"}}],\"inLanguage\":\"tr\"},{\"@type\":\"Person\",\"@id\":\"https:\\\/\\\/kuzeyinsesi.org\\\/#\\\/schema\\\/person\\\/9f859689cdf01485597712386e37f5aa\",\"name\":\"Kuzeyin Sesi\",\"image\":{\"@type\":\"ImageObject\",\"inLanguage\":\"tr\",\"@id\":\"https:\\\/\\\/secure.gravatar.com\\\/avatar\\\/bab33852abfd8b282518d6ed81826833d77c3c882d9ab608add591ccace47a44?s=96&d=mm&r=g\",\"url\":\"https:\\\/\\\/secure.gravatar.com\\\/avatar\\\/bab33852abfd8b282518d6ed81826833d77c3c882d9ab608add591ccace47a44?s=96&d=mm&r=g\",\"contentUrl\":\"https:\\\/\\\/secure.gravatar.com\\\/avatar\\\/bab33852abfd8b282518d6ed81826833d77c3c882d9ab608add591ccace47a44?s=96&d=mm&r=g\",\"caption\":\"Kuzeyin Sesi\"},\"sameAs\":[\"https:\\\/\\\/kuzeyinsesi.org\"],\"url\":\"https:\\\/\\\/kuzeyinsesi.org\\\/index.php\\\/author\\\/guven\\\/\"}]}<\/script>\n<!-- \/ Yoast SEO plugin. -->","yoast_head_json":{"title":"\u015eehit Ertu\u011frul \u0130lkokulu\u2019nda etkinlik yap\u0131ld\u0131 - Kuzeyin Sesi","robots":{"index":"index","follow":"follow","max-snippet":"max-snippet:-1","max-image-preview":"max-image-preview:large","max-video-preview":"max-video-preview:-1"},"canonical":"https:\/\/kuzeyinsesi.org\/index.php\/2024\/12\/02\/sehit-ertugrul-ilkokulunda-etkinlik-yapildi\/","og_locale":"tr_TR","og_type":"article","og_title":"\u015eehit Ertu\u011frul \u0130lkokulu\u2019nda etkinlik yap\u0131ld\u0131 - Kuzeyin Sesi","og_description":"K\u00fclt\u00fcr\u00fcm\u00fcz\u00fcn gelecek nesillere aktar\u0131lmas\u0131 i\u00e7in okullarda etkinlikler yap\u0131l\u0131yor\u2026 \u015eehit Ertu\u011frul \u0130lkokulu\u2019nda yap\u0131lan etkinlikte K\u0131br\u0131s k\u00fclt\u00fcr\u00fc bir kez daha ya\u015fat\u0131ld\u0131, \u00e7ocuklar ise K\u0131br\u0131s \u015fark\u0131lar\u0131yla g\u00f6n\u00fcllerince bir g\u00fcn ge\u00e7irme f\u0131rsat\u0131 buldu\u2026 \u015eehit Ertu\u011frul \u0130lkokulu\u2019nda K\u0131br\u0131s K\u00fclt\u00fcr\u00fc etkinli\u011fi yap\u0131ld\u0131\u2026 Etkinli\u011fe \u0130lk\u00f6\u011fretim Dairesi m\u00fcd\u00fcr\u00fc Hakk\u0131 Ba\u015far\u0131 da kat\u0131ld\u0131\u2026 Etkinlikte, kermes, g\u00f6steri ve K\u0131br\u0131s k\u00fclt\u00fcr\u00fcn\u00fc yans\u0131tan e\u015fyalar\u0131n ve yiyeceklerin sergisi [&hellip;]","og_url":"https:\/\/kuzeyinsesi.org\/index.php\/2024\/12\/02\/sehit-ertugrul-ilkokulunda-etkinlik-yapildi\/","og_site_name":"Kuzeyin Sesi","article_publisher":"https:\/\/www.facebook.com\/kuzeyinsesii","article_published_time":"2024-12-02T18:53:35+00:00","og_image":[{"url":"https:\/\/brtk.net\/wp-content\/uploads\/2024\/12\/02\/iste-kadin-fotograf-sergisi-3-1.jpeg?ver=778614447d23de132c4fb82642765a3b","type":"","width":"","height":""}],"author":"Kuzeyin Sesi","twitter_card":"summary_large_image","twitter_creator":"@kuzeyinsesii","twitter_site":"@kuzeyinsesii","twitter_misc":{"Yazan:":"Kuzeyin Sesi","Tahmini okuma s\u00fcresi":"1 dakika"},"schema":{"@context":"https:\/\/schema.org","@graph":[{"@type":"Article","@id":"https:\/\/kuzeyinsesi.org\/index.php\/2024\/12\/02\/sehit-ertugrul-ilkokulunda-etkinlik-yapildi\/#article","isPartOf":{"@id":"https:\/\/kuzeyinsesi.org\/index.php\/2024\/12\/02\/sehit-ertugrul-ilkokulunda-etkinlik-yapildi\/"},"author":{"name":"Kuzeyin Sesi","@id":"https:\/\/kuzeyinsesi.org\/#\/schema\/person\/9f859689cdf01485597712386e37f5aa"},"headline":"\u015eehit Ertu\u011frul \u0130lkokulu\u2019nda etkinlik yap\u0131ld\u0131","datePublished":"2024-12-02T18:53:35+00:00","mainEntityOfPage":{"@id":"https:\/\/kuzeyinsesi.org\/index.php\/2024\/12\/02\/sehit-ertugrul-ilkokulunda-etkinlik-yapildi\/"},"wordCount":145,"commentCount":0,"image":{"@id":"https:\/\/kuzeyinsesi.org\/index.php\/2024\/12\/02\/sehit-ertugrul-ilkokulunda-etkinlik-yapildi\/#primaryimage"},"thumbnailUrl":"https:\/\/kuzeyinsesi.org\/wp-content\/uploads\/2024\/12\/iste-kadin-fotograf-sergisi-3-1.jpeg","articleSection":["Ya\u015fam"],"inLanguage":"tr","potentialAction":[{"@type":"CommentAction","name":"Comment","target":["https:\/\/kuzeyinsesi.org\/index.php\/2024\/12\/02\/sehit-ertugrul-ilkokulunda-etkinlik-yapildi\/#respond"]}]},{"@type":"WebPage","@id":"https:\/\/kuzeyinsesi.org\/index.php\/2024\/12\/02\/sehit-ertugrul-ilkokulunda-etkinlik-yapildi\/","url":"https:\/\/kuzeyinsesi.org\/index.php\/2024\/12\/02\/sehit-ertugrul-ilkokulunda-etkinlik-yapildi\/","name":"\u015eehit Ertu\u011frul \u0130lkokulu\u2019nda etkinlik yap\u0131ld\u0131 - Kuzeyin Sesi","isPartOf":{"@id":"https:\/\/kuzeyinsesi.org\/#website"},"primaryImageOfPage":{"@id":"https:\/\/kuzeyinsesi.org\/index.php\/2024\/12\/02\/sehit-ertugrul-ilkokulunda-etkinlik-yapildi\/#primaryimage"},"image":{"@id":"https:\/\/kuzeyinsesi.org\/index.php\/2024\/12\/02\/sehit-ertugrul-ilkokulunda-etkinlik-yapildi\/#primaryimage"},"thumbnailUrl":"https:\/\/kuzeyinsesi.org\/wp-content\/uploads\/2024\/12\/iste-kadin-fotograf-sergisi-3-1.jpeg","datePublished":"2024-12-02T18:53:35+00:00","author":{"@id":"https:\/\/kuzeyinsesi.org\/#\/schema\/person\/9f859689cdf01485597712386e37f5aa"},"breadcrumb":{"@id":"https:\/\/kuzeyinsesi.org\/index.php\/2024\/12\/02\/sehit-ertugrul-ilkokulunda-etkinlik-yapildi\/#breadcrumb"},"inLanguage":"tr","potentialAction":[{"@type":"ReadAction","target":["https:\/\/kuzeyinsesi.org\/index.php\/2024\/12\/02\/sehit-ertugrul-ilkokulunda-etkinlik-yapildi\/"]}]},{"@type":"ImageObject","inLanguage":"tr","@id":"https:\/\/kuzeyinsesi.org\/index.php\/2024\/12\/02\/sehit-ertugrul-ilkokulunda-etkinlik-yapildi\/#primaryimage","url":"https:\/\/kuzeyinsesi.org\/wp-content\/uploads\/2024\/12\/iste-kadin-fotograf-sergisi-3-1.jpeg","contentUrl":"https:\/\/kuzeyinsesi.org\/wp-content\/uploads\/2024\/12\/iste-kadin-fotograf-sergisi-3-1.jpeg","width":930,"height":435},{"@type":"BreadcrumbList","@id":"https:\/\/kuzeyinsesi.org\/index.php\/2024\/12\/02\/sehit-ertugrul-ilkokulunda-etkinlik-yapildi\/#breadcrumb","itemListElement":[{"@type":"ListItem","position":1,"name":"Anasayfa","item":"https:\/\/kuzeyinsesi.org\/"},{"@type":"ListItem","position":2,"name":"\u015eehit Ertu\u011frul \u0130lkokulu\u2019nda etkinlik yap\u0131ld\u0131"}]},{"@type":"WebSite","@id":"https:\/\/kuzeyinsesi.org\/#website","url":"https:\/\/kuzeyinsesi.org\/","name":"Kuzeyin Sesi","description":"Do\u011fru Haberin Adresi","potentialAction":[{"@type":"SearchAction","target":{"@type":"EntryPoint","urlTemplate":"https:\/\/kuzeyinsesi.org\/?s={search_term_string}"},"query-input":{"@type":"PropertyValueSpecification","valueRequired":true,"valueName":"search_term_string"}}],"inLanguage":"tr"},{"@type":"Person","@id":"https:\/\/kuzeyinsesi.org\/#\/schema\/person\/9f859689cdf01485597712386e37f5aa","name":"Kuzeyin Sesi","image":{"@type":"ImageObject","inLanguage":"tr","@id":"https:\/\/secure.gravatar.com\/avatar\/bab33852abfd8b282518d6ed81826833d77c3c882d9ab608add591ccace47a44?s=96&d=mm&r=g","url":"https:\/\/secure.gravatar.com\/avatar\/bab33852abfd8b282518d6ed81826833d77c3c882d9ab608add591ccace47a44?s=96&d=mm&r=g","contentUrl":"https:\/\/secure.gravatar.com\/avatar\/bab33852abfd8b282518d6ed81826833d77c3c882d9ab608add591ccace47a44?s=96&d=mm&r=g","caption":"Kuzeyin Sesi"},"sameAs":["https:\/\/kuzeyinsesi.org"],"url":"https:\/\/kuzeyinsesi.org\/index.php\/author\/guven\/"}]}},"_links":{"self":[{"href":"https:\/\/kuzeyinsesi.org\/index.php\/wp-json\/wp\/v2\/posts\/14789","targetHints":{"allow":["GET"]}}],"collection":[{"href":"https:\/\/kuzeyinsesi.org\/index.php\/wp-json\/wp\/v2\/posts"}],"about":[{"href":"https:\/\/kuzeyinsesi.org\/index.php\/wp-json\/wp\/v2\/types\/post"}],"author":[{"embeddable":true,"href":"https:\/\/kuzeyinsesi.org\/index.php\/wp-json\/wp\/v2\/users\/1"}],"replies":[{"embeddable":true,"href":"https:\/\/kuzeyinsesi.org\/index.php\/wp-json\/wp\/v2\/comments?post=14789"}],"version-history":[{"count":0,"href":"https:\/\/kuzeyinsesi.org\/index.php\/wp-json\/wp\/v2\/posts\/14789\/revisions"}],"wp:featuredmedia":[{"embeddable":true,"href":"https:\/\/kuzeyinsesi.org\/index.php\/wp-json\/wp\/v2\/media\/14790"}],"wp:attachment":[{"href":"https:\/\/kuzeyinsesi.org\/index.php\/wp-json\/wp\/v2\/media?parent=14789"}],"wp:term":[{"taxonomy":"category","embeddable":true,"href":"https:\/\/kuzeyinsesi.org\/index.php\/wp-json\/wp\/v2\/categories?post=14789"},{"taxonomy":"post_tag","embeddable":true,"href":"https:\/\/kuzeyinsesi.org\/index.php\/wp-json\/wp\/v2\/tags?post=14789"}],"curies":[{"name":"wp","href":"https:\/\/api.w.org\/{rel}","templated":true}]}}