{"id":1478,"date":"2024-05-06T16:09:07","date_gmt":"2024-05-06T13:09:07","guid":{"rendered":"https:\/\/kuzeyinsesi.com\/index.php\/2024\/05\/06\/mecliste-yabancilara-mulk-satisi-konusuldu\/"},"modified":"2024-05-06T16:09:07","modified_gmt":"2024-05-06T13:09:07","slug":"mecliste-yabancilara-mulk-satisi-konusuldu","status":"publish","type":"post","link":"https:\/\/kuzeyinsesi.org\/index.php\/2024\/05\/06\/mecliste-yabancilara-mulk-satisi-konusuldu\/","title":{"rendered":"Meclis\u2019te yabanc\u0131lara m\u00fclk sat\u0131\u015f\u0131 konu\u015fuldu"},"content":{"rendered":"<div>\n<div class=\"mariselle-image-container none\">\n                                            <\/div>\n<p>Cumhuriyet Meclisi Genel Kurulu\u2019nda ilk olarak Ba\u015fkanl\u0131\u011f\u0131n Genel Kurul\u2019a sunu\u015flar\u0131na yer verildi.<\/p>\n<p>Genel Kurul\u2019un 13-14 May\u0131s tarihli Genel Kurul birle\u015fimlerinin birle\u015ftirilerek, yasama ve denetim faaliyetlerinin 13 May\u0131s\u2019ta yap\u0131lmas\u0131 onayland\u0131. Ard\u0131ndan \u015eirketler De\u011fi\u015fiklik Yasa Tasar\u0131s\u0131\u2019n\u0131n komitede ivedilikle g\u00f6r\u00fc\u015f\u00fclmesi ele al\u0131nd\u0131.<\/p>\n<p>Tasar\u0131yla ilgili bilgi vermek i\u00e7in k\u00fcrs\u00fcye \u00e7\u0131kan Ekonomi ve Enerji Bakan\u0131 Olgun Amcao\u011flu, de\u011fi\u015fikli\u011fin 1974 \u00f6ncesinde tescillenmi\u015f \u015firketlerin tekrar tescillenmesi i\u00e7in tan\u0131nan s\u00fcre hakk\u0131nda oldu\u011funu kaydetti. Tezkere oy\u00e7oklu\u011fuyla kabul edildi.<\/p>\n<p>Genel kurulda daha sonra Yatakl\u0131 Tedavi Kurumlar\u0131 Dairesi Kurulu\u015f, G\u00f6rev ve \u00c7al\u0131\u015fma Esasalar\u0131 (De\u011fi\u015fiklik) Yasa Tasar\u0131s\u0131\u2019n\u0131n genel kurulda \u00fc\u00e7\u00fcnc\u00fc g\u00f6r\u00fc\u015fmesinin yap\u0131lmas\u0131 oya sunuldu ve oy\u00e7oklu\u011fuyla ge\u00e7ti.<\/p>\n<p>Daha sonra TC Parlamentosu \u2013KKTC Parlamentosu Dostluk Grubu\u2019na CTP Lefko\u015fa Milletvekili S\u0131la Usar \u0130ncirli\u2019nin g\u00f6revlendirilmesi oybirli\u011fiyle kabul edildi.<\/p>\n<p><em>-Erh\u00fcrman: \u201cDerdimiz bu k\u00fc\u00e7\u00fcc\u00fck ve n\u00fcfusu son derece az olan \u00fclkenin, toprak m\u00fclkiyetinin korunabilmesi, n\u00fcfus yap\u0131s\u0131n\u0131n s\u00fcrd\u00fcr\u00fclebilir \u015fekilde devam etmesi\u201d<\/em><\/p>\n<p>CTP Ba\u015fkan\u0131 Tufan Erh\u00fcrman, 62\u2019nci madde kapsam\u0131nda yapt\u0131\u011f\u0131 \u201cYabanc\u0131lara m\u00fclk sat\u0131\u015f\u0131\u201d ba\u015fl\u0131kl\u0131 konu\u015fmas\u0131nda,<\/p>\n<p>bir s\u00fcredir komitenin g\u00fcndeminde olan ve yabanc\u0131lara m\u00fclk sat\u0131\u015f\u0131yla ilgili d\u00fczenlemeyi i\u00e7eren yasada de\u011fi\u015fiklik konusunun CTP\u2019nin 2,5-3 y\u0131ld\u0131r s\u00fcrekli g\u00fcndeme getirdi\u011fi bir konu oldu\u011funu kaydetti.<\/p>\n<p>\u00dclkede toprak sahipli\u011finin, n\u00fcfus planlamas\u0131 ve ekonomik kalk\u0131nma planlamas\u0131 a\u00e7\u0131s\u0131ndan \u00f6nemli oldu\u011funu dile getiren Erh\u00fcrman, bu konuda gerekli d\u00fczenlemeler yap\u0131lmazsa bunun in\u015faat sekt\u00f6r\u00fcne de zarar verece\u011fini belirtti.<\/p>\n<p>\u201cDerdimiz bu k\u00fc\u00e7\u00fcc\u00fck ve n\u00fcfusu son derece az olan \u00fclkenin, toprak m\u00fclkiyetinin korunabilmesi, n\u00fcfus yap\u0131s\u0131n\u0131n s\u00fcrd\u00fcr\u00fclebilir \u015fekilde devam etmesiydi\u201d diyen Erh\u00fcrman, konunun, kendilerinin bu uyar\u0131lar\u0131 sonucunda de\u011fil de, meselenin T\u00fcrkiye medyas\u0131nda yer bulmas\u0131yla g\u00fcndeme gelmesinden duydu\u011fu rahats\u0131zl\u0131\u011f\u0131 dile getirdi.<\/p>\n<p>Erh\u00fcrman, n\u00fcfusun, m\u00fclkiyetin ya da topra\u011f\u0131n korunmas\u0131 hakk\u0131nda hi\u00e7bir \u015fey i\u00e7ermeyen bu d\u00fczenlemenin en iyi ihtimalle istatistiki verileri biraz daha iyi hale getirebilecek haline geldi\u011fini kaydetti.<\/p>\n<p>Tasar\u0131n\u0131n, yabanc\u0131lar\u0131n m\u00fclk edinmesini, mevcut yasadan daha fazla kolayla\u015ft\u0131raca\u011f\u0131n\u0131 savunan Erh\u00fcrman m\u00fclk edinmeyle ilgili bir kotan\u0131n \u015fart oldu\u011funu ve bu gere\u011fi ilk g\u00fcnden beri dile getirdiklerini belirtti. Erh\u00fcrman, b\u00f6yle bir kota olmazsa belli b\u00f6lgelerde KKTC vatanda\u015f\u0131 oranlar\u0131n\u0131n g\u00f6rmezden gelinemeyecek kadar d\u00fc\u015febilece\u011fine i\u015faret etti.<\/p>\n<p>T\u00fcrkiye Cumhuriyeti\u2019nde y\u00fczde 10 kotas\u0131 uygulanan b\u00f6lgeler oldu\u011funu kaydeden Erh\u00fcrman, bu konuda h\u00fck\u00fcmet vekillerinin de kendileriyle ayn\u0131 fikirde oldu\u011funu s\u00f6yledi.<\/p>\n<p>-\u201cBir projenin y\u00fczde y\u00fcz\u00fcn\u00fcn KKTC vatanda\u015f\u0131 olmayan ki\u015filer taraf\u0131ndan al\u0131nmas\u0131na olanak tan\u0131nd\u0131\u201d<\/p>\n<p>Yap\u0131lan d\u00fczenlemeyle, projelerin y\u00fczde 80\u2019inin yabanc\u0131, y\u00fczde 20\u2019sinin KKTC ya da T.C. vatanda\u015f\u0131 taraf\u0131ndan al\u0131nabilmesine imkan yarat\u0131ld\u0131\u011f\u0131n\u0131 belirten Erh\u00fcrman, bunun, bir projenin y\u00fczde y\u00fcz\u00fcn\u00fcn KKTC vatanda\u015f\u0131 olmayan ki\u015filer taraf\u0131ndan al\u0131nmas\u0131na olanak tan\u0131d\u0131\u011f\u0131na dikkat \u00e7ekti.<\/p>\n<p>Tufan Erh\u00fcrman, yabanc\u0131lar yap\u0131lacak her projenin y\u00fczde 100\u2019\u00fcn\u00fc alabilmesine imkan tan\u0131yan bu d\u00fczenlemeyle birlikte, gelir d\u00fczeyi yabanc\u0131lardan d\u00fc\u015f\u00fck olan \u00e7o\u011fu KKTC vatanda\u015f\u0131n\u0131n bu projelerden ev alamayaca\u011f\u0131 bir noktaya gelece\u011fini ve bunun da belli b\u00f6lgelerin tamamen yabanc\u0131la\u015fmas\u0131n\u0131 getirece\u011fini ifade etti. Erh\u00fcrman, b\u00f6ylece 5 sene sonra baz\u0131 k\u00f6ylerde se\u00e7im sand\u0131\u011f\u0131 kurmaya gerek kalmayaca\u011f\u0131n\u0131 dile getirdi.<\/p>\n<p>-\u201c\u0130n\u015faat sekt\u00f6r\u00fcn\u00fcn sosyal maliyeti hesaplanmad\u0131\u201d<\/p>\n<p>\u0130n\u015faat sekt\u00f6r\u00fcn\u00fcn sosyal maliyetinin de hesaplanmad\u0131\u011f\u0131n\u0131 dile getiren Erh\u00fcrman, yurt d\u0131\u015f\u0131ndan gelen herkese sa\u011fl\u0131k, e\u011fitim, kanalizasyon ve \u00e7\u00f6p toplama hizmeti verilmesi gere\u011fine dikkat \u00e7ekti. \u201cBu i\u015f olmad\u0131, yanl\u0131\u015f yere gidiyor\u201d diyen Erh\u00fcrman, acele etmeye gerek olmad\u0131\u011f\u0131n\u0131 kaydetti.<\/p>\n<p>Bu d\u00fczenleme hayata ge\u00e7erse, baz\u0131 k\u00f6ylerin belki de \u00f6l\u00fc k\u00f6y haline gelece\u011fini, \u00e7\u00fcnk\u00fc ka\u00e7 ki\u015finin ya\u015famak i\u00e7in ka\u00e7 ki\u015finin sadece yat\u0131r\u0131m i\u00e7in ev ald\u0131\u011f\u0131n\u0131 bilmenin m\u00fcmk\u00fcn olmad\u0131\u011f\u0131n\u0131 ifade eden Erh\u00fcrman, bu konunun bir kez daha de\u011ferlendirilmesini, bu de\u011ferlendirme yap\u0131l\u0131rken de sadece bug\u00fcn\u00fcn ihtiya\u00e7lar\u0131n\u0131 de\u011fil, gelece\u011fin ihtiya\u00e7lar\u0131n\u0131 da g\u00f6z \u00f6n\u00fcne alarak hareket etmek gerekti\u011fini dile getirdi.<\/p>\n<p>Tufan Erh\u00fcrman yap\u0131lacak de\u011fi\u015fiklikle ilgili taleplerinin, belediye baz\u0131nda y\u00fczde 10 kota konmas\u0131, minimum y\u00fczde 30 KKTC vatanda\u015flar\u0131na sat\u0131\u015f kotas\u0131 konmas\u0131, T.C. vatanda\u015flar\u0131n\u0131n yabanc\u0131 uyruklu olmak a\u00e7\u0131s\u0131ndan ayr\u0131lmamas\u0131 oldu\u011funu vurgulad\u0131. Erh\u00fcrman, en fazla yabanc\u0131 yat\u0131r\u0131ma ihtiya\u00e7 duyulan alanlar belirlenmeden \u00f6nce ihtiya\u00e7 analiz raporu haz\u0131rlanmas\u0131 gerekti\u011fini de vurgulad\u0131.<\/p>\n<p>Yerinden s\u00f6z alan UBP Milletvekili Yasemi \u00d6zt\u00fcrk, yabanc\u0131larla yap\u0131lan s\u00f6zle\u015fmelerin kayd\u0131n\u0131n nas\u0131l yap\u0131laca\u011f\u0131n\u0131 sormas\u0131 ve leasing konusunu g\u00fcndeme getirmesi \u00fczerine Erh\u00fcrman, \u00f6rne\u011fin hellim \u00fcretmek i\u00e7in gelmek isteyen bir yat\u0131r\u0131mc\u0131ya leasing yap\u0131lmas\u0131na da kar\u015f\u0131 oldu\u011funu ve ihtiyaca g\u00f6re karar verilmesi gerekti\u011fini ifade etti.<\/p>\n<p>Konunun gerekirse in\u015faat sekt\u00f6r\u00fcyle de ele al\u0131nabilece\u011fini ifade eden Erh\u00fcrman, gerekli de\u011fi\u015fikliklerin yap\u0131lmas\u0131 gerekti\u011fini vurgulad\u0131.<\/p>\n<p><em>-O\u011fuz: \u201cToprak konusu \u00fclkenin bekas\u0131n\u0131 ilgilendiren bir konu, bu konuda hassas\u0131z\u201d<\/em><\/p>\n<p>Yan\u0131t vermek \u00fczere s\u00f6z alan \u0130\u00e7i\u015fleri Bakan\u0131 Dursun O\u011fuz, konunun uzun zamand\u0131r konu\u015fuldu\u011funa i\u015faret ederek, \u201cBiz de \u00fclkenin gelece\u011fiyle ilgili gaileleri payla\u015f\u0131yoruz\u201d dedi.<\/p>\n<p>\u0130dare olarak olay\u0131n t\u00fcm taraflar\u0131n\u0131 g\u00f6z \u00f6n\u00fcne alarak hareket etmek durumunda olduklar\u0131n\u0131 s\u00f6yleyen O\u011fuz, y\u00fczde 100 noktas\u0131na nas\u0131l gelindi\u011fini anlatt\u0131. \u0130lk \u00f6nce pafta sistemi \u00fczerinden ilerlendi\u011fini ancak zorluklar ya\u015fand\u0131\u011f\u0131n\u0131 s\u00f6yleyen O\u011fuz, sekt\u00f6rle ilgili al\u0131nan \u00f6nlemleri an\u0131msatt\u0131 ve yabanc\u0131ya yap-sat\u0131 yasaklad\u0131klar\u0131n\u0131 kaydetti.<\/p>\n<p>Ad\u0131m atarken dengeleri g\u00f6zettiklerini ve konunun hala tart\u0131\u015f\u0131ld\u0131\u011f\u0131n\u0131 ifade eden O\u011fuz, muhalefetin g\u00f6r\u00fc\u015flerine \u00f6nem verdiklerini s\u00f6yledi.<\/p>\n<p>Konuyu yeniden de\u011ferlendireceklerini kaydeden O\u011fuz, \u201cSekt\u00f6r sonsuz de\u011fil. Kaynak da s\u0131n\u0131rl\u0131. \u00dclkenin tar\u0131m topraklar\u0131n\u0131n korunmas\u0131yla ilgili de hemfikiriz\u201d diyerek, veri eksikli\u011fi nedeniyle hala tart\u0131\u015f\u0131lan konular olsa da temel konularda ayn\u0131 fikirde olduklar\u0131n\u0131 belirtti.<\/p>\n<p>\u201cToprak konusu, \u00fclkenin bekas\u0131n\u0131 ilgilendiren bir konu ve bu konuda hassas\u0131z\u201d diyen O\u011fuz, konuyla ilgili g\u00f6r\u00fc\u015fmelerin s\u00fcrd\u00fc\u011f\u00fcn\u00fc belirterek, CTP\u2019nin \u00f6nerilerinin de g\u00f6r\u00fc\u015f\u00fclece\u011fini kaydetti.<\/p>\n<p>O\u011fuz\u2019un konu\u015fmas\u0131 s\u0131ras\u0131nda yerinden s\u00f6z alan CTP Milletvekili Teberr\u00fcken Ulu\u00e7ay, \u201c\u00fclkeye el\u00e7ilik a\u00e7an\u201d ve \u201ca\u00e7mayan\u201d gibi bir ayr\u0131m yap\u0131lmas\u0131n\u0131n gelecekte siyaseten sorun yaratabilece\u011fini kaydetti. Ulu\u00e7ay ayr\u0131ca y\u00fczde 30 KKTC vatanda\u015f\u0131na sat\u0131\u015f yap\u0131lmas\u0131 maddesinin, bir ki\u015finin bu y\u00fczde 30\u2019luk k\u0131sm\u0131n tamam\u0131n\u0131 alabilece\u011fini s\u00f6yledi, bunun s\u0131k\u0131nt\u0131 yarataca\u011f\u0131n\u0131 ifade etti.<\/p>\n<p>CTP Milletvekili Ongun Talat da yerinden s\u00f6z alarak, konut fiyatlar\u0131n\u0131 a\u015fa\u011f\u0131ya \u00e7ekmek unsurunun hi\u00e7bir \u015fekilde bu de\u011fi\u015fiklikte yer almad\u0131\u011f\u0131n\u0131 s\u00f6yledi. \u015eu anda T\u00fcrkiye yurtta\u015flar\u0131na 3 dairenin \u00f6n\u00fc a\u00e7\u0131l\u0131rsa daha sonra bu i\u015fler sarpa sard\u0131\u011f\u0131nda bunun iktidar\u0131n geri alamayaca\u011f\u0131 bir hale gelebilece\u011fini ifade eden Talat, \u201cNeden bu karar\u0131 ge\u00e7ici bir karar olarak alm\u0131yoruz?\u201d diye sordu.<\/p>\n<p>O\u011fuz ise hisseli sat\u0131\u015flar\u0131n yaratt\u0131\u011f\u0131 ma\u011fdurlara i\u015faret ederek, g\u00f6r\u00fclen anomalilerin tart\u0131\u015f\u0131labilece\u011fini kaydetti.<\/p>\n<p>Sekt\u00f6rlerden gelen talep do\u011frultusunda gerekli d\u00fczenlemeleri yapt\u0131klar\u0131n\u0131 ifade eden O\u011fuz, komitede t\u00fcm taleplerin g\u00f6r\u00fc\u015f\u00fclebilece\u011fini dile getirdi.<\/p>\n<p>TAK<\/p>\n<\/p><\/div>\n<p><script async\n                    defer\n                    crossorigin=\"anonymous\"\n                    src=\"https:\/\/connect.facebook.net\/tr_TR\/sdk.js#xfbml=1&#038;version=v3.3\"\n            ><\/script><\/p>\n","protected":false},"excerpt":{"rendered":"<p>Cumhuriyet Meclisi Genel Kurulu\u2019nda ilk olarak Ba\u015fkanl\u0131\u011f\u0131n Genel Kurul\u2019a sunu\u015flar\u0131na yer verildi. Genel Kurul\u2019un 13-14 May\u0131s tarihli Genel Kurul birle\u015fimlerinin birle\u015ftirilerek, yasama ve denetim faaliyetlerinin 13 May\u0131s\u2019ta yap\u0131lmas\u0131 onayland\u0131. Ard\u0131ndan \u015eirketler De\u011fi\u015fiklik Yasa Tasar\u0131s\u0131\u2019n\u0131n komitede ivedilikle g\u00f6r\u00fc\u015f\u00fclmesi ele al\u0131nd\u0131. Tasar\u0131yla ilgili bilgi vermek i\u00e7in k\u00fcrs\u00fcye \u00e7\u0131kan Ekonomi ve Enerji Bakan\u0131 Olgun Amcao\u011flu, de\u011fi\u015fikli\u011fin 1974 \u00f6ncesinde [&hellip;]<\/p>\n","protected":false},"author":1,"featured_media":1479,"comment_status":"open","ping_status":"open","sticky":false,"template":"","format":"standard","meta":{"jnews-multi-image_gallery":[],"jnews_single_post":[],"jnews_primary_category":[],"jnews_social_meta":[],"jnews_override_counter":[],"footnotes":""},"categories":[1],"tags":[],"class_list":["post-1478","post","type-post","status-publish","format-standard","has-post-thumbnail","hentry","category-kibris"],"yoast_head":"<!-- This site is optimized with the Yoast SEO plugin v27.5 - https:\/\/yoast.com\/product\/yoast-seo-wordpress\/ -->\n<title>Meclis\u2019te yabanc\u0131lara m\u00fclk sat\u0131\u015f\u0131 konu\u015fuldu - Kuzeyin Sesi<\/title>\n<meta name=\"robots\" content=\"index, follow, max-snippet:-1, max-image-preview:large, max-video-preview:-1\" \/>\n<link rel=\"canonical\" href=\"https:\/\/kuzeyinsesi.org\/index.php\/2024\/05\/06\/mecliste-yabancilara-mulk-satisi-konusuldu\/\" \/>\n<meta property=\"og:locale\" content=\"tr_TR\" \/>\n<meta property=\"og:type\" content=\"article\" \/>\n<meta property=\"og:title\" content=\"Meclis\u2019te yabanc\u0131lara m\u00fclk sat\u0131\u015f\u0131 konu\u015fuldu - Kuzeyin Sesi\" \/>\n<meta property=\"og:description\" content=\"Cumhuriyet Meclisi Genel Kurulu\u2019nda ilk olarak Ba\u015fkanl\u0131\u011f\u0131n Genel Kurul\u2019a sunu\u015flar\u0131na yer verildi. Genel Kurul\u2019un 13-14 May\u0131s tarihli Genel Kurul birle\u015fimlerinin birle\u015ftirilerek, yasama ve denetim faaliyetlerinin 13 May\u0131s\u2019ta yap\u0131lmas\u0131 onayland\u0131. Ard\u0131ndan \u015eirketler De\u011fi\u015fiklik Yasa Tasar\u0131s\u0131\u2019n\u0131n komitede ivedilikle g\u00f6r\u00fc\u015f\u00fclmesi ele al\u0131nd\u0131. Tasar\u0131yla ilgili bilgi vermek i\u00e7in k\u00fcrs\u00fcye \u00e7\u0131kan Ekonomi ve Enerji Bakan\u0131 Olgun Amcao\u011flu, de\u011fi\u015fikli\u011fin 1974 \u00f6ncesinde [&hellip;]\" \/>\n<meta property=\"og:url\" content=\"https:\/\/kuzeyinsesi.org\/index.php\/2024\/05\/06\/mecliste-yabancilara-mulk-satisi-konusuldu\/\" \/>\n<meta property=\"og:site_name\" content=\"Kuzeyin Sesi\" \/>\n<meta property=\"article:publisher\" content=\"https:\/\/www.facebook.com\/kuzeyinsesii\" \/>\n<meta property=\"article:published_time\" content=\"2024-05-06T13:09:07+00:00\" \/>\n<meta property=\"og:image\" content=\"https:\/\/kuzeyinsesi.org\/wp-content\/uploads\/2024\/05\/ozdenefe-meclis-baskanlik-kursusu-5-1.jpg\" \/>\n\t<meta property=\"og:image:width\" content=\"1800\" \/>\n\t<meta property=\"og:image:height\" content=\"1181\" \/>\n\t<meta property=\"og:image:type\" content=\"image\/jpeg\" \/>\n<meta name=\"author\" content=\"Kuzeyin Sesi\" \/>\n<meta name=\"twitter:card\" content=\"summary_large_image\" \/>\n<meta name=\"twitter:creator\" content=\"@kuzeyinsesii\" \/>\n<meta name=\"twitter:site\" content=\"@kuzeyinsesii\" \/>\n<meta name=\"twitter:label1\" content=\"Yazan:\" \/>\n\t<meta name=\"twitter:data1\" content=\"Kuzeyin Sesi\" \/>\n\t<meta name=\"twitter:label2\" content=\"Tahmini okuma s\u00fcresi\" \/>\n\t<meta name=\"twitter:data2\" content=\"7 dakika\" \/>\n<script type=\"application\/ld+json\" class=\"yoast-schema-graph\">{\"@context\":\"https:\\\/\\\/schema.org\",\"@graph\":[{\"@type\":\"Article\",\"@id\":\"https:\\\/\\\/kuzeyinsesi.org\\\/index.php\\\/2024\\\/05\\\/06\\\/mecliste-yabancilara-mulk-satisi-konusuldu\\\/#article\",\"isPartOf\":{\"@id\":\"https:\\\/\\\/kuzeyinsesi.org\\\/index.php\\\/2024\\\/05\\\/06\\\/mecliste-yabancilara-mulk-satisi-konusuldu\\\/\"},\"author\":{\"name\":\"Kuzeyin Sesi\",\"@id\":\"https:\\\/\\\/kuzeyinsesi.org\\\/#\\\/schema\\\/person\\\/9f859689cdf01485597712386e37f5aa\"},\"headline\":\"Meclis\u2019te yabanc\u0131lara m\u00fclk sat\u0131\u015f\u0131 konu\u015fuldu\",\"datePublished\":\"2024-05-06T13:09:07+00:00\",\"mainEntityOfPage\":{\"@id\":\"https:\\\/\\\/kuzeyinsesi.org\\\/index.php\\\/2024\\\/05\\\/06\\\/mecliste-yabancilara-mulk-satisi-konusuldu\\\/\"},\"wordCount\":1366,\"commentCount\":0,\"image\":{\"@id\":\"https:\\\/\\\/kuzeyinsesi.org\\\/index.php\\\/2024\\\/05\\\/06\\\/mecliste-yabancilara-mulk-satisi-konusuldu\\\/#primaryimage\"},\"thumbnailUrl\":\"https:\\\/\\\/kuzeyinsesi.org\\\/wp-content\\\/uploads\\\/2024\\\/05\\\/ozdenefe-meclis-baskanlik-kursusu-5-1.jpg\",\"articleSection\":[\"K\u0131br\u0131s\"],\"inLanguage\":\"tr\",\"potentialAction\":[{\"@type\":\"CommentAction\",\"name\":\"Comment\",\"target\":[\"https:\\\/\\\/kuzeyinsesi.org\\\/index.php\\\/2024\\\/05\\\/06\\\/mecliste-yabancilara-mulk-satisi-konusuldu\\\/#respond\"]}]},{\"@type\":\"WebPage\",\"@id\":\"https:\\\/\\\/kuzeyinsesi.org\\\/index.php\\\/2024\\\/05\\\/06\\\/mecliste-yabancilara-mulk-satisi-konusuldu\\\/\",\"url\":\"https:\\\/\\\/kuzeyinsesi.org\\\/index.php\\\/2024\\\/05\\\/06\\\/mecliste-yabancilara-mulk-satisi-konusuldu\\\/\",\"name\":\"Meclis\u2019te yabanc\u0131lara m\u00fclk sat\u0131\u015f\u0131 konu\u015fuldu - Kuzeyin Sesi\",\"isPartOf\":{\"@id\":\"https:\\\/\\\/kuzeyinsesi.org\\\/#website\"},\"primaryImageOfPage\":{\"@id\":\"https:\\\/\\\/kuzeyinsesi.org\\\/index.php\\\/2024\\\/05\\\/06\\\/mecliste-yabancilara-mulk-satisi-konusuldu\\\/#primaryimage\"},\"image\":{\"@id\":\"https:\\\/\\\/kuzeyinsesi.org\\\/index.php\\\/2024\\\/05\\\/06\\\/mecliste-yabancilara-mulk-satisi-konusuldu\\\/#primaryimage\"},\"thumbnailUrl\":\"https:\\\/\\\/kuzeyinsesi.org\\\/wp-content\\\/uploads\\\/2024\\\/05\\\/ozdenefe-meclis-baskanlik-kursusu-5-1.jpg\",\"datePublished\":\"2024-05-06T13:09:07+00:00\",\"author\":{\"@id\":\"https:\\\/\\\/kuzeyinsesi.org\\\/#\\\/schema\\\/person\\\/9f859689cdf01485597712386e37f5aa\"},\"breadcrumb\":{\"@id\":\"https:\\\/\\\/kuzeyinsesi.org\\\/index.php\\\/2024\\\/05\\\/06\\\/mecliste-yabancilara-mulk-satisi-konusuldu\\\/#breadcrumb\"},\"inLanguage\":\"tr\",\"potentialAction\":[{\"@type\":\"ReadAction\",\"target\":[\"https:\\\/\\\/kuzeyinsesi.org\\\/index.php\\\/2024\\\/05\\\/06\\\/mecliste-yabancilara-mulk-satisi-konusuldu\\\/\"]}]},{\"@type\":\"ImageObject\",\"inLanguage\":\"tr\",\"@id\":\"https:\\\/\\\/kuzeyinsesi.org\\\/index.php\\\/2024\\\/05\\\/06\\\/mecliste-yabancilara-mulk-satisi-konusuldu\\\/#primaryimage\",\"url\":\"https:\\\/\\\/kuzeyinsesi.org\\\/wp-content\\\/uploads\\\/2024\\\/05\\\/ozdenefe-meclis-baskanlik-kursusu-5-1.jpg\",\"contentUrl\":\"https:\\\/\\\/kuzeyinsesi.org\\\/wp-content\\\/uploads\\\/2024\\\/05\\\/ozdenefe-meclis-baskanlik-kursusu-5-1.jpg\",\"width\":1800,\"height\":1181},{\"@type\":\"BreadcrumbList\",\"@id\":\"https:\\\/\\\/kuzeyinsesi.org\\\/index.php\\\/2024\\\/05\\\/06\\\/mecliste-yabancilara-mulk-satisi-konusuldu\\\/#breadcrumb\",\"itemListElement\":[{\"@type\":\"ListItem\",\"position\":1,\"name\":\"Anasayfa\",\"item\":\"https:\\\/\\\/kuzeyinsesi.org\\\/\"},{\"@type\":\"ListItem\",\"position\":2,\"name\":\"Meclis\u2019te yabanc\u0131lara m\u00fclk sat\u0131\u015f\u0131 konu\u015fuldu\"}]},{\"@type\":\"WebSite\",\"@id\":\"https:\\\/\\\/kuzeyinsesi.org\\\/#website\",\"url\":\"https:\\\/\\\/kuzeyinsesi.org\\\/\",\"name\":\"Kuzeyin Sesi\",\"description\":\"Do\u011fru Haberin Adresi\",\"potentialAction\":[{\"@type\":\"SearchAction\",\"target\":{\"@type\":\"EntryPoint\",\"urlTemplate\":\"https:\\\/\\\/kuzeyinsesi.org\\\/?s={search_term_string}\"},\"query-input\":{\"@type\":\"PropertyValueSpecification\",\"valueRequired\":true,\"valueName\":\"search_term_string\"}}],\"inLanguage\":\"tr\"},{\"@type\":\"Person\",\"@id\":\"https:\\\/\\\/kuzeyinsesi.org\\\/#\\\/schema\\\/person\\\/9f859689cdf01485597712386e37f5aa\",\"name\":\"Kuzeyin Sesi\",\"image\":{\"@type\":\"ImageObject\",\"inLanguage\":\"tr\",\"@id\":\"https:\\\/\\\/secure.gravatar.com\\\/avatar\\\/bab33852abfd8b282518d6ed81826833d77c3c882d9ab608add591ccace47a44?s=96&d=mm&r=g\",\"url\":\"https:\\\/\\\/secure.gravatar.com\\\/avatar\\\/bab33852abfd8b282518d6ed81826833d77c3c882d9ab608add591ccace47a44?s=96&d=mm&r=g\",\"contentUrl\":\"https:\\\/\\\/secure.gravatar.com\\\/avatar\\\/bab33852abfd8b282518d6ed81826833d77c3c882d9ab608add591ccace47a44?s=96&d=mm&r=g\",\"caption\":\"Kuzeyin Sesi\"},\"sameAs\":[\"https:\\\/\\\/kuzeyinsesi.org\"],\"url\":\"https:\\\/\\\/kuzeyinsesi.org\\\/index.php\\\/author\\\/guven\\\/\"}]}<\/script>\n<!-- \/ Yoast SEO plugin. -->","yoast_head_json":{"title":"Meclis\u2019te yabanc\u0131lara m\u00fclk sat\u0131\u015f\u0131 konu\u015fuldu - Kuzeyin Sesi","robots":{"index":"index","follow":"follow","max-snippet":"max-snippet:-1","max-image-preview":"max-image-preview:large","max-video-preview":"max-video-preview:-1"},"canonical":"https:\/\/kuzeyinsesi.org\/index.php\/2024\/05\/06\/mecliste-yabancilara-mulk-satisi-konusuldu\/","og_locale":"tr_TR","og_type":"article","og_title":"Meclis\u2019te yabanc\u0131lara m\u00fclk sat\u0131\u015f\u0131 konu\u015fuldu - Kuzeyin Sesi","og_description":"Cumhuriyet Meclisi Genel Kurulu\u2019nda ilk olarak Ba\u015fkanl\u0131\u011f\u0131n Genel Kurul\u2019a sunu\u015flar\u0131na yer verildi. Genel Kurul\u2019un 13-14 May\u0131s tarihli Genel Kurul birle\u015fimlerinin birle\u015ftirilerek, yasama ve denetim faaliyetlerinin 13 May\u0131s\u2019ta yap\u0131lmas\u0131 onayland\u0131. Ard\u0131ndan \u015eirketler De\u011fi\u015fiklik Yasa Tasar\u0131s\u0131\u2019n\u0131n komitede ivedilikle g\u00f6r\u00fc\u015f\u00fclmesi ele al\u0131nd\u0131. Tasar\u0131yla ilgili bilgi vermek i\u00e7in k\u00fcrs\u00fcye \u00e7\u0131kan Ekonomi ve Enerji Bakan\u0131 Olgun Amcao\u011flu, de\u011fi\u015fikli\u011fin 1974 \u00f6ncesinde [&hellip;]","og_url":"https:\/\/kuzeyinsesi.org\/index.php\/2024\/05\/06\/mecliste-yabancilara-mulk-satisi-konusuldu\/","og_site_name":"Kuzeyin Sesi","article_publisher":"https:\/\/www.facebook.com\/kuzeyinsesii","article_published_time":"2024-05-06T13:09:07+00:00","og_image":[{"width":1800,"height":1181,"url":"https:\/\/kuzeyinsesi.org\/wp-content\/uploads\/2024\/05\/ozdenefe-meclis-baskanlik-kursusu-5-1.jpg","type":"image\/jpeg"}],"author":"Kuzeyin Sesi","twitter_card":"summary_large_image","twitter_creator":"@kuzeyinsesii","twitter_site":"@kuzeyinsesii","twitter_misc":{"Yazan:":"Kuzeyin Sesi","Tahmini okuma s\u00fcresi":"7 dakika"},"schema":{"@context":"https:\/\/schema.org","@graph":[{"@type":"Article","@id":"https:\/\/kuzeyinsesi.org\/index.php\/2024\/05\/06\/mecliste-yabancilara-mulk-satisi-konusuldu\/#article","isPartOf":{"@id":"https:\/\/kuzeyinsesi.org\/index.php\/2024\/05\/06\/mecliste-yabancilara-mulk-satisi-konusuldu\/"},"author":{"name":"Kuzeyin Sesi","@id":"https:\/\/kuzeyinsesi.org\/#\/schema\/person\/9f859689cdf01485597712386e37f5aa"},"headline":"Meclis\u2019te yabanc\u0131lara m\u00fclk sat\u0131\u015f\u0131 konu\u015fuldu","datePublished":"2024-05-06T13:09:07+00:00","mainEntityOfPage":{"@id":"https:\/\/kuzeyinsesi.org\/index.php\/2024\/05\/06\/mecliste-yabancilara-mulk-satisi-konusuldu\/"},"wordCount":1366,"commentCount":0,"image":{"@id":"https:\/\/kuzeyinsesi.org\/index.php\/2024\/05\/06\/mecliste-yabancilara-mulk-satisi-konusuldu\/#primaryimage"},"thumbnailUrl":"https:\/\/kuzeyinsesi.org\/wp-content\/uploads\/2024\/05\/ozdenefe-meclis-baskanlik-kursusu-5-1.jpg","articleSection":["K\u0131br\u0131s"],"inLanguage":"tr","potentialAction":[{"@type":"CommentAction","name":"Comment","target":["https:\/\/kuzeyinsesi.org\/index.php\/2024\/05\/06\/mecliste-yabancilara-mulk-satisi-konusuldu\/#respond"]}]},{"@type":"WebPage","@id":"https:\/\/kuzeyinsesi.org\/index.php\/2024\/05\/06\/mecliste-yabancilara-mulk-satisi-konusuldu\/","url":"https:\/\/kuzeyinsesi.org\/index.php\/2024\/05\/06\/mecliste-yabancilara-mulk-satisi-konusuldu\/","name":"Meclis\u2019te yabanc\u0131lara m\u00fclk sat\u0131\u015f\u0131 konu\u015fuldu - Kuzeyin Sesi","isPartOf":{"@id":"https:\/\/kuzeyinsesi.org\/#website"},"primaryImageOfPage":{"@id":"https:\/\/kuzeyinsesi.org\/index.php\/2024\/05\/06\/mecliste-yabancilara-mulk-satisi-konusuldu\/#primaryimage"},"image":{"@id":"https:\/\/kuzeyinsesi.org\/index.php\/2024\/05\/06\/mecliste-yabancilara-mulk-satisi-konusuldu\/#primaryimage"},"thumbnailUrl":"https:\/\/kuzeyinsesi.org\/wp-content\/uploads\/2024\/05\/ozdenefe-meclis-baskanlik-kursusu-5-1.jpg","datePublished":"2024-05-06T13:09:07+00:00","author":{"@id":"https:\/\/kuzeyinsesi.org\/#\/schema\/person\/9f859689cdf01485597712386e37f5aa"},"breadcrumb":{"@id":"https:\/\/kuzeyinsesi.org\/index.php\/2024\/05\/06\/mecliste-yabancilara-mulk-satisi-konusuldu\/#breadcrumb"},"inLanguage":"tr","potentialAction":[{"@type":"ReadAction","target":["https:\/\/kuzeyinsesi.org\/index.php\/2024\/05\/06\/mecliste-yabancilara-mulk-satisi-konusuldu\/"]}]},{"@type":"ImageObject","inLanguage":"tr","@id":"https:\/\/kuzeyinsesi.org\/index.php\/2024\/05\/06\/mecliste-yabancilara-mulk-satisi-konusuldu\/#primaryimage","url":"https:\/\/kuzeyinsesi.org\/wp-content\/uploads\/2024\/05\/ozdenefe-meclis-baskanlik-kursusu-5-1.jpg","contentUrl":"https:\/\/kuzeyinsesi.org\/wp-content\/uploads\/2024\/05\/ozdenefe-meclis-baskanlik-kursusu-5-1.jpg","width":1800,"height":1181},{"@type":"BreadcrumbList","@id":"https:\/\/kuzeyinsesi.org\/index.php\/2024\/05\/06\/mecliste-yabancilara-mulk-satisi-konusuldu\/#breadcrumb","itemListElement":[{"@type":"ListItem","position":1,"name":"Anasayfa","item":"https:\/\/kuzeyinsesi.org\/"},{"@type":"ListItem","position":2,"name":"Meclis\u2019te yabanc\u0131lara m\u00fclk sat\u0131\u015f\u0131 konu\u015fuldu"}]},{"@type":"WebSite","@id":"https:\/\/kuzeyinsesi.org\/#website","url":"https:\/\/kuzeyinsesi.org\/","name":"Kuzeyin Sesi","description":"Do\u011fru Haberin Adresi","potentialAction":[{"@type":"SearchAction","target":{"@type":"EntryPoint","urlTemplate":"https:\/\/kuzeyinsesi.org\/?s={search_term_string}"},"query-input":{"@type":"PropertyValueSpecification","valueRequired":true,"valueName":"search_term_string"}}],"inLanguage":"tr"},{"@type":"Person","@id":"https:\/\/kuzeyinsesi.org\/#\/schema\/person\/9f859689cdf01485597712386e37f5aa","name":"Kuzeyin Sesi","image":{"@type":"ImageObject","inLanguage":"tr","@id":"https:\/\/secure.gravatar.com\/avatar\/bab33852abfd8b282518d6ed81826833d77c3c882d9ab608add591ccace47a44?s=96&d=mm&r=g","url":"https:\/\/secure.gravatar.com\/avatar\/bab33852abfd8b282518d6ed81826833d77c3c882d9ab608add591ccace47a44?s=96&d=mm&r=g","contentUrl":"https:\/\/secure.gravatar.com\/avatar\/bab33852abfd8b282518d6ed81826833d77c3c882d9ab608add591ccace47a44?s=96&d=mm&r=g","caption":"Kuzeyin Sesi"},"sameAs":["https:\/\/kuzeyinsesi.org"],"url":"https:\/\/kuzeyinsesi.org\/index.php\/author\/guven\/"}]}},"_links":{"self":[{"href":"https:\/\/kuzeyinsesi.org\/index.php\/wp-json\/wp\/v2\/posts\/1478","targetHints":{"allow":["GET"]}}],"collection":[{"href":"https:\/\/kuzeyinsesi.org\/index.php\/wp-json\/wp\/v2\/posts"}],"about":[{"href":"https:\/\/kuzeyinsesi.org\/index.php\/wp-json\/wp\/v2\/types\/post"}],"author":[{"embeddable":true,"href":"https:\/\/kuzeyinsesi.org\/index.php\/wp-json\/wp\/v2\/users\/1"}],"replies":[{"embeddable":true,"href":"https:\/\/kuzeyinsesi.org\/index.php\/wp-json\/wp\/v2\/comments?post=1478"}],"version-history":[{"count":0,"href":"https:\/\/kuzeyinsesi.org\/index.php\/wp-json\/wp\/v2\/posts\/1478\/revisions"}],"wp:featuredmedia":[{"embeddable":true,"href":"https:\/\/kuzeyinsesi.org\/index.php\/wp-json\/wp\/v2\/media\/1479"}],"wp:attachment":[{"href":"https:\/\/kuzeyinsesi.org\/index.php\/wp-json\/wp\/v2\/media?parent=1478"}],"wp:term":[{"taxonomy":"category","embeddable":true,"href":"https:\/\/kuzeyinsesi.org\/index.php\/wp-json\/wp\/v2\/categories?post=1478"},{"taxonomy":"post_tag","embeddable":true,"href":"https:\/\/kuzeyinsesi.org\/index.php\/wp-json\/wp\/v2\/tags?post=1478"}],"curies":[{"name":"wp","href":"https:\/\/api.w.org\/{rel}","templated":true}]}}