{"id":14778,"date":"2024-12-02T19:52:40","date_gmt":"2024-12-02T17:52:40","guid":{"rendered":"https:\/\/kuzeyinsesi.org\/index.php\/2024\/12\/02\/iste-kadin-fotograf-sergisi-ercanda-acildi\/"},"modified":"2024-12-02T19:52:40","modified_gmt":"2024-12-02T17:52:40","slug":"iste-kadin-fotograf-sergisi-ercanda-acildi","status":"publish","type":"post","link":"https:\/\/kuzeyinsesi.org\/index.php\/2024\/12\/02\/iste-kadin-fotograf-sergisi-ercanda-acildi\/","title":{"rendered":"\u201c\u0130\u015f\u2019te Kad\u0131n\u201d foto\u011fraf sergisi Ercan\u2019da a\u00e7\u0131ld\u0131"},"content":{"rendered":"<div>\n<div class=\"mariselle-image-container none\">\n                                            <\/div>\n<p style=\"font-weight: 300;\"><span style=\"font-weight: 300 !important;\">\u201c\u0130\u015f\u2019te Kad\u0131n\u201d foto\u011fraf sergisi Ercan Havaliman\u0131\u2019nda a\u00e7\u0131ld\u0131.<\/span><\/p>\n<p style=\"font-weight: 300;\"><span style=\"font-weight: 300 !important;\">Verilen bilgiye g\u00f6re, T&amp;T Havaliman\u0131 \u0130\u015fletmecili\u011fi, \u0130\u015f Kad\u0131nlar\u0131 Derne\u011fi (\u0130KD) ile i\u015f birli\u011finde ziyarete a\u00e7\u0131lan sergide \u0130\u015f Kad\u0131nlar\u0131 Derne\u011fi\u2019nin bu y\u0131l 7\u2019ncisini d\u00fczenledi\u011fi foto\u011fraf yar\u0131\u015fmas\u0131nda dereceye giren ve sergileme alan foto\u011fraflar yer al\u0131yor.<\/span><span style=\"font-weight: 300 !important;\">\u00a0<\/span><\/p>\n<p>\u00a0<\/p>\n<p>\u00a0<\/p>\n<\/p><\/div>\n<p><script async\n                    defer\n                    crossorigin=\"anonymous\"\n                    src=\"https:\/\/connect.facebook.net\/tr_TR\/sdk.js#xfbml=1&#038;version=v3.3\"\n            ><\/script><\/p>\n","protected":false},"excerpt":{"rendered":"<p>\u201c\u0130\u015f\u2019te Kad\u0131n\u201d foto\u011fraf sergisi Ercan Havaliman\u0131\u2019nda a\u00e7\u0131ld\u0131. Verilen bilgiye g\u00f6re, T&amp;T Havaliman\u0131 \u0130\u015fletmecili\u011fi, \u0130\u015f Kad\u0131nlar\u0131 Derne\u011fi (\u0130KD) ile i\u015f birli\u011finde ziyarete a\u00e7\u0131lan sergide \u0130\u015f Kad\u0131nlar\u0131 Derne\u011fi\u2019nin bu y\u0131l 7\u2019ncisini d\u00fczenledi\u011fi foto\u011fraf yar\u0131\u015fmas\u0131nda dereceye giren ve sergileme alan foto\u011fraflar yer al\u0131yor.\u00a0 \u00a0 \u00a0<\/p>\n","protected":false},"author":1,"featured_media":14779,"comment_status":"open","ping_status":"open","sticky":false,"template":"","format":"standard","meta":{"jnews-multi-image_gallery":[],"jnews_single_post":[],"jnews_primary_category":[],"jnews_social_meta":[],"jnews_override_counter":[],"footnotes":""},"categories":[6],"tags":[],"class_list":["post-14778","post","type-post","status-publish","format-standard","has-post-thumbnail","hentry","category-yasam"],"yoast_head":"<!-- This site is optimized with the Yoast SEO plugin v27.4 - https:\/\/yoast.com\/product\/yoast-seo-wordpress\/ -->\n<title>\u201c\u0130\u015f\u2019te Kad\u0131n\u201d foto\u011fraf sergisi Ercan\u2019da a\u00e7\u0131ld\u0131 - Kuzeyin Sesi<\/title>\n<meta name=\"robots\" content=\"index, follow, max-snippet:-1, max-image-preview:large, max-video-preview:-1\" \/>\n<link rel=\"canonical\" href=\"https:\/\/kuzeyinsesi.org\/index.php\/2024\/12\/02\/iste-kadin-fotograf-sergisi-ercanda-acildi\/\" \/>\n<meta property=\"og:locale\" content=\"tr_TR\" \/>\n<meta property=\"og:type\" content=\"article\" \/>\n<meta property=\"og:title\" content=\"\u201c\u0130\u015f\u2019te Kad\u0131n\u201d foto\u011fraf sergisi Ercan\u2019da a\u00e7\u0131ld\u0131 - Kuzeyin Sesi\" \/>\n<meta property=\"og:description\" content=\"\u201c\u0130\u015f\u2019te Kad\u0131n\u201d foto\u011fraf sergisi Ercan Havaliman\u0131\u2019nda a\u00e7\u0131ld\u0131. Verilen bilgiye g\u00f6re, T&amp;T Havaliman\u0131 \u0130\u015fletmecili\u011fi, \u0130\u015f Kad\u0131nlar\u0131 Derne\u011fi (\u0130KD) ile i\u015f birli\u011finde ziyarete a\u00e7\u0131lan sergide \u0130\u015f Kad\u0131nlar\u0131 Derne\u011fi\u2019nin bu y\u0131l 7\u2019ncisini d\u00fczenledi\u011fi foto\u011fraf yar\u0131\u015fmas\u0131nda dereceye giren ve sergileme alan foto\u011fraflar yer al\u0131yor.\u00a0 \u00a0 \u00a0\" \/>\n<meta property=\"og:url\" content=\"https:\/\/kuzeyinsesi.org\/index.php\/2024\/12\/02\/iste-kadin-fotograf-sergisi-ercanda-acildi\/\" \/>\n<meta property=\"og:site_name\" content=\"Kuzeyin Sesi\" \/>\n<meta property=\"article:publisher\" content=\"https:\/\/www.facebook.com\/kuzeyinsesii\" \/>\n<meta property=\"article:published_time\" content=\"2024-12-02T17:52:40+00:00\" \/>\n<meta property=\"og:image\" content=\"https:\/\/brtk.net\/wp-content\/uploads\/2024\/12\/02\/iste-kadin-fotograf-sergisi-3.jpeg?ver=6ea1d08ac790fe8d6ed2b583a0985470\" \/>\n<meta name=\"author\" content=\"Kuzeyin Sesi\" \/>\n<meta name=\"twitter:card\" content=\"summary_large_image\" \/>\n<meta name=\"twitter:creator\" content=\"@kuzeyinsesii\" \/>\n<meta name=\"twitter:site\" content=\"@kuzeyinsesii\" \/>\n<meta name=\"twitter:label1\" content=\"Yazan:\" \/>\n\t<meta name=\"twitter:data1\" content=\"Kuzeyin Sesi\" \/>\n<script type=\"application\/ld+json\" class=\"yoast-schema-graph\">{\"@context\":\"https:\\\/\\\/schema.org\",\"@graph\":[{\"@type\":\"Article\",\"@id\":\"https:\\\/\\\/kuzeyinsesi.org\\\/index.php\\\/2024\\\/12\\\/02\\\/iste-kadin-fotograf-sergisi-ercanda-acildi\\\/#article\",\"isPartOf\":{\"@id\":\"https:\\\/\\\/kuzeyinsesi.org\\\/index.php\\\/2024\\\/12\\\/02\\\/iste-kadin-fotograf-sergisi-ercanda-acildi\\\/\"},\"author\":{\"name\":\"Kuzeyin Sesi\",\"@id\":\"https:\\\/\\\/kuzeyinsesi.org\\\/#\\\/schema\\\/person\\\/9f859689cdf01485597712386e37f5aa\"},\"headline\":\"\u201c\u0130\u015f\u2019te Kad\u0131n\u201d foto\u011fraf sergisi Ercan\u2019da a\u00e7\u0131ld\u0131\",\"datePublished\":\"2024-12-02T17:52:40+00:00\",\"mainEntityOfPage\":{\"@id\":\"https:\\\/\\\/kuzeyinsesi.org\\\/index.php\\\/2024\\\/12\\\/02\\\/iste-kadin-fotograf-sergisi-ercanda-acildi\\\/\"},\"wordCount\":71,\"commentCount\":0,\"image\":{\"@id\":\"https:\\\/\\\/kuzeyinsesi.org\\\/index.php\\\/2024\\\/12\\\/02\\\/iste-kadin-fotograf-sergisi-ercanda-acildi\\\/#primaryimage\"},\"thumbnailUrl\":\"https:\\\/\\\/kuzeyinsesi.org\\\/wp-content\\\/uploads\\\/2024\\\/12\\\/iste-kadin-fotograf-sergisi-3.jpeg\",\"articleSection\":[\"Ya\u015fam\"],\"inLanguage\":\"tr\",\"potentialAction\":[{\"@type\":\"CommentAction\",\"name\":\"Comment\",\"target\":[\"https:\\\/\\\/kuzeyinsesi.org\\\/index.php\\\/2024\\\/12\\\/02\\\/iste-kadin-fotograf-sergisi-ercanda-acildi\\\/#respond\"]}]},{\"@type\":\"WebPage\",\"@id\":\"https:\\\/\\\/kuzeyinsesi.org\\\/index.php\\\/2024\\\/12\\\/02\\\/iste-kadin-fotograf-sergisi-ercanda-acildi\\\/\",\"url\":\"https:\\\/\\\/kuzeyinsesi.org\\\/index.php\\\/2024\\\/12\\\/02\\\/iste-kadin-fotograf-sergisi-ercanda-acildi\\\/\",\"name\":\"\u201c\u0130\u015f\u2019te Kad\u0131n\u201d foto\u011fraf sergisi Ercan\u2019da a\u00e7\u0131ld\u0131 - Kuzeyin Sesi\",\"isPartOf\":{\"@id\":\"https:\\\/\\\/kuzeyinsesi.org\\\/#website\"},\"primaryImageOfPage\":{\"@id\":\"https:\\\/\\\/kuzeyinsesi.org\\\/index.php\\\/2024\\\/12\\\/02\\\/iste-kadin-fotograf-sergisi-ercanda-acildi\\\/#primaryimage\"},\"image\":{\"@id\":\"https:\\\/\\\/kuzeyinsesi.org\\\/index.php\\\/2024\\\/12\\\/02\\\/iste-kadin-fotograf-sergisi-ercanda-acildi\\\/#primaryimage\"},\"thumbnailUrl\":\"https:\\\/\\\/kuzeyinsesi.org\\\/wp-content\\\/uploads\\\/2024\\\/12\\\/iste-kadin-fotograf-sergisi-3.jpeg\",\"datePublished\":\"2024-12-02T17:52:40+00:00\",\"author\":{\"@id\":\"https:\\\/\\\/kuzeyinsesi.org\\\/#\\\/schema\\\/person\\\/9f859689cdf01485597712386e37f5aa\"},\"breadcrumb\":{\"@id\":\"https:\\\/\\\/kuzeyinsesi.org\\\/index.php\\\/2024\\\/12\\\/02\\\/iste-kadin-fotograf-sergisi-ercanda-acildi\\\/#breadcrumb\"},\"inLanguage\":\"tr\",\"potentialAction\":[{\"@type\":\"ReadAction\",\"target\":[\"https:\\\/\\\/kuzeyinsesi.org\\\/index.php\\\/2024\\\/12\\\/02\\\/iste-kadin-fotograf-sergisi-ercanda-acildi\\\/\"]}]},{\"@type\":\"ImageObject\",\"inLanguage\":\"tr\",\"@id\":\"https:\\\/\\\/kuzeyinsesi.org\\\/index.php\\\/2024\\\/12\\\/02\\\/iste-kadin-fotograf-sergisi-ercanda-acildi\\\/#primaryimage\",\"url\":\"https:\\\/\\\/kuzeyinsesi.org\\\/wp-content\\\/uploads\\\/2024\\\/12\\\/iste-kadin-fotograf-sergisi-3.jpeg\",\"contentUrl\":\"https:\\\/\\\/kuzeyinsesi.org\\\/wp-content\\\/uploads\\\/2024\\\/12\\\/iste-kadin-fotograf-sergisi-3.jpeg\",\"width\":925,\"height\":441},{\"@type\":\"BreadcrumbList\",\"@id\":\"https:\\\/\\\/kuzeyinsesi.org\\\/index.php\\\/2024\\\/12\\\/02\\\/iste-kadin-fotograf-sergisi-ercanda-acildi\\\/#breadcrumb\",\"itemListElement\":[{\"@type\":\"ListItem\",\"position\":1,\"name\":\"Anasayfa\",\"item\":\"https:\\\/\\\/kuzeyinsesi.org\\\/\"},{\"@type\":\"ListItem\",\"position\":2,\"name\":\"\u201c\u0130\u015f\u2019te Kad\u0131n\u201d foto\u011fraf sergisi Ercan\u2019da a\u00e7\u0131ld\u0131\"}]},{\"@type\":\"WebSite\",\"@id\":\"https:\\\/\\\/kuzeyinsesi.org\\\/#website\",\"url\":\"https:\\\/\\\/kuzeyinsesi.org\\\/\",\"name\":\"Kuzeyin Sesi\",\"description\":\"Do\u011fru Haberin Adresi\",\"potentialAction\":[{\"@type\":\"SearchAction\",\"target\":{\"@type\":\"EntryPoint\",\"urlTemplate\":\"https:\\\/\\\/kuzeyinsesi.org\\\/?s={search_term_string}\"},\"query-input\":{\"@type\":\"PropertyValueSpecification\",\"valueRequired\":true,\"valueName\":\"search_term_string\"}}],\"inLanguage\":\"tr\"},{\"@type\":\"Person\",\"@id\":\"https:\\\/\\\/kuzeyinsesi.org\\\/#\\\/schema\\\/person\\\/9f859689cdf01485597712386e37f5aa\",\"name\":\"Kuzeyin Sesi\",\"image\":{\"@type\":\"ImageObject\",\"inLanguage\":\"tr\",\"@id\":\"https:\\\/\\\/secure.gravatar.com\\\/avatar\\\/bab33852abfd8b282518d6ed81826833d77c3c882d9ab608add591ccace47a44?s=96&d=mm&r=g\",\"url\":\"https:\\\/\\\/secure.gravatar.com\\\/avatar\\\/bab33852abfd8b282518d6ed81826833d77c3c882d9ab608add591ccace47a44?s=96&d=mm&r=g\",\"contentUrl\":\"https:\\\/\\\/secure.gravatar.com\\\/avatar\\\/bab33852abfd8b282518d6ed81826833d77c3c882d9ab608add591ccace47a44?s=96&d=mm&r=g\",\"caption\":\"Kuzeyin Sesi\"},\"sameAs\":[\"https:\\\/\\\/kuzeyinsesi.org\"],\"url\":\"https:\\\/\\\/kuzeyinsesi.org\\\/index.php\\\/author\\\/guven\\\/\"}]}<\/script>\n<!-- \/ Yoast SEO plugin. -->","yoast_head_json":{"title":"\u201c\u0130\u015f\u2019te Kad\u0131n\u201d foto\u011fraf sergisi Ercan\u2019da a\u00e7\u0131ld\u0131 - Kuzeyin Sesi","robots":{"index":"index","follow":"follow","max-snippet":"max-snippet:-1","max-image-preview":"max-image-preview:large","max-video-preview":"max-video-preview:-1"},"canonical":"https:\/\/kuzeyinsesi.org\/index.php\/2024\/12\/02\/iste-kadin-fotograf-sergisi-ercanda-acildi\/","og_locale":"tr_TR","og_type":"article","og_title":"\u201c\u0130\u015f\u2019te Kad\u0131n\u201d foto\u011fraf sergisi Ercan\u2019da a\u00e7\u0131ld\u0131 - Kuzeyin Sesi","og_description":"\u201c\u0130\u015f\u2019te Kad\u0131n\u201d foto\u011fraf sergisi Ercan Havaliman\u0131\u2019nda a\u00e7\u0131ld\u0131. Verilen bilgiye g\u00f6re, T&amp;T Havaliman\u0131 \u0130\u015fletmecili\u011fi, \u0130\u015f Kad\u0131nlar\u0131 Derne\u011fi (\u0130KD) ile i\u015f birli\u011finde ziyarete a\u00e7\u0131lan sergide \u0130\u015f Kad\u0131nlar\u0131 Derne\u011fi\u2019nin bu y\u0131l 7\u2019ncisini d\u00fczenledi\u011fi foto\u011fraf yar\u0131\u015fmas\u0131nda dereceye giren ve sergileme alan foto\u011fraflar yer al\u0131yor.\u00a0 \u00a0 \u00a0","og_url":"https:\/\/kuzeyinsesi.org\/index.php\/2024\/12\/02\/iste-kadin-fotograf-sergisi-ercanda-acildi\/","og_site_name":"Kuzeyin Sesi","article_publisher":"https:\/\/www.facebook.com\/kuzeyinsesii","article_published_time":"2024-12-02T17:52:40+00:00","og_image":[{"url":"https:\/\/brtk.net\/wp-content\/uploads\/2024\/12\/02\/iste-kadin-fotograf-sergisi-3.jpeg?ver=6ea1d08ac790fe8d6ed2b583a0985470","type":"","width":"","height":""}],"author":"Kuzeyin Sesi","twitter_card":"summary_large_image","twitter_creator":"@kuzeyinsesii","twitter_site":"@kuzeyinsesii","twitter_misc":{"Yazan:":"Kuzeyin Sesi"},"schema":{"@context":"https:\/\/schema.org","@graph":[{"@type":"Article","@id":"https:\/\/kuzeyinsesi.org\/index.php\/2024\/12\/02\/iste-kadin-fotograf-sergisi-ercanda-acildi\/#article","isPartOf":{"@id":"https:\/\/kuzeyinsesi.org\/index.php\/2024\/12\/02\/iste-kadin-fotograf-sergisi-ercanda-acildi\/"},"author":{"name":"Kuzeyin Sesi","@id":"https:\/\/kuzeyinsesi.org\/#\/schema\/person\/9f859689cdf01485597712386e37f5aa"},"headline":"\u201c\u0130\u015f\u2019te Kad\u0131n\u201d foto\u011fraf sergisi Ercan\u2019da a\u00e7\u0131ld\u0131","datePublished":"2024-12-02T17:52:40+00:00","mainEntityOfPage":{"@id":"https:\/\/kuzeyinsesi.org\/index.php\/2024\/12\/02\/iste-kadin-fotograf-sergisi-ercanda-acildi\/"},"wordCount":71,"commentCount":0,"image":{"@id":"https:\/\/kuzeyinsesi.org\/index.php\/2024\/12\/02\/iste-kadin-fotograf-sergisi-ercanda-acildi\/#primaryimage"},"thumbnailUrl":"https:\/\/kuzeyinsesi.org\/wp-content\/uploads\/2024\/12\/iste-kadin-fotograf-sergisi-3.jpeg","articleSection":["Ya\u015fam"],"inLanguage":"tr","potentialAction":[{"@type":"CommentAction","name":"Comment","target":["https:\/\/kuzeyinsesi.org\/index.php\/2024\/12\/02\/iste-kadin-fotograf-sergisi-ercanda-acildi\/#respond"]}]},{"@type":"WebPage","@id":"https:\/\/kuzeyinsesi.org\/index.php\/2024\/12\/02\/iste-kadin-fotograf-sergisi-ercanda-acildi\/","url":"https:\/\/kuzeyinsesi.org\/index.php\/2024\/12\/02\/iste-kadin-fotograf-sergisi-ercanda-acildi\/","name":"\u201c\u0130\u015f\u2019te Kad\u0131n\u201d foto\u011fraf sergisi Ercan\u2019da a\u00e7\u0131ld\u0131 - Kuzeyin Sesi","isPartOf":{"@id":"https:\/\/kuzeyinsesi.org\/#website"},"primaryImageOfPage":{"@id":"https:\/\/kuzeyinsesi.org\/index.php\/2024\/12\/02\/iste-kadin-fotograf-sergisi-ercanda-acildi\/#primaryimage"},"image":{"@id":"https:\/\/kuzeyinsesi.org\/index.php\/2024\/12\/02\/iste-kadin-fotograf-sergisi-ercanda-acildi\/#primaryimage"},"thumbnailUrl":"https:\/\/kuzeyinsesi.org\/wp-content\/uploads\/2024\/12\/iste-kadin-fotograf-sergisi-3.jpeg","datePublished":"2024-12-02T17:52:40+00:00","author":{"@id":"https:\/\/kuzeyinsesi.org\/#\/schema\/person\/9f859689cdf01485597712386e37f5aa"},"breadcrumb":{"@id":"https:\/\/kuzeyinsesi.org\/index.php\/2024\/12\/02\/iste-kadin-fotograf-sergisi-ercanda-acildi\/#breadcrumb"},"inLanguage":"tr","potentialAction":[{"@type":"ReadAction","target":["https:\/\/kuzeyinsesi.org\/index.php\/2024\/12\/02\/iste-kadin-fotograf-sergisi-ercanda-acildi\/"]}]},{"@type":"ImageObject","inLanguage":"tr","@id":"https:\/\/kuzeyinsesi.org\/index.php\/2024\/12\/02\/iste-kadin-fotograf-sergisi-ercanda-acildi\/#primaryimage","url":"https:\/\/kuzeyinsesi.org\/wp-content\/uploads\/2024\/12\/iste-kadin-fotograf-sergisi-3.jpeg","contentUrl":"https:\/\/kuzeyinsesi.org\/wp-content\/uploads\/2024\/12\/iste-kadin-fotograf-sergisi-3.jpeg","width":925,"height":441},{"@type":"BreadcrumbList","@id":"https:\/\/kuzeyinsesi.org\/index.php\/2024\/12\/02\/iste-kadin-fotograf-sergisi-ercanda-acildi\/#breadcrumb","itemListElement":[{"@type":"ListItem","position":1,"name":"Anasayfa","item":"https:\/\/kuzeyinsesi.org\/"},{"@type":"ListItem","position":2,"name":"\u201c\u0130\u015f\u2019te Kad\u0131n\u201d foto\u011fraf sergisi Ercan\u2019da a\u00e7\u0131ld\u0131"}]},{"@type":"WebSite","@id":"https:\/\/kuzeyinsesi.org\/#website","url":"https:\/\/kuzeyinsesi.org\/","name":"Kuzeyin Sesi","description":"Do\u011fru Haberin Adresi","potentialAction":[{"@type":"SearchAction","target":{"@type":"EntryPoint","urlTemplate":"https:\/\/kuzeyinsesi.org\/?s={search_term_string}"},"query-input":{"@type":"PropertyValueSpecification","valueRequired":true,"valueName":"search_term_string"}}],"inLanguage":"tr"},{"@type":"Person","@id":"https:\/\/kuzeyinsesi.org\/#\/schema\/person\/9f859689cdf01485597712386e37f5aa","name":"Kuzeyin Sesi","image":{"@type":"ImageObject","inLanguage":"tr","@id":"https:\/\/secure.gravatar.com\/avatar\/bab33852abfd8b282518d6ed81826833d77c3c882d9ab608add591ccace47a44?s=96&d=mm&r=g","url":"https:\/\/secure.gravatar.com\/avatar\/bab33852abfd8b282518d6ed81826833d77c3c882d9ab608add591ccace47a44?s=96&d=mm&r=g","contentUrl":"https:\/\/secure.gravatar.com\/avatar\/bab33852abfd8b282518d6ed81826833d77c3c882d9ab608add591ccace47a44?s=96&d=mm&r=g","caption":"Kuzeyin Sesi"},"sameAs":["https:\/\/kuzeyinsesi.org"],"url":"https:\/\/kuzeyinsesi.org\/index.php\/author\/guven\/"}]}},"_links":{"self":[{"href":"https:\/\/kuzeyinsesi.org\/index.php\/wp-json\/wp\/v2\/posts\/14778","targetHints":{"allow":["GET"]}}],"collection":[{"href":"https:\/\/kuzeyinsesi.org\/index.php\/wp-json\/wp\/v2\/posts"}],"about":[{"href":"https:\/\/kuzeyinsesi.org\/index.php\/wp-json\/wp\/v2\/types\/post"}],"author":[{"embeddable":true,"href":"https:\/\/kuzeyinsesi.org\/index.php\/wp-json\/wp\/v2\/users\/1"}],"replies":[{"embeddable":true,"href":"https:\/\/kuzeyinsesi.org\/index.php\/wp-json\/wp\/v2\/comments?post=14778"}],"version-history":[{"count":0,"href":"https:\/\/kuzeyinsesi.org\/index.php\/wp-json\/wp\/v2\/posts\/14778\/revisions"}],"wp:featuredmedia":[{"embeddable":true,"href":"https:\/\/kuzeyinsesi.org\/index.php\/wp-json\/wp\/v2\/media\/14779"}],"wp:attachment":[{"href":"https:\/\/kuzeyinsesi.org\/index.php\/wp-json\/wp\/v2\/media?parent=14778"}],"wp:term":[{"taxonomy":"category","embeddable":true,"href":"https:\/\/kuzeyinsesi.org\/index.php\/wp-json\/wp\/v2\/categories?post=14778"},{"taxonomy":"post_tag","embeddable":true,"href":"https:\/\/kuzeyinsesi.org\/index.php\/wp-json\/wp\/v2\/tags?post=14778"}],"curies":[{"name":"wp","href":"https:\/\/api.w.org\/{rel}","templated":true}]}}