{"id":14732,"date":"2024-12-02T13:42:07","date_gmt":"2024-12-02T11:42:07","guid":{"rendered":"https:\/\/kuzeyinsesi.org\/index.php\/2024\/12\/02\/cagdas-muzik-derneginden-bir-tatli-huzur-konseri\/"},"modified":"2024-12-02T13:42:07","modified_gmt":"2024-12-02T11:42:07","slug":"cagdas-muzik-derneginden-bir-tatli-huzur-konseri","status":"publish","type":"post","link":"https:\/\/kuzeyinsesi.org\/index.php\/2024\/12\/02\/cagdas-muzik-derneginden-bir-tatli-huzur-konseri\/","title":{"rendered":"\u00c7a\u011fda\u015f M\u00fczik Derne\u011fi\u2019nden \u201cBir Tatl\u0131 Huzur\u201d Konseri"},"content":{"rendered":"<div>\n<div class=\"mariselle-image-container none\">\n                                            <\/div>\n<p>\u00c7a\u011fda\u015f M\u00fczik Derne\u011fi Lefko\u015fa\u2019da \u201cBir Tatl\u0131 Huzur\u201d konseri verdi. YD\u00dc Atat\u00fcrk K\u00fclt\u00fcr ve Kongre Merkezi\u2019nde verilen konseri Cumhurba\u015fkan\u0131 Ersin Tatar da dinledi.<\/p>\n<p>Dernekten yap\u0131lan a\u00e7\u0131klamaya g\u00f6re, \u015fef Ersin T\u00fcnay y\u00f6netimindeki y\u00fcz ki\u015fiden olu\u015fan saz ve ses sanat\u00e7\u0131lar\u0131\u00a0korosunun konseri yakla\u015f\u0131k iki saat s\u00fcrd\u00fc.<\/p>\n<p>Konserde konuk sanat\u00e7\u0131 olarak TC K\u00fclt\u00fcr Bakanl\u0131\u011f\u0131 Devlet Sanat\u00e7\u0131s\u0131 \u00c7i\u011fdem G\u00fcrdal da sahne ald\u0131.<\/p>\n<\/p><\/div>\n<p><script async\n                    defer\n                    crossorigin=\"anonymous\"\n                    src=\"https:\/\/connect.facebook.net\/tr_TR\/sdk.js#xfbml=1&#038;version=v3.3\"\n            ><\/script><\/p>\n","protected":false},"excerpt":{"rendered":"<p>\u00c7a\u011fda\u015f M\u00fczik Derne\u011fi Lefko\u015fa\u2019da \u201cBir Tatl\u0131 Huzur\u201d konseri verdi. YD\u00dc Atat\u00fcrk K\u00fclt\u00fcr ve Kongre Merkezi\u2019nde verilen konseri Cumhurba\u015fkan\u0131 Ersin Tatar da dinledi. Dernekten yap\u0131lan a\u00e7\u0131klamaya g\u00f6re, \u015fef Ersin T\u00fcnay y\u00f6netimindeki y\u00fcz ki\u015fiden olu\u015fan saz ve ses sanat\u00e7\u0131lar\u0131\u00a0korosunun konseri yakla\u015f\u0131k iki saat s\u00fcrd\u00fc. Konserde konuk sanat\u00e7\u0131 olarak TC K\u00fclt\u00fcr Bakanl\u0131\u011f\u0131 Devlet Sanat\u00e7\u0131s\u0131 \u00c7i\u011fdem G\u00fcrdal da sahne [&hellip;]<\/p>\n","protected":false},"author":1,"featured_media":14733,"comment_status":"open","ping_status":"open","sticky":false,"template":"","format":"standard","meta":{"jnews-multi-image_gallery":[],"jnews_single_post":[],"jnews_primary_category":[],"jnews_social_meta":[],"jnews_override_counter":[],"footnotes":""},"categories":[6],"tags":[],"class_list":["post-14732","post","type-post","status-publish","format-standard","has-post-thumbnail","hentry","category-yasam"],"yoast_head":"<!-- This site is optimized with the Yoast SEO plugin v27.4 - https:\/\/yoast.com\/product\/yoast-seo-wordpress\/ -->\n<title>\u00c7a\u011fda\u015f M\u00fczik Derne\u011fi\u2019nden \u201cBir Tatl\u0131 Huzur\u201d Konseri - Kuzeyin Sesi<\/title>\n<meta name=\"robots\" content=\"index, follow, max-snippet:-1, max-image-preview:large, max-video-preview:-1\" \/>\n<link rel=\"canonical\" href=\"https:\/\/kuzeyinsesi.org\/index.php\/2024\/12\/02\/cagdas-muzik-derneginden-bir-tatli-huzur-konseri\/\" \/>\n<meta property=\"og:locale\" content=\"tr_TR\" \/>\n<meta property=\"og:type\" content=\"article\" \/>\n<meta property=\"og:title\" content=\"\u00c7a\u011fda\u015f M\u00fczik Derne\u011fi\u2019nden \u201cBir Tatl\u0131 Huzur\u201d Konseri - Kuzeyin Sesi\" \/>\n<meta property=\"og:description\" content=\"\u00c7a\u011fda\u015f M\u00fczik Derne\u011fi Lefko\u015fa\u2019da \u201cBir Tatl\u0131 Huzur\u201d konseri verdi. YD\u00dc Atat\u00fcrk K\u00fclt\u00fcr ve Kongre Merkezi\u2019nde verilen konseri Cumhurba\u015fkan\u0131 Ersin Tatar da dinledi. Dernekten yap\u0131lan a\u00e7\u0131klamaya g\u00f6re, \u015fef Ersin T\u00fcnay y\u00f6netimindeki y\u00fcz ki\u015fiden olu\u015fan saz ve ses sanat\u00e7\u0131lar\u0131\u00a0korosunun konseri yakla\u015f\u0131k iki saat s\u00fcrd\u00fc. Konserde konuk sanat\u00e7\u0131 olarak TC K\u00fclt\u00fcr Bakanl\u0131\u011f\u0131 Devlet Sanat\u00e7\u0131s\u0131 \u00c7i\u011fdem G\u00fcrdal da sahne [&hellip;]\" \/>\n<meta property=\"og:url\" content=\"https:\/\/kuzeyinsesi.org\/index.php\/2024\/12\/02\/cagdas-muzik-derneginden-bir-tatli-huzur-konseri\/\" \/>\n<meta property=\"og:site_name\" content=\"Kuzeyin Sesi\" \/>\n<meta property=\"article:publisher\" content=\"https:\/\/www.facebook.com\/kuzeyinsesii\" \/>\n<meta property=\"article:published_time\" content=\"2024-12-02T11:42:07+00:00\" \/>\n<meta property=\"og:image\" content=\"https:\/\/brtk.net\/wp-content\/uploads\/2024\/12\/02\/cmd-2-2.jpg?ver=8cb41ecc93b2cb23bdc247623b4e7bef\" \/>\n<meta name=\"author\" content=\"Kuzeyin Sesi\" \/>\n<meta name=\"twitter:card\" content=\"summary_large_image\" \/>\n<meta name=\"twitter:creator\" content=\"@kuzeyinsesii\" \/>\n<meta name=\"twitter:site\" content=\"@kuzeyinsesii\" \/>\n<meta name=\"twitter:label1\" content=\"Yazan:\" \/>\n\t<meta name=\"twitter:data1\" content=\"Kuzeyin Sesi\" \/>\n<script type=\"application\/ld+json\" class=\"yoast-schema-graph\">{\"@context\":\"https:\\\/\\\/schema.org\",\"@graph\":[{\"@type\":\"Article\",\"@id\":\"https:\\\/\\\/kuzeyinsesi.org\\\/index.php\\\/2024\\\/12\\\/02\\\/cagdas-muzik-derneginden-bir-tatli-huzur-konseri\\\/#article\",\"isPartOf\":{\"@id\":\"https:\\\/\\\/kuzeyinsesi.org\\\/index.php\\\/2024\\\/12\\\/02\\\/cagdas-muzik-derneginden-bir-tatli-huzur-konseri\\\/\"},\"author\":{\"name\":\"Kuzeyin Sesi\",\"@id\":\"https:\\\/\\\/kuzeyinsesi.org\\\/#\\\/schema\\\/person\\\/9f859689cdf01485597712386e37f5aa\"},\"headline\":\"\u00c7a\u011fda\u015f M\u00fczik Derne\u011fi\u2019nden \u201cBir Tatl\u0131 Huzur\u201d Konseri\",\"datePublished\":\"2024-12-02T11:42:07+00:00\",\"mainEntityOfPage\":{\"@id\":\"https:\\\/\\\/kuzeyinsesi.org\\\/index.php\\\/2024\\\/12\\\/02\\\/cagdas-muzik-derneginden-bir-tatli-huzur-konseri\\\/\"},\"wordCount\":94,\"commentCount\":0,\"image\":{\"@id\":\"https:\\\/\\\/kuzeyinsesi.org\\\/index.php\\\/2024\\\/12\\\/02\\\/cagdas-muzik-derneginden-bir-tatli-huzur-konseri\\\/#primaryimage\"},\"thumbnailUrl\":\"https:\\\/\\\/kuzeyinsesi.org\\\/wp-content\\\/uploads\\\/2024\\\/12\\\/cmd-2-2.jpg\",\"articleSection\":[\"Ya\u015fam\"],\"inLanguage\":\"tr\",\"potentialAction\":[{\"@type\":\"CommentAction\",\"name\":\"Comment\",\"target\":[\"https:\\\/\\\/kuzeyinsesi.org\\\/index.php\\\/2024\\\/12\\\/02\\\/cagdas-muzik-derneginden-bir-tatli-huzur-konseri\\\/#respond\"]}]},{\"@type\":\"WebPage\",\"@id\":\"https:\\\/\\\/kuzeyinsesi.org\\\/index.php\\\/2024\\\/12\\\/02\\\/cagdas-muzik-derneginden-bir-tatli-huzur-konseri\\\/\",\"url\":\"https:\\\/\\\/kuzeyinsesi.org\\\/index.php\\\/2024\\\/12\\\/02\\\/cagdas-muzik-derneginden-bir-tatli-huzur-konseri\\\/\",\"name\":\"\u00c7a\u011fda\u015f M\u00fczik Derne\u011fi\u2019nden \u201cBir Tatl\u0131 Huzur\u201d Konseri - Kuzeyin Sesi\",\"isPartOf\":{\"@id\":\"https:\\\/\\\/kuzeyinsesi.org\\\/#website\"},\"primaryImageOfPage\":{\"@id\":\"https:\\\/\\\/kuzeyinsesi.org\\\/index.php\\\/2024\\\/12\\\/02\\\/cagdas-muzik-derneginden-bir-tatli-huzur-konseri\\\/#primaryimage\"},\"image\":{\"@id\":\"https:\\\/\\\/kuzeyinsesi.org\\\/index.php\\\/2024\\\/12\\\/02\\\/cagdas-muzik-derneginden-bir-tatli-huzur-konseri\\\/#primaryimage\"},\"thumbnailUrl\":\"https:\\\/\\\/kuzeyinsesi.org\\\/wp-content\\\/uploads\\\/2024\\\/12\\\/cmd-2-2.jpg\",\"datePublished\":\"2024-12-02T11:42:07+00:00\",\"author\":{\"@id\":\"https:\\\/\\\/kuzeyinsesi.org\\\/#\\\/schema\\\/person\\\/9f859689cdf01485597712386e37f5aa\"},\"breadcrumb\":{\"@id\":\"https:\\\/\\\/kuzeyinsesi.org\\\/index.php\\\/2024\\\/12\\\/02\\\/cagdas-muzik-derneginden-bir-tatli-huzur-konseri\\\/#breadcrumb\"},\"inLanguage\":\"tr\",\"potentialAction\":[{\"@type\":\"ReadAction\",\"target\":[\"https:\\\/\\\/kuzeyinsesi.org\\\/index.php\\\/2024\\\/12\\\/02\\\/cagdas-muzik-derneginden-bir-tatli-huzur-konseri\\\/\"]}]},{\"@type\":\"ImageObject\",\"inLanguage\":\"tr\",\"@id\":\"https:\\\/\\\/kuzeyinsesi.org\\\/index.php\\\/2024\\\/12\\\/02\\\/cagdas-muzik-derneginden-bir-tatli-huzur-konseri\\\/#primaryimage\",\"url\":\"https:\\\/\\\/kuzeyinsesi.org\\\/wp-content\\\/uploads\\\/2024\\\/12\\\/cmd-2-2.jpg\",\"contentUrl\":\"https:\\\/\\\/kuzeyinsesi.org\\\/wp-content\\\/uploads\\\/2024\\\/12\\\/cmd-2-2.jpg\",\"width\":926,\"height\":427},{\"@type\":\"BreadcrumbList\",\"@id\":\"https:\\\/\\\/kuzeyinsesi.org\\\/index.php\\\/2024\\\/12\\\/02\\\/cagdas-muzik-derneginden-bir-tatli-huzur-konseri\\\/#breadcrumb\",\"itemListElement\":[{\"@type\":\"ListItem\",\"position\":1,\"name\":\"Anasayfa\",\"item\":\"https:\\\/\\\/kuzeyinsesi.org\\\/\"},{\"@type\":\"ListItem\",\"position\":2,\"name\":\"\u00c7a\u011fda\u015f M\u00fczik Derne\u011fi\u2019nden \u201cBir Tatl\u0131 Huzur\u201d Konseri\"}]},{\"@type\":\"WebSite\",\"@id\":\"https:\\\/\\\/kuzeyinsesi.org\\\/#website\",\"url\":\"https:\\\/\\\/kuzeyinsesi.org\\\/\",\"name\":\"Kuzeyin Sesi\",\"description\":\"Do\u011fru Haberin Adresi\",\"potentialAction\":[{\"@type\":\"SearchAction\",\"target\":{\"@type\":\"EntryPoint\",\"urlTemplate\":\"https:\\\/\\\/kuzeyinsesi.org\\\/?s={search_term_string}\"},\"query-input\":{\"@type\":\"PropertyValueSpecification\",\"valueRequired\":true,\"valueName\":\"search_term_string\"}}],\"inLanguage\":\"tr\"},{\"@type\":\"Person\",\"@id\":\"https:\\\/\\\/kuzeyinsesi.org\\\/#\\\/schema\\\/person\\\/9f859689cdf01485597712386e37f5aa\",\"name\":\"Kuzeyin Sesi\",\"image\":{\"@type\":\"ImageObject\",\"inLanguage\":\"tr\",\"@id\":\"https:\\\/\\\/secure.gravatar.com\\\/avatar\\\/bab33852abfd8b282518d6ed81826833d77c3c882d9ab608add591ccace47a44?s=96&d=mm&r=g\",\"url\":\"https:\\\/\\\/secure.gravatar.com\\\/avatar\\\/bab33852abfd8b282518d6ed81826833d77c3c882d9ab608add591ccace47a44?s=96&d=mm&r=g\",\"contentUrl\":\"https:\\\/\\\/secure.gravatar.com\\\/avatar\\\/bab33852abfd8b282518d6ed81826833d77c3c882d9ab608add591ccace47a44?s=96&d=mm&r=g\",\"caption\":\"Kuzeyin Sesi\"},\"sameAs\":[\"https:\\\/\\\/kuzeyinsesi.org\"],\"url\":\"https:\\\/\\\/kuzeyinsesi.org\\\/index.php\\\/author\\\/guven\\\/\"}]}<\/script>\n<!-- \/ Yoast SEO plugin. -->","yoast_head_json":{"title":"\u00c7a\u011fda\u015f M\u00fczik Derne\u011fi\u2019nden \u201cBir Tatl\u0131 Huzur\u201d Konseri - Kuzeyin Sesi","robots":{"index":"index","follow":"follow","max-snippet":"max-snippet:-1","max-image-preview":"max-image-preview:large","max-video-preview":"max-video-preview:-1"},"canonical":"https:\/\/kuzeyinsesi.org\/index.php\/2024\/12\/02\/cagdas-muzik-derneginden-bir-tatli-huzur-konseri\/","og_locale":"tr_TR","og_type":"article","og_title":"\u00c7a\u011fda\u015f M\u00fczik Derne\u011fi\u2019nden \u201cBir Tatl\u0131 Huzur\u201d Konseri - Kuzeyin Sesi","og_description":"\u00c7a\u011fda\u015f M\u00fczik Derne\u011fi Lefko\u015fa\u2019da \u201cBir Tatl\u0131 Huzur\u201d konseri verdi. YD\u00dc Atat\u00fcrk K\u00fclt\u00fcr ve Kongre Merkezi\u2019nde verilen konseri Cumhurba\u015fkan\u0131 Ersin Tatar da dinledi. Dernekten yap\u0131lan a\u00e7\u0131klamaya g\u00f6re, \u015fef Ersin T\u00fcnay y\u00f6netimindeki y\u00fcz ki\u015fiden olu\u015fan saz ve ses sanat\u00e7\u0131lar\u0131\u00a0korosunun konseri yakla\u015f\u0131k iki saat s\u00fcrd\u00fc. Konserde konuk sanat\u00e7\u0131 olarak TC K\u00fclt\u00fcr Bakanl\u0131\u011f\u0131 Devlet Sanat\u00e7\u0131s\u0131 \u00c7i\u011fdem G\u00fcrdal da sahne [&hellip;]","og_url":"https:\/\/kuzeyinsesi.org\/index.php\/2024\/12\/02\/cagdas-muzik-derneginden-bir-tatli-huzur-konseri\/","og_site_name":"Kuzeyin Sesi","article_publisher":"https:\/\/www.facebook.com\/kuzeyinsesii","article_published_time":"2024-12-02T11:42:07+00:00","og_image":[{"url":"https:\/\/brtk.net\/wp-content\/uploads\/2024\/12\/02\/cmd-2-2.jpg?ver=8cb41ecc93b2cb23bdc247623b4e7bef","type":"","width":"","height":""}],"author":"Kuzeyin Sesi","twitter_card":"summary_large_image","twitter_creator":"@kuzeyinsesii","twitter_site":"@kuzeyinsesii","twitter_misc":{"Yazan:":"Kuzeyin Sesi"},"schema":{"@context":"https:\/\/schema.org","@graph":[{"@type":"Article","@id":"https:\/\/kuzeyinsesi.org\/index.php\/2024\/12\/02\/cagdas-muzik-derneginden-bir-tatli-huzur-konseri\/#article","isPartOf":{"@id":"https:\/\/kuzeyinsesi.org\/index.php\/2024\/12\/02\/cagdas-muzik-derneginden-bir-tatli-huzur-konseri\/"},"author":{"name":"Kuzeyin Sesi","@id":"https:\/\/kuzeyinsesi.org\/#\/schema\/person\/9f859689cdf01485597712386e37f5aa"},"headline":"\u00c7a\u011fda\u015f M\u00fczik Derne\u011fi\u2019nden \u201cBir Tatl\u0131 Huzur\u201d Konseri","datePublished":"2024-12-02T11:42:07+00:00","mainEntityOfPage":{"@id":"https:\/\/kuzeyinsesi.org\/index.php\/2024\/12\/02\/cagdas-muzik-derneginden-bir-tatli-huzur-konseri\/"},"wordCount":94,"commentCount":0,"image":{"@id":"https:\/\/kuzeyinsesi.org\/index.php\/2024\/12\/02\/cagdas-muzik-derneginden-bir-tatli-huzur-konseri\/#primaryimage"},"thumbnailUrl":"https:\/\/kuzeyinsesi.org\/wp-content\/uploads\/2024\/12\/cmd-2-2.jpg","articleSection":["Ya\u015fam"],"inLanguage":"tr","potentialAction":[{"@type":"CommentAction","name":"Comment","target":["https:\/\/kuzeyinsesi.org\/index.php\/2024\/12\/02\/cagdas-muzik-derneginden-bir-tatli-huzur-konseri\/#respond"]}]},{"@type":"WebPage","@id":"https:\/\/kuzeyinsesi.org\/index.php\/2024\/12\/02\/cagdas-muzik-derneginden-bir-tatli-huzur-konseri\/","url":"https:\/\/kuzeyinsesi.org\/index.php\/2024\/12\/02\/cagdas-muzik-derneginden-bir-tatli-huzur-konseri\/","name":"\u00c7a\u011fda\u015f M\u00fczik Derne\u011fi\u2019nden \u201cBir Tatl\u0131 Huzur\u201d Konseri - Kuzeyin Sesi","isPartOf":{"@id":"https:\/\/kuzeyinsesi.org\/#website"},"primaryImageOfPage":{"@id":"https:\/\/kuzeyinsesi.org\/index.php\/2024\/12\/02\/cagdas-muzik-derneginden-bir-tatli-huzur-konseri\/#primaryimage"},"image":{"@id":"https:\/\/kuzeyinsesi.org\/index.php\/2024\/12\/02\/cagdas-muzik-derneginden-bir-tatli-huzur-konseri\/#primaryimage"},"thumbnailUrl":"https:\/\/kuzeyinsesi.org\/wp-content\/uploads\/2024\/12\/cmd-2-2.jpg","datePublished":"2024-12-02T11:42:07+00:00","author":{"@id":"https:\/\/kuzeyinsesi.org\/#\/schema\/person\/9f859689cdf01485597712386e37f5aa"},"breadcrumb":{"@id":"https:\/\/kuzeyinsesi.org\/index.php\/2024\/12\/02\/cagdas-muzik-derneginden-bir-tatli-huzur-konseri\/#breadcrumb"},"inLanguage":"tr","potentialAction":[{"@type":"ReadAction","target":["https:\/\/kuzeyinsesi.org\/index.php\/2024\/12\/02\/cagdas-muzik-derneginden-bir-tatli-huzur-konseri\/"]}]},{"@type":"ImageObject","inLanguage":"tr","@id":"https:\/\/kuzeyinsesi.org\/index.php\/2024\/12\/02\/cagdas-muzik-derneginden-bir-tatli-huzur-konseri\/#primaryimage","url":"https:\/\/kuzeyinsesi.org\/wp-content\/uploads\/2024\/12\/cmd-2-2.jpg","contentUrl":"https:\/\/kuzeyinsesi.org\/wp-content\/uploads\/2024\/12\/cmd-2-2.jpg","width":926,"height":427},{"@type":"BreadcrumbList","@id":"https:\/\/kuzeyinsesi.org\/index.php\/2024\/12\/02\/cagdas-muzik-derneginden-bir-tatli-huzur-konseri\/#breadcrumb","itemListElement":[{"@type":"ListItem","position":1,"name":"Anasayfa","item":"https:\/\/kuzeyinsesi.org\/"},{"@type":"ListItem","position":2,"name":"\u00c7a\u011fda\u015f M\u00fczik Derne\u011fi\u2019nden \u201cBir Tatl\u0131 Huzur\u201d Konseri"}]},{"@type":"WebSite","@id":"https:\/\/kuzeyinsesi.org\/#website","url":"https:\/\/kuzeyinsesi.org\/","name":"Kuzeyin Sesi","description":"Do\u011fru Haberin Adresi","potentialAction":[{"@type":"SearchAction","target":{"@type":"EntryPoint","urlTemplate":"https:\/\/kuzeyinsesi.org\/?s={search_term_string}"},"query-input":{"@type":"PropertyValueSpecification","valueRequired":true,"valueName":"search_term_string"}}],"inLanguage":"tr"},{"@type":"Person","@id":"https:\/\/kuzeyinsesi.org\/#\/schema\/person\/9f859689cdf01485597712386e37f5aa","name":"Kuzeyin Sesi","image":{"@type":"ImageObject","inLanguage":"tr","@id":"https:\/\/secure.gravatar.com\/avatar\/bab33852abfd8b282518d6ed81826833d77c3c882d9ab608add591ccace47a44?s=96&d=mm&r=g","url":"https:\/\/secure.gravatar.com\/avatar\/bab33852abfd8b282518d6ed81826833d77c3c882d9ab608add591ccace47a44?s=96&d=mm&r=g","contentUrl":"https:\/\/secure.gravatar.com\/avatar\/bab33852abfd8b282518d6ed81826833d77c3c882d9ab608add591ccace47a44?s=96&d=mm&r=g","caption":"Kuzeyin Sesi"},"sameAs":["https:\/\/kuzeyinsesi.org"],"url":"https:\/\/kuzeyinsesi.org\/index.php\/author\/guven\/"}]}},"_links":{"self":[{"href":"https:\/\/kuzeyinsesi.org\/index.php\/wp-json\/wp\/v2\/posts\/14732","targetHints":{"allow":["GET"]}}],"collection":[{"href":"https:\/\/kuzeyinsesi.org\/index.php\/wp-json\/wp\/v2\/posts"}],"about":[{"href":"https:\/\/kuzeyinsesi.org\/index.php\/wp-json\/wp\/v2\/types\/post"}],"author":[{"embeddable":true,"href":"https:\/\/kuzeyinsesi.org\/index.php\/wp-json\/wp\/v2\/users\/1"}],"replies":[{"embeddable":true,"href":"https:\/\/kuzeyinsesi.org\/index.php\/wp-json\/wp\/v2\/comments?post=14732"}],"version-history":[{"count":0,"href":"https:\/\/kuzeyinsesi.org\/index.php\/wp-json\/wp\/v2\/posts\/14732\/revisions"}],"wp:featuredmedia":[{"embeddable":true,"href":"https:\/\/kuzeyinsesi.org\/index.php\/wp-json\/wp\/v2\/media\/14733"}],"wp:attachment":[{"href":"https:\/\/kuzeyinsesi.org\/index.php\/wp-json\/wp\/v2\/media?parent=14732"}],"wp:term":[{"taxonomy":"category","embeddable":true,"href":"https:\/\/kuzeyinsesi.org\/index.php\/wp-json\/wp\/v2\/categories?post=14732"},{"taxonomy":"post_tag","embeddable":true,"href":"https:\/\/kuzeyinsesi.org\/index.php\/wp-json\/wp\/v2\/tags?post=14732"}],"curies":[{"name":"wp","href":"https:\/\/api.w.org\/{rel}","templated":true}]}}