{"id":14726,"date":"2024-12-02T11:30:40","date_gmt":"2024-12-02T09:30:40","guid":{"rendered":"https:\/\/kuzeyinsesi.org\/index.php\/2024\/12\/02\/girne-dusunce-dernegi-franz-kafkanin-100-olum-yil-donumu-anisina-yarin-aksam-girnede-panel-duzenliyor\/"},"modified":"2024-12-02T11:30:40","modified_gmt":"2024-12-02T09:30:40","slug":"girne-dusunce-dernegi-franz-kafkanin-100-olum-yil-donumu-anisina-yarin-aksam-girnede-panel-duzenliyor","status":"publish","type":"post","link":"https:\/\/kuzeyinsesi.org\/index.php\/2024\/12\/02\/girne-dusunce-dernegi-franz-kafkanin-100-olum-yil-donumu-anisina-yarin-aksam-girnede-panel-duzenliyor\/","title":{"rendered":"Girne D\u00fc\u015f\u00fcnce Derne\u011fi, Franz Kafka\u2019n\u0131n 100. \u00f6l\u00fcm y\u0131l d\u00f6n\u00fcm\u00fc an\u0131s\u0131na yar\u0131n ak\u015fam Girne\u2019de panel d\u00fczenliyor"},"content":{"rendered":"<div>\n<div class=\"mariselle-image-container center\">\n                                            <\/div>\n<p> Girne D\u00fc\u015f\u00fcnce Derne\u011fi, edebiyat d\u00fcnyas\u0131n\u0131n ikonik yazar\u0131 olarak nitelendirilen Franz Kafka\u2019n\u0131n 100. \u00f6l\u00fcm y\u0131ld\u00f6n\u00fcm\u00fc an\u0131s\u0131na panel d\u00fczenliyor.<\/p>\n<p>Panel, yar\u0131n ak\u015fam saat 19.30\u2019da Girne\u2019de Dome Hotel\u2019de yer alacak.<\/p>\n<p>Dernekten yap\u0131lan a\u00e7\u0131klamaya g\u00f6re \u00d6zge Tahiro\u011flu\u2019nun moderat\u00f6rl\u00fc\u011f\u00fcnde ve Evren \u0130nan\u00e7o\u011flu,  Pervin Yi\u011fit ve Halil Duranay\u2019\u0131n konu\u015fmac\u0131 olarak kat\u0131laca\u011f\u0131 panelde, yazar\u0131n zamana meydan okuyan eserleri ve gizemli ya\u015fam\u0131 ele al\u0131nacak.<\/p>\n<\/p><\/div>\n<p><script async\n                    defer\n                    crossorigin=\"anonymous\"\n                    src=\"https:\/\/connect.facebook.net\/tr_TR\/sdk.js#xfbml=1&#038;version=v3.3\"\n            ><\/script><\/p>\n","protected":false},"excerpt":{"rendered":"<p>Girne D\u00fc\u015f\u00fcnce Derne\u011fi, edebiyat d\u00fcnyas\u0131n\u0131n ikonik yazar\u0131 olarak nitelendirilen Franz Kafka\u2019n\u0131n 100. \u00f6l\u00fcm y\u0131ld\u00f6n\u00fcm\u00fc an\u0131s\u0131na panel d\u00fczenliyor. Panel, yar\u0131n ak\u015fam saat 19.30\u2019da Girne\u2019de Dome Hotel\u2019de yer alacak. Dernekten yap\u0131lan a\u00e7\u0131klamaya g\u00f6re \u00d6zge Tahiro\u011flu\u2019nun moderat\u00f6rl\u00fc\u011f\u00fcnde ve Evren \u0130nan\u00e7o\u011flu, Pervin Yi\u011fit ve Halil Duranay\u2019\u0131n konu\u015fmac\u0131 olarak kat\u0131laca\u011f\u0131 panelde, yazar\u0131n zamana meydan okuyan eserleri ve gizemli ya\u015fam\u0131 ele [&hellip;]<\/p>\n","protected":false},"author":1,"featured_media":14727,"comment_status":"open","ping_status":"open","sticky":false,"template":"","format":"standard","meta":{"jnews-multi-image_gallery":[],"jnews_single_post":[],"jnews_primary_category":[],"jnews_social_meta":[],"jnews_override_counter":[],"footnotes":""},"categories":[6],"tags":[],"class_list":["post-14726","post","type-post","status-publish","format-standard","has-post-thumbnail","hentry","category-yasam"],"yoast_head":"<!-- This site is optimized with the Yoast SEO plugin v27.4 - https:\/\/yoast.com\/product\/yoast-seo-wordpress\/ -->\n<title>Girne D\u00fc\u015f\u00fcnce Derne\u011fi, Franz Kafka\u2019n\u0131n 100. \u00f6l\u00fcm y\u0131l d\u00f6n\u00fcm\u00fc an\u0131s\u0131na yar\u0131n ak\u015fam Girne\u2019de panel d\u00fczenliyor - Kuzeyin Sesi<\/title>\n<meta name=\"robots\" content=\"index, follow, max-snippet:-1, max-image-preview:large, max-video-preview:-1\" \/>\n<link rel=\"canonical\" href=\"https:\/\/kuzeyinsesi.org\/index.php\/2024\/12\/02\/girne-dusunce-dernegi-franz-kafkanin-100-olum-yil-donumu-anisina-yarin-aksam-girnede-panel-duzenliyor\/\" \/>\n<meta property=\"og:locale\" content=\"tr_TR\" \/>\n<meta property=\"og:type\" content=\"article\" \/>\n<meta property=\"og:title\" content=\"Girne D\u00fc\u015f\u00fcnce Derne\u011fi, Franz Kafka\u2019n\u0131n 100. \u00f6l\u00fcm y\u0131l d\u00f6n\u00fcm\u00fc an\u0131s\u0131na yar\u0131n ak\u015fam Girne\u2019de panel d\u00fczenliyor - Kuzeyin Sesi\" \/>\n<meta property=\"og:description\" content=\"Girne D\u00fc\u015f\u00fcnce Derne\u011fi, edebiyat d\u00fcnyas\u0131n\u0131n ikonik yazar\u0131 olarak nitelendirilen Franz Kafka\u2019n\u0131n 100. \u00f6l\u00fcm y\u0131ld\u00f6n\u00fcm\u00fc an\u0131s\u0131na panel d\u00fczenliyor. Panel, yar\u0131n ak\u015fam saat 19.30\u2019da Girne\u2019de Dome Hotel\u2019de yer alacak. Dernekten yap\u0131lan a\u00e7\u0131klamaya g\u00f6re \u00d6zge Tahiro\u011flu\u2019nun moderat\u00f6rl\u00fc\u011f\u00fcnde ve Evren \u0130nan\u00e7o\u011flu, Pervin Yi\u011fit ve Halil Duranay\u2019\u0131n konu\u015fmac\u0131 olarak kat\u0131laca\u011f\u0131 panelde, yazar\u0131n zamana meydan okuyan eserleri ve gizemli ya\u015fam\u0131 ele [&hellip;]\" \/>\n<meta property=\"og:url\" content=\"https:\/\/kuzeyinsesi.org\/index.php\/2024\/12\/02\/girne-dusunce-dernegi-franz-kafkanin-100-olum-yil-donumu-anisina-yarin-aksam-girnede-panel-duzenliyor\/\" \/>\n<meta property=\"og:site_name\" content=\"Kuzeyin Sesi\" \/>\n<meta property=\"article:publisher\" content=\"https:\/\/www.facebook.com\/kuzeyinsesii\" \/>\n<meta property=\"article:published_time\" content=\"2024-12-02T09:30:40+00:00\" \/>\n<meta property=\"og:image\" content=\"https:\/\/brtk.net\/wp-content\/uploads\/2024\/12\/02\/kafka.webp?ver=174581267563f77358caf54ea02bdc21\" \/>\n<meta name=\"author\" content=\"Kuzeyin Sesi\" \/>\n<meta name=\"twitter:card\" content=\"summary_large_image\" \/>\n<meta name=\"twitter:creator\" content=\"@kuzeyinsesii\" \/>\n<meta name=\"twitter:site\" content=\"@kuzeyinsesii\" \/>\n<meta name=\"twitter:label1\" content=\"Yazan:\" \/>\n\t<meta name=\"twitter:data1\" content=\"Kuzeyin Sesi\" \/>\n<script type=\"application\/ld+json\" class=\"yoast-schema-graph\">{\"@context\":\"https:\\\/\\\/schema.org\",\"@graph\":[{\"@type\":\"Article\",\"@id\":\"https:\\\/\\\/kuzeyinsesi.org\\\/index.php\\\/2024\\\/12\\\/02\\\/girne-dusunce-dernegi-franz-kafkanin-100-olum-yil-donumu-anisina-yarin-aksam-girnede-panel-duzenliyor\\\/#article\",\"isPartOf\":{\"@id\":\"https:\\\/\\\/kuzeyinsesi.org\\\/index.php\\\/2024\\\/12\\\/02\\\/girne-dusunce-dernegi-franz-kafkanin-100-olum-yil-donumu-anisina-yarin-aksam-girnede-panel-duzenliyor\\\/\"},\"author\":{\"name\":\"Kuzeyin Sesi\",\"@id\":\"https:\\\/\\\/kuzeyinsesi.org\\\/#\\\/schema\\\/person\\\/9f859689cdf01485597712386e37f5aa\"},\"headline\":\"Girne D\u00fc\u015f\u00fcnce Derne\u011fi, Franz Kafka\u2019n\u0131n 100. \u00f6l\u00fcm y\u0131l d\u00f6n\u00fcm\u00fc an\u0131s\u0131na yar\u0131n ak\u015fam Girne\u2019de panel d\u00fczenliyor\",\"datePublished\":\"2024-12-02T09:30:40+00:00\",\"mainEntityOfPage\":{\"@id\":\"https:\\\/\\\/kuzeyinsesi.org\\\/index.php\\\/2024\\\/12\\\/02\\\/girne-dusunce-dernegi-franz-kafkanin-100-olum-yil-donumu-anisina-yarin-aksam-girnede-panel-duzenliyor\\\/\"},\"wordCount\":117,\"commentCount\":0,\"image\":{\"@id\":\"https:\\\/\\\/kuzeyinsesi.org\\\/index.php\\\/2024\\\/12\\\/02\\\/girne-dusunce-dernegi-franz-kafkanin-100-olum-yil-donumu-anisina-yarin-aksam-girnede-panel-duzenliyor\\\/#primaryimage\"},\"thumbnailUrl\":\"https:\\\/\\\/kuzeyinsesi.org\\\/wp-content\\\/uploads\\\/2024\\\/12\\\/kafka.webp.webp\",\"articleSection\":[\"Ya\u015fam\"],\"inLanguage\":\"tr\",\"potentialAction\":[{\"@type\":\"CommentAction\",\"name\":\"Comment\",\"target\":[\"https:\\\/\\\/kuzeyinsesi.org\\\/index.php\\\/2024\\\/12\\\/02\\\/girne-dusunce-dernegi-franz-kafkanin-100-olum-yil-donumu-anisina-yarin-aksam-girnede-panel-duzenliyor\\\/#respond\"]}]},{\"@type\":\"WebPage\",\"@id\":\"https:\\\/\\\/kuzeyinsesi.org\\\/index.php\\\/2024\\\/12\\\/02\\\/girne-dusunce-dernegi-franz-kafkanin-100-olum-yil-donumu-anisina-yarin-aksam-girnede-panel-duzenliyor\\\/\",\"url\":\"https:\\\/\\\/kuzeyinsesi.org\\\/index.php\\\/2024\\\/12\\\/02\\\/girne-dusunce-dernegi-franz-kafkanin-100-olum-yil-donumu-anisina-yarin-aksam-girnede-panel-duzenliyor\\\/\",\"name\":\"Girne D\u00fc\u015f\u00fcnce Derne\u011fi, Franz Kafka\u2019n\u0131n 100. \u00f6l\u00fcm y\u0131l d\u00f6n\u00fcm\u00fc an\u0131s\u0131na yar\u0131n ak\u015fam Girne\u2019de panel d\u00fczenliyor - Kuzeyin Sesi\",\"isPartOf\":{\"@id\":\"https:\\\/\\\/kuzeyinsesi.org\\\/#website\"},\"primaryImageOfPage\":{\"@id\":\"https:\\\/\\\/kuzeyinsesi.org\\\/index.php\\\/2024\\\/12\\\/02\\\/girne-dusunce-dernegi-franz-kafkanin-100-olum-yil-donumu-anisina-yarin-aksam-girnede-panel-duzenliyor\\\/#primaryimage\"},\"image\":{\"@id\":\"https:\\\/\\\/kuzeyinsesi.org\\\/index.php\\\/2024\\\/12\\\/02\\\/girne-dusunce-dernegi-franz-kafkanin-100-olum-yil-donumu-anisina-yarin-aksam-girnede-panel-duzenliyor\\\/#primaryimage\"},\"thumbnailUrl\":\"https:\\\/\\\/kuzeyinsesi.org\\\/wp-content\\\/uploads\\\/2024\\\/12\\\/kafka.webp.webp\",\"datePublished\":\"2024-12-02T09:30:40+00:00\",\"author\":{\"@id\":\"https:\\\/\\\/kuzeyinsesi.org\\\/#\\\/schema\\\/person\\\/9f859689cdf01485597712386e37f5aa\"},\"breadcrumb\":{\"@id\":\"https:\\\/\\\/kuzeyinsesi.org\\\/index.php\\\/2024\\\/12\\\/02\\\/girne-dusunce-dernegi-franz-kafkanin-100-olum-yil-donumu-anisina-yarin-aksam-girnede-panel-duzenliyor\\\/#breadcrumb\"},\"inLanguage\":\"tr\",\"potentialAction\":[{\"@type\":\"ReadAction\",\"target\":[\"https:\\\/\\\/kuzeyinsesi.org\\\/index.php\\\/2024\\\/12\\\/02\\\/girne-dusunce-dernegi-franz-kafkanin-100-olum-yil-donumu-anisina-yarin-aksam-girnede-panel-duzenliyor\\\/\"]}]},{\"@type\":\"ImageObject\",\"inLanguage\":\"tr\",\"@id\":\"https:\\\/\\\/kuzeyinsesi.org\\\/index.php\\\/2024\\\/12\\\/02\\\/girne-dusunce-dernegi-franz-kafkanin-100-olum-yil-donumu-anisina-yarin-aksam-girnede-panel-duzenliyor\\\/#primaryimage\",\"url\":\"https:\\\/\\\/kuzeyinsesi.org\\\/wp-content\\\/uploads\\\/2024\\\/12\\\/kafka.webp.webp\",\"contentUrl\":\"https:\\\/\\\/kuzeyinsesi.org\\\/wp-content\\\/uploads\\\/2024\\\/12\\\/kafka.webp.webp\",\"width\":1280,\"height\":720},{\"@type\":\"BreadcrumbList\",\"@id\":\"https:\\\/\\\/kuzeyinsesi.org\\\/index.php\\\/2024\\\/12\\\/02\\\/girne-dusunce-dernegi-franz-kafkanin-100-olum-yil-donumu-anisina-yarin-aksam-girnede-panel-duzenliyor\\\/#breadcrumb\",\"itemListElement\":[{\"@type\":\"ListItem\",\"position\":1,\"name\":\"Anasayfa\",\"item\":\"https:\\\/\\\/kuzeyinsesi.org\\\/\"},{\"@type\":\"ListItem\",\"position\":2,\"name\":\"Girne D\u00fc\u015f\u00fcnce Derne\u011fi, Franz Kafka\u2019n\u0131n 100. \u00f6l\u00fcm y\u0131l d\u00f6n\u00fcm\u00fc an\u0131s\u0131na yar\u0131n ak\u015fam Girne\u2019de panel d\u00fczenliyor\"}]},{\"@type\":\"WebSite\",\"@id\":\"https:\\\/\\\/kuzeyinsesi.org\\\/#website\",\"url\":\"https:\\\/\\\/kuzeyinsesi.org\\\/\",\"name\":\"Kuzeyin Sesi\",\"description\":\"Do\u011fru Haberin Adresi\",\"potentialAction\":[{\"@type\":\"SearchAction\",\"target\":{\"@type\":\"EntryPoint\",\"urlTemplate\":\"https:\\\/\\\/kuzeyinsesi.org\\\/?s={search_term_string}\"},\"query-input\":{\"@type\":\"PropertyValueSpecification\",\"valueRequired\":true,\"valueName\":\"search_term_string\"}}],\"inLanguage\":\"tr\"},{\"@type\":\"Person\",\"@id\":\"https:\\\/\\\/kuzeyinsesi.org\\\/#\\\/schema\\\/person\\\/9f859689cdf01485597712386e37f5aa\",\"name\":\"Kuzeyin Sesi\",\"image\":{\"@type\":\"ImageObject\",\"inLanguage\":\"tr\",\"@id\":\"https:\\\/\\\/secure.gravatar.com\\\/avatar\\\/bab33852abfd8b282518d6ed81826833d77c3c882d9ab608add591ccace47a44?s=96&d=mm&r=g\",\"url\":\"https:\\\/\\\/secure.gravatar.com\\\/avatar\\\/bab33852abfd8b282518d6ed81826833d77c3c882d9ab608add591ccace47a44?s=96&d=mm&r=g\",\"contentUrl\":\"https:\\\/\\\/secure.gravatar.com\\\/avatar\\\/bab33852abfd8b282518d6ed81826833d77c3c882d9ab608add591ccace47a44?s=96&d=mm&r=g\",\"caption\":\"Kuzeyin Sesi\"},\"sameAs\":[\"https:\\\/\\\/kuzeyinsesi.org\"],\"url\":\"https:\\\/\\\/kuzeyinsesi.org\\\/index.php\\\/author\\\/guven\\\/\"}]}<\/script>\n<!-- \/ Yoast SEO plugin. -->","yoast_head_json":{"title":"Girne D\u00fc\u015f\u00fcnce Derne\u011fi, Franz Kafka\u2019n\u0131n 100. \u00f6l\u00fcm y\u0131l d\u00f6n\u00fcm\u00fc an\u0131s\u0131na yar\u0131n ak\u015fam Girne\u2019de panel d\u00fczenliyor - Kuzeyin Sesi","robots":{"index":"index","follow":"follow","max-snippet":"max-snippet:-1","max-image-preview":"max-image-preview:large","max-video-preview":"max-video-preview:-1"},"canonical":"https:\/\/kuzeyinsesi.org\/index.php\/2024\/12\/02\/girne-dusunce-dernegi-franz-kafkanin-100-olum-yil-donumu-anisina-yarin-aksam-girnede-panel-duzenliyor\/","og_locale":"tr_TR","og_type":"article","og_title":"Girne D\u00fc\u015f\u00fcnce Derne\u011fi, Franz Kafka\u2019n\u0131n 100. \u00f6l\u00fcm y\u0131l d\u00f6n\u00fcm\u00fc an\u0131s\u0131na yar\u0131n ak\u015fam Girne\u2019de panel d\u00fczenliyor - Kuzeyin Sesi","og_description":"Girne D\u00fc\u015f\u00fcnce Derne\u011fi, edebiyat d\u00fcnyas\u0131n\u0131n ikonik yazar\u0131 olarak nitelendirilen Franz Kafka\u2019n\u0131n 100. \u00f6l\u00fcm y\u0131ld\u00f6n\u00fcm\u00fc an\u0131s\u0131na panel d\u00fczenliyor. Panel, yar\u0131n ak\u015fam saat 19.30\u2019da Girne\u2019de Dome Hotel\u2019de yer alacak. Dernekten yap\u0131lan a\u00e7\u0131klamaya g\u00f6re \u00d6zge Tahiro\u011flu\u2019nun moderat\u00f6rl\u00fc\u011f\u00fcnde ve Evren \u0130nan\u00e7o\u011flu, Pervin Yi\u011fit ve Halil Duranay\u2019\u0131n konu\u015fmac\u0131 olarak kat\u0131laca\u011f\u0131 panelde, yazar\u0131n zamana meydan okuyan eserleri ve gizemli ya\u015fam\u0131 ele [&hellip;]","og_url":"https:\/\/kuzeyinsesi.org\/index.php\/2024\/12\/02\/girne-dusunce-dernegi-franz-kafkanin-100-olum-yil-donumu-anisina-yarin-aksam-girnede-panel-duzenliyor\/","og_site_name":"Kuzeyin Sesi","article_publisher":"https:\/\/www.facebook.com\/kuzeyinsesii","article_published_time":"2024-12-02T09:30:40+00:00","og_image":[{"url":"https:\/\/brtk.net\/wp-content\/uploads\/2024\/12\/02\/kafka.webp?ver=174581267563f77358caf54ea02bdc21","type":"","width":"","height":""}],"author":"Kuzeyin Sesi","twitter_card":"summary_large_image","twitter_creator":"@kuzeyinsesii","twitter_site":"@kuzeyinsesii","twitter_misc":{"Yazan:":"Kuzeyin Sesi"},"schema":{"@context":"https:\/\/schema.org","@graph":[{"@type":"Article","@id":"https:\/\/kuzeyinsesi.org\/index.php\/2024\/12\/02\/girne-dusunce-dernegi-franz-kafkanin-100-olum-yil-donumu-anisina-yarin-aksam-girnede-panel-duzenliyor\/#article","isPartOf":{"@id":"https:\/\/kuzeyinsesi.org\/index.php\/2024\/12\/02\/girne-dusunce-dernegi-franz-kafkanin-100-olum-yil-donumu-anisina-yarin-aksam-girnede-panel-duzenliyor\/"},"author":{"name":"Kuzeyin Sesi","@id":"https:\/\/kuzeyinsesi.org\/#\/schema\/person\/9f859689cdf01485597712386e37f5aa"},"headline":"Girne D\u00fc\u015f\u00fcnce Derne\u011fi, Franz Kafka\u2019n\u0131n 100. \u00f6l\u00fcm y\u0131l d\u00f6n\u00fcm\u00fc an\u0131s\u0131na yar\u0131n ak\u015fam Girne\u2019de panel d\u00fczenliyor","datePublished":"2024-12-02T09:30:40+00:00","mainEntityOfPage":{"@id":"https:\/\/kuzeyinsesi.org\/index.php\/2024\/12\/02\/girne-dusunce-dernegi-franz-kafkanin-100-olum-yil-donumu-anisina-yarin-aksam-girnede-panel-duzenliyor\/"},"wordCount":117,"commentCount":0,"image":{"@id":"https:\/\/kuzeyinsesi.org\/index.php\/2024\/12\/02\/girne-dusunce-dernegi-franz-kafkanin-100-olum-yil-donumu-anisina-yarin-aksam-girnede-panel-duzenliyor\/#primaryimage"},"thumbnailUrl":"https:\/\/kuzeyinsesi.org\/wp-content\/uploads\/2024\/12\/kafka.webp.webp","articleSection":["Ya\u015fam"],"inLanguage":"tr","potentialAction":[{"@type":"CommentAction","name":"Comment","target":["https:\/\/kuzeyinsesi.org\/index.php\/2024\/12\/02\/girne-dusunce-dernegi-franz-kafkanin-100-olum-yil-donumu-anisina-yarin-aksam-girnede-panel-duzenliyor\/#respond"]}]},{"@type":"WebPage","@id":"https:\/\/kuzeyinsesi.org\/index.php\/2024\/12\/02\/girne-dusunce-dernegi-franz-kafkanin-100-olum-yil-donumu-anisina-yarin-aksam-girnede-panel-duzenliyor\/","url":"https:\/\/kuzeyinsesi.org\/index.php\/2024\/12\/02\/girne-dusunce-dernegi-franz-kafkanin-100-olum-yil-donumu-anisina-yarin-aksam-girnede-panel-duzenliyor\/","name":"Girne D\u00fc\u015f\u00fcnce Derne\u011fi, Franz Kafka\u2019n\u0131n 100. \u00f6l\u00fcm y\u0131l d\u00f6n\u00fcm\u00fc an\u0131s\u0131na yar\u0131n ak\u015fam Girne\u2019de panel d\u00fczenliyor - Kuzeyin Sesi","isPartOf":{"@id":"https:\/\/kuzeyinsesi.org\/#website"},"primaryImageOfPage":{"@id":"https:\/\/kuzeyinsesi.org\/index.php\/2024\/12\/02\/girne-dusunce-dernegi-franz-kafkanin-100-olum-yil-donumu-anisina-yarin-aksam-girnede-panel-duzenliyor\/#primaryimage"},"image":{"@id":"https:\/\/kuzeyinsesi.org\/index.php\/2024\/12\/02\/girne-dusunce-dernegi-franz-kafkanin-100-olum-yil-donumu-anisina-yarin-aksam-girnede-panel-duzenliyor\/#primaryimage"},"thumbnailUrl":"https:\/\/kuzeyinsesi.org\/wp-content\/uploads\/2024\/12\/kafka.webp.webp","datePublished":"2024-12-02T09:30:40+00:00","author":{"@id":"https:\/\/kuzeyinsesi.org\/#\/schema\/person\/9f859689cdf01485597712386e37f5aa"},"breadcrumb":{"@id":"https:\/\/kuzeyinsesi.org\/index.php\/2024\/12\/02\/girne-dusunce-dernegi-franz-kafkanin-100-olum-yil-donumu-anisina-yarin-aksam-girnede-panel-duzenliyor\/#breadcrumb"},"inLanguage":"tr","potentialAction":[{"@type":"ReadAction","target":["https:\/\/kuzeyinsesi.org\/index.php\/2024\/12\/02\/girne-dusunce-dernegi-franz-kafkanin-100-olum-yil-donumu-anisina-yarin-aksam-girnede-panel-duzenliyor\/"]}]},{"@type":"ImageObject","inLanguage":"tr","@id":"https:\/\/kuzeyinsesi.org\/index.php\/2024\/12\/02\/girne-dusunce-dernegi-franz-kafkanin-100-olum-yil-donumu-anisina-yarin-aksam-girnede-panel-duzenliyor\/#primaryimage","url":"https:\/\/kuzeyinsesi.org\/wp-content\/uploads\/2024\/12\/kafka.webp.webp","contentUrl":"https:\/\/kuzeyinsesi.org\/wp-content\/uploads\/2024\/12\/kafka.webp.webp","width":1280,"height":720},{"@type":"BreadcrumbList","@id":"https:\/\/kuzeyinsesi.org\/index.php\/2024\/12\/02\/girne-dusunce-dernegi-franz-kafkanin-100-olum-yil-donumu-anisina-yarin-aksam-girnede-panel-duzenliyor\/#breadcrumb","itemListElement":[{"@type":"ListItem","position":1,"name":"Anasayfa","item":"https:\/\/kuzeyinsesi.org\/"},{"@type":"ListItem","position":2,"name":"Girne D\u00fc\u015f\u00fcnce Derne\u011fi, Franz Kafka\u2019n\u0131n 100. \u00f6l\u00fcm y\u0131l d\u00f6n\u00fcm\u00fc an\u0131s\u0131na yar\u0131n ak\u015fam Girne\u2019de panel d\u00fczenliyor"}]},{"@type":"WebSite","@id":"https:\/\/kuzeyinsesi.org\/#website","url":"https:\/\/kuzeyinsesi.org\/","name":"Kuzeyin Sesi","description":"Do\u011fru Haberin Adresi","potentialAction":[{"@type":"SearchAction","target":{"@type":"EntryPoint","urlTemplate":"https:\/\/kuzeyinsesi.org\/?s={search_term_string}"},"query-input":{"@type":"PropertyValueSpecification","valueRequired":true,"valueName":"search_term_string"}}],"inLanguage":"tr"},{"@type":"Person","@id":"https:\/\/kuzeyinsesi.org\/#\/schema\/person\/9f859689cdf01485597712386e37f5aa","name":"Kuzeyin Sesi","image":{"@type":"ImageObject","inLanguage":"tr","@id":"https:\/\/secure.gravatar.com\/avatar\/bab33852abfd8b282518d6ed81826833d77c3c882d9ab608add591ccace47a44?s=96&d=mm&r=g","url":"https:\/\/secure.gravatar.com\/avatar\/bab33852abfd8b282518d6ed81826833d77c3c882d9ab608add591ccace47a44?s=96&d=mm&r=g","contentUrl":"https:\/\/secure.gravatar.com\/avatar\/bab33852abfd8b282518d6ed81826833d77c3c882d9ab608add591ccace47a44?s=96&d=mm&r=g","caption":"Kuzeyin Sesi"},"sameAs":["https:\/\/kuzeyinsesi.org"],"url":"https:\/\/kuzeyinsesi.org\/index.php\/author\/guven\/"}]}},"_links":{"self":[{"href":"https:\/\/kuzeyinsesi.org\/index.php\/wp-json\/wp\/v2\/posts\/14726","targetHints":{"allow":["GET"]}}],"collection":[{"href":"https:\/\/kuzeyinsesi.org\/index.php\/wp-json\/wp\/v2\/posts"}],"about":[{"href":"https:\/\/kuzeyinsesi.org\/index.php\/wp-json\/wp\/v2\/types\/post"}],"author":[{"embeddable":true,"href":"https:\/\/kuzeyinsesi.org\/index.php\/wp-json\/wp\/v2\/users\/1"}],"replies":[{"embeddable":true,"href":"https:\/\/kuzeyinsesi.org\/index.php\/wp-json\/wp\/v2\/comments?post=14726"}],"version-history":[{"count":0,"href":"https:\/\/kuzeyinsesi.org\/index.php\/wp-json\/wp\/v2\/posts\/14726\/revisions"}],"wp:featuredmedia":[{"embeddable":true,"href":"https:\/\/kuzeyinsesi.org\/index.php\/wp-json\/wp\/v2\/media\/14727"}],"wp:attachment":[{"href":"https:\/\/kuzeyinsesi.org\/index.php\/wp-json\/wp\/v2\/media?parent=14726"}],"wp:term":[{"taxonomy":"category","embeddable":true,"href":"https:\/\/kuzeyinsesi.org\/index.php\/wp-json\/wp\/v2\/categories?post=14726"},{"taxonomy":"post_tag","embeddable":true,"href":"https:\/\/kuzeyinsesi.org\/index.php\/wp-json\/wp\/v2\/tags?post=14726"}],"curies":[{"name":"wp","href":"https:\/\/api.w.org\/{rel}","templated":true}]}}