{"id":14720,"date":"2024-12-02T10:28:52","date_gmt":"2024-12-02T08:28:52","guid":{"rendered":"https:\/\/kuzeyinsesi.org\/index.php\/2024\/12\/02\/10uncu-halk-danslari-soleni-yapildi\/"},"modified":"2024-12-02T10:28:52","modified_gmt":"2024-12-02T08:28:52","slug":"10uncu-halk-danslari-soleni-yapildi","status":"publish","type":"post","link":"https:\/\/kuzeyinsesi.org\/index.php\/2024\/12\/02\/10uncu-halk-danslari-soleni-yapildi\/","title":{"rendered":"10\u2019uncu Halk Danslar\u0131 \u015e\u00f6leni yap\u0131ld\u0131"},"content":{"rendered":"<div>\n<div class=\"mariselle-image-container center\">\n                                            <\/div>\n<p> K\u0131br\u0131s T\u00fcrk Halk Danslar\u0131 Federasyonu 10\u2019uncu Halk Danslar\u0131 \u015e\u00f6leni yap\u0131ld\u0131.<\/p>\n<p>Halk Danslar\u0131 Federasyonu\u2019ndan yap\u0131lan a\u00e7\u0131klamaya g\u00f6re, 29-30 Kas\u0131m tarihlerinde yap\u0131lan Halk Danslar\u0131 \u015e\u00f6leni\u2019nin a\u00e7\u0131l\u0131\u015f\u0131na Cumhurba\u015fkan\u0131 Ersin Tatar da kat\u0131ld\u0131. <\/p>\n<p>Gazima\u011fusa Rauf Raif Denkta\u015f K\u00fclt\u00fcr ve Kongre Saray\u0131\u2019ndaki \u015f\u00f6lende konu\u015fan K\u0131br\u0131s T\u00fcrk Halk Danslar\u0131 Federasyonu Ba\u015fkan\u0131 \u00d6zlem Kadira\u011fa, 10. Halk Danslar\u0131 \u015e\u00f6leni\u2019nin b\u00fcy\u00fck bir emek ve \u00f6rnek bir i\u015f birli\u011fi ruhu i\u00e7erisinde haz\u0131rland\u0131\u011f\u0131n\u0131 vurgulad\u0131.<\/p>\n<p>Kadira\u011fa, yapt\u0131klar\u0131 i\u015fin sevgi i\u015fi oldu\u011funu kaydederek, etkinlikte eme\u011fi ge\u00e7en herkese te\u015fekk\u00fcrlerini iletti, yurtd\u0131\u015f\u0131ndaki festivallere kat\u0131larak \u00fclkeyi temsil eden t\u00fcm topluluklar\u0131 ba\u015far\u0131lar\u0131ndan dolay\u0131 kutlad\u0131. <\/p>\n<p>Kadira\u011fa, \u00e7ok daha verimli ve ba\u015far\u0131l\u0131 i\u015fler yapacaklar\u0131na inan\u00e7 belirtti.<\/p>\n<p>\u2013 Kadira\u011fa\u2019ya \u00f6d\u00fcl verildi <\/p>\n<p>Anadolu Folklor Vakf\u0131 Genel Ba\u015fkan\u0131 R\u00fc\u015ft\u00fc Akar, Anadolu Folklor Vakf\u0131\u2019n\u0131n \u00fclkede ve yurt d\u0131\u015f\u0131nda yapt\u0131\u011f\u0131 \u00e7al\u0131\u015fmalarla halk\u0131n geleneksel k\u00fclt\u00fcre verdi\u011fi de\u011feri art\u0131rma yolunda ilerlediklerini kaydederek, y\u00fcr\u00fctt\u00fckleri \u00e7al\u0131\u015fmalar hakk\u0131nda bilgi verdi.<\/p>\n<p>Akar, k\u00fclt\u00fcrel de\u011ferleri tan\u0131tmak ve gelecek nesillere aktarmak i\u00e7in g\u00f6sterdi\u011fi b\u00fcy\u00fck \u00e7aba ve \u00f6zverisinden dolay\u0131 Anadolu Folklor Vakf\u0131 Y\u00f6netim Kurulu\u2019nun \u201c2024 Y\u0131l\u0131 \u00dcst\u00fcn Hizmet \u00d6d\u00fcl\u00fc Alt\u0131n Madalyas\u0131\u201dn\u0131 KKTC Halk Oyunlar\u0131 Federasyonu Ba\u015fkan\u0131 ve CIOFF-KKTC Temsilcisi \u00d6zlem Kadira\u011fa\u2019ya verilmesi karar\u0131n\u0131 a\u00e7\u0131klad\u0131. <\/p>\n<p>\u015e\u00f6lende yer alan dernekler \u015f\u00f6yle a\u00e7\u0131kland\u0131:<\/p>\n<p>\u201cAlayk\u00f6y Folklor Derne\u011fi, Dikmen Gen\u00e7lik Merkezi, Gazima\u011fusa Halk Danslar\u0131 Derne\u011fi, Gen\u00e7lik Merkezi Birli\u011fi, Girne Gen\u00e7lik Merkezi, G\u00f6\u00e7menk\u00f6y Ta\u015fk\u0131nk\u00f6y K\u00fclt\u00fcr Derne\u011fi, G\u00fczelyurt Sanat Derne\u011fi, Halk Sanatlar\u0131 Derne\u011fi, \u0130n\u00f6n\u00fc Gen\u00e7lik Merkezi, K\u00fclt\u00fcr Sanat ve Spor Derne\u011fi, \u0130skele K\u00fclt\u00fcr ve Sanat Derne\u011fi, Lefko\u015fa Folklor Derne\u011fi, Lefko\u015fa Folklor ve Gen\u00e7lik Merkezi, Mehmet\u00e7ik K\u00fclt\u00fcr ve Dayan\u0131\u015fma Derne\u011fi, Sevgi \u00c7i\u00e7e\u011fi K\u00fclt\u00fcr ve Sanat Derne\u011fi, Turizm ve Folklor Ara\u015ft\u0131rmalar\u0131 Derne\u011fi, Yenierenk\u00f6y K\u00fclt\u00fcr ve Sanat Derne\u011fi ve T\u00fcrkiye\u2019den 2 konuk halk danslar\u0131 toplulu\u011fu Anadolu Folklor Vakf\u0131 Ankara, Nazilli Belediyesi Halk Oyunlar\u0131 Toplulu\u011fu.\u201d<\/p>\n<\/p><\/div>\n<p><script async\n                    defer\n                    crossorigin=\"anonymous\"\n                    src=\"https:\/\/connect.facebook.net\/tr_TR\/sdk.js#xfbml=1&#038;version=v3.3\"\n            ><\/script><\/p>\n","protected":false},"excerpt":{"rendered":"<p>K\u0131br\u0131s T\u00fcrk Halk Danslar\u0131 Federasyonu 10\u2019uncu Halk Danslar\u0131 \u015e\u00f6leni yap\u0131ld\u0131. Halk Danslar\u0131 Federasyonu\u2019ndan yap\u0131lan a\u00e7\u0131klamaya g\u00f6re, 29-30 Kas\u0131m tarihlerinde yap\u0131lan Halk Danslar\u0131 \u015e\u00f6leni\u2019nin a\u00e7\u0131l\u0131\u015f\u0131na Cumhurba\u015fkan\u0131 Ersin Tatar da kat\u0131ld\u0131. Gazima\u011fusa Rauf Raif Denkta\u015f K\u00fclt\u00fcr ve Kongre Saray\u0131\u2019ndaki \u015f\u00f6lende konu\u015fan K\u0131br\u0131s T\u00fcrk Halk Danslar\u0131 Federasyonu Ba\u015fkan\u0131 \u00d6zlem Kadira\u011fa, 10. Halk Danslar\u0131 \u015e\u00f6leni\u2019nin b\u00fcy\u00fck bir emek ve [&hellip;]<\/p>\n","protected":false},"author":1,"featured_media":14721,"comment_status":"open","ping_status":"open","sticky":false,"template":"","format":"standard","meta":{"jnews-multi-image_gallery":[],"jnews_single_post":[],"jnews_primary_category":[],"jnews_social_meta":[],"jnews_override_counter":[],"footnotes":""},"categories":[6],"tags":[],"class_list":["post-14720","post","type-post","status-publish","format-standard","has-post-thumbnail","hentry","category-yasam"],"yoast_head":"<!-- This site is optimized with the Yoast SEO plugin v27.4 - https:\/\/yoast.com\/product\/yoast-seo-wordpress\/ -->\n<title>10\u2019uncu Halk Danslar\u0131 \u015e\u00f6leni yap\u0131ld\u0131 - Kuzeyin Sesi<\/title>\n<meta name=\"robots\" content=\"index, follow, max-snippet:-1, max-image-preview:large, max-video-preview:-1\" \/>\n<link rel=\"canonical\" href=\"https:\/\/kuzeyinsesi.org\/index.php\/2024\/12\/02\/10uncu-halk-danslari-soleni-yapildi\/\" \/>\n<meta property=\"og:locale\" content=\"tr_TR\" \/>\n<meta property=\"og:type\" content=\"article\" \/>\n<meta property=\"og:title\" content=\"10\u2019uncu Halk Danslar\u0131 \u015e\u00f6leni yap\u0131ld\u0131 - Kuzeyin Sesi\" \/>\n<meta property=\"og:description\" content=\"K\u0131br\u0131s T\u00fcrk Halk Danslar\u0131 Federasyonu 10\u2019uncu Halk Danslar\u0131 \u015e\u00f6leni yap\u0131ld\u0131. Halk Danslar\u0131 Federasyonu\u2019ndan yap\u0131lan a\u00e7\u0131klamaya g\u00f6re, 29-30 Kas\u0131m tarihlerinde yap\u0131lan Halk Danslar\u0131 \u015e\u00f6leni\u2019nin a\u00e7\u0131l\u0131\u015f\u0131na Cumhurba\u015fkan\u0131 Ersin Tatar da kat\u0131ld\u0131. Gazima\u011fusa Rauf Raif Denkta\u015f K\u00fclt\u00fcr ve Kongre Saray\u0131\u2019ndaki \u015f\u00f6lende konu\u015fan K\u0131br\u0131s T\u00fcrk Halk Danslar\u0131 Federasyonu Ba\u015fkan\u0131 \u00d6zlem Kadira\u011fa, 10. Halk Danslar\u0131 \u015e\u00f6leni\u2019nin b\u00fcy\u00fck bir emek ve [&hellip;]\" \/>\n<meta property=\"og:url\" content=\"https:\/\/kuzeyinsesi.org\/index.php\/2024\/12\/02\/10uncu-halk-danslari-soleni-yapildi\/\" \/>\n<meta property=\"og:site_name\" content=\"Kuzeyin Sesi\" \/>\n<meta property=\"article:publisher\" content=\"https:\/\/www.facebook.com\/kuzeyinsesii\" \/>\n<meta property=\"article:published_time\" content=\"2024-12-02T08:28:52+00:00\" \/>\n<meta property=\"og:image\" content=\"https:\/\/brtk.net\/wp-content\/uploads\/2024\/12\/02\/halk-danslari-2-1.png?ver=e09e5a8102b6f69700b682ce10ed578b\" \/>\n<meta name=\"author\" content=\"Kuzeyin Sesi\" \/>\n<meta name=\"twitter:card\" content=\"summary_large_image\" \/>\n<meta name=\"twitter:creator\" content=\"@kuzeyinsesii\" \/>\n<meta name=\"twitter:site\" content=\"@kuzeyinsesii\" \/>\n<meta name=\"twitter:label1\" content=\"Yazan:\" \/>\n\t<meta name=\"twitter:data1\" content=\"Kuzeyin Sesi\" \/>\n\t<meta name=\"twitter:label2\" content=\"Tahmini okuma s\u00fcresi\" \/>\n\t<meta name=\"twitter:data2\" content=\"2 dakika\" \/>\n<script type=\"application\/ld+json\" class=\"yoast-schema-graph\">{\"@context\":\"https:\\\/\\\/schema.org\",\"@graph\":[{\"@type\":\"Article\",\"@id\":\"https:\\\/\\\/kuzeyinsesi.org\\\/index.php\\\/2024\\\/12\\\/02\\\/10uncu-halk-danslari-soleni-yapildi\\\/#article\",\"isPartOf\":{\"@id\":\"https:\\\/\\\/kuzeyinsesi.org\\\/index.php\\\/2024\\\/12\\\/02\\\/10uncu-halk-danslari-soleni-yapildi\\\/\"},\"author\":{\"name\":\"Kuzeyin Sesi\",\"@id\":\"https:\\\/\\\/kuzeyinsesi.org\\\/#\\\/schema\\\/person\\\/9f859689cdf01485597712386e37f5aa\"},\"headline\":\"10\u2019uncu Halk Danslar\u0131 \u015e\u00f6leni yap\u0131ld\u0131\",\"datePublished\":\"2024-12-02T08:28:52+00:00\",\"mainEntityOfPage\":{\"@id\":\"https:\\\/\\\/kuzeyinsesi.org\\\/index.php\\\/2024\\\/12\\\/02\\\/10uncu-halk-danslari-soleni-yapildi\\\/\"},\"wordCount\":409,\"commentCount\":0,\"image\":{\"@id\":\"https:\\\/\\\/kuzeyinsesi.org\\\/index.php\\\/2024\\\/12\\\/02\\\/10uncu-halk-danslari-soleni-yapildi\\\/#primaryimage\"},\"thumbnailUrl\":\"https:\\\/\\\/kuzeyinsesi.org\\\/wp-content\\\/uploads\\\/2024\\\/12\\\/halk-danslari-2-1.png\",\"articleSection\":[\"Ya\u015fam\"],\"inLanguage\":\"tr\",\"potentialAction\":[{\"@type\":\"CommentAction\",\"name\":\"Comment\",\"target\":[\"https:\\\/\\\/kuzeyinsesi.org\\\/index.php\\\/2024\\\/12\\\/02\\\/10uncu-halk-danslari-soleni-yapildi\\\/#respond\"]}]},{\"@type\":\"WebPage\",\"@id\":\"https:\\\/\\\/kuzeyinsesi.org\\\/index.php\\\/2024\\\/12\\\/02\\\/10uncu-halk-danslari-soleni-yapildi\\\/\",\"url\":\"https:\\\/\\\/kuzeyinsesi.org\\\/index.php\\\/2024\\\/12\\\/02\\\/10uncu-halk-danslari-soleni-yapildi\\\/\",\"name\":\"10\u2019uncu Halk Danslar\u0131 \u015e\u00f6leni yap\u0131ld\u0131 - Kuzeyin Sesi\",\"isPartOf\":{\"@id\":\"https:\\\/\\\/kuzeyinsesi.org\\\/#website\"},\"primaryImageOfPage\":{\"@id\":\"https:\\\/\\\/kuzeyinsesi.org\\\/index.php\\\/2024\\\/12\\\/02\\\/10uncu-halk-danslari-soleni-yapildi\\\/#primaryimage\"},\"image\":{\"@id\":\"https:\\\/\\\/kuzeyinsesi.org\\\/index.php\\\/2024\\\/12\\\/02\\\/10uncu-halk-danslari-soleni-yapildi\\\/#primaryimage\"},\"thumbnailUrl\":\"https:\\\/\\\/kuzeyinsesi.org\\\/wp-content\\\/uploads\\\/2024\\\/12\\\/halk-danslari-2-1.png\",\"datePublished\":\"2024-12-02T08:28:52+00:00\",\"author\":{\"@id\":\"https:\\\/\\\/kuzeyinsesi.org\\\/#\\\/schema\\\/person\\\/9f859689cdf01485597712386e37f5aa\"},\"breadcrumb\":{\"@id\":\"https:\\\/\\\/kuzeyinsesi.org\\\/index.php\\\/2024\\\/12\\\/02\\\/10uncu-halk-danslari-soleni-yapildi\\\/#breadcrumb\"},\"inLanguage\":\"tr\",\"potentialAction\":[{\"@type\":\"ReadAction\",\"target\":[\"https:\\\/\\\/kuzeyinsesi.org\\\/index.php\\\/2024\\\/12\\\/02\\\/10uncu-halk-danslari-soleni-yapildi\\\/\"]}]},{\"@type\":\"ImageObject\",\"inLanguage\":\"tr\",\"@id\":\"https:\\\/\\\/kuzeyinsesi.org\\\/index.php\\\/2024\\\/12\\\/02\\\/10uncu-halk-danslari-soleni-yapildi\\\/#primaryimage\",\"url\":\"https:\\\/\\\/kuzeyinsesi.org\\\/wp-content\\\/uploads\\\/2024\\\/12\\\/halk-danslari-2-1.png\",\"contentUrl\":\"https:\\\/\\\/kuzeyinsesi.org\\\/wp-content\\\/uploads\\\/2024\\\/12\\\/halk-danslari-2-1.png\",\"width\":1132,\"height\":675},{\"@type\":\"BreadcrumbList\",\"@id\":\"https:\\\/\\\/kuzeyinsesi.org\\\/index.php\\\/2024\\\/12\\\/02\\\/10uncu-halk-danslari-soleni-yapildi\\\/#breadcrumb\",\"itemListElement\":[{\"@type\":\"ListItem\",\"position\":1,\"name\":\"Anasayfa\",\"item\":\"https:\\\/\\\/kuzeyinsesi.org\\\/\"},{\"@type\":\"ListItem\",\"position\":2,\"name\":\"10\u2019uncu Halk Danslar\u0131 \u015e\u00f6leni yap\u0131ld\u0131\"}]},{\"@type\":\"WebSite\",\"@id\":\"https:\\\/\\\/kuzeyinsesi.org\\\/#website\",\"url\":\"https:\\\/\\\/kuzeyinsesi.org\\\/\",\"name\":\"Kuzeyin Sesi\",\"description\":\"Do\u011fru Haberin Adresi\",\"potentialAction\":[{\"@type\":\"SearchAction\",\"target\":{\"@type\":\"EntryPoint\",\"urlTemplate\":\"https:\\\/\\\/kuzeyinsesi.org\\\/?s={search_term_string}\"},\"query-input\":{\"@type\":\"PropertyValueSpecification\",\"valueRequired\":true,\"valueName\":\"search_term_string\"}}],\"inLanguage\":\"tr\"},{\"@type\":\"Person\",\"@id\":\"https:\\\/\\\/kuzeyinsesi.org\\\/#\\\/schema\\\/person\\\/9f859689cdf01485597712386e37f5aa\",\"name\":\"Kuzeyin Sesi\",\"image\":{\"@type\":\"ImageObject\",\"inLanguage\":\"tr\",\"@id\":\"https:\\\/\\\/secure.gravatar.com\\\/avatar\\\/bab33852abfd8b282518d6ed81826833d77c3c882d9ab608add591ccace47a44?s=96&d=mm&r=g\",\"url\":\"https:\\\/\\\/secure.gravatar.com\\\/avatar\\\/bab33852abfd8b282518d6ed81826833d77c3c882d9ab608add591ccace47a44?s=96&d=mm&r=g\",\"contentUrl\":\"https:\\\/\\\/secure.gravatar.com\\\/avatar\\\/bab33852abfd8b282518d6ed81826833d77c3c882d9ab608add591ccace47a44?s=96&d=mm&r=g\",\"caption\":\"Kuzeyin Sesi\"},\"sameAs\":[\"https:\\\/\\\/kuzeyinsesi.org\"],\"url\":\"https:\\\/\\\/kuzeyinsesi.org\\\/index.php\\\/author\\\/guven\\\/\"}]}<\/script>\n<!-- \/ Yoast SEO plugin. -->","yoast_head_json":{"title":"10\u2019uncu Halk Danslar\u0131 \u015e\u00f6leni yap\u0131ld\u0131 - Kuzeyin Sesi","robots":{"index":"index","follow":"follow","max-snippet":"max-snippet:-1","max-image-preview":"max-image-preview:large","max-video-preview":"max-video-preview:-1"},"canonical":"https:\/\/kuzeyinsesi.org\/index.php\/2024\/12\/02\/10uncu-halk-danslari-soleni-yapildi\/","og_locale":"tr_TR","og_type":"article","og_title":"10\u2019uncu Halk Danslar\u0131 \u015e\u00f6leni yap\u0131ld\u0131 - Kuzeyin Sesi","og_description":"K\u0131br\u0131s T\u00fcrk Halk Danslar\u0131 Federasyonu 10\u2019uncu Halk Danslar\u0131 \u015e\u00f6leni yap\u0131ld\u0131. Halk Danslar\u0131 Federasyonu\u2019ndan yap\u0131lan a\u00e7\u0131klamaya g\u00f6re, 29-30 Kas\u0131m tarihlerinde yap\u0131lan Halk Danslar\u0131 \u015e\u00f6leni\u2019nin a\u00e7\u0131l\u0131\u015f\u0131na Cumhurba\u015fkan\u0131 Ersin Tatar da kat\u0131ld\u0131. Gazima\u011fusa Rauf Raif Denkta\u015f K\u00fclt\u00fcr ve Kongre Saray\u0131\u2019ndaki \u015f\u00f6lende konu\u015fan K\u0131br\u0131s T\u00fcrk Halk Danslar\u0131 Federasyonu Ba\u015fkan\u0131 \u00d6zlem Kadira\u011fa, 10. Halk Danslar\u0131 \u015e\u00f6leni\u2019nin b\u00fcy\u00fck bir emek ve [&hellip;]","og_url":"https:\/\/kuzeyinsesi.org\/index.php\/2024\/12\/02\/10uncu-halk-danslari-soleni-yapildi\/","og_site_name":"Kuzeyin Sesi","article_publisher":"https:\/\/www.facebook.com\/kuzeyinsesii","article_published_time":"2024-12-02T08:28:52+00:00","og_image":[{"url":"https:\/\/brtk.net\/wp-content\/uploads\/2024\/12\/02\/halk-danslari-2-1.png?ver=e09e5a8102b6f69700b682ce10ed578b","type":"","width":"","height":""}],"author":"Kuzeyin Sesi","twitter_card":"summary_large_image","twitter_creator":"@kuzeyinsesii","twitter_site":"@kuzeyinsesii","twitter_misc":{"Yazan:":"Kuzeyin Sesi","Tahmini okuma s\u00fcresi":"2 dakika"},"schema":{"@context":"https:\/\/schema.org","@graph":[{"@type":"Article","@id":"https:\/\/kuzeyinsesi.org\/index.php\/2024\/12\/02\/10uncu-halk-danslari-soleni-yapildi\/#article","isPartOf":{"@id":"https:\/\/kuzeyinsesi.org\/index.php\/2024\/12\/02\/10uncu-halk-danslari-soleni-yapildi\/"},"author":{"name":"Kuzeyin Sesi","@id":"https:\/\/kuzeyinsesi.org\/#\/schema\/person\/9f859689cdf01485597712386e37f5aa"},"headline":"10\u2019uncu Halk Danslar\u0131 \u015e\u00f6leni yap\u0131ld\u0131","datePublished":"2024-12-02T08:28:52+00:00","mainEntityOfPage":{"@id":"https:\/\/kuzeyinsesi.org\/index.php\/2024\/12\/02\/10uncu-halk-danslari-soleni-yapildi\/"},"wordCount":409,"commentCount":0,"image":{"@id":"https:\/\/kuzeyinsesi.org\/index.php\/2024\/12\/02\/10uncu-halk-danslari-soleni-yapildi\/#primaryimage"},"thumbnailUrl":"https:\/\/kuzeyinsesi.org\/wp-content\/uploads\/2024\/12\/halk-danslari-2-1.png","articleSection":["Ya\u015fam"],"inLanguage":"tr","potentialAction":[{"@type":"CommentAction","name":"Comment","target":["https:\/\/kuzeyinsesi.org\/index.php\/2024\/12\/02\/10uncu-halk-danslari-soleni-yapildi\/#respond"]}]},{"@type":"WebPage","@id":"https:\/\/kuzeyinsesi.org\/index.php\/2024\/12\/02\/10uncu-halk-danslari-soleni-yapildi\/","url":"https:\/\/kuzeyinsesi.org\/index.php\/2024\/12\/02\/10uncu-halk-danslari-soleni-yapildi\/","name":"10\u2019uncu Halk Danslar\u0131 \u015e\u00f6leni yap\u0131ld\u0131 - Kuzeyin Sesi","isPartOf":{"@id":"https:\/\/kuzeyinsesi.org\/#website"},"primaryImageOfPage":{"@id":"https:\/\/kuzeyinsesi.org\/index.php\/2024\/12\/02\/10uncu-halk-danslari-soleni-yapildi\/#primaryimage"},"image":{"@id":"https:\/\/kuzeyinsesi.org\/index.php\/2024\/12\/02\/10uncu-halk-danslari-soleni-yapildi\/#primaryimage"},"thumbnailUrl":"https:\/\/kuzeyinsesi.org\/wp-content\/uploads\/2024\/12\/halk-danslari-2-1.png","datePublished":"2024-12-02T08:28:52+00:00","author":{"@id":"https:\/\/kuzeyinsesi.org\/#\/schema\/person\/9f859689cdf01485597712386e37f5aa"},"breadcrumb":{"@id":"https:\/\/kuzeyinsesi.org\/index.php\/2024\/12\/02\/10uncu-halk-danslari-soleni-yapildi\/#breadcrumb"},"inLanguage":"tr","potentialAction":[{"@type":"ReadAction","target":["https:\/\/kuzeyinsesi.org\/index.php\/2024\/12\/02\/10uncu-halk-danslari-soleni-yapildi\/"]}]},{"@type":"ImageObject","inLanguage":"tr","@id":"https:\/\/kuzeyinsesi.org\/index.php\/2024\/12\/02\/10uncu-halk-danslari-soleni-yapildi\/#primaryimage","url":"https:\/\/kuzeyinsesi.org\/wp-content\/uploads\/2024\/12\/halk-danslari-2-1.png","contentUrl":"https:\/\/kuzeyinsesi.org\/wp-content\/uploads\/2024\/12\/halk-danslari-2-1.png","width":1132,"height":675},{"@type":"BreadcrumbList","@id":"https:\/\/kuzeyinsesi.org\/index.php\/2024\/12\/02\/10uncu-halk-danslari-soleni-yapildi\/#breadcrumb","itemListElement":[{"@type":"ListItem","position":1,"name":"Anasayfa","item":"https:\/\/kuzeyinsesi.org\/"},{"@type":"ListItem","position":2,"name":"10\u2019uncu Halk Danslar\u0131 \u015e\u00f6leni yap\u0131ld\u0131"}]},{"@type":"WebSite","@id":"https:\/\/kuzeyinsesi.org\/#website","url":"https:\/\/kuzeyinsesi.org\/","name":"Kuzeyin Sesi","description":"Do\u011fru Haberin Adresi","potentialAction":[{"@type":"SearchAction","target":{"@type":"EntryPoint","urlTemplate":"https:\/\/kuzeyinsesi.org\/?s={search_term_string}"},"query-input":{"@type":"PropertyValueSpecification","valueRequired":true,"valueName":"search_term_string"}}],"inLanguage":"tr"},{"@type":"Person","@id":"https:\/\/kuzeyinsesi.org\/#\/schema\/person\/9f859689cdf01485597712386e37f5aa","name":"Kuzeyin Sesi","image":{"@type":"ImageObject","inLanguage":"tr","@id":"https:\/\/secure.gravatar.com\/avatar\/bab33852abfd8b282518d6ed81826833d77c3c882d9ab608add591ccace47a44?s=96&d=mm&r=g","url":"https:\/\/secure.gravatar.com\/avatar\/bab33852abfd8b282518d6ed81826833d77c3c882d9ab608add591ccace47a44?s=96&d=mm&r=g","contentUrl":"https:\/\/secure.gravatar.com\/avatar\/bab33852abfd8b282518d6ed81826833d77c3c882d9ab608add591ccace47a44?s=96&d=mm&r=g","caption":"Kuzeyin Sesi"},"sameAs":["https:\/\/kuzeyinsesi.org"],"url":"https:\/\/kuzeyinsesi.org\/index.php\/author\/guven\/"}]}},"_links":{"self":[{"href":"https:\/\/kuzeyinsesi.org\/index.php\/wp-json\/wp\/v2\/posts\/14720","targetHints":{"allow":["GET"]}}],"collection":[{"href":"https:\/\/kuzeyinsesi.org\/index.php\/wp-json\/wp\/v2\/posts"}],"about":[{"href":"https:\/\/kuzeyinsesi.org\/index.php\/wp-json\/wp\/v2\/types\/post"}],"author":[{"embeddable":true,"href":"https:\/\/kuzeyinsesi.org\/index.php\/wp-json\/wp\/v2\/users\/1"}],"replies":[{"embeddable":true,"href":"https:\/\/kuzeyinsesi.org\/index.php\/wp-json\/wp\/v2\/comments?post=14720"}],"version-history":[{"count":0,"href":"https:\/\/kuzeyinsesi.org\/index.php\/wp-json\/wp\/v2\/posts\/14720\/revisions"}],"wp:featuredmedia":[{"embeddable":true,"href":"https:\/\/kuzeyinsesi.org\/index.php\/wp-json\/wp\/v2\/media\/14721"}],"wp:attachment":[{"href":"https:\/\/kuzeyinsesi.org\/index.php\/wp-json\/wp\/v2\/media?parent=14720"}],"wp:term":[{"taxonomy":"category","embeddable":true,"href":"https:\/\/kuzeyinsesi.org\/index.php\/wp-json\/wp\/v2\/categories?post=14720"},{"taxonomy":"post_tag","embeddable":true,"href":"https:\/\/kuzeyinsesi.org\/index.php\/wp-json\/wp\/v2\/tags?post=14720"}],"curies":[{"name":"wp","href":"https:\/\/api.w.org\/{rel}","templated":true}]}}