{"id":1470,"date":"2024-05-06T13:47:03","date_gmt":"2024-05-06T10:47:03","guid":{"rendered":"https:\/\/kuzeyinsesi.com\/index.php\/2024\/05\/06\/12-mayis-dunya-hemsireler-gunu-nedeniyle-etkinlikler-duzenlenecek\/"},"modified":"2024-05-06T13:47:03","modified_gmt":"2024-05-06T10:47:03","slug":"12-mayis-dunya-hemsireler-gunu-nedeniyle-etkinlikler-duzenlenecek","status":"publish","type":"post","link":"https:\/\/kuzeyinsesi.org\/index.php\/2024\/05\/06\/12-mayis-dunya-hemsireler-gunu-nedeniyle-etkinlikler-duzenlenecek\/","title":{"rendered":"\u201c12 May\u0131s D\u00fcnya Hem\u015fireler G\u00fcn\u00fc\u201d nedeniyle etkinlikler d\u00fczenlenecek"},"content":{"rendered":"<div>\n<div class=\"mariselle-image-container none\">\n                                            <\/div>\n<p>K\u0131br\u0131s T\u00fcrk Hem\u015fireler ve Ebeler Sendikas\u0131 ile K\u0131br\u0131s T\u00fcrk Hem\u015fireler ve Ebeler Birli\u011fi taraf\u0131ndan 12 May\u0131s D\u00fcnya Hem\u015fireler G\u00fcn\u00fc nedeniyle etkinlikler d\u00fczenlenecek.<\/p>\n<p>Sendika ve Birlik taraf\u0131ndan yap\u0131lan ortak a\u00e7\u0131klamaya g\u00f6re, 12 May\u0131s Pazar g\u00fcn\u00fc 09.00-11.00 saatleri aras\u0131nda Lefko\u015fa Citroen \u0131\u015f\u0131klar\u0131ndan ba\u015flayarak Girne Kap\u0131s\u0131 Atat\u00fcrk b\u00fcst\u00fcnde sonlanacak \u201cHem\u015fireyi Farket\u201d y\u00fcr\u00fcy\u00fc\u015f\u00fc yap\u0131lacak.<\/p>\n<p>13 May\u0131s Pazartesi g\u00fcn\u00fc saat 09.30\u2019da ise Lefko\u015fa Elysium Park\u2019ta kutlama t\u00f6reni yap\u0131lacak.<\/p>\n<p>A\u00e7\u0131klamada, \u201cBu y\u0131l Yak\u0131n Do\u011fu \u00dcniversitesi, Girne \u00dcniversitesi, K\u0131br\u0131s Sa\u011fl\u0131k ve Toplum Bilimleri \u00dcniversitesi, Uluslararas\u0131 K\u0131br\u0131s \u00dcniversitesi hem\u015firelik b\u00f6l\u00fcmleri de organizasyonun orta\u011f\u0131 olma \u00f6zelli\u011fine sahiptir\u201d denildi.<\/p>\n<\/p><\/div>\n<p><script async\n                    defer\n                    crossorigin=\"anonymous\"\n                    src=\"https:\/\/connect.facebook.net\/tr_TR\/sdk.js#xfbml=1&#038;version=v3.3\"\n            ><\/script><\/p>\n","protected":false},"excerpt":{"rendered":"<p>K\u0131br\u0131s T\u00fcrk Hem\u015fireler ve Ebeler Sendikas\u0131 ile K\u0131br\u0131s T\u00fcrk Hem\u015fireler ve Ebeler Birli\u011fi taraf\u0131ndan 12 May\u0131s D\u00fcnya Hem\u015fireler G\u00fcn\u00fc nedeniyle etkinlikler d\u00fczenlenecek. Sendika ve Birlik taraf\u0131ndan yap\u0131lan ortak a\u00e7\u0131klamaya g\u00f6re, 12 May\u0131s Pazar g\u00fcn\u00fc 09.00-11.00 saatleri aras\u0131nda Lefko\u015fa Citroen \u0131\u015f\u0131klar\u0131ndan ba\u015flayarak Girne Kap\u0131s\u0131 Atat\u00fcrk b\u00fcst\u00fcnde sonlanacak \u201cHem\u015fireyi Farket\u201d y\u00fcr\u00fcy\u00fc\u015f\u00fc yap\u0131lacak. 13 May\u0131s Pazartesi g\u00fcn\u00fc saat [&hellip;]<\/p>\n","protected":false},"author":1,"featured_media":1471,"comment_status":"open","ping_status":"open","sticky":false,"template":"","format":"standard","meta":{"jnews-multi-image_gallery":[],"jnews_single_post":[],"jnews_primary_category":[],"jnews_social_meta":[],"jnews_override_counter":[],"footnotes":""},"categories":[1],"tags":[],"class_list":["post-1470","post","type-post","status-publish","format-standard","has-post-thumbnail","hentry","category-kibris"],"yoast_head":"<!-- This site is optimized with the Yoast SEO plugin v27.5 - https:\/\/yoast.com\/product\/yoast-seo-wordpress\/ -->\n<title>\u201c12 May\u0131s D\u00fcnya Hem\u015fireler G\u00fcn\u00fc\u201d nedeniyle etkinlikler d\u00fczenlenecek - Kuzeyin Sesi<\/title>\n<meta name=\"robots\" content=\"index, follow, max-snippet:-1, max-image-preview:large, max-video-preview:-1\" \/>\n<link rel=\"canonical\" href=\"https:\/\/kuzeyinsesi.org\/index.php\/2024\/05\/06\/12-mayis-dunya-hemsireler-gunu-nedeniyle-etkinlikler-duzenlenecek\/\" \/>\n<meta property=\"og:locale\" content=\"tr_TR\" \/>\n<meta property=\"og:type\" content=\"article\" \/>\n<meta property=\"og:title\" content=\"\u201c12 May\u0131s D\u00fcnya Hem\u015fireler G\u00fcn\u00fc\u201d nedeniyle etkinlikler d\u00fczenlenecek - Kuzeyin Sesi\" \/>\n<meta property=\"og:description\" content=\"K\u0131br\u0131s T\u00fcrk Hem\u015fireler ve Ebeler Sendikas\u0131 ile K\u0131br\u0131s T\u00fcrk Hem\u015fireler ve Ebeler Birli\u011fi taraf\u0131ndan 12 May\u0131s D\u00fcnya Hem\u015fireler G\u00fcn\u00fc nedeniyle etkinlikler d\u00fczenlenecek. Sendika ve Birlik taraf\u0131ndan yap\u0131lan ortak a\u00e7\u0131klamaya g\u00f6re, 12 May\u0131s Pazar g\u00fcn\u00fc 09.00-11.00 saatleri aras\u0131nda Lefko\u015fa Citroen \u0131\u015f\u0131klar\u0131ndan ba\u015flayarak Girne Kap\u0131s\u0131 Atat\u00fcrk b\u00fcst\u00fcnde sonlanacak \u201cHem\u015fireyi Farket\u201d y\u00fcr\u00fcy\u00fc\u015f\u00fc yap\u0131lacak. 13 May\u0131s Pazartesi g\u00fcn\u00fc saat [&hellip;]\" \/>\n<meta property=\"og:url\" content=\"https:\/\/kuzeyinsesi.org\/index.php\/2024\/05\/06\/12-mayis-dunya-hemsireler-gunu-nedeniyle-etkinlikler-duzenlenecek\/\" \/>\n<meta property=\"og:site_name\" content=\"Kuzeyin Sesi\" \/>\n<meta property=\"article:publisher\" content=\"https:\/\/www.facebook.com\/kuzeyinsesii\" \/>\n<meta property=\"article:published_time\" content=\"2024-05-06T10:47:03+00:00\" \/>\n<meta property=\"og:image\" content=\"https:\/\/kuzeyinsesi.org\/wp-content\/uploads\/2024\/05\/HEMSIRELERGUNU-scaled.jpeg\" \/>\n\t<meta property=\"og:image:width\" content=\"1810\" \/>\n\t<meta property=\"og:image:height\" content=\"2560\" \/>\n\t<meta property=\"og:image:type\" content=\"image\/jpeg\" \/>\n<meta name=\"author\" content=\"Kuzeyin Sesi\" \/>\n<meta name=\"twitter:card\" content=\"summary_large_image\" \/>\n<meta name=\"twitter:creator\" content=\"@kuzeyinsesii\" \/>\n<meta name=\"twitter:site\" content=\"@kuzeyinsesii\" \/>\n<meta name=\"twitter:label1\" content=\"Yazan:\" \/>\n\t<meta name=\"twitter:data1\" content=\"Kuzeyin Sesi\" \/>\n\t<meta name=\"twitter:label2\" content=\"Tahmini okuma s\u00fcresi\" \/>\n\t<meta name=\"twitter:data2\" content=\"1 dakika\" \/>\n<script type=\"application\/ld+json\" class=\"yoast-schema-graph\">{\"@context\":\"https:\\\/\\\/schema.org\",\"@graph\":[{\"@type\":\"Article\",\"@id\":\"https:\\\/\\\/kuzeyinsesi.org\\\/index.php\\\/2024\\\/05\\\/06\\\/12-mayis-dunya-hemsireler-gunu-nedeniyle-etkinlikler-duzenlenecek\\\/#article\",\"isPartOf\":{\"@id\":\"https:\\\/\\\/kuzeyinsesi.org\\\/index.php\\\/2024\\\/05\\\/06\\\/12-mayis-dunya-hemsireler-gunu-nedeniyle-etkinlikler-duzenlenecek\\\/\"},\"author\":{\"name\":\"Kuzeyin Sesi\",\"@id\":\"https:\\\/\\\/kuzeyinsesi.org\\\/#\\\/schema\\\/person\\\/9f859689cdf01485597712386e37f5aa\"},\"headline\":\"\u201c12 May\u0131s D\u00fcnya Hem\u015fireler G\u00fcn\u00fc\u201d nedeniyle etkinlikler d\u00fczenlenecek\",\"datePublished\":\"2024-05-06T10:47:03+00:00\",\"mainEntityOfPage\":{\"@id\":\"https:\\\/\\\/kuzeyinsesi.org\\\/index.php\\\/2024\\\/05\\\/06\\\/12-mayis-dunya-hemsireler-gunu-nedeniyle-etkinlikler-duzenlenecek\\\/\"},\"wordCount\":151,\"commentCount\":0,\"image\":{\"@id\":\"https:\\\/\\\/kuzeyinsesi.org\\\/index.php\\\/2024\\\/05\\\/06\\\/12-mayis-dunya-hemsireler-gunu-nedeniyle-etkinlikler-duzenlenecek\\\/#primaryimage\"},\"thumbnailUrl\":\"https:\\\/\\\/kuzeyinsesi.org\\\/wp-content\\\/uploads\\\/2024\\\/05\\\/HEMSIRELERGUNU-scaled.jpeg\",\"articleSection\":[\"K\u0131br\u0131s\"],\"inLanguage\":\"tr\",\"potentialAction\":[{\"@type\":\"CommentAction\",\"name\":\"Comment\",\"target\":[\"https:\\\/\\\/kuzeyinsesi.org\\\/index.php\\\/2024\\\/05\\\/06\\\/12-mayis-dunya-hemsireler-gunu-nedeniyle-etkinlikler-duzenlenecek\\\/#respond\"]}]},{\"@type\":\"WebPage\",\"@id\":\"https:\\\/\\\/kuzeyinsesi.org\\\/index.php\\\/2024\\\/05\\\/06\\\/12-mayis-dunya-hemsireler-gunu-nedeniyle-etkinlikler-duzenlenecek\\\/\",\"url\":\"https:\\\/\\\/kuzeyinsesi.org\\\/index.php\\\/2024\\\/05\\\/06\\\/12-mayis-dunya-hemsireler-gunu-nedeniyle-etkinlikler-duzenlenecek\\\/\",\"name\":\"\u201c12 May\u0131s D\u00fcnya Hem\u015fireler G\u00fcn\u00fc\u201d nedeniyle etkinlikler d\u00fczenlenecek - Kuzeyin Sesi\",\"isPartOf\":{\"@id\":\"https:\\\/\\\/kuzeyinsesi.org\\\/#website\"},\"primaryImageOfPage\":{\"@id\":\"https:\\\/\\\/kuzeyinsesi.org\\\/index.php\\\/2024\\\/05\\\/06\\\/12-mayis-dunya-hemsireler-gunu-nedeniyle-etkinlikler-duzenlenecek\\\/#primaryimage\"},\"image\":{\"@id\":\"https:\\\/\\\/kuzeyinsesi.org\\\/index.php\\\/2024\\\/05\\\/06\\\/12-mayis-dunya-hemsireler-gunu-nedeniyle-etkinlikler-duzenlenecek\\\/#primaryimage\"},\"thumbnailUrl\":\"https:\\\/\\\/kuzeyinsesi.org\\\/wp-content\\\/uploads\\\/2024\\\/05\\\/HEMSIRELERGUNU-scaled.jpeg\",\"datePublished\":\"2024-05-06T10:47:03+00:00\",\"author\":{\"@id\":\"https:\\\/\\\/kuzeyinsesi.org\\\/#\\\/schema\\\/person\\\/9f859689cdf01485597712386e37f5aa\"},\"breadcrumb\":{\"@id\":\"https:\\\/\\\/kuzeyinsesi.org\\\/index.php\\\/2024\\\/05\\\/06\\\/12-mayis-dunya-hemsireler-gunu-nedeniyle-etkinlikler-duzenlenecek\\\/#breadcrumb\"},\"inLanguage\":\"tr\",\"potentialAction\":[{\"@type\":\"ReadAction\",\"target\":[\"https:\\\/\\\/kuzeyinsesi.org\\\/index.php\\\/2024\\\/05\\\/06\\\/12-mayis-dunya-hemsireler-gunu-nedeniyle-etkinlikler-duzenlenecek\\\/\"]}]},{\"@type\":\"ImageObject\",\"inLanguage\":\"tr\",\"@id\":\"https:\\\/\\\/kuzeyinsesi.org\\\/index.php\\\/2024\\\/05\\\/06\\\/12-mayis-dunya-hemsireler-gunu-nedeniyle-etkinlikler-duzenlenecek\\\/#primaryimage\",\"url\":\"https:\\\/\\\/kuzeyinsesi.org\\\/wp-content\\\/uploads\\\/2024\\\/05\\\/HEMSIRELERGUNU-scaled.jpeg\",\"contentUrl\":\"https:\\\/\\\/kuzeyinsesi.org\\\/wp-content\\\/uploads\\\/2024\\\/05\\\/HEMSIRELERGUNU-scaled.jpeg\",\"width\":1810,\"height\":2560},{\"@type\":\"BreadcrumbList\",\"@id\":\"https:\\\/\\\/kuzeyinsesi.org\\\/index.php\\\/2024\\\/05\\\/06\\\/12-mayis-dunya-hemsireler-gunu-nedeniyle-etkinlikler-duzenlenecek\\\/#breadcrumb\",\"itemListElement\":[{\"@type\":\"ListItem\",\"position\":1,\"name\":\"Anasayfa\",\"item\":\"https:\\\/\\\/kuzeyinsesi.org\\\/\"},{\"@type\":\"ListItem\",\"position\":2,\"name\":\"\u201c12 May\u0131s D\u00fcnya Hem\u015fireler G\u00fcn\u00fc\u201d nedeniyle etkinlikler d\u00fczenlenecek\"}]},{\"@type\":\"WebSite\",\"@id\":\"https:\\\/\\\/kuzeyinsesi.org\\\/#website\",\"url\":\"https:\\\/\\\/kuzeyinsesi.org\\\/\",\"name\":\"Kuzeyin Sesi\",\"description\":\"Do\u011fru Haberin Adresi\",\"potentialAction\":[{\"@type\":\"SearchAction\",\"target\":{\"@type\":\"EntryPoint\",\"urlTemplate\":\"https:\\\/\\\/kuzeyinsesi.org\\\/?s={search_term_string}\"},\"query-input\":{\"@type\":\"PropertyValueSpecification\",\"valueRequired\":true,\"valueName\":\"search_term_string\"}}],\"inLanguage\":\"tr\"},{\"@type\":\"Person\",\"@id\":\"https:\\\/\\\/kuzeyinsesi.org\\\/#\\\/schema\\\/person\\\/9f859689cdf01485597712386e37f5aa\",\"name\":\"Kuzeyin Sesi\",\"image\":{\"@type\":\"ImageObject\",\"inLanguage\":\"tr\",\"@id\":\"https:\\\/\\\/secure.gravatar.com\\\/avatar\\\/bab33852abfd8b282518d6ed81826833d77c3c882d9ab608add591ccace47a44?s=96&d=mm&r=g\",\"url\":\"https:\\\/\\\/secure.gravatar.com\\\/avatar\\\/bab33852abfd8b282518d6ed81826833d77c3c882d9ab608add591ccace47a44?s=96&d=mm&r=g\",\"contentUrl\":\"https:\\\/\\\/secure.gravatar.com\\\/avatar\\\/bab33852abfd8b282518d6ed81826833d77c3c882d9ab608add591ccace47a44?s=96&d=mm&r=g\",\"caption\":\"Kuzeyin Sesi\"},\"sameAs\":[\"https:\\\/\\\/kuzeyinsesi.org\"],\"url\":\"https:\\\/\\\/kuzeyinsesi.org\\\/index.php\\\/author\\\/guven\\\/\"}]}<\/script>\n<!-- \/ Yoast SEO plugin. -->","yoast_head_json":{"title":"\u201c12 May\u0131s D\u00fcnya Hem\u015fireler G\u00fcn\u00fc\u201d nedeniyle etkinlikler d\u00fczenlenecek - Kuzeyin Sesi","robots":{"index":"index","follow":"follow","max-snippet":"max-snippet:-1","max-image-preview":"max-image-preview:large","max-video-preview":"max-video-preview:-1"},"canonical":"https:\/\/kuzeyinsesi.org\/index.php\/2024\/05\/06\/12-mayis-dunya-hemsireler-gunu-nedeniyle-etkinlikler-duzenlenecek\/","og_locale":"tr_TR","og_type":"article","og_title":"\u201c12 May\u0131s D\u00fcnya Hem\u015fireler G\u00fcn\u00fc\u201d nedeniyle etkinlikler d\u00fczenlenecek - Kuzeyin Sesi","og_description":"K\u0131br\u0131s T\u00fcrk Hem\u015fireler ve Ebeler Sendikas\u0131 ile K\u0131br\u0131s T\u00fcrk Hem\u015fireler ve Ebeler Birli\u011fi taraf\u0131ndan 12 May\u0131s D\u00fcnya Hem\u015fireler G\u00fcn\u00fc nedeniyle etkinlikler d\u00fczenlenecek. Sendika ve Birlik taraf\u0131ndan yap\u0131lan ortak a\u00e7\u0131klamaya g\u00f6re, 12 May\u0131s Pazar g\u00fcn\u00fc 09.00-11.00 saatleri aras\u0131nda Lefko\u015fa Citroen \u0131\u015f\u0131klar\u0131ndan ba\u015flayarak Girne Kap\u0131s\u0131 Atat\u00fcrk b\u00fcst\u00fcnde sonlanacak \u201cHem\u015fireyi Farket\u201d y\u00fcr\u00fcy\u00fc\u015f\u00fc yap\u0131lacak. 13 May\u0131s Pazartesi g\u00fcn\u00fc saat [&hellip;]","og_url":"https:\/\/kuzeyinsesi.org\/index.php\/2024\/05\/06\/12-mayis-dunya-hemsireler-gunu-nedeniyle-etkinlikler-duzenlenecek\/","og_site_name":"Kuzeyin Sesi","article_publisher":"https:\/\/www.facebook.com\/kuzeyinsesii","article_published_time":"2024-05-06T10:47:03+00:00","og_image":[{"width":1810,"height":2560,"url":"https:\/\/kuzeyinsesi.org\/wp-content\/uploads\/2024\/05\/HEMSIRELERGUNU-scaled.jpeg","type":"image\/jpeg"}],"author":"Kuzeyin Sesi","twitter_card":"summary_large_image","twitter_creator":"@kuzeyinsesii","twitter_site":"@kuzeyinsesii","twitter_misc":{"Yazan:":"Kuzeyin Sesi","Tahmini okuma s\u00fcresi":"1 dakika"},"schema":{"@context":"https:\/\/schema.org","@graph":[{"@type":"Article","@id":"https:\/\/kuzeyinsesi.org\/index.php\/2024\/05\/06\/12-mayis-dunya-hemsireler-gunu-nedeniyle-etkinlikler-duzenlenecek\/#article","isPartOf":{"@id":"https:\/\/kuzeyinsesi.org\/index.php\/2024\/05\/06\/12-mayis-dunya-hemsireler-gunu-nedeniyle-etkinlikler-duzenlenecek\/"},"author":{"name":"Kuzeyin Sesi","@id":"https:\/\/kuzeyinsesi.org\/#\/schema\/person\/9f859689cdf01485597712386e37f5aa"},"headline":"\u201c12 May\u0131s D\u00fcnya Hem\u015fireler G\u00fcn\u00fc\u201d nedeniyle etkinlikler d\u00fczenlenecek","datePublished":"2024-05-06T10:47:03+00:00","mainEntityOfPage":{"@id":"https:\/\/kuzeyinsesi.org\/index.php\/2024\/05\/06\/12-mayis-dunya-hemsireler-gunu-nedeniyle-etkinlikler-duzenlenecek\/"},"wordCount":151,"commentCount":0,"image":{"@id":"https:\/\/kuzeyinsesi.org\/index.php\/2024\/05\/06\/12-mayis-dunya-hemsireler-gunu-nedeniyle-etkinlikler-duzenlenecek\/#primaryimage"},"thumbnailUrl":"https:\/\/kuzeyinsesi.org\/wp-content\/uploads\/2024\/05\/HEMSIRELERGUNU-scaled.jpeg","articleSection":["K\u0131br\u0131s"],"inLanguage":"tr","potentialAction":[{"@type":"CommentAction","name":"Comment","target":["https:\/\/kuzeyinsesi.org\/index.php\/2024\/05\/06\/12-mayis-dunya-hemsireler-gunu-nedeniyle-etkinlikler-duzenlenecek\/#respond"]}]},{"@type":"WebPage","@id":"https:\/\/kuzeyinsesi.org\/index.php\/2024\/05\/06\/12-mayis-dunya-hemsireler-gunu-nedeniyle-etkinlikler-duzenlenecek\/","url":"https:\/\/kuzeyinsesi.org\/index.php\/2024\/05\/06\/12-mayis-dunya-hemsireler-gunu-nedeniyle-etkinlikler-duzenlenecek\/","name":"\u201c12 May\u0131s D\u00fcnya Hem\u015fireler G\u00fcn\u00fc\u201d nedeniyle etkinlikler d\u00fczenlenecek - Kuzeyin Sesi","isPartOf":{"@id":"https:\/\/kuzeyinsesi.org\/#website"},"primaryImageOfPage":{"@id":"https:\/\/kuzeyinsesi.org\/index.php\/2024\/05\/06\/12-mayis-dunya-hemsireler-gunu-nedeniyle-etkinlikler-duzenlenecek\/#primaryimage"},"image":{"@id":"https:\/\/kuzeyinsesi.org\/index.php\/2024\/05\/06\/12-mayis-dunya-hemsireler-gunu-nedeniyle-etkinlikler-duzenlenecek\/#primaryimage"},"thumbnailUrl":"https:\/\/kuzeyinsesi.org\/wp-content\/uploads\/2024\/05\/HEMSIRELERGUNU-scaled.jpeg","datePublished":"2024-05-06T10:47:03+00:00","author":{"@id":"https:\/\/kuzeyinsesi.org\/#\/schema\/person\/9f859689cdf01485597712386e37f5aa"},"breadcrumb":{"@id":"https:\/\/kuzeyinsesi.org\/index.php\/2024\/05\/06\/12-mayis-dunya-hemsireler-gunu-nedeniyle-etkinlikler-duzenlenecek\/#breadcrumb"},"inLanguage":"tr","potentialAction":[{"@type":"ReadAction","target":["https:\/\/kuzeyinsesi.org\/index.php\/2024\/05\/06\/12-mayis-dunya-hemsireler-gunu-nedeniyle-etkinlikler-duzenlenecek\/"]}]},{"@type":"ImageObject","inLanguage":"tr","@id":"https:\/\/kuzeyinsesi.org\/index.php\/2024\/05\/06\/12-mayis-dunya-hemsireler-gunu-nedeniyle-etkinlikler-duzenlenecek\/#primaryimage","url":"https:\/\/kuzeyinsesi.org\/wp-content\/uploads\/2024\/05\/HEMSIRELERGUNU-scaled.jpeg","contentUrl":"https:\/\/kuzeyinsesi.org\/wp-content\/uploads\/2024\/05\/HEMSIRELERGUNU-scaled.jpeg","width":1810,"height":2560},{"@type":"BreadcrumbList","@id":"https:\/\/kuzeyinsesi.org\/index.php\/2024\/05\/06\/12-mayis-dunya-hemsireler-gunu-nedeniyle-etkinlikler-duzenlenecek\/#breadcrumb","itemListElement":[{"@type":"ListItem","position":1,"name":"Anasayfa","item":"https:\/\/kuzeyinsesi.org\/"},{"@type":"ListItem","position":2,"name":"\u201c12 May\u0131s D\u00fcnya Hem\u015fireler G\u00fcn\u00fc\u201d nedeniyle etkinlikler d\u00fczenlenecek"}]},{"@type":"WebSite","@id":"https:\/\/kuzeyinsesi.org\/#website","url":"https:\/\/kuzeyinsesi.org\/","name":"Kuzeyin Sesi","description":"Do\u011fru Haberin Adresi","potentialAction":[{"@type":"SearchAction","target":{"@type":"EntryPoint","urlTemplate":"https:\/\/kuzeyinsesi.org\/?s={search_term_string}"},"query-input":{"@type":"PropertyValueSpecification","valueRequired":true,"valueName":"search_term_string"}}],"inLanguage":"tr"},{"@type":"Person","@id":"https:\/\/kuzeyinsesi.org\/#\/schema\/person\/9f859689cdf01485597712386e37f5aa","name":"Kuzeyin Sesi","image":{"@type":"ImageObject","inLanguage":"tr","@id":"https:\/\/secure.gravatar.com\/avatar\/bab33852abfd8b282518d6ed81826833d77c3c882d9ab608add591ccace47a44?s=96&d=mm&r=g","url":"https:\/\/secure.gravatar.com\/avatar\/bab33852abfd8b282518d6ed81826833d77c3c882d9ab608add591ccace47a44?s=96&d=mm&r=g","contentUrl":"https:\/\/secure.gravatar.com\/avatar\/bab33852abfd8b282518d6ed81826833d77c3c882d9ab608add591ccace47a44?s=96&d=mm&r=g","caption":"Kuzeyin Sesi"},"sameAs":["https:\/\/kuzeyinsesi.org"],"url":"https:\/\/kuzeyinsesi.org\/index.php\/author\/guven\/"}]}},"_links":{"self":[{"href":"https:\/\/kuzeyinsesi.org\/index.php\/wp-json\/wp\/v2\/posts\/1470","targetHints":{"allow":["GET"]}}],"collection":[{"href":"https:\/\/kuzeyinsesi.org\/index.php\/wp-json\/wp\/v2\/posts"}],"about":[{"href":"https:\/\/kuzeyinsesi.org\/index.php\/wp-json\/wp\/v2\/types\/post"}],"author":[{"embeddable":true,"href":"https:\/\/kuzeyinsesi.org\/index.php\/wp-json\/wp\/v2\/users\/1"}],"replies":[{"embeddable":true,"href":"https:\/\/kuzeyinsesi.org\/index.php\/wp-json\/wp\/v2\/comments?post=1470"}],"version-history":[{"count":0,"href":"https:\/\/kuzeyinsesi.org\/index.php\/wp-json\/wp\/v2\/posts\/1470\/revisions"}],"wp:featuredmedia":[{"embeddable":true,"href":"https:\/\/kuzeyinsesi.org\/index.php\/wp-json\/wp\/v2\/media\/1471"}],"wp:attachment":[{"href":"https:\/\/kuzeyinsesi.org\/index.php\/wp-json\/wp\/v2\/media?parent=1470"}],"wp:term":[{"taxonomy":"category","embeddable":true,"href":"https:\/\/kuzeyinsesi.org\/index.php\/wp-json\/wp\/v2\/categories?post=1470"},{"taxonomy":"post_tag","embeddable":true,"href":"https:\/\/kuzeyinsesi.org\/index.php\/wp-json\/wp\/v2\/tags?post=1470"}],"curies":[{"name":"wp","href":"https:\/\/api.w.org\/{rel}","templated":true}]}}