{"id":1466,"date":"2024-05-06T13:35:54","date_gmt":"2024-05-06T10:35:54","guid":{"rendered":"https:\/\/kuzeyinsesi.com\/index.php\/2024\/05\/06\/kstuda-yurutulen-sorusturma-kapsaminda-tutuklu-bulunan-r-s-teminatla-serbest-birakildi\/"},"modified":"2024-05-06T13:35:54","modified_gmt":"2024-05-06T10:35:54","slug":"kstuda-yurutulen-sorusturma-kapsaminda-tutuklu-bulunan-r-s-teminatla-serbest-birakildi","status":"publish","type":"post","link":"https:\/\/kuzeyinsesi.org\/index.php\/2024\/05\/06\/kstuda-yurutulen-sorusturma-kapsaminda-tutuklu-bulunan-r-s-teminatla-serbest-birakildi\/","title":{"rendered":"KSTU\u2019da y\u00fcr\u00fct\u00fclen soru\u015fturma kapsam\u0131nda tutuklu bulunan R.S. teminatla serbest b\u0131rak\u0131ld\u0131"},"content":{"rendered":"<div>\n<div class=\"mariselle-image-container none\">\n                                            <\/div>\n<p>Polis Genel M\u00fcd\u00fcrl\u00fc\u011f\u00fc Mali Su\u00e7larla M\u00fccadele \u015eube Amirli\u011fi taraf\u0131ndan G\u00fczelyurt\u2019ta K\u0131br\u0131s Sa\u011fl\u0131k ve Toplum Bilimleri \u00dcniversitesi\u2019nde (KSTU) y\u00fcr\u00fct\u00fclen\u00a0 soru\u015fturma kapsam\u0131nda tutuklu bulunan \u0130\u00e7i\u015fleri Bakanl\u0131\u011f\u0131\u2019nda ge\u00e7ici memur olarak \u00e7al\u0131\u015fan R.S., bug\u00fcn \u00e7\u0131kar\u0131ld\u0131\u011f\u0131 Lefko\u015fa Kaza Mahkemesi\u2019nde tutuksuz\u00a0 yarg\u0131lanmak \u00fczere teminatla serbest b\u0131rak\u0131ld\u0131.<\/p>\n<p>Lefko\u015fa Kaza Mahkemesi, zanl\u0131 R.S.\u2019nin 50 bin TL nakdi teminat, \u00fc\u00e7 KKTC yurtta\u015f\u0131n\u0131n yedi y\u00fcz elli\u015fer bin TL\u2019lik kefalet senedi imzalamas\u0131, yurt d\u0131\u015f\u0131na \u00e7\u0131k\u0131\u015f yasa\u011f\u0131 ve seyahat belgelerine el konulmas\u0131 ve haftada bir ispat\u0131 v\u00fccut \u015fart\u0131yla tutuksuz yarg\u0131lanmas\u0131na karar verdi.<\/p>\n<p>Mali Su\u00e7larla M\u00fccadele \u015eube Amirli\u011fi taraf\u0131ndan KSTU\u2019da \u201csahte belge d\u00fczenlemeye tahrik etme su\u00e7u\u201d ile ilgili ba\u015flat\u0131lan soru\u015fturma kapsam\u0131nda tutuklanan ve hakk\u0131nda ek tutukluluk emri verilen zanl\u0131 R.S,\u00a0 bug\u00fcn Lefko\u015fa Kaza Mahkemesi\u2019ne \u00e7\u0131kar\u0131ld\u0131.<\/p>\n<p>Yarg\u0131\u00e7 Zehra Yalkut Bilge\u00e7 huzurunda g\u00f6r\u00fclen davada, Polis Memuru Bora \u00c7elebi soru\u015fturmayla ilgili son olgular\u0131 aktard\u0131.<\/p>\n<p>Polis Memuru Bora \u00c7elebi, zanl\u0131 R.S\u2019nin 2023 y\u0131l\u0131 i\u00e7erisinde Lefke, G\u00fczelyurt ve Lefko\u015fa\u2019da meydana gelen \u201csahte belge d\u00fczenlemeye tahrik etme, sahte resmi belgeyi tedav\u00fcle s\u00fcrme ve resmi s\u0131rlar\u0131n if\u015fa edilmesi\u201d su\u00e7lar\u0131ndan methalder oldu\u011funu s\u00f6yledi.<\/p>\n<p>\u00c7elebi, K\u0131br\u0131s Sa\u011fl\u0131k ve Toplum Bilimleri \u00dcniversitesi\u2019nde \u201csahte belge d\u00fczenlemeye tahrik etme su\u00e7u\u201d ile ilgili ba\u015flat\u0131lan soru\u015fturma neticesinde zanl\u0131n\u0131n 25 Nisan\u2019da tutukland\u0131\u011f\u0131n\u0131, ayn\u0131 g\u00fcn Lefko\u015fa Kaza Mahkemesi\u2019nden elde edilen arama emri ile zanl\u0131n\u0131n ikametgah\u0131n\u0131n aran\u0131p i\u00e7erisinde zanl\u0131 ad\u0131na K\u0131br\u0131s Sa\u011fl\u0131k ve Toplum Bilimleri \u00dcniversitesi taraf\u0131ndan d\u00fczenlenmi\u015f \u0130ngilizce \u0130\u015fletme B\u00f6l\u00fcm\u00fc transkripti, ge\u00e7ici mezuniyet belgesi ve bir\u00e7ok gizli ve resmi nitelikte belgeler bulunarak incelenmek \u00fczere emare olarak al\u0131nd\u0131\u011f\u0131n\u0131 belirtti.<\/p>\n<p><strong>-\u201c46 dersin t\u00fcm\u00fcne sahte not giri\u015fi yap\u0131larak mezun edildi\u011fi \u00f6\u011frenildi\u201d<\/strong><\/p>\n<p>\u00c7elebi, \u201czanl\u0131 aleyhinde \u00fcniversiteden temin edilen bilgide, zanl\u0131n\u0131n \u00fcniversite yetkililerini tahriki sonucu sistem \u00fczerinde \u0130ngilizce \u0130\u015fletme B\u00f6l\u00fcm\u00fc\u2019ne ger\u00e7ek kayd\u0131n\u0131n 8 May\u0131s 2023\u2019te yap\u0131lmas\u0131na ra\u011fmen 10 Ekim 2019\u2019da kayd\u0131n\u0131n yap\u0131lm\u0131\u015f gibi sahte kay\u0131t yap\u0131larak, sistem \u00fczerinde toplam 4 y\u0131ll\u0131k e\u011fitim m\u00fcfredat\u0131nda almas\u0131 gereken 46 dersin t\u00fcm\u00fcne 19 Haziran 2023\u2019te 4 y\u0131ll\u0131k \u00f6\u011frenim g\u00f6rm\u00fc\u015f gibi sahte not giri\u015fi yap\u0131larak ayn\u0131 g\u00fcn mezun edildi\u011finin \u00f6\u011frenildi\u011fini\u201d aktard\u0131.<\/p>\n<p>26 Nisan\u2019da zanl\u0131n\u0131n G\u00fczelyurt Kaza Mahkemesi huzuruna \u00e7\u0131kart\u0131larak aleyhinde \u00fc\u00e7 g\u00fcn tutukluluk emri temin edildi\u011fini hat\u0131rlatan \u00c7elebi, ayn\u0131 g\u00fcn yap\u0131lan soru\u015fturmada zanl\u0131n\u0131n konu sahte diploman\u0131n orijinalini Lefke Avrupa \u00dcniversitesi\u2019nde tedav\u00fcle s\u00fcrerek y\u00fcksek lisansa ba\u015fvurup sahte beyanla kay\u0131t temin etti\u011finin tespit edildi\u011fini belirtti.<\/p>\n<p><strong>-\u201cZanl\u0131n\u0131n \u0130\u00e7i\u015fleri Bakanl\u0131\u011f\u0131\u2019na barem art\u0131\u015f\u0131 alabilmek i\u00e7in sahte mezuniyet belgesini ve transkriptini sundu\u011fu tespit edildi\u201d<\/strong><\/p>\n<p>Polis Memuru \u00c7elebi, 29 Nisan\u2019da zanl\u0131n\u0131n Lefko\u015fa Kaza Mahkemesi\u2019ne \u00e7\u0131kar\u0131larak aleyhinde 7 g\u00fcn ek tutukluluk emri verildi\u011fini belirterek, \u201cmesele ile ilgili olarak zanl\u0131n\u0131n \u0130\u00e7i\u015fleri Bakanl\u0131\u011f\u0131\u2019na barem art\u0131\u015f\u0131 alabilmek i\u00e7in KSTU taraf\u0131ndan zanl\u0131 ad\u0131na d\u00fczenlenen sahte \u0130ngilizce \u0130\u015fletme B\u00f6l\u00fcm\u00fc ge\u00e7ici mezuniyet belgesini ve transkriptini sundu\u011funun tespit edildi\u011fini\u201d s\u00f6yledi.<\/p>\n<p>-\u201cZanl\u0131n\u0131n evinde bulunan evraklar\u0131n \u0130\u00e7i\u015fleri Bakanl\u0131\u011f\u0131 ar\u015fivinde tutulmas\u0131 gereken ve bakanl\u0131k b\u00fcnyesi d\u0131\u015far\u0131s\u0131nda \u00e7\u0131kar\u0131lmamas\u0131 gereken belgeler oldu\u011fu \u00f6\u011frenildi\u201d<\/p>\n<p>\u00c7elebi ayr\u0131ca, \u201cmesele ile ilgili olarak \u0130\u00e7i\u015fleri Bakanl\u0131\u011f\u0131 yetkililerinden yap\u0131lan soru\u015fturmada zanl\u0131n\u0131n evinde bulunan s\u00f6z konusu evraklar\u0131n \u0130\u00e7i\u015fleri Bakanl\u0131\u011f\u0131 ar\u015fivinde tutulmas\u0131 gereken ve Bakanl\u0131k b\u00fcnyesi d\u0131\u015far\u0131s\u0131nda \u00e7\u0131kar\u0131lmamas\u0131 gereken belgeler oldu\u011funun \u00f6\u011frenildi\u011fini\u201d s\u00f6yledi.<\/p>\n<p>\u00c7elebi, zanl\u0131n\u0131n KKTC vatanda\u015f\u0131 olup \u0130\u00e7i\u015fleri Bakanl\u0131\u011f\u0131\u2019nda ge\u00e7ici memur olarak \u00e7al\u0131\u015ft\u0131\u011f\u0131n\u0131, zanl\u0131n\u0131n tahkikata etki edebilece\u011fi k\u0131sm\u0131n tamamland\u0131\u011f\u0131ndan zanl\u0131n\u0131n teminatla serbest b\u0131rak\u0131lmas\u0131n\u0131 talep etti.<\/p>\n<p>Savc\u0131 Behrat Mavio\u011flu da,\u00a0 mahkemenin uygun g\u00f6rece\u011fi bir teminata ba\u011flanmas\u0131n\u0131 talep etti.<\/p>\n<p>Yarg\u0131\u00e7 Zehra Yalkut Bilge\u00e7, zanl\u0131 R.S.\u2019nin 50 bin TL nakdi teminat, \u00fc\u00e7 KKTC yurtta\u015f\u0131n\u0131n\u00a0 yedi y\u00fcz elli\u015fer bin TL\u2019lik kefalet senedi imzalamas\u0131, yurt d\u0131\u015f\u0131na \u00e7\u0131k\u0131\u015f yasa\u011f\u0131 ve seyahat belgelerine el konulmas\u0131 ve haftada bir ispat\u0131 v\u00fccut \u015fart\u0131yla tutuksuz yarg\u0131lanmas\u0131na emretti.<\/p>\n<p>TAK<\/p>\n<\/p><\/div>\n<p><script async\n                    defer\n                    crossorigin=\"anonymous\"\n                    src=\"https:\/\/connect.facebook.net\/tr_TR\/sdk.js#xfbml=1&#038;version=v3.3\"\n            ><\/script><\/p>\n","protected":false},"excerpt":{"rendered":"<p>Polis Genel M\u00fcd\u00fcrl\u00fc\u011f\u00fc Mali Su\u00e7larla M\u00fccadele \u015eube Amirli\u011fi taraf\u0131ndan G\u00fczelyurt\u2019ta K\u0131br\u0131s Sa\u011fl\u0131k ve Toplum Bilimleri \u00dcniversitesi\u2019nde (KSTU) y\u00fcr\u00fct\u00fclen\u00a0 soru\u015fturma kapsam\u0131nda tutuklu bulunan \u0130\u00e7i\u015fleri Bakanl\u0131\u011f\u0131\u2019nda ge\u00e7ici memur olarak \u00e7al\u0131\u015fan R.S., bug\u00fcn \u00e7\u0131kar\u0131ld\u0131\u011f\u0131 Lefko\u015fa Kaza Mahkemesi\u2019nde tutuksuz\u00a0 yarg\u0131lanmak \u00fczere teminatla serbest b\u0131rak\u0131ld\u0131. Lefko\u015fa Kaza Mahkemesi, zanl\u0131 R.S.\u2019nin 50 bin TL nakdi teminat, \u00fc\u00e7 KKTC yurtta\u015f\u0131n\u0131n yedi y\u00fcz [&hellip;]<\/p>\n","protected":false},"author":1,"featured_media":1467,"comment_status":"open","ping_status":"open","sticky":false,"template":"","format":"standard","meta":{"jnews-multi-image_gallery":[],"jnews_single_post":[],"jnews_primary_category":[],"jnews_social_meta":[],"jnews_override_counter":[],"footnotes":""},"categories":[1],"tags":[],"class_list":["post-1466","post","type-post","status-publish","format-standard","has-post-thumbnail","hentry","category-kibris"],"yoast_head":"<!-- This site is optimized with the Yoast SEO plugin v27.5 - https:\/\/yoast.com\/product\/yoast-seo-wordpress\/ -->\n<title>KSTU\u2019da y\u00fcr\u00fct\u00fclen soru\u015fturma kapsam\u0131nda tutuklu bulunan R.S. teminatla serbest b\u0131rak\u0131ld\u0131 - Kuzeyin Sesi<\/title>\n<meta name=\"robots\" content=\"index, follow, max-snippet:-1, max-image-preview:large, max-video-preview:-1\" \/>\n<link rel=\"canonical\" href=\"https:\/\/kuzeyinsesi.org\/index.php\/2024\/05\/06\/kstuda-yurutulen-sorusturma-kapsaminda-tutuklu-bulunan-r-s-teminatla-serbest-birakildi\/\" \/>\n<meta property=\"og:locale\" content=\"tr_TR\" \/>\n<meta property=\"og:type\" content=\"article\" \/>\n<meta property=\"og:title\" content=\"KSTU\u2019da y\u00fcr\u00fct\u00fclen soru\u015fturma kapsam\u0131nda tutuklu bulunan R.S. teminatla serbest b\u0131rak\u0131ld\u0131 - Kuzeyin Sesi\" \/>\n<meta property=\"og:description\" content=\"Polis Genel M\u00fcd\u00fcrl\u00fc\u011f\u00fc Mali Su\u00e7larla M\u00fccadele \u015eube Amirli\u011fi taraf\u0131ndan G\u00fczelyurt\u2019ta K\u0131br\u0131s Sa\u011fl\u0131k ve Toplum Bilimleri \u00dcniversitesi\u2019nde (KSTU) y\u00fcr\u00fct\u00fclen\u00a0 soru\u015fturma kapsam\u0131nda tutuklu bulunan \u0130\u00e7i\u015fleri Bakanl\u0131\u011f\u0131\u2019nda ge\u00e7ici memur olarak \u00e7al\u0131\u015fan R.S., bug\u00fcn \u00e7\u0131kar\u0131ld\u0131\u011f\u0131 Lefko\u015fa Kaza Mahkemesi\u2019nde tutuksuz\u00a0 yarg\u0131lanmak \u00fczere teminatla serbest b\u0131rak\u0131ld\u0131. Lefko\u015fa Kaza Mahkemesi, zanl\u0131 R.S.\u2019nin 50 bin TL nakdi teminat, \u00fc\u00e7 KKTC yurtta\u015f\u0131n\u0131n yedi y\u00fcz [&hellip;]\" \/>\n<meta property=\"og:url\" content=\"https:\/\/kuzeyinsesi.org\/index.php\/2024\/05\/06\/kstuda-yurutulen-sorusturma-kapsaminda-tutuklu-bulunan-r-s-teminatla-serbest-birakildi\/\" \/>\n<meta property=\"og:site_name\" content=\"Kuzeyin Sesi\" \/>\n<meta property=\"article:publisher\" content=\"https:\/\/www.facebook.com\/kuzeyinsesii\" \/>\n<meta property=\"article:published_time\" content=\"2024-05-06T10:35:54+00:00\" \/>\n<meta property=\"og:image\" content=\"https:\/\/kuzeyinsesi.org\/wp-content\/uploads\/2024\/05\/lefkosa-mahkemesi111.jpg\" \/>\n\t<meta property=\"og:image:width\" content=\"1600\" \/>\n\t<meta property=\"og:image:height\" content=\"1068\" \/>\n\t<meta property=\"og:image:type\" content=\"image\/jpeg\" \/>\n<meta name=\"author\" content=\"Kuzeyin Sesi\" \/>\n<meta name=\"twitter:card\" content=\"summary_large_image\" \/>\n<meta name=\"twitter:creator\" content=\"@kuzeyinsesii\" \/>\n<meta name=\"twitter:site\" content=\"@kuzeyinsesii\" \/>\n<meta name=\"twitter:label1\" content=\"Yazan:\" \/>\n\t<meta name=\"twitter:data1\" content=\"Kuzeyin Sesi\" \/>\n\t<meta name=\"twitter:label2\" content=\"Tahmini okuma s\u00fcresi\" \/>\n\t<meta name=\"twitter:data2\" content=\"4 dakika\" \/>\n<script type=\"application\/ld+json\" class=\"yoast-schema-graph\">{\"@context\":\"https:\\\/\\\/schema.org\",\"@graph\":[{\"@type\":\"Article\",\"@id\":\"https:\\\/\\\/kuzeyinsesi.org\\\/index.php\\\/2024\\\/05\\\/06\\\/kstuda-yurutulen-sorusturma-kapsaminda-tutuklu-bulunan-r-s-teminatla-serbest-birakildi\\\/#article\",\"isPartOf\":{\"@id\":\"https:\\\/\\\/kuzeyinsesi.org\\\/index.php\\\/2024\\\/05\\\/06\\\/kstuda-yurutulen-sorusturma-kapsaminda-tutuklu-bulunan-r-s-teminatla-serbest-birakildi\\\/\"},\"author\":{\"name\":\"Kuzeyin Sesi\",\"@id\":\"https:\\\/\\\/kuzeyinsesi.org\\\/#\\\/schema\\\/person\\\/9f859689cdf01485597712386e37f5aa\"},\"headline\":\"KSTU\u2019da y\u00fcr\u00fct\u00fclen soru\u015fturma kapsam\u0131nda tutuklu bulunan R.S. teminatla serbest b\u0131rak\u0131ld\u0131\",\"datePublished\":\"2024-05-06T10:35:54+00:00\",\"mainEntityOfPage\":{\"@id\":\"https:\\\/\\\/kuzeyinsesi.org\\\/index.php\\\/2024\\\/05\\\/06\\\/kstuda-yurutulen-sorusturma-kapsaminda-tutuklu-bulunan-r-s-teminatla-serbest-birakildi\\\/\"},\"wordCount\":806,\"commentCount\":0,\"image\":{\"@id\":\"https:\\\/\\\/kuzeyinsesi.org\\\/index.php\\\/2024\\\/05\\\/06\\\/kstuda-yurutulen-sorusturma-kapsaminda-tutuklu-bulunan-r-s-teminatla-serbest-birakildi\\\/#primaryimage\"},\"thumbnailUrl\":\"https:\\\/\\\/kuzeyinsesi.org\\\/wp-content\\\/uploads\\\/2024\\\/05\\\/lefkosa-mahkemesi111.jpg\",\"articleSection\":[\"K\u0131br\u0131s\"],\"inLanguage\":\"tr\",\"potentialAction\":[{\"@type\":\"CommentAction\",\"name\":\"Comment\",\"target\":[\"https:\\\/\\\/kuzeyinsesi.org\\\/index.php\\\/2024\\\/05\\\/06\\\/kstuda-yurutulen-sorusturma-kapsaminda-tutuklu-bulunan-r-s-teminatla-serbest-birakildi\\\/#respond\"]}]},{\"@type\":\"WebPage\",\"@id\":\"https:\\\/\\\/kuzeyinsesi.org\\\/index.php\\\/2024\\\/05\\\/06\\\/kstuda-yurutulen-sorusturma-kapsaminda-tutuklu-bulunan-r-s-teminatla-serbest-birakildi\\\/\",\"url\":\"https:\\\/\\\/kuzeyinsesi.org\\\/index.php\\\/2024\\\/05\\\/06\\\/kstuda-yurutulen-sorusturma-kapsaminda-tutuklu-bulunan-r-s-teminatla-serbest-birakildi\\\/\",\"name\":\"KSTU\u2019da y\u00fcr\u00fct\u00fclen soru\u015fturma kapsam\u0131nda tutuklu bulunan R.S. teminatla serbest b\u0131rak\u0131ld\u0131 - Kuzeyin Sesi\",\"isPartOf\":{\"@id\":\"https:\\\/\\\/kuzeyinsesi.org\\\/#website\"},\"primaryImageOfPage\":{\"@id\":\"https:\\\/\\\/kuzeyinsesi.org\\\/index.php\\\/2024\\\/05\\\/06\\\/kstuda-yurutulen-sorusturma-kapsaminda-tutuklu-bulunan-r-s-teminatla-serbest-birakildi\\\/#primaryimage\"},\"image\":{\"@id\":\"https:\\\/\\\/kuzeyinsesi.org\\\/index.php\\\/2024\\\/05\\\/06\\\/kstuda-yurutulen-sorusturma-kapsaminda-tutuklu-bulunan-r-s-teminatla-serbest-birakildi\\\/#primaryimage\"},\"thumbnailUrl\":\"https:\\\/\\\/kuzeyinsesi.org\\\/wp-content\\\/uploads\\\/2024\\\/05\\\/lefkosa-mahkemesi111.jpg\",\"datePublished\":\"2024-05-06T10:35:54+00:00\",\"author\":{\"@id\":\"https:\\\/\\\/kuzeyinsesi.org\\\/#\\\/schema\\\/person\\\/9f859689cdf01485597712386e37f5aa\"},\"breadcrumb\":{\"@id\":\"https:\\\/\\\/kuzeyinsesi.org\\\/index.php\\\/2024\\\/05\\\/06\\\/kstuda-yurutulen-sorusturma-kapsaminda-tutuklu-bulunan-r-s-teminatla-serbest-birakildi\\\/#breadcrumb\"},\"inLanguage\":\"tr\",\"potentialAction\":[{\"@type\":\"ReadAction\",\"target\":[\"https:\\\/\\\/kuzeyinsesi.org\\\/index.php\\\/2024\\\/05\\\/06\\\/kstuda-yurutulen-sorusturma-kapsaminda-tutuklu-bulunan-r-s-teminatla-serbest-birakildi\\\/\"]}]},{\"@type\":\"ImageObject\",\"inLanguage\":\"tr\",\"@id\":\"https:\\\/\\\/kuzeyinsesi.org\\\/index.php\\\/2024\\\/05\\\/06\\\/kstuda-yurutulen-sorusturma-kapsaminda-tutuklu-bulunan-r-s-teminatla-serbest-birakildi\\\/#primaryimage\",\"url\":\"https:\\\/\\\/kuzeyinsesi.org\\\/wp-content\\\/uploads\\\/2024\\\/05\\\/lefkosa-mahkemesi111.jpg\",\"contentUrl\":\"https:\\\/\\\/kuzeyinsesi.org\\\/wp-content\\\/uploads\\\/2024\\\/05\\\/lefkosa-mahkemesi111.jpg\",\"width\":1600,\"height\":1068},{\"@type\":\"BreadcrumbList\",\"@id\":\"https:\\\/\\\/kuzeyinsesi.org\\\/index.php\\\/2024\\\/05\\\/06\\\/kstuda-yurutulen-sorusturma-kapsaminda-tutuklu-bulunan-r-s-teminatla-serbest-birakildi\\\/#breadcrumb\",\"itemListElement\":[{\"@type\":\"ListItem\",\"position\":1,\"name\":\"Anasayfa\",\"item\":\"https:\\\/\\\/kuzeyinsesi.org\\\/\"},{\"@type\":\"ListItem\",\"position\":2,\"name\":\"KSTU\u2019da y\u00fcr\u00fct\u00fclen soru\u015fturma kapsam\u0131nda tutuklu bulunan R.S. teminatla serbest b\u0131rak\u0131ld\u0131\"}]},{\"@type\":\"WebSite\",\"@id\":\"https:\\\/\\\/kuzeyinsesi.org\\\/#website\",\"url\":\"https:\\\/\\\/kuzeyinsesi.org\\\/\",\"name\":\"Kuzeyin Sesi\",\"description\":\"Do\u011fru Haberin Adresi\",\"potentialAction\":[{\"@type\":\"SearchAction\",\"target\":{\"@type\":\"EntryPoint\",\"urlTemplate\":\"https:\\\/\\\/kuzeyinsesi.org\\\/?s={search_term_string}\"},\"query-input\":{\"@type\":\"PropertyValueSpecification\",\"valueRequired\":true,\"valueName\":\"search_term_string\"}}],\"inLanguage\":\"tr\"},{\"@type\":\"Person\",\"@id\":\"https:\\\/\\\/kuzeyinsesi.org\\\/#\\\/schema\\\/person\\\/9f859689cdf01485597712386e37f5aa\",\"name\":\"Kuzeyin Sesi\",\"image\":{\"@type\":\"ImageObject\",\"inLanguage\":\"tr\",\"@id\":\"https:\\\/\\\/secure.gravatar.com\\\/avatar\\\/bab33852abfd8b282518d6ed81826833d77c3c882d9ab608add591ccace47a44?s=96&d=mm&r=g\",\"url\":\"https:\\\/\\\/secure.gravatar.com\\\/avatar\\\/bab33852abfd8b282518d6ed81826833d77c3c882d9ab608add591ccace47a44?s=96&d=mm&r=g\",\"contentUrl\":\"https:\\\/\\\/secure.gravatar.com\\\/avatar\\\/bab33852abfd8b282518d6ed81826833d77c3c882d9ab608add591ccace47a44?s=96&d=mm&r=g\",\"caption\":\"Kuzeyin Sesi\"},\"sameAs\":[\"https:\\\/\\\/kuzeyinsesi.org\"],\"url\":\"https:\\\/\\\/kuzeyinsesi.org\\\/index.php\\\/author\\\/guven\\\/\"}]}<\/script>\n<!-- \/ Yoast SEO plugin. -->","yoast_head_json":{"title":"KSTU\u2019da y\u00fcr\u00fct\u00fclen soru\u015fturma kapsam\u0131nda tutuklu bulunan R.S. teminatla serbest b\u0131rak\u0131ld\u0131 - Kuzeyin Sesi","robots":{"index":"index","follow":"follow","max-snippet":"max-snippet:-1","max-image-preview":"max-image-preview:large","max-video-preview":"max-video-preview:-1"},"canonical":"https:\/\/kuzeyinsesi.org\/index.php\/2024\/05\/06\/kstuda-yurutulen-sorusturma-kapsaminda-tutuklu-bulunan-r-s-teminatla-serbest-birakildi\/","og_locale":"tr_TR","og_type":"article","og_title":"KSTU\u2019da y\u00fcr\u00fct\u00fclen soru\u015fturma kapsam\u0131nda tutuklu bulunan R.S. teminatla serbest b\u0131rak\u0131ld\u0131 - Kuzeyin Sesi","og_description":"Polis Genel M\u00fcd\u00fcrl\u00fc\u011f\u00fc Mali Su\u00e7larla M\u00fccadele \u015eube Amirli\u011fi taraf\u0131ndan G\u00fczelyurt\u2019ta K\u0131br\u0131s Sa\u011fl\u0131k ve Toplum Bilimleri \u00dcniversitesi\u2019nde (KSTU) y\u00fcr\u00fct\u00fclen\u00a0 soru\u015fturma kapsam\u0131nda tutuklu bulunan \u0130\u00e7i\u015fleri Bakanl\u0131\u011f\u0131\u2019nda ge\u00e7ici memur olarak \u00e7al\u0131\u015fan R.S., bug\u00fcn \u00e7\u0131kar\u0131ld\u0131\u011f\u0131 Lefko\u015fa Kaza Mahkemesi\u2019nde tutuksuz\u00a0 yarg\u0131lanmak \u00fczere teminatla serbest b\u0131rak\u0131ld\u0131. Lefko\u015fa Kaza Mahkemesi, zanl\u0131 R.S.\u2019nin 50 bin TL nakdi teminat, \u00fc\u00e7 KKTC yurtta\u015f\u0131n\u0131n yedi y\u00fcz [&hellip;]","og_url":"https:\/\/kuzeyinsesi.org\/index.php\/2024\/05\/06\/kstuda-yurutulen-sorusturma-kapsaminda-tutuklu-bulunan-r-s-teminatla-serbest-birakildi\/","og_site_name":"Kuzeyin Sesi","article_publisher":"https:\/\/www.facebook.com\/kuzeyinsesii","article_published_time":"2024-05-06T10:35:54+00:00","og_image":[{"width":1600,"height":1068,"url":"https:\/\/kuzeyinsesi.org\/wp-content\/uploads\/2024\/05\/lefkosa-mahkemesi111.jpg","type":"image\/jpeg"}],"author":"Kuzeyin Sesi","twitter_card":"summary_large_image","twitter_creator":"@kuzeyinsesii","twitter_site":"@kuzeyinsesii","twitter_misc":{"Yazan:":"Kuzeyin Sesi","Tahmini okuma s\u00fcresi":"4 dakika"},"schema":{"@context":"https:\/\/schema.org","@graph":[{"@type":"Article","@id":"https:\/\/kuzeyinsesi.org\/index.php\/2024\/05\/06\/kstuda-yurutulen-sorusturma-kapsaminda-tutuklu-bulunan-r-s-teminatla-serbest-birakildi\/#article","isPartOf":{"@id":"https:\/\/kuzeyinsesi.org\/index.php\/2024\/05\/06\/kstuda-yurutulen-sorusturma-kapsaminda-tutuklu-bulunan-r-s-teminatla-serbest-birakildi\/"},"author":{"name":"Kuzeyin Sesi","@id":"https:\/\/kuzeyinsesi.org\/#\/schema\/person\/9f859689cdf01485597712386e37f5aa"},"headline":"KSTU\u2019da y\u00fcr\u00fct\u00fclen soru\u015fturma kapsam\u0131nda tutuklu bulunan R.S. teminatla serbest b\u0131rak\u0131ld\u0131","datePublished":"2024-05-06T10:35:54+00:00","mainEntityOfPage":{"@id":"https:\/\/kuzeyinsesi.org\/index.php\/2024\/05\/06\/kstuda-yurutulen-sorusturma-kapsaminda-tutuklu-bulunan-r-s-teminatla-serbest-birakildi\/"},"wordCount":806,"commentCount":0,"image":{"@id":"https:\/\/kuzeyinsesi.org\/index.php\/2024\/05\/06\/kstuda-yurutulen-sorusturma-kapsaminda-tutuklu-bulunan-r-s-teminatla-serbest-birakildi\/#primaryimage"},"thumbnailUrl":"https:\/\/kuzeyinsesi.org\/wp-content\/uploads\/2024\/05\/lefkosa-mahkemesi111.jpg","articleSection":["K\u0131br\u0131s"],"inLanguage":"tr","potentialAction":[{"@type":"CommentAction","name":"Comment","target":["https:\/\/kuzeyinsesi.org\/index.php\/2024\/05\/06\/kstuda-yurutulen-sorusturma-kapsaminda-tutuklu-bulunan-r-s-teminatla-serbest-birakildi\/#respond"]}]},{"@type":"WebPage","@id":"https:\/\/kuzeyinsesi.org\/index.php\/2024\/05\/06\/kstuda-yurutulen-sorusturma-kapsaminda-tutuklu-bulunan-r-s-teminatla-serbest-birakildi\/","url":"https:\/\/kuzeyinsesi.org\/index.php\/2024\/05\/06\/kstuda-yurutulen-sorusturma-kapsaminda-tutuklu-bulunan-r-s-teminatla-serbest-birakildi\/","name":"KSTU\u2019da y\u00fcr\u00fct\u00fclen soru\u015fturma kapsam\u0131nda tutuklu bulunan R.S. teminatla serbest b\u0131rak\u0131ld\u0131 - Kuzeyin Sesi","isPartOf":{"@id":"https:\/\/kuzeyinsesi.org\/#website"},"primaryImageOfPage":{"@id":"https:\/\/kuzeyinsesi.org\/index.php\/2024\/05\/06\/kstuda-yurutulen-sorusturma-kapsaminda-tutuklu-bulunan-r-s-teminatla-serbest-birakildi\/#primaryimage"},"image":{"@id":"https:\/\/kuzeyinsesi.org\/index.php\/2024\/05\/06\/kstuda-yurutulen-sorusturma-kapsaminda-tutuklu-bulunan-r-s-teminatla-serbest-birakildi\/#primaryimage"},"thumbnailUrl":"https:\/\/kuzeyinsesi.org\/wp-content\/uploads\/2024\/05\/lefkosa-mahkemesi111.jpg","datePublished":"2024-05-06T10:35:54+00:00","author":{"@id":"https:\/\/kuzeyinsesi.org\/#\/schema\/person\/9f859689cdf01485597712386e37f5aa"},"breadcrumb":{"@id":"https:\/\/kuzeyinsesi.org\/index.php\/2024\/05\/06\/kstuda-yurutulen-sorusturma-kapsaminda-tutuklu-bulunan-r-s-teminatla-serbest-birakildi\/#breadcrumb"},"inLanguage":"tr","potentialAction":[{"@type":"ReadAction","target":["https:\/\/kuzeyinsesi.org\/index.php\/2024\/05\/06\/kstuda-yurutulen-sorusturma-kapsaminda-tutuklu-bulunan-r-s-teminatla-serbest-birakildi\/"]}]},{"@type":"ImageObject","inLanguage":"tr","@id":"https:\/\/kuzeyinsesi.org\/index.php\/2024\/05\/06\/kstuda-yurutulen-sorusturma-kapsaminda-tutuklu-bulunan-r-s-teminatla-serbest-birakildi\/#primaryimage","url":"https:\/\/kuzeyinsesi.org\/wp-content\/uploads\/2024\/05\/lefkosa-mahkemesi111.jpg","contentUrl":"https:\/\/kuzeyinsesi.org\/wp-content\/uploads\/2024\/05\/lefkosa-mahkemesi111.jpg","width":1600,"height":1068},{"@type":"BreadcrumbList","@id":"https:\/\/kuzeyinsesi.org\/index.php\/2024\/05\/06\/kstuda-yurutulen-sorusturma-kapsaminda-tutuklu-bulunan-r-s-teminatla-serbest-birakildi\/#breadcrumb","itemListElement":[{"@type":"ListItem","position":1,"name":"Anasayfa","item":"https:\/\/kuzeyinsesi.org\/"},{"@type":"ListItem","position":2,"name":"KSTU\u2019da y\u00fcr\u00fct\u00fclen soru\u015fturma kapsam\u0131nda tutuklu bulunan R.S. teminatla serbest b\u0131rak\u0131ld\u0131"}]},{"@type":"WebSite","@id":"https:\/\/kuzeyinsesi.org\/#website","url":"https:\/\/kuzeyinsesi.org\/","name":"Kuzeyin Sesi","description":"Do\u011fru Haberin Adresi","potentialAction":[{"@type":"SearchAction","target":{"@type":"EntryPoint","urlTemplate":"https:\/\/kuzeyinsesi.org\/?s={search_term_string}"},"query-input":{"@type":"PropertyValueSpecification","valueRequired":true,"valueName":"search_term_string"}}],"inLanguage":"tr"},{"@type":"Person","@id":"https:\/\/kuzeyinsesi.org\/#\/schema\/person\/9f859689cdf01485597712386e37f5aa","name":"Kuzeyin Sesi","image":{"@type":"ImageObject","inLanguage":"tr","@id":"https:\/\/secure.gravatar.com\/avatar\/bab33852abfd8b282518d6ed81826833d77c3c882d9ab608add591ccace47a44?s=96&d=mm&r=g","url":"https:\/\/secure.gravatar.com\/avatar\/bab33852abfd8b282518d6ed81826833d77c3c882d9ab608add591ccace47a44?s=96&d=mm&r=g","contentUrl":"https:\/\/secure.gravatar.com\/avatar\/bab33852abfd8b282518d6ed81826833d77c3c882d9ab608add591ccace47a44?s=96&d=mm&r=g","caption":"Kuzeyin Sesi"},"sameAs":["https:\/\/kuzeyinsesi.org"],"url":"https:\/\/kuzeyinsesi.org\/index.php\/author\/guven\/"}]}},"_links":{"self":[{"href":"https:\/\/kuzeyinsesi.org\/index.php\/wp-json\/wp\/v2\/posts\/1466","targetHints":{"allow":["GET"]}}],"collection":[{"href":"https:\/\/kuzeyinsesi.org\/index.php\/wp-json\/wp\/v2\/posts"}],"about":[{"href":"https:\/\/kuzeyinsesi.org\/index.php\/wp-json\/wp\/v2\/types\/post"}],"author":[{"embeddable":true,"href":"https:\/\/kuzeyinsesi.org\/index.php\/wp-json\/wp\/v2\/users\/1"}],"replies":[{"embeddable":true,"href":"https:\/\/kuzeyinsesi.org\/index.php\/wp-json\/wp\/v2\/comments?post=1466"}],"version-history":[{"count":0,"href":"https:\/\/kuzeyinsesi.org\/index.php\/wp-json\/wp\/v2\/posts\/1466\/revisions"}],"wp:featuredmedia":[{"embeddable":true,"href":"https:\/\/kuzeyinsesi.org\/index.php\/wp-json\/wp\/v2\/media\/1467"}],"wp:attachment":[{"href":"https:\/\/kuzeyinsesi.org\/index.php\/wp-json\/wp\/v2\/media?parent=1466"}],"wp:term":[{"taxonomy":"category","embeddable":true,"href":"https:\/\/kuzeyinsesi.org\/index.php\/wp-json\/wp\/v2\/categories?post=1466"},{"taxonomy":"post_tag","embeddable":true,"href":"https:\/\/kuzeyinsesi.org\/index.php\/wp-json\/wp\/v2\/tags?post=1466"}],"curies":[{"name":"wp","href":"https:\/\/api.w.org\/{rel}","templated":true}]}}