{"id":14636,"date":"2024-11-29T22:41:13","date_gmt":"2024-11-29T20:41:13","guid":{"rendered":"https:\/\/kuzeyinsesi.org\/index.php\/2024\/11\/29\/hasder-halkbilimi-sempozyumu-duzenliyor\/"},"modified":"2024-11-29T22:41:13","modified_gmt":"2024-11-29T20:41:13","slug":"hasder-halkbilimi-sempozyumu-duzenliyor","status":"publish","type":"post","link":"https:\/\/kuzeyinsesi.org\/index.php\/2024\/11\/29\/hasder-halkbilimi-sempozyumu-duzenliyor\/","title":{"rendered":"HASDER Halkbilimi Sempozyumu d\u00fczenliyor"},"content":{"rendered":"<div>\n<div class=\"mariselle-image-container none\">\n                                            <\/div>\n<p>Halk Sanatlar\u0131 Vakf\u0131 (HASDER), 3 Aral\u0131k Sal\u0131 g\u00fcn\u00fc\u00a0 Halkbilimi Sempozyumu\u2019nun 37\u2019ncisini d\u00fczenliyor.<\/p>\n<p>HASDER\u2019den yap\u0131lan duyuruda, sempozyumun K\u0131br\u0131s T\u00fcrk k\u00fclt\u00fcr\u00fcn\u00fcn derlenmesi, kay\u0131t alt\u0131na al\u0131nmas\u0131 ve gelecek nesillere aktar\u0131lmas\u0131nda \u00f6nemli bir yere sahip oldu\u011fu ve K\u0131br\u0131sl\u0131 T\u00fcrklerin halkbilimi alan\u0131nda d\u00fczenledi\u011fi ilk sempozyum oldu\u011fu kaydedildi.<\/p>\n<p>Sempozyumun pek \u00e7ok bilim insan\u0131, ara\u015ft\u0131rmac\u0131 ve sanat\u00e7\u0131ya bulgular\u0131n\u0131 ve fikirlerini payla\u015fmas\u0131nda \u00f6nemli bir olanak tan\u0131d\u0131\u011f\u0131 belirtildi.<\/p>\n<p>LTB, Merkez Lefko\u015fa Konferans Salonu\u2019nda saat 19.00\u2019da ba\u015flayacak sempozyumda bildiri sunacak olanlar \u015funlar: \u201cAv. Ahmet Said SAYIN \u201cGirne\u2019li Bir K\u00fbva-yi Milliyeci, Mehmet Sami Mustafa\u201d; Dr. Bekir AZGIN \u201cK\u0131br\u0131s\u2019ta Ortak Kullan\u0131lan Kelimelerden Bir Kesit\u201d; Ahmet ERDENG\u0130Z \u201cK\u0131br\u0131s T\u00fcrklerinin K\u00f6keni. K\u00fclt\u00fcrel Miras. (3. B\u00f6l\u00fcm)\u201d; Dr. Ahmet KARAHAN \u201cSay\u0131lar\u0131n\u0131 Kaybeden K\u0131br\u0131s T\u00fcrk Toplumu\u201d; Prof. Dr. \u015eevket \u00d6ZNUR, \u201cK\u0131br\u0131s T\u00fcrk ve Rumca S\u00f6ylencelerinde Ortak Benzerlikler\u201d.<\/p>\n<\/p><\/div>\n<p><script async\n                    defer\n                    crossorigin=\"anonymous\"\n                    src=\"https:\/\/connect.facebook.net\/tr_TR\/sdk.js#xfbml=1&#038;version=v3.3\"\n            ><\/script><\/p>\n","protected":false},"excerpt":{"rendered":"<p>Halk Sanatlar\u0131 Vakf\u0131 (HASDER), 3 Aral\u0131k Sal\u0131 g\u00fcn\u00fc\u00a0 Halkbilimi Sempozyumu\u2019nun 37\u2019ncisini d\u00fczenliyor. HASDER\u2019den yap\u0131lan duyuruda, sempozyumun K\u0131br\u0131s T\u00fcrk k\u00fclt\u00fcr\u00fcn\u00fcn derlenmesi, kay\u0131t alt\u0131na al\u0131nmas\u0131 ve gelecek nesillere aktar\u0131lmas\u0131nda \u00f6nemli bir yere sahip oldu\u011fu ve K\u0131br\u0131sl\u0131 T\u00fcrklerin halkbilimi alan\u0131nda d\u00fczenledi\u011fi ilk sempozyum oldu\u011fu kaydedildi. Sempozyumun pek \u00e7ok bilim insan\u0131, ara\u015ft\u0131rmac\u0131 ve sanat\u00e7\u0131ya bulgular\u0131n\u0131 ve fikirlerini payla\u015fmas\u0131nda \u00f6nemli [&hellip;]<\/p>\n","protected":false},"author":1,"featured_media":14637,"comment_status":"open","ping_status":"open","sticky":false,"template":"","format":"standard","meta":{"jnews-multi-image_gallery":[],"jnews_single_post":[],"jnews_primary_category":[],"jnews_social_meta":[],"jnews_override_counter":[],"footnotes":""},"categories":[6],"tags":[],"class_list":["post-14636","post","type-post","status-publish","format-standard","has-post-thumbnail","hentry","category-yasam"],"yoast_head":"<!-- This site is optimized with the Yoast SEO plugin v27.4 - https:\/\/yoast.com\/product\/yoast-seo-wordpress\/ -->\n<title>HASDER Halkbilimi Sempozyumu d\u00fczenliyor - Kuzeyin Sesi<\/title>\n<meta name=\"robots\" content=\"index, follow, max-snippet:-1, max-image-preview:large, max-video-preview:-1\" \/>\n<link rel=\"canonical\" href=\"https:\/\/kuzeyinsesi.org\/index.php\/2024\/11\/29\/hasder-halkbilimi-sempozyumu-duzenliyor\/\" \/>\n<meta property=\"og:locale\" content=\"tr_TR\" \/>\n<meta property=\"og:type\" content=\"article\" \/>\n<meta property=\"og:title\" content=\"HASDER Halkbilimi Sempozyumu d\u00fczenliyor - Kuzeyin Sesi\" \/>\n<meta property=\"og:description\" content=\"Halk Sanatlar\u0131 Vakf\u0131 (HASDER), 3 Aral\u0131k Sal\u0131 g\u00fcn\u00fc\u00a0 Halkbilimi Sempozyumu\u2019nun 37\u2019ncisini d\u00fczenliyor. HASDER\u2019den yap\u0131lan duyuruda, sempozyumun K\u0131br\u0131s T\u00fcrk k\u00fclt\u00fcr\u00fcn\u00fcn derlenmesi, kay\u0131t alt\u0131na al\u0131nmas\u0131 ve gelecek nesillere aktar\u0131lmas\u0131nda \u00f6nemli bir yere sahip oldu\u011fu ve K\u0131br\u0131sl\u0131 T\u00fcrklerin halkbilimi alan\u0131nda d\u00fczenledi\u011fi ilk sempozyum oldu\u011fu kaydedildi. Sempozyumun pek \u00e7ok bilim insan\u0131, ara\u015ft\u0131rmac\u0131 ve sanat\u00e7\u0131ya bulgular\u0131n\u0131 ve fikirlerini payla\u015fmas\u0131nda \u00f6nemli [&hellip;]\" \/>\n<meta property=\"og:url\" content=\"https:\/\/kuzeyinsesi.org\/index.php\/2024\/11\/29\/hasder-halkbilimi-sempozyumu-duzenliyor\/\" \/>\n<meta property=\"og:site_name\" content=\"Kuzeyin Sesi\" \/>\n<meta property=\"article:publisher\" content=\"https:\/\/www.facebook.com\/kuzeyinsesii\" \/>\n<meta property=\"article:published_time\" content=\"2024-11-29T20:41:13+00:00\" \/>\n<meta property=\"og:image\" content=\"https:\/\/brtk.net\/wp-content\/uploads\/2024\/11\/29\/hasder-sempozyum--scaled.jpg?ver=3238c3a6fdca146ff12b7b3c58b9b94f\" \/>\n<meta name=\"author\" content=\"Kuzeyin Sesi\" \/>\n<meta name=\"twitter:card\" content=\"summary_large_image\" \/>\n<meta name=\"twitter:creator\" content=\"@kuzeyinsesii\" \/>\n<meta name=\"twitter:site\" content=\"@kuzeyinsesii\" \/>\n<meta name=\"twitter:label1\" content=\"Yazan:\" \/>\n\t<meta name=\"twitter:data1\" content=\"Kuzeyin Sesi\" \/>\n\t<meta name=\"twitter:label2\" content=\"Tahmini okuma s\u00fcresi\" \/>\n\t<meta name=\"twitter:data2\" content=\"1 dakika\" \/>\n<script type=\"application\/ld+json\" class=\"yoast-schema-graph\">{\"@context\":\"https:\\\/\\\/schema.org\",\"@graph\":[{\"@type\":\"Article\",\"@id\":\"https:\\\/\\\/kuzeyinsesi.org\\\/index.php\\\/2024\\\/11\\\/29\\\/hasder-halkbilimi-sempozyumu-duzenliyor\\\/#article\",\"isPartOf\":{\"@id\":\"https:\\\/\\\/kuzeyinsesi.org\\\/index.php\\\/2024\\\/11\\\/29\\\/hasder-halkbilimi-sempozyumu-duzenliyor\\\/\"},\"author\":{\"name\":\"Kuzeyin Sesi\",\"@id\":\"https:\\\/\\\/kuzeyinsesi.org\\\/#\\\/schema\\\/person\\\/9f859689cdf01485597712386e37f5aa\"},\"headline\":\"HASDER Halkbilimi Sempozyumu d\u00fczenliyor\",\"datePublished\":\"2024-11-29T20:41:13+00:00\",\"mainEntityOfPage\":{\"@id\":\"https:\\\/\\\/kuzeyinsesi.org\\\/index.php\\\/2024\\\/11\\\/29\\\/hasder-halkbilimi-sempozyumu-duzenliyor\\\/\"},\"wordCount\":183,\"commentCount\":0,\"image\":{\"@id\":\"https:\\\/\\\/kuzeyinsesi.org\\\/index.php\\\/2024\\\/11\\\/29\\\/hasder-halkbilimi-sempozyumu-duzenliyor\\\/#primaryimage\"},\"thumbnailUrl\":\"https:\\\/\\\/kuzeyinsesi.org\\\/wp-content\\\/uploads\\\/2024\\\/11\\\/hasder-sempozyum-scaled.jpg\",\"articleSection\":[\"Ya\u015fam\"],\"inLanguage\":\"tr\",\"potentialAction\":[{\"@type\":\"CommentAction\",\"name\":\"Comment\",\"target\":[\"https:\\\/\\\/kuzeyinsesi.org\\\/index.php\\\/2024\\\/11\\\/29\\\/hasder-halkbilimi-sempozyumu-duzenliyor\\\/#respond\"]}]},{\"@type\":\"WebPage\",\"@id\":\"https:\\\/\\\/kuzeyinsesi.org\\\/index.php\\\/2024\\\/11\\\/29\\\/hasder-halkbilimi-sempozyumu-duzenliyor\\\/\",\"url\":\"https:\\\/\\\/kuzeyinsesi.org\\\/index.php\\\/2024\\\/11\\\/29\\\/hasder-halkbilimi-sempozyumu-duzenliyor\\\/\",\"name\":\"HASDER Halkbilimi Sempozyumu d\u00fczenliyor - Kuzeyin Sesi\",\"isPartOf\":{\"@id\":\"https:\\\/\\\/kuzeyinsesi.org\\\/#website\"},\"primaryImageOfPage\":{\"@id\":\"https:\\\/\\\/kuzeyinsesi.org\\\/index.php\\\/2024\\\/11\\\/29\\\/hasder-halkbilimi-sempozyumu-duzenliyor\\\/#primaryimage\"},\"image\":{\"@id\":\"https:\\\/\\\/kuzeyinsesi.org\\\/index.php\\\/2024\\\/11\\\/29\\\/hasder-halkbilimi-sempozyumu-duzenliyor\\\/#primaryimage\"},\"thumbnailUrl\":\"https:\\\/\\\/kuzeyinsesi.org\\\/wp-content\\\/uploads\\\/2024\\\/11\\\/hasder-sempozyum-scaled.jpg\",\"datePublished\":\"2024-11-29T20:41:13+00:00\",\"author\":{\"@id\":\"https:\\\/\\\/kuzeyinsesi.org\\\/#\\\/schema\\\/person\\\/9f859689cdf01485597712386e37f5aa\"},\"breadcrumb\":{\"@id\":\"https:\\\/\\\/kuzeyinsesi.org\\\/index.php\\\/2024\\\/11\\\/29\\\/hasder-halkbilimi-sempozyumu-duzenliyor\\\/#breadcrumb\"},\"inLanguage\":\"tr\",\"potentialAction\":[{\"@type\":\"ReadAction\",\"target\":[\"https:\\\/\\\/kuzeyinsesi.org\\\/index.php\\\/2024\\\/11\\\/29\\\/hasder-halkbilimi-sempozyumu-duzenliyor\\\/\"]}]},{\"@type\":\"ImageObject\",\"inLanguage\":\"tr\",\"@id\":\"https:\\\/\\\/kuzeyinsesi.org\\\/index.php\\\/2024\\\/11\\\/29\\\/hasder-halkbilimi-sempozyumu-duzenliyor\\\/#primaryimage\",\"url\":\"https:\\\/\\\/kuzeyinsesi.org\\\/wp-content\\\/uploads\\\/2024\\\/11\\\/hasder-sempozyum-scaled.jpg\",\"contentUrl\":\"https:\\\/\\\/kuzeyinsesi.org\\\/wp-content\\\/uploads\\\/2024\\\/11\\\/hasder-sempozyum-scaled.jpg\",\"width\":2560,\"height\":2560},{\"@type\":\"BreadcrumbList\",\"@id\":\"https:\\\/\\\/kuzeyinsesi.org\\\/index.php\\\/2024\\\/11\\\/29\\\/hasder-halkbilimi-sempozyumu-duzenliyor\\\/#breadcrumb\",\"itemListElement\":[{\"@type\":\"ListItem\",\"position\":1,\"name\":\"Anasayfa\",\"item\":\"https:\\\/\\\/kuzeyinsesi.org\\\/\"},{\"@type\":\"ListItem\",\"position\":2,\"name\":\"HASDER Halkbilimi Sempozyumu d\u00fczenliyor\"}]},{\"@type\":\"WebSite\",\"@id\":\"https:\\\/\\\/kuzeyinsesi.org\\\/#website\",\"url\":\"https:\\\/\\\/kuzeyinsesi.org\\\/\",\"name\":\"Kuzeyin Sesi\",\"description\":\"Do\u011fru Haberin Adresi\",\"potentialAction\":[{\"@type\":\"SearchAction\",\"target\":{\"@type\":\"EntryPoint\",\"urlTemplate\":\"https:\\\/\\\/kuzeyinsesi.org\\\/?s={search_term_string}\"},\"query-input\":{\"@type\":\"PropertyValueSpecification\",\"valueRequired\":true,\"valueName\":\"search_term_string\"}}],\"inLanguage\":\"tr\"},{\"@type\":\"Person\",\"@id\":\"https:\\\/\\\/kuzeyinsesi.org\\\/#\\\/schema\\\/person\\\/9f859689cdf01485597712386e37f5aa\",\"name\":\"Kuzeyin Sesi\",\"image\":{\"@type\":\"ImageObject\",\"inLanguage\":\"tr\",\"@id\":\"https:\\\/\\\/secure.gravatar.com\\\/avatar\\\/bab33852abfd8b282518d6ed81826833d77c3c882d9ab608add591ccace47a44?s=96&d=mm&r=g\",\"url\":\"https:\\\/\\\/secure.gravatar.com\\\/avatar\\\/bab33852abfd8b282518d6ed81826833d77c3c882d9ab608add591ccace47a44?s=96&d=mm&r=g\",\"contentUrl\":\"https:\\\/\\\/secure.gravatar.com\\\/avatar\\\/bab33852abfd8b282518d6ed81826833d77c3c882d9ab608add591ccace47a44?s=96&d=mm&r=g\",\"caption\":\"Kuzeyin Sesi\"},\"sameAs\":[\"https:\\\/\\\/kuzeyinsesi.org\"],\"url\":\"https:\\\/\\\/kuzeyinsesi.org\\\/index.php\\\/author\\\/guven\\\/\"}]}<\/script>\n<!-- \/ Yoast SEO plugin. -->","yoast_head_json":{"title":"HASDER Halkbilimi Sempozyumu d\u00fczenliyor - Kuzeyin Sesi","robots":{"index":"index","follow":"follow","max-snippet":"max-snippet:-1","max-image-preview":"max-image-preview:large","max-video-preview":"max-video-preview:-1"},"canonical":"https:\/\/kuzeyinsesi.org\/index.php\/2024\/11\/29\/hasder-halkbilimi-sempozyumu-duzenliyor\/","og_locale":"tr_TR","og_type":"article","og_title":"HASDER Halkbilimi Sempozyumu d\u00fczenliyor - Kuzeyin Sesi","og_description":"Halk Sanatlar\u0131 Vakf\u0131 (HASDER), 3 Aral\u0131k Sal\u0131 g\u00fcn\u00fc\u00a0 Halkbilimi Sempozyumu\u2019nun 37\u2019ncisini d\u00fczenliyor. HASDER\u2019den yap\u0131lan duyuruda, sempozyumun K\u0131br\u0131s T\u00fcrk k\u00fclt\u00fcr\u00fcn\u00fcn derlenmesi, kay\u0131t alt\u0131na al\u0131nmas\u0131 ve gelecek nesillere aktar\u0131lmas\u0131nda \u00f6nemli bir yere sahip oldu\u011fu ve K\u0131br\u0131sl\u0131 T\u00fcrklerin halkbilimi alan\u0131nda d\u00fczenledi\u011fi ilk sempozyum oldu\u011fu kaydedildi. Sempozyumun pek \u00e7ok bilim insan\u0131, ara\u015ft\u0131rmac\u0131 ve sanat\u00e7\u0131ya bulgular\u0131n\u0131 ve fikirlerini payla\u015fmas\u0131nda \u00f6nemli [&hellip;]","og_url":"https:\/\/kuzeyinsesi.org\/index.php\/2024\/11\/29\/hasder-halkbilimi-sempozyumu-duzenliyor\/","og_site_name":"Kuzeyin Sesi","article_publisher":"https:\/\/www.facebook.com\/kuzeyinsesii","article_published_time":"2024-11-29T20:41:13+00:00","og_image":[{"url":"https:\/\/brtk.net\/wp-content\/uploads\/2024\/11\/29\/hasder-sempozyum--scaled.jpg?ver=3238c3a6fdca146ff12b7b3c58b9b94f","type":"","width":"","height":""}],"author":"Kuzeyin Sesi","twitter_card":"summary_large_image","twitter_creator":"@kuzeyinsesii","twitter_site":"@kuzeyinsesii","twitter_misc":{"Yazan:":"Kuzeyin Sesi","Tahmini okuma s\u00fcresi":"1 dakika"},"schema":{"@context":"https:\/\/schema.org","@graph":[{"@type":"Article","@id":"https:\/\/kuzeyinsesi.org\/index.php\/2024\/11\/29\/hasder-halkbilimi-sempozyumu-duzenliyor\/#article","isPartOf":{"@id":"https:\/\/kuzeyinsesi.org\/index.php\/2024\/11\/29\/hasder-halkbilimi-sempozyumu-duzenliyor\/"},"author":{"name":"Kuzeyin Sesi","@id":"https:\/\/kuzeyinsesi.org\/#\/schema\/person\/9f859689cdf01485597712386e37f5aa"},"headline":"HASDER Halkbilimi Sempozyumu d\u00fczenliyor","datePublished":"2024-11-29T20:41:13+00:00","mainEntityOfPage":{"@id":"https:\/\/kuzeyinsesi.org\/index.php\/2024\/11\/29\/hasder-halkbilimi-sempozyumu-duzenliyor\/"},"wordCount":183,"commentCount":0,"image":{"@id":"https:\/\/kuzeyinsesi.org\/index.php\/2024\/11\/29\/hasder-halkbilimi-sempozyumu-duzenliyor\/#primaryimage"},"thumbnailUrl":"https:\/\/kuzeyinsesi.org\/wp-content\/uploads\/2024\/11\/hasder-sempozyum-scaled.jpg","articleSection":["Ya\u015fam"],"inLanguage":"tr","potentialAction":[{"@type":"CommentAction","name":"Comment","target":["https:\/\/kuzeyinsesi.org\/index.php\/2024\/11\/29\/hasder-halkbilimi-sempozyumu-duzenliyor\/#respond"]}]},{"@type":"WebPage","@id":"https:\/\/kuzeyinsesi.org\/index.php\/2024\/11\/29\/hasder-halkbilimi-sempozyumu-duzenliyor\/","url":"https:\/\/kuzeyinsesi.org\/index.php\/2024\/11\/29\/hasder-halkbilimi-sempozyumu-duzenliyor\/","name":"HASDER Halkbilimi Sempozyumu d\u00fczenliyor - Kuzeyin Sesi","isPartOf":{"@id":"https:\/\/kuzeyinsesi.org\/#website"},"primaryImageOfPage":{"@id":"https:\/\/kuzeyinsesi.org\/index.php\/2024\/11\/29\/hasder-halkbilimi-sempozyumu-duzenliyor\/#primaryimage"},"image":{"@id":"https:\/\/kuzeyinsesi.org\/index.php\/2024\/11\/29\/hasder-halkbilimi-sempozyumu-duzenliyor\/#primaryimage"},"thumbnailUrl":"https:\/\/kuzeyinsesi.org\/wp-content\/uploads\/2024\/11\/hasder-sempozyum-scaled.jpg","datePublished":"2024-11-29T20:41:13+00:00","author":{"@id":"https:\/\/kuzeyinsesi.org\/#\/schema\/person\/9f859689cdf01485597712386e37f5aa"},"breadcrumb":{"@id":"https:\/\/kuzeyinsesi.org\/index.php\/2024\/11\/29\/hasder-halkbilimi-sempozyumu-duzenliyor\/#breadcrumb"},"inLanguage":"tr","potentialAction":[{"@type":"ReadAction","target":["https:\/\/kuzeyinsesi.org\/index.php\/2024\/11\/29\/hasder-halkbilimi-sempozyumu-duzenliyor\/"]}]},{"@type":"ImageObject","inLanguage":"tr","@id":"https:\/\/kuzeyinsesi.org\/index.php\/2024\/11\/29\/hasder-halkbilimi-sempozyumu-duzenliyor\/#primaryimage","url":"https:\/\/kuzeyinsesi.org\/wp-content\/uploads\/2024\/11\/hasder-sempozyum-scaled.jpg","contentUrl":"https:\/\/kuzeyinsesi.org\/wp-content\/uploads\/2024\/11\/hasder-sempozyum-scaled.jpg","width":2560,"height":2560},{"@type":"BreadcrumbList","@id":"https:\/\/kuzeyinsesi.org\/index.php\/2024\/11\/29\/hasder-halkbilimi-sempozyumu-duzenliyor\/#breadcrumb","itemListElement":[{"@type":"ListItem","position":1,"name":"Anasayfa","item":"https:\/\/kuzeyinsesi.org\/"},{"@type":"ListItem","position":2,"name":"HASDER Halkbilimi Sempozyumu d\u00fczenliyor"}]},{"@type":"WebSite","@id":"https:\/\/kuzeyinsesi.org\/#website","url":"https:\/\/kuzeyinsesi.org\/","name":"Kuzeyin Sesi","description":"Do\u011fru Haberin Adresi","potentialAction":[{"@type":"SearchAction","target":{"@type":"EntryPoint","urlTemplate":"https:\/\/kuzeyinsesi.org\/?s={search_term_string}"},"query-input":{"@type":"PropertyValueSpecification","valueRequired":true,"valueName":"search_term_string"}}],"inLanguage":"tr"},{"@type":"Person","@id":"https:\/\/kuzeyinsesi.org\/#\/schema\/person\/9f859689cdf01485597712386e37f5aa","name":"Kuzeyin Sesi","image":{"@type":"ImageObject","inLanguage":"tr","@id":"https:\/\/secure.gravatar.com\/avatar\/bab33852abfd8b282518d6ed81826833d77c3c882d9ab608add591ccace47a44?s=96&d=mm&r=g","url":"https:\/\/secure.gravatar.com\/avatar\/bab33852abfd8b282518d6ed81826833d77c3c882d9ab608add591ccace47a44?s=96&d=mm&r=g","contentUrl":"https:\/\/secure.gravatar.com\/avatar\/bab33852abfd8b282518d6ed81826833d77c3c882d9ab608add591ccace47a44?s=96&d=mm&r=g","caption":"Kuzeyin Sesi"},"sameAs":["https:\/\/kuzeyinsesi.org"],"url":"https:\/\/kuzeyinsesi.org\/index.php\/author\/guven\/"}]}},"_links":{"self":[{"href":"https:\/\/kuzeyinsesi.org\/index.php\/wp-json\/wp\/v2\/posts\/14636","targetHints":{"allow":["GET"]}}],"collection":[{"href":"https:\/\/kuzeyinsesi.org\/index.php\/wp-json\/wp\/v2\/posts"}],"about":[{"href":"https:\/\/kuzeyinsesi.org\/index.php\/wp-json\/wp\/v2\/types\/post"}],"author":[{"embeddable":true,"href":"https:\/\/kuzeyinsesi.org\/index.php\/wp-json\/wp\/v2\/users\/1"}],"replies":[{"embeddable":true,"href":"https:\/\/kuzeyinsesi.org\/index.php\/wp-json\/wp\/v2\/comments?post=14636"}],"version-history":[{"count":0,"href":"https:\/\/kuzeyinsesi.org\/index.php\/wp-json\/wp\/v2\/posts\/14636\/revisions"}],"wp:featuredmedia":[{"embeddable":true,"href":"https:\/\/kuzeyinsesi.org\/index.php\/wp-json\/wp\/v2\/media\/14637"}],"wp:attachment":[{"href":"https:\/\/kuzeyinsesi.org\/index.php\/wp-json\/wp\/v2\/media?parent=14636"}],"wp:term":[{"taxonomy":"category","embeddable":true,"href":"https:\/\/kuzeyinsesi.org\/index.php\/wp-json\/wp\/v2\/categories?post=14636"},{"taxonomy":"post_tag","embeddable":true,"href":"https:\/\/kuzeyinsesi.org\/index.php\/wp-json\/wp\/v2\/tags?post=14636"}],"curies":[{"name":"wp","href":"https:\/\/api.w.org\/{rel}","templated":true}]}}