{"id":14611,"date":"2024-11-29T17:59:15","date_gmt":"2024-11-29T15:59:15","guid":{"rendered":"https:\/\/kuzeyinsesi.org\/index.php\/2024\/11\/29\/corum-belediyesi-beyarmudu-doga-parki-hizmete-acildi\/"},"modified":"2024-11-29T17:59:15","modified_gmt":"2024-11-29T15:59:15","slug":"corum-belediyesi-beyarmudu-doga-parki-hizmete-acildi","status":"publish","type":"post","link":"https:\/\/kuzeyinsesi.org\/index.php\/2024\/11\/29\/corum-belediyesi-beyarmudu-doga-parki-hizmete-acildi\/","title":{"rendered":"\u201c\u00c7orum Belediyesi Beyarmudu Do\u011fa Park\u0131\u201d hizmete a\u00e7\u0131ld\u0131"},"content":{"rendered":"<div>\n<div class=\"mariselle-image-container none\">\n                                            <\/div>\n<p style=\"font-weight: 300;\"><span style=\"font-weight: 300 !important;\">Beyarmudu Belediyesi\u2019nin, T\u00fcrkiye Cumhuriyeti (TC) Lefko\u015fa B\u00fcy\u00fckel\u00e7ili\u011fi Kalk\u0131nma ve Ekonomik \u0130\u015fbirli\u011fi Ofisi ve TC \u00c7orum Belediyesi katk\u0131lar\u0131yla hayata ge\u00e7irdi\u011fi, \u201c\u00c7orum Belediyesi Beyarmudu Do\u011fa Park\u0131\u201d hizmete a\u00e7\u0131ld\u0131.<\/span><\/p>\n<p style=\"font-weight: 300;\"><span style=\"font-weight: 300 !important;\">A\u00e7\u0131l\u0131\u015fa Cumhurba\u015fkan\u0131 Ersin Tatar, Cumhuriyet Meclisi Ba\u015fkan\u0131 Ziya \u00d6zt\u00fcrkler, \u00c7al\u0131\u015fma ve Sosyal G\u00fcvenlik Bakan\u0131 Sad\u0131k Gardiyano\u011flu, \u00c7orum Belediye Ba\u015fkan\u0131 Halil \u0130brahim A\u015fg\u0131n, Beyarmudu Belediye Ba\u015fkan\u0131 B\u00fclent Bebek, belediye meclis \u00fcyeleri, b\u00f6lge muhtarlar\u0131, di\u011fer yetkililer ve vatanda\u015flar kat\u0131ld\u0131.<\/span><\/p>\n<p style=\"font-weight: 300;\"><span style=\"font-weight: 300 !important;\">Sayg\u0131 duru\u015fu ve \u0130stiklal Mar\u015f\u0131 ile ba\u015flayan a\u00e7\u0131l\u0131\u015f, konu\u015fmalarla devam etti. Halk danslar\u0131 g\u00f6sterisinin ard\u0131ndan protokol\u00fcn kat\u0131l\u0131m\u0131yla kurdele kesilerek, park a\u00e7\u0131ld\u0131.<\/span><\/p>\n<p style=\"font-weight: 300;\"><span style=\"font-weight: 300 !important;\">-Tatar: \u201cKKTC\u2019yi g\u00f6z\u00fcm\u00fcz gibi korumam\u0131z gerekiyor\u201d<\/span><\/p>\n<p style=\"font-weight: 300;\"><span style=\"font-weight: 300 !important;\">Cumhurba\u015fkan\u0131 Ersin Tatar a\u00e7\u0131l\u0131\u015fta yapt\u0131\u011f\u0131 konu\u015fmada, herkesi selamlayarak, \u00c7orum Belediye Ba\u015fkan\u0131 ve belediye meclis \u00fcyelerini Beyarmudu\u2019nda g\u00f6rmekten mutluluk duydu\u011funu dile getirdi.<\/span><\/p>\n<p style=\"font-weight: 300;\"><span style=\"font-weight: 300 !important;\">Anavatan T\u00fcrkiye Cumhuriyeti ile olan ili\u015fkilerin bu ileti\u015fim \u00e7a\u011f\u0131nda daha da g\u00fc\u00e7lenmesi ve gen\u00e7 nesillerin birbirlerini daha iyi tan\u0131mas\u0131n\u0131n \u00f6nemini belirten Cumhurba\u015fkan\u0131 Tatar, \u201cDo\u011fu Akdeniz\u2019deki varl\u0131\u011f\u0131m\u0131z\u0131 sa\u011flam bir \u015fekilde s\u00fcrd\u00fcr\u00fcyoruz\u201d dedi.<\/span><\/p>\n<p style=\"font-weight: 300;\"><span style=\"font-weight: 300 !important;\">\u00c7\u0131tay\u0131 y\u00fckselterek, KKTC\u2019yi b\u00fct\u00fcn d\u00fcnyaya tan\u0131tma \u00e7abalar\u0131 i\u00e7erisinde olduklar\u0131n\u0131 ifade eden Tatar, anavatan T\u00fcrkiye ile KKTC aras\u0131ndaki temas ve ziyaretlerin artmas\u0131n\u0131 temenni etti.<\/span><\/p>\n<p style=\"font-weight: 300;\"><span style=\"font-weight: 300 !important;\">T\u00fcrkiye\u2019yi s\u0131k s\u0131k ziyaret etti\u011fini ve T\u00fcrk halk\u0131yla bulu\u015ftu\u011funu dile getiren Tatar, T\u00fcrkiye ile KKTC\u2019nin et ve t\u0131rnak oldu\u011funu vurgulad\u0131. B\u00fcy\u00fck \u00d6nder Mustafa Kemal Atat\u00fcrk \u00f6nderli\u011findeki kurtulu\u015f sava\u015f\u0131n\u0131n, K\u0131br\u0131s T\u00fcrk halk\u0131na ilham kayna\u011f\u0131 oldu\u011funun alt\u0131n\u0131 \u00e7izen Cumhurba\u015fkan\u0131 Tatar, \u201cBizlerin verdi\u011fi ba\u011f\u0131ms\u0131zl\u0131k m\u00fccadelesiyle bug\u00fcn bayraklar\u0131m\u0131zla milletimize yak\u0131\u015f\u0131r bir \u015fekilde omuzlar\u0131m\u0131zdaki vasiyeti ve emaneti en iyi \u015fekilde s\u00fcrd\u00fcr\u00fcyoruz\u201d dedi.<\/span><\/p>\n<p style=\"font-weight: 300;\"><span style=\"font-weight: 300 !important;\">Belediye Ba\u015fkan\u0131 ve ekibine ortaya \u00e7\u0131kard\u0131klar\u0131 eser nedeniyle te\u015fekk\u00fcr eden Tatar, b\u00fct\u00fcn bunlar\u0131n plan, program ve vizyon istedi\u011fini vurgulad\u0131. Cumhurba\u015fkan\u0131 Tatar, daha kaliteli bir ya\u015fam i\u00e7in altyap\u0131 yat\u0131r\u0131mlar\u0131 ve park alanlar\u0131n\u0131n yarat\u0131lmas\u0131n\u0131n \u00f6nemli oldu\u011funu ifade etti.<\/span><\/p>\n<p style=\"font-weight: 300;\"><span style=\"font-weight: 300 !important;\">Tatar, \u201cKKTC\u2019nin her k\u00f6\u015fesi bizim i\u00e7in \u00e7ok \u00f6nemlidir. Ye\u015fil\u0131rmak\u2019tan Dipkarpaz\u2019a kadar\u2026 \u0130nsanlar\u0131n kaliteli ya\u015fam s\u00fcrmeleri en b\u00fcy\u00fck temennimiz ve dile\u011fimizdir\u201d diye konu\u015ftu.<\/span><\/p>\n<p style=\"font-weight: 300;\"><span style=\"font-weight: 300 !important;\">1974 Bar\u0131\u015f Harekat\u0131\u2019ndan 50 y\u0131l sonra bar\u0131\u015f\u0131n, huzurun, g\u00fcvenli\u011fin ne anlama geldi\u011fini daha iyi takdir ettiklerini kaydeden Tatar, K\u0131br\u0131s\u2019ta bir anla\u015fma olacaksa, T\u00fcrkiye\u2019nin de tam deste\u011fiyle, KKTC devletinin egemen bir devlet olarak anla\u015fman\u0131n bir par\u00e7as\u0131 olmas\u0131 gerekti\u011fini vurgulad\u0131.<\/span><\/p>\n<p style=\"font-weight: 300;\"><span style=\"font-weight: 300 !important;\">G\u00fcney K\u0131br\u0131s\u2019\u0131n zihniyetinin, Birle\u015fik K\u0131br\u0131s\u2019a gidecek bir yolculukta K\u0131br\u0131s T\u00fcrk halk\u0131n\u0131 asimile etmek, anavatan T\u00fcrkiye Cumhuriyeti ile ba\u011flar\u0131n\u0131 koparmak oldu\u011funu belirten Tatar, milli siyasetin daha da k\u00f6kle\u015fmesi i\u00e7in uluslararas\u0131 temaslar\u0131n art\u0131r\u0131lmas\u0131 gerekti\u011fini s\u00f6yledi.<\/span><\/p>\n<p style=\"font-weight: 300;\"><span style=\"font-weight: 300 !important;\">Beyarmudu\u2019ndan, \u00c7orum\u2019a ve b\u00fct\u00fcn T\u00fcrkiye\u2019ye selamlar\u0131n\u0131 ileten Tatar, \u201cBiz ayn\u0131 milletin evlatlar\u0131 olarak m\u00fccadelemizi s\u00fcrd\u00fcr\u00fcyoruz\u201d diye konu\u015ftu. Do\u011fu Akdeniz\u2019in kritik \u00f6nemine dikkat \u00e7eken Tatar, \u201cKKTC\u2019yi g\u00f6z\u00fcm\u00fcz gibi korumam\u0131z gerekiyor\u201d dedi.<\/span><\/p>\n<p style=\"font-weight: 300;\"><span style=\"font-weight: 300 !important;\">Cumhurba\u015fkan\u0131 Tatar, park\u0131n b\u00f6lge halk\u0131na hay\u0131rl\u0131 olmas\u0131n\u0131 diledi.<\/span><\/p>\n<p style=\"font-weight: 300;\"><span style=\"font-weight: 300 !important;\">-A\u015fg\u0131n: \u201cKKTC\u2019nin yan\u0131nda olmaya devam edece\u011fiz\u201d<\/span><\/p>\n<p style=\"font-weight: 300;\"><span style=\"font-weight: 300 !important;\">\u00c7orum Belediyesi Ba\u015fkan\u0131 Halil \u0130brahim A\u015fg\u0131n da konu\u015fmas\u0131na, herkesi selamlayarak, ba\u015flad\u0131, \u201cAnavatandan yavru vatana geldik ama buras\u0131 bizim vatan\u0131m\u0131z, buras\u0131 hepimizin vatan\u0131\u201d dedi.<\/span><\/p>\n<p style=\"font-weight: 300;\"><span style=\"font-weight: 300 !important;\">\u201cBeyarmudu, bizim i\u00e7in \u00c7orum\u2019dur. \u00c7orum bizim i\u00e7in Beyarmudu\u2019dur\u201d diye konu\u015fan A\u015fg\u0131n, Beyarmudu\u2019na hizmet etmeye devam edeceklerini s\u00f6yledi.<\/span><\/p>\n<p style=\"font-weight: 300;\"><span style=\"font-weight: 300 !important;\">TC Cumhurba\u015fkan\u0131 Recep Tayyip Erdo\u011fan\u2019\u0131n dile getirdi\u011fi 2071 hedefine dikkat \u00e7eken A\u015fg\u0131n, \u201cT\u00fcrk evsiz olur, T\u00fcrk barks\u0131z olur, T\u00fcrk asla vatans\u0131z olmaz, bayraks\u0131z olmaz, ezans\u0131z olmaz\u201d dedi.<\/span><\/p>\n<p style=\"font-weight: 300;\"><span style=\"font-weight: 300 !important;\">Anavatan T\u00fcrkiye olarak her zaman KKTC\u2019nin ve belediyelerinin yan\u0131nda olmaya devam edeceklerini vurgulayan A\u015fg\u0131n, park\u0131n yap\u0131m\u0131na katk\u0131 koyan herkese te\u015fekk\u00fcr etti.<\/span><\/p>\n<p style=\"font-weight: 300;\"><span style=\"font-weight: 300 !important;\">Beyarmudu\u2019na bundan daha g\u00fczel bir park yapma temennisini de dile getiren A\u015fg\u0131n, KKTC\u2019nin, t\u00fcm devletler i\u00e7erisindeki \u015fanl\u0131 yerini almas\u0131n\u0131 diledi.<\/span><\/p>\n<p style=\"font-weight: 300;\"><span style=\"font-weight: 300 !important;\">-Bebek: \u201cSizler i\u00e7in \u00e7al\u0131\u015fmaya devam edece\u011fiz\u201d<\/span><\/p>\n<p style=\"font-weight: 300;\"><span style=\"font-weight: 300 !important;\">Beyarmudu Belediye Ba\u015fkan\u0131 B\u00fclent Bebek ise, yakla\u015f\u0131k 15 y\u0131ld\u0131r park\u0131n yap\u0131m\u0131 i\u00e7in beklendi\u011fini ifade ederek, se\u00e7ildi\u011fi ilk g\u00fcn, Beyarmudu Belediyesi\u2019nin hak etti\u011fi yat\u0131r\u0131mlar\u0131 alaca\u011f\u0131n\u0131 s\u00f6yledi\u011fine i\u015faret etti, \u201cSizler i\u00e7in \u00e7al\u0131\u015fmaya devam edece\u011fiz. Bu da bunun sadece bir \u00f6rne\u011fi\u201d dedi.<\/span><\/p>\n<p style=\"font-weight: 300;\"><span style=\"font-weight: 300 !important;\">B\u00f6lgenin stratejik konumuma i\u015faret eden Bebek, son 30 y\u0131ld\u0131r yap\u0131lmayan, bekletilen projelerin tamam\u0131n\u0131n, TC Lefko\u015fa B\u00fcy\u00fckel\u00e7ili\u011fi ve h\u00fck\u00fcmetin katk\u0131lar\u0131yla tek tek hayata ge\u00e7irildi\u011fini vurgulad\u0131. \u00c7orum Belediyesi\u2019ne katk\u0131lar\u0131 nedeniyle te\u015fekk\u00fcr eden Bebek, gelecek hafta T\u00fcrkmenk\u00f6y Do\u011fa Park\u0131 Projesi\u2019nin de ba\u015flayaca\u011f\u0131n\u0131 belirtti. \u00a0\u00a0<\/span><\/p>\n<p style=\"font-weight: 300;\"><span style=\"font-weight: 300 !important;\">Sosyal ve sa\u011fl\u0131k alan\u0131nda bir\u00e7ok projeye imza att\u0131klar\u0131n\u0131 kaydeden Bebek, e\u011fitime b\u00fcy\u00fck destek verdiklerini, ya\u015fl\u0131lara, engellilere sahip \u00e7\u0131kt\u0131klar\u0131n\u0131 s\u00f6yledi. \u201cBen makam arac\u0131 hi\u00e7 kullanmad\u0131m onu tamamen ya\u015fl\u0131 ve hasta insanlar\u0131m\u0131za tahsis ettik\u201d diye konu\u015fan Bebek, verdi\u011fi t\u00fcm s\u00f6zleri tek tek yerine getirdi\u011fini belirtti.<\/span><\/p>\n<p style=\"font-weight: 300;\"><span style=\"font-weight: 300 !important;\">B\u00f6lge halk\u0131n\u0131n \u00e7ok daha iyisine lay\u0131k oldu\u011funu ifade eden Bebek, 2026 y\u0131l\u0131nda b\u00f6lgenin daha da geli\u015fmesi i\u00e7in \u00e7al\u0131\u015fmalar\u0131n\u0131 s\u00fcrd\u00fcreceklerini kaydetti. Belediye \u00e7al\u0131\u015fanlar\u0131na da te\u015fekk\u00fcr eden Bebek, \u201cHay\u0131rl\u0131, u\u011furlu olsun\u201d diyerek, konu\u015fmas\u0131n\u0131 tamamlad\u0131.<\/span><\/p>\n<p>\u00a0<\/p>\n<p>TAK\/BRT<\/p>\n<\/p><\/div>\n<p><script async\n                    defer\n                    crossorigin=\"anonymous\"\n                    src=\"https:\/\/connect.facebook.net\/tr_TR\/sdk.js#xfbml=1&#038;version=v3.3\"\n            ><\/script><\/p>\n","protected":false},"excerpt":{"rendered":"<p>Beyarmudu Belediyesi\u2019nin, T\u00fcrkiye Cumhuriyeti (TC) Lefko\u015fa B\u00fcy\u00fckel\u00e7ili\u011fi Kalk\u0131nma ve Ekonomik \u0130\u015fbirli\u011fi Ofisi ve TC \u00c7orum Belediyesi katk\u0131lar\u0131yla hayata ge\u00e7irdi\u011fi, \u201c\u00c7orum Belediyesi Beyarmudu Do\u011fa Park\u0131\u201d hizmete a\u00e7\u0131ld\u0131. A\u00e7\u0131l\u0131\u015fa Cumhurba\u015fkan\u0131 Ersin Tatar, Cumhuriyet Meclisi Ba\u015fkan\u0131 Ziya \u00d6zt\u00fcrkler, \u00c7al\u0131\u015fma ve Sosyal G\u00fcvenlik Bakan\u0131 Sad\u0131k Gardiyano\u011flu, \u00c7orum Belediye Ba\u015fkan\u0131 Halil \u0130brahim A\u015fg\u0131n, Beyarmudu Belediye Ba\u015fkan\u0131 B\u00fclent Bebek, belediye meclis [&hellip;]<\/p>\n","protected":false},"author":1,"featured_media":14612,"comment_status":"open","ping_status":"open","sticky":false,"template":"","format":"standard","meta":{"jnews-multi-image_gallery":[],"jnews_single_post":[],"jnews_primary_category":[],"jnews_social_meta":[],"jnews_override_counter":[],"footnotes":""},"categories":[5],"tags":[],"class_list":["post-14611","post","type-post","status-publish","format-standard","has-post-thumbnail","hentry","category-turkiye"],"yoast_head":"<!-- This site is optimized with the Yoast SEO plugin v27.4 - https:\/\/yoast.com\/product\/yoast-seo-wordpress\/ -->\n<title>\u201c\u00c7orum Belediyesi Beyarmudu Do\u011fa Park\u0131\u201d hizmete a\u00e7\u0131ld\u0131 - Kuzeyin Sesi<\/title>\n<meta name=\"robots\" content=\"index, follow, max-snippet:-1, max-image-preview:large, max-video-preview:-1\" \/>\n<link rel=\"canonical\" href=\"https:\/\/kuzeyinsesi.org\/index.php\/2024\/11\/29\/corum-belediyesi-beyarmudu-doga-parki-hizmete-acildi\/\" \/>\n<meta property=\"og:locale\" content=\"tr_TR\" \/>\n<meta property=\"og:type\" content=\"article\" \/>\n<meta property=\"og:title\" content=\"\u201c\u00c7orum Belediyesi Beyarmudu Do\u011fa Park\u0131\u201d hizmete a\u00e7\u0131ld\u0131 - Kuzeyin Sesi\" \/>\n<meta property=\"og:description\" content=\"Beyarmudu Belediyesi\u2019nin, T\u00fcrkiye Cumhuriyeti (TC) Lefko\u015fa B\u00fcy\u00fckel\u00e7ili\u011fi Kalk\u0131nma ve Ekonomik \u0130\u015fbirli\u011fi Ofisi ve TC \u00c7orum Belediyesi katk\u0131lar\u0131yla hayata ge\u00e7irdi\u011fi, \u201c\u00c7orum Belediyesi Beyarmudu Do\u011fa Park\u0131\u201d hizmete a\u00e7\u0131ld\u0131. A\u00e7\u0131l\u0131\u015fa Cumhurba\u015fkan\u0131 Ersin Tatar, Cumhuriyet Meclisi Ba\u015fkan\u0131 Ziya \u00d6zt\u00fcrkler, \u00c7al\u0131\u015fma ve Sosyal G\u00fcvenlik Bakan\u0131 Sad\u0131k Gardiyano\u011flu, \u00c7orum Belediye Ba\u015fkan\u0131 Halil \u0130brahim A\u015fg\u0131n, Beyarmudu Belediye Ba\u015fkan\u0131 B\u00fclent Bebek, belediye meclis [&hellip;]\" \/>\n<meta property=\"og:url\" content=\"https:\/\/kuzeyinsesi.org\/index.php\/2024\/11\/29\/corum-belediyesi-beyarmudu-doga-parki-hizmete-acildi\/\" \/>\n<meta property=\"og:site_name\" content=\"Kuzeyin Sesi\" \/>\n<meta property=\"article:publisher\" content=\"https:\/\/www.facebook.com\/kuzeyinsesii\" \/>\n<meta property=\"article:published_time\" content=\"2024-11-29T15:59:15+00:00\" \/>\n<meta property=\"og:image\" content=\"https:\/\/brtk.net\/wp-content\/uploads\/2024\/11\/29\/beyarmudu-doga-parki-ve-dinlenme-alaniacilisi-5-.jpg?ver=cbd25ba14bd16681048ad98634be140e\" \/>\n<meta name=\"author\" content=\"Kuzeyin Sesi\" \/>\n<meta name=\"twitter:card\" content=\"summary_large_image\" \/>\n<meta name=\"twitter:creator\" content=\"@kuzeyinsesii\" \/>\n<meta name=\"twitter:site\" content=\"@kuzeyinsesii\" \/>\n<meta name=\"twitter:label1\" content=\"Yazan:\" \/>\n\t<meta name=\"twitter:data1\" content=\"Kuzeyin Sesi\" \/>\n\t<meta name=\"twitter:label2\" content=\"Tahmini okuma s\u00fcresi\" \/>\n\t<meta name=\"twitter:data2\" content=\"5 dakika\" \/>\n<script type=\"application\/ld+json\" class=\"yoast-schema-graph\">{\"@context\":\"https:\\\/\\\/schema.org\",\"@graph\":[{\"@type\":\"Article\",\"@id\":\"https:\\\/\\\/kuzeyinsesi.org\\\/index.php\\\/2024\\\/11\\\/29\\\/corum-belediyesi-beyarmudu-doga-parki-hizmete-acildi\\\/#article\",\"isPartOf\":{\"@id\":\"https:\\\/\\\/kuzeyinsesi.org\\\/index.php\\\/2024\\\/11\\\/29\\\/corum-belediyesi-beyarmudu-doga-parki-hizmete-acildi\\\/\"},\"author\":{\"name\":\"Kuzeyin Sesi\",\"@id\":\"https:\\\/\\\/kuzeyinsesi.org\\\/#\\\/schema\\\/person\\\/9f859689cdf01485597712386e37f5aa\"},\"headline\":\"\u201c\u00c7orum Belediyesi Beyarmudu Do\u011fa Park\u0131\u201d hizmete a\u00e7\u0131ld\u0131\",\"datePublished\":\"2024-11-29T15:59:15+00:00\",\"mainEntityOfPage\":{\"@id\":\"https:\\\/\\\/kuzeyinsesi.org\\\/index.php\\\/2024\\\/11\\\/29\\\/corum-belediyesi-beyarmudu-doga-parki-hizmete-acildi\\\/\"},\"wordCount\":1045,\"commentCount\":0,\"image\":{\"@id\":\"https:\\\/\\\/kuzeyinsesi.org\\\/index.php\\\/2024\\\/11\\\/29\\\/corum-belediyesi-beyarmudu-doga-parki-hizmete-acildi\\\/#primaryimage\"},\"thumbnailUrl\":\"https:\\\/\\\/kuzeyinsesi.org\\\/wp-content\\\/uploads\\\/2024\\\/11\\\/beyarmudu-doga-parki-ve-dinlenme-alaniacilisi-5-.jpg\",\"articleSection\":[\"T\u00fcrkiye\"],\"inLanguage\":\"tr\",\"potentialAction\":[{\"@type\":\"CommentAction\",\"name\":\"Comment\",\"target\":[\"https:\\\/\\\/kuzeyinsesi.org\\\/index.php\\\/2024\\\/11\\\/29\\\/corum-belediyesi-beyarmudu-doga-parki-hizmete-acildi\\\/#respond\"]}]},{\"@type\":\"WebPage\",\"@id\":\"https:\\\/\\\/kuzeyinsesi.org\\\/index.php\\\/2024\\\/11\\\/29\\\/corum-belediyesi-beyarmudu-doga-parki-hizmete-acildi\\\/\",\"url\":\"https:\\\/\\\/kuzeyinsesi.org\\\/index.php\\\/2024\\\/11\\\/29\\\/corum-belediyesi-beyarmudu-doga-parki-hizmete-acildi\\\/\",\"name\":\"\u201c\u00c7orum Belediyesi Beyarmudu Do\u011fa Park\u0131\u201d hizmete a\u00e7\u0131ld\u0131 - Kuzeyin Sesi\",\"isPartOf\":{\"@id\":\"https:\\\/\\\/kuzeyinsesi.org\\\/#website\"},\"primaryImageOfPage\":{\"@id\":\"https:\\\/\\\/kuzeyinsesi.org\\\/index.php\\\/2024\\\/11\\\/29\\\/corum-belediyesi-beyarmudu-doga-parki-hizmete-acildi\\\/#primaryimage\"},\"image\":{\"@id\":\"https:\\\/\\\/kuzeyinsesi.org\\\/index.php\\\/2024\\\/11\\\/29\\\/corum-belediyesi-beyarmudu-doga-parki-hizmete-acildi\\\/#primaryimage\"},\"thumbnailUrl\":\"https:\\\/\\\/kuzeyinsesi.org\\\/wp-content\\\/uploads\\\/2024\\\/11\\\/beyarmudu-doga-parki-ve-dinlenme-alaniacilisi-5-.jpg\",\"datePublished\":\"2024-11-29T15:59:15+00:00\",\"author\":{\"@id\":\"https:\\\/\\\/kuzeyinsesi.org\\\/#\\\/schema\\\/person\\\/9f859689cdf01485597712386e37f5aa\"},\"breadcrumb\":{\"@id\":\"https:\\\/\\\/kuzeyinsesi.org\\\/index.php\\\/2024\\\/11\\\/29\\\/corum-belediyesi-beyarmudu-doga-parki-hizmete-acildi\\\/#breadcrumb\"},\"inLanguage\":\"tr\",\"potentialAction\":[{\"@type\":\"ReadAction\",\"target\":[\"https:\\\/\\\/kuzeyinsesi.org\\\/index.php\\\/2024\\\/11\\\/29\\\/corum-belediyesi-beyarmudu-doga-parki-hizmete-acildi\\\/\"]}]},{\"@type\":\"ImageObject\",\"inLanguage\":\"tr\",\"@id\":\"https:\\\/\\\/kuzeyinsesi.org\\\/index.php\\\/2024\\\/11\\\/29\\\/corum-belediyesi-beyarmudu-doga-parki-hizmete-acildi\\\/#primaryimage\",\"url\":\"https:\\\/\\\/kuzeyinsesi.org\\\/wp-content\\\/uploads\\\/2024\\\/11\\\/beyarmudu-doga-parki-ve-dinlenme-alaniacilisi-5-.jpg\",\"contentUrl\":\"https:\\\/\\\/kuzeyinsesi.org\\\/wp-content\\\/uploads\\\/2024\\\/11\\\/beyarmudu-doga-parki-ve-dinlenme-alaniacilisi-5-.jpg\",\"width\":1600,\"height\":1066},{\"@type\":\"BreadcrumbList\",\"@id\":\"https:\\\/\\\/kuzeyinsesi.org\\\/index.php\\\/2024\\\/11\\\/29\\\/corum-belediyesi-beyarmudu-doga-parki-hizmete-acildi\\\/#breadcrumb\",\"itemListElement\":[{\"@type\":\"ListItem\",\"position\":1,\"name\":\"Anasayfa\",\"item\":\"https:\\\/\\\/kuzeyinsesi.org\\\/\"},{\"@type\":\"ListItem\",\"position\":2,\"name\":\"\u201c\u00c7orum Belediyesi Beyarmudu Do\u011fa Park\u0131\u201d hizmete a\u00e7\u0131ld\u0131\"}]},{\"@type\":\"WebSite\",\"@id\":\"https:\\\/\\\/kuzeyinsesi.org\\\/#website\",\"url\":\"https:\\\/\\\/kuzeyinsesi.org\\\/\",\"name\":\"Kuzeyin Sesi\",\"description\":\"Do\u011fru Haberin Adresi\",\"potentialAction\":[{\"@type\":\"SearchAction\",\"target\":{\"@type\":\"EntryPoint\",\"urlTemplate\":\"https:\\\/\\\/kuzeyinsesi.org\\\/?s={search_term_string}\"},\"query-input\":{\"@type\":\"PropertyValueSpecification\",\"valueRequired\":true,\"valueName\":\"search_term_string\"}}],\"inLanguage\":\"tr\"},{\"@type\":\"Person\",\"@id\":\"https:\\\/\\\/kuzeyinsesi.org\\\/#\\\/schema\\\/person\\\/9f859689cdf01485597712386e37f5aa\",\"name\":\"Kuzeyin Sesi\",\"image\":{\"@type\":\"ImageObject\",\"inLanguage\":\"tr\",\"@id\":\"https:\\\/\\\/secure.gravatar.com\\\/avatar\\\/bab33852abfd8b282518d6ed81826833d77c3c882d9ab608add591ccace47a44?s=96&d=mm&r=g\",\"url\":\"https:\\\/\\\/secure.gravatar.com\\\/avatar\\\/bab33852abfd8b282518d6ed81826833d77c3c882d9ab608add591ccace47a44?s=96&d=mm&r=g\",\"contentUrl\":\"https:\\\/\\\/secure.gravatar.com\\\/avatar\\\/bab33852abfd8b282518d6ed81826833d77c3c882d9ab608add591ccace47a44?s=96&d=mm&r=g\",\"caption\":\"Kuzeyin Sesi\"},\"sameAs\":[\"https:\\\/\\\/kuzeyinsesi.org\"],\"url\":\"https:\\\/\\\/kuzeyinsesi.org\\\/index.php\\\/author\\\/guven\\\/\"}]}<\/script>\n<!-- \/ Yoast SEO plugin. -->","yoast_head_json":{"title":"\u201c\u00c7orum Belediyesi Beyarmudu Do\u011fa Park\u0131\u201d hizmete a\u00e7\u0131ld\u0131 - Kuzeyin Sesi","robots":{"index":"index","follow":"follow","max-snippet":"max-snippet:-1","max-image-preview":"max-image-preview:large","max-video-preview":"max-video-preview:-1"},"canonical":"https:\/\/kuzeyinsesi.org\/index.php\/2024\/11\/29\/corum-belediyesi-beyarmudu-doga-parki-hizmete-acildi\/","og_locale":"tr_TR","og_type":"article","og_title":"\u201c\u00c7orum Belediyesi Beyarmudu Do\u011fa Park\u0131\u201d hizmete a\u00e7\u0131ld\u0131 - Kuzeyin Sesi","og_description":"Beyarmudu Belediyesi\u2019nin, T\u00fcrkiye Cumhuriyeti (TC) Lefko\u015fa B\u00fcy\u00fckel\u00e7ili\u011fi Kalk\u0131nma ve Ekonomik \u0130\u015fbirli\u011fi Ofisi ve TC \u00c7orum Belediyesi katk\u0131lar\u0131yla hayata ge\u00e7irdi\u011fi, \u201c\u00c7orum Belediyesi Beyarmudu Do\u011fa Park\u0131\u201d hizmete a\u00e7\u0131ld\u0131. A\u00e7\u0131l\u0131\u015fa Cumhurba\u015fkan\u0131 Ersin Tatar, Cumhuriyet Meclisi Ba\u015fkan\u0131 Ziya \u00d6zt\u00fcrkler, \u00c7al\u0131\u015fma ve Sosyal G\u00fcvenlik Bakan\u0131 Sad\u0131k Gardiyano\u011flu, \u00c7orum Belediye Ba\u015fkan\u0131 Halil \u0130brahim A\u015fg\u0131n, Beyarmudu Belediye Ba\u015fkan\u0131 B\u00fclent Bebek, belediye meclis [&hellip;]","og_url":"https:\/\/kuzeyinsesi.org\/index.php\/2024\/11\/29\/corum-belediyesi-beyarmudu-doga-parki-hizmete-acildi\/","og_site_name":"Kuzeyin Sesi","article_publisher":"https:\/\/www.facebook.com\/kuzeyinsesii","article_published_time":"2024-11-29T15:59:15+00:00","og_image":[{"url":"https:\/\/brtk.net\/wp-content\/uploads\/2024\/11\/29\/beyarmudu-doga-parki-ve-dinlenme-alaniacilisi-5-.jpg?ver=cbd25ba14bd16681048ad98634be140e","type":"","width":"","height":""}],"author":"Kuzeyin Sesi","twitter_card":"summary_large_image","twitter_creator":"@kuzeyinsesii","twitter_site":"@kuzeyinsesii","twitter_misc":{"Yazan:":"Kuzeyin Sesi","Tahmini okuma s\u00fcresi":"5 dakika"},"schema":{"@context":"https:\/\/schema.org","@graph":[{"@type":"Article","@id":"https:\/\/kuzeyinsesi.org\/index.php\/2024\/11\/29\/corum-belediyesi-beyarmudu-doga-parki-hizmete-acildi\/#article","isPartOf":{"@id":"https:\/\/kuzeyinsesi.org\/index.php\/2024\/11\/29\/corum-belediyesi-beyarmudu-doga-parki-hizmete-acildi\/"},"author":{"name":"Kuzeyin Sesi","@id":"https:\/\/kuzeyinsesi.org\/#\/schema\/person\/9f859689cdf01485597712386e37f5aa"},"headline":"\u201c\u00c7orum Belediyesi Beyarmudu Do\u011fa Park\u0131\u201d hizmete a\u00e7\u0131ld\u0131","datePublished":"2024-11-29T15:59:15+00:00","mainEntityOfPage":{"@id":"https:\/\/kuzeyinsesi.org\/index.php\/2024\/11\/29\/corum-belediyesi-beyarmudu-doga-parki-hizmete-acildi\/"},"wordCount":1045,"commentCount":0,"image":{"@id":"https:\/\/kuzeyinsesi.org\/index.php\/2024\/11\/29\/corum-belediyesi-beyarmudu-doga-parki-hizmete-acildi\/#primaryimage"},"thumbnailUrl":"https:\/\/kuzeyinsesi.org\/wp-content\/uploads\/2024\/11\/beyarmudu-doga-parki-ve-dinlenme-alaniacilisi-5-.jpg","articleSection":["T\u00fcrkiye"],"inLanguage":"tr","potentialAction":[{"@type":"CommentAction","name":"Comment","target":["https:\/\/kuzeyinsesi.org\/index.php\/2024\/11\/29\/corum-belediyesi-beyarmudu-doga-parki-hizmete-acildi\/#respond"]}]},{"@type":"WebPage","@id":"https:\/\/kuzeyinsesi.org\/index.php\/2024\/11\/29\/corum-belediyesi-beyarmudu-doga-parki-hizmete-acildi\/","url":"https:\/\/kuzeyinsesi.org\/index.php\/2024\/11\/29\/corum-belediyesi-beyarmudu-doga-parki-hizmete-acildi\/","name":"\u201c\u00c7orum Belediyesi Beyarmudu Do\u011fa Park\u0131\u201d hizmete a\u00e7\u0131ld\u0131 - Kuzeyin Sesi","isPartOf":{"@id":"https:\/\/kuzeyinsesi.org\/#website"},"primaryImageOfPage":{"@id":"https:\/\/kuzeyinsesi.org\/index.php\/2024\/11\/29\/corum-belediyesi-beyarmudu-doga-parki-hizmete-acildi\/#primaryimage"},"image":{"@id":"https:\/\/kuzeyinsesi.org\/index.php\/2024\/11\/29\/corum-belediyesi-beyarmudu-doga-parki-hizmete-acildi\/#primaryimage"},"thumbnailUrl":"https:\/\/kuzeyinsesi.org\/wp-content\/uploads\/2024\/11\/beyarmudu-doga-parki-ve-dinlenme-alaniacilisi-5-.jpg","datePublished":"2024-11-29T15:59:15+00:00","author":{"@id":"https:\/\/kuzeyinsesi.org\/#\/schema\/person\/9f859689cdf01485597712386e37f5aa"},"breadcrumb":{"@id":"https:\/\/kuzeyinsesi.org\/index.php\/2024\/11\/29\/corum-belediyesi-beyarmudu-doga-parki-hizmete-acildi\/#breadcrumb"},"inLanguage":"tr","potentialAction":[{"@type":"ReadAction","target":["https:\/\/kuzeyinsesi.org\/index.php\/2024\/11\/29\/corum-belediyesi-beyarmudu-doga-parki-hizmete-acildi\/"]}]},{"@type":"ImageObject","inLanguage":"tr","@id":"https:\/\/kuzeyinsesi.org\/index.php\/2024\/11\/29\/corum-belediyesi-beyarmudu-doga-parki-hizmete-acildi\/#primaryimage","url":"https:\/\/kuzeyinsesi.org\/wp-content\/uploads\/2024\/11\/beyarmudu-doga-parki-ve-dinlenme-alaniacilisi-5-.jpg","contentUrl":"https:\/\/kuzeyinsesi.org\/wp-content\/uploads\/2024\/11\/beyarmudu-doga-parki-ve-dinlenme-alaniacilisi-5-.jpg","width":1600,"height":1066},{"@type":"BreadcrumbList","@id":"https:\/\/kuzeyinsesi.org\/index.php\/2024\/11\/29\/corum-belediyesi-beyarmudu-doga-parki-hizmete-acildi\/#breadcrumb","itemListElement":[{"@type":"ListItem","position":1,"name":"Anasayfa","item":"https:\/\/kuzeyinsesi.org\/"},{"@type":"ListItem","position":2,"name":"\u201c\u00c7orum Belediyesi Beyarmudu Do\u011fa Park\u0131\u201d hizmete a\u00e7\u0131ld\u0131"}]},{"@type":"WebSite","@id":"https:\/\/kuzeyinsesi.org\/#website","url":"https:\/\/kuzeyinsesi.org\/","name":"Kuzeyin Sesi","description":"Do\u011fru Haberin Adresi","potentialAction":[{"@type":"SearchAction","target":{"@type":"EntryPoint","urlTemplate":"https:\/\/kuzeyinsesi.org\/?s={search_term_string}"},"query-input":{"@type":"PropertyValueSpecification","valueRequired":true,"valueName":"search_term_string"}}],"inLanguage":"tr"},{"@type":"Person","@id":"https:\/\/kuzeyinsesi.org\/#\/schema\/person\/9f859689cdf01485597712386e37f5aa","name":"Kuzeyin Sesi","image":{"@type":"ImageObject","inLanguage":"tr","@id":"https:\/\/secure.gravatar.com\/avatar\/bab33852abfd8b282518d6ed81826833d77c3c882d9ab608add591ccace47a44?s=96&d=mm&r=g","url":"https:\/\/secure.gravatar.com\/avatar\/bab33852abfd8b282518d6ed81826833d77c3c882d9ab608add591ccace47a44?s=96&d=mm&r=g","contentUrl":"https:\/\/secure.gravatar.com\/avatar\/bab33852abfd8b282518d6ed81826833d77c3c882d9ab608add591ccace47a44?s=96&d=mm&r=g","caption":"Kuzeyin Sesi"},"sameAs":["https:\/\/kuzeyinsesi.org"],"url":"https:\/\/kuzeyinsesi.org\/index.php\/author\/guven\/"}]}},"_links":{"self":[{"href":"https:\/\/kuzeyinsesi.org\/index.php\/wp-json\/wp\/v2\/posts\/14611","targetHints":{"allow":["GET"]}}],"collection":[{"href":"https:\/\/kuzeyinsesi.org\/index.php\/wp-json\/wp\/v2\/posts"}],"about":[{"href":"https:\/\/kuzeyinsesi.org\/index.php\/wp-json\/wp\/v2\/types\/post"}],"author":[{"embeddable":true,"href":"https:\/\/kuzeyinsesi.org\/index.php\/wp-json\/wp\/v2\/users\/1"}],"replies":[{"embeddable":true,"href":"https:\/\/kuzeyinsesi.org\/index.php\/wp-json\/wp\/v2\/comments?post=14611"}],"version-history":[{"count":0,"href":"https:\/\/kuzeyinsesi.org\/index.php\/wp-json\/wp\/v2\/posts\/14611\/revisions"}],"wp:featuredmedia":[{"embeddable":true,"href":"https:\/\/kuzeyinsesi.org\/index.php\/wp-json\/wp\/v2\/media\/14612"}],"wp:attachment":[{"href":"https:\/\/kuzeyinsesi.org\/index.php\/wp-json\/wp\/v2\/media?parent=14611"}],"wp:term":[{"taxonomy":"category","embeddable":true,"href":"https:\/\/kuzeyinsesi.org\/index.php\/wp-json\/wp\/v2\/categories?post=14611"},{"taxonomy":"post_tag","embeddable":true,"href":"https:\/\/kuzeyinsesi.org\/index.php\/wp-json\/wp\/v2\/tags?post=14611"}],"curies":[{"name":"wp","href":"https:\/\/api.w.org\/{rel}","templated":true}]}}