{"id":14605,"date":"2024-11-29T17:01:02","date_gmt":"2024-11-29T15:01:02","guid":{"rendered":"https:\/\/kuzeyinsesi.org\/index.php\/2024\/11\/29\/simsek-buyume-ilimli-ve-dengeli-seyrediyor\/"},"modified":"2024-11-29T17:01:02","modified_gmt":"2024-11-29T15:01:02","slug":"simsek-buyume-ilimli-ve-dengeli-seyrediyor","status":"publish","type":"post","link":"https:\/\/kuzeyinsesi.org\/index.php\/2024\/11\/29\/simsek-buyume-ilimli-ve-dengeli-seyrediyor\/","title":{"rendered":"\u015eim\u015fek: B\u00fcy\u00fcme, \u0131l\u0131ml\u0131 ve dengeli seyrediyor"},"content":{"rendered":"<div>\n<div class=\"mariselle-image-container none\">\n                                            <\/div>\n<p style=\"font-weight: 300;\"><span style=\"font-weight: 300 !important;\">T\u00fcrkiye Hazine ve Maliye Bakan\u0131 Mehmet \u015eim\u015fek, dezenflasyon s\u00fcrecinde b\u00fcy\u00fcmenin, \u00f6ng\u00f6r\u00fcleri do\u011frultusunda \u0131l\u0131ml\u0131 ve dengeli seyretti\u011fini belirterek, \u201cEnflasyondaki d\u00fc\u015f\u00fc\u015fle birlikte artan \u00f6ng\u00f6r\u00fclebilirlik, ticaret ortaklar\u0131m\u0131zdaki toparlanma, k\u00fcresel ticaretteki iyile\u015fme ve destekleyici k\u00fcresel finansal ko\u015fullar sayesinde gelecek y\u0131l\u0131n ikinci yar\u0131s\u0131ndan itibaren ekonomik aktivitenin ivme kazanmas\u0131n\u0131 \u00f6ng\u00f6r\u00fcyoruz.\u201d ifadesini kulland\u0131.<\/span><\/p>\n<p style=\"font-weight: 300;\"><span style=\"font-weight: 300 !important;\">\u015eim\u015fek, sosyal medya hesab\u0131ndan, T\u00fcrkiye \u0130statistik Kurumu (T\u00dc\u0130K) taraf\u0131ndan a\u00e7\u0131klanan bu y\u0131l\u0131n \u00fc\u00e7\u00fcnc\u00fc \u00e7eyre\u011fine ili\u015fkin b\u00fcy\u00fcme rakamlar\u0131n\u0131 de\u011ferlendirdi.<\/span><\/p>\n<p style=\"font-weight: 300;\"><span style=\"font-weight: 300 !important;\">T\u00fcrkiye ekonomisinin 2024\u2019\u00fcn \u00fc\u00e7\u00fcnc\u00fc \u00e7eyre\u011finde y\u0131ll\u0131k y\u00fczde 2,1 b\u00fcy\u00fcd\u00fc\u011f\u00fcne dikkati \u00e7eken \u015eim\u015fek, b\u00f6ylece ilk \u00fc\u00e7 \u00e7eyrekteki b\u00fcy\u00fcmenin y\u0131ll\u0131k y\u00fczde 3,2 ger\u00e7ekle\u015fti\u011fini bildirdi.<\/span><\/p>\n<p style=\"font-weight: 300;\"><span style=\"font-weight: 300 !important;\">\u015eim\u015fek, milli gelirin y\u0131ll\u0131kland\u0131r\u0131lm\u0131\u015f olarak 1 trilyon 260 milyar dolara ula\u015ft\u0131\u011f\u0131 bilgisini vererek, \u201cMilli gelirimizin yakla\u015f\u0131k 4\u2019te 3\u2019\u00fcn\u00fc olu\u015fturan sanayi hari\u00e7 sekt\u00f6rlerde y\u0131ll\u0131k b\u00fcy\u00fcme devam ediyor. S\u00fcrd\u00fcr\u00fclebilir y\u00fcksek b\u00fcy\u00fcme i\u00e7in gerekli olan yeniden dengelenme, program\u0131m\u0131z sayesinde sa\u011fland\u0131. \u0130lk \u00fc\u00e7 \u00e7eyrekte i\u00e7 talep b\u00fcy\u00fcmeye 1,3 puan, net d\u0131\u015f talep ise 1,9 puan katk\u0131 verdi.\u201d de\u011ferlendirmesinde bulundu.<\/span><\/p>\n<p style=\"font-weight: 300;\"><span style=\"font-weight: 300 !important;\">\u2013 \u201c\u00d6nemli kazan\u0131mlar sa\u011flad\u0131k\u201d<\/span><\/p>\n<p style=\"font-weight: 300;\"><span style=\"font-weight: 300 !important;\">\u0130\u015f g\u00fcc\u00fc piyasas\u0131ndaki g\u00f6r\u00fcn\u00fcm\u00fcn, dezenflasyon s\u00fcrecinin k\u0131sa vadeli etkilerinin s\u0131n\u0131rl\u0131 oldu\u011funu g\u00f6sterdi\u011fini vurgulayan \u015eim\u015fek, \u00fc\u00e7\u00fcnc\u00fc \u00e7eyrekte mevsimsel d\u00fczeltilmi\u015f istihdam\u0131n y\u0131ll\u0131k 1 milyon ki\u015fi artt\u0131\u011f\u0131n\u0131, i\u015fsizlik oran\u0131n\u0131n 0,5 puan gerileyerek y\u00fczde 8,7\u2019ye d\u00fc\u015ft\u00fc\u011f\u00fcn\u00fc hat\u0131rlatt\u0131.<\/span><\/p>\n<p style=\"font-weight: 300;\"><span style=\"font-weight: 300 !important;\">\u015eim\u015fek, \u015fu ifadeleri kulland\u0131:<\/span><\/p>\n<p style=\"font-weight: 300;\"><span style=\"font-weight: 300 !important;\">\u201cKurala dayal\u0131 ve \u00f6ng\u00f6r\u00fclebilir politikalar\u0131m\u0131zla \u00f6nemli kazan\u0131mlar sa\u011flad\u0131k. Haziranda ba\u015flayan dezenflasyon s\u00fcrecinde y\u0131ll\u0131k enflasyon 26,9 puan azald\u0131. Mali disiplin g\u00fc\u00e7leniyor. Y\u0131ll\u0131kland\u0131r\u0131lm\u0131\u015f cari a\u00e7\u0131\u011f\u0131n milli gelire oran\u0131 \u00fc\u00e7\u00fcnc\u00fc \u00e7eyrekte 2023 y\u0131l\u0131n\u0131n ayn\u0131 d\u00f6nemine g\u00f6re 3,6 puan d\u00fc\u015ferek y\u00fczde 0,8\u2019e geriledi.\u201d<\/span><\/p>\n<p style=\"font-weight: 300;\"><span style=\"font-weight: 300 !important;\">\u2013 \u201cToplumsal refah\u0131 g\u00f6zetece\u011fiz\u201d<\/span><\/p>\n<p style=\"font-weight: 300;\"><span style=\"font-weight: 300 !important;\">T\u00fcrk liras\u0131na artan g\u00fcven ve d\u0131\u015f kaynak giri\u015fiyle \u00f6nemli \u00f6l\u00e7\u00fcde rezerv birikimi sa\u011fland\u0131\u011f\u0131n\u0131 belirten \u015eim\u015fek, \u00fc\u00e7 b\u00fcy\u00fck kredi derecelendirme kurulu\u015funun, T\u00fcrkiye\u2019nin kredi notunu bu y\u0131l iki kademe y\u00fckseltti\u011fine dikkati \u00e7ekti.<\/span><\/p>\n<p style=\"font-weight: 300;\"><span style=\"font-weight: 300 !important;\">B\u00fcy\u00fcmenin dengeli seyretti\u011finin alt\u0131n\u0131 \u00e7izen \u015eim\u015fek, \u015funlar\u0131 kaydetti:<\/span><\/p>\n<p style=\"font-weight: 300;\"><span style=\"font-weight: 300 !important;\">\u201cDezenflasyon s\u00fcrecinde b\u00fcy\u00fcme, \u00f6ng\u00f6r\u00fclerimiz do\u011frultusunda \u0131l\u0131ml\u0131 ve dengeli seyrediyor. Enflasyondaki d\u00fc\u015f\u00fc\u015fle birlikte artan \u00f6ng\u00f6r\u00fclebilirlik, ticaret ortaklar\u0131m\u0131zdaki toparlanma, k\u00fcresel ticaretteki iyile\u015fme ve destekleyici k\u00fcresel finansal ko\u015fullar sayesinde gelecek y\u0131l\u0131n ikinci yar\u0131s\u0131ndan itibaren ekonomik aktivitenin ivme kazanmas\u0131n\u0131 \u00f6ng\u00f6r\u00fcyoruz. Toplumun t\u00fcm kesimlerinin refah\u0131n\u0131 g\u00f6zeterek s\u00fcrd\u00fcr\u00fclebilir, y\u00fcksek ve kapsay\u0131c\u0131 b\u00fcy\u00fcme i\u00e7in \u00e7al\u0131\u015fmaya devam edece\u011fiz.\u201d<\/span><\/p>\n<p style=\"font-weight: 300;\">TAK\/BRT<\/p>\n<\/p><\/div>\n<p><script async\n                    defer\n                    crossorigin=\"anonymous\"\n                    src=\"https:\/\/connect.facebook.net\/tr_TR\/sdk.js#xfbml=1&#038;version=v3.3\"\n            ><\/script><\/p>\n","protected":false},"excerpt":{"rendered":"<p>T\u00fcrkiye Hazine ve Maliye Bakan\u0131 Mehmet \u015eim\u015fek, dezenflasyon s\u00fcrecinde b\u00fcy\u00fcmenin, \u00f6ng\u00f6r\u00fcleri do\u011frultusunda \u0131l\u0131ml\u0131 ve dengeli seyretti\u011fini belirterek, \u201cEnflasyondaki d\u00fc\u015f\u00fc\u015fle birlikte artan \u00f6ng\u00f6r\u00fclebilirlik, ticaret ortaklar\u0131m\u0131zdaki toparlanma, k\u00fcresel ticaretteki iyile\u015fme ve destekleyici k\u00fcresel finansal ko\u015fullar sayesinde gelecek y\u0131l\u0131n ikinci yar\u0131s\u0131ndan itibaren ekonomik aktivitenin ivme kazanmas\u0131n\u0131 \u00f6ng\u00f6r\u00fcyoruz.\u201d ifadesini kulland\u0131. \u015eim\u015fek, sosyal medya hesab\u0131ndan, T\u00fcrkiye \u0130statistik Kurumu (T\u00dc\u0130K) taraf\u0131ndan [&hellip;]<\/p>\n","protected":false},"author":1,"featured_media":14606,"comment_status":"open","ping_status":"open","sticky":false,"template":"","format":"standard","meta":{"jnews-multi-image_gallery":[],"jnews_single_post":[],"jnews_primary_category":[],"jnews_social_meta":[],"jnews_override_counter":[],"footnotes":""},"categories":[5],"tags":[],"class_list":["post-14605","post","type-post","status-publish","format-standard","has-post-thumbnail","hentry","category-turkiye"],"yoast_head":"<!-- This site is optimized with the Yoast SEO plugin v27.4 - https:\/\/yoast.com\/product\/yoast-seo-wordpress\/ -->\n<title>\u015eim\u015fek: B\u00fcy\u00fcme, \u0131l\u0131ml\u0131 ve dengeli seyrediyor - Kuzeyin Sesi<\/title>\n<meta name=\"robots\" content=\"index, follow, max-snippet:-1, max-image-preview:large, max-video-preview:-1\" \/>\n<link rel=\"canonical\" href=\"https:\/\/kuzeyinsesi.org\/index.php\/2024\/11\/29\/simsek-buyume-ilimli-ve-dengeli-seyrediyor\/\" \/>\n<meta property=\"og:locale\" content=\"tr_TR\" \/>\n<meta property=\"og:type\" content=\"article\" \/>\n<meta property=\"og:title\" content=\"\u015eim\u015fek: B\u00fcy\u00fcme, \u0131l\u0131ml\u0131 ve dengeli seyrediyor - Kuzeyin Sesi\" \/>\n<meta property=\"og:description\" content=\"T\u00fcrkiye Hazine ve Maliye Bakan\u0131 Mehmet \u015eim\u015fek, dezenflasyon s\u00fcrecinde b\u00fcy\u00fcmenin, \u00f6ng\u00f6r\u00fcleri do\u011frultusunda \u0131l\u0131ml\u0131 ve dengeli seyretti\u011fini belirterek, \u201cEnflasyondaki d\u00fc\u015f\u00fc\u015fle birlikte artan \u00f6ng\u00f6r\u00fclebilirlik, ticaret ortaklar\u0131m\u0131zdaki toparlanma, k\u00fcresel ticaretteki iyile\u015fme ve destekleyici k\u00fcresel finansal ko\u015fullar sayesinde gelecek y\u0131l\u0131n ikinci yar\u0131s\u0131ndan itibaren ekonomik aktivitenin ivme kazanmas\u0131n\u0131 \u00f6ng\u00f6r\u00fcyoruz.\u201d ifadesini kulland\u0131. \u015eim\u015fek, sosyal medya hesab\u0131ndan, T\u00fcrkiye \u0130statistik Kurumu (T\u00dc\u0130K) taraf\u0131ndan [&hellip;]\" \/>\n<meta property=\"og:url\" content=\"https:\/\/kuzeyinsesi.org\/index.php\/2024\/11\/29\/simsek-buyume-ilimli-ve-dengeli-seyrediyor\/\" \/>\n<meta property=\"og:site_name\" content=\"Kuzeyin Sesi\" \/>\n<meta property=\"article:publisher\" content=\"https:\/\/www.facebook.com\/kuzeyinsesii\" \/>\n<meta property=\"article:published_time\" content=\"2024-11-29T15:01:02+00:00\" \/>\n<meta property=\"og:image\" content=\"https:\/\/brtk.net\/wp-content\/uploads\/2024\/11\/29\/SIMSEK.jpg?ver=8fd68b659156a89ca4cd164427120e5d\" \/>\n<meta name=\"author\" content=\"Kuzeyin Sesi\" \/>\n<meta name=\"twitter:card\" content=\"summary_large_image\" \/>\n<meta name=\"twitter:creator\" content=\"@kuzeyinsesii\" \/>\n<meta name=\"twitter:site\" content=\"@kuzeyinsesii\" \/>\n<meta name=\"twitter:label1\" content=\"Yazan:\" \/>\n\t<meta name=\"twitter:data1\" content=\"Kuzeyin Sesi\" \/>\n\t<meta name=\"twitter:label2\" content=\"Tahmini okuma s\u00fcresi\" \/>\n\t<meta name=\"twitter:data2\" content=\"2 dakika\" \/>\n<script type=\"application\/ld+json\" class=\"yoast-schema-graph\">{\"@context\":\"https:\\\/\\\/schema.org\",\"@graph\":[{\"@type\":\"Article\",\"@id\":\"https:\\\/\\\/kuzeyinsesi.org\\\/index.php\\\/2024\\\/11\\\/29\\\/simsek-buyume-ilimli-ve-dengeli-seyrediyor\\\/#article\",\"isPartOf\":{\"@id\":\"https:\\\/\\\/kuzeyinsesi.org\\\/index.php\\\/2024\\\/11\\\/29\\\/simsek-buyume-ilimli-ve-dengeli-seyrediyor\\\/\"},\"author\":{\"name\":\"Kuzeyin Sesi\",\"@id\":\"https:\\\/\\\/kuzeyinsesi.org\\\/#\\\/schema\\\/person\\\/9f859689cdf01485597712386e37f5aa\"},\"headline\":\"\u015eim\u015fek: B\u00fcy\u00fcme, \u0131l\u0131ml\u0131 ve dengeli seyrediyor\",\"datePublished\":\"2024-11-29T15:01:02+00:00\",\"mainEntityOfPage\":{\"@id\":\"https:\\\/\\\/kuzeyinsesi.org\\\/index.php\\\/2024\\\/11\\\/29\\\/simsek-buyume-ilimli-ve-dengeli-seyrediyor\\\/\"},\"wordCount\":506,\"commentCount\":0,\"image\":{\"@id\":\"https:\\\/\\\/kuzeyinsesi.org\\\/index.php\\\/2024\\\/11\\\/29\\\/simsek-buyume-ilimli-ve-dengeli-seyrediyor\\\/#primaryimage\"},\"thumbnailUrl\":\"https:\\\/\\\/kuzeyinsesi.org\\\/wp-content\\\/uploads\\\/2024\\\/11\\\/SIMSEK.jpg\",\"articleSection\":[\"T\u00fcrkiye\"],\"inLanguage\":\"tr\",\"potentialAction\":[{\"@type\":\"CommentAction\",\"name\":\"Comment\",\"target\":[\"https:\\\/\\\/kuzeyinsesi.org\\\/index.php\\\/2024\\\/11\\\/29\\\/simsek-buyume-ilimli-ve-dengeli-seyrediyor\\\/#respond\"]}]},{\"@type\":\"WebPage\",\"@id\":\"https:\\\/\\\/kuzeyinsesi.org\\\/index.php\\\/2024\\\/11\\\/29\\\/simsek-buyume-ilimli-ve-dengeli-seyrediyor\\\/\",\"url\":\"https:\\\/\\\/kuzeyinsesi.org\\\/index.php\\\/2024\\\/11\\\/29\\\/simsek-buyume-ilimli-ve-dengeli-seyrediyor\\\/\",\"name\":\"\u015eim\u015fek: B\u00fcy\u00fcme, \u0131l\u0131ml\u0131 ve dengeli seyrediyor - Kuzeyin Sesi\",\"isPartOf\":{\"@id\":\"https:\\\/\\\/kuzeyinsesi.org\\\/#website\"},\"primaryImageOfPage\":{\"@id\":\"https:\\\/\\\/kuzeyinsesi.org\\\/index.php\\\/2024\\\/11\\\/29\\\/simsek-buyume-ilimli-ve-dengeli-seyrediyor\\\/#primaryimage\"},\"image\":{\"@id\":\"https:\\\/\\\/kuzeyinsesi.org\\\/index.php\\\/2024\\\/11\\\/29\\\/simsek-buyume-ilimli-ve-dengeli-seyrediyor\\\/#primaryimage\"},\"thumbnailUrl\":\"https:\\\/\\\/kuzeyinsesi.org\\\/wp-content\\\/uploads\\\/2024\\\/11\\\/SIMSEK.jpg\",\"datePublished\":\"2024-11-29T15:01:02+00:00\",\"author\":{\"@id\":\"https:\\\/\\\/kuzeyinsesi.org\\\/#\\\/schema\\\/person\\\/9f859689cdf01485597712386e37f5aa\"},\"breadcrumb\":{\"@id\":\"https:\\\/\\\/kuzeyinsesi.org\\\/index.php\\\/2024\\\/11\\\/29\\\/simsek-buyume-ilimli-ve-dengeli-seyrediyor\\\/#breadcrumb\"},\"inLanguage\":\"tr\",\"potentialAction\":[{\"@type\":\"ReadAction\",\"target\":[\"https:\\\/\\\/kuzeyinsesi.org\\\/index.php\\\/2024\\\/11\\\/29\\\/simsek-buyume-ilimli-ve-dengeli-seyrediyor\\\/\"]}]},{\"@type\":\"ImageObject\",\"inLanguage\":\"tr\",\"@id\":\"https:\\\/\\\/kuzeyinsesi.org\\\/index.php\\\/2024\\\/11\\\/29\\\/simsek-buyume-ilimli-ve-dengeli-seyrediyor\\\/#primaryimage\",\"url\":\"https:\\\/\\\/kuzeyinsesi.org\\\/wp-content\\\/uploads\\\/2024\\\/11\\\/SIMSEK.jpg\",\"contentUrl\":\"https:\\\/\\\/kuzeyinsesi.org\\\/wp-content\\\/uploads\\\/2024\\\/11\\\/SIMSEK.jpg\",\"width\":864,\"height\":486},{\"@type\":\"BreadcrumbList\",\"@id\":\"https:\\\/\\\/kuzeyinsesi.org\\\/index.php\\\/2024\\\/11\\\/29\\\/simsek-buyume-ilimli-ve-dengeli-seyrediyor\\\/#breadcrumb\",\"itemListElement\":[{\"@type\":\"ListItem\",\"position\":1,\"name\":\"Anasayfa\",\"item\":\"https:\\\/\\\/kuzeyinsesi.org\\\/\"},{\"@type\":\"ListItem\",\"position\":2,\"name\":\"\u015eim\u015fek: B\u00fcy\u00fcme, \u0131l\u0131ml\u0131 ve dengeli seyrediyor\"}]},{\"@type\":\"WebSite\",\"@id\":\"https:\\\/\\\/kuzeyinsesi.org\\\/#website\",\"url\":\"https:\\\/\\\/kuzeyinsesi.org\\\/\",\"name\":\"Kuzeyin Sesi\",\"description\":\"Do\u011fru Haberin Adresi\",\"potentialAction\":[{\"@type\":\"SearchAction\",\"target\":{\"@type\":\"EntryPoint\",\"urlTemplate\":\"https:\\\/\\\/kuzeyinsesi.org\\\/?s={search_term_string}\"},\"query-input\":{\"@type\":\"PropertyValueSpecification\",\"valueRequired\":true,\"valueName\":\"search_term_string\"}}],\"inLanguage\":\"tr\"},{\"@type\":\"Person\",\"@id\":\"https:\\\/\\\/kuzeyinsesi.org\\\/#\\\/schema\\\/person\\\/9f859689cdf01485597712386e37f5aa\",\"name\":\"Kuzeyin Sesi\",\"image\":{\"@type\":\"ImageObject\",\"inLanguage\":\"tr\",\"@id\":\"https:\\\/\\\/secure.gravatar.com\\\/avatar\\\/bab33852abfd8b282518d6ed81826833d77c3c882d9ab608add591ccace47a44?s=96&d=mm&r=g\",\"url\":\"https:\\\/\\\/secure.gravatar.com\\\/avatar\\\/bab33852abfd8b282518d6ed81826833d77c3c882d9ab608add591ccace47a44?s=96&d=mm&r=g\",\"contentUrl\":\"https:\\\/\\\/secure.gravatar.com\\\/avatar\\\/bab33852abfd8b282518d6ed81826833d77c3c882d9ab608add591ccace47a44?s=96&d=mm&r=g\",\"caption\":\"Kuzeyin Sesi\"},\"sameAs\":[\"https:\\\/\\\/kuzeyinsesi.org\"],\"url\":\"https:\\\/\\\/kuzeyinsesi.org\\\/index.php\\\/author\\\/guven\\\/\"}]}<\/script>\n<!-- \/ Yoast SEO plugin. -->","yoast_head_json":{"title":"\u015eim\u015fek: B\u00fcy\u00fcme, \u0131l\u0131ml\u0131 ve dengeli seyrediyor - Kuzeyin Sesi","robots":{"index":"index","follow":"follow","max-snippet":"max-snippet:-1","max-image-preview":"max-image-preview:large","max-video-preview":"max-video-preview:-1"},"canonical":"https:\/\/kuzeyinsesi.org\/index.php\/2024\/11\/29\/simsek-buyume-ilimli-ve-dengeli-seyrediyor\/","og_locale":"tr_TR","og_type":"article","og_title":"\u015eim\u015fek: B\u00fcy\u00fcme, \u0131l\u0131ml\u0131 ve dengeli seyrediyor - Kuzeyin Sesi","og_description":"T\u00fcrkiye Hazine ve Maliye Bakan\u0131 Mehmet \u015eim\u015fek, dezenflasyon s\u00fcrecinde b\u00fcy\u00fcmenin, \u00f6ng\u00f6r\u00fcleri do\u011frultusunda \u0131l\u0131ml\u0131 ve dengeli seyretti\u011fini belirterek, \u201cEnflasyondaki d\u00fc\u015f\u00fc\u015fle birlikte artan \u00f6ng\u00f6r\u00fclebilirlik, ticaret ortaklar\u0131m\u0131zdaki toparlanma, k\u00fcresel ticaretteki iyile\u015fme ve destekleyici k\u00fcresel finansal ko\u015fullar sayesinde gelecek y\u0131l\u0131n ikinci yar\u0131s\u0131ndan itibaren ekonomik aktivitenin ivme kazanmas\u0131n\u0131 \u00f6ng\u00f6r\u00fcyoruz.\u201d ifadesini kulland\u0131. \u015eim\u015fek, sosyal medya hesab\u0131ndan, T\u00fcrkiye \u0130statistik Kurumu (T\u00dc\u0130K) taraf\u0131ndan [&hellip;]","og_url":"https:\/\/kuzeyinsesi.org\/index.php\/2024\/11\/29\/simsek-buyume-ilimli-ve-dengeli-seyrediyor\/","og_site_name":"Kuzeyin Sesi","article_publisher":"https:\/\/www.facebook.com\/kuzeyinsesii","article_published_time":"2024-11-29T15:01:02+00:00","og_image":[{"url":"https:\/\/brtk.net\/wp-content\/uploads\/2024\/11\/29\/SIMSEK.jpg?ver=8fd68b659156a89ca4cd164427120e5d","type":"","width":"","height":""}],"author":"Kuzeyin Sesi","twitter_card":"summary_large_image","twitter_creator":"@kuzeyinsesii","twitter_site":"@kuzeyinsesii","twitter_misc":{"Yazan:":"Kuzeyin Sesi","Tahmini okuma s\u00fcresi":"2 dakika"},"schema":{"@context":"https:\/\/schema.org","@graph":[{"@type":"Article","@id":"https:\/\/kuzeyinsesi.org\/index.php\/2024\/11\/29\/simsek-buyume-ilimli-ve-dengeli-seyrediyor\/#article","isPartOf":{"@id":"https:\/\/kuzeyinsesi.org\/index.php\/2024\/11\/29\/simsek-buyume-ilimli-ve-dengeli-seyrediyor\/"},"author":{"name":"Kuzeyin Sesi","@id":"https:\/\/kuzeyinsesi.org\/#\/schema\/person\/9f859689cdf01485597712386e37f5aa"},"headline":"\u015eim\u015fek: B\u00fcy\u00fcme, \u0131l\u0131ml\u0131 ve dengeli seyrediyor","datePublished":"2024-11-29T15:01:02+00:00","mainEntityOfPage":{"@id":"https:\/\/kuzeyinsesi.org\/index.php\/2024\/11\/29\/simsek-buyume-ilimli-ve-dengeli-seyrediyor\/"},"wordCount":506,"commentCount":0,"image":{"@id":"https:\/\/kuzeyinsesi.org\/index.php\/2024\/11\/29\/simsek-buyume-ilimli-ve-dengeli-seyrediyor\/#primaryimage"},"thumbnailUrl":"https:\/\/kuzeyinsesi.org\/wp-content\/uploads\/2024\/11\/SIMSEK.jpg","articleSection":["T\u00fcrkiye"],"inLanguage":"tr","potentialAction":[{"@type":"CommentAction","name":"Comment","target":["https:\/\/kuzeyinsesi.org\/index.php\/2024\/11\/29\/simsek-buyume-ilimli-ve-dengeli-seyrediyor\/#respond"]}]},{"@type":"WebPage","@id":"https:\/\/kuzeyinsesi.org\/index.php\/2024\/11\/29\/simsek-buyume-ilimli-ve-dengeli-seyrediyor\/","url":"https:\/\/kuzeyinsesi.org\/index.php\/2024\/11\/29\/simsek-buyume-ilimli-ve-dengeli-seyrediyor\/","name":"\u015eim\u015fek: B\u00fcy\u00fcme, \u0131l\u0131ml\u0131 ve dengeli seyrediyor - Kuzeyin Sesi","isPartOf":{"@id":"https:\/\/kuzeyinsesi.org\/#website"},"primaryImageOfPage":{"@id":"https:\/\/kuzeyinsesi.org\/index.php\/2024\/11\/29\/simsek-buyume-ilimli-ve-dengeli-seyrediyor\/#primaryimage"},"image":{"@id":"https:\/\/kuzeyinsesi.org\/index.php\/2024\/11\/29\/simsek-buyume-ilimli-ve-dengeli-seyrediyor\/#primaryimage"},"thumbnailUrl":"https:\/\/kuzeyinsesi.org\/wp-content\/uploads\/2024\/11\/SIMSEK.jpg","datePublished":"2024-11-29T15:01:02+00:00","author":{"@id":"https:\/\/kuzeyinsesi.org\/#\/schema\/person\/9f859689cdf01485597712386e37f5aa"},"breadcrumb":{"@id":"https:\/\/kuzeyinsesi.org\/index.php\/2024\/11\/29\/simsek-buyume-ilimli-ve-dengeli-seyrediyor\/#breadcrumb"},"inLanguage":"tr","potentialAction":[{"@type":"ReadAction","target":["https:\/\/kuzeyinsesi.org\/index.php\/2024\/11\/29\/simsek-buyume-ilimli-ve-dengeli-seyrediyor\/"]}]},{"@type":"ImageObject","inLanguage":"tr","@id":"https:\/\/kuzeyinsesi.org\/index.php\/2024\/11\/29\/simsek-buyume-ilimli-ve-dengeli-seyrediyor\/#primaryimage","url":"https:\/\/kuzeyinsesi.org\/wp-content\/uploads\/2024\/11\/SIMSEK.jpg","contentUrl":"https:\/\/kuzeyinsesi.org\/wp-content\/uploads\/2024\/11\/SIMSEK.jpg","width":864,"height":486},{"@type":"BreadcrumbList","@id":"https:\/\/kuzeyinsesi.org\/index.php\/2024\/11\/29\/simsek-buyume-ilimli-ve-dengeli-seyrediyor\/#breadcrumb","itemListElement":[{"@type":"ListItem","position":1,"name":"Anasayfa","item":"https:\/\/kuzeyinsesi.org\/"},{"@type":"ListItem","position":2,"name":"\u015eim\u015fek: B\u00fcy\u00fcme, \u0131l\u0131ml\u0131 ve dengeli seyrediyor"}]},{"@type":"WebSite","@id":"https:\/\/kuzeyinsesi.org\/#website","url":"https:\/\/kuzeyinsesi.org\/","name":"Kuzeyin Sesi","description":"Do\u011fru Haberin Adresi","potentialAction":[{"@type":"SearchAction","target":{"@type":"EntryPoint","urlTemplate":"https:\/\/kuzeyinsesi.org\/?s={search_term_string}"},"query-input":{"@type":"PropertyValueSpecification","valueRequired":true,"valueName":"search_term_string"}}],"inLanguage":"tr"},{"@type":"Person","@id":"https:\/\/kuzeyinsesi.org\/#\/schema\/person\/9f859689cdf01485597712386e37f5aa","name":"Kuzeyin Sesi","image":{"@type":"ImageObject","inLanguage":"tr","@id":"https:\/\/secure.gravatar.com\/avatar\/bab33852abfd8b282518d6ed81826833d77c3c882d9ab608add591ccace47a44?s=96&d=mm&r=g","url":"https:\/\/secure.gravatar.com\/avatar\/bab33852abfd8b282518d6ed81826833d77c3c882d9ab608add591ccace47a44?s=96&d=mm&r=g","contentUrl":"https:\/\/secure.gravatar.com\/avatar\/bab33852abfd8b282518d6ed81826833d77c3c882d9ab608add591ccace47a44?s=96&d=mm&r=g","caption":"Kuzeyin Sesi"},"sameAs":["https:\/\/kuzeyinsesi.org"],"url":"https:\/\/kuzeyinsesi.org\/index.php\/author\/guven\/"}]}},"_links":{"self":[{"href":"https:\/\/kuzeyinsesi.org\/index.php\/wp-json\/wp\/v2\/posts\/14605","targetHints":{"allow":["GET"]}}],"collection":[{"href":"https:\/\/kuzeyinsesi.org\/index.php\/wp-json\/wp\/v2\/posts"}],"about":[{"href":"https:\/\/kuzeyinsesi.org\/index.php\/wp-json\/wp\/v2\/types\/post"}],"author":[{"embeddable":true,"href":"https:\/\/kuzeyinsesi.org\/index.php\/wp-json\/wp\/v2\/users\/1"}],"replies":[{"embeddable":true,"href":"https:\/\/kuzeyinsesi.org\/index.php\/wp-json\/wp\/v2\/comments?post=14605"}],"version-history":[{"count":0,"href":"https:\/\/kuzeyinsesi.org\/index.php\/wp-json\/wp\/v2\/posts\/14605\/revisions"}],"wp:featuredmedia":[{"embeddable":true,"href":"https:\/\/kuzeyinsesi.org\/index.php\/wp-json\/wp\/v2\/media\/14606"}],"wp:attachment":[{"href":"https:\/\/kuzeyinsesi.org\/index.php\/wp-json\/wp\/v2\/media?parent=14605"}],"wp:term":[{"taxonomy":"category","embeddable":true,"href":"https:\/\/kuzeyinsesi.org\/index.php\/wp-json\/wp\/v2\/categories?post=14605"},{"taxonomy":"post_tag","embeddable":true,"href":"https:\/\/kuzeyinsesi.org\/index.php\/wp-json\/wp\/v2\/tags?post=14605"}],"curies":[{"name":"wp","href":"https:\/\/api.w.org\/{rel}","templated":true}]}}