{"id":14601,"date":"2024-11-29T16:17:04","date_gmt":"2024-11-29T14:17:04","guid":{"rendered":"https:\/\/kuzeyinsesi.org\/index.php\/2024\/11\/29\/kucukcekmece-il-milli-egitim-mudurlugu-dauyu-ziyaret-etti\/"},"modified":"2024-11-29T16:17:04","modified_gmt":"2024-11-29T14:17:04","slug":"kucukcekmece-il-milli-egitim-mudurlugu-dauyu-ziyaret-etti","status":"publish","type":"post","link":"https:\/\/kuzeyinsesi.org\/index.php\/2024\/11\/29\/kucukcekmece-il-milli-egitim-mudurlugu-dauyu-ziyaret-etti\/","title":{"rendered":"K\u00fc\u00e7\u00fck\u00e7ekmece \u0130l Milli E\u011fitim M\u00fcd\u00fcrl\u00fc\u011f\u00fc DA\u00dc\u2019y\u00fc ziyaret etti"},"content":{"rendered":"<div>\n<div class=\"mariselle-image-container none\">\n                                            <\/div>\n<p style=\"font-weight: 300;\">K\u00fc\u00e7\u00fck\u00e7ekmece \u0130l Milli E\u011fitim M\u00fcd\u00fcrl\u00fc\u011f\u00fc, Do\u011fu Akdeniz \u00dcniversitesi (DA\u00dc) Rekt\u00f6rl\u00fc\u011f\u00fc\u2019n\u00fc ziyaret etti.<\/p>\n<p style=\"font-weight: 300;\">DA\u00dc\u2019den verilen bilgiye g\u00f6re, d\u00fcn saat 10.00\u2019da ger\u00e7ekle\u015ftirilen ziyaret kapsam\u0131nda K\u00fc\u00e7\u00fck\u00e7ekmece \u0130l Milli E\u011fitim M\u00fcd\u00fcrl\u00fc\u011f\u00fc \u015eube M\u00fcd\u00fcr\u00fc Osman \u00d6zg\u00fcr \u00d6zgen\u00e7, Proje Uzman\u0131 ve Okul M\u00fcd\u00fcr\u00fc \u00d6mer Faruk Erdo\u011fan, Proje Meslek Lisesi Okul M\u00fcd\u00fcr\u00fc Ercan Aksakal ile \u00d6\u011fretmenevi M\u00fcd\u00fcr\u00fc ve yetkili sendika \u015eube Ba\u015fkan Yard\u0131mc\u0131s\u0131 Mustafa A\u011faca DA\u00dc Rekt\u00f6r\u00fc Prof. Dr. Hasan K\u0131l\u0131\u00e7\u2019\u0131 makam\u0131nda ziyaret etti.<\/p>\n<p style=\"font-weight: 300;\">Ziyarette DA\u00dc \u00d6\u011frenci \u0130\u015flerinden Sorumlu Rekt\u00f6r Yard\u0131mc\u0131s\u0131 Prof. Dr. Sonu\u00e7 Zorlu, Tan\u0131t\u0131m ve Kurumsal \u0130leti\u015fimden Sorumlu Rekt\u00f6r Yard\u0131mc\u0131s\u0131 Prof. Dr. Ali \u00d6zt\u00fcren, Uluslararas\u0131, TC ve KKTC Tan\u0131t\u0131m Koordinat\u00f6r\u00fc Murat Aktu\u011fral\u0131 ile G\u00f6rsel Medya \u0130\u015fleri Koordinat\u00f6r\u00fc \u015e. Serkan \u015een haz\u0131r bulundu.<\/p>\n<p style=\"font-weight: 300;\">Ziyarette DA\u00dc\u2019de bulunmaktan duyulan memnuniyeti dile getiren K\u00fc\u00e7\u00fck\u00e7ekmece \u0130l Milli E\u011fitim M\u00fcd\u00fcrl\u00fc\u011f\u00fc yetkilileri DA\u00dc\u2019n\u00fcn y\u00fcksek\u00f6\u011fretimdeki geli\u015fimini her zaman takip ettiklerini belirttiler. Prof. Dr. K\u0131l\u0131\u00e7, K\u00fc\u00e7\u00fck\u00e7ekmece \u0130l Milli E\u011fitim M\u00fcd\u00fcrl\u00fc\u011f\u00fc yetkililerini DA\u00dc\u2019de a\u011f\u0131rlamaktan onur duyduklar\u0131n\u0131 belirterek, her iki kurum aras\u0131nda yap\u0131labilecek ortak projeler \u00fczerine g\u00f6r\u00fc\u015f al\u0131\u015fveri\u015fi ger\u00e7ekle\u015ftirdiler.<\/p>\n<p style=\"font-weight: 300;\">K\u0131sa d\u00f6nem kurs, sertifika programlar\u0131, mesleki e\u011fitim ve il\u00e7e genelinden gelecek \u00f6\u011frencilere sunulacak imkanlar ile ilgili konular\u0131n g\u00f6r\u00fc\u015f\u00fcld\u00fc\u011f\u00fc ziyaret sonunda\u00a0 hediye takdimi ger\u00e7ekle\u015ftirildi.<\/p>\n<p>\u00a0<\/p>\n<p>TAK\/BRT<\/p>\n<\/p><\/div>\n<p><script async\n                    defer\n                    crossorigin=\"anonymous\"\n                    src=\"https:\/\/connect.facebook.net\/tr_TR\/sdk.js#xfbml=1&#038;version=v3.3\"\n            ><\/script><\/p>\n","protected":false},"excerpt":{"rendered":"<p>K\u00fc\u00e7\u00fck\u00e7ekmece \u0130l Milli E\u011fitim M\u00fcd\u00fcrl\u00fc\u011f\u00fc, Do\u011fu Akdeniz \u00dcniversitesi (DA\u00dc) Rekt\u00f6rl\u00fc\u011f\u00fc\u2019n\u00fc ziyaret etti. DA\u00dc\u2019den verilen bilgiye g\u00f6re, d\u00fcn saat 10.00\u2019da ger\u00e7ekle\u015ftirilen ziyaret kapsam\u0131nda K\u00fc\u00e7\u00fck\u00e7ekmece \u0130l Milli E\u011fitim M\u00fcd\u00fcrl\u00fc\u011f\u00fc \u015eube M\u00fcd\u00fcr\u00fc Osman \u00d6zg\u00fcr \u00d6zgen\u00e7, Proje Uzman\u0131 ve Okul M\u00fcd\u00fcr\u00fc \u00d6mer Faruk Erdo\u011fan, Proje Meslek Lisesi Okul M\u00fcd\u00fcr\u00fc Ercan Aksakal ile \u00d6\u011fretmenevi M\u00fcd\u00fcr\u00fc ve yetkili sendika \u015eube Ba\u015fkan [&hellip;]<\/p>\n","protected":false},"author":1,"featured_media":14602,"comment_status":"open","ping_status":"open","sticky":false,"template":"","format":"standard","meta":{"jnews-multi-image_gallery":[],"jnews_single_post":[],"jnews_primary_category":[],"jnews_social_meta":[],"jnews_override_counter":[],"footnotes":""},"categories":[5],"tags":[],"class_list":["post-14601","post","type-post","status-publish","format-standard","has-post-thumbnail","hentry","category-turkiye"],"yoast_head":"<!-- This site is optimized with the Yoast SEO plugin v27.4 - https:\/\/yoast.com\/product\/yoast-seo-wordpress\/ -->\n<title>K\u00fc\u00e7\u00fck\u00e7ekmece \u0130l Milli E\u011fitim M\u00fcd\u00fcrl\u00fc\u011f\u00fc DA\u00dc\u2019y\u00fc ziyaret etti - Kuzeyin Sesi<\/title>\n<meta name=\"robots\" content=\"index, follow, max-snippet:-1, max-image-preview:large, max-video-preview:-1\" \/>\n<link rel=\"canonical\" href=\"https:\/\/kuzeyinsesi.org\/index.php\/2024\/11\/29\/kucukcekmece-il-milli-egitim-mudurlugu-dauyu-ziyaret-etti\/\" \/>\n<meta property=\"og:locale\" content=\"tr_TR\" \/>\n<meta property=\"og:type\" content=\"article\" \/>\n<meta property=\"og:title\" content=\"K\u00fc\u00e7\u00fck\u00e7ekmece \u0130l Milli E\u011fitim M\u00fcd\u00fcrl\u00fc\u011f\u00fc DA\u00dc\u2019y\u00fc ziyaret etti - Kuzeyin Sesi\" \/>\n<meta property=\"og:description\" content=\"K\u00fc\u00e7\u00fck\u00e7ekmece \u0130l Milli E\u011fitim M\u00fcd\u00fcrl\u00fc\u011f\u00fc, Do\u011fu Akdeniz \u00dcniversitesi (DA\u00dc) Rekt\u00f6rl\u00fc\u011f\u00fc\u2019n\u00fc ziyaret etti. DA\u00dc\u2019den verilen bilgiye g\u00f6re, d\u00fcn saat 10.00\u2019da ger\u00e7ekle\u015ftirilen ziyaret kapsam\u0131nda K\u00fc\u00e7\u00fck\u00e7ekmece \u0130l Milli E\u011fitim M\u00fcd\u00fcrl\u00fc\u011f\u00fc \u015eube M\u00fcd\u00fcr\u00fc Osman \u00d6zg\u00fcr \u00d6zgen\u00e7, Proje Uzman\u0131 ve Okul M\u00fcd\u00fcr\u00fc \u00d6mer Faruk Erdo\u011fan, Proje Meslek Lisesi Okul M\u00fcd\u00fcr\u00fc Ercan Aksakal ile \u00d6\u011fretmenevi M\u00fcd\u00fcr\u00fc ve yetkili sendika \u015eube Ba\u015fkan [&hellip;]\" \/>\n<meta property=\"og:url\" content=\"https:\/\/kuzeyinsesi.org\/index.php\/2024\/11\/29\/kucukcekmece-il-milli-egitim-mudurlugu-dauyu-ziyaret-etti\/\" \/>\n<meta property=\"og:site_name\" content=\"Kuzeyin Sesi\" \/>\n<meta property=\"article:publisher\" content=\"https:\/\/www.facebook.com\/kuzeyinsesii\" \/>\n<meta property=\"article:published_time\" content=\"2024-11-29T14:17:04+00:00\" \/>\n<meta property=\"og:image\" content=\"https:\/\/brtk.net\/wp-content\/uploads\/2024\/11\/29\/dau-ziyaret-2-.jpg?ver=5fa354d1416459d946dc67e31ba9d91c\" \/>\n<meta name=\"author\" content=\"Kuzeyin Sesi\" \/>\n<meta name=\"twitter:card\" content=\"summary_large_image\" \/>\n<meta name=\"twitter:creator\" content=\"@kuzeyinsesii\" \/>\n<meta name=\"twitter:site\" content=\"@kuzeyinsesii\" \/>\n<meta name=\"twitter:label1\" content=\"Yazan:\" \/>\n\t<meta name=\"twitter:data1\" content=\"Kuzeyin Sesi\" \/>\n\t<meta name=\"twitter:label2\" content=\"Tahmini okuma s\u00fcresi\" \/>\n\t<meta name=\"twitter:data2\" content=\"1 dakika\" \/>\n<script type=\"application\/ld+json\" class=\"yoast-schema-graph\">{\"@context\":\"https:\\\/\\\/schema.org\",\"@graph\":[{\"@type\":\"Article\",\"@id\":\"https:\\\/\\\/kuzeyinsesi.org\\\/index.php\\\/2024\\\/11\\\/29\\\/kucukcekmece-il-milli-egitim-mudurlugu-dauyu-ziyaret-etti\\\/#article\",\"isPartOf\":{\"@id\":\"https:\\\/\\\/kuzeyinsesi.org\\\/index.php\\\/2024\\\/11\\\/29\\\/kucukcekmece-il-milli-egitim-mudurlugu-dauyu-ziyaret-etti\\\/\"},\"author\":{\"name\":\"Kuzeyin Sesi\",\"@id\":\"https:\\\/\\\/kuzeyinsesi.org\\\/#\\\/schema\\\/person\\\/9f859689cdf01485597712386e37f5aa\"},\"headline\":\"K\u00fc\u00e7\u00fck\u00e7ekmece \u0130l Milli E\u011fitim M\u00fcd\u00fcrl\u00fc\u011f\u00fc DA\u00dc\u2019y\u00fc ziyaret etti\",\"datePublished\":\"2024-11-29T14:17:04+00:00\",\"mainEntityOfPage\":{\"@id\":\"https:\\\/\\\/kuzeyinsesi.org\\\/index.php\\\/2024\\\/11\\\/29\\\/kucukcekmece-il-milli-egitim-mudurlugu-dauyu-ziyaret-etti\\\/\"},\"wordCount\":280,\"commentCount\":0,\"image\":{\"@id\":\"https:\\\/\\\/kuzeyinsesi.org\\\/index.php\\\/2024\\\/11\\\/29\\\/kucukcekmece-il-milli-egitim-mudurlugu-dauyu-ziyaret-etti\\\/#primaryimage\"},\"thumbnailUrl\":\"https:\\\/\\\/kuzeyinsesi.org\\\/wp-content\\\/uploads\\\/2024\\\/11\\\/dau-ziyaret-2-.jpg\",\"articleSection\":[\"T\u00fcrkiye\"],\"inLanguage\":\"tr\",\"potentialAction\":[{\"@type\":\"CommentAction\",\"name\":\"Comment\",\"target\":[\"https:\\\/\\\/kuzeyinsesi.org\\\/index.php\\\/2024\\\/11\\\/29\\\/kucukcekmece-il-milli-egitim-mudurlugu-dauyu-ziyaret-etti\\\/#respond\"]}]},{\"@type\":\"WebPage\",\"@id\":\"https:\\\/\\\/kuzeyinsesi.org\\\/index.php\\\/2024\\\/11\\\/29\\\/kucukcekmece-il-milli-egitim-mudurlugu-dauyu-ziyaret-etti\\\/\",\"url\":\"https:\\\/\\\/kuzeyinsesi.org\\\/index.php\\\/2024\\\/11\\\/29\\\/kucukcekmece-il-milli-egitim-mudurlugu-dauyu-ziyaret-etti\\\/\",\"name\":\"K\u00fc\u00e7\u00fck\u00e7ekmece \u0130l Milli E\u011fitim M\u00fcd\u00fcrl\u00fc\u011f\u00fc DA\u00dc\u2019y\u00fc ziyaret etti - Kuzeyin Sesi\",\"isPartOf\":{\"@id\":\"https:\\\/\\\/kuzeyinsesi.org\\\/#website\"},\"primaryImageOfPage\":{\"@id\":\"https:\\\/\\\/kuzeyinsesi.org\\\/index.php\\\/2024\\\/11\\\/29\\\/kucukcekmece-il-milli-egitim-mudurlugu-dauyu-ziyaret-etti\\\/#primaryimage\"},\"image\":{\"@id\":\"https:\\\/\\\/kuzeyinsesi.org\\\/index.php\\\/2024\\\/11\\\/29\\\/kucukcekmece-il-milli-egitim-mudurlugu-dauyu-ziyaret-etti\\\/#primaryimage\"},\"thumbnailUrl\":\"https:\\\/\\\/kuzeyinsesi.org\\\/wp-content\\\/uploads\\\/2024\\\/11\\\/dau-ziyaret-2-.jpg\",\"datePublished\":\"2024-11-29T14:17:04+00:00\",\"author\":{\"@id\":\"https:\\\/\\\/kuzeyinsesi.org\\\/#\\\/schema\\\/person\\\/9f859689cdf01485597712386e37f5aa\"},\"breadcrumb\":{\"@id\":\"https:\\\/\\\/kuzeyinsesi.org\\\/index.php\\\/2024\\\/11\\\/29\\\/kucukcekmece-il-milli-egitim-mudurlugu-dauyu-ziyaret-etti\\\/#breadcrumb\"},\"inLanguage\":\"tr\",\"potentialAction\":[{\"@type\":\"ReadAction\",\"target\":[\"https:\\\/\\\/kuzeyinsesi.org\\\/index.php\\\/2024\\\/11\\\/29\\\/kucukcekmece-il-milli-egitim-mudurlugu-dauyu-ziyaret-etti\\\/\"]}]},{\"@type\":\"ImageObject\",\"inLanguage\":\"tr\",\"@id\":\"https:\\\/\\\/kuzeyinsesi.org\\\/index.php\\\/2024\\\/11\\\/29\\\/kucukcekmece-il-milli-egitim-mudurlugu-dauyu-ziyaret-etti\\\/#primaryimage\",\"url\":\"https:\\\/\\\/kuzeyinsesi.org\\\/wp-content\\\/uploads\\\/2024\\\/11\\\/dau-ziyaret-2-.jpg\",\"contentUrl\":\"https:\\\/\\\/kuzeyinsesi.org\\\/wp-content\\\/uploads\\\/2024\\\/11\\\/dau-ziyaret-2-.jpg\",\"width\":930,\"height\":472},{\"@type\":\"BreadcrumbList\",\"@id\":\"https:\\\/\\\/kuzeyinsesi.org\\\/index.php\\\/2024\\\/11\\\/29\\\/kucukcekmece-il-milli-egitim-mudurlugu-dauyu-ziyaret-etti\\\/#breadcrumb\",\"itemListElement\":[{\"@type\":\"ListItem\",\"position\":1,\"name\":\"Anasayfa\",\"item\":\"https:\\\/\\\/kuzeyinsesi.org\\\/\"},{\"@type\":\"ListItem\",\"position\":2,\"name\":\"K\u00fc\u00e7\u00fck\u00e7ekmece \u0130l Milli E\u011fitim M\u00fcd\u00fcrl\u00fc\u011f\u00fc DA\u00dc\u2019y\u00fc ziyaret etti\"}]},{\"@type\":\"WebSite\",\"@id\":\"https:\\\/\\\/kuzeyinsesi.org\\\/#website\",\"url\":\"https:\\\/\\\/kuzeyinsesi.org\\\/\",\"name\":\"Kuzeyin Sesi\",\"description\":\"Do\u011fru Haberin Adresi\",\"potentialAction\":[{\"@type\":\"SearchAction\",\"target\":{\"@type\":\"EntryPoint\",\"urlTemplate\":\"https:\\\/\\\/kuzeyinsesi.org\\\/?s={search_term_string}\"},\"query-input\":{\"@type\":\"PropertyValueSpecification\",\"valueRequired\":true,\"valueName\":\"search_term_string\"}}],\"inLanguage\":\"tr\"},{\"@type\":\"Person\",\"@id\":\"https:\\\/\\\/kuzeyinsesi.org\\\/#\\\/schema\\\/person\\\/9f859689cdf01485597712386e37f5aa\",\"name\":\"Kuzeyin Sesi\",\"image\":{\"@type\":\"ImageObject\",\"inLanguage\":\"tr\",\"@id\":\"https:\\\/\\\/secure.gravatar.com\\\/avatar\\\/bab33852abfd8b282518d6ed81826833d77c3c882d9ab608add591ccace47a44?s=96&d=mm&r=g\",\"url\":\"https:\\\/\\\/secure.gravatar.com\\\/avatar\\\/bab33852abfd8b282518d6ed81826833d77c3c882d9ab608add591ccace47a44?s=96&d=mm&r=g\",\"contentUrl\":\"https:\\\/\\\/secure.gravatar.com\\\/avatar\\\/bab33852abfd8b282518d6ed81826833d77c3c882d9ab608add591ccace47a44?s=96&d=mm&r=g\",\"caption\":\"Kuzeyin Sesi\"},\"sameAs\":[\"https:\\\/\\\/kuzeyinsesi.org\"],\"url\":\"https:\\\/\\\/kuzeyinsesi.org\\\/index.php\\\/author\\\/guven\\\/\"}]}<\/script>\n<!-- \/ Yoast SEO plugin. -->","yoast_head_json":{"title":"K\u00fc\u00e7\u00fck\u00e7ekmece \u0130l Milli E\u011fitim M\u00fcd\u00fcrl\u00fc\u011f\u00fc DA\u00dc\u2019y\u00fc ziyaret etti - Kuzeyin Sesi","robots":{"index":"index","follow":"follow","max-snippet":"max-snippet:-1","max-image-preview":"max-image-preview:large","max-video-preview":"max-video-preview:-1"},"canonical":"https:\/\/kuzeyinsesi.org\/index.php\/2024\/11\/29\/kucukcekmece-il-milli-egitim-mudurlugu-dauyu-ziyaret-etti\/","og_locale":"tr_TR","og_type":"article","og_title":"K\u00fc\u00e7\u00fck\u00e7ekmece \u0130l Milli E\u011fitim M\u00fcd\u00fcrl\u00fc\u011f\u00fc DA\u00dc\u2019y\u00fc ziyaret etti - Kuzeyin Sesi","og_description":"K\u00fc\u00e7\u00fck\u00e7ekmece \u0130l Milli E\u011fitim M\u00fcd\u00fcrl\u00fc\u011f\u00fc, Do\u011fu Akdeniz \u00dcniversitesi (DA\u00dc) Rekt\u00f6rl\u00fc\u011f\u00fc\u2019n\u00fc ziyaret etti. DA\u00dc\u2019den verilen bilgiye g\u00f6re, d\u00fcn saat 10.00\u2019da ger\u00e7ekle\u015ftirilen ziyaret kapsam\u0131nda K\u00fc\u00e7\u00fck\u00e7ekmece \u0130l Milli E\u011fitim M\u00fcd\u00fcrl\u00fc\u011f\u00fc \u015eube M\u00fcd\u00fcr\u00fc Osman \u00d6zg\u00fcr \u00d6zgen\u00e7, Proje Uzman\u0131 ve Okul M\u00fcd\u00fcr\u00fc \u00d6mer Faruk Erdo\u011fan, Proje Meslek Lisesi Okul M\u00fcd\u00fcr\u00fc Ercan Aksakal ile \u00d6\u011fretmenevi M\u00fcd\u00fcr\u00fc ve yetkili sendika \u015eube Ba\u015fkan [&hellip;]","og_url":"https:\/\/kuzeyinsesi.org\/index.php\/2024\/11\/29\/kucukcekmece-il-milli-egitim-mudurlugu-dauyu-ziyaret-etti\/","og_site_name":"Kuzeyin Sesi","article_publisher":"https:\/\/www.facebook.com\/kuzeyinsesii","article_published_time":"2024-11-29T14:17:04+00:00","og_image":[{"url":"https:\/\/brtk.net\/wp-content\/uploads\/2024\/11\/29\/dau-ziyaret-2-.jpg?ver=5fa354d1416459d946dc67e31ba9d91c","type":"","width":"","height":""}],"author":"Kuzeyin Sesi","twitter_card":"summary_large_image","twitter_creator":"@kuzeyinsesii","twitter_site":"@kuzeyinsesii","twitter_misc":{"Yazan:":"Kuzeyin Sesi","Tahmini okuma s\u00fcresi":"1 dakika"},"schema":{"@context":"https:\/\/schema.org","@graph":[{"@type":"Article","@id":"https:\/\/kuzeyinsesi.org\/index.php\/2024\/11\/29\/kucukcekmece-il-milli-egitim-mudurlugu-dauyu-ziyaret-etti\/#article","isPartOf":{"@id":"https:\/\/kuzeyinsesi.org\/index.php\/2024\/11\/29\/kucukcekmece-il-milli-egitim-mudurlugu-dauyu-ziyaret-etti\/"},"author":{"name":"Kuzeyin Sesi","@id":"https:\/\/kuzeyinsesi.org\/#\/schema\/person\/9f859689cdf01485597712386e37f5aa"},"headline":"K\u00fc\u00e7\u00fck\u00e7ekmece \u0130l Milli E\u011fitim M\u00fcd\u00fcrl\u00fc\u011f\u00fc DA\u00dc\u2019y\u00fc ziyaret etti","datePublished":"2024-11-29T14:17:04+00:00","mainEntityOfPage":{"@id":"https:\/\/kuzeyinsesi.org\/index.php\/2024\/11\/29\/kucukcekmece-il-milli-egitim-mudurlugu-dauyu-ziyaret-etti\/"},"wordCount":280,"commentCount":0,"image":{"@id":"https:\/\/kuzeyinsesi.org\/index.php\/2024\/11\/29\/kucukcekmece-il-milli-egitim-mudurlugu-dauyu-ziyaret-etti\/#primaryimage"},"thumbnailUrl":"https:\/\/kuzeyinsesi.org\/wp-content\/uploads\/2024\/11\/dau-ziyaret-2-.jpg","articleSection":["T\u00fcrkiye"],"inLanguage":"tr","potentialAction":[{"@type":"CommentAction","name":"Comment","target":["https:\/\/kuzeyinsesi.org\/index.php\/2024\/11\/29\/kucukcekmece-il-milli-egitim-mudurlugu-dauyu-ziyaret-etti\/#respond"]}]},{"@type":"WebPage","@id":"https:\/\/kuzeyinsesi.org\/index.php\/2024\/11\/29\/kucukcekmece-il-milli-egitim-mudurlugu-dauyu-ziyaret-etti\/","url":"https:\/\/kuzeyinsesi.org\/index.php\/2024\/11\/29\/kucukcekmece-il-milli-egitim-mudurlugu-dauyu-ziyaret-etti\/","name":"K\u00fc\u00e7\u00fck\u00e7ekmece \u0130l Milli E\u011fitim M\u00fcd\u00fcrl\u00fc\u011f\u00fc DA\u00dc\u2019y\u00fc ziyaret etti - Kuzeyin Sesi","isPartOf":{"@id":"https:\/\/kuzeyinsesi.org\/#website"},"primaryImageOfPage":{"@id":"https:\/\/kuzeyinsesi.org\/index.php\/2024\/11\/29\/kucukcekmece-il-milli-egitim-mudurlugu-dauyu-ziyaret-etti\/#primaryimage"},"image":{"@id":"https:\/\/kuzeyinsesi.org\/index.php\/2024\/11\/29\/kucukcekmece-il-milli-egitim-mudurlugu-dauyu-ziyaret-etti\/#primaryimage"},"thumbnailUrl":"https:\/\/kuzeyinsesi.org\/wp-content\/uploads\/2024\/11\/dau-ziyaret-2-.jpg","datePublished":"2024-11-29T14:17:04+00:00","author":{"@id":"https:\/\/kuzeyinsesi.org\/#\/schema\/person\/9f859689cdf01485597712386e37f5aa"},"breadcrumb":{"@id":"https:\/\/kuzeyinsesi.org\/index.php\/2024\/11\/29\/kucukcekmece-il-milli-egitim-mudurlugu-dauyu-ziyaret-etti\/#breadcrumb"},"inLanguage":"tr","potentialAction":[{"@type":"ReadAction","target":["https:\/\/kuzeyinsesi.org\/index.php\/2024\/11\/29\/kucukcekmece-il-milli-egitim-mudurlugu-dauyu-ziyaret-etti\/"]}]},{"@type":"ImageObject","inLanguage":"tr","@id":"https:\/\/kuzeyinsesi.org\/index.php\/2024\/11\/29\/kucukcekmece-il-milli-egitim-mudurlugu-dauyu-ziyaret-etti\/#primaryimage","url":"https:\/\/kuzeyinsesi.org\/wp-content\/uploads\/2024\/11\/dau-ziyaret-2-.jpg","contentUrl":"https:\/\/kuzeyinsesi.org\/wp-content\/uploads\/2024\/11\/dau-ziyaret-2-.jpg","width":930,"height":472},{"@type":"BreadcrumbList","@id":"https:\/\/kuzeyinsesi.org\/index.php\/2024\/11\/29\/kucukcekmece-il-milli-egitim-mudurlugu-dauyu-ziyaret-etti\/#breadcrumb","itemListElement":[{"@type":"ListItem","position":1,"name":"Anasayfa","item":"https:\/\/kuzeyinsesi.org\/"},{"@type":"ListItem","position":2,"name":"K\u00fc\u00e7\u00fck\u00e7ekmece \u0130l Milli E\u011fitim M\u00fcd\u00fcrl\u00fc\u011f\u00fc DA\u00dc\u2019y\u00fc ziyaret etti"}]},{"@type":"WebSite","@id":"https:\/\/kuzeyinsesi.org\/#website","url":"https:\/\/kuzeyinsesi.org\/","name":"Kuzeyin Sesi","description":"Do\u011fru Haberin Adresi","potentialAction":[{"@type":"SearchAction","target":{"@type":"EntryPoint","urlTemplate":"https:\/\/kuzeyinsesi.org\/?s={search_term_string}"},"query-input":{"@type":"PropertyValueSpecification","valueRequired":true,"valueName":"search_term_string"}}],"inLanguage":"tr"},{"@type":"Person","@id":"https:\/\/kuzeyinsesi.org\/#\/schema\/person\/9f859689cdf01485597712386e37f5aa","name":"Kuzeyin Sesi","image":{"@type":"ImageObject","inLanguage":"tr","@id":"https:\/\/secure.gravatar.com\/avatar\/bab33852abfd8b282518d6ed81826833d77c3c882d9ab608add591ccace47a44?s=96&d=mm&r=g","url":"https:\/\/secure.gravatar.com\/avatar\/bab33852abfd8b282518d6ed81826833d77c3c882d9ab608add591ccace47a44?s=96&d=mm&r=g","contentUrl":"https:\/\/secure.gravatar.com\/avatar\/bab33852abfd8b282518d6ed81826833d77c3c882d9ab608add591ccace47a44?s=96&d=mm&r=g","caption":"Kuzeyin Sesi"},"sameAs":["https:\/\/kuzeyinsesi.org"],"url":"https:\/\/kuzeyinsesi.org\/index.php\/author\/guven\/"}]}},"_links":{"self":[{"href":"https:\/\/kuzeyinsesi.org\/index.php\/wp-json\/wp\/v2\/posts\/14601","targetHints":{"allow":["GET"]}}],"collection":[{"href":"https:\/\/kuzeyinsesi.org\/index.php\/wp-json\/wp\/v2\/posts"}],"about":[{"href":"https:\/\/kuzeyinsesi.org\/index.php\/wp-json\/wp\/v2\/types\/post"}],"author":[{"embeddable":true,"href":"https:\/\/kuzeyinsesi.org\/index.php\/wp-json\/wp\/v2\/users\/1"}],"replies":[{"embeddable":true,"href":"https:\/\/kuzeyinsesi.org\/index.php\/wp-json\/wp\/v2\/comments?post=14601"}],"version-history":[{"count":0,"href":"https:\/\/kuzeyinsesi.org\/index.php\/wp-json\/wp\/v2\/posts\/14601\/revisions"}],"wp:featuredmedia":[{"embeddable":true,"href":"https:\/\/kuzeyinsesi.org\/index.php\/wp-json\/wp\/v2\/media\/14602"}],"wp:attachment":[{"href":"https:\/\/kuzeyinsesi.org\/index.php\/wp-json\/wp\/v2\/media?parent=14601"}],"wp:term":[{"taxonomy":"category","embeddable":true,"href":"https:\/\/kuzeyinsesi.org\/index.php\/wp-json\/wp\/v2\/categories?post=14601"},{"taxonomy":"post_tag","embeddable":true,"href":"https:\/\/kuzeyinsesi.org\/index.php\/wp-json\/wp\/v2\/tags?post=14601"}],"curies":[{"name":"wp","href":"https:\/\/api.w.org\/{rel}","templated":true}]}}