{"id":14590,"date":"2024-11-29T12:29:21","date_gmt":"2024-11-29T10:29:21","guid":{"rendered":"https:\/\/kuzeyinsesi.org\/index.php\/2024\/11\/29\/erdogan-gazze-ve-lubnandaki-kardeslerimize-el-uzatmaya-calisiyoruz\/"},"modified":"2024-11-29T12:29:21","modified_gmt":"2024-11-29T10:29:21","slug":"erdogan-gazze-ve-lubnandaki-kardeslerimize-el-uzatmaya-calisiyoruz","status":"publish","type":"post","link":"https:\/\/kuzeyinsesi.org\/index.php\/2024\/11\/29\/erdogan-gazze-ve-lubnandaki-kardeslerimize-el-uzatmaya-calisiyoruz\/","title":{"rendered":"Erdo\u011fan: Gazze ve L\u00fcbnan\u2019daki karde\u015flerimize el uzatmaya \u00e7al\u0131\u015f\u0131yoruz"},"content":{"rendered":"<div>\n<div class=\"mariselle-image-container none\">\n                                            <\/div>\n<p>T\u00fcrkiye Cumhurba\u015fkan\u0131 Recep Tayyip\u00a0Erdo\u011fan, \u201c\u0130slam \u00fclkelerinin Gazze\u2019deki zulme ortak tepki vermesi ve ortak hareket edilmesi i\u00e7in diplomatik temaslar\u0131m\u0131z\u0131 s\u00fcrd\u00fcr\u00fcyoruz. Filistin\u2019de i\u015fgal ve katliam sona erinceye, 1967 s\u0131n\u0131rlar\u0131 temelinde ba\u015fkenti Do\u011fu Kud\u00fcs olan ba\u011f\u0131ms\u0131z, egemen ve toprak b\u00fct\u00fcnl\u00fc\u011f\u00fc haiz bir Filistin Devleti kuruluncaya kadar m\u00fccadelemizi devam ettirece\u011fiz.\u201d dedi.<\/p>\n<p>T\u00fcrkiye Diyanet Vakf\u0131 ile Al Khair Vakf\u0131 taraf\u0131ndan d\u00fczenlenen \u201cGazze\u2019nin Gelece\u011fi\u201d ba\u015fl\u0131kl\u0131 Uluslararas\u0131 \u0130nsani Yard\u0131m Zirvesi\u2019ne g\u00f6nderdi\u011fi video mesajda besmele \u00e7ekerek konu\u015fmas\u0131na ba\u015flayan\u00a0Erdo\u011fan, zirvenin ba\u015far\u0131l\u0131 ge\u00e7mesini diledi\u011fini ve Gazzeliler ba\u015fta olmak \u00fczere b\u00fct\u00fcn mazlum ve t\u00fcm \u0130slam alemi i\u00e7in hay\u0131rlara vesile olmas\u0131n\u0131 niyaz etti\u011fini s\u00f6yledi.<\/p>\n<p>Cumhurba\u015fkan\u0131\u00a0Erdo\u011fan, \u0130slam d\u00fcnyas\u0131n\u0131n d\u00f6rt bir yan\u0131ndan bu zirve vesilesiyle \u00fclkeye te\u015frif eden misafirlere \u201cho\u015f geldin\u201d dileklerini ileterek, Gazze\u2019nin gelece\u011fi, imar\u0131 ve in\u015fas\u0131na y\u00f6nelik bu zirveye \u00f6nc\u00fcl\u00fck eden T\u00fcrkiye Diyanet Vakf\u0131 ile Al Khair Vakf\u0131n\u0131n mensuplar\u0131n\u0131 tebrik etti.<\/p>\n<p>\u0130slam \u00fclkelerinin birlikte hareket etmesi ve g\u00fc\u00e7 birli\u011finde bulunmas\u0131n\u0131n ne kadar \u00f6nemli oldu\u011funu 7 Ekim 2023 tarihinden bug\u00fcne Gazze\u2019de ve i\u015fgal edilmi\u015f Filistin topraklar\u0131nda ya\u015fanan katliamlar vesilesiyle bir kez daha m\u00fc\u015fahede ettiklerini kaydeden\u00a0Erdo\u011fan, \u201cT\u00fcm d\u00fcnyan\u0131n g\u00f6zleri \u00f6n\u00fcnde \u00e7o\u011fu \u00e7ocuk ve kad\u0131n 50 bine yak\u0131n Filistinli karde\u015fimiz \u015fehit edildi. \u0130srail\u2019in do\u011frudan sivilleri hedef alan bombard\u0131manlar\u0131 sonucu 100 binden fazla Filistinli masum yaraland\u0131.\u201d diye konu\u015ftu.<\/p>\n<p>Erdo\u011fan, L\u00fcbnan\u2019a y\u00f6nelik sald\u0131r\u0131larda vefat edenlerinin say\u0131s\u0131n\u0131n 3 bin 500\u2019\u00fc ge\u00e7ti\u011fini belirterek, \u201c\u0130badethaneler, okullar, hastaneler ve sivil altyap\u0131ya dair ne varsa \u0130srail\u2019in sald\u0131r\u0131lar\u0131n\u0131n hedefi oldu. Bu sald\u0131r\u0131lar kar\u015f\u0131s\u0131nda T\u00fcrkiye olarak Filistinli karde\u015flerimizle tam bir dayan\u0131\u015fma i\u00e7indeyiz. Son bir y\u0131ld\u0131r \u00f6zellikle Gazze ve L\u00fcbnan\u2019daki karde\u015flerimize el uzatmaya \u00e7al\u0131\u015f\u0131yoruz. G\u00f6nderdi\u011fimiz 86 bin tonu a\u015fan yard\u0131m miktar\u0131yla Filistin\u2019e en fazla destek olan \u00fclkelerden biriyiz.\u201d ifadesini kulland\u0131.<\/p>\n<p>\u2013 \u201cFilistin\u2019de katliam sona erinceye kadar m\u00fccadelemizi devam ettirece\u011fiz\u201d<\/p>\n<p>L\u00fcbnan\u2019a ula\u015ft\u0131r\u0131lan yard\u0131m miktar\u0131n\u0131n da 1300 tonu a\u015ft\u0131\u011f\u0131n\u0131 aktaran\u00a0Erdo\u011fan, \u015funlar\u0131 kaydetti:<\/p>\n<p>\u201c\u0130slam \u00fclkelerinin Gazze\u2019deki zulme ortak tepki vermesi ve ortak hareket edilmesi i\u00e7in diplomatik temaslar\u0131m\u0131z\u0131 s\u00fcrd\u00fcr\u00fcyoruz. Filistin\u2019de i\u015fgal ve katliam sona erinceye, 1967 s\u0131n\u0131rlar\u0131 temelinde ba\u015fkenti Do\u011fu Kud\u00fcs olan ba\u011f\u0131ms\u0131z, egemen ve toprak b\u00fct\u00fcnl\u00fc\u011f\u00fc haiz bir Filistin Devleti kuruluncaya kadar m\u00fccadelemizi devam ettirece\u011fiz. Uluslararas\u0131 insani yard\u0131m zirvesinin bizlere bu m\u00fccadelemizde destek olaca\u011f\u0131na inan\u0131yorum. Zirveye i\u015ftirak eden b\u00fct\u00fcn kat\u0131l\u0131mc\u0131lara bir kez daha te\u015fekk\u00fcr ediyor, t\u00fcm misafirlerimizi muhabbetle selaml\u0131yorum.\u201d<\/p>\n<\/p><\/div>\n<p><script async\n                    defer\n                    crossorigin=\"anonymous\"\n                    src=\"https:\/\/connect.facebook.net\/tr_TR\/sdk.js#xfbml=1&#038;version=v3.3\"\n            ><\/script><\/p>\n","protected":false},"excerpt":{"rendered":"<p>T\u00fcrkiye Cumhurba\u015fkan\u0131 Recep Tayyip\u00a0Erdo\u011fan, \u201c\u0130slam \u00fclkelerinin Gazze\u2019deki zulme ortak tepki vermesi ve ortak hareket edilmesi i\u00e7in diplomatik temaslar\u0131m\u0131z\u0131 s\u00fcrd\u00fcr\u00fcyoruz. Filistin\u2019de i\u015fgal ve katliam sona erinceye, 1967 s\u0131n\u0131rlar\u0131 temelinde ba\u015fkenti Do\u011fu Kud\u00fcs olan ba\u011f\u0131ms\u0131z, egemen ve toprak b\u00fct\u00fcnl\u00fc\u011f\u00fc haiz bir Filistin Devleti kuruluncaya kadar m\u00fccadelemizi devam ettirece\u011fiz.\u201d dedi. T\u00fcrkiye Diyanet Vakf\u0131 ile Al Khair Vakf\u0131 taraf\u0131ndan [&hellip;]<\/p>\n","protected":false},"author":1,"featured_media":14591,"comment_status":"open","ping_status":"open","sticky":false,"template":"","format":"standard","meta":{"jnews-multi-image_gallery":[],"jnews_single_post":[],"jnews_primary_category":[],"jnews_social_meta":[],"jnews_override_counter":[],"footnotes":""},"categories":[5],"tags":[],"class_list":["post-14590","post","type-post","status-publish","format-standard","has-post-thumbnail","hentry","category-turkiye"],"yoast_head":"<!-- This site is optimized with the Yoast SEO plugin v27.4 - https:\/\/yoast.com\/product\/yoast-seo-wordpress\/ -->\n<title>Erdo\u011fan: Gazze ve L\u00fcbnan\u2019daki karde\u015flerimize el uzatmaya \u00e7al\u0131\u015f\u0131yoruz - Kuzeyin Sesi<\/title>\n<meta name=\"robots\" content=\"index, follow, max-snippet:-1, max-image-preview:large, max-video-preview:-1\" \/>\n<link rel=\"canonical\" href=\"https:\/\/kuzeyinsesi.org\/index.php\/2024\/11\/29\/erdogan-gazze-ve-lubnandaki-kardeslerimize-el-uzatmaya-calisiyoruz\/\" \/>\n<meta property=\"og:locale\" content=\"tr_TR\" \/>\n<meta property=\"og:type\" content=\"article\" \/>\n<meta property=\"og:title\" content=\"Erdo\u011fan: Gazze ve L\u00fcbnan\u2019daki karde\u015flerimize el uzatmaya \u00e7al\u0131\u015f\u0131yoruz - Kuzeyin Sesi\" \/>\n<meta property=\"og:description\" content=\"T\u00fcrkiye Cumhurba\u015fkan\u0131 Recep Tayyip\u00a0Erdo\u011fan, \u201c\u0130slam \u00fclkelerinin Gazze\u2019deki zulme ortak tepki vermesi ve ortak hareket edilmesi i\u00e7in diplomatik temaslar\u0131m\u0131z\u0131 s\u00fcrd\u00fcr\u00fcyoruz. Filistin\u2019de i\u015fgal ve katliam sona erinceye, 1967 s\u0131n\u0131rlar\u0131 temelinde ba\u015fkenti Do\u011fu Kud\u00fcs olan ba\u011f\u0131ms\u0131z, egemen ve toprak b\u00fct\u00fcnl\u00fc\u011f\u00fc haiz bir Filistin Devleti kuruluncaya kadar m\u00fccadelemizi devam ettirece\u011fiz.\u201d dedi. T\u00fcrkiye Diyanet Vakf\u0131 ile Al Khair Vakf\u0131 taraf\u0131ndan [&hellip;]\" \/>\n<meta property=\"og:url\" content=\"https:\/\/kuzeyinsesi.org\/index.php\/2024\/11\/29\/erdogan-gazze-ve-lubnandaki-kardeslerimize-el-uzatmaya-calisiyoruz\/\" \/>\n<meta property=\"og:site_name\" content=\"Kuzeyin Sesi\" \/>\n<meta property=\"article:publisher\" content=\"https:\/\/www.facebook.com\/kuzeyinsesii\" \/>\n<meta property=\"article:published_time\" content=\"2024-11-29T10:29:21+00:00\" \/>\n<meta property=\"og:image\" content=\"https:\/\/brtk.net\/wp-content\/uploads\/2024\/11\/29\/erdoganaciklama.jpg?ver=049e71d95798a11c12fc5d75b8951575\" \/>\n<meta name=\"author\" content=\"Kuzeyin Sesi\" \/>\n<meta name=\"twitter:card\" content=\"summary_large_image\" \/>\n<meta name=\"twitter:creator\" content=\"@kuzeyinsesii\" \/>\n<meta name=\"twitter:site\" content=\"@kuzeyinsesii\" \/>\n<meta name=\"twitter:label1\" content=\"Yazan:\" \/>\n\t<meta name=\"twitter:data1\" content=\"Kuzeyin Sesi\" \/>\n\t<meta name=\"twitter:label2\" content=\"Tahmini okuma s\u00fcresi\" \/>\n\t<meta name=\"twitter:data2\" content=\"3 dakika\" \/>\n<script type=\"application\/ld+json\" class=\"yoast-schema-graph\">{\"@context\":\"https:\\\/\\\/schema.org\",\"@graph\":[{\"@type\":\"Article\",\"@id\":\"https:\\\/\\\/kuzeyinsesi.org\\\/index.php\\\/2024\\\/11\\\/29\\\/erdogan-gazze-ve-lubnandaki-kardeslerimize-el-uzatmaya-calisiyoruz\\\/#article\",\"isPartOf\":{\"@id\":\"https:\\\/\\\/kuzeyinsesi.org\\\/index.php\\\/2024\\\/11\\\/29\\\/erdogan-gazze-ve-lubnandaki-kardeslerimize-el-uzatmaya-calisiyoruz\\\/\"},\"author\":{\"name\":\"Kuzeyin Sesi\",\"@id\":\"https:\\\/\\\/kuzeyinsesi.org\\\/#\\\/schema\\\/person\\\/9f859689cdf01485597712386e37f5aa\"},\"headline\":\"Erdo\u011fan: Gazze ve L\u00fcbnan\u2019daki karde\u015flerimize el uzatmaya \u00e7al\u0131\u015f\u0131yoruz\",\"datePublished\":\"2024-11-29T10:29:21+00:00\",\"mainEntityOfPage\":{\"@id\":\"https:\\\/\\\/kuzeyinsesi.org\\\/index.php\\\/2024\\\/11\\\/29\\\/erdogan-gazze-ve-lubnandaki-kardeslerimize-el-uzatmaya-calisiyoruz\\\/\"},\"wordCount\":527,\"commentCount\":0,\"image\":{\"@id\":\"https:\\\/\\\/kuzeyinsesi.org\\\/index.php\\\/2024\\\/11\\\/29\\\/erdogan-gazze-ve-lubnandaki-kardeslerimize-el-uzatmaya-calisiyoruz\\\/#primaryimage\"},\"thumbnailUrl\":\"https:\\\/\\\/kuzeyinsesi.org\\\/wp-content\\\/uploads\\\/2024\\\/11\\\/erdoganaciklama.jpg\",\"articleSection\":[\"T\u00fcrkiye\"],\"inLanguage\":\"tr\",\"potentialAction\":[{\"@type\":\"CommentAction\",\"name\":\"Comment\",\"target\":[\"https:\\\/\\\/kuzeyinsesi.org\\\/index.php\\\/2024\\\/11\\\/29\\\/erdogan-gazze-ve-lubnandaki-kardeslerimize-el-uzatmaya-calisiyoruz\\\/#respond\"]}]},{\"@type\":\"WebPage\",\"@id\":\"https:\\\/\\\/kuzeyinsesi.org\\\/index.php\\\/2024\\\/11\\\/29\\\/erdogan-gazze-ve-lubnandaki-kardeslerimize-el-uzatmaya-calisiyoruz\\\/\",\"url\":\"https:\\\/\\\/kuzeyinsesi.org\\\/index.php\\\/2024\\\/11\\\/29\\\/erdogan-gazze-ve-lubnandaki-kardeslerimize-el-uzatmaya-calisiyoruz\\\/\",\"name\":\"Erdo\u011fan: Gazze ve L\u00fcbnan\u2019daki karde\u015flerimize el uzatmaya \u00e7al\u0131\u015f\u0131yoruz - Kuzeyin Sesi\",\"isPartOf\":{\"@id\":\"https:\\\/\\\/kuzeyinsesi.org\\\/#website\"},\"primaryImageOfPage\":{\"@id\":\"https:\\\/\\\/kuzeyinsesi.org\\\/index.php\\\/2024\\\/11\\\/29\\\/erdogan-gazze-ve-lubnandaki-kardeslerimize-el-uzatmaya-calisiyoruz\\\/#primaryimage\"},\"image\":{\"@id\":\"https:\\\/\\\/kuzeyinsesi.org\\\/index.php\\\/2024\\\/11\\\/29\\\/erdogan-gazze-ve-lubnandaki-kardeslerimize-el-uzatmaya-calisiyoruz\\\/#primaryimage\"},\"thumbnailUrl\":\"https:\\\/\\\/kuzeyinsesi.org\\\/wp-content\\\/uploads\\\/2024\\\/11\\\/erdoganaciklama.jpg\",\"datePublished\":\"2024-11-29T10:29:21+00:00\",\"author\":{\"@id\":\"https:\\\/\\\/kuzeyinsesi.org\\\/#\\\/schema\\\/person\\\/9f859689cdf01485597712386e37f5aa\"},\"breadcrumb\":{\"@id\":\"https:\\\/\\\/kuzeyinsesi.org\\\/index.php\\\/2024\\\/11\\\/29\\\/erdogan-gazze-ve-lubnandaki-kardeslerimize-el-uzatmaya-calisiyoruz\\\/#breadcrumb\"},\"inLanguage\":\"tr\",\"potentialAction\":[{\"@type\":\"ReadAction\",\"target\":[\"https:\\\/\\\/kuzeyinsesi.org\\\/index.php\\\/2024\\\/11\\\/29\\\/erdogan-gazze-ve-lubnandaki-kardeslerimize-el-uzatmaya-calisiyoruz\\\/\"]}]},{\"@type\":\"ImageObject\",\"inLanguage\":\"tr\",\"@id\":\"https:\\\/\\\/kuzeyinsesi.org\\\/index.php\\\/2024\\\/11\\\/29\\\/erdogan-gazze-ve-lubnandaki-kardeslerimize-el-uzatmaya-calisiyoruz\\\/#primaryimage\",\"url\":\"https:\\\/\\\/kuzeyinsesi.org\\\/wp-content\\\/uploads\\\/2024\\\/11\\\/erdoganaciklama.jpg\",\"contentUrl\":\"https:\\\/\\\/kuzeyinsesi.org\\\/wp-content\\\/uploads\\\/2024\\\/11\\\/erdoganaciklama.jpg\",\"width\":864,\"height\":486},{\"@type\":\"BreadcrumbList\",\"@id\":\"https:\\\/\\\/kuzeyinsesi.org\\\/index.php\\\/2024\\\/11\\\/29\\\/erdogan-gazze-ve-lubnandaki-kardeslerimize-el-uzatmaya-calisiyoruz\\\/#breadcrumb\",\"itemListElement\":[{\"@type\":\"ListItem\",\"position\":1,\"name\":\"Anasayfa\",\"item\":\"https:\\\/\\\/kuzeyinsesi.org\\\/\"},{\"@type\":\"ListItem\",\"position\":2,\"name\":\"Erdo\u011fan: Gazze ve L\u00fcbnan\u2019daki karde\u015flerimize el uzatmaya \u00e7al\u0131\u015f\u0131yoruz\"}]},{\"@type\":\"WebSite\",\"@id\":\"https:\\\/\\\/kuzeyinsesi.org\\\/#website\",\"url\":\"https:\\\/\\\/kuzeyinsesi.org\\\/\",\"name\":\"Kuzeyin Sesi\",\"description\":\"Do\u011fru Haberin Adresi\",\"potentialAction\":[{\"@type\":\"SearchAction\",\"target\":{\"@type\":\"EntryPoint\",\"urlTemplate\":\"https:\\\/\\\/kuzeyinsesi.org\\\/?s={search_term_string}\"},\"query-input\":{\"@type\":\"PropertyValueSpecification\",\"valueRequired\":true,\"valueName\":\"search_term_string\"}}],\"inLanguage\":\"tr\"},{\"@type\":\"Person\",\"@id\":\"https:\\\/\\\/kuzeyinsesi.org\\\/#\\\/schema\\\/person\\\/9f859689cdf01485597712386e37f5aa\",\"name\":\"Kuzeyin Sesi\",\"image\":{\"@type\":\"ImageObject\",\"inLanguage\":\"tr\",\"@id\":\"https:\\\/\\\/secure.gravatar.com\\\/avatar\\\/bab33852abfd8b282518d6ed81826833d77c3c882d9ab608add591ccace47a44?s=96&d=mm&r=g\",\"url\":\"https:\\\/\\\/secure.gravatar.com\\\/avatar\\\/bab33852abfd8b282518d6ed81826833d77c3c882d9ab608add591ccace47a44?s=96&d=mm&r=g\",\"contentUrl\":\"https:\\\/\\\/secure.gravatar.com\\\/avatar\\\/bab33852abfd8b282518d6ed81826833d77c3c882d9ab608add591ccace47a44?s=96&d=mm&r=g\",\"caption\":\"Kuzeyin Sesi\"},\"sameAs\":[\"https:\\\/\\\/kuzeyinsesi.org\"],\"url\":\"https:\\\/\\\/kuzeyinsesi.org\\\/index.php\\\/author\\\/guven\\\/\"}]}<\/script>\n<!-- \/ Yoast SEO plugin. -->","yoast_head_json":{"title":"Erdo\u011fan: Gazze ve L\u00fcbnan\u2019daki karde\u015flerimize el uzatmaya \u00e7al\u0131\u015f\u0131yoruz - Kuzeyin Sesi","robots":{"index":"index","follow":"follow","max-snippet":"max-snippet:-1","max-image-preview":"max-image-preview:large","max-video-preview":"max-video-preview:-1"},"canonical":"https:\/\/kuzeyinsesi.org\/index.php\/2024\/11\/29\/erdogan-gazze-ve-lubnandaki-kardeslerimize-el-uzatmaya-calisiyoruz\/","og_locale":"tr_TR","og_type":"article","og_title":"Erdo\u011fan: Gazze ve L\u00fcbnan\u2019daki karde\u015flerimize el uzatmaya \u00e7al\u0131\u015f\u0131yoruz - Kuzeyin Sesi","og_description":"T\u00fcrkiye Cumhurba\u015fkan\u0131 Recep Tayyip\u00a0Erdo\u011fan, \u201c\u0130slam \u00fclkelerinin Gazze\u2019deki zulme ortak tepki vermesi ve ortak hareket edilmesi i\u00e7in diplomatik temaslar\u0131m\u0131z\u0131 s\u00fcrd\u00fcr\u00fcyoruz. Filistin\u2019de i\u015fgal ve katliam sona erinceye, 1967 s\u0131n\u0131rlar\u0131 temelinde ba\u015fkenti Do\u011fu Kud\u00fcs olan ba\u011f\u0131ms\u0131z, egemen ve toprak b\u00fct\u00fcnl\u00fc\u011f\u00fc haiz bir Filistin Devleti kuruluncaya kadar m\u00fccadelemizi devam ettirece\u011fiz.\u201d dedi. T\u00fcrkiye Diyanet Vakf\u0131 ile Al Khair Vakf\u0131 taraf\u0131ndan [&hellip;]","og_url":"https:\/\/kuzeyinsesi.org\/index.php\/2024\/11\/29\/erdogan-gazze-ve-lubnandaki-kardeslerimize-el-uzatmaya-calisiyoruz\/","og_site_name":"Kuzeyin Sesi","article_publisher":"https:\/\/www.facebook.com\/kuzeyinsesii","article_published_time":"2024-11-29T10:29:21+00:00","og_image":[{"url":"https:\/\/brtk.net\/wp-content\/uploads\/2024\/11\/29\/erdoganaciklama.jpg?ver=049e71d95798a11c12fc5d75b8951575","type":"","width":"","height":""}],"author":"Kuzeyin Sesi","twitter_card":"summary_large_image","twitter_creator":"@kuzeyinsesii","twitter_site":"@kuzeyinsesii","twitter_misc":{"Yazan:":"Kuzeyin Sesi","Tahmini okuma s\u00fcresi":"3 dakika"},"schema":{"@context":"https:\/\/schema.org","@graph":[{"@type":"Article","@id":"https:\/\/kuzeyinsesi.org\/index.php\/2024\/11\/29\/erdogan-gazze-ve-lubnandaki-kardeslerimize-el-uzatmaya-calisiyoruz\/#article","isPartOf":{"@id":"https:\/\/kuzeyinsesi.org\/index.php\/2024\/11\/29\/erdogan-gazze-ve-lubnandaki-kardeslerimize-el-uzatmaya-calisiyoruz\/"},"author":{"name":"Kuzeyin Sesi","@id":"https:\/\/kuzeyinsesi.org\/#\/schema\/person\/9f859689cdf01485597712386e37f5aa"},"headline":"Erdo\u011fan: Gazze ve L\u00fcbnan\u2019daki karde\u015flerimize el uzatmaya \u00e7al\u0131\u015f\u0131yoruz","datePublished":"2024-11-29T10:29:21+00:00","mainEntityOfPage":{"@id":"https:\/\/kuzeyinsesi.org\/index.php\/2024\/11\/29\/erdogan-gazze-ve-lubnandaki-kardeslerimize-el-uzatmaya-calisiyoruz\/"},"wordCount":527,"commentCount":0,"image":{"@id":"https:\/\/kuzeyinsesi.org\/index.php\/2024\/11\/29\/erdogan-gazze-ve-lubnandaki-kardeslerimize-el-uzatmaya-calisiyoruz\/#primaryimage"},"thumbnailUrl":"https:\/\/kuzeyinsesi.org\/wp-content\/uploads\/2024\/11\/erdoganaciklama.jpg","articleSection":["T\u00fcrkiye"],"inLanguage":"tr","potentialAction":[{"@type":"CommentAction","name":"Comment","target":["https:\/\/kuzeyinsesi.org\/index.php\/2024\/11\/29\/erdogan-gazze-ve-lubnandaki-kardeslerimize-el-uzatmaya-calisiyoruz\/#respond"]}]},{"@type":"WebPage","@id":"https:\/\/kuzeyinsesi.org\/index.php\/2024\/11\/29\/erdogan-gazze-ve-lubnandaki-kardeslerimize-el-uzatmaya-calisiyoruz\/","url":"https:\/\/kuzeyinsesi.org\/index.php\/2024\/11\/29\/erdogan-gazze-ve-lubnandaki-kardeslerimize-el-uzatmaya-calisiyoruz\/","name":"Erdo\u011fan: Gazze ve L\u00fcbnan\u2019daki karde\u015flerimize el uzatmaya \u00e7al\u0131\u015f\u0131yoruz - Kuzeyin Sesi","isPartOf":{"@id":"https:\/\/kuzeyinsesi.org\/#website"},"primaryImageOfPage":{"@id":"https:\/\/kuzeyinsesi.org\/index.php\/2024\/11\/29\/erdogan-gazze-ve-lubnandaki-kardeslerimize-el-uzatmaya-calisiyoruz\/#primaryimage"},"image":{"@id":"https:\/\/kuzeyinsesi.org\/index.php\/2024\/11\/29\/erdogan-gazze-ve-lubnandaki-kardeslerimize-el-uzatmaya-calisiyoruz\/#primaryimage"},"thumbnailUrl":"https:\/\/kuzeyinsesi.org\/wp-content\/uploads\/2024\/11\/erdoganaciklama.jpg","datePublished":"2024-11-29T10:29:21+00:00","author":{"@id":"https:\/\/kuzeyinsesi.org\/#\/schema\/person\/9f859689cdf01485597712386e37f5aa"},"breadcrumb":{"@id":"https:\/\/kuzeyinsesi.org\/index.php\/2024\/11\/29\/erdogan-gazze-ve-lubnandaki-kardeslerimize-el-uzatmaya-calisiyoruz\/#breadcrumb"},"inLanguage":"tr","potentialAction":[{"@type":"ReadAction","target":["https:\/\/kuzeyinsesi.org\/index.php\/2024\/11\/29\/erdogan-gazze-ve-lubnandaki-kardeslerimize-el-uzatmaya-calisiyoruz\/"]}]},{"@type":"ImageObject","inLanguage":"tr","@id":"https:\/\/kuzeyinsesi.org\/index.php\/2024\/11\/29\/erdogan-gazze-ve-lubnandaki-kardeslerimize-el-uzatmaya-calisiyoruz\/#primaryimage","url":"https:\/\/kuzeyinsesi.org\/wp-content\/uploads\/2024\/11\/erdoganaciklama.jpg","contentUrl":"https:\/\/kuzeyinsesi.org\/wp-content\/uploads\/2024\/11\/erdoganaciklama.jpg","width":864,"height":486},{"@type":"BreadcrumbList","@id":"https:\/\/kuzeyinsesi.org\/index.php\/2024\/11\/29\/erdogan-gazze-ve-lubnandaki-kardeslerimize-el-uzatmaya-calisiyoruz\/#breadcrumb","itemListElement":[{"@type":"ListItem","position":1,"name":"Anasayfa","item":"https:\/\/kuzeyinsesi.org\/"},{"@type":"ListItem","position":2,"name":"Erdo\u011fan: Gazze ve L\u00fcbnan\u2019daki karde\u015flerimize el uzatmaya \u00e7al\u0131\u015f\u0131yoruz"}]},{"@type":"WebSite","@id":"https:\/\/kuzeyinsesi.org\/#website","url":"https:\/\/kuzeyinsesi.org\/","name":"Kuzeyin Sesi","description":"Do\u011fru Haberin Adresi","potentialAction":[{"@type":"SearchAction","target":{"@type":"EntryPoint","urlTemplate":"https:\/\/kuzeyinsesi.org\/?s={search_term_string}"},"query-input":{"@type":"PropertyValueSpecification","valueRequired":true,"valueName":"search_term_string"}}],"inLanguage":"tr"},{"@type":"Person","@id":"https:\/\/kuzeyinsesi.org\/#\/schema\/person\/9f859689cdf01485597712386e37f5aa","name":"Kuzeyin Sesi","image":{"@type":"ImageObject","inLanguage":"tr","@id":"https:\/\/secure.gravatar.com\/avatar\/bab33852abfd8b282518d6ed81826833d77c3c882d9ab608add591ccace47a44?s=96&d=mm&r=g","url":"https:\/\/secure.gravatar.com\/avatar\/bab33852abfd8b282518d6ed81826833d77c3c882d9ab608add591ccace47a44?s=96&d=mm&r=g","contentUrl":"https:\/\/secure.gravatar.com\/avatar\/bab33852abfd8b282518d6ed81826833d77c3c882d9ab608add591ccace47a44?s=96&d=mm&r=g","caption":"Kuzeyin Sesi"},"sameAs":["https:\/\/kuzeyinsesi.org"],"url":"https:\/\/kuzeyinsesi.org\/index.php\/author\/guven\/"}]}},"_links":{"self":[{"href":"https:\/\/kuzeyinsesi.org\/index.php\/wp-json\/wp\/v2\/posts\/14590","targetHints":{"allow":["GET"]}}],"collection":[{"href":"https:\/\/kuzeyinsesi.org\/index.php\/wp-json\/wp\/v2\/posts"}],"about":[{"href":"https:\/\/kuzeyinsesi.org\/index.php\/wp-json\/wp\/v2\/types\/post"}],"author":[{"embeddable":true,"href":"https:\/\/kuzeyinsesi.org\/index.php\/wp-json\/wp\/v2\/users\/1"}],"replies":[{"embeddable":true,"href":"https:\/\/kuzeyinsesi.org\/index.php\/wp-json\/wp\/v2\/comments?post=14590"}],"version-history":[{"count":0,"href":"https:\/\/kuzeyinsesi.org\/index.php\/wp-json\/wp\/v2\/posts\/14590\/revisions"}],"wp:featuredmedia":[{"embeddable":true,"href":"https:\/\/kuzeyinsesi.org\/index.php\/wp-json\/wp\/v2\/media\/14591"}],"wp:attachment":[{"href":"https:\/\/kuzeyinsesi.org\/index.php\/wp-json\/wp\/v2\/media?parent=14590"}],"wp:term":[{"taxonomy":"category","embeddable":true,"href":"https:\/\/kuzeyinsesi.org\/index.php\/wp-json\/wp\/v2\/categories?post=14590"},{"taxonomy":"post_tag","embeddable":true,"href":"https:\/\/kuzeyinsesi.org\/index.php\/wp-json\/wp\/v2\/tags?post=14590"}],"curies":[{"name":"wp","href":"https:\/\/api.w.org\/{rel}","templated":true}]}}