{"id":14572,"date":"2024-11-29T09:20:39","date_gmt":"2024-11-29T07:20:39","guid":{"rendered":"https:\/\/kuzeyinsesi.org\/index.php\/2024\/11\/29\/turkiye-cumhurbaskani-erdogan-ve-umman-sultani-bin-tarik-ortak-basin-toplantisi-duzenledi\/"},"modified":"2024-11-29T09:20:39","modified_gmt":"2024-11-29T07:20:39","slug":"turkiye-cumhurbaskani-erdogan-ve-umman-sultani-bin-tarik-ortak-basin-toplantisi-duzenledi","status":"publish","type":"post","link":"https:\/\/kuzeyinsesi.org\/index.php\/2024\/11\/29\/turkiye-cumhurbaskani-erdogan-ve-umman-sultani-bin-tarik-ortak-basin-toplantisi-duzenledi\/","title":{"rendered":"T\u00fcrkiye Cumhurba\u015fkan\u0131 Erdo\u011fan ve Umman Sultan\u0131 Bin Tar\u0131k ortak bas\u0131n toplant\u0131s\u0131 d\u00fczenledi"},"content":{"rendered":"<div>\n<div class=\"mariselle-image-container center\">\n                                            <\/div>\n<p>T\u00fcrkiye Cumhurba\u015fkan\u0131 Recep Tayyip Erdo\u011fan, \u201cGazze\u2019de acil, adil ve kal\u0131c\u0131 ate\u015fkes sa\u011flanmad\u0131k\u00e7a b\u00f6lgesel ve k\u00fcresel huzura ula\u015famayaca\u011f\u0131m\u0131z\u0131n alt\u0131n\u0131 \u00e7izmek istiyorum. ABD Ba\u015fkan\u0131 Biden\u2019\u0131n, Gazze\u2019de ate\u015fkes i\u00e7in yeni bir giri\u015fim ba\u015flatacaklar\u0131n\u0131 duyurmas\u0131, \u00e7ok ge\u00e7 kalm\u0131\u015f ama \u00f6nemli bir ad\u0131md\u0131r.\u201d dedi.<\/p>\n<p>Erdo\u011fan, Cumhurba\u015fkanl\u0131\u011f\u0131 K\u00fclliyesi\u2019nde, ba\u015f ba\u015fa ve heyetler aras\u0131 g\u00f6r\u00fc\u015fmenin ard\u0131ndan Umman Sultan\u0131 Heysem bin Tar\u0131k ile ortak bas\u0131n toplant\u0131s\u0131 d\u00fczenledi.<\/p>\n<p>Umman Sultan\u0131 Heysem bin Tar\u0131k\u2019\u0131 T\u00fcrkiye\u2019de misafir etmekten duydu\u011fu memnuniyeti dile getiren Erdo\u011fan, ziyaretin Umman\u2019dan T\u00fcrkiye\u2019ye devlet ba\u015fkan\u0131 d\u00fczeyinde yap\u0131lan ilk resmi ziyaret niteli\u011finde oldu\u011funu s\u00f6yledi.<\/p>\n<p>Gelecek d\u00f6nemde Umman\u2019a iade-i ziyarette bulunmay\u0131 \u00f6ng\u00f6rd\u00fc\u011f\u00fcn\u00fc belirten Erdo\u011fan, \u015f\u00f6yle konu\u015ftu:<\/p>\n<p>\u201cK\u00f6kl\u00fc tarihi ve karde\u015flik ba\u011flar\u0131na sahip oldu\u011fumuz Umman ile ili\u015fkilerimiz her alanda geli\u015fmeye devam ediyor. De\u011ferli karde\u015fimle birlikte m\u00fcnasebetlerimizi her alanda \u00e7ok daha ileri noktalara ta\u015f\u0131mak istiyoruz. Ge\u00e7ti\u011fimiz y\u0131l \u00fclkemizde ya\u015fanan deprem felaketinin ard\u0131ndan sergiledi\u011fi g\u00fc\u00e7l\u00fc dayan\u0131\u015fma i\u00e7in kendisine bir kez daha te\u015fekk\u00fcr ediyorum.<\/p>\n<p>Burada \u015funu da b\u00fcy\u00fck bir memnuniyetle ifade etmem laz\u0131m. K\u0131ymetli dostumun Yemen ihtilaf\u0131 ba\u015fta olmak \u00fczere, b\u00f6lgemizi ilgilendiren bir\u00e7ok meselede elini ta\u015f\u0131n alt\u0131na koymak suretiyle bar\u0131\u015f\u0131n tesisi i\u00e7in sarf etti\u011fi \u00e7abalar takdire \u015fayand\u0131r. Gerek T\u00fcrkiye-Umman ili\u015fkilerine, gerek b\u00f6lgemizin bar\u0131\u015f ve istikrar\u0131na katk\u0131lar\u0131ndan \u00f6t\u00fcr\u00fc Sultan Heysem bin Tar\u0131k\u2019a T\u00fcrkiye Cumhuriyeti Devlet Ni\u015fan\u0131\u2019n\u0131 biraz \u00f6nce takdim ettim. \u015eahs\u0131m\u0131za tevcih etmi\u015f olduklar\u0131 El Said Ni\u015fan\u0131 i\u00e7in de kendisine \u015fahs\u0131m, milletim ad\u0131na te\u015fekk\u00fcr ediyorum. Rabb\u2019im iki \u00fclke karde\u015fli\u011fini daim eylesin.\u201d<\/p>\n<p>\u2013 \u201c\u0130li\u015fkilerimize kurumsal \u00e7er\u00e7eve kazand\u0131rmak arzusunday\u0131z\u201d<\/p>\n<p>G\u00f6r\u00fc\u015fmelerinde, \u00e7e\u015fitli alanlara yay\u0131lan ili\u015fkilerin daha da g\u00fc\u00e7lendirilmesi i\u00e7in at\u0131labilecek ad\u0131mlar\u0131 de\u011ferlendirdiklerini anlatan Erdo\u011fan, \u015fu bilgileri payla\u015ft\u0131:<\/p>\n<p>\u201c\u0130li\u015fkilerimize kurumsal \u00e7er\u00e7eve kazand\u0131rmak arzusunday\u0131z. Bu ama\u00e7la y\u00fcksek d\u00fczeyli stratejik i\u015fbirli\u011fi mekanizmas\u0131 dahil istifade edebilece\u011fimiz se\u00e7enekleri ele ald\u0131k. D\u0131\u015f ili\u015fkiler, ekonomi, sanayi, yat\u0131r\u0131m, sa\u011fl\u0131k, k\u00fclt\u00fcr, tar\u0131m ve hayvanc\u0131l\u0131k gibi ba\u015fl\u0131klarda i\u015fbirli\u011fimizi ilerletmeye y\u00f6nelik 10 belge imzaland\u0131. Ortak bildiri kabul edildi.<\/p>\n<p>Ekonomi ve ticari ili\u015fkilerimizi mevcut potansiyelimizi yans\u0131tacak \u015fekilde ilk a\u015famada 5 milyar dolara \u00e7\u0131kartmay\u0131 hedefliyoruz. M\u00fcteahhitlik firmalar\u0131m\u0131z, Umman\u2019da bug\u00fcne kadar 7 milyar dolar de\u011ferindeki projeyi ba\u015far\u0131yla tamamlad\u0131. Aziz karde\u015fimle, \u015firketlerimizin Umman 2040 vizyonuna yapabilecekleri katk\u0131lara da de\u011findik. Bu vesileyle Umman heyetinin yar\u0131n T\u00fcrk i\u015f d\u00fcnyas\u0131n\u0131n temsilcileriyle yapaca\u011f\u0131 toplant\u0131dan somut neticeler al\u0131nmas\u0131n\u0131 temenni ediyorum. BOTA\u015e ile Umman\u2019l\u0131 muhatab\u0131 aras\u0131ndaki anla\u015fma uyar\u0131nca 2025 y\u0131l\u0131ndan itibaren Umman\u2019dan s\u0131v\u0131la\u015ft\u0131r\u0131lm\u0131\u015f gaz tedarikine ba\u015flanacak olmas\u0131yla enerji alan\u0131nda i\u015fbirli\u011fimizde yeni bir d\u00f6neme girmi\u015f olaca\u011f\u0131z.\u201d<\/p>\n<p>Erdo\u011fan, g\u00f6r\u00fc\u015fmede savunma sanayi alan\u0131ndaki i\u015fbirli\u011finin de g\u00fcndeme geldi\u011fini belirterek, Umman\u2019\u0131n T\u00fcrk \u00fcr\u00fcnlerini tercih etmesinden iftihar ettiklerini s\u00f6yledi.<\/p>\n<p>\u2013 \u201cUmman ile isti\u015fare ve i\u015fbirli\u011fine \u00f6nem veriyoruz\u201d<\/p>\n<p>Umman Sultan\u0131 Bin Tar\u0131k ve heyetiyle b\u00f6lgedeki geli\u015fmeleri de etrafl\u0131ca g\u00f6zden ge\u00e7irdiklerini vurgulayan Erdo\u011fan, \u201cUmmanl\u0131 karde\u015flerimizin uluslararas\u0131 ve b\u00f6lgesel sorunlar\u0131n diyalog yoluyla a\u015f\u0131lmas\u0131na y\u00f6nelik \u00e7abalara verdi\u011fi deste\u011fi takdirle kar\u015f\u0131l\u0131yoruz. Bu konularda Umman ile isti\u015fare ve i\u015fbirli\u011fine \u00f6nem veriyor, benzer g\u00f6r\u00fc\u015fleri payla\u015f\u0131yoruz. Bilhassa \u0130srail\u2019in Filistin\u2019deki katliamlar\u0131na ve b\u00f6lge g\u00fcvenli\u011fini tehdit eden sald\u0131r\u0131lar\u0131na kar\u015f\u0131 \u0130slam d\u00fcnyas\u0131n\u0131n daha somut ve kapsaml\u0131 i\u015fbirli\u011fi yapmas\u0131 gerekti\u011fine vurgu yapt\u0131k.\u201d diye konu\u015ftu.<\/p>\n<p>Cumhurba\u015fkan\u0131 Erdo\u011fan, L\u00fcbnan\u2019da ate\u015fkesin teminine y\u00f6nelik m\u00fczakerelerin olumlu sonu\u00e7lanmas\u0131n\u0131 memnuniyetle kar\u015f\u0131lad\u0131klar\u0131na dikkati \u00e7ekerek, \u015f\u00f6yle devam etti:<\/p>\n<p>\u201c\u00dclkemizin, L\u00fcbnan\u2019da bar\u0131\u015f\u0131n ve istikrar\u0131n sa\u011flanmas\u0131nda her t\u00fcrl\u00fc deste\u011fi vermeye haz\u0131r oldu\u011funu bir kez daha vurguluyorum. Ancak Gazze\u2019de acil, adil ve kal\u0131c\u0131 ate\u015fkes sa\u011flanmad\u0131k\u00e7a b\u00f6lgesel ve k\u00fcresel huzura ula\u015famayaca\u011f\u0131m\u0131z\u0131n da alt\u0131n\u0131 \u00e7izmek istiyorum. Amerikan Ba\u015fkan\u0131 Biden\u2019\u0131n, Gazze\u2019de ate\u015fkes i\u00e7in yeni bir giri\u015fim ba\u015flatacaklar\u0131n\u0131 duyurmas\u0131, \u00e7ok ge\u00e7 kalm\u0131\u015f ama \u00f6nemli bir ad\u0131md\u0131r. Bu \u00e7at\u0131\u015fmalar\u0131n en ba\u015f\u0131ndan bu yana kal\u0131c\u0131 ate\u015fkes sa\u011flanmas\u0131 i\u00e7in gerek arabuluculuk olsun, gerek garant\u00f6rl\u00fck olsun, \u00fczerimize d\u00fc\u015feni fazlas\u0131yla yapmaya haz\u0131r oldu\u011fumuzu defaatle ifade ettik. Bug\u00fcn de ayn\u0131 yerdeyiz. Gazze\u2019de s\u00fckunetin ve bar\u0131\u015f\u0131n tesisi i\u00e7in \u00fczerimize d\u00fc\u015fen ne varsa, elbette yapmaktan \u00e7ekinmeyiz.\u201d<\/p>\n<\/p><\/div>\n<p><script async\n                    defer\n                    crossorigin=\"anonymous\"\n                    src=\"https:\/\/connect.facebook.net\/tr_TR\/sdk.js#xfbml=1&#038;version=v3.3\"\n            ><\/script><\/p>\n","protected":false},"excerpt":{"rendered":"<p>T\u00fcrkiye Cumhurba\u015fkan\u0131 Recep Tayyip Erdo\u011fan, \u201cGazze\u2019de acil, adil ve kal\u0131c\u0131 ate\u015fkes sa\u011flanmad\u0131k\u00e7a b\u00f6lgesel ve k\u00fcresel huzura ula\u015famayaca\u011f\u0131m\u0131z\u0131n alt\u0131n\u0131 \u00e7izmek istiyorum. ABD Ba\u015fkan\u0131 Biden\u2019\u0131n, Gazze\u2019de ate\u015fkes i\u00e7in yeni bir giri\u015fim ba\u015flatacaklar\u0131n\u0131 duyurmas\u0131, \u00e7ok ge\u00e7 kalm\u0131\u015f ama \u00f6nemli bir ad\u0131md\u0131r.\u201d dedi. Erdo\u011fan, Cumhurba\u015fkanl\u0131\u011f\u0131 K\u00fclliyesi\u2019nde, ba\u015f ba\u015fa ve heyetler aras\u0131 g\u00f6r\u00fc\u015fmenin ard\u0131ndan Umman Sultan\u0131 Heysem bin Tar\u0131k ile [&hellip;]<\/p>\n","protected":false},"author":1,"featured_media":14573,"comment_status":"open","ping_status":"open","sticky":false,"template":"","format":"standard","meta":{"jnews-multi-image_gallery":[],"jnews_single_post":[],"jnews_primary_category":[],"jnews_social_meta":[],"jnews_override_counter":[],"footnotes":""},"categories":[5],"tags":[],"class_list":["post-14572","post","type-post","status-publish","format-standard","has-post-thumbnail","hentry","category-turkiye"],"yoast_head":"<!-- This site is optimized with the Yoast SEO plugin v27.4 - https:\/\/yoast.com\/product\/yoast-seo-wordpress\/ -->\n<title>T\u00fcrkiye Cumhurba\u015fkan\u0131 Erdo\u011fan ve Umman Sultan\u0131 Bin Tar\u0131k ortak bas\u0131n toplant\u0131s\u0131 d\u00fczenledi - Kuzeyin Sesi<\/title>\n<meta name=\"robots\" content=\"index, follow, max-snippet:-1, max-image-preview:large, max-video-preview:-1\" \/>\n<link rel=\"canonical\" href=\"https:\/\/kuzeyinsesi.org\/index.php\/2024\/11\/29\/turkiye-cumhurbaskani-erdogan-ve-umman-sultani-bin-tarik-ortak-basin-toplantisi-duzenledi\/\" \/>\n<meta property=\"og:locale\" content=\"tr_TR\" \/>\n<meta property=\"og:type\" content=\"article\" \/>\n<meta property=\"og:title\" content=\"T\u00fcrkiye Cumhurba\u015fkan\u0131 Erdo\u011fan ve Umman Sultan\u0131 Bin Tar\u0131k ortak bas\u0131n toplant\u0131s\u0131 d\u00fczenledi - Kuzeyin Sesi\" \/>\n<meta property=\"og:description\" content=\"T\u00fcrkiye Cumhurba\u015fkan\u0131 Recep Tayyip Erdo\u011fan, \u201cGazze\u2019de acil, adil ve kal\u0131c\u0131 ate\u015fkes sa\u011flanmad\u0131k\u00e7a b\u00f6lgesel ve k\u00fcresel huzura ula\u015famayaca\u011f\u0131m\u0131z\u0131n alt\u0131n\u0131 \u00e7izmek istiyorum. ABD Ba\u015fkan\u0131 Biden\u2019\u0131n, Gazze\u2019de ate\u015fkes i\u00e7in yeni bir giri\u015fim ba\u015flatacaklar\u0131n\u0131 duyurmas\u0131, \u00e7ok ge\u00e7 kalm\u0131\u015f ama \u00f6nemli bir ad\u0131md\u0131r.\u201d dedi. Erdo\u011fan, Cumhurba\u015fkanl\u0131\u011f\u0131 K\u00fclliyesi\u2019nde, ba\u015f ba\u015fa ve heyetler aras\u0131 g\u00f6r\u00fc\u015fmenin ard\u0131ndan Umman Sultan\u0131 Heysem bin Tar\u0131k ile [&hellip;]\" \/>\n<meta property=\"og:url\" content=\"https:\/\/kuzeyinsesi.org\/index.php\/2024\/11\/29\/turkiye-cumhurbaskani-erdogan-ve-umman-sultani-bin-tarik-ortak-basin-toplantisi-duzenledi\/\" \/>\n<meta property=\"og:site_name\" content=\"Kuzeyin Sesi\" \/>\n<meta property=\"article:publisher\" content=\"https:\/\/www.facebook.com\/kuzeyinsesii\" \/>\n<meta property=\"article:published_time\" content=\"2024-11-29T07:20:39+00:00\" \/>\n<meta property=\"og:image\" content=\"https:\/\/brtk.net\/wp-content\/uploads\/2024\/11\/28\/4-aa-36320706.jpg?ver=d2bcc0cb5231d2dff9d079745702a9b9\" \/>\n<meta name=\"author\" content=\"Kuzeyin Sesi\" \/>\n<meta name=\"twitter:card\" content=\"summary_large_image\" \/>\n<meta name=\"twitter:creator\" content=\"@kuzeyinsesii\" \/>\n<meta name=\"twitter:site\" content=\"@kuzeyinsesii\" \/>\n<meta name=\"twitter:label1\" content=\"Yazan:\" \/>\n\t<meta name=\"twitter:data1\" content=\"Kuzeyin Sesi\" \/>\n\t<meta name=\"twitter:label2\" content=\"Tahmini okuma s\u00fcresi\" \/>\n\t<meta name=\"twitter:data2\" content=\"4 dakika\" \/>\n<script type=\"application\/ld+json\" class=\"yoast-schema-graph\">{\"@context\":\"https:\\\/\\\/schema.org\",\"@graph\":[{\"@type\":\"Article\",\"@id\":\"https:\\\/\\\/kuzeyinsesi.org\\\/index.php\\\/2024\\\/11\\\/29\\\/turkiye-cumhurbaskani-erdogan-ve-umman-sultani-bin-tarik-ortak-basin-toplantisi-duzenledi\\\/#article\",\"isPartOf\":{\"@id\":\"https:\\\/\\\/kuzeyinsesi.org\\\/index.php\\\/2024\\\/11\\\/29\\\/turkiye-cumhurbaskani-erdogan-ve-umman-sultani-bin-tarik-ortak-basin-toplantisi-duzenledi\\\/\"},\"author\":{\"name\":\"Kuzeyin Sesi\",\"@id\":\"https:\\\/\\\/kuzeyinsesi.org\\\/#\\\/schema\\\/person\\\/9f859689cdf01485597712386e37f5aa\"},\"headline\":\"T\u00fcrkiye Cumhurba\u015fkan\u0131 Erdo\u011fan ve Umman Sultan\u0131 Bin Tar\u0131k ortak bas\u0131n toplant\u0131s\u0131 d\u00fczenledi\",\"datePublished\":\"2024-11-29T07:20:39+00:00\",\"mainEntityOfPage\":{\"@id\":\"https:\\\/\\\/kuzeyinsesi.org\\\/index.php\\\/2024\\\/11\\\/29\\\/turkiye-cumhurbaskani-erdogan-ve-umman-sultani-bin-tarik-ortak-basin-toplantisi-duzenledi\\\/\"},\"wordCount\":887,\"commentCount\":0,\"image\":{\"@id\":\"https:\\\/\\\/kuzeyinsesi.org\\\/index.php\\\/2024\\\/11\\\/29\\\/turkiye-cumhurbaskani-erdogan-ve-umman-sultani-bin-tarik-ortak-basin-toplantisi-duzenledi\\\/#primaryimage\"},\"thumbnailUrl\":\"https:\\\/\\\/kuzeyinsesi.org\\\/wp-content\\\/uploads\\\/2024\\\/11\\\/4-aa-36320706.jpg\",\"articleSection\":[\"T\u00fcrkiye\"],\"inLanguage\":\"tr\",\"potentialAction\":[{\"@type\":\"CommentAction\",\"name\":\"Comment\",\"target\":[\"https:\\\/\\\/kuzeyinsesi.org\\\/index.php\\\/2024\\\/11\\\/29\\\/turkiye-cumhurbaskani-erdogan-ve-umman-sultani-bin-tarik-ortak-basin-toplantisi-duzenledi\\\/#respond\"]}]},{\"@type\":\"WebPage\",\"@id\":\"https:\\\/\\\/kuzeyinsesi.org\\\/index.php\\\/2024\\\/11\\\/29\\\/turkiye-cumhurbaskani-erdogan-ve-umman-sultani-bin-tarik-ortak-basin-toplantisi-duzenledi\\\/\",\"url\":\"https:\\\/\\\/kuzeyinsesi.org\\\/index.php\\\/2024\\\/11\\\/29\\\/turkiye-cumhurbaskani-erdogan-ve-umman-sultani-bin-tarik-ortak-basin-toplantisi-duzenledi\\\/\",\"name\":\"T\u00fcrkiye Cumhurba\u015fkan\u0131 Erdo\u011fan ve Umman Sultan\u0131 Bin Tar\u0131k ortak bas\u0131n toplant\u0131s\u0131 d\u00fczenledi - Kuzeyin Sesi\",\"isPartOf\":{\"@id\":\"https:\\\/\\\/kuzeyinsesi.org\\\/#website\"},\"primaryImageOfPage\":{\"@id\":\"https:\\\/\\\/kuzeyinsesi.org\\\/index.php\\\/2024\\\/11\\\/29\\\/turkiye-cumhurbaskani-erdogan-ve-umman-sultani-bin-tarik-ortak-basin-toplantisi-duzenledi\\\/#primaryimage\"},\"image\":{\"@id\":\"https:\\\/\\\/kuzeyinsesi.org\\\/index.php\\\/2024\\\/11\\\/29\\\/turkiye-cumhurbaskani-erdogan-ve-umman-sultani-bin-tarik-ortak-basin-toplantisi-duzenledi\\\/#primaryimage\"},\"thumbnailUrl\":\"https:\\\/\\\/kuzeyinsesi.org\\\/wp-content\\\/uploads\\\/2024\\\/11\\\/4-aa-36320706.jpg\",\"datePublished\":\"2024-11-29T07:20:39+00:00\",\"author\":{\"@id\":\"https:\\\/\\\/kuzeyinsesi.org\\\/#\\\/schema\\\/person\\\/9f859689cdf01485597712386e37f5aa\"},\"breadcrumb\":{\"@id\":\"https:\\\/\\\/kuzeyinsesi.org\\\/index.php\\\/2024\\\/11\\\/29\\\/turkiye-cumhurbaskani-erdogan-ve-umman-sultani-bin-tarik-ortak-basin-toplantisi-duzenledi\\\/#breadcrumb\"},\"inLanguage\":\"tr\",\"potentialAction\":[{\"@type\":\"ReadAction\",\"target\":[\"https:\\\/\\\/kuzeyinsesi.org\\\/index.php\\\/2024\\\/11\\\/29\\\/turkiye-cumhurbaskani-erdogan-ve-umman-sultani-bin-tarik-ortak-basin-toplantisi-duzenledi\\\/\"]}]},{\"@type\":\"ImageObject\",\"inLanguage\":\"tr\",\"@id\":\"https:\\\/\\\/kuzeyinsesi.org\\\/index.php\\\/2024\\\/11\\\/29\\\/turkiye-cumhurbaskani-erdogan-ve-umman-sultani-bin-tarik-ortak-basin-toplantisi-duzenledi\\\/#primaryimage\",\"url\":\"https:\\\/\\\/kuzeyinsesi.org\\\/wp-content\\\/uploads\\\/2024\\\/11\\\/4-aa-36320706.jpg\",\"contentUrl\":\"https:\\\/\\\/kuzeyinsesi.org\\\/wp-content\\\/uploads\\\/2024\\\/11\\\/4-aa-36320706.jpg\",\"width\":750,\"height\":422},{\"@type\":\"BreadcrumbList\",\"@id\":\"https:\\\/\\\/kuzeyinsesi.org\\\/index.php\\\/2024\\\/11\\\/29\\\/turkiye-cumhurbaskani-erdogan-ve-umman-sultani-bin-tarik-ortak-basin-toplantisi-duzenledi\\\/#breadcrumb\",\"itemListElement\":[{\"@type\":\"ListItem\",\"position\":1,\"name\":\"Anasayfa\",\"item\":\"https:\\\/\\\/kuzeyinsesi.org\\\/\"},{\"@type\":\"ListItem\",\"position\":2,\"name\":\"T\u00fcrkiye Cumhurba\u015fkan\u0131 Erdo\u011fan ve Umman Sultan\u0131 Bin Tar\u0131k ortak bas\u0131n toplant\u0131s\u0131 d\u00fczenledi\"}]},{\"@type\":\"WebSite\",\"@id\":\"https:\\\/\\\/kuzeyinsesi.org\\\/#website\",\"url\":\"https:\\\/\\\/kuzeyinsesi.org\\\/\",\"name\":\"Kuzeyin Sesi\",\"description\":\"Do\u011fru Haberin Adresi\",\"potentialAction\":[{\"@type\":\"SearchAction\",\"target\":{\"@type\":\"EntryPoint\",\"urlTemplate\":\"https:\\\/\\\/kuzeyinsesi.org\\\/?s={search_term_string}\"},\"query-input\":{\"@type\":\"PropertyValueSpecification\",\"valueRequired\":true,\"valueName\":\"search_term_string\"}}],\"inLanguage\":\"tr\"},{\"@type\":\"Person\",\"@id\":\"https:\\\/\\\/kuzeyinsesi.org\\\/#\\\/schema\\\/person\\\/9f859689cdf01485597712386e37f5aa\",\"name\":\"Kuzeyin Sesi\",\"image\":{\"@type\":\"ImageObject\",\"inLanguage\":\"tr\",\"@id\":\"https:\\\/\\\/secure.gravatar.com\\\/avatar\\\/bab33852abfd8b282518d6ed81826833d77c3c882d9ab608add591ccace47a44?s=96&d=mm&r=g\",\"url\":\"https:\\\/\\\/secure.gravatar.com\\\/avatar\\\/bab33852abfd8b282518d6ed81826833d77c3c882d9ab608add591ccace47a44?s=96&d=mm&r=g\",\"contentUrl\":\"https:\\\/\\\/secure.gravatar.com\\\/avatar\\\/bab33852abfd8b282518d6ed81826833d77c3c882d9ab608add591ccace47a44?s=96&d=mm&r=g\",\"caption\":\"Kuzeyin Sesi\"},\"sameAs\":[\"https:\\\/\\\/kuzeyinsesi.org\"],\"url\":\"https:\\\/\\\/kuzeyinsesi.org\\\/index.php\\\/author\\\/guven\\\/\"}]}<\/script>\n<!-- \/ Yoast SEO plugin. -->","yoast_head_json":{"title":"T\u00fcrkiye Cumhurba\u015fkan\u0131 Erdo\u011fan ve Umman Sultan\u0131 Bin Tar\u0131k ortak bas\u0131n toplant\u0131s\u0131 d\u00fczenledi - Kuzeyin Sesi","robots":{"index":"index","follow":"follow","max-snippet":"max-snippet:-1","max-image-preview":"max-image-preview:large","max-video-preview":"max-video-preview:-1"},"canonical":"https:\/\/kuzeyinsesi.org\/index.php\/2024\/11\/29\/turkiye-cumhurbaskani-erdogan-ve-umman-sultani-bin-tarik-ortak-basin-toplantisi-duzenledi\/","og_locale":"tr_TR","og_type":"article","og_title":"T\u00fcrkiye Cumhurba\u015fkan\u0131 Erdo\u011fan ve Umman Sultan\u0131 Bin Tar\u0131k ortak bas\u0131n toplant\u0131s\u0131 d\u00fczenledi - Kuzeyin Sesi","og_description":"T\u00fcrkiye Cumhurba\u015fkan\u0131 Recep Tayyip Erdo\u011fan, \u201cGazze\u2019de acil, adil ve kal\u0131c\u0131 ate\u015fkes sa\u011flanmad\u0131k\u00e7a b\u00f6lgesel ve k\u00fcresel huzura ula\u015famayaca\u011f\u0131m\u0131z\u0131n alt\u0131n\u0131 \u00e7izmek istiyorum. ABD Ba\u015fkan\u0131 Biden\u2019\u0131n, Gazze\u2019de ate\u015fkes i\u00e7in yeni bir giri\u015fim ba\u015flatacaklar\u0131n\u0131 duyurmas\u0131, \u00e7ok ge\u00e7 kalm\u0131\u015f ama \u00f6nemli bir ad\u0131md\u0131r.\u201d dedi. Erdo\u011fan, Cumhurba\u015fkanl\u0131\u011f\u0131 K\u00fclliyesi\u2019nde, ba\u015f ba\u015fa ve heyetler aras\u0131 g\u00f6r\u00fc\u015fmenin ard\u0131ndan Umman Sultan\u0131 Heysem bin Tar\u0131k ile [&hellip;]","og_url":"https:\/\/kuzeyinsesi.org\/index.php\/2024\/11\/29\/turkiye-cumhurbaskani-erdogan-ve-umman-sultani-bin-tarik-ortak-basin-toplantisi-duzenledi\/","og_site_name":"Kuzeyin Sesi","article_publisher":"https:\/\/www.facebook.com\/kuzeyinsesii","article_published_time":"2024-11-29T07:20:39+00:00","og_image":[{"url":"https:\/\/brtk.net\/wp-content\/uploads\/2024\/11\/28\/4-aa-36320706.jpg?ver=d2bcc0cb5231d2dff9d079745702a9b9","type":"","width":"","height":""}],"author":"Kuzeyin Sesi","twitter_card":"summary_large_image","twitter_creator":"@kuzeyinsesii","twitter_site":"@kuzeyinsesii","twitter_misc":{"Yazan:":"Kuzeyin Sesi","Tahmini okuma s\u00fcresi":"4 dakika"},"schema":{"@context":"https:\/\/schema.org","@graph":[{"@type":"Article","@id":"https:\/\/kuzeyinsesi.org\/index.php\/2024\/11\/29\/turkiye-cumhurbaskani-erdogan-ve-umman-sultani-bin-tarik-ortak-basin-toplantisi-duzenledi\/#article","isPartOf":{"@id":"https:\/\/kuzeyinsesi.org\/index.php\/2024\/11\/29\/turkiye-cumhurbaskani-erdogan-ve-umman-sultani-bin-tarik-ortak-basin-toplantisi-duzenledi\/"},"author":{"name":"Kuzeyin Sesi","@id":"https:\/\/kuzeyinsesi.org\/#\/schema\/person\/9f859689cdf01485597712386e37f5aa"},"headline":"T\u00fcrkiye Cumhurba\u015fkan\u0131 Erdo\u011fan ve Umman Sultan\u0131 Bin Tar\u0131k ortak bas\u0131n toplant\u0131s\u0131 d\u00fczenledi","datePublished":"2024-11-29T07:20:39+00:00","mainEntityOfPage":{"@id":"https:\/\/kuzeyinsesi.org\/index.php\/2024\/11\/29\/turkiye-cumhurbaskani-erdogan-ve-umman-sultani-bin-tarik-ortak-basin-toplantisi-duzenledi\/"},"wordCount":887,"commentCount":0,"image":{"@id":"https:\/\/kuzeyinsesi.org\/index.php\/2024\/11\/29\/turkiye-cumhurbaskani-erdogan-ve-umman-sultani-bin-tarik-ortak-basin-toplantisi-duzenledi\/#primaryimage"},"thumbnailUrl":"https:\/\/kuzeyinsesi.org\/wp-content\/uploads\/2024\/11\/4-aa-36320706.jpg","articleSection":["T\u00fcrkiye"],"inLanguage":"tr","potentialAction":[{"@type":"CommentAction","name":"Comment","target":["https:\/\/kuzeyinsesi.org\/index.php\/2024\/11\/29\/turkiye-cumhurbaskani-erdogan-ve-umman-sultani-bin-tarik-ortak-basin-toplantisi-duzenledi\/#respond"]}]},{"@type":"WebPage","@id":"https:\/\/kuzeyinsesi.org\/index.php\/2024\/11\/29\/turkiye-cumhurbaskani-erdogan-ve-umman-sultani-bin-tarik-ortak-basin-toplantisi-duzenledi\/","url":"https:\/\/kuzeyinsesi.org\/index.php\/2024\/11\/29\/turkiye-cumhurbaskani-erdogan-ve-umman-sultani-bin-tarik-ortak-basin-toplantisi-duzenledi\/","name":"T\u00fcrkiye Cumhurba\u015fkan\u0131 Erdo\u011fan ve Umman Sultan\u0131 Bin Tar\u0131k ortak bas\u0131n toplant\u0131s\u0131 d\u00fczenledi - Kuzeyin Sesi","isPartOf":{"@id":"https:\/\/kuzeyinsesi.org\/#website"},"primaryImageOfPage":{"@id":"https:\/\/kuzeyinsesi.org\/index.php\/2024\/11\/29\/turkiye-cumhurbaskani-erdogan-ve-umman-sultani-bin-tarik-ortak-basin-toplantisi-duzenledi\/#primaryimage"},"image":{"@id":"https:\/\/kuzeyinsesi.org\/index.php\/2024\/11\/29\/turkiye-cumhurbaskani-erdogan-ve-umman-sultani-bin-tarik-ortak-basin-toplantisi-duzenledi\/#primaryimage"},"thumbnailUrl":"https:\/\/kuzeyinsesi.org\/wp-content\/uploads\/2024\/11\/4-aa-36320706.jpg","datePublished":"2024-11-29T07:20:39+00:00","author":{"@id":"https:\/\/kuzeyinsesi.org\/#\/schema\/person\/9f859689cdf01485597712386e37f5aa"},"breadcrumb":{"@id":"https:\/\/kuzeyinsesi.org\/index.php\/2024\/11\/29\/turkiye-cumhurbaskani-erdogan-ve-umman-sultani-bin-tarik-ortak-basin-toplantisi-duzenledi\/#breadcrumb"},"inLanguage":"tr","potentialAction":[{"@type":"ReadAction","target":["https:\/\/kuzeyinsesi.org\/index.php\/2024\/11\/29\/turkiye-cumhurbaskani-erdogan-ve-umman-sultani-bin-tarik-ortak-basin-toplantisi-duzenledi\/"]}]},{"@type":"ImageObject","inLanguage":"tr","@id":"https:\/\/kuzeyinsesi.org\/index.php\/2024\/11\/29\/turkiye-cumhurbaskani-erdogan-ve-umman-sultani-bin-tarik-ortak-basin-toplantisi-duzenledi\/#primaryimage","url":"https:\/\/kuzeyinsesi.org\/wp-content\/uploads\/2024\/11\/4-aa-36320706.jpg","contentUrl":"https:\/\/kuzeyinsesi.org\/wp-content\/uploads\/2024\/11\/4-aa-36320706.jpg","width":750,"height":422},{"@type":"BreadcrumbList","@id":"https:\/\/kuzeyinsesi.org\/index.php\/2024\/11\/29\/turkiye-cumhurbaskani-erdogan-ve-umman-sultani-bin-tarik-ortak-basin-toplantisi-duzenledi\/#breadcrumb","itemListElement":[{"@type":"ListItem","position":1,"name":"Anasayfa","item":"https:\/\/kuzeyinsesi.org\/"},{"@type":"ListItem","position":2,"name":"T\u00fcrkiye Cumhurba\u015fkan\u0131 Erdo\u011fan ve Umman Sultan\u0131 Bin Tar\u0131k ortak bas\u0131n toplant\u0131s\u0131 d\u00fczenledi"}]},{"@type":"WebSite","@id":"https:\/\/kuzeyinsesi.org\/#website","url":"https:\/\/kuzeyinsesi.org\/","name":"Kuzeyin Sesi","description":"Do\u011fru Haberin Adresi","potentialAction":[{"@type":"SearchAction","target":{"@type":"EntryPoint","urlTemplate":"https:\/\/kuzeyinsesi.org\/?s={search_term_string}"},"query-input":{"@type":"PropertyValueSpecification","valueRequired":true,"valueName":"search_term_string"}}],"inLanguage":"tr"},{"@type":"Person","@id":"https:\/\/kuzeyinsesi.org\/#\/schema\/person\/9f859689cdf01485597712386e37f5aa","name":"Kuzeyin Sesi","image":{"@type":"ImageObject","inLanguage":"tr","@id":"https:\/\/secure.gravatar.com\/avatar\/bab33852abfd8b282518d6ed81826833d77c3c882d9ab608add591ccace47a44?s=96&d=mm&r=g","url":"https:\/\/secure.gravatar.com\/avatar\/bab33852abfd8b282518d6ed81826833d77c3c882d9ab608add591ccace47a44?s=96&d=mm&r=g","contentUrl":"https:\/\/secure.gravatar.com\/avatar\/bab33852abfd8b282518d6ed81826833d77c3c882d9ab608add591ccace47a44?s=96&d=mm&r=g","caption":"Kuzeyin Sesi"},"sameAs":["https:\/\/kuzeyinsesi.org"],"url":"https:\/\/kuzeyinsesi.org\/index.php\/author\/guven\/"}]}},"_links":{"self":[{"href":"https:\/\/kuzeyinsesi.org\/index.php\/wp-json\/wp\/v2\/posts\/14572","targetHints":{"allow":["GET"]}}],"collection":[{"href":"https:\/\/kuzeyinsesi.org\/index.php\/wp-json\/wp\/v2\/posts"}],"about":[{"href":"https:\/\/kuzeyinsesi.org\/index.php\/wp-json\/wp\/v2\/types\/post"}],"author":[{"embeddable":true,"href":"https:\/\/kuzeyinsesi.org\/index.php\/wp-json\/wp\/v2\/users\/1"}],"replies":[{"embeddable":true,"href":"https:\/\/kuzeyinsesi.org\/index.php\/wp-json\/wp\/v2\/comments?post=14572"}],"version-history":[{"count":0,"href":"https:\/\/kuzeyinsesi.org\/index.php\/wp-json\/wp\/v2\/posts\/14572\/revisions"}],"wp:featuredmedia":[{"embeddable":true,"href":"https:\/\/kuzeyinsesi.org\/index.php\/wp-json\/wp\/v2\/media\/14573"}],"wp:attachment":[{"href":"https:\/\/kuzeyinsesi.org\/index.php\/wp-json\/wp\/v2\/media?parent=14572"}],"wp:term":[{"taxonomy":"category","embeddable":true,"href":"https:\/\/kuzeyinsesi.org\/index.php\/wp-json\/wp\/v2\/categories?post=14572"},{"taxonomy":"post_tag","embeddable":true,"href":"https:\/\/kuzeyinsesi.org\/index.php\/wp-json\/wp\/v2\/tags?post=14572"}],"curies":[{"name":"wp","href":"https:\/\/api.w.org\/{rel}","templated":true}]}}