{"id":1457,"date":"2024-05-06T13:19:56","date_gmt":"2024-05-06T10:19:56","guid":{"rendered":"https:\/\/kuzeyinsesi.com\/index.php\/2024\/05\/06\/cumhuriyet-meclisi-genel-kurulu-hem-yasama-hem-de-denetim-goreviyle-toplandi\/"},"modified":"2024-05-06T13:19:56","modified_gmt":"2024-05-06T10:19:56","slug":"cumhuriyet-meclisi-genel-kurulu-hem-yasama-hem-de-denetim-goreviyle-toplandi","status":"publish","type":"post","link":"https:\/\/kuzeyinsesi.org\/index.php\/2024\/05\/06\/cumhuriyet-meclisi-genel-kurulu-hem-yasama-hem-de-denetim-goreviyle-toplandi\/","title":{"rendered":"Cumhuriyet Meclisi Genel Kurulu hem yasama hem de denetim g\u00f6reviyle topland\u0131"},"content":{"rendered":"<div>\n<div class=\"mariselle-image-container none\">\n                                            <\/div>\n<p>Cumhuriyet Meclisi Genel Kurulu bug\u00fcn 12.15\u2019te Meclis Ba\u015fkan Yard\u0131mc\u0131s\u0131 Fazilet \u00d6zdenefe ba\u015fkanl\u0131\u011f\u0131nda topland\u0131.<\/p>\n<p>Hem yasama hem de denetim g\u00f6reviyle toplanan Meclis Genel Kurulu\u2019nun g\u00fcndeminde, ba\u015fkanl\u0131\u011f\u0131n sunu\u015flar\u0131n\u0131n ard\u0131ndan \u201cAtat\u00fcrk \u00d6\u011fretmen Akademisi Kurulu\u015f (De\u011fi\u015fiklik No:2) Yasa Tasar\u0131s\u0131\u201d ile \u201cYatakl\u0131 Tedavi Kurumlar\u0131 Dairesi (Kurulu\u015f, G\u00f6rev ve \u00c7al\u0131\u015fma Esaslar\u0131) (De\u011fi\u015fiklik) Yasa Tasar\u0131s\u0131\u201d ele al\u0131nacak.<\/p>\n<p>Genel kurulda, milletvekillerinin g\u00fcncel konu\u015fma istemlerine de yer verilecek. Genel kurulda, s\u00f6zl\u00fc ve s\u00f6zl\u00fc soruya d\u00f6n\u00fc\u015ft\u00fcr\u00fclen yaz\u0131l\u0131 sorulara da yer alacak.<\/p>\n<\/p><\/div>\n<p><script async\n                    defer\n                    crossorigin=\"anonymous\"\n                    src=\"https:\/\/connect.facebook.net\/tr_TR\/sdk.js#xfbml=1&#038;version=v3.3\"\n            ><\/script><\/p>\n","protected":false},"excerpt":{"rendered":"<p>Cumhuriyet Meclisi Genel Kurulu bug\u00fcn 12.15\u2019te Meclis Ba\u015fkan Yard\u0131mc\u0131s\u0131 Fazilet \u00d6zdenefe ba\u015fkanl\u0131\u011f\u0131nda topland\u0131. Hem yasama hem de denetim g\u00f6reviyle toplanan Meclis Genel Kurulu\u2019nun g\u00fcndeminde, ba\u015fkanl\u0131\u011f\u0131n sunu\u015flar\u0131n\u0131n ard\u0131ndan \u201cAtat\u00fcrk \u00d6\u011fretmen Akademisi Kurulu\u015f (De\u011fi\u015fiklik No:2) Yasa Tasar\u0131s\u0131\u201d ile \u201cYatakl\u0131 Tedavi Kurumlar\u0131 Dairesi (Kurulu\u015f, G\u00f6rev ve \u00c7al\u0131\u015fma Esaslar\u0131) (De\u011fi\u015fiklik) Yasa Tasar\u0131s\u0131\u201d ele al\u0131nacak. Genel kurulda, milletvekillerinin g\u00fcncel konu\u015fma [&hellip;]<\/p>\n","protected":false},"author":1,"featured_media":1458,"comment_status":"open","ping_status":"open","sticky":false,"template":"","format":"standard","meta":{"jnews-multi-image_gallery":[],"jnews_single_post":[],"jnews_primary_category":[],"jnews_social_meta":[],"jnews_override_counter":[],"footnotes":""},"categories":[1],"tags":[],"class_list":["post-1457","post","type-post","status-publish","format-standard","has-post-thumbnail","hentry","category-kibris"],"yoast_head":"<!-- This site is optimized with the Yoast SEO plugin v27.4 - https:\/\/yoast.com\/product\/yoast-seo-wordpress\/ -->\n<title>Cumhuriyet Meclisi Genel Kurulu hem yasama hem de denetim g\u00f6reviyle topland\u0131 - Kuzeyin Sesi<\/title>\n<meta name=\"robots\" content=\"index, follow, max-snippet:-1, max-image-preview:large, max-video-preview:-1\" \/>\n<link rel=\"canonical\" href=\"https:\/\/kuzeyinsesi.org\/index.php\/2024\/05\/06\/cumhuriyet-meclisi-genel-kurulu-hem-yasama-hem-de-denetim-goreviyle-toplandi\/\" \/>\n<meta property=\"og:locale\" content=\"tr_TR\" \/>\n<meta property=\"og:type\" content=\"article\" \/>\n<meta property=\"og:title\" content=\"Cumhuriyet Meclisi Genel Kurulu hem yasama hem de denetim g\u00f6reviyle topland\u0131 - Kuzeyin Sesi\" \/>\n<meta property=\"og:description\" content=\"Cumhuriyet Meclisi Genel Kurulu bug\u00fcn 12.15\u2019te Meclis Ba\u015fkan Yard\u0131mc\u0131s\u0131 Fazilet \u00d6zdenefe ba\u015fkanl\u0131\u011f\u0131nda topland\u0131. Hem yasama hem de denetim g\u00f6reviyle toplanan Meclis Genel Kurulu\u2019nun g\u00fcndeminde, ba\u015fkanl\u0131\u011f\u0131n sunu\u015flar\u0131n\u0131n ard\u0131ndan \u201cAtat\u00fcrk \u00d6\u011fretmen Akademisi Kurulu\u015f (De\u011fi\u015fiklik No:2) Yasa Tasar\u0131s\u0131\u201d ile \u201cYatakl\u0131 Tedavi Kurumlar\u0131 Dairesi (Kurulu\u015f, G\u00f6rev ve \u00c7al\u0131\u015fma Esaslar\u0131) (De\u011fi\u015fiklik) Yasa Tasar\u0131s\u0131\u201d ele al\u0131nacak. Genel kurulda, milletvekillerinin g\u00fcncel konu\u015fma [&hellip;]\" \/>\n<meta property=\"og:url\" content=\"https:\/\/kuzeyinsesi.org\/index.php\/2024\/05\/06\/cumhuriyet-meclisi-genel-kurulu-hem-yasama-hem-de-denetim-goreviyle-toplandi\/\" \/>\n<meta property=\"og:site_name\" content=\"Kuzeyin Sesi\" \/>\n<meta property=\"article:publisher\" content=\"https:\/\/www.facebook.com\/kuzeyinsesii\" \/>\n<meta property=\"article:published_time\" content=\"2024-05-06T10:19:56+00:00\" \/>\n<meta property=\"og:image\" content=\"https:\/\/kuzeyinsesi.org\/wp-content\/uploads\/2024\/05\/ozdenefe-meclis-baskanlik-kursusu-2-.jpg\" \/>\n\t<meta property=\"og:image:width\" content=\"1800\" \/>\n\t<meta property=\"og:image:height\" content=\"1200\" \/>\n\t<meta property=\"og:image:type\" content=\"image\/jpeg\" \/>\n<meta name=\"author\" content=\"Kuzeyin Sesi\" \/>\n<meta name=\"twitter:card\" content=\"summary_large_image\" \/>\n<meta name=\"twitter:creator\" content=\"@kuzeyinsesii\" \/>\n<meta name=\"twitter:site\" content=\"@kuzeyinsesii\" \/>\n<meta name=\"twitter:label1\" content=\"Yazan:\" \/>\n\t<meta name=\"twitter:data1\" content=\"Kuzeyin Sesi\" \/>\n\t<meta name=\"twitter:label2\" content=\"Tahmini okuma s\u00fcresi\" \/>\n\t<meta name=\"twitter:data2\" content=\"1 dakika\" \/>\n<script type=\"application\/ld+json\" class=\"yoast-schema-graph\">{\"@context\":\"https:\\\/\\\/schema.org\",\"@graph\":[{\"@type\":\"Article\",\"@id\":\"https:\\\/\\\/kuzeyinsesi.org\\\/index.php\\\/2024\\\/05\\\/06\\\/cumhuriyet-meclisi-genel-kurulu-hem-yasama-hem-de-denetim-goreviyle-toplandi\\\/#article\",\"isPartOf\":{\"@id\":\"https:\\\/\\\/kuzeyinsesi.org\\\/index.php\\\/2024\\\/05\\\/06\\\/cumhuriyet-meclisi-genel-kurulu-hem-yasama-hem-de-denetim-goreviyle-toplandi\\\/\"},\"author\":{\"name\":\"Kuzeyin Sesi\",\"@id\":\"https:\\\/\\\/kuzeyinsesi.org\\\/#\\\/schema\\\/person\\\/9f859689cdf01485597712386e37f5aa\"},\"headline\":\"Cumhuriyet Meclisi Genel Kurulu hem yasama hem de denetim g\u00f6reviyle topland\u0131\",\"datePublished\":\"2024-05-06T10:19:56+00:00\",\"mainEntityOfPage\":{\"@id\":\"https:\\\/\\\/kuzeyinsesi.org\\\/index.php\\\/2024\\\/05\\\/06\\\/cumhuriyet-meclisi-genel-kurulu-hem-yasama-hem-de-denetim-goreviyle-toplandi\\\/\"},\"wordCount\":117,\"commentCount\":0,\"image\":{\"@id\":\"https:\\\/\\\/kuzeyinsesi.org\\\/index.php\\\/2024\\\/05\\\/06\\\/cumhuriyet-meclisi-genel-kurulu-hem-yasama-hem-de-denetim-goreviyle-toplandi\\\/#primaryimage\"},\"thumbnailUrl\":\"https:\\\/\\\/kuzeyinsesi.org\\\/wp-content\\\/uploads\\\/2024\\\/05\\\/ozdenefe-meclis-baskanlik-kursusu-2-.jpg\",\"articleSection\":[\"K\u0131br\u0131s\"],\"inLanguage\":\"tr\",\"potentialAction\":[{\"@type\":\"CommentAction\",\"name\":\"Comment\",\"target\":[\"https:\\\/\\\/kuzeyinsesi.org\\\/index.php\\\/2024\\\/05\\\/06\\\/cumhuriyet-meclisi-genel-kurulu-hem-yasama-hem-de-denetim-goreviyle-toplandi\\\/#respond\"]}]},{\"@type\":\"WebPage\",\"@id\":\"https:\\\/\\\/kuzeyinsesi.org\\\/index.php\\\/2024\\\/05\\\/06\\\/cumhuriyet-meclisi-genel-kurulu-hem-yasama-hem-de-denetim-goreviyle-toplandi\\\/\",\"url\":\"https:\\\/\\\/kuzeyinsesi.org\\\/index.php\\\/2024\\\/05\\\/06\\\/cumhuriyet-meclisi-genel-kurulu-hem-yasama-hem-de-denetim-goreviyle-toplandi\\\/\",\"name\":\"Cumhuriyet Meclisi Genel Kurulu hem yasama hem de denetim g\u00f6reviyle topland\u0131 - Kuzeyin Sesi\",\"isPartOf\":{\"@id\":\"https:\\\/\\\/kuzeyinsesi.org\\\/#website\"},\"primaryImageOfPage\":{\"@id\":\"https:\\\/\\\/kuzeyinsesi.org\\\/index.php\\\/2024\\\/05\\\/06\\\/cumhuriyet-meclisi-genel-kurulu-hem-yasama-hem-de-denetim-goreviyle-toplandi\\\/#primaryimage\"},\"image\":{\"@id\":\"https:\\\/\\\/kuzeyinsesi.org\\\/index.php\\\/2024\\\/05\\\/06\\\/cumhuriyet-meclisi-genel-kurulu-hem-yasama-hem-de-denetim-goreviyle-toplandi\\\/#primaryimage\"},\"thumbnailUrl\":\"https:\\\/\\\/kuzeyinsesi.org\\\/wp-content\\\/uploads\\\/2024\\\/05\\\/ozdenefe-meclis-baskanlik-kursusu-2-.jpg\",\"datePublished\":\"2024-05-06T10:19:56+00:00\",\"author\":{\"@id\":\"https:\\\/\\\/kuzeyinsesi.org\\\/#\\\/schema\\\/person\\\/9f859689cdf01485597712386e37f5aa\"},\"breadcrumb\":{\"@id\":\"https:\\\/\\\/kuzeyinsesi.org\\\/index.php\\\/2024\\\/05\\\/06\\\/cumhuriyet-meclisi-genel-kurulu-hem-yasama-hem-de-denetim-goreviyle-toplandi\\\/#breadcrumb\"},\"inLanguage\":\"tr\",\"potentialAction\":[{\"@type\":\"ReadAction\",\"target\":[\"https:\\\/\\\/kuzeyinsesi.org\\\/index.php\\\/2024\\\/05\\\/06\\\/cumhuriyet-meclisi-genel-kurulu-hem-yasama-hem-de-denetim-goreviyle-toplandi\\\/\"]}]},{\"@type\":\"ImageObject\",\"inLanguage\":\"tr\",\"@id\":\"https:\\\/\\\/kuzeyinsesi.org\\\/index.php\\\/2024\\\/05\\\/06\\\/cumhuriyet-meclisi-genel-kurulu-hem-yasama-hem-de-denetim-goreviyle-toplandi\\\/#primaryimage\",\"url\":\"https:\\\/\\\/kuzeyinsesi.org\\\/wp-content\\\/uploads\\\/2024\\\/05\\\/ozdenefe-meclis-baskanlik-kursusu-2-.jpg\",\"contentUrl\":\"https:\\\/\\\/kuzeyinsesi.org\\\/wp-content\\\/uploads\\\/2024\\\/05\\\/ozdenefe-meclis-baskanlik-kursusu-2-.jpg\",\"width\":1800,\"height\":1200},{\"@type\":\"BreadcrumbList\",\"@id\":\"https:\\\/\\\/kuzeyinsesi.org\\\/index.php\\\/2024\\\/05\\\/06\\\/cumhuriyet-meclisi-genel-kurulu-hem-yasama-hem-de-denetim-goreviyle-toplandi\\\/#breadcrumb\",\"itemListElement\":[{\"@type\":\"ListItem\",\"position\":1,\"name\":\"Anasayfa\",\"item\":\"https:\\\/\\\/kuzeyinsesi.org\\\/\"},{\"@type\":\"ListItem\",\"position\":2,\"name\":\"Cumhuriyet Meclisi Genel Kurulu hem yasama hem de denetim g\u00f6reviyle topland\u0131\"}]},{\"@type\":\"WebSite\",\"@id\":\"https:\\\/\\\/kuzeyinsesi.org\\\/#website\",\"url\":\"https:\\\/\\\/kuzeyinsesi.org\\\/\",\"name\":\"Kuzeyin Sesi\",\"description\":\"Do\u011fru Haberin Adresi\",\"potentialAction\":[{\"@type\":\"SearchAction\",\"target\":{\"@type\":\"EntryPoint\",\"urlTemplate\":\"https:\\\/\\\/kuzeyinsesi.org\\\/?s={search_term_string}\"},\"query-input\":{\"@type\":\"PropertyValueSpecification\",\"valueRequired\":true,\"valueName\":\"search_term_string\"}}],\"inLanguage\":\"tr\"},{\"@type\":\"Person\",\"@id\":\"https:\\\/\\\/kuzeyinsesi.org\\\/#\\\/schema\\\/person\\\/9f859689cdf01485597712386e37f5aa\",\"name\":\"Kuzeyin Sesi\",\"image\":{\"@type\":\"ImageObject\",\"inLanguage\":\"tr\",\"@id\":\"https:\\\/\\\/secure.gravatar.com\\\/avatar\\\/bab33852abfd8b282518d6ed81826833d77c3c882d9ab608add591ccace47a44?s=96&d=mm&r=g\",\"url\":\"https:\\\/\\\/secure.gravatar.com\\\/avatar\\\/bab33852abfd8b282518d6ed81826833d77c3c882d9ab608add591ccace47a44?s=96&d=mm&r=g\",\"contentUrl\":\"https:\\\/\\\/secure.gravatar.com\\\/avatar\\\/bab33852abfd8b282518d6ed81826833d77c3c882d9ab608add591ccace47a44?s=96&d=mm&r=g\",\"caption\":\"Kuzeyin Sesi\"},\"sameAs\":[\"https:\\\/\\\/kuzeyinsesi.org\"],\"url\":\"https:\\\/\\\/kuzeyinsesi.org\\\/index.php\\\/author\\\/guven\\\/\"}]}<\/script>\n<!-- \/ Yoast SEO plugin. -->","yoast_head_json":{"title":"Cumhuriyet Meclisi Genel Kurulu hem yasama hem de denetim g\u00f6reviyle topland\u0131 - Kuzeyin Sesi","robots":{"index":"index","follow":"follow","max-snippet":"max-snippet:-1","max-image-preview":"max-image-preview:large","max-video-preview":"max-video-preview:-1"},"canonical":"https:\/\/kuzeyinsesi.org\/index.php\/2024\/05\/06\/cumhuriyet-meclisi-genel-kurulu-hem-yasama-hem-de-denetim-goreviyle-toplandi\/","og_locale":"tr_TR","og_type":"article","og_title":"Cumhuriyet Meclisi Genel Kurulu hem yasama hem de denetim g\u00f6reviyle topland\u0131 - Kuzeyin Sesi","og_description":"Cumhuriyet Meclisi Genel Kurulu bug\u00fcn 12.15\u2019te Meclis Ba\u015fkan Yard\u0131mc\u0131s\u0131 Fazilet \u00d6zdenefe ba\u015fkanl\u0131\u011f\u0131nda topland\u0131. Hem yasama hem de denetim g\u00f6reviyle toplanan Meclis Genel Kurulu\u2019nun g\u00fcndeminde, ba\u015fkanl\u0131\u011f\u0131n sunu\u015flar\u0131n\u0131n ard\u0131ndan \u201cAtat\u00fcrk \u00d6\u011fretmen Akademisi Kurulu\u015f (De\u011fi\u015fiklik No:2) Yasa Tasar\u0131s\u0131\u201d ile \u201cYatakl\u0131 Tedavi Kurumlar\u0131 Dairesi (Kurulu\u015f, G\u00f6rev ve \u00c7al\u0131\u015fma Esaslar\u0131) (De\u011fi\u015fiklik) Yasa Tasar\u0131s\u0131\u201d ele al\u0131nacak. Genel kurulda, milletvekillerinin g\u00fcncel konu\u015fma [&hellip;]","og_url":"https:\/\/kuzeyinsesi.org\/index.php\/2024\/05\/06\/cumhuriyet-meclisi-genel-kurulu-hem-yasama-hem-de-denetim-goreviyle-toplandi\/","og_site_name":"Kuzeyin Sesi","article_publisher":"https:\/\/www.facebook.com\/kuzeyinsesii","article_published_time":"2024-05-06T10:19:56+00:00","og_image":[{"width":1800,"height":1200,"url":"https:\/\/kuzeyinsesi.org\/wp-content\/uploads\/2024\/05\/ozdenefe-meclis-baskanlik-kursusu-2-.jpg","type":"image\/jpeg"}],"author":"Kuzeyin Sesi","twitter_card":"summary_large_image","twitter_creator":"@kuzeyinsesii","twitter_site":"@kuzeyinsesii","twitter_misc":{"Yazan:":"Kuzeyin Sesi","Tahmini okuma s\u00fcresi":"1 dakika"},"schema":{"@context":"https:\/\/schema.org","@graph":[{"@type":"Article","@id":"https:\/\/kuzeyinsesi.org\/index.php\/2024\/05\/06\/cumhuriyet-meclisi-genel-kurulu-hem-yasama-hem-de-denetim-goreviyle-toplandi\/#article","isPartOf":{"@id":"https:\/\/kuzeyinsesi.org\/index.php\/2024\/05\/06\/cumhuriyet-meclisi-genel-kurulu-hem-yasama-hem-de-denetim-goreviyle-toplandi\/"},"author":{"name":"Kuzeyin Sesi","@id":"https:\/\/kuzeyinsesi.org\/#\/schema\/person\/9f859689cdf01485597712386e37f5aa"},"headline":"Cumhuriyet Meclisi Genel Kurulu hem yasama hem de denetim g\u00f6reviyle topland\u0131","datePublished":"2024-05-06T10:19:56+00:00","mainEntityOfPage":{"@id":"https:\/\/kuzeyinsesi.org\/index.php\/2024\/05\/06\/cumhuriyet-meclisi-genel-kurulu-hem-yasama-hem-de-denetim-goreviyle-toplandi\/"},"wordCount":117,"commentCount":0,"image":{"@id":"https:\/\/kuzeyinsesi.org\/index.php\/2024\/05\/06\/cumhuriyet-meclisi-genel-kurulu-hem-yasama-hem-de-denetim-goreviyle-toplandi\/#primaryimage"},"thumbnailUrl":"https:\/\/kuzeyinsesi.org\/wp-content\/uploads\/2024\/05\/ozdenefe-meclis-baskanlik-kursusu-2-.jpg","articleSection":["K\u0131br\u0131s"],"inLanguage":"tr","potentialAction":[{"@type":"CommentAction","name":"Comment","target":["https:\/\/kuzeyinsesi.org\/index.php\/2024\/05\/06\/cumhuriyet-meclisi-genel-kurulu-hem-yasama-hem-de-denetim-goreviyle-toplandi\/#respond"]}]},{"@type":"WebPage","@id":"https:\/\/kuzeyinsesi.org\/index.php\/2024\/05\/06\/cumhuriyet-meclisi-genel-kurulu-hem-yasama-hem-de-denetim-goreviyle-toplandi\/","url":"https:\/\/kuzeyinsesi.org\/index.php\/2024\/05\/06\/cumhuriyet-meclisi-genel-kurulu-hem-yasama-hem-de-denetim-goreviyle-toplandi\/","name":"Cumhuriyet Meclisi Genel Kurulu hem yasama hem de denetim g\u00f6reviyle topland\u0131 - Kuzeyin Sesi","isPartOf":{"@id":"https:\/\/kuzeyinsesi.org\/#website"},"primaryImageOfPage":{"@id":"https:\/\/kuzeyinsesi.org\/index.php\/2024\/05\/06\/cumhuriyet-meclisi-genel-kurulu-hem-yasama-hem-de-denetim-goreviyle-toplandi\/#primaryimage"},"image":{"@id":"https:\/\/kuzeyinsesi.org\/index.php\/2024\/05\/06\/cumhuriyet-meclisi-genel-kurulu-hem-yasama-hem-de-denetim-goreviyle-toplandi\/#primaryimage"},"thumbnailUrl":"https:\/\/kuzeyinsesi.org\/wp-content\/uploads\/2024\/05\/ozdenefe-meclis-baskanlik-kursusu-2-.jpg","datePublished":"2024-05-06T10:19:56+00:00","author":{"@id":"https:\/\/kuzeyinsesi.org\/#\/schema\/person\/9f859689cdf01485597712386e37f5aa"},"breadcrumb":{"@id":"https:\/\/kuzeyinsesi.org\/index.php\/2024\/05\/06\/cumhuriyet-meclisi-genel-kurulu-hem-yasama-hem-de-denetim-goreviyle-toplandi\/#breadcrumb"},"inLanguage":"tr","potentialAction":[{"@type":"ReadAction","target":["https:\/\/kuzeyinsesi.org\/index.php\/2024\/05\/06\/cumhuriyet-meclisi-genel-kurulu-hem-yasama-hem-de-denetim-goreviyle-toplandi\/"]}]},{"@type":"ImageObject","inLanguage":"tr","@id":"https:\/\/kuzeyinsesi.org\/index.php\/2024\/05\/06\/cumhuriyet-meclisi-genel-kurulu-hem-yasama-hem-de-denetim-goreviyle-toplandi\/#primaryimage","url":"https:\/\/kuzeyinsesi.org\/wp-content\/uploads\/2024\/05\/ozdenefe-meclis-baskanlik-kursusu-2-.jpg","contentUrl":"https:\/\/kuzeyinsesi.org\/wp-content\/uploads\/2024\/05\/ozdenefe-meclis-baskanlik-kursusu-2-.jpg","width":1800,"height":1200},{"@type":"BreadcrumbList","@id":"https:\/\/kuzeyinsesi.org\/index.php\/2024\/05\/06\/cumhuriyet-meclisi-genel-kurulu-hem-yasama-hem-de-denetim-goreviyle-toplandi\/#breadcrumb","itemListElement":[{"@type":"ListItem","position":1,"name":"Anasayfa","item":"https:\/\/kuzeyinsesi.org\/"},{"@type":"ListItem","position":2,"name":"Cumhuriyet Meclisi Genel Kurulu hem yasama hem de denetim g\u00f6reviyle topland\u0131"}]},{"@type":"WebSite","@id":"https:\/\/kuzeyinsesi.org\/#website","url":"https:\/\/kuzeyinsesi.org\/","name":"Kuzeyin Sesi","description":"Do\u011fru Haberin Adresi","potentialAction":[{"@type":"SearchAction","target":{"@type":"EntryPoint","urlTemplate":"https:\/\/kuzeyinsesi.org\/?s={search_term_string}"},"query-input":{"@type":"PropertyValueSpecification","valueRequired":true,"valueName":"search_term_string"}}],"inLanguage":"tr"},{"@type":"Person","@id":"https:\/\/kuzeyinsesi.org\/#\/schema\/person\/9f859689cdf01485597712386e37f5aa","name":"Kuzeyin Sesi","image":{"@type":"ImageObject","inLanguage":"tr","@id":"https:\/\/secure.gravatar.com\/avatar\/bab33852abfd8b282518d6ed81826833d77c3c882d9ab608add591ccace47a44?s=96&d=mm&r=g","url":"https:\/\/secure.gravatar.com\/avatar\/bab33852abfd8b282518d6ed81826833d77c3c882d9ab608add591ccace47a44?s=96&d=mm&r=g","contentUrl":"https:\/\/secure.gravatar.com\/avatar\/bab33852abfd8b282518d6ed81826833d77c3c882d9ab608add591ccace47a44?s=96&d=mm&r=g","caption":"Kuzeyin Sesi"},"sameAs":["https:\/\/kuzeyinsesi.org"],"url":"https:\/\/kuzeyinsesi.org\/index.php\/author\/guven\/"}]}},"_links":{"self":[{"href":"https:\/\/kuzeyinsesi.org\/index.php\/wp-json\/wp\/v2\/posts\/1457","targetHints":{"allow":["GET"]}}],"collection":[{"href":"https:\/\/kuzeyinsesi.org\/index.php\/wp-json\/wp\/v2\/posts"}],"about":[{"href":"https:\/\/kuzeyinsesi.org\/index.php\/wp-json\/wp\/v2\/types\/post"}],"author":[{"embeddable":true,"href":"https:\/\/kuzeyinsesi.org\/index.php\/wp-json\/wp\/v2\/users\/1"}],"replies":[{"embeddable":true,"href":"https:\/\/kuzeyinsesi.org\/index.php\/wp-json\/wp\/v2\/comments?post=1457"}],"version-history":[{"count":0,"href":"https:\/\/kuzeyinsesi.org\/index.php\/wp-json\/wp\/v2\/posts\/1457\/revisions"}],"wp:featuredmedia":[{"embeddable":true,"href":"https:\/\/kuzeyinsesi.org\/index.php\/wp-json\/wp\/v2\/media\/1458"}],"wp:attachment":[{"href":"https:\/\/kuzeyinsesi.org\/index.php\/wp-json\/wp\/v2\/media?parent=1457"}],"wp:term":[{"taxonomy":"category","embeddable":true,"href":"https:\/\/kuzeyinsesi.org\/index.php\/wp-json\/wp\/v2\/categories?post=1457"},{"taxonomy":"post_tag","embeddable":true,"href":"https:\/\/kuzeyinsesi.org\/index.php\/wp-json\/wp\/v2\/tags?post=1457"}],"curies":[{"name":"wp","href":"https:\/\/api.w.org\/{rel}","templated":true}]}}