{"id":14547,"date":"2024-11-28T20:51:57","date_gmt":"2024-11-28T18:51:57","guid":{"rendered":"https:\/\/kuzeyinsesi.org\/index.php\/2024\/11\/28\/kurtulusun-kadinlari-magusada-sanatseverlerle-bulustu\/"},"modified":"2024-11-28T20:51:57","modified_gmt":"2024-11-28T18:51:57","slug":"kurtulusun-kadinlari-magusada-sanatseverlerle-bulustu","status":"publish","type":"post","link":"https:\/\/kuzeyinsesi.org\/index.php\/2024\/11\/28\/kurtulusun-kadinlari-magusada-sanatseverlerle-bulustu\/","title":{"rendered":"\u201cKurtulu\u015fun Kad\u0131nlar\u0131\u201d Ma\u011fusa\u2019da sanatseverlerle bulu\u015ftu"},"content":{"rendered":"<div>\n<div class=\"mariselle-image-container center\">\n                                            <\/div>\n<p>\u201cKurtulu\u015fun Kad\u0131nlar\u0131\u201d isimli tiyatro oyunu, Ba\u015fbakan Yard\u0131mc\u0131l\u0131\u011f\u0131, Turizm K\u00fclt\u00fcr Gen\u00e7lik ve \u00c7evre Bakanl\u0131\u011f\u0131\u2019na ba\u011fl\u0131 K\u00fclt\u00fcr Dairesi taraf\u0131ndan sahnelendi.<\/p>\n<p> \tTiyatro oyunu, Kuzey K\u0131br\u0131s T\u00fcrk Cumhuriyeti\u2019nin kurulu\u015funun 41. y\u0131ld\u00f6n\u00fcm\u00fc \u00e7er\u00e7evesinde Ma\u011fusa Rauf Raif Denkta\u015f K\u00fclt\u00fcr ve Kongre Saray\u0131\u2019nda sanatseverlerle bulu\u015ftu.<\/p>\n<div class=\"mariselle-image-container center\">\n                <img decoding=\"async\" width=\"1600\" height=\"1200\" class=\"lazy-image\" alt=\"\" sizes=\"(max-width: 1600px) 100vw, 1600px\" src=\"https:\/\/brtk.net\/wp-content\/uploads\/2024\/11\/28\/kk.jpg?ver=f19563f64a1f8bcbbdd25eab91ee512a\" srcset=\"https:\/\/brtk.net\/wp-content\/uploads\/2024\/11\/28\/kk.jpg?ver=f19563f64a1f8bcbbdd25eab91ee512a 1600w, https:\/\/brtk.net\/wp-content\/uploads\/2024\/11\/28\/kk-300x225.jpg?ver=f19563f64a1f8bcbbdd25eab91ee512a 300w, https:\/\/brtk.net\/wp-content\/uploads\/2024\/11\/28\/kk-1024x768.jpg?ver=5542257d90cc736b05140504f5058253 1024w, https:\/\/brtk.net\/wp-content\/uploads\/2024\/11\/28\/kk-768x576.jpg?ver=5542257d90cc736b05140504f5058253 768w, https:\/\/brtk.net\/wp-content\/uploads\/2024\/11\/28\/kk-1536x1152.jpg?ver=9d8566a1889668e15182788a003a6bee 1536w\"\/>                            <\/div>\n<p> \tBirg\u00fcl Ye\u015filo\u011flu G\u00fcler\u2019in yaz\u0131p tiyatro sanat\u00e7\u0131s\u0131 Ecem Y\u00fcksel\u2019in oynad\u0131\u011f\u0131 tek perdelik oyunda Kurtulu\u015f Sava\u015f\u0131\u2019n\u0131n kahraman T\u00fcrk Kad\u0131nlar\u0131 anlat\u0131ld\u0131. <\/p>\n<p> \t\u201cKurtulu\u015fun Kad\u0131nlar\u0131\u201d isimli tiyatro oyunu bu ak\u015fam da Lefko\u015fa Atat\u00fcrk K\u00fclt\u00fcr Merkezi\u2019nde \u00fccretsiz olarak sahnelenecek.<\/p>\n<\/p><\/div>\n<p><script async\n                    defer\n                    crossorigin=\"anonymous\"\n                    src=\"https:\/\/connect.facebook.net\/tr_TR\/sdk.js#xfbml=1&#038;version=v3.3\"\n            ><\/script><\/p>\n","protected":false},"excerpt":{"rendered":"<p>\u201cKurtulu\u015fun Kad\u0131nlar\u0131\u201d isimli tiyatro oyunu, Ba\u015fbakan Yard\u0131mc\u0131l\u0131\u011f\u0131, Turizm K\u00fclt\u00fcr Gen\u00e7lik ve \u00c7evre Bakanl\u0131\u011f\u0131\u2019na ba\u011fl\u0131 K\u00fclt\u00fcr Dairesi taraf\u0131ndan sahnelendi. Tiyatro oyunu, Kuzey K\u0131br\u0131s T\u00fcrk Cumhuriyeti\u2019nin kurulu\u015funun 41. y\u0131ld\u00f6n\u00fcm\u00fc \u00e7er\u00e7evesinde Ma\u011fusa Rauf Raif Denkta\u015f K\u00fclt\u00fcr ve Kongre Saray\u0131\u2019nda sanatseverlerle bulu\u015ftu. Birg\u00fcl Ye\u015filo\u011flu G\u00fcler\u2019in yaz\u0131p tiyatro sanat\u00e7\u0131s\u0131 Ecem Y\u00fcksel\u2019in oynad\u0131\u011f\u0131 tek perdelik oyunda Kurtulu\u015f Sava\u015f\u0131\u2019n\u0131n kahraman T\u00fcrk Kad\u0131nlar\u0131 [&hellip;]<\/p>\n","protected":false},"author":1,"featured_media":14548,"comment_status":"open","ping_status":"open","sticky":false,"template":"","format":"standard","meta":{"jnews-multi-image_gallery":[],"jnews_single_post":[],"jnews_primary_category":[],"jnews_social_meta":[],"jnews_override_counter":[],"footnotes":""},"categories":[6],"tags":[],"class_list":["post-14547","post","type-post","status-publish","format-standard","has-post-thumbnail","hentry","category-yasam"],"yoast_head":"<!-- This site is optimized with the Yoast SEO plugin v27.4 - https:\/\/yoast.com\/product\/yoast-seo-wordpress\/ -->\n<title>\u201cKurtulu\u015fun Kad\u0131nlar\u0131\u201d Ma\u011fusa\u2019da sanatseverlerle bulu\u015ftu - Kuzeyin Sesi<\/title>\n<meta name=\"robots\" content=\"index, follow, max-snippet:-1, max-image-preview:large, max-video-preview:-1\" \/>\n<link rel=\"canonical\" href=\"https:\/\/kuzeyinsesi.org\/index.php\/2024\/11\/28\/kurtulusun-kadinlari-magusada-sanatseverlerle-bulustu\/\" \/>\n<meta property=\"og:locale\" content=\"tr_TR\" \/>\n<meta property=\"og:type\" content=\"article\" \/>\n<meta property=\"og:title\" content=\"\u201cKurtulu\u015fun Kad\u0131nlar\u0131\u201d Ma\u011fusa\u2019da sanatseverlerle bulu\u015ftu - Kuzeyin Sesi\" \/>\n<meta property=\"og:description\" content=\"\u201cKurtulu\u015fun Kad\u0131nlar\u0131\u201d isimli tiyatro oyunu, Ba\u015fbakan Yard\u0131mc\u0131l\u0131\u011f\u0131, Turizm K\u00fclt\u00fcr Gen\u00e7lik ve \u00c7evre Bakanl\u0131\u011f\u0131\u2019na ba\u011fl\u0131 K\u00fclt\u00fcr Dairesi taraf\u0131ndan sahnelendi. Tiyatro oyunu, Kuzey K\u0131br\u0131s T\u00fcrk Cumhuriyeti\u2019nin kurulu\u015funun 41. y\u0131ld\u00f6n\u00fcm\u00fc \u00e7er\u00e7evesinde Ma\u011fusa Rauf Raif Denkta\u015f K\u00fclt\u00fcr ve Kongre Saray\u0131\u2019nda sanatseverlerle bulu\u015ftu. Birg\u00fcl Ye\u015filo\u011flu G\u00fcler\u2019in yaz\u0131p tiyatro sanat\u00e7\u0131s\u0131 Ecem Y\u00fcksel\u2019in oynad\u0131\u011f\u0131 tek perdelik oyunda Kurtulu\u015f Sava\u015f\u0131\u2019n\u0131n kahraman T\u00fcrk Kad\u0131nlar\u0131 [&hellip;]\" \/>\n<meta property=\"og:url\" content=\"https:\/\/kuzeyinsesi.org\/index.php\/2024\/11\/28\/kurtulusun-kadinlari-magusada-sanatseverlerle-bulustu\/\" \/>\n<meta property=\"og:site_name\" content=\"Kuzeyin Sesi\" \/>\n<meta property=\"article:publisher\" content=\"https:\/\/www.facebook.com\/kuzeyinsesii\" \/>\n<meta property=\"article:published_time\" content=\"2024-11-28T18:51:57+00:00\" \/>\n<meta property=\"og:image\" content=\"https:\/\/brtk.net\/wp-content\/uploads\/2024\/11\/28\/kk2.jpg?ver=15bff4a2f605ef452cc7e7c688beea13\" \/>\n<meta name=\"author\" content=\"Kuzeyin Sesi\" \/>\n<meta name=\"twitter:card\" content=\"summary_large_image\" \/>\n<meta name=\"twitter:creator\" content=\"@kuzeyinsesii\" \/>\n<meta name=\"twitter:site\" content=\"@kuzeyinsesii\" \/>\n<meta name=\"twitter:label1\" content=\"Yazan:\" \/>\n\t<meta name=\"twitter:data1\" content=\"Kuzeyin Sesi\" \/>\n\t<meta name=\"twitter:label2\" content=\"Tahmini okuma s\u00fcresi\" \/>\n\t<meta name=\"twitter:data2\" content=\"1 dakika\" \/>\n<script type=\"application\/ld+json\" class=\"yoast-schema-graph\">{\"@context\":\"https:\\\/\\\/schema.org\",\"@graph\":[{\"@type\":\"Article\",\"@id\":\"https:\\\/\\\/kuzeyinsesi.org\\\/index.php\\\/2024\\\/11\\\/28\\\/kurtulusun-kadinlari-magusada-sanatseverlerle-bulustu\\\/#article\",\"isPartOf\":{\"@id\":\"https:\\\/\\\/kuzeyinsesi.org\\\/index.php\\\/2024\\\/11\\\/28\\\/kurtulusun-kadinlari-magusada-sanatseverlerle-bulustu\\\/\"},\"author\":{\"name\":\"Kuzeyin Sesi\",\"@id\":\"https:\\\/\\\/kuzeyinsesi.org\\\/#\\\/schema\\\/person\\\/9f859689cdf01485597712386e37f5aa\"},\"headline\":\"\u201cKurtulu\u015fun Kad\u0131nlar\u0131\u201d Ma\u011fusa\u2019da sanatseverlerle bulu\u015ftu\",\"datePublished\":\"2024-11-28T18:51:57+00:00\",\"mainEntityOfPage\":{\"@id\":\"https:\\\/\\\/kuzeyinsesi.org\\\/index.php\\\/2024\\\/11\\\/28\\\/kurtulusun-kadinlari-magusada-sanatseverlerle-bulustu\\\/\"},\"wordCount\":129,\"commentCount\":0,\"image\":{\"@id\":\"https:\\\/\\\/kuzeyinsesi.org\\\/index.php\\\/2024\\\/11\\\/28\\\/kurtulusun-kadinlari-magusada-sanatseverlerle-bulustu\\\/#primaryimage\"},\"thumbnailUrl\":\"https:\\\/\\\/kuzeyinsesi.org\\\/wp-content\\\/uploads\\\/2024\\\/11\\\/kk2.jpg\",\"articleSection\":[\"Ya\u015fam\"],\"inLanguage\":\"tr\",\"potentialAction\":[{\"@type\":\"CommentAction\",\"name\":\"Comment\",\"target\":[\"https:\\\/\\\/kuzeyinsesi.org\\\/index.php\\\/2024\\\/11\\\/28\\\/kurtulusun-kadinlari-magusada-sanatseverlerle-bulustu\\\/#respond\"]}]},{\"@type\":\"WebPage\",\"@id\":\"https:\\\/\\\/kuzeyinsesi.org\\\/index.php\\\/2024\\\/11\\\/28\\\/kurtulusun-kadinlari-magusada-sanatseverlerle-bulustu\\\/\",\"url\":\"https:\\\/\\\/kuzeyinsesi.org\\\/index.php\\\/2024\\\/11\\\/28\\\/kurtulusun-kadinlari-magusada-sanatseverlerle-bulustu\\\/\",\"name\":\"\u201cKurtulu\u015fun Kad\u0131nlar\u0131\u201d Ma\u011fusa\u2019da sanatseverlerle bulu\u015ftu - Kuzeyin Sesi\",\"isPartOf\":{\"@id\":\"https:\\\/\\\/kuzeyinsesi.org\\\/#website\"},\"primaryImageOfPage\":{\"@id\":\"https:\\\/\\\/kuzeyinsesi.org\\\/index.php\\\/2024\\\/11\\\/28\\\/kurtulusun-kadinlari-magusada-sanatseverlerle-bulustu\\\/#primaryimage\"},\"image\":{\"@id\":\"https:\\\/\\\/kuzeyinsesi.org\\\/index.php\\\/2024\\\/11\\\/28\\\/kurtulusun-kadinlari-magusada-sanatseverlerle-bulustu\\\/#primaryimage\"},\"thumbnailUrl\":\"https:\\\/\\\/kuzeyinsesi.org\\\/wp-content\\\/uploads\\\/2024\\\/11\\\/kk2.jpg\",\"datePublished\":\"2024-11-28T18:51:57+00:00\",\"author\":{\"@id\":\"https:\\\/\\\/kuzeyinsesi.org\\\/#\\\/schema\\\/person\\\/9f859689cdf01485597712386e37f5aa\"},\"breadcrumb\":{\"@id\":\"https:\\\/\\\/kuzeyinsesi.org\\\/index.php\\\/2024\\\/11\\\/28\\\/kurtulusun-kadinlari-magusada-sanatseverlerle-bulustu\\\/#breadcrumb\"},\"inLanguage\":\"tr\",\"potentialAction\":[{\"@type\":\"ReadAction\",\"target\":[\"https:\\\/\\\/kuzeyinsesi.org\\\/index.php\\\/2024\\\/11\\\/28\\\/kurtulusun-kadinlari-magusada-sanatseverlerle-bulustu\\\/\"]}]},{\"@type\":\"ImageObject\",\"inLanguage\":\"tr\",\"@id\":\"https:\\\/\\\/kuzeyinsesi.org\\\/index.php\\\/2024\\\/11\\\/28\\\/kurtulusun-kadinlari-magusada-sanatseverlerle-bulustu\\\/#primaryimage\",\"url\":\"https:\\\/\\\/kuzeyinsesi.org\\\/wp-content\\\/uploads\\\/2024\\\/11\\\/kk2.jpg\",\"contentUrl\":\"https:\\\/\\\/kuzeyinsesi.org\\\/wp-content\\\/uploads\\\/2024\\\/11\\\/kk2.jpg\",\"width\":2000,\"height\":900},{\"@type\":\"BreadcrumbList\",\"@id\":\"https:\\\/\\\/kuzeyinsesi.org\\\/index.php\\\/2024\\\/11\\\/28\\\/kurtulusun-kadinlari-magusada-sanatseverlerle-bulustu\\\/#breadcrumb\",\"itemListElement\":[{\"@type\":\"ListItem\",\"position\":1,\"name\":\"Anasayfa\",\"item\":\"https:\\\/\\\/kuzeyinsesi.org\\\/\"},{\"@type\":\"ListItem\",\"position\":2,\"name\":\"\u201cKurtulu\u015fun Kad\u0131nlar\u0131\u201d Ma\u011fusa\u2019da sanatseverlerle bulu\u015ftu\"}]},{\"@type\":\"WebSite\",\"@id\":\"https:\\\/\\\/kuzeyinsesi.org\\\/#website\",\"url\":\"https:\\\/\\\/kuzeyinsesi.org\\\/\",\"name\":\"Kuzeyin Sesi\",\"description\":\"Do\u011fru Haberin Adresi\",\"potentialAction\":[{\"@type\":\"SearchAction\",\"target\":{\"@type\":\"EntryPoint\",\"urlTemplate\":\"https:\\\/\\\/kuzeyinsesi.org\\\/?s={search_term_string}\"},\"query-input\":{\"@type\":\"PropertyValueSpecification\",\"valueRequired\":true,\"valueName\":\"search_term_string\"}}],\"inLanguage\":\"tr\"},{\"@type\":\"Person\",\"@id\":\"https:\\\/\\\/kuzeyinsesi.org\\\/#\\\/schema\\\/person\\\/9f859689cdf01485597712386e37f5aa\",\"name\":\"Kuzeyin Sesi\",\"image\":{\"@type\":\"ImageObject\",\"inLanguage\":\"tr\",\"@id\":\"https:\\\/\\\/secure.gravatar.com\\\/avatar\\\/bab33852abfd8b282518d6ed81826833d77c3c882d9ab608add591ccace47a44?s=96&d=mm&r=g\",\"url\":\"https:\\\/\\\/secure.gravatar.com\\\/avatar\\\/bab33852abfd8b282518d6ed81826833d77c3c882d9ab608add591ccace47a44?s=96&d=mm&r=g\",\"contentUrl\":\"https:\\\/\\\/secure.gravatar.com\\\/avatar\\\/bab33852abfd8b282518d6ed81826833d77c3c882d9ab608add591ccace47a44?s=96&d=mm&r=g\",\"caption\":\"Kuzeyin Sesi\"},\"sameAs\":[\"https:\\\/\\\/kuzeyinsesi.org\"],\"url\":\"https:\\\/\\\/kuzeyinsesi.org\\\/index.php\\\/author\\\/guven\\\/\"}]}<\/script>\n<!-- \/ Yoast SEO plugin. -->","yoast_head_json":{"title":"\u201cKurtulu\u015fun Kad\u0131nlar\u0131\u201d Ma\u011fusa\u2019da sanatseverlerle bulu\u015ftu - Kuzeyin Sesi","robots":{"index":"index","follow":"follow","max-snippet":"max-snippet:-1","max-image-preview":"max-image-preview:large","max-video-preview":"max-video-preview:-1"},"canonical":"https:\/\/kuzeyinsesi.org\/index.php\/2024\/11\/28\/kurtulusun-kadinlari-magusada-sanatseverlerle-bulustu\/","og_locale":"tr_TR","og_type":"article","og_title":"\u201cKurtulu\u015fun Kad\u0131nlar\u0131\u201d Ma\u011fusa\u2019da sanatseverlerle bulu\u015ftu - Kuzeyin Sesi","og_description":"\u201cKurtulu\u015fun Kad\u0131nlar\u0131\u201d isimli tiyatro oyunu, Ba\u015fbakan Yard\u0131mc\u0131l\u0131\u011f\u0131, Turizm K\u00fclt\u00fcr Gen\u00e7lik ve \u00c7evre Bakanl\u0131\u011f\u0131\u2019na ba\u011fl\u0131 K\u00fclt\u00fcr Dairesi taraf\u0131ndan sahnelendi. Tiyatro oyunu, Kuzey K\u0131br\u0131s T\u00fcrk Cumhuriyeti\u2019nin kurulu\u015funun 41. y\u0131ld\u00f6n\u00fcm\u00fc \u00e7er\u00e7evesinde Ma\u011fusa Rauf Raif Denkta\u015f K\u00fclt\u00fcr ve Kongre Saray\u0131\u2019nda sanatseverlerle bulu\u015ftu. Birg\u00fcl Ye\u015filo\u011flu G\u00fcler\u2019in yaz\u0131p tiyatro sanat\u00e7\u0131s\u0131 Ecem Y\u00fcksel\u2019in oynad\u0131\u011f\u0131 tek perdelik oyunda Kurtulu\u015f Sava\u015f\u0131\u2019n\u0131n kahraman T\u00fcrk Kad\u0131nlar\u0131 [&hellip;]","og_url":"https:\/\/kuzeyinsesi.org\/index.php\/2024\/11\/28\/kurtulusun-kadinlari-magusada-sanatseverlerle-bulustu\/","og_site_name":"Kuzeyin Sesi","article_publisher":"https:\/\/www.facebook.com\/kuzeyinsesii","article_published_time":"2024-11-28T18:51:57+00:00","og_image":[{"url":"https:\/\/brtk.net\/wp-content\/uploads\/2024\/11\/28\/kk2.jpg?ver=15bff4a2f605ef452cc7e7c688beea13","type":"","width":"","height":""}],"author":"Kuzeyin Sesi","twitter_card":"summary_large_image","twitter_creator":"@kuzeyinsesii","twitter_site":"@kuzeyinsesii","twitter_misc":{"Yazan:":"Kuzeyin Sesi","Tahmini okuma s\u00fcresi":"1 dakika"},"schema":{"@context":"https:\/\/schema.org","@graph":[{"@type":"Article","@id":"https:\/\/kuzeyinsesi.org\/index.php\/2024\/11\/28\/kurtulusun-kadinlari-magusada-sanatseverlerle-bulustu\/#article","isPartOf":{"@id":"https:\/\/kuzeyinsesi.org\/index.php\/2024\/11\/28\/kurtulusun-kadinlari-magusada-sanatseverlerle-bulustu\/"},"author":{"name":"Kuzeyin Sesi","@id":"https:\/\/kuzeyinsesi.org\/#\/schema\/person\/9f859689cdf01485597712386e37f5aa"},"headline":"\u201cKurtulu\u015fun Kad\u0131nlar\u0131\u201d Ma\u011fusa\u2019da sanatseverlerle bulu\u015ftu","datePublished":"2024-11-28T18:51:57+00:00","mainEntityOfPage":{"@id":"https:\/\/kuzeyinsesi.org\/index.php\/2024\/11\/28\/kurtulusun-kadinlari-magusada-sanatseverlerle-bulustu\/"},"wordCount":129,"commentCount":0,"image":{"@id":"https:\/\/kuzeyinsesi.org\/index.php\/2024\/11\/28\/kurtulusun-kadinlari-magusada-sanatseverlerle-bulustu\/#primaryimage"},"thumbnailUrl":"https:\/\/kuzeyinsesi.org\/wp-content\/uploads\/2024\/11\/kk2.jpg","articleSection":["Ya\u015fam"],"inLanguage":"tr","potentialAction":[{"@type":"CommentAction","name":"Comment","target":["https:\/\/kuzeyinsesi.org\/index.php\/2024\/11\/28\/kurtulusun-kadinlari-magusada-sanatseverlerle-bulustu\/#respond"]}]},{"@type":"WebPage","@id":"https:\/\/kuzeyinsesi.org\/index.php\/2024\/11\/28\/kurtulusun-kadinlari-magusada-sanatseverlerle-bulustu\/","url":"https:\/\/kuzeyinsesi.org\/index.php\/2024\/11\/28\/kurtulusun-kadinlari-magusada-sanatseverlerle-bulustu\/","name":"\u201cKurtulu\u015fun Kad\u0131nlar\u0131\u201d Ma\u011fusa\u2019da sanatseverlerle bulu\u015ftu - Kuzeyin Sesi","isPartOf":{"@id":"https:\/\/kuzeyinsesi.org\/#website"},"primaryImageOfPage":{"@id":"https:\/\/kuzeyinsesi.org\/index.php\/2024\/11\/28\/kurtulusun-kadinlari-magusada-sanatseverlerle-bulustu\/#primaryimage"},"image":{"@id":"https:\/\/kuzeyinsesi.org\/index.php\/2024\/11\/28\/kurtulusun-kadinlari-magusada-sanatseverlerle-bulustu\/#primaryimage"},"thumbnailUrl":"https:\/\/kuzeyinsesi.org\/wp-content\/uploads\/2024\/11\/kk2.jpg","datePublished":"2024-11-28T18:51:57+00:00","author":{"@id":"https:\/\/kuzeyinsesi.org\/#\/schema\/person\/9f859689cdf01485597712386e37f5aa"},"breadcrumb":{"@id":"https:\/\/kuzeyinsesi.org\/index.php\/2024\/11\/28\/kurtulusun-kadinlari-magusada-sanatseverlerle-bulustu\/#breadcrumb"},"inLanguage":"tr","potentialAction":[{"@type":"ReadAction","target":["https:\/\/kuzeyinsesi.org\/index.php\/2024\/11\/28\/kurtulusun-kadinlari-magusada-sanatseverlerle-bulustu\/"]}]},{"@type":"ImageObject","inLanguage":"tr","@id":"https:\/\/kuzeyinsesi.org\/index.php\/2024\/11\/28\/kurtulusun-kadinlari-magusada-sanatseverlerle-bulustu\/#primaryimage","url":"https:\/\/kuzeyinsesi.org\/wp-content\/uploads\/2024\/11\/kk2.jpg","contentUrl":"https:\/\/kuzeyinsesi.org\/wp-content\/uploads\/2024\/11\/kk2.jpg","width":2000,"height":900},{"@type":"BreadcrumbList","@id":"https:\/\/kuzeyinsesi.org\/index.php\/2024\/11\/28\/kurtulusun-kadinlari-magusada-sanatseverlerle-bulustu\/#breadcrumb","itemListElement":[{"@type":"ListItem","position":1,"name":"Anasayfa","item":"https:\/\/kuzeyinsesi.org\/"},{"@type":"ListItem","position":2,"name":"\u201cKurtulu\u015fun Kad\u0131nlar\u0131\u201d Ma\u011fusa\u2019da sanatseverlerle bulu\u015ftu"}]},{"@type":"WebSite","@id":"https:\/\/kuzeyinsesi.org\/#website","url":"https:\/\/kuzeyinsesi.org\/","name":"Kuzeyin Sesi","description":"Do\u011fru Haberin Adresi","potentialAction":[{"@type":"SearchAction","target":{"@type":"EntryPoint","urlTemplate":"https:\/\/kuzeyinsesi.org\/?s={search_term_string}"},"query-input":{"@type":"PropertyValueSpecification","valueRequired":true,"valueName":"search_term_string"}}],"inLanguage":"tr"},{"@type":"Person","@id":"https:\/\/kuzeyinsesi.org\/#\/schema\/person\/9f859689cdf01485597712386e37f5aa","name":"Kuzeyin Sesi","image":{"@type":"ImageObject","inLanguage":"tr","@id":"https:\/\/secure.gravatar.com\/avatar\/bab33852abfd8b282518d6ed81826833d77c3c882d9ab608add591ccace47a44?s=96&d=mm&r=g","url":"https:\/\/secure.gravatar.com\/avatar\/bab33852abfd8b282518d6ed81826833d77c3c882d9ab608add591ccace47a44?s=96&d=mm&r=g","contentUrl":"https:\/\/secure.gravatar.com\/avatar\/bab33852abfd8b282518d6ed81826833d77c3c882d9ab608add591ccace47a44?s=96&d=mm&r=g","caption":"Kuzeyin Sesi"},"sameAs":["https:\/\/kuzeyinsesi.org"],"url":"https:\/\/kuzeyinsesi.org\/index.php\/author\/guven\/"}]}},"_links":{"self":[{"href":"https:\/\/kuzeyinsesi.org\/index.php\/wp-json\/wp\/v2\/posts\/14547","targetHints":{"allow":["GET"]}}],"collection":[{"href":"https:\/\/kuzeyinsesi.org\/index.php\/wp-json\/wp\/v2\/posts"}],"about":[{"href":"https:\/\/kuzeyinsesi.org\/index.php\/wp-json\/wp\/v2\/types\/post"}],"author":[{"embeddable":true,"href":"https:\/\/kuzeyinsesi.org\/index.php\/wp-json\/wp\/v2\/users\/1"}],"replies":[{"embeddable":true,"href":"https:\/\/kuzeyinsesi.org\/index.php\/wp-json\/wp\/v2\/comments?post=14547"}],"version-history":[{"count":0,"href":"https:\/\/kuzeyinsesi.org\/index.php\/wp-json\/wp\/v2\/posts\/14547\/revisions"}],"wp:featuredmedia":[{"embeddable":true,"href":"https:\/\/kuzeyinsesi.org\/index.php\/wp-json\/wp\/v2\/media\/14548"}],"wp:attachment":[{"href":"https:\/\/kuzeyinsesi.org\/index.php\/wp-json\/wp\/v2\/media?parent=14547"}],"wp:term":[{"taxonomy":"category","embeddable":true,"href":"https:\/\/kuzeyinsesi.org\/index.php\/wp-json\/wp\/v2\/categories?post=14547"},{"taxonomy":"post_tag","embeddable":true,"href":"https:\/\/kuzeyinsesi.org\/index.php\/wp-json\/wp\/v2\/tags?post=14547"}],"curies":[{"name":"wp","href":"https:\/\/api.w.org\/{rel}","templated":true}]}}