{"id":14541,"date":"2024-11-28T19:48:57","date_gmt":"2024-11-28T17:48:57","guid":{"rendered":"https:\/\/kuzeyinsesi.org\/index.php\/2024\/11\/28\/iste-kadin-7-fotograf-yarismasi-odulleri-sahiplerini-buldu\/"},"modified":"2024-11-28T19:48:57","modified_gmt":"2024-11-28T17:48:57","slug":"iste-kadin-7-fotograf-yarismasi-odulleri-sahiplerini-buldu","status":"publish","type":"post","link":"https:\/\/kuzeyinsesi.org\/index.php\/2024\/11\/28\/iste-kadin-7-fotograf-yarismasi-odulleri-sahiplerini-buldu\/","title":{"rendered":"\u201c\u0130\u015fte Kad\u0131n 7. Foto\u011fraf Yar\u0131\u015fmas\u0131\u201d \u00f6d\u00fclleri sahiplerini buldu"},"content":{"rendered":"<div>\n<div class=\"mariselle-image-container center\">\n                                            <\/div>\n<p>\u0130\u015f Kad\u0131nlar\u0131 Derne\u011fi\u2019nin (\u0130KD) d\u00fczenledi\u011fi \u0130\u015fte Kad\u0131n 7\u2019nci Foto\u011fraf Yar\u0131\u015fmas\u0131\u2019n\u0131n \u00f6d\u00fcl t\u00f6reni ve sergi a\u00e7\u0131l\u0131\u015f\u0131 d\u00fcn ak\u015fam Lefko\u015fa Bedesten\u2019de g\u00f6rkemli bir t\u00f6renle ger\u00e7ekle\u015fti.<\/p>\n<p>\u201c\u00c7al\u0131\u015fan Kad\u0131nlar\u201d temas\u0131yla d\u00fczenlenen yar\u0131\u015fmada kazananlara \u00f6d\u00fclleri takdim edilirken, j\u00fcri \u00fcyelerine de te\u015fekk\u00fcr plaketi sunuldu.<\/p>\n<div class=\"mariselle-image-container center\">\n                <img decoding=\"async\" width=\"1600\" height=\"1066\" class=\"lazy-image\" alt=\"\" sizes=\"(max-width: 1600px) 100vw, 1600px\" src=\"https:\/\/brtk.net\/wp-content\/uploads\/2024\/11\/28\/ikd-4-.jpg?ver=3a1867e7c0f5e9b907f49fcfffdb6710\" srcset=\"https:\/\/brtk.net\/wp-content\/uploads\/2024\/11\/28\/ikd-4-.jpg?ver=3a1867e7c0f5e9b907f49fcfffdb6710 1600w, https:\/\/brtk.net\/wp-content\/uploads\/2024\/11\/28\/ikd-4--300x200.jpg?ver=bdb364dfc2389752ac119ea7a77d18cb 300w, https:\/\/brtk.net\/wp-content\/uploads\/2024\/11\/28\/ikd-4--1024x682.jpg?ver=bdb364dfc2389752ac119ea7a77d18cb 1024w, https:\/\/brtk.net\/wp-content\/uploads\/2024\/11\/28\/ikd-4--768x512.jpg?ver=041be0d7c4764c23be8bbcae85e4b98d 768w, https:\/\/brtk.net\/wp-content\/uploads\/2024\/11\/28\/ikd-4--1536x1023.jpg?ver=041be0d7c4764c23be8bbcae85e4b98d 1536w\"\/>                            <\/div>\n<p>Dernek\u2019ten yap\u0131lan a\u00e7\u0131klamaya g\u00f6re, gece, kokteyl ve m\u00fczik dinletisiyle ba\u015flad\u0131. Ard\u0131ndan yap\u0131lan konu\u015fmalar ve \u00f6d\u00fcl takdimleriyle devam eden etkinlikte, serginin a\u00e7\u0131l\u0131\u015f\u0131 da yap\u0131ld\u0131.<\/p>\n<p>T\u00f6rene Cumhurba\u015fkan\u0131 Ersin Tatar, Meclis Ba\u015fkan Yard\u0131mc\u0131s\u0131 Fazilet \u00d6zdenefe, CTP milletvekilleri S\u0131la Usar \u0130ncirli, \u015eifa \u00c7olako\u011flu ve Fide K\u00fcr\u015fat kat\u0131ld\u0131. Etkinlikte ayr\u0131ca Garanti BBVA K\u0131br\u0131s \u00dclke M\u00fcd\u00fcr\u00fc Elif Alt\u0131nkol, Telsim Genel M\u00fcd\u00fcr\u00fc Sefer Al\u0131c\u0131, \u0130\u015f Kad\u0131nlar\u0131 Derne\u011fi Y\u00f6netim Kurulu ve kurucu \u00fcyeleri ile \u00e7ok say\u0131da sanatsever de yer ald\u0131.<\/p>\n<p>Etkinlikte konu\u015fan \u0130\u015f Kad\u0131nlar\u0131 Derne\u011fi Ba\u015fkan\u0131 Bilen Say\u0131l\u0131 Bozk\u0131rl\u0131, yar\u0131\u015fman\u0131n amac\u0131n\u0131 vurgulayarak, \u201cSanat\u0131n evrensel g\u00fcc\u00fcyle kad\u0131nlar\u0131n emek ve ba\u015far\u0131 \u00f6yk\u00fclerini g\u00f6r\u00fcn\u00fcr k\u0131lmay\u0131 ama\u00e7lad\u0131k. Bug\u00fcn burada sergilenen her bir foto\u011fraf, \u00e7al\u0131\u015fan kad\u0131nlar\u0131n toplumdaki rol\u00fcn\u00fc y\u00fcceltmenin birer simgesidir\u201d dedi.<\/p>\n<p>Garanti BBVA K\u0131br\u0131s \u00dclke M\u00fcd\u00fcr\u00fc Elif Alt\u0131nkol ise yapt\u0131\u011f\u0131 konu\u015fmada, \u201cBu yar\u0131\u015fma sadece yetenekli foto\u011fraf sanat\u00e7\u0131lar\u0131m\u0131z\u0131n eserlerini sergilemekle kalm\u0131yor, ayn\u0131 zamanda sanat\u0131 ve yarat\u0131c\u0131l\u0131\u011f\u0131 destekleyen bir platform sunuyor\u201d ifadelerini kulland\u0131.<\/p>\n<p>Meclis Ba\u015fkan Yard\u0131mc\u0131s\u0131 Fazilet \u00d6zdenefe de kad\u0131nlar\u0131n ekonomik hayattaki zorluklar\u0131na de\u011finerek, \u201cKad\u0131n yoksulla\u015fmas\u0131n\u0131n \u00f6n\u00fcne ge\u00e7mek ve kad\u0131nlar\u0131n her alanda g\u00f6r\u00fcn\u00fcr olmas\u0131n\u0131 sa\u011flamak i\u00e7in m\u00fccadele etmeliyiz\u201d dedi.<\/p>\n<p>Cumhurba\u015fkan\u0131 Ersin Tatar, kad\u0131nlar\u0131n i\u015f hayat\u0131ndaki \u00f6nemine vurgu yaparak, \u2018Kad\u0131na verilen de\u011fer, \u00fclkenin geli\u015fip kalk\u0131nmas\u0131nda \u00f6nemli bir yere sahiptir\u2019 dedi.\u201d<\/p>\n<p>Gecede yar\u0131\u015fman\u0131n ba\u015far\u0131s\u0131nda eme\u011fi ge\u00e7en j\u00fcri \u00fcyelerine de te\u015fekk\u00fcr plaketi sunuldu. J\u00fcri \u00fcyeleri aras\u0131nda \u0130\u015f Kad\u0131nlar\u0131 Derne\u011fi\u2019nden Asl\u0131han Taylan, Garanti BBVA\u2019dan Ferit Aky\u00fcz, 2023 y\u0131l\u0131 birincisi Tevfik Ulual, \u00d6\u011fr. G\u00f6r. M\u00fcmine \u00d6zdemira\u011f Ya\u011fl\u0131, Yard. Do\u00e7. Dr. G\u00fcne\u015f Kozal ve Yar. Do\u00e7. Dr. \u0130smail G\u00f6k\u00e7e yer ald\u0131.<\/p>\n<p>Yar\u0131\u015fmay\u0131 kazanan sanat\u00e7\u0131lar \u00f6d\u00fcllerini d\u00fczenlenen t\u00f6rende ald\u0131. Birincilik \u00f6d\u00fcl\u00fcn\u00fc Cem Cengiz kazan\u0131rken, \u015eaziye Kofal\u0131 Kurt ikincilik, Cahit Arkut ise \u00fc\u00e7\u00fcnc\u00fcl\u00fck \u00f6d\u00fcl\u00fcne lay\u0131k g\u00f6r\u00fcld\u00fc. \u015eifa Bahal\u0131 J\u00fcri \u00d6zel \u00d6d\u00fcl\u00fc\u2019n\u00fc, Nevzat Ak\u00e7agil ise \u0130KD \u00d6zel \u00d6d\u00fcl\u00fc\u2019n\u00fc ald\u0131.<\/p>\n<p>Yar\u0131\u015fmada sergilemeye hak kazanan eserler de etkinlikte sanatseverlerin be\u011fenisine sunuldu. Sergiye Alev Emre G\u00fcrsev, Ayla Mertt\u00fcrk, Ay\u015fe G\u00f6kyi\u011fit, Besime Tanul, Candan Behzato\u011flu, Emine Kasap, Erkan \u00c7elikeri, Fazilet Avkat, Feride Demir, H\u00fcseyin \u00c7ekirdek, Kamil Dimililer, Kutlay M. Halkseven, Mehmet G\u00f6kyi\u011fit, Mehmet Hoca, Mehmetali Karahasan, Mine Kurtel, Nazan Dinsev, Nermin Bardak, Papatya Solyal\u0131, P\u0131rlanta Konuksal ve Veysi Canate\u015f\u2019in eserleri se\u00e7ildi.<\/p>\n<p>Gece, sanatseverlerin eserleri m\u00fczik e\u015fli\u011finde gezmesiyle sona erdi.<\/p>\n<\/p><\/div>\n<p><script async\n                    defer\n                    crossorigin=\"anonymous\"\n                    src=\"https:\/\/connect.facebook.net\/tr_TR\/sdk.js#xfbml=1&#038;version=v3.3\"\n            ><\/script><\/p>\n","protected":false},"excerpt":{"rendered":"<p>\u0130\u015f Kad\u0131nlar\u0131 Derne\u011fi\u2019nin (\u0130KD) d\u00fczenledi\u011fi \u0130\u015fte Kad\u0131n 7\u2019nci Foto\u011fraf Yar\u0131\u015fmas\u0131\u2019n\u0131n \u00f6d\u00fcl t\u00f6reni ve sergi a\u00e7\u0131l\u0131\u015f\u0131 d\u00fcn ak\u015fam Lefko\u015fa Bedesten\u2019de g\u00f6rkemli bir t\u00f6renle ger\u00e7ekle\u015fti. \u201c\u00c7al\u0131\u015fan Kad\u0131nlar\u201d temas\u0131yla d\u00fczenlenen yar\u0131\u015fmada kazananlara \u00f6d\u00fclleri takdim edilirken, j\u00fcri \u00fcyelerine de te\u015fekk\u00fcr plaketi sunuldu. Dernek\u2019ten yap\u0131lan a\u00e7\u0131klamaya g\u00f6re, gece, kokteyl ve m\u00fczik dinletisiyle ba\u015flad\u0131. Ard\u0131ndan yap\u0131lan konu\u015fmalar ve \u00f6d\u00fcl takdimleriyle devam [&hellip;]<\/p>\n","protected":false},"author":1,"featured_media":14542,"comment_status":"open","ping_status":"open","sticky":false,"template":"","format":"standard","meta":{"jnews-multi-image_gallery":[],"jnews_single_post":[],"jnews_primary_category":[],"jnews_social_meta":[],"jnews_override_counter":[],"footnotes":""},"categories":[6],"tags":[],"class_list":["post-14541","post","type-post","status-publish","format-standard","has-post-thumbnail","hentry","category-yasam"],"yoast_head":"<!-- This site is optimized with the Yoast SEO plugin v27.4 - https:\/\/yoast.com\/product\/yoast-seo-wordpress\/ -->\n<title>\u201c\u0130\u015fte Kad\u0131n 7. Foto\u011fraf Yar\u0131\u015fmas\u0131\u201d \u00f6d\u00fclleri sahiplerini buldu - Kuzeyin Sesi<\/title>\n<meta name=\"robots\" content=\"index, follow, max-snippet:-1, max-image-preview:large, max-video-preview:-1\" \/>\n<link rel=\"canonical\" href=\"https:\/\/kuzeyinsesi.org\/index.php\/2024\/11\/28\/iste-kadin-7-fotograf-yarismasi-odulleri-sahiplerini-buldu\/\" \/>\n<meta property=\"og:locale\" content=\"tr_TR\" \/>\n<meta property=\"og:type\" content=\"article\" \/>\n<meta property=\"og:title\" content=\"\u201c\u0130\u015fte Kad\u0131n 7. Foto\u011fraf Yar\u0131\u015fmas\u0131\u201d \u00f6d\u00fclleri sahiplerini buldu - Kuzeyin Sesi\" \/>\n<meta property=\"og:description\" content=\"\u0130\u015f Kad\u0131nlar\u0131 Derne\u011fi\u2019nin (\u0130KD) d\u00fczenledi\u011fi \u0130\u015fte Kad\u0131n 7\u2019nci Foto\u011fraf Yar\u0131\u015fmas\u0131\u2019n\u0131n \u00f6d\u00fcl t\u00f6reni ve sergi a\u00e7\u0131l\u0131\u015f\u0131 d\u00fcn ak\u015fam Lefko\u015fa Bedesten\u2019de g\u00f6rkemli bir t\u00f6renle ger\u00e7ekle\u015fti. \u201c\u00c7al\u0131\u015fan Kad\u0131nlar\u201d temas\u0131yla d\u00fczenlenen yar\u0131\u015fmada kazananlara \u00f6d\u00fclleri takdim edilirken, j\u00fcri \u00fcyelerine de te\u015fekk\u00fcr plaketi sunuldu. Dernek\u2019ten yap\u0131lan a\u00e7\u0131klamaya g\u00f6re, gece, kokteyl ve m\u00fczik dinletisiyle ba\u015flad\u0131. Ard\u0131ndan yap\u0131lan konu\u015fmalar ve \u00f6d\u00fcl takdimleriyle devam [&hellip;]\" \/>\n<meta property=\"og:url\" content=\"https:\/\/kuzeyinsesi.org\/index.php\/2024\/11\/28\/iste-kadin-7-fotograf-yarismasi-odulleri-sahiplerini-buldu\/\" \/>\n<meta property=\"og:site_name\" content=\"Kuzeyin Sesi\" \/>\n<meta property=\"article:publisher\" content=\"https:\/\/www.facebook.com\/kuzeyinsesii\" \/>\n<meta property=\"article:published_time\" content=\"2024-11-28T17:48:57+00:00\" \/>\n<meta property=\"og:image\" content=\"https:\/\/brtk.net\/wp-content\/uploads\/2024\/11\/28\/ikd-7-.jpg?ver=17ccc1529ebaea7cbaccfdbf86b67653\" \/>\n<meta name=\"author\" content=\"Kuzeyin Sesi\" \/>\n<meta name=\"twitter:card\" content=\"summary_large_image\" \/>\n<meta name=\"twitter:creator\" content=\"@kuzeyinsesii\" \/>\n<meta name=\"twitter:site\" content=\"@kuzeyinsesii\" \/>\n<meta name=\"twitter:label1\" content=\"Yazan:\" \/>\n\t<meta name=\"twitter:data1\" content=\"Kuzeyin Sesi\" \/>\n\t<meta name=\"twitter:label2\" content=\"Tahmini okuma s\u00fcresi\" \/>\n\t<meta name=\"twitter:data2\" content=\"3 dakika\" \/>\n<script type=\"application\/ld+json\" class=\"yoast-schema-graph\">{\"@context\":\"https:\\\/\\\/schema.org\",\"@graph\":[{\"@type\":\"Article\",\"@id\":\"https:\\\/\\\/kuzeyinsesi.org\\\/index.php\\\/2024\\\/11\\\/28\\\/iste-kadin-7-fotograf-yarismasi-odulleri-sahiplerini-buldu\\\/#article\",\"isPartOf\":{\"@id\":\"https:\\\/\\\/kuzeyinsesi.org\\\/index.php\\\/2024\\\/11\\\/28\\\/iste-kadin-7-fotograf-yarismasi-odulleri-sahiplerini-buldu\\\/\"},\"author\":{\"name\":\"Kuzeyin Sesi\",\"@id\":\"https:\\\/\\\/kuzeyinsesi.org\\\/#\\\/schema\\\/person\\\/9f859689cdf01485597712386e37f5aa\"},\"headline\":\"\u201c\u0130\u015fte Kad\u0131n 7. Foto\u011fraf Yar\u0131\u015fmas\u0131\u201d \u00f6d\u00fclleri sahiplerini buldu\",\"datePublished\":\"2024-11-28T17:48:57+00:00\",\"mainEntityOfPage\":{\"@id\":\"https:\\\/\\\/kuzeyinsesi.org\\\/index.php\\\/2024\\\/11\\\/28\\\/iste-kadin-7-fotograf-yarismasi-odulleri-sahiplerini-buldu\\\/\"},\"wordCount\":579,\"commentCount\":0,\"image\":{\"@id\":\"https:\\\/\\\/kuzeyinsesi.org\\\/index.php\\\/2024\\\/11\\\/28\\\/iste-kadin-7-fotograf-yarismasi-odulleri-sahiplerini-buldu\\\/#primaryimage\"},\"thumbnailUrl\":\"https:\\\/\\\/kuzeyinsesi.org\\\/wp-content\\\/uploads\\\/2024\\\/11\\\/ikd-7-.jpg\",\"articleSection\":[\"Ya\u015fam\"],\"inLanguage\":\"tr\",\"potentialAction\":[{\"@type\":\"CommentAction\",\"name\":\"Comment\",\"target\":[\"https:\\\/\\\/kuzeyinsesi.org\\\/index.php\\\/2024\\\/11\\\/28\\\/iste-kadin-7-fotograf-yarismasi-odulleri-sahiplerini-buldu\\\/#respond\"]}]},{\"@type\":\"WebPage\",\"@id\":\"https:\\\/\\\/kuzeyinsesi.org\\\/index.php\\\/2024\\\/11\\\/28\\\/iste-kadin-7-fotograf-yarismasi-odulleri-sahiplerini-buldu\\\/\",\"url\":\"https:\\\/\\\/kuzeyinsesi.org\\\/index.php\\\/2024\\\/11\\\/28\\\/iste-kadin-7-fotograf-yarismasi-odulleri-sahiplerini-buldu\\\/\",\"name\":\"\u201c\u0130\u015fte Kad\u0131n 7. Foto\u011fraf Yar\u0131\u015fmas\u0131\u201d \u00f6d\u00fclleri sahiplerini buldu - Kuzeyin Sesi\",\"isPartOf\":{\"@id\":\"https:\\\/\\\/kuzeyinsesi.org\\\/#website\"},\"primaryImageOfPage\":{\"@id\":\"https:\\\/\\\/kuzeyinsesi.org\\\/index.php\\\/2024\\\/11\\\/28\\\/iste-kadin-7-fotograf-yarismasi-odulleri-sahiplerini-buldu\\\/#primaryimage\"},\"image\":{\"@id\":\"https:\\\/\\\/kuzeyinsesi.org\\\/index.php\\\/2024\\\/11\\\/28\\\/iste-kadin-7-fotograf-yarismasi-odulleri-sahiplerini-buldu\\\/#primaryimage\"},\"thumbnailUrl\":\"https:\\\/\\\/kuzeyinsesi.org\\\/wp-content\\\/uploads\\\/2024\\\/11\\\/ikd-7-.jpg\",\"datePublished\":\"2024-11-28T17:48:57+00:00\",\"author\":{\"@id\":\"https:\\\/\\\/kuzeyinsesi.org\\\/#\\\/schema\\\/person\\\/9f859689cdf01485597712386e37f5aa\"},\"breadcrumb\":{\"@id\":\"https:\\\/\\\/kuzeyinsesi.org\\\/index.php\\\/2024\\\/11\\\/28\\\/iste-kadin-7-fotograf-yarismasi-odulleri-sahiplerini-buldu\\\/#breadcrumb\"},\"inLanguage\":\"tr\",\"potentialAction\":[{\"@type\":\"ReadAction\",\"target\":[\"https:\\\/\\\/kuzeyinsesi.org\\\/index.php\\\/2024\\\/11\\\/28\\\/iste-kadin-7-fotograf-yarismasi-odulleri-sahiplerini-buldu\\\/\"]}]},{\"@type\":\"ImageObject\",\"inLanguage\":\"tr\",\"@id\":\"https:\\\/\\\/kuzeyinsesi.org\\\/index.php\\\/2024\\\/11\\\/28\\\/iste-kadin-7-fotograf-yarismasi-odulleri-sahiplerini-buldu\\\/#primaryimage\",\"url\":\"https:\\\/\\\/kuzeyinsesi.org\\\/wp-content\\\/uploads\\\/2024\\\/11\\\/ikd-7-.jpg\",\"contentUrl\":\"https:\\\/\\\/kuzeyinsesi.org\\\/wp-content\\\/uploads\\\/2024\\\/11\\\/ikd-7-.jpg\",\"width\":1600,\"height\":1066},{\"@type\":\"BreadcrumbList\",\"@id\":\"https:\\\/\\\/kuzeyinsesi.org\\\/index.php\\\/2024\\\/11\\\/28\\\/iste-kadin-7-fotograf-yarismasi-odulleri-sahiplerini-buldu\\\/#breadcrumb\",\"itemListElement\":[{\"@type\":\"ListItem\",\"position\":1,\"name\":\"Anasayfa\",\"item\":\"https:\\\/\\\/kuzeyinsesi.org\\\/\"},{\"@type\":\"ListItem\",\"position\":2,\"name\":\"\u201c\u0130\u015fte Kad\u0131n 7. Foto\u011fraf Yar\u0131\u015fmas\u0131\u201d \u00f6d\u00fclleri sahiplerini buldu\"}]},{\"@type\":\"WebSite\",\"@id\":\"https:\\\/\\\/kuzeyinsesi.org\\\/#website\",\"url\":\"https:\\\/\\\/kuzeyinsesi.org\\\/\",\"name\":\"Kuzeyin Sesi\",\"description\":\"Do\u011fru Haberin Adresi\",\"potentialAction\":[{\"@type\":\"SearchAction\",\"target\":{\"@type\":\"EntryPoint\",\"urlTemplate\":\"https:\\\/\\\/kuzeyinsesi.org\\\/?s={search_term_string}\"},\"query-input\":{\"@type\":\"PropertyValueSpecification\",\"valueRequired\":true,\"valueName\":\"search_term_string\"}}],\"inLanguage\":\"tr\"},{\"@type\":\"Person\",\"@id\":\"https:\\\/\\\/kuzeyinsesi.org\\\/#\\\/schema\\\/person\\\/9f859689cdf01485597712386e37f5aa\",\"name\":\"Kuzeyin Sesi\",\"image\":{\"@type\":\"ImageObject\",\"inLanguage\":\"tr\",\"@id\":\"https:\\\/\\\/secure.gravatar.com\\\/avatar\\\/bab33852abfd8b282518d6ed81826833d77c3c882d9ab608add591ccace47a44?s=96&d=mm&r=g\",\"url\":\"https:\\\/\\\/secure.gravatar.com\\\/avatar\\\/bab33852abfd8b282518d6ed81826833d77c3c882d9ab608add591ccace47a44?s=96&d=mm&r=g\",\"contentUrl\":\"https:\\\/\\\/secure.gravatar.com\\\/avatar\\\/bab33852abfd8b282518d6ed81826833d77c3c882d9ab608add591ccace47a44?s=96&d=mm&r=g\",\"caption\":\"Kuzeyin Sesi\"},\"sameAs\":[\"https:\\\/\\\/kuzeyinsesi.org\"],\"url\":\"https:\\\/\\\/kuzeyinsesi.org\\\/index.php\\\/author\\\/guven\\\/\"}]}<\/script>\n<!-- \/ Yoast SEO plugin. -->","yoast_head_json":{"title":"\u201c\u0130\u015fte Kad\u0131n 7. Foto\u011fraf Yar\u0131\u015fmas\u0131\u201d \u00f6d\u00fclleri sahiplerini buldu - Kuzeyin Sesi","robots":{"index":"index","follow":"follow","max-snippet":"max-snippet:-1","max-image-preview":"max-image-preview:large","max-video-preview":"max-video-preview:-1"},"canonical":"https:\/\/kuzeyinsesi.org\/index.php\/2024\/11\/28\/iste-kadin-7-fotograf-yarismasi-odulleri-sahiplerini-buldu\/","og_locale":"tr_TR","og_type":"article","og_title":"\u201c\u0130\u015fte Kad\u0131n 7. Foto\u011fraf Yar\u0131\u015fmas\u0131\u201d \u00f6d\u00fclleri sahiplerini buldu - Kuzeyin Sesi","og_description":"\u0130\u015f Kad\u0131nlar\u0131 Derne\u011fi\u2019nin (\u0130KD) d\u00fczenledi\u011fi \u0130\u015fte Kad\u0131n 7\u2019nci Foto\u011fraf Yar\u0131\u015fmas\u0131\u2019n\u0131n \u00f6d\u00fcl t\u00f6reni ve sergi a\u00e7\u0131l\u0131\u015f\u0131 d\u00fcn ak\u015fam Lefko\u015fa Bedesten\u2019de g\u00f6rkemli bir t\u00f6renle ger\u00e7ekle\u015fti. \u201c\u00c7al\u0131\u015fan Kad\u0131nlar\u201d temas\u0131yla d\u00fczenlenen yar\u0131\u015fmada kazananlara \u00f6d\u00fclleri takdim edilirken, j\u00fcri \u00fcyelerine de te\u015fekk\u00fcr plaketi sunuldu. Dernek\u2019ten yap\u0131lan a\u00e7\u0131klamaya g\u00f6re, gece, kokteyl ve m\u00fczik dinletisiyle ba\u015flad\u0131. Ard\u0131ndan yap\u0131lan konu\u015fmalar ve \u00f6d\u00fcl takdimleriyle devam [&hellip;]","og_url":"https:\/\/kuzeyinsesi.org\/index.php\/2024\/11\/28\/iste-kadin-7-fotograf-yarismasi-odulleri-sahiplerini-buldu\/","og_site_name":"Kuzeyin Sesi","article_publisher":"https:\/\/www.facebook.com\/kuzeyinsesii","article_published_time":"2024-11-28T17:48:57+00:00","og_image":[{"url":"https:\/\/brtk.net\/wp-content\/uploads\/2024\/11\/28\/ikd-7-.jpg?ver=17ccc1529ebaea7cbaccfdbf86b67653","type":"","width":"","height":""}],"author":"Kuzeyin Sesi","twitter_card":"summary_large_image","twitter_creator":"@kuzeyinsesii","twitter_site":"@kuzeyinsesii","twitter_misc":{"Yazan:":"Kuzeyin Sesi","Tahmini okuma s\u00fcresi":"3 dakika"},"schema":{"@context":"https:\/\/schema.org","@graph":[{"@type":"Article","@id":"https:\/\/kuzeyinsesi.org\/index.php\/2024\/11\/28\/iste-kadin-7-fotograf-yarismasi-odulleri-sahiplerini-buldu\/#article","isPartOf":{"@id":"https:\/\/kuzeyinsesi.org\/index.php\/2024\/11\/28\/iste-kadin-7-fotograf-yarismasi-odulleri-sahiplerini-buldu\/"},"author":{"name":"Kuzeyin Sesi","@id":"https:\/\/kuzeyinsesi.org\/#\/schema\/person\/9f859689cdf01485597712386e37f5aa"},"headline":"\u201c\u0130\u015fte Kad\u0131n 7. Foto\u011fraf Yar\u0131\u015fmas\u0131\u201d \u00f6d\u00fclleri sahiplerini buldu","datePublished":"2024-11-28T17:48:57+00:00","mainEntityOfPage":{"@id":"https:\/\/kuzeyinsesi.org\/index.php\/2024\/11\/28\/iste-kadin-7-fotograf-yarismasi-odulleri-sahiplerini-buldu\/"},"wordCount":579,"commentCount":0,"image":{"@id":"https:\/\/kuzeyinsesi.org\/index.php\/2024\/11\/28\/iste-kadin-7-fotograf-yarismasi-odulleri-sahiplerini-buldu\/#primaryimage"},"thumbnailUrl":"https:\/\/kuzeyinsesi.org\/wp-content\/uploads\/2024\/11\/ikd-7-.jpg","articleSection":["Ya\u015fam"],"inLanguage":"tr","potentialAction":[{"@type":"CommentAction","name":"Comment","target":["https:\/\/kuzeyinsesi.org\/index.php\/2024\/11\/28\/iste-kadin-7-fotograf-yarismasi-odulleri-sahiplerini-buldu\/#respond"]}]},{"@type":"WebPage","@id":"https:\/\/kuzeyinsesi.org\/index.php\/2024\/11\/28\/iste-kadin-7-fotograf-yarismasi-odulleri-sahiplerini-buldu\/","url":"https:\/\/kuzeyinsesi.org\/index.php\/2024\/11\/28\/iste-kadin-7-fotograf-yarismasi-odulleri-sahiplerini-buldu\/","name":"\u201c\u0130\u015fte Kad\u0131n 7. Foto\u011fraf Yar\u0131\u015fmas\u0131\u201d \u00f6d\u00fclleri sahiplerini buldu - Kuzeyin Sesi","isPartOf":{"@id":"https:\/\/kuzeyinsesi.org\/#website"},"primaryImageOfPage":{"@id":"https:\/\/kuzeyinsesi.org\/index.php\/2024\/11\/28\/iste-kadin-7-fotograf-yarismasi-odulleri-sahiplerini-buldu\/#primaryimage"},"image":{"@id":"https:\/\/kuzeyinsesi.org\/index.php\/2024\/11\/28\/iste-kadin-7-fotograf-yarismasi-odulleri-sahiplerini-buldu\/#primaryimage"},"thumbnailUrl":"https:\/\/kuzeyinsesi.org\/wp-content\/uploads\/2024\/11\/ikd-7-.jpg","datePublished":"2024-11-28T17:48:57+00:00","author":{"@id":"https:\/\/kuzeyinsesi.org\/#\/schema\/person\/9f859689cdf01485597712386e37f5aa"},"breadcrumb":{"@id":"https:\/\/kuzeyinsesi.org\/index.php\/2024\/11\/28\/iste-kadin-7-fotograf-yarismasi-odulleri-sahiplerini-buldu\/#breadcrumb"},"inLanguage":"tr","potentialAction":[{"@type":"ReadAction","target":["https:\/\/kuzeyinsesi.org\/index.php\/2024\/11\/28\/iste-kadin-7-fotograf-yarismasi-odulleri-sahiplerini-buldu\/"]}]},{"@type":"ImageObject","inLanguage":"tr","@id":"https:\/\/kuzeyinsesi.org\/index.php\/2024\/11\/28\/iste-kadin-7-fotograf-yarismasi-odulleri-sahiplerini-buldu\/#primaryimage","url":"https:\/\/kuzeyinsesi.org\/wp-content\/uploads\/2024\/11\/ikd-7-.jpg","contentUrl":"https:\/\/kuzeyinsesi.org\/wp-content\/uploads\/2024\/11\/ikd-7-.jpg","width":1600,"height":1066},{"@type":"BreadcrumbList","@id":"https:\/\/kuzeyinsesi.org\/index.php\/2024\/11\/28\/iste-kadin-7-fotograf-yarismasi-odulleri-sahiplerini-buldu\/#breadcrumb","itemListElement":[{"@type":"ListItem","position":1,"name":"Anasayfa","item":"https:\/\/kuzeyinsesi.org\/"},{"@type":"ListItem","position":2,"name":"\u201c\u0130\u015fte Kad\u0131n 7. Foto\u011fraf Yar\u0131\u015fmas\u0131\u201d \u00f6d\u00fclleri sahiplerini buldu"}]},{"@type":"WebSite","@id":"https:\/\/kuzeyinsesi.org\/#website","url":"https:\/\/kuzeyinsesi.org\/","name":"Kuzeyin Sesi","description":"Do\u011fru Haberin Adresi","potentialAction":[{"@type":"SearchAction","target":{"@type":"EntryPoint","urlTemplate":"https:\/\/kuzeyinsesi.org\/?s={search_term_string}"},"query-input":{"@type":"PropertyValueSpecification","valueRequired":true,"valueName":"search_term_string"}}],"inLanguage":"tr"},{"@type":"Person","@id":"https:\/\/kuzeyinsesi.org\/#\/schema\/person\/9f859689cdf01485597712386e37f5aa","name":"Kuzeyin Sesi","image":{"@type":"ImageObject","inLanguage":"tr","@id":"https:\/\/secure.gravatar.com\/avatar\/bab33852abfd8b282518d6ed81826833d77c3c882d9ab608add591ccace47a44?s=96&d=mm&r=g","url":"https:\/\/secure.gravatar.com\/avatar\/bab33852abfd8b282518d6ed81826833d77c3c882d9ab608add591ccace47a44?s=96&d=mm&r=g","contentUrl":"https:\/\/secure.gravatar.com\/avatar\/bab33852abfd8b282518d6ed81826833d77c3c882d9ab608add591ccace47a44?s=96&d=mm&r=g","caption":"Kuzeyin Sesi"},"sameAs":["https:\/\/kuzeyinsesi.org"],"url":"https:\/\/kuzeyinsesi.org\/index.php\/author\/guven\/"}]}},"_links":{"self":[{"href":"https:\/\/kuzeyinsesi.org\/index.php\/wp-json\/wp\/v2\/posts\/14541","targetHints":{"allow":["GET"]}}],"collection":[{"href":"https:\/\/kuzeyinsesi.org\/index.php\/wp-json\/wp\/v2\/posts"}],"about":[{"href":"https:\/\/kuzeyinsesi.org\/index.php\/wp-json\/wp\/v2\/types\/post"}],"author":[{"embeddable":true,"href":"https:\/\/kuzeyinsesi.org\/index.php\/wp-json\/wp\/v2\/users\/1"}],"replies":[{"embeddable":true,"href":"https:\/\/kuzeyinsesi.org\/index.php\/wp-json\/wp\/v2\/comments?post=14541"}],"version-history":[{"count":0,"href":"https:\/\/kuzeyinsesi.org\/index.php\/wp-json\/wp\/v2\/posts\/14541\/revisions"}],"wp:featuredmedia":[{"embeddable":true,"href":"https:\/\/kuzeyinsesi.org\/index.php\/wp-json\/wp\/v2\/media\/14542"}],"wp:attachment":[{"href":"https:\/\/kuzeyinsesi.org\/index.php\/wp-json\/wp\/v2\/media?parent=14541"}],"wp:term":[{"taxonomy":"category","embeddable":true,"href":"https:\/\/kuzeyinsesi.org\/index.php\/wp-json\/wp\/v2\/categories?post=14541"},{"taxonomy":"post_tag","embeddable":true,"href":"https:\/\/kuzeyinsesi.org\/index.php\/wp-json\/wp\/v2\/tags?post=14541"}],"curies":[{"name":"wp","href":"https:\/\/api.w.org\/{rel}","templated":true}]}}