{"id":14535,"date":"2024-11-28T19:39:27","date_gmt":"2024-11-28T17:39:27","guid":{"rendered":"https:\/\/kuzeyinsesi.org\/index.php\/2024\/11\/28\/tatar-kayseri-erciyes-universitesi-rektoru-ve-beraberindeki-heyeti-kabul-etti\/"},"modified":"2024-11-28T19:39:27","modified_gmt":"2024-11-28T17:39:27","slug":"tatar-kayseri-erciyes-universitesi-rektoru-ve-beraberindeki-heyeti-kabul-etti","status":"publish","type":"post","link":"https:\/\/kuzeyinsesi.org\/index.php\/2024\/11\/28\/tatar-kayseri-erciyes-universitesi-rektoru-ve-beraberindeki-heyeti-kabul-etti\/","title":{"rendered":"Tatar, Kayseri Erciyes \u00dcniversitesi Rekt\u00f6r\u00fc ve beraberindeki heyeti kabul etti"},"content":{"rendered":"<div>\n<div class=\"mariselle-image-container center\">\n                                            <\/div>\n<p>Cumhurba\u015fkan\u0131 Ersin Tatar, Kayseri Erciyes \u00dcniversitesi Rekt\u00f6r\u00fc Prof. Dr. Fatih Altun ve beraberindeki heyeti kabul etti.<\/p>\n<p>Cumhurba\u015fkanl\u0131\u011f\u0131\u2019ndan yap\u0131lan a\u00e7\u0131klamaya g\u00f6re, Tatar kabulde yapt\u0131\u011f\u0131 konu\u015fmada, ziyaretten duydu\u011fu memnuniyeti ifade etti.  Kurumsal i\u015fbirli\u011fine verilen \u00f6nemi ifade eden Tatar,  okullar aras\u0131 ba\u011flant\u0131lar\u0131n her iki tarafa kar\u015f\u0131l\u0131kl\u0131 fayda sa\u011flad\u0131\u011f\u0131n\u0131 belirtti ve  kurum, kurulu\u015flar\u0131n i\u015fbirliklerinin, Kuzey K\u0131br\u0131s T\u00fcrk Cumhuriyeti\u2019nin yap\u0131s\u0131n\u0131 g\u00fc\u00e7lendirdi\u011fini vurgulad\u0131.<\/p>\n<p>Milli birlik ve beraberli\u011fi peki\u015ftirmek i\u00e7in i\u015fbirli\u011finin \u00f6nemli oldu\u011funu s\u00f6yleyen Tatar, ekonomiyi, ticareti ve k\u00fclt\u00fcrel ileti\u015fim i\u00e7in kar\u015f\u0131l\u0131kl\u0131 m\u00fcnasebetlerin artarak devam etmesi gerekti\u011fini kaydetti.<\/p>\n<p>Cumhurba\u015fkan\u0131 Tatar, Kuzey K\u0131br\u0131s T\u00fcrk Cumhuriyeti\u2019nin \u00fcniversiteleri ile bir marka de\u011feri yakalad\u0131\u011f\u0131n\u0131 belirterek,  144 farkl\u0131 \u00fclkeden \u00f6\u011frencilerin burada e\u011fitim g\u00f6rd\u00fc\u011f\u00fcn\u00fc belirtti.  Yabanc\u0131 \u00f6\u011frencilerin mezun olduklar\u0131nda farkl\u0131 \u00fclkelerde \u00f6nemli hizmetler verdiklerine dikkat \u00e7eken Tatar, daha g\u00fc\u00e7l\u00fc bir T\u00fcrk halk\u0131 yaratabilmek i\u00e7in farkl\u0131 k\u00fclt\u00fcrle bir araya gelerek i\u015fbirli\u011fini art\u0131rmak gerekti\u011fini s\u00f6zlerine ekledi.<\/p>\n<\/p><\/div>\n<p><script async\n                    defer\n                    crossorigin=\"anonymous\"\n                    src=\"https:\/\/connect.facebook.net\/tr_TR\/sdk.js#xfbml=1&#038;version=v3.3\"\n            ><\/script><\/p>\n","protected":false},"excerpt":{"rendered":"<p>Cumhurba\u015fkan\u0131 Ersin Tatar, Kayseri Erciyes \u00dcniversitesi Rekt\u00f6r\u00fc Prof. Dr. Fatih Altun ve beraberindeki heyeti kabul etti. Cumhurba\u015fkanl\u0131\u011f\u0131\u2019ndan yap\u0131lan a\u00e7\u0131klamaya g\u00f6re, Tatar kabulde yapt\u0131\u011f\u0131 konu\u015fmada, ziyaretten duydu\u011fu memnuniyeti ifade etti. Kurumsal i\u015fbirli\u011fine verilen \u00f6nemi ifade eden Tatar, okullar aras\u0131 ba\u011flant\u0131lar\u0131n her iki tarafa kar\u015f\u0131l\u0131kl\u0131 fayda sa\u011flad\u0131\u011f\u0131n\u0131 belirtti ve kurum, kurulu\u015flar\u0131n i\u015fbirliklerinin, Kuzey K\u0131br\u0131s T\u00fcrk Cumhuriyeti\u2019nin yap\u0131s\u0131n\u0131 [&hellip;]<\/p>\n","protected":false},"author":1,"featured_media":14536,"comment_status":"open","ping_status":"open","sticky":false,"template":"","format":"standard","meta":{"jnews-multi-image_gallery":[],"jnews_single_post":[],"jnews_primary_category":[],"jnews_social_meta":[],"jnews_override_counter":[],"footnotes":""},"categories":[5],"tags":[],"class_list":["post-14535","post","type-post","status-publish","format-standard","has-post-thumbnail","hentry","category-turkiye"],"yoast_head":"<!-- This site is optimized with the Yoast SEO plugin v27.4 - https:\/\/yoast.com\/product\/yoast-seo-wordpress\/ -->\n<title>Tatar, Kayseri Erciyes \u00dcniversitesi Rekt\u00f6r\u00fc ve beraberindeki heyeti kabul etti - Kuzeyin Sesi<\/title>\n<meta name=\"robots\" content=\"index, follow, max-snippet:-1, max-image-preview:large, max-video-preview:-1\" \/>\n<link rel=\"canonical\" href=\"https:\/\/kuzeyinsesi.org\/index.php\/2024\/11\/28\/tatar-kayseri-erciyes-universitesi-rektoru-ve-beraberindeki-heyeti-kabul-etti\/\" \/>\n<meta property=\"og:locale\" content=\"tr_TR\" \/>\n<meta property=\"og:type\" content=\"article\" \/>\n<meta property=\"og:title\" content=\"Tatar, Kayseri Erciyes \u00dcniversitesi Rekt\u00f6r\u00fc ve beraberindeki heyeti kabul etti - Kuzeyin Sesi\" \/>\n<meta property=\"og:description\" content=\"Cumhurba\u015fkan\u0131 Ersin Tatar, Kayseri Erciyes \u00dcniversitesi Rekt\u00f6r\u00fc Prof. Dr. Fatih Altun ve beraberindeki heyeti kabul etti. Cumhurba\u015fkanl\u0131\u011f\u0131\u2019ndan yap\u0131lan a\u00e7\u0131klamaya g\u00f6re, Tatar kabulde yapt\u0131\u011f\u0131 konu\u015fmada, ziyaretten duydu\u011fu memnuniyeti ifade etti. Kurumsal i\u015fbirli\u011fine verilen \u00f6nemi ifade eden Tatar, okullar aras\u0131 ba\u011flant\u0131lar\u0131n her iki tarafa kar\u015f\u0131l\u0131kl\u0131 fayda sa\u011flad\u0131\u011f\u0131n\u0131 belirtti ve kurum, kurulu\u015flar\u0131n i\u015fbirliklerinin, Kuzey K\u0131br\u0131s T\u00fcrk Cumhuriyeti\u2019nin yap\u0131s\u0131n\u0131 [&hellip;]\" \/>\n<meta property=\"og:url\" content=\"https:\/\/kuzeyinsesi.org\/index.php\/2024\/11\/28\/tatar-kayseri-erciyes-universitesi-rektoru-ve-beraberindeki-heyeti-kabul-etti\/\" \/>\n<meta property=\"og:site_name\" content=\"Kuzeyin Sesi\" \/>\n<meta property=\"article:publisher\" content=\"https:\/\/www.facebook.com\/kuzeyinsesii\" \/>\n<meta property=\"article:published_time\" content=\"2024-11-28T17:39:27+00:00\" \/>\n<meta property=\"og:image\" content=\"https:\/\/brtk.net\/wp-content\/uploads\/2024\/11\/28\/kayseri-erciyes-universitesi-rektoru-ve-beraberindeki-heyeti-kabul-etti-4-.jpeg?ver=70cad0a6103d1f883df5496591526d7e\" \/>\n<meta name=\"author\" content=\"Kuzeyin Sesi\" \/>\n<meta name=\"twitter:card\" content=\"summary_large_image\" \/>\n<meta name=\"twitter:creator\" content=\"@kuzeyinsesii\" \/>\n<meta name=\"twitter:site\" content=\"@kuzeyinsesii\" \/>\n<meta name=\"twitter:label1\" content=\"Yazan:\" \/>\n\t<meta name=\"twitter:data1\" content=\"Kuzeyin Sesi\" \/>\n\t<meta name=\"twitter:label2\" content=\"Tahmini okuma s\u00fcresi\" \/>\n\t<meta name=\"twitter:data2\" content=\"1 dakika\" \/>\n<script type=\"application\/ld+json\" class=\"yoast-schema-graph\">{\"@context\":\"https:\\\/\\\/schema.org\",\"@graph\":[{\"@type\":\"Article\",\"@id\":\"https:\\\/\\\/kuzeyinsesi.org\\\/index.php\\\/2024\\\/11\\\/28\\\/tatar-kayseri-erciyes-universitesi-rektoru-ve-beraberindeki-heyeti-kabul-etti\\\/#article\",\"isPartOf\":{\"@id\":\"https:\\\/\\\/kuzeyinsesi.org\\\/index.php\\\/2024\\\/11\\\/28\\\/tatar-kayseri-erciyes-universitesi-rektoru-ve-beraberindeki-heyeti-kabul-etti\\\/\"},\"author\":{\"name\":\"Kuzeyin Sesi\",\"@id\":\"https:\\\/\\\/kuzeyinsesi.org\\\/#\\\/schema\\\/person\\\/9f859689cdf01485597712386e37f5aa\"},\"headline\":\"Tatar, Kayseri Erciyes \u00dcniversitesi Rekt\u00f6r\u00fc ve beraberindeki heyeti kabul etti\",\"datePublished\":\"2024-11-28T17:39:27+00:00\",\"mainEntityOfPage\":{\"@id\":\"https:\\\/\\\/kuzeyinsesi.org\\\/index.php\\\/2024\\\/11\\\/28\\\/tatar-kayseri-erciyes-universitesi-rektoru-ve-beraberindeki-heyeti-kabul-etti\\\/\"},\"wordCount\":206,\"commentCount\":0,\"image\":{\"@id\":\"https:\\\/\\\/kuzeyinsesi.org\\\/index.php\\\/2024\\\/11\\\/28\\\/tatar-kayseri-erciyes-universitesi-rektoru-ve-beraberindeki-heyeti-kabul-etti\\\/#primaryimage\"},\"thumbnailUrl\":\"https:\\\/\\\/kuzeyinsesi.org\\\/wp-content\\\/uploads\\\/2024\\\/11\\\/kayseri-erciyes-universitesi-rektoru-ve-beraberindeki-heyeti-kabul-etti-4-.jpeg\",\"articleSection\":[\"T\u00fcrkiye\"],\"inLanguage\":\"tr\",\"potentialAction\":[{\"@type\":\"CommentAction\",\"name\":\"Comment\",\"target\":[\"https:\\\/\\\/kuzeyinsesi.org\\\/index.php\\\/2024\\\/11\\\/28\\\/tatar-kayseri-erciyes-universitesi-rektoru-ve-beraberindeki-heyeti-kabul-etti\\\/#respond\"]}]},{\"@type\":\"WebPage\",\"@id\":\"https:\\\/\\\/kuzeyinsesi.org\\\/index.php\\\/2024\\\/11\\\/28\\\/tatar-kayseri-erciyes-universitesi-rektoru-ve-beraberindeki-heyeti-kabul-etti\\\/\",\"url\":\"https:\\\/\\\/kuzeyinsesi.org\\\/index.php\\\/2024\\\/11\\\/28\\\/tatar-kayseri-erciyes-universitesi-rektoru-ve-beraberindeki-heyeti-kabul-etti\\\/\",\"name\":\"Tatar, Kayseri Erciyes \u00dcniversitesi Rekt\u00f6r\u00fc ve beraberindeki heyeti kabul etti - Kuzeyin Sesi\",\"isPartOf\":{\"@id\":\"https:\\\/\\\/kuzeyinsesi.org\\\/#website\"},\"primaryImageOfPage\":{\"@id\":\"https:\\\/\\\/kuzeyinsesi.org\\\/index.php\\\/2024\\\/11\\\/28\\\/tatar-kayseri-erciyes-universitesi-rektoru-ve-beraberindeki-heyeti-kabul-etti\\\/#primaryimage\"},\"image\":{\"@id\":\"https:\\\/\\\/kuzeyinsesi.org\\\/index.php\\\/2024\\\/11\\\/28\\\/tatar-kayseri-erciyes-universitesi-rektoru-ve-beraberindeki-heyeti-kabul-etti\\\/#primaryimage\"},\"thumbnailUrl\":\"https:\\\/\\\/kuzeyinsesi.org\\\/wp-content\\\/uploads\\\/2024\\\/11\\\/kayseri-erciyes-universitesi-rektoru-ve-beraberindeki-heyeti-kabul-etti-4-.jpeg\",\"datePublished\":\"2024-11-28T17:39:27+00:00\",\"author\":{\"@id\":\"https:\\\/\\\/kuzeyinsesi.org\\\/#\\\/schema\\\/person\\\/9f859689cdf01485597712386e37f5aa\"},\"breadcrumb\":{\"@id\":\"https:\\\/\\\/kuzeyinsesi.org\\\/index.php\\\/2024\\\/11\\\/28\\\/tatar-kayseri-erciyes-universitesi-rektoru-ve-beraberindeki-heyeti-kabul-etti\\\/#breadcrumb\"},\"inLanguage\":\"tr\",\"potentialAction\":[{\"@type\":\"ReadAction\",\"target\":[\"https:\\\/\\\/kuzeyinsesi.org\\\/index.php\\\/2024\\\/11\\\/28\\\/tatar-kayseri-erciyes-universitesi-rektoru-ve-beraberindeki-heyeti-kabul-etti\\\/\"]}]},{\"@type\":\"ImageObject\",\"inLanguage\":\"tr\",\"@id\":\"https:\\\/\\\/kuzeyinsesi.org\\\/index.php\\\/2024\\\/11\\\/28\\\/tatar-kayseri-erciyes-universitesi-rektoru-ve-beraberindeki-heyeti-kabul-etti\\\/#primaryimage\",\"url\":\"https:\\\/\\\/kuzeyinsesi.org\\\/wp-content\\\/uploads\\\/2024\\\/11\\\/kayseri-erciyes-universitesi-rektoru-ve-beraberindeki-heyeti-kabul-etti-4-.jpeg\",\"contentUrl\":\"https:\\\/\\\/kuzeyinsesi.org\\\/wp-content\\\/uploads\\\/2024\\\/11\\\/kayseri-erciyes-universitesi-rektoru-ve-beraberindeki-heyeti-kabul-etti-4-.jpeg\",\"width\":1600,\"height\":1066},{\"@type\":\"BreadcrumbList\",\"@id\":\"https:\\\/\\\/kuzeyinsesi.org\\\/index.php\\\/2024\\\/11\\\/28\\\/tatar-kayseri-erciyes-universitesi-rektoru-ve-beraberindeki-heyeti-kabul-etti\\\/#breadcrumb\",\"itemListElement\":[{\"@type\":\"ListItem\",\"position\":1,\"name\":\"Anasayfa\",\"item\":\"https:\\\/\\\/kuzeyinsesi.org\\\/\"},{\"@type\":\"ListItem\",\"position\":2,\"name\":\"Tatar, Kayseri Erciyes \u00dcniversitesi Rekt\u00f6r\u00fc ve beraberindeki heyeti kabul etti\"}]},{\"@type\":\"WebSite\",\"@id\":\"https:\\\/\\\/kuzeyinsesi.org\\\/#website\",\"url\":\"https:\\\/\\\/kuzeyinsesi.org\\\/\",\"name\":\"Kuzeyin Sesi\",\"description\":\"Do\u011fru Haberin Adresi\",\"potentialAction\":[{\"@type\":\"SearchAction\",\"target\":{\"@type\":\"EntryPoint\",\"urlTemplate\":\"https:\\\/\\\/kuzeyinsesi.org\\\/?s={search_term_string}\"},\"query-input\":{\"@type\":\"PropertyValueSpecification\",\"valueRequired\":true,\"valueName\":\"search_term_string\"}}],\"inLanguage\":\"tr\"},{\"@type\":\"Person\",\"@id\":\"https:\\\/\\\/kuzeyinsesi.org\\\/#\\\/schema\\\/person\\\/9f859689cdf01485597712386e37f5aa\",\"name\":\"Kuzeyin Sesi\",\"image\":{\"@type\":\"ImageObject\",\"inLanguage\":\"tr\",\"@id\":\"https:\\\/\\\/secure.gravatar.com\\\/avatar\\\/bab33852abfd8b282518d6ed81826833d77c3c882d9ab608add591ccace47a44?s=96&d=mm&r=g\",\"url\":\"https:\\\/\\\/secure.gravatar.com\\\/avatar\\\/bab33852abfd8b282518d6ed81826833d77c3c882d9ab608add591ccace47a44?s=96&d=mm&r=g\",\"contentUrl\":\"https:\\\/\\\/secure.gravatar.com\\\/avatar\\\/bab33852abfd8b282518d6ed81826833d77c3c882d9ab608add591ccace47a44?s=96&d=mm&r=g\",\"caption\":\"Kuzeyin Sesi\"},\"sameAs\":[\"https:\\\/\\\/kuzeyinsesi.org\"],\"url\":\"https:\\\/\\\/kuzeyinsesi.org\\\/index.php\\\/author\\\/guven\\\/\"}]}<\/script>\n<!-- \/ Yoast SEO plugin. -->","yoast_head_json":{"title":"Tatar, Kayseri Erciyes \u00dcniversitesi Rekt\u00f6r\u00fc ve beraberindeki heyeti kabul etti - Kuzeyin Sesi","robots":{"index":"index","follow":"follow","max-snippet":"max-snippet:-1","max-image-preview":"max-image-preview:large","max-video-preview":"max-video-preview:-1"},"canonical":"https:\/\/kuzeyinsesi.org\/index.php\/2024\/11\/28\/tatar-kayseri-erciyes-universitesi-rektoru-ve-beraberindeki-heyeti-kabul-etti\/","og_locale":"tr_TR","og_type":"article","og_title":"Tatar, Kayseri Erciyes \u00dcniversitesi Rekt\u00f6r\u00fc ve beraberindeki heyeti kabul etti - Kuzeyin Sesi","og_description":"Cumhurba\u015fkan\u0131 Ersin Tatar, Kayseri Erciyes \u00dcniversitesi Rekt\u00f6r\u00fc Prof. Dr. Fatih Altun ve beraberindeki heyeti kabul etti. Cumhurba\u015fkanl\u0131\u011f\u0131\u2019ndan yap\u0131lan a\u00e7\u0131klamaya g\u00f6re, Tatar kabulde yapt\u0131\u011f\u0131 konu\u015fmada, ziyaretten duydu\u011fu memnuniyeti ifade etti. Kurumsal i\u015fbirli\u011fine verilen \u00f6nemi ifade eden Tatar, okullar aras\u0131 ba\u011flant\u0131lar\u0131n her iki tarafa kar\u015f\u0131l\u0131kl\u0131 fayda sa\u011flad\u0131\u011f\u0131n\u0131 belirtti ve kurum, kurulu\u015flar\u0131n i\u015fbirliklerinin, Kuzey K\u0131br\u0131s T\u00fcrk Cumhuriyeti\u2019nin yap\u0131s\u0131n\u0131 [&hellip;]","og_url":"https:\/\/kuzeyinsesi.org\/index.php\/2024\/11\/28\/tatar-kayseri-erciyes-universitesi-rektoru-ve-beraberindeki-heyeti-kabul-etti\/","og_site_name":"Kuzeyin Sesi","article_publisher":"https:\/\/www.facebook.com\/kuzeyinsesii","article_published_time":"2024-11-28T17:39:27+00:00","og_image":[{"url":"https:\/\/brtk.net\/wp-content\/uploads\/2024\/11\/28\/kayseri-erciyes-universitesi-rektoru-ve-beraberindeki-heyeti-kabul-etti-4-.jpeg?ver=70cad0a6103d1f883df5496591526d7e","type":"","width":"","height":""}],"author":"Kuzeyin Sesi","twitter_card":"summary_large_image","twitter_creator":"@kuzeyinsesii","twitter_site":"@kuzeyinsesii","twitter_misc":{"Yazan:":"Kuzeyin Sesi","Tahmini okuma s\u00fcresi":"1 dakika"},"schema":{"@context":"https:\/\/schema.org","@graph":[{"@type":"Article","@id":"https:\/\/kuzeyinsesi.org\/index.php\/2024\/11\/28\/tatar-kayseri-erciyes-universitesi-rektoru-ve-beraberindeki-heyeti-kabul-etti\/#article","isPartOf":{"@id":"https:\/\/kuzeyinsesi.org\/index.php\/2024\/11\/28\/tatar-kayseri-erciyes-universitesi-rektoru-ve-beraberindeki-heyeti-kabul-etti\/"},"author":{"name":"Kuzeyin Sesi","@id":"https:\/\/kuzeyinsesi.org\/#\/schema\/person\/9f859689cdf01485597712386e37f5aa"},"headline":"Tatar, Kayseri Erciyes \u00dcniversitesi Rekt\u00f6r\u00fc ve beraberindeki heyeti kabul etti","datePublished":"2024-11-28T17:39:27+00:00","mainEntityOfPage":{"@id":"https:\/\/kuzeyinsesi.org\/index.php\/2024\/11\/28\/tatar-kayseri-erciyes-universitesi-rektoru-ve-beraberindeki-heyeti-kabul-etti\/"},"wordCount":206,"commentCount":0,"image":{"@id":"https:\/\/kuzeyinsesi.org\/index.php\/2024\/11\/28\/tatar-kayseri-erciyes-universitesi-rektoru-ve-beraberindeki-heyeti-kabul-etti\/#primaryimage"},"thumbnailUrl":"https:\/\/kuzeyinsesi.org\/wp-content\/uploads\/2024\/11\/kayseri-erciyes-universitesi-rektoru-ve-beraberindeki-heyeti-kabul-etti-4-.jpeg","articleSection":["T\u00fcrkiye"],"inLanguage":"tr","potentialAction":[{"@type":"CommentAction","name":"Comment","target":["https:\/\/kuzeyinsesi.org\/index.php\/2024\/11\/28\/tatar-kayseri-erciyes-universitesi-rektoru-ve-beraberindeki-heyeti-kabul-etti\/#respond"]}]},{"@type":"WebPage","@id":"https:\/\/kuzeyinsesi.org\/index.php\/2024\/11\/28\/tatar-kayseri-erciyes-universitesi-rektoru-ve-beraberindeki-heyeti-kabul-etti\/","url":"https:\/\/kuzeyinsesi.org\/index.php\/2024\/11\/28\/tatar-kayseri-erciyes-universitesi-rektoru-ve-beraberindeki-heyeti-kabul-etti\/","name":"Tatar, Kayseri Erciyes \u00dcniversitesi Rekt\u00f6r\u00fc ve beraberindeki heyeti kabul etti - Kuzeyin Sesi","isPartOf":{"@id":"https:\/\/kuzeyinsesi.org\/#website"},"primaryImageOfPage":{"@id":"https:\/\/kuzeyinsesi.org\/index.php\/2024\/11\/28\/tatar-kayseri-erciyes-universitesi-rektoru-ve-beraberindeki-heyeti-kabul-etti\/#primaryimage"},"image":{"@id":"https:\/\/kuzeyinsesi.org\/index.php\/2024\/11\/28\/tatar-kayseri-erciyes-universitesi-rektoru-ve-beraberindeki-heyeti-kabul-etti\/#primaryimage"},"thumbnailUrl":"https:\/\/kuzeyinsesi.org\/wp-content\/uploads\/2024\/11\/kayseri-erciyes-universitesi-rektoru-ve-beraberindeki-heyeti-kabul-etti-4-.jpeg","datePublished":"2024-11-28T17:39:27+00:00","author":{"@id":"https:\/\/kuzeyinsesi.org\/#\/schema\/person\/9f859689cdf01485597712386e37f5aa"},"breadcrumb":{"@id":"https:\/\/kuzeyinsesi.org\/index.php\/2024\/11\/28\/tatar-kayseri-erciyes-universitesi-rektoru-ve-beraberindeki-heyeti-kabul-etti\/#breadcrumb"},"inLanguage":"tr","potentialAction":[{"@type":"ReadAction","target":["https:\/\/kuzeyinsesi.org\/index.php\/2024\/11\/28\/tatar-kayseri-erciyes-universitesi-rektoru-ve-beraberindeki-heyeti-kabul-etti\/"]}]},{"@type":"ImageObject","inLanguage":"tr","@id":"https:\/\/kuzeyinsesi.org\/index.php\/2024\/11\/28\/tatar-kayseri-erciyes-universitesi-rektoru-ve-beraberindeki-heyeti-kabul-etti\/#primaryimage","url":"https:\/\/kuzeyinsesi.org\/wp-content\/uploads\/2024\/11\/kayseri-erciyes-universitesi-rektoru-ve-beraberindeki-heyeti-kabul-etti-4-.jpeg","contentUrl":"https:\/\/kuzeyinsesi.org\/wp-content\/uploads\/2024\/11\/kayseri-erciyes-universitesi-rektoru-ve-beraberindeki-heyeti-kabul-etti-4-.jpeg","width":1600,"height":1066},{"@type":"BreadcrumbList","@id":"https:\/\/kuzeyinsesi.org\/index.php\/2024\/11\/28\/tatar-kayseri-erciyes-universitesi-rektoru-ve-beraberindeki-heyeti-kabul-etti\/#breadcrumb","itemListElement":[{"@type":"ListItem","position":1,"name":"Anasayfa","item":"https:\/\/kuzeyinsesi.org\/"},{"@type":"ListItem","position":2,"name":"Tatar, Kayseri Erciyes \u00dcniversitesi Rekt\u00f6r\u00fc ve beraberindeki heyeti kabul etti"}]},{"@type":"WebSite","@id":"https:\/\/kuzeyinsesi.org\/#website","url":"https:\/\/kuzeyinsesi.org\/","name":"Kuzeyin Sesi","description":"Do\u011fru Haberin Adresi","potentialAction":[{"@type":"SearchAction","target":{"@type":"EntryPoint","urlTemplate":"https:\/\/kuzeyinsesi.org\/?s={search_term_string}"},"query-input":{"@type":"PropertyValueSpecification","valueRequired":true,"valueName":"search_term_string"}}],"inLanguage":"tr"},{"@type":"Person","@id":"https:\/\/kuzeyinsesi.org\/#\/schema\/person\/9f859689cdf01485597712386e37f5aa","name":"Kuzeyin Sesi","image":{"@type":"ImageObject","inLanguage":"tr","@id":"https:\/\/secure.gravatar.com\/avatar\/bab33852abfd8b282518d6ed81826833d77c3c882d9ab608add591ccace47a44?s=96&d=mm&r=g","url":"https:\/\/secure.gravatar.com\/avatar\/bab33852abfd8b282518d6ed81826833d77c3c882d9ab608add591ccace47a44?s=96&d=mm&r=g","contentUrl":"https:\/\/secure.gravatar.com\/avatar\/bab33852abfd8b282518d6ed81826833d77c3c882d9ab608add591ccace47a44?s=96&d=mm&r=g","caption":"Kuzeyin Sesi"},"sameAs":["https:\/\/kuzeyinsesi.org"],"url":"https:\/\/kuzeyinsesi.org\/index.php\/author\/guven\/"}]}},"_links":{"self":[{"href":"https:\/\/kuzeyinsesi.org\/index.php\/wp-json\/wp\/v2\/posts\/14535","targetHints":{"allow":["GET"]}}],"collection":[{"href":"https:\/\/kuzeyinsesi.org\/index.php\/wp-json\/wp\/v2\/posts"}],"about":[{"href":"https:\/\/kuzeyinsesi.org\/index.php\/wp-json\/wp\/v2\/types\/post"}],"author":[{"embeddable":true,"href":"https:\/\/kuzeyinsesi.org\/index.php\/wp-json\/wp\/v2\/users\/1"}],"replies":[{"embeddable":true,"href":"https:\/\/kuzeyinsesi.org\/index.php\/wp-json\/wp\/v2\/comments?post=14535"}],"version-history":[{"count":0,"href":"https:\/\/kuzeyinsesi.org\/index.php\/wp-json\/wp\/v2\/posts\/14535\/revisions"}],"wp:featuredmedia":[{"embeddable":true,"href":"https:\/\/kuzeyinsesi.org\/index.php\/wp-json\/wp\/v2\/media\/14536"}],"wp:attachment":[{"href":"https:\/\/kuzeyinsesi.org\/index.php\/wp-json\/wp\/v2\/media?parent=14535"}],"wp:term":[{"taxonomy":"category","embeddable":true,"href":"https:\/\/kuzeyinsesi.org\/index.php\/wp-json\/wp\/v2\/categories?post=14535"},{"taxonomy":"post_tag","embeddable":true,"href":"https:\/\/kuzeyinsesi.org\/index.php\/wp-json\/wp\/v2\/tags?post=14535"}],"curies":[{"name":"wp","href":"https:\/\/api.w.org\/{rel}","templated":true}]}}