{"id":14529,"date":"2024-11-28T19:28:27","date_gmt":"2024-11-28T17:28:27","guid":{"rendered":"https:\/\/kuzeyinsesi.org\/index.php\/2024\/11\/28\/tc-disisleri-bakan-yardimcisi-kemal-bozay-her-2-3-yilda-bir-uyaniyoruz-ve-kibris-konusunda-ayni-federasyon-hikayesiyle-karsilasiyoruz\/"},"modified":"2024-11-28T19:28:27","modified_gmt":"2024-11-28T17:28:27","slug":"tc-disisleri-bakan-yardimcisi-kemal-bozay-her-2-3-yilda-bir-uyaniyoruz-ve-kibris-konusunda-ayni-federasyon-hikayesiyle-karsilasiyoruz","status":"publish","type":"post","link":"https:\/\/kuzeyinsesi.org\/index.php\/2024\/11\/28\/tc-disisleri-bakan-yardimcisi-kemal-bozay-her-2-3-yilda-bir-uyaniyoruz-ve-kibris-konusunda-ayni-federasyon-hikayesiyle-karsilasiyoruz\/","title":{"rendered":"TC D\u0131\u015fi\u015fleri Bakan Yard\u0131mc\u0131s\u0131 Kemal Bozay: Her 2-3 y\u0131lda bir uyan\u0131yoruz ve K\u0131br\u0131s konusunda ayn\u0131 federasyon hikayesiyle kar\u015f\u0131la\u015f\u0131yoruz"},"content":{"rendered":"<div>\n<div class=\"mariselle-image-container center\">\n                                            <\/div>\n<p>T\u00fcrkiye D\u0131\u015fi\u015fleri Bakan Yard\u0131mc\u0131s\u0131 ve Avrupa Birli\u011fi (AB) Ba\u015fkan\u0131 B\u00fcy\u00fckel\u00e7i Mehmet Kemal Bozay, K\u0131br\u0131s meselesinde, her 2-3 y\u0131lda bir uyanarak ayn\u0131 federasyon hikayesiyle kar\u015f\u0131la\u015ft\u0131klar\u0131n\u0131 kaydederek, yeni bir \u015feye ihtiya\u00e7 oldu\u011funu vurgulad\u0131.<\/p>\n<p>K\u0131br\u0131s meselesini, ili\u015fkilerdeki t\u0131kanma noktalar\u0131ndan biri olarak tan\u0131mlayan B\u00fcy\u00fckel\u00e7i Bozay, K\u0131br\u0131s konusunda ger\u00e7ek \u00e7\u00f6z\u00fcm\u00fcn aranmas\u0131 gerekti\u011fini belirtti, \u201cdiyalo\u011fa a\u00e7\u0131k\u201d olduklar\u0131na i\u015faret etti. <\/p>\n<p>Bozay, \u201cHer 2-3 y\u0131lda bir uyan\u0131yoruz ve ayn\u0131 federasyon hikayesiyle kar\u015f\u0131la\u015f\u0131yoruz. Annan Plan\u0131\u2019nda ve Crans-Montana\u2019da g\u00f6r\u00fc\u015fmeler ba\u015far\u0131s\u0131z oldu ama sonra tekrardan pi\u015firilip birka\u00e7 defa \u00f6n\u00fcm\u00fcze kondu. Bu y\u00fczden, yeni bir \u015feye ihtiyac\u0131m\u0131z var.\u201d diye konu\u015ftu.<\/p>\n<p>T\u00fcrkiye TOBB Ekonomi ve Teknoloji \u00dcniversitesi (ET\u00dc) Siyaset ve Uluslararas\u0131 \u0130li\u015fkiler Toplulu\u011funca, Ankara\u2019da \u201cAB-T\u00fcrkiye \u0130li\u015fkilerindeki Mevcut Dinamikler ve Zorluklar\u201d paneli d\u00fczenlendi.<\/p>\n<p>Panele, T\u00fcrkiye D\u0131\u015fi\u015fleri Bakan Yard\u0131mc\u0131s\u0131 ve Avrupa Birli\u011fi (AB) Ba\u015fkan\u0131 B\u00fcy\u00fckel\u00e7i Bozay ve AB T\u00fcrkiye Delegasyonu Ba\u015fkan\u0131 B\u00fcy\u00fckel\u00e7i Thomas Hans Ossowski panelist olarak kat\u0131ld\u0131.<\/p>\n<p>Bozay, burada yapt\u0131\u011f\u0131 konu\u015fmada, Avrupa\u2019n\u0131n ekonomik g\u00fcvenli\u011finin herkes i\u00e7in \u00f6nem arz etti\u011fini vurgulayarak, T\u00fcrkiye\u2019nin buna katk\u0131 sa\u011flayabilece\u011fine dikkati \u00e7ekti.<\/p>\n<p>AB Komisyonu 2024 T\u00fcrkiye Raporu\u2019nda \u00fclkenin yeniden ili\u015fkileri g\u00fc\u00e7lendirme gayretlerine yer verildi\u011fine i\u015faret eden Bozay, \u201c15 Temmuz 2019\u2019daki (AB D\u0131\u015f \u0130li\u015fkiler) Konsey karar\u0131yla getirilen k\u0131s\u0131tlamalar\u0131n kald\u0131r\u0131lmas\u0131n\u0131 bekliyoruz. \u00dcyelik s\u00fcrecinin canland\u0131r\u0131lmas\u0131 ve G\u00fcmr\u00fck Birli\u011fi modernizasyonu i\u00e7in birlikte \u00e7al\u0131\u015fmal\u0131y\u0131z.\u201d dedi.<\/p>\n<p>Bozay, AB\u2019nin dijitalle\u015fme ve ye\u015fil d\u00f6n\u00fc\u015f\u00fcm hedeflerinin T\u00fcrkiye\u2019nin ayn\u0131 konudaki hedefleriyle \u00f6rt\u00fc\u015ft\u00fc\u011f\u00fcn\u00fc dile getirdi.<\/p>\n<p>\u2013 Stratejik partnerlik<\/p>\n<p>B\u00fcy\u00fckel\u00e7i Ossowski, \u201cT\u00fcrkiye, bizim i\u00e7in kesinlikle stratejik bir ortak.\u201d diyerek, taraflar\u0131n ili\u015fkileri yeniden canland\u0131rmaya karar verdi\u011fi bir d\u00f6nemde g\u00f6reve ba\u015flamaktan memnuniyet duydu\u011funu belirtti.<\/p>\n<p>T\u00fcrk yetkililerle yapt\u0131\u011f\u0131 g\u00f6r\u00fc\u015fmelerdeki izlenimini aktaran Ossowski, T\u00fcrkiye i\u00e7in \u00fcyelik s\u00fcrecinin hala stratejik hedef oldu\u011funu kaydetti.<\/p>\n<p>Ossowski, G\u00fcmr\u00fck Birli\u011finin g\u00fcncellenmesi, vize serbestisi ve y\u00fcksek d\u00fczeyli diyalo\u011fun art\u0131r\u0131lmas\u0131 gibi konular\u0131n taraflar\u0131n g\u00fcndeminde oldu\u011funa de\u011finerek, \u00e7e\u015fitli alanlarda ili\u015fkileri g\u00fc\u00e7lendirebileceklerini vurgulad\u0131.<\/p>\n<p>Taraflar\u0131n ortak \u00e7abas\u0131yla ilerleme sa\u011flanabilece\u011fini anlatan Ossowski, \u201cBu temelde yap\u0131c\u0131 \u015fekilde \u00e7al\u0131\u015fabilece\u011fimize inan\u0131yorum.\u201d dedi.<\/p>\n<p>Ossowski, T\u00fcrkiye ile AB aras\u0131ndaki baz\u0131 anla\u015fmazl\u0131klara dikkati \u00e7ekerek, ilerleme sa\u011flamak i\u00e7in diyalog yollar\u0131n\u0131 a\u00e7\u0131k tutmalar\u0131 gerekti\u011finin alt\u0131n\u0131 \u00e7izdi.<\/p>\n<\/p><\/div>\n<p><script async\n                    defer\n                    crossorigin=\"anonymous\"\n                    src=\"https:\/\/connect.facebook.net\/tr_TR\/sdk.js#xfbml=1&#038;version=v3.3\"\n            ><\/script><\/p>\n","protected":false},"excerpt":{"rendered":"<p>T\u00fcrkiye D\u0131\u015fi\u015fleri Bakan Yard\u0131mc\u0131s\u0131 ve Avrupa Birli\u011fi (AB) Ba\u015fkan\u0131 B\u00fcy\u00fckel\u00e7i Mehmet Kemal Bozay, K\u0131br\u0131s meselesinde, her 2-3 y\u0131lda bir uyanarak ayn\u0131 federasyon hikayesiyle kar\u015f\u0131la\u015ft\u0131klar\u0131n\u0131 kaydederek, yeni bir \u015feye ihtiya\u00e7 oldu\u011funu vurgulad\u0131. K\u0131br\u0131s meselesini, ili\u015fkilerdeki t\u0131kanma noktalar\u0131ndan biri olarak tan\u0131mlayan B\u00fcy\u00fckel\u00e7i Bozay, K\u0131br\u0131s konusunda ger\u00e7ek \u00e7\u00f6z\u00fcm\u00fcn aranmas\u0131 gerekti\u011fini belirtti, \u201cdiyalo\u011fa a\u00e7\u0131k\u201d olduklar\u0131na i\u015faret etti. Bozay, \u201cHer [&hellip;]<\/p>\n","protected":false},"author":1,"featured_media":14530,"comment_status":"open","ping_status":"open","sticky":false,"template":"","format":"standard","meta":{"jnews-multi-image_gallery":[],"jnews_single_post":[],"jnews_primary_category":[],"jnews_social_meta":[],"jnews_override_counter":[],"footnotes":""},"categories":[5],"tags":[],"class_list":["post-14529","post","type-post","status-publish","format-standard","has-post-thumbnail","hentry","category-turkiye"],"yoast_head":"<!-- This site is optimized with the Yoast SEO plugin v27.4 - https:\/\/yoast.com\/product\/yoast-seo-wordpress\/ -->\n<title>TC D\u0131\u015fi\u015fleri Bakan Yard\u0131mc\u0131s\u0131 Kemal Bozay: Her 2-3 y\u0131lda bir uyan\u0131yoruz ve K\u0131br\u0131s konusunda ayn\u0131 federasyon hikayesiyle kar\u015f\u0131la\u015f\u0131yoruz - Kuzeyin Sesi<\/title>\n<meta name=\"robots\" content=\"index, follow, max-snippet:-1, max-image-preview:large, max-video-preview:-1\" \/>\n<link rel=\"canonical\" href=\"https:\/\/kuzeyinsesi.org\/index.php\/2024\/11\/28\/tc-disisleri-bakan-yardimcisi-kemal-bozay-her-2-3-yilda-bir-uyaniyoruz-ve-kibris-konusunda-ayni-federasyon-hikayesiyle-karsilasiyoruz\/\" \/>\n<meta property=\"og:locale\" content=\"tr_TR\" \/>\n<meta property=\"og:type\" content=\"article\" \/>\n<meta property=\"og:title\" content=\"TC D\u0131\u015fi\u015fleri Bakan Yard\u0131mc\u0131s\u0131 Kemal Bozay: Her 2-3 y\u0131lda bir uyan\u0131yoruz ve K\u0131br\u0131s konusunda ayn\u0131 federasyon hikayesiyle kar\u015f\u0131la\u015f\u0131yoruz - Kuzeyin Sesi\" \/>\n<meta property=\"og:description\" content=\"T\u00fcrkiye D\u0131\u015fi\u015fleri Bakan Yard\u0131mc\u0131s\u0131 ve Avrupa Birli\u011fi (AB) Ba\u015fkan\u0131 B\u00fcy\u00fckel\u00e7i Mehmet Kemal Bozay, K\u0131br\u0131s meselesinde, her 2-3 y\u0131lda bir uyanarak ayn\u0131 federasyon hikayesiyle kar\u015f\u0131la\u015ft\u0131klar\u0131n\u0131 kaydederek, yeni bir \u015feye ihtiya\u00e7 oldu\u011funu vurgulad\u0131. K\u0131br\u0131s meselesini, ili\u015fkilerdeki t\u0131kanma noktalar\u0131ndan biri olarak tan\u0131mlayan B\u00fcy\u00fckel\u00e7i Bozay, K\u0131br\u0131s konusunda ger\u00e7ek \u00e7\u00f6z\u00fcm\u00fcn aranmas\u0131 gerekti\u011fini belirtti, \u201cdiyalo\u011fa a\u00e7\u0131k\u201d olduklar\u0131na i\u015faret etti. Bozay, \u201cHer [&hellip;]\" \/>\n<meta property=\"og:url\" content=\"https:\/\/kuzeyinsesi.org\/index.php\/2024\/11\/28\/tc-disisleri-bakan-yardimcisi-kemal-bozay-her-2-3-yilda-bir-uyaniyoruz-ve-kibris-konusunda-ayni-federasyon-hikayesiyle-karsilasiyoruz\/\" \/>\n<meta property=\"og:site_name\" content=\"Kuzeyin Sesi\" \/>\n<meta property=\"article:publisher\" content=\"https:\/\/www.facebook.com\/kuzeyinsesii\" \/>\n<meta property=\"article:published_time\" content=\"2024-11-28T17:28:27+00:00\" \/>\n<meta property=\"og:image\" content=\"https:\/\/brtk.net\/wp-content\/uploads\/2024\/11\/28\/thumbs-b-c-5bf1ff4936643b049a49b025fc13c183.jpg?ver=5a1f56385415320d47638437411da14d\" \/>\n<meta name=\"author\" content=\"Kuzeyin Sesi\" \/>\n<meta name=\"twitter:card\" content=\"summary_large_image\" \/>\n<meta name=\"twitter:creator\" content=\"@kuzeyinsesii\" \/>\n<meta name=\"twitter:site\" content=\"@kuzeyinsesii\" \/>\n<meta name=\"twitter:label1\" content=\"Yazan:\" \/>\n\t<meta name=\"twitter:data1\" content=\"Kuzeyin Sesi\" \/>\n\t<meta name=\"twitter:label2\" content=\"Tahmini okuma s\u00fcresi\" \/>\n\t<meta name=\"twitter:data2\" content=\"2 dakika\" \/>\n<script type=\"application\/ld+json\" class=\"yoast-schema-graph\">{\"@context\":\"https:\\\/\\\/schema.org\",\"@graph\":[{\"@type\":\"Article\",\"@id\":\"https:\\\/\\\/kuzeyinsesi.org\\\/index.php\\\/2024\\\/11\\\/28\\\/tc-disisleri-bakan-yardimcisi-kemal-bozay-her-2-3-yilda-bir-uyaniyoruz-ve-kibris-konusunda-ayni-federasyon-hikayesiyle-karsilasiyoruz\\\/#article\",\"isPartOf\":{\"@id\":\"https:\\\/\\\/kuzeyinsesi.org\\\/index.php\\\/2024\\\/11\\\/28\\\/tc-disisleri-bakan-yardimcisi-kemal-bozay-her-2-3-yilda-bir-uyaniyoruz-ve-kibris-konusunda-ayni-federasyon-hikayesiyle-karsilasiyoruz\\\/\"},\"author\":{\"name\":\"Kuzeyin Sesi\",\"@id\":\"https:\\\/\\\/kuzeyinsesi.org\\\/#\\\/schema\\\/person\\\/9f859689cdf01485597712386e37f5aa\"},\"headline\":\"TC D\u0131\u015fi\u015fleri Bakan Yard\u0131mc\u0131s\u0131 Kemal Bozay: Her 2-3 y\u0131lda bir uyan\u0131yoruz ve K\u0131br\u0131s konusunda ayn\u0131 federasyon hikayesiyle kar\u015f\u0131la\u015f\u0131yoruz\",\"datePublished\":\"2024-11-28T17:28:27+00:00\",\"mainEntityOfPage\":{\"@id\":\"https:\\\/\\\/kuzeyinsesi.org\\\/index.php\\\/2024\\\/11\\\/28\\\/tc-disisleri-bakan-yardimcisi-kemal-bozay-her-2-3-yilda-bir-uyaniyoruz-ve-kibris-konusunda-ayni-federasyon-hikayesiyle-karsilasiyoruz\\\/\"},\"wordCount\":503,\"commentCount\":0,\"image\":{\"@id\":\"https:\\\/\\\/kuzeyinsesi.org\\\/index.php\\\/2024\\\/11\\\/28\\\/tc-disisleri-bakan-yardimcisi-kemal-bozay-her-2-3-yilda-bir-uyaniyoruz-ve-kibris-konusunda-ayni-federasyon-hikayesiyle-karsilasiyoruz\\\/#primaryimage\"},\"thumbnailUrl\":\"https:\\\/\\\/kuzeyinsesi.org\\\/wp-content\\\/uploads\\\/2024\\\/11\\\/thumbs-b-c-5bf1ff4936643b049a49b025fc13c183.jpg\",\"articleSection\":[\"T\u00fcrkiye\"],\"inLanguage\":\"tr\",\"potentialAction\":[{\"@type\":\"CommentAction\",\"name\":\"Comment\",\"target\":[\"https:\\\/\\\/kuzeyinsesi.org\\\/index.php\\\/2024\\\/11\\\/28\\\/tc-disisleri-bakan-yardimcisi-kemal-bozay-her-2-3-yilda-bir-uyaniyoruz-ve-kibris-konusunda-ayni-federasyon-hikayesiyle-karsilasiyoruz\\\/#respond\"]}]},{\"@type\":\"WebPage\",\"@id\":\"https:\\\/\\\/kuzeyinsesi.org\\\/index.php\\\/2024\\\/11\\\/28\\\/tc-disisleri-bakan-yardimcisi-kemal-bozay-her-2-3-yilda-bir-uyaniyoruz-ve-kibris-konusunda-ayni-federasyon-hikayesiyle-karsilasiyoruz\\\/\",\"url\":\"https:\\\/\\\/kuzeyinsesi.org\\\/index.php\\\/2024\\\/11\\\/28\\\/tc-disisleri-bakan-yardimcisi-kemal-bozay-her-2-3-yilda-bir-uyaniyoruz-ve-kibris-konusunda-ayni-federasyon-hikayesiyle-karsilasiyoruz\\\/\",\"name\":\"TC D\u0131\u015fi\u015fleri Bakan Yard\u0131mc\u0131s\u0131 Kemal Bozay: Her 2-3 y\u0131lda bir uyan\u0131yoruz ve K\u0131br\u0131s konusunda ayn\u0131 federasyon hikayesiyle kar\u015f\u0131la\u015f\u0131yoruz - Kuzeyin Sesi\",\"isPartOf\":{\"@id\":\"https:\\\/\\\/kuzeyinsesi.org\\\/#website\"},\"primaryImageOfPage\":{\"@id\":\"https:\\\/\\\/kuzeyinsesi.org\\\/index.php\\\/2024\\\/11\\\/28\\\/tc-disisleri-bakan-yardimcisi-kemal-bozay-her-2-3-yilda-bir-uyaniyoruz-ve-kibris-konusunda-ayni-federasyon-hikayesiyle-karsilasiyoruz\\\/#primaryimage\"},\"image\":{\"@id\":\"https:\\\/\\\/kuzeyinsesi.org\\\/index.php\\\/2024\\\/11\\\/28\\\/tc-disisleri-bakan-yardimcisi-kemal-bozay-her-2-3-yilda-bir-uyaniyoruz-ve-kibris-konusunda-ayni-federasyon-hikayesiyle-karsilasiyoruz\\\/#primaryimage\"},\"thumbnailUrl\":\"https:\\\/\\\/kuzeyinsesi.org\\\/wp-content\\\/uploads\\\/2024\\\/11\\\/thumbs-b-c-5bf1ff4936643b049a49b025fc13c183.jpg\",\"datePublished\":\"2024-11-28T17:28:27+00:00\",\"author\":{\"@id\":\"https:\\\/\\\/kuzeyinsesi.org\\\/#\\\/schema\\\/person\\\/9f859689cdf01485597712386e37f5aa\"},\"breadcrumb\":{\"@id\":\"https:\\\/\\\/kuzeyinsesi.org\\\/index.php\\\/2024\\\/11\\\/28\\\/tc-disisleri-bakan-yardimcisi-kemal-bozay-her-2-3-yilda-bir-uyaniyoruz-ve-kibris-konusunda-ayni-federasyon-hikayesiyle-karsilasiyoruz\\\/#breadcrumb\"},\"inLanguage\":\"tr\",\"potentialAction\":[{\"@type\":\"ReadAction\",\"target\":[\"https:\\\/\\\/kuzeyinsesi.org\\\/index.php\\\/2024\\\/11\\\/28\\\/tc-disisleri-bakan-yardimcisi-kemal-bozay-her-2-3-yilda-bir-uyaniyoruz-ve-kibris-konusunda-ayni-federasyon-hikayesiyle-karsilasiyoruz\\\/\"]}]},{\"@type\":\"ImageObject\",\"inLanguage\":\"tr\",\"@id\":\"https:\\\/\\\/kuzeyinsesi.org\\\/index.php\\\/2024\\\/11\\\/28\\\/tc-disisleri-bakan-yardimcisi-kemal-bozay-her-2-3-yilda-bir-uyaniyoruz-ve-kibris-konusunda-ayni-federasyon-hikayesiyle-karsilasiyoruz\\\/#primaryimage\",\"url\":\"https:\\\/\\\/kuzeyinsesi.org\\\/wp-content\\\/uploads\\\/2024\\\/11\\\/thumbs-b-c-5bf1ff4936643b049a49b025fc13c183.jpg\",\"contentUrl\":\"https:\\\/\\\/kuzeyinsesi.org\\\/wp-content\\\/uploads\\\/2024\\\/11\\\/thumbs-b-c-5bf1ff4936643b049a49b025fc13c183.jpg\",\"width\":864,\"height\":486},{\"@type\":\"BreadcrumbList\",\"@id\":\"https:\\\/\\\/kuzeyinsesi.org\\\/index.php\\\/2024\\\/11\\\/28\\\/tc-disisleri-bakan-yardimcisi-kemal-bozay-her-2-3-yilda-bir-uyaniyoruz-ve-kibris-konusunda-ayni-federasyon-hikayesiyle-karsilasiyoruz\\\/#breadcrumb\",\"itemListElement\":[{\"@type\":\"ListItem\",\"position\":1,\"name\":\"Anasayfa\",\"item\":\"https:\\\/\\\/kuzeyinsesi.org\\\/\"},{\"@type\":\"ListItem\",\"position\":2,\"name\":\"TC D\u0131\u015fi\u015fleri Bakan Yard\u0131mc\u0131s\u0131 Kemal Bozay: Her 2-3 y\u0131lda bir uyan\u0131yoruz ve K\u0131br\u0131s konusunda ayn\u0131 federasyon hikayesiyle kar\u015f\u0131la\u015f\u0131yoruz\"}]},{\"@type\":\"WebSite\",\"@id\":\"https:\\\/\\\/kuzeyinsesi.org\\\/#website\",\"url\":\"https:\\\/\\\/kuzeyinsesi.org\\\/\",\"name\":\"Kuzeyin Sesi\",\"description\":\"Do\u011fru Haberin Adresi\",\"potentialAction\":[{\"@type\":\"SearchAction\",\"target\":{\"@type\":\"EntryPoint\",\"urlTemplate\":\"https:\\\/\\\/kuzeyinsesi.org\\\/?s={search_term_string}\"},\"query-input\":{\"@type\":\"PropertyValueSpecification\",\"valueRequired\":true,\"valueName\":\"search_term_string\"}}],\"inLanguage\":\"tr\"},{\"@type\":\"Person\",\"@id\":\"https:\\\/\\\/kuzeyinsesi.org\\\/#\\\/schema\\\/person\\\/9f859689cdf01485597712386e37f5aa\",\"name\":\"Kuzeyin Sesi\",\"image\":{\"@type\":\"ImageObject\",\"inLanguage\":\"tr\",\"@id\":\"https:\\\/\\\/secure.gravatar.com\\\/avatar\\\/bab33852abfd8b282518d6ed81826833d77c3c882d9ab608add591ccace47a44?s=96&d=mm&r=g\",\"url\":\"https:\\\/\\\/secure.gravatar.com\\\/avatar\\\/bab33852abfd8b282518d6ed81826833d77c3c882d9ab608add591ccace47a44?s=96&d=mm&r=g\",\"contentUrl\":\"https:\\\/\\\/secure.gravatar.com\\\/avatar\\\/bab33852abfd8b282518d6ed81826833d77c3c882d9ab608add591ccace47a44?s=96&d=mm&r=g\",\"caption\":\"Kuzeyin Sesi\"},\"sameAs\":[\"https:\\\/\\\/kuzeyinsesi.org\"],\"url\":\"https:\\\/\\\/kuzeyinsesi.org\\\/index.php\\\/author\\\/guven\\\/\"}]}<\/script>\n<!-- \/ Yoast SEO plugin. -->","yoast_head_json":{"title":"TC D\u0131\u015fi\u015fleri Bakan Yard\u0131mc\u0131s\u0131 Kemal Bozay: Her 2-3 y\u0131lda bir uyan\u0131yoruz ve K\u0131br\u0131s konusunda ayn\u0131 federasyon hikayesiyle kar\u015f\u0131la\u015f\u0131yoruz - Kuzeyin Sesi","robots":{"index":"index","follow":"follow","max-snippet":"max-snippet:-1","max-image-preview":"max-image-preview:large","max-video-preview":"max-video-preview:-1"},"canonical":"https:\/\/kuzeyinsesi.org\/index.php\/2024\/11\/28\/tc-disisleri-bakan-yardimcisi-kemal-bozay-her-2-3-yilda-bir-uyaniyoruz-ve-kibris-konusunda-ayni-federasyon-hikayesiyle-karsilasiyoruz\/","og_locale":"tr_TR","og_type":"article","og_title":"TC D\u0131\u015fi\u015fleri Bakan Yard\u0131mc\u0131s\u0131 Kemal Bozay: Her 2-3 y\u0131lda bir uyan\u0131yoruz ve K\u0131br\u0131s konusunda ayn\u0131 federasyon hikayesiyle kar\u015f\u0131la\u015f\u0131yoruz - Kuzeyin Sesi","og_description":"T\u00fcrkiye D\u0131\u015fi\u015fleri Bakan Yard\u0131mc\u0131s\u0131 ve Avrupa Birli\u011fi (AB) Ba\u015fkan\u0131 B\u00fcy\u00fckel\u00e7i Mehmet Kemal Bozay, K\u0131br\u0131s meselesinde, her 2-3 y\u0131lda bir uyanarak ayn\u0131 federasyon hikayesiyle kar\u015f\u0131la\u015ft\u0131klar\u0131n\u0131 kaydederek, yeni bir \u015feye ihtiya\u00e7 oldu\u011funu vurgulad\u0131. K\u0131br\u0131s meselesini, ili\u015fkilerdeki t\u0131kanma noktalar\u0131ndan biri olarak tan\u0131mlayan B\u00fcy\u00fckel\u00e7i Bozay, K\u0131br\u0131s konusunda ger\u00e7ek \u00e7\u00f6z\u00fcm\u00fcn aranmas\u0131 gerekti\u011fini belirtti, \u201cdiyalo\u011fa a\u00e7\u0131k\u201d olduklar\u0131na i\u015faret etti. Bozay, \u201cHer [&hellip;]","og_url":"https:\/\/kuzeyinsesi.org\/index.php\/2024\/11\/28\/tc-disisleri-bakan-yardimcisi-kemal-bozay-her-2-3-yilda-bir-uyaniyoruz-ve-kibris-konusunda-ayni-federasyon-hikayesiyle-karsilasiyoruz\/","og_site_name":"Kuzeyin Sesi","article_publisher":"https:\/\/www.facebook.com\/kuzeyinsesii","article_published_time":"2024-11-28T17:28:27+00:00","og_image":[{"url":"https:\/\/brtk.net\/wp-content\/uploads\/2024\/11\/28\/thumbs-b-c-5bf1ff4936643b049a49b025fc13c183.jpg?ver=5a1f56385415320d47638437411da14d","type":"","width":"","height":""}],"author":"Kuzeyin Sesi","twitter_card":"summary_large_image","twitter_creator":"@kuzeyinsesii","twitter_site":"@kuzeyinsesii","twitter_misc":{"Yazan:":"Kuzeyin Sesi","Tahmini okuma s\u00fcresi":"2 dakika"},"schema":{"@context":"https:\/\/schema.org","@graph":[{"@type":"Article","@id":"https:\/\/kuzeyinsesi.org\/index.php\/2024\/11\/28\/tc-disisleri-bakan-yardimcisi-kemal-bozay-her-2-3-yilda-bir-uyaniyoruz-ve-kibris-konusunda-ayni-federasyon-hikayesiyle-karsilasiyoruz\/#article","isPartOf":{"@id":"https:\/\/kuzeyinsesi.org\/index.php\/2024\/11\/28\/tc-disisleri-bakan-yardimcisi-kemal-bozay-her-2-3-yilda-bir-uyaniyoruz-ve-kibris-konusunda-ayni-federasyon-hikayesiyle-karsilasiyoruz\/"},"author":{"name":"Kuzeyin Sesi","@id":"https:\/\/kuzeyinsesi.org\/#\/schema\/person\/9f859689cdf01485597712386e37f5aa"},"headline":"TC D\u0131\u015fi\u015fleri Bakan Yard\u0131mc\u0131s\u0131 Kemal Bozay: Her 2-3 y\u0131lda bir uyan\u0131yoruz ve K\u0131br\u0131s konusunda ayn\u0131 federasyon hikayesiyle kar\u015f\u0131la\u015f\u0131yoruz","datePublished":"2024-11-28T17:28:27+00:00","mainEntityOfPage":{"@id":"https:\/\/kuzeyinsesi.org\/index.php\/2024\/11\/28\/tc-disisleri-bakan-yardimcisi-kemal-bozay-her-2-3-yilda-bir-uyaniyoruz-ve-kibris-konusunda-ayni-federasyon-hikayesiyle-karsilasiyoruz\/"},"wordCount":503,"commentCount":0,"image":{"@id":"https:\/\/kuzeyinsesi.org\/index.php\/2024\/11\/28\/tc-disisleri-bakan-yardimcisi-kemal-bozay-her-2-3-yilda-bir-uyaniyoruz-ve-kibris-konusunda-ayni-federasyon-hikayesiyle-karsilasiyoruz\/#primaryimage"},"thumbnailUrl":"https:\/\/kuzeyinsesi.org\/wp-content\/uploads\/2024\/11\/thumbs-b-c-5bf1ff4936643b049a49b025fc13c183.jpg","articleSection":["T\u00fcrkiye"],"inLanguage":"tr","potentialAction":[{"@type":"CommentAction","name":"Comment","target":["https:\/\/kuzeyinsesi.org\/index.php\/2024\/11\/28\/tc-disisleri-bakan-yardimcisi-kemal-bozay-her-2-3-yilda-bir-uyaniyoruz-ve-kibris-konusunda-ayni-federasyon-hikayesiyle-karsilasiyoruz\/#respond"]}]},{"@type":"WebPage","@id":"https:\/\/kuzeyinsesi.org\/index.php\/2024\/11\/28\/tc-disisleri-bakan-yardimcisi-kemal-bozay-her-2-3-yilda-bir-uyaniyoruz-ve-kibris-konusunda-ayni-federasyon-hikayesiyle-karsilasiyoruz\/","url":"https:\/\/kuzeyinsesi.org\/index.php\/2024\/11\/28\/tc-disisleri-bakan-yardimcisi-kemal-bozay-her-2-3-yilda-bir-uyaniyoruz-ve-kibris-konusunda-ayni-federasyon-hikayesiyle-karsilasiyoruz\/","name":"TC D\u0131\u015fi\u015fleri Bakan Yard\u0131mc\u0131s\u0131 Kemal Bozay: Her 2-3 y\u0131lda bir uyan\u0131yoruz ve K\u0131br\u0131s konusunda ayn\u0131 federasyon hikayesiyle kar\u015f\u0131la\u015f\u0131yoruz - Kuzeyin Sesi","isPartOf":{"@id":"https:\/\/kuzeyinsesi.org\/#website"},"primaryImageOfPage":{"@id":"https:\/\/kuzeyinsesi.org\/index.php\/2024\/11\/28\/tc-disisleri-bakan-yardimcisi-kemal-bozay-her-2-3-yilda-bir-uyaniyoruz-ve-kibris-konusunda-ayni-federasyon-hikayesiyle-karsilasiyoruz\/#primaryimage"},"image":{"@id":"https:\/\/kuzeyinsesi.org\/index.php\/2024\/11\/28\/tc-disisleri-bakan-yardimcisi-kemal-bozay-her-2-3-yilda-bir-uyaniyoruz-ve-kibris-konusunda-ayni-federasyon-hikayesiyle-karsilasiyoruz\/#primaryimage"},"thumbnailUrl":"https:\/\/kuzeyinsesi.org\/wp-content\/uploads\/2024\/11\/thumbs-b-c-5bf1ff4936643b049a49b025fc13c183.jpg","datePublished":"2024-11-28T17:28:27+00:00","author":{"@id":"https:\/\/kuzeyinsesi.org\/#\/schema\/person\/9f859689cdf01485597712386e37f5aa"},"breadcrumb":{"@id":"https:\/\/kuzeyinsesi.org\/index.php\/2024\/11\/28\/tc-disisleri-bakan-yardimcisi-kemal-bozay-her-2-3-yilda-bir-uyaniyoruz-ve-kibris-konusunda-ayni-federasyon-hikayesiyle-karsilasiyoruz\/#breadcrumb"},"inLanguage":"tr","potentialAction":[{"@type":"ReadAction","target":["https:\/\/kuzeyinsesi.org\/index.php\/2024\/11\/28\/tc-disisleri-bakan-yardimcisi-kemal-bozay-her-2-3-yilda-bir-uyaniyoruz-ve-kibris-konusunda-ayni-federasyon-hikayesiyle-karsilasiyoruz\/"]}]},{"@type":"ImageObject","inLanguage":"tr","@id":"https:\/\/kuzeyinsesi.org\/index.php\/2024\/11\/28\/tc-disisleri-bakan-yardimcisi-kemal-bozay-her-2-3-yilda-bir-uyaniyoruz-ve-kibris-konusunda-ayni-federasyon-hikayesiyle-karsilasiyoruz\/#primaryimage","url":"https:\/\/kuzeyinsesi.org\/wp-content\/uploads\/2024\/11\/thumbs-b-c-5bf1ff4936643b049a49b025fc13c183.jpg","contentUrl":"https:\/\/kuzeyinsesi.org\/wp-content\/uploads\/2024\/11\/thumbs-b-c-5bf1ff4936643b049a49b025fc13c183.jpg","width":864,"height":486},{"@type":"BreadcrumbList","@id":"https:\/\/kuzeyinsesi.org\/index.php\/2024\/11\/28\/tc-disisleri-bakan-yardimcisi-kemal-bozay-her-2-3-yilda-bir-uyaniyoruz-ve-kibris-konusunda-ayni-federasyon-hikayesiyle-karsilasiyoruz\/#breadcrumb","itemListElement":[{"@type":"ListItem","position":1,"name":"Anasayfa","item":"https:\/\/kuzeyinsesi.org\/"},{"@type":"ListItem","position":2,"name":"TC D\u0131\u015fi\u015fleri Bakan Yard\u0131mc\u0131s\u0131 Kemal Bozay: Her 2-3 y\u0131lda bir uyan\u0131yoruz ve K\u0131br\u0131s konusunda ayn\u0131 federasyon hikayesiyle kar\u015f\u0131la\u015f\u0131yoruz"}]},{"@type":"WebSite","@id":"https:\/\/kuzeyinsesi.org\/#website","url":"https:\/\/kuzeyinsesi.org\/","name":"Kuzeyin Sesi","description":"Do\u011fru Haberin Adresi","potentialAction":[{"@type":"SearchAction","target":{"@type":"EntryPoint","urlTemplate":"https:\/\/kuzeyinsesi.org\/?s={search_term_string}"},"query-input":{"@type":"PropertyValueSpecification","valueRequired":true,"valueName":"search_term_string"}}],"inLanguage":"tr"},{"@type":"Person","@id":"https:\/\/kuzeyinsesi.org\/#\/schema\/person\/9f859689cdf01485597712386e37f5aa","name":"Kuzeyin Sesi","image":{"@type":"ImageObject","inLanguage":"tr","@id":"https:\/\/secure.gravatar.com\/avatar\/bab33852abfd8b282518d6ed81826833d77c3c882d9ab608add591ccace47a44?s=96&d=mm&r=g","url":"https:\/\/secure.gravatar.com\/avatar\/bab33852abfd8b282518d6ed81826833d77c3c882d9ab608add591ccace47a44?s=96&d=mm&r=g","contentUrl":"https:\/\/secure.gravatar.com\/avatar\/bab33852abfd8b282518d6ed81826833d77c3c882d9ab608add591ccace47a44?s=96&d=mm&r=g","caption":"Kuzeyin Sesi"},"sameAs":["https:\/\/kuzeyinsesi.org"],"url":"https:\/\/kuzeyinsesi.org\/index.php\/author\/guven\/"}]}},"_links":{"self":[{"href":"https:\/\/kuzeyinsesi.org\/index.php\/wp-json\/wp\/v2\/posts\/14529","targetHints":{"allow":["GET"]}}],"collection":[{"href":"https:\/\/kuzeyinsesi.org\/index.php\/wp-json\/wp\/v2\/posts"}],"about":[{"href":"https:\/\/kuzeyinsesi.org\/index.php\/wp-json\/wp\/v2\/types\/post"}],"author":[{"embeddable":true,"href":"https:\/\/kuzeyinsesi.org\/index.php\/wp-json\/wp\/v2\/users\/1"}],"replies":[{"embeddable":true,"href":"https:\/\/kuzeyinsesi.org\/index.php\/wp-json\/wp\/v2\/comments?post=14529"}],"version-history":[{"count":0,"href":"https:\/\/kuzeyinsesi.org\/index.php\/wp-json\/wp\/v2\/posts\/14529\/revisions"}],"wp:featuredmedia":[{"embeddable":true,"href":"https:\/\/kuzeyinsesi.org\/index.php\/wp-json\/wp\/v2\/media\/14530"}],"wp:attachment":[{"href":"https:\/\/kuzeyinsesi.org\/index.php\/wp-json\/wp\/v2\/media?parent=14529"}],"wp:term":[{"taxonomy":"category","embeddable":true,"href":"https:\/\/kuzeyinsesi.org\/index.php\/wp-json\/wp\/v2\/categories?post=14529"},{"taxonomy":"post_tag","embeddable":true,"href":"https:\/\/kuzeyinsesi.org\/index.php\/wp-json\/wp\/v2\/tags?post=14529"}],"curies":[{"name":"wp","href":"https:\/\/api.w.org\/{rel}","templated":true}]}}